{"id":56775,"date":"2024-07-15T11:53:27","date_gmt":"2024-07-15T14:53:27","guid":{"rendered":"https:\/\/ismaelcolosi.com.br\/index.php\/2024\/07\/15\/briga-de-vizinhos-termina-com-esfaqueado-na-cabeca-em-ribeirao-preto\/"},"modified":"2024-07-15T11:53:27","modified_gmt":"2024-07-15T14:53:27","slug":"briga-de-vizinhos-termina-com-esfaqueado-na-cabeca-em-ribeirao-preto","status":"publish","type":"post","link":"https:\/\/ismaelcolosi.com.br\/index.php\/2024\/07\/15\/briga-de-vizinhos-termina-com-esfaqueado-na-cabeca-em-ribeirao-preto\/","title":{"rendered":"Briga de vizinhos termina com esfaqueado na cabe\u00e7a em Ribeir\u00e3o Preto"},"content":{"rendered":"<p> <br \/>\n<\/p>\n<div>\n<p><strong>Um homem de 39 anos foi esfaqueado durante uma briga entre vizinhos na noite do \u00faltimo s\u00e1bado (13), no bairro Recanto Cruzeiro do Sul, zona Leste de Ribeir\u00e3o Preto.<\/strong><\/p>\n<p>Segundo a <strong>GCM (Guarda Civil Metropolitana)<\/strong> informou no <strong>boletim de ocorr\u00eancia (BO)<\/strong>, <mark style=\"background-color:#fcb900\" class=\"has-inline-color has-black-color\">o motivo da confus\u00e3o seria a fuma\u00e7a causada depois que a v\u00edtima teria colocado fogo em folhas secas em um terreno baldio perto da casa do suspeito, de 51 anos.<\/mark> Ele acabou <strong>preso<\/strong>. <\/p>\n<p>Ainda conforme o registro, a <strong>esposa <\/strong>do suspeito teria se <strong>irritado <\/strong>com a <strong>fuma\u00e7a<\/strong>, pegado as folha secas e jogado contra a v\u00edtima.<\/p>\n<p>Em seguida, o <strong>homem <\/strong>teria ido at\u00e9 a <strong>casa <\/strong>do <strong>suspeito tirar satisfa\u00e7\u00e3o<\/strong>, na <strong>rua Professora Brasilina Nuti<\/strong>, quando foi <strong>agredido <\/strong>com um <strong>golpe <\/strong>de <strong>fac\u00e3o <\/strong>na <strong>cabe\u00e7a<\/strong>.<\/p>\n<p>O suspeito alegou \u00e0 <strong>GCM <\/strong>que tentou se <strong>defender<\/strong>, ap\u00f3s a v\u00edtima ter invadido sua resid\u00eancia para agredi-lo. <\/p>\n<p>A <strong>GCM <\/strong>tamb\u00e9m informou que, enquanto aguardava a chegada de uma <strong>ambul\u00e2ncia<\/strong>, o <strong>suspeito <\/strong>tentou <strong>fugir <\/strong>pelos fundos da resid\u00eancia e caiu ao <strong>pular <\/strong>um <strong>muro<\/strong>. Ele sofreu <strong>fratura <\/strong>em uma das <strong>pernas<\/strong>.<\/p>\n<p>A <strong>v\u00edtima <\/strong>ferida pelo fac\u00e3o foi <strong>socorrida <\/strong>e encaminhada \u00e0 <strong>UPA da Treze de Maio<\/strong>, onde aguarda transfer\u00eancia para um hospital.<\/p>\n<p>N\u00e3o consta no <strong>BO <\/strong>para qual unidade de sa\u00fade o suspeito foi encaminhado. <\/p>\n<p>O caso foi registrado na <strong>CPJ (Central de Pol\u00edcia Judici\u00e1ria) Permanente<\/strong> como <strong>flagrante de les\u00e3o corporal e tentativa de homic\u00eddio por motivo f\u00fatil<\/strong>.<\/p>\n<p>SAIBA MAIS<\/p>\n<p>Briga generalizada mobiliza pol\u00edcia ao lado de pra\u00e7a em cidade na regi\u00e3o de Ribeir\u00e3o; V\u00eddeo<\/p>\n<h4 class=\"wp-block-heading\"><strong>FIQUE ON<\/strong><\/h4>\n<p>Fique ligado em tudo que acontece em Ribeir\u00e3o Preto e regi\u00e3o. Siga os perfis do\u00a0<strong>acidade on\u00a0<\/strong>no Instagram e no Facebook.<\/p>\n<p>Receba not\u00edcias do<strong>\u00a0acidade on\u00a0<\/strong>no WhatsApp.\u00a0<a href=\"https:\/\/chat.whatsapp.com\/CdrZ6xrf7quD44Vw3WlPuZ\" target=\"_blank\" rel=\"noreferrer noopener\">Para entrar no grupo, basta clicar aqui.<\/a><\/p>\n<p>Fa\u00e7a uma den\u00fancia ou sugira uma reportagem sobre Ribeir\u00e3o Preto e regi\u00e3o pelo WhatsApp: 16 99117 7802.<\/p>\n<p>VEJA TAMB\u00c9M<\/p>\n<p>Cidade do Texas culpa fazenda de Bitcoin por doen\u00e7as<\/p>\n<p><!-- AI CONTENT END 1 -->\n<\/div>\n<p><br \/>\n<br \/><a href=\"https:\/\/www.acidadeon.com\/ribeiraopreto\/cotidiano\/briga-de-vizinhos-termina-com-esfaqueado-na-cabeca-em-ribeirao-preto\/\">Source link <\/a><\/p>\n<div class='code-block code-block-4' style='margin: 8px auto 8px 0; text-align: left; display: block; clear: both;'>\n\ud83d\udce2 Aviso Legal\n\nO site ismaelcolosi.com.br atua apenas como um canal de divulga\u00e7\u00e3o de oportunidades de emprego e n\u00e3o se responsabiliza pelo processo seletivo, contrata\u00e7\u00e3o ou qualquer outra etapa relacionada \u00e0s vagas publicadas. Todas as informa\u00e7\u00f5es s\u00e3o de responsabilidade dos anunciantes.\n\n\u26a0\ufe0f Aten\u00e7\u00e3o! Nunca pague por promessas de emprego nem compre cursos que garantam contrata\u00e7\u00e3o. Desconfie de qualquer cobran\u00e7a para participar de sele\u00e7\u00f5es.\n\n\n\n<\/div>\n<!-- CONTENT END 1 -->\n","protected":false},"excerpt":{"rendered":"<p>Um homem de 39 anos foi esfaqueado durante uma briga entre vizinhos na noite do \u00faltimo s\u00e1bado (13), no bairro Recanto Cruzeiro do Sul, zona&#8230;<\/p>\n","protected":false},"author":1,"featured_media":56776,"comment_status":"open","ping_status":"open","sticky":false,"template":"","format":"standard","meta":{"_uag_custom_page_level_css":"","advanced_seo_description":"","jetpack_seo_html_title":"","jetpack_seo_noindex":false,"jetpack_post_was_ever_published":false,"_jetpack_newsletter_access":"","_jetpack_dont_email_post_to_subs":false,"_jetpack_newsletter_tier_id":0,"_jetpack_memberships_contains_paywalled_content":false,"_jetpack_memberships_contains_paid_content":false,"footnotes":"","jetpack_publicize_message":"","jetpack_publicize_feature_enabled":true,"jetpack_social_post_already_shared":true,"jetpack_social_options":{"image_generator_settings":{"template":"highway","default_image_id":0,"font":"","enabled":false},"version":2}},"categories":[11],"tags":[],"class_list":["post-56775","post","type-post","status-publish","format-standard","has-post-thumbnail","hentry","category-noticias-de-ribeirao-preto-sp-e-regiao-ismael-colosi"],"jetpack_publicize_connections":[],"jetpack_featured_media_url":"https:\/\/i0.wp.com\/ismaelcolosi.com.br\/wp-content\/uploads\/2024\/07\/policia__1024x576_14102020122543.jpg?fit=1024%2C576&ssl=1","uagb_featured_image_src":{"full":["https:\/\/i0.wp.com\/ismaelcolosi.com.br\/wp-content\/uploads\/2024\/07\/policia__1024x576_14102020122543.jpg?fit=1024%2C576&ssl=1",1024,576,false],"thumbnail":["https:\/\/i0.wp.com\/ismaelcolosi.com.br\/wp-content\/uploads\/2024\/07\/policia__1024x576_14102020122543.jpg?resize=150%2C150&ssl=1",150,150,true],"medium":["https:\/\/i0.wp.com\/ismaelcolosi.com.br\/wp-content\/uploads\/2024\/07\/policia__1024x576_14102020122543.jpg?fit=300%2C169&ssl=1",300,169,true],"medium_large":["https:\/\/i0.wp.com\/ismaelcolosi.com.br\/wp-content\/uploads\/2024\/07\/policia__1024x576_14102020122543.jpg?fit=768%2C432&ssl=1",768,432,true],"large":["https:\/\/i0.wp.com\/ismaelcolosi.com.br\/wp-content\/uploads\/2024\/07\/policia__1024x576_14102020122543.jpg?fit=1024%2C576&ssl=1",1024,576,true],"1536x1536":["https:\/\/i0.wp.com\/ismaelcolosi.com.br\/wp-content\/uploads\/2024\/07\/policia__1024x576_14102020122543.jpg?fit=1024%2C576&ssl=1",1024,576,true],"2048x2048":["https:\/\/i0.wp.com\/ismaelcolosi.com.br\/wp-content\/uploads\/2024\/07\/policia__1024x576_14102020122543.jpg?fit=1024%2C576&ssl=1",1024,576,true],"really-simple-thumb":["https:\/\/i0.wp.com\/ismaelcolosi.com.br\/wp-content\/uploads\/2024\/07\/policia__1024x576_14102020122543.jpg?resize=370%2C247&ssl=1",370,247,true]},"uagb_author_info":{"display_name":"ismaelcolosi.com.br","author_link":"https:\/\/ismaelcolosi.com.br\/index.php\/author\/vidareal-online\/"},"uagb_comment_info":0,"uagb_excerpt":"Um homem de 39 anos foi esfaqueado durante uma briga entre vizinhos na noite do \u00faltimo s\u00e1bado (13), no bairro Recanto Cruzeiro do Sul, zona...","jetpack-related-posts":[{"id":55630,"url":"https:\/\/ismaelcolosi.com.br\/index.php\/2024\/07\/04\/briga-de-empresarios-acaba-com-esfaqueado-na-regiao-de-ribeirao-preto\/","url_meta":{"origin":56775,"position":0},"title":"Briga de empres\u00e1rios acaba com esfaqueado na regi\u00e3o de Ribeir\u00e3o Preto","author":"ismaelcolosi.com.br","date":"4 de July de 2024","format":false,"excerpt":"Um empres\u00e1rio de 40 anos foi esfaqueado durante uma briga na noite desta quarta-feira (3), no Distrito Industrial de Luiz Ant\u00f4nio, cidade a aproximadamente 60 quil\u00f4metros de Ribeir\u00e3o Preto. O suspeito, que tamb\u00e9m \u00e9 empres\u00e1rio e tem 35 anos, foi preso. Segundo o boletim de ocorr\u00eancia (BO), ambos seriam s\u00f3cios\u2026","rel":"","context":"In &quot;Not\u00edcias de Ribeir\u00e3o Preto-SP e Regi\u00e3o&quot;","block_context":{"text":"Not\u00edcias de Ribeir\u00e3o Preto-SP e Regi\u00e3o","link":"https:\/\/ismaelcolosi.com.br\/index.php\/category\/noticias-de-ribeirao-preto-sp-e-regiao-ismael-colosi\/"},"img":{"alt_text":"","src":"https:\/\/i0.wp.com\/ismaelcolosi.com.br\/wp-content\/uploads\/2024\/07\/policia_qru_1024x576_05012021161940.jpg?fit=1024%2C576&ssl=1&resize=350%2C200","width":350,"height":200,"srcset":"https:\/\/i0.wp.com\/ismaelcolosi.com.br\/wp-content\/uploads\/2024\/07\/policia_qru_1024x576_05012021161940.jpg?fit=1024%2C576&ssl=1&resize=350%2C200 1x, https:\/\/i0.wp.com\/ismaelcolosi.com.br\/wp-content\/uploads\/2024\/07\/policia_qru_1024x576_05012021161940.jpg?fit=1024%2C576&ssl=1&resize=525%2C300 1.5x, https:\/\/i0.wp.com\/ismaelcolosi.com.br\/wp-content\/uploads\/2024\/07\/policia_qru_1024x576_05012021161940.jpg?fit=1024%2C576&ssl=1&resize=700%2C400 2x"},"classes":[]},{"id":48167,"url":"https:\/\/ismaelcolosi.com.br\/index.php\/2024\/05\/01\/homem-fica-em-estado-grave-apos-ser-esfaqueado-em-ribeirao-preto\/","url_meta":{"origin":56775,"position":1},"title":"Homem fica em estado grave ap\u00f3s ser esfaqueado em Ribeir\u00e3o Preto","author":"ismaelcolosi.com.br","date":"1 de May de 2024","format":false,"excerpt":"Um homem de 20 anos foi internado em estado grave ap\u00f3s ter sido esfaqueado na avenida Caramuru, em Ribeir\u00e3o Preto, na madrugada desta quarta-feira (1\u00ba de maio). Um suspeito foi preso com a arma que teria sido utilizada no crime. O caso aconteceu perto do cruzamento com a rua Ant\u00f4nio\u2026","rel":"","context":"In &quot;Not\u00edcias de Ribeir\u00e3o Preto-SP e Regi\u00e3o&quot;","block_context":{"text":"Not\u00edcias de Ribeir\u00e3o Preto-SP e Regi\u00e3o","link":"https:\/\/ismaelcolosi.com.br\/index.php\/category\/noticias-de-ribeirao-preto-sp-e-regiao-ismael-colosi\/"},"img":{"alt_text":"","src":"https:\/\/i0.wp.com\/ismaelcolosi.com.br\/wp-content\/uploads\/2024\/05\/WhatsApp-Image-2023-12-09-at-13.55.44.jpeg?fit=1024%2C576&ssl=1&resize=350%2C200","width":350,"height":200,"srcset":"https:\/\/i0.wp.com\/ismaelcolosi.com.br\/wp-content\/uploads\/2024\/05\/WhatsApp-Image-2023-12-09-at-13.55.44.jpeg?fit=1024%2C576&ssl=1&resize=350%2C200 1x, https:\/\/i0.wp.com\/ismaelcolosi.com.br\/wp-content\/uploads\/2024\/05\/WhatsApp-Image-2023-12-09-at-13.55.44.jpeg?fit=1024%2C576&ssl=1&resize=525%2C300 1.5x, https:\/\/i0.wp.com\/ismaelcolosi.com.br\/wp-content\/uploads\/2024\/05\/WhatsApp-Image-2023-12-09-at-13.55.44.jpeg?fit=1024%2C576&ssl=1&resize=700%2C400 2x"},"classes":[]},{"id":56787,"url":"https:\/\/ismaelcolosi.com.br\/index.php\/2024\/07\/15\/homem-e-baleado-apos-confusao-com-vizinho-na-regiao-de-ribeirao-preto-veja-video\/","url_meta":{"origin":56775,"position":2},"title":"Homem \u00e9 baleado ap\u00f3s confus\u00e3o com vizinho na regi\u00e3o de Ribeir\u00e3o Preto; Veja v\u00eddeo","author":"ismaelcolosi.com.br","date":"15 de July de 2024","format":false,"excerpt":"Um homem de 49 anos foi baleado na tarde deste domingo (14), em Sert\u00e3ozinho, na regi\u00e3o de Ribeir\u00e3o Preto. A a\u00e7\u00e3o foi registrada por uma c\u00e2mera de seguran\u00e7a na avenida Jo\u00e3o Pignata, no bairro Alto do Gin\u00e1sio. Assista ao v\u00eddeo abaixo. Segundo o boletim de ocorr\u00eancia (BO), o motivo do\u2026","rel":"","context":"In &quot;Not\u00edcias de Ribeir\u00e3o Preto-SP e Regi\u00e3o&quot;","block_context":{"text":"Not\u00edcias de Ribeir\u00e3o Preto-SP e Regi\u00e3o","link":"https:\/\/ismaelcolosi.com.br\/index.php\/category\/noticias-de-ribeirao-preto-sp-e-regiao-ismael-colosi\/"},"img":{"alt_text":"","src":"https:\/\/i0.wp.com\/ismaelcolosi.com.br\/wp-content\/uploads\/2024\/07\/TIROS_2024-07-15_15-27-02_jpg_2024-07-15_15-27-03.webp.webp?fit=1200%2C931&ssl=1&resize=350%2C200","width":350,"height":200,"srcset":"https:\/\/i0.wp.com\/ismaelcolosi.com.br\/wp-content\/uploads\/2024\/07\/TIROS_2024-07-15_15-27-02_jpg_2024-07-15_15-27-03.webp.webp?fit=1200%2C931&ssl=1&resize=350%2C200 1x, https:\/\/i0.wp.com\/ismaelcolosi.com.br\/wp-content\/uploads\/2024\/07\/TIROS_2024-07-15_15-27-02_jpg_2024-07-15_15-27-03.webp.webp?fit=1200%2C931&ssl=1&resize=525%2C300 1.5x, https:\/\/i0.wp.com\/ismaelcolosi.com.br\/wp-content\/uploads\/2024\/07\/TIROS_2024-07-15_15-27-02_jpg_2024-07-15_15-27-03.webp.webp?fit=1200%2C931&ssl=1&resize=700%2C400 2x, https:\/\/i0.wp.com\/ismaelcolosi.com.br\/wp-content\/uploads\/2024\/07\/TIROS_2024-07-15_15-27-02_jpg_2024-07-15_15-27-03.webp.webp?fit=1200%2C931&ssl=1&resize=1050%2C600 3x"},"classes":[]},{"id":71291,"url":"https:\/\/ismaelcolosi.com.br\/index.php\/2024\/10\/15\/briga-entre-vizinhos-termina-em-tiro-e-prisao-na-regiao-de-ribeirao\/","url_meta":{"origin":56775,"position":3},"title":"Briga entre vizinhos termina em tiro e pris\u00e3o na regi\u00e3o de Ribeir\u00e3o","author":"ismaelcolosi.com.br","date":"15 de October de 2024","format":false,"excerpt":"Um contador de 43 anos foi preso em flagrante nesta segunda-feira (14), no Centro de Franca, na regi\u00e3o de Ribeir\u00e3o Preto, ap\u00f3s efetuar um disparo de arma de fogo durante uma briga entre vizinhos. De acordo com o boletim de ocorr\u00eancia, a v\u00edtima informou que estava discutindo com um homem\u2026","rel":"","context":"In &quot;Not\u00edcias de Ribeir\u00e3o Preto-SP e Regi\u00e3o&quot;","block_context":{"text":"Not\u00edcias de Ribeir\u00e3o Preto-SP e Regi\u00e3o","link":"https:\/\/ismaelcolosi.com.br\/index.php\/category\/noticias-de-ribeirao-preto-sp-e-regiao-ismael-colosi\/"},"img":{"alt_text":"","src":"https:\/\/i0.wp.com\/ismaelcolosi.com.br\/wp-content\/uploads\/2024\/10\/Copia-de-Copia-de-Copia-de-TAMANHO-EXATO-PARA-FOTOS-NO-SISTEMA-NOVO-19_2024-10-15_20-39-11_png_2024-10-15_20-39-11.webp.webp?fit=1200%2C675&ssl=1&resize=350%2C200","width":350,"height":200,"srcset":"https:\/\/i0.wp.com\/ismaelcolosi.com.br\/wp-content\/uploads\/2024\/10\/Copia-de-Copia-de-Copia-de-TAMANHO-EXATO-PARA-FOTOS-NO-SISTEMA-NOVO-19_2024-10-15_20-39-11_png_2024-10-15_20-39-11.webp.webp?fit=1200%2C675&ssl=1&resize=350%2C200 1x, https:\/\/i0.wp.com\/ismaelcolosi.com.br\/wp-content\/uploads\/2024\/10\/Copia-de-Copia-de-Copia-de-TAMANHO-EXATO-PARA-FOTOS-NO-SISTEMA-NOVO-19_2024-10-15_20-39-11_png_2024-10-15_20-39-11.webp.webp?fit=1200%2C675&ssl=1&resize=525%2C300 1.5x, https:\/\/i0.wp.com\/ismaelcolosi.com.br\/wp-content\/uploads\/2024\/10\/Copia-de-Copia-de-Copia-de-TAMANHO-EXATO-PARA-FOTOS-NO-SISTEMA-NOVO-19_2024-10-15_20-39-11_png_2024-10-15_20-39-11.webp.webp?fit=1200%2C675&ssl=1&resize=700%2C400 2x, https:\/\/i0.wp.com\/ismaelcolosi.com.br\/wp-content\/uploads\/2024\/10\/Copia-de-Copia-de-Copia-de-TAMANHO-EXATO-PARA-FOTOS-NO-SISTEMA-NOVO-19_2024-10-15_20-39-11_png_2024-10-15_20-39-11.webp.webp?fit=1200%2C675&ssl=1&resize=1050%2C600 3x"},"classes":[]},{"id":71299,"url":"https:\/\/ismaelcolosi.com.br\/index.php\/2024\/10\/15\/briga-entre-vizinhos-termina-em-tiro-e-prisao-na-regiao-de-ribeirao-2\/","url_meta":{"origin":56775,"position":4},"title":"Briga entre vizinhos termina em tiro e pris\u00e3o na regi\u00e3o de Ribeir\u00e3o","author":"ismaelcolosi.com.br","date":"15 de October de 2024","format":false,"excerpt":"Um contador de 43 anos foi preso em flagrante nesta segunda-feira (14), no Centro de Franca, na regi\u00e3o de Ribeir\u00e3o Preto, ap\u00f3s efetuar um disparo de arma de fogo durante uma briga entre vizinhos. De acordo com o boletim de ocorr\u00eancia, a v\u00edtima informou que estava discutindo com um homem\u2026","rel":"","context":"In &quot;Not\u00edcias de Ribeir\u00e3o Preto-SP e Regi\u00e3o&quot;","block_context":{"text":"Not\u00edcias de Ribeir\u00e3o Preto-SP e Regi\u00e3o","link":"https:\/\/ismaelcolosi.com.br\/index.php\/category\/noticias-de-ribeirao-preto-sp-e-regiao-ismael-colosi\/"},"img":{"alt_text":"","src":"https:\/\/i0.wp.com\/ismaelcolosi.com.br\/wp-content\/uploads\/2024\/10\/Copia-de-Copia-de-Copia-de-TAMANHO-EXATO-PARA-FOTOS-NO-SISTEMA-NOVO-19_2024-10-15_20-39-11_png_2024-10-15_20-39-11.webp.webp?fit=1200%2C675&ssl=1&resize=350%2C200","width":350,"height":200,"srcset":"https:\/\/i0.wp.com\/ismaelcolosi.com.br\/wp-content\/uploads\/2024\/10\/Copia-de-Copia-de-Copia-de-TAMANHO-EXATO-PARA-FOTOS-NO-SISTEMA-NOVO-19_2024-10-15_20-39-11_png_2024-10-15_20-39-11.webp.webp?fit=1200%2C675&ssl=1&resize=350%2C200 1x, https:\/\/i0.wp.com\/ismaelcolosi.com.br\/wp-content\/uploads\/2024\/10\/Copia-de-Copia-de-Copia-de-TAMANHO-EXATO-PARA-FOTOS-NO-SISTEMA-NOVO-19_2024-10-15_20-39-11_png_2024-10-15_20-39-11.webp.webp?fit=1200%2C675&ssl=1&resize=525%2C300 1.5x, https:\/\/i0.wp.com\/ismaelcolosi.com.br\/wp-content\/uploads\/2024\/10\/Copia-de-Copia-de-Copia-de-TAMANHO-EXATO-PARA-FOTOS-NO-SISTEMA-NOVO-19_2024-10-15_20-39-11_png_2024-10-15_20-39-11.webp.webp?fit=1200%2C675&ssl=1&resize=700%2C400 2x, https:\/\/i0.wp.com\/ismaelcolosi.com.br\/wp-content\/uploads\/2024\/10\/Copia-de-Copia-de-Copia-de-TAMANHO-EXATO-PARA-FOTOS-NO-SISTEMA-NOVO-19_2024-10-15_20-39-11_png_2024-10-15_20-39-11.webp.webp?fit=1200%2C675&ssl=1&resize=1050%2C600 3x"},"classes":[]},{"id":55860,"url":"https:\/\/ismaelcolosi.com.br\/index.php\/2024\/07\/06\/homem-morre-apos-ser-esfaqueado-durante-discussao-por-furto-de-celular-na-regiao-de-ribeirao\/","url_meta":{"origin":56775,"position":5},"title":"Homem morre ap\u00f3s ser esfaqueado durante discuss\u00e3o por furto de celular na regi\u00e3o de Ribeir\u00e3o","author":"ismaelcolosi.com.br","date":"6 de July de 2024","format":false,"excerpt":"Um homem de 37 anos morreu ap\u00f3s ser esfaqueado durante uma briga, na noite desta sexta-feira (5), em Franca, cidade na regi\u00e3o de Ribeir\u00e3o Preto. De acordo com o boletim de ocorr\u00eancia (BO), o crime aconteceu na frente da esposa da v\u00edtima, depois de uma discuss\u00e3o com um homem suspeito\u2026","rel":"","context":"In &quot;Not\u00edcias de Ribeir\u00e3o Preto-SP e Regi\u00e3o&quot;","block_context":{"text":"Not\u00edcias de Ribeir\u00e3o Preto-SP e Regi\u00e3o","link":"https:\/\/ismaelcolosi.com.br\/index.php\/category\/noticias-de-ribeirao-preto-sp-e-regiao-ismael-colosi\/"},"img":{"alt_text":"","src":"https:\/\/i0.wp.com\/ismaelcolosi.com.br\/wp-content\/uploads\/2024\/07\/giroflex_policia_1024x576_23032020103807.jpg?fit=1024%2C576&ssl=1&resize=350%2C200","width":350,"height":200,"srcset":"https:\/\/i0.wp.com\/ismaelcolosi.com.br\/wp-content\/uploads\/2024\/07\/giroflex_policia_1024x576_23032020103807.jpg?fit=1024%2C576&ssl=1&resize=350%2C200 1x, https:\/\/i0.wp.com\/ismaelcolosi.com.br\/wp-content\/uploads\/2024\/07\/giroflex_policia_1024x576_23032020103807.jpg?fit=1024%2C576&ssl=1&resize=525%2C300 1.5x, https:\/\/i0.wp.com\/ismaelcolosi.com.br\/wp-content\/uploads\/2024\/07\/giroflex_policia_1024x576_23032020103807.jpg?fit=1024%2C576&ssl=1&resize=700%2C400 2x"},"classes":[]}],"jetpack_sharing_enabled":true,"jetpack_shortlink":"https:\/\/wp.me\/pfMlyK-eLJ","_links":{"self":[{"href":"https:\/\/ismaelcolosi.com.br\/index.php\/wp-json\/wp\/v2\/posts\/56775","targetHints":{"allow":["GET"]}}],"collection":[{"href":"https:\/\/ismaelcolosi.com.br\/index.php\/wp-json\/wp\/v2\/posts"}],"about":[{"href":"https:\/\/ismaelcolosi.com.br\/index.php\/wp-json\/wp\/v2\/types\/post"}],"author":[{"embeddable":true,"href":"https:\/\/ismaelcolosi.com.br\/index.php\/wp-json\/wp\/v2\/users\/1"}],"replies":[{"embeddable":true,"href":"https:\/\/ismaelcolosi.com.br\/index.php\/wp-json\/wp\/v2\/comments?post=56775"}],"version-history":[{"count":0,"href":"https:\/\/ismaelcolosi.com.br\/index.php\/wp-json\/wp\/v2\/posts\/56775\/revisions"}],"wp:featuredmedia":[{"embeddable":true,"href":"https:\/\/ismaelcolosi.com.br\/index.php\/wp-json\/wp\/v2\/media\/56776"}],"wp:attachment":[{"href":"https:\/\/ismaelcolosi.com.br\/index.php\/wp-json\/wp\/v2\/media?parent=56775"}],"wp:term":[{"taxonomy":"category","embeddable":true,"href":"https:\/\/ismaelcolosi.com.br\/index.php\/wp-json\/wp\/v2\/categories?post=56775"},{"taxonomy":"post_tag","embeddable":true,"href":"https:\/\/ismaelcolosi.com.br\/index.php\/wp-json\/wp\/v2\/tags?post=56775"}],"curies":[{"name":"wp","href":"https:\/\/api.w.org\/{rel}","templated":true}]}}