{"id":56771,"date":"2024-07-15T11:40:37","date_gmt":"2024-07-15T14:40:37","guid":{"rendered":"https:\/\/ismaelcolosi.com.br\/index.php\/2024\/07\/15\/busto-de-bronze-de-ex-prefeito-de-ribeirao-preto-e-encontrado-apos-furto\/"},"modified":"2024-07-15T11:40:37","modified_gmt":"2024-07-15T14:40:37","slug":"busto-de-bronze-de-ex-prefeito-de-ribeirao-preto-e-encontrado-apos-furto","status":"publish","type":"post","link":"https:\/\/ismaelcolosi.com.br\/index.php\/2024\/07\/15\/busto-de-bronze-de-ex-prefeito-de-ribeirao-preto-e-encontrado-apos-furto\/","title":{"rendered":"Busto de bronze de ex-prefeito de Ribeir\u00e3o Preto \u00e9 encontrado ap\u00f3s furto"},"content":{"rendered":"<p> <br \/>\n<\/p>\n<div>\n<p><span style=\"background-color:#f7cc62\" class=\"td_text_highlight_marker\"><mark style=\"background-color:rgba(0, 0, 0, 0)\" class=\"has-inline-color has-black-color\">O <strong>busto de bronze do ex-prefeito de Ribeir\u00e3o Preto<\/strong>, <strong>Camilo de Mattos<\/strong>, foi <strong>encontrado<\/strong> na manh\u00e3 desta <strong>segunda-feira<\/strong> (15), <strong>ap\u00f3s <\/strong>ter sido <strong>furtado <\/strong>no \u00faltimo dia <strong>11<\/strong>, no local onde ficava na <strong>pra\u00e7a XV de Novembro<\/strong>, no Centro da cidade.<\/mark><\/span><\/p>\n<p>A i<strong>nforma\u00e7\u00e3o do encontro<\/strong> foi passada pela Secretaria Municipal da Cultura e Turismo, contudo, <strong>n\u00e3o foi passado detalhes sobre o encontro<\/strong>.<\/p>\n<p>Em <strong>publica\u00e7\u00e3o em uma rede social<\/strong>, o secret\u00e1rio de Cultura e Turismo, Pedro Le\u00e3o, informou que a <strong>obra foi danificada e passar\u00e1 por restauro<\/strong> (veja abaixo).<\/p>\n<blockquote class=\"wp-block-quote\">\n<p>\u201cEm um trabalho conjunto entre Secretaria de Cultura e Turismo, Infraestrutura e GCM, o busto do Camilo de Mattos foi encontrado e est\u00e1 em local seguro . A obra foi danificada e passar\u00e1 por restauro para ser novamente instalada no local devido\u201d.<\/p>\n<p><cite>Pedro Le\u00e3o \u2013 secret\u00e1rio da Cultura e Turismo de Ribeir\u00e3o Preto <\/cite><\/p><\/blockquote>\n<h2 class=\"wp-block-heading\"><strong>Sobre o furto<\/strong><\/h2>\n<p><strong>O <\/strong>busto de Camilo de Mattos, ex-prefeito de Ribeir\u00e3o Preto, foi furtado na madrugada desta quinta-feira (11)<strong>, de um pedestal na Pra\u00e7a XV de Novembro, no Centro de Ribeir\u00e3o Preto.<\/strong>\u00a0Esta foi a\u00a0<strong>segunda vez\u00a0<\/strong>que o\u00a0<strong>busto\u00a0<\/strong>foi levado. O\u00a0<strong>outro crime\u00a0<\/strong>ocorreu em\u00a0<strong>1984<\/strong>.<\/p>\n<p>A\u00a0<strong>escultura em concreto e revestida em bronze<\/strong>\u00a0foi\u00a0<strong>instalada\u00a0<\/strong>em\u00a0<strong>1976<\/strong>\u00a0e ficava pr\u00f3xima da\u00a0<strong>rua Duque de Caxias<\/strong>\u00a0e do\u00a0<strong>Palacete<\/strong>,<strong>\u00a0<\/strong>que serviu de\u00a0<strong>resid\u00eancia\u00a0<\/strong>ao\u00a0<strong>pol\u00edtico<\/strong>. Camilo de Mattos governou a cidade em 1926.<\/p>\n<p><strong>O busto de Camilo de Mattos, ex-prefeito de Ribeir\u00e3o Preto, foi furtado na madrugada desta quinta-feira (11), de um pedestal na Pra\u00e7a XV de Novembro, no Centro de Ribeir\u00e3o Preto.<\/strong>\u00a0Esta \u00e9\u00a0<strong>segunda vez\u00a0<\/strong>que o\u00a0<strong>busto\u00a0<\/strong>foi levado. O\u00a0<strong>outro crime\u00a0<\/strong>ocorreu em\u00a0<strong>1984<\/strong>.<\/p>\n<p>A\u00a0<strong>escultura em concreto e revestida em bronze<\/strong>\u00a0foi\u00a0<strong>instalada\u00a0<\/strong>em\u00a0<strong>1976<\/strong>\u00a0e ficava pr\u00f3xima da\u00a0<strong>rua Duque de Caxias<\/strong>\u00a0e do\u00a0<strong>Palacete<\/strong>,<strong>\u00a0<\/strong>que serviu de\u00a0<strong>resid\u00eancia\u00a0<\/strong>ao\u00a0<strong>pol\u00edtico<\/strong>. Camilo de Mattos governou a cidade em 1926.<\/p>\n<p>SAIBA MAIS <\/p>\n<p>Saerp alerta para falta d\u2019\u00e1gua no distrito de Bonfim Paulista<\/p>\n<h4 class=\"wp-block-heading\"><strong>FIQUE ON<\/strong><\/h4>\n<p>Fique ligado em tudo que acontece em Ribeir\u00e3o Preto e regi\u00e3o. Siga os perfis do\u00a0<strong>acidade on<\/strong>\u00a0no\u00a0<a href=\"https:\/\/www.instagram.com\/acidadeonribeirao\" target=\"_blank\" rel=\"noreferrer noopener\">Instagram<\/a>\u00a0e no\u00a0<a href=\"https:\/\/www.facebook.com\/acidadeonribeirao\/\" target=\"_blank\" rel=\"noreferrer noopener\">Facebook<\/a>.<\/p>\n<p>Receba not\u00edcias do\u00a0<strong>acidade on<\/strong>\u00a0no WhatsApp.<a href=\"https:\/\/chat.whatsapp.com\/CdrZ6xrf7quD44Vw3WlPuZ\" target=\"_blank\" rel=\"noreferrer noopener\">\u00a0Para entrar no grupo, basta clicar aqui.<\/a><\/p>\n<p>Fa\u00e7a uma den\u00fancia ou sugira uma reportagem sobre Ribeir\u00e3o Preto e regi\u00e3o pelo WhatsApp: 16 99117 7802.<\/p>\n<p>VEJA TAMB\u00c9M<br \/>Interior de SP tem alerta de perigo potencial nesta segunda; Confira a previs\u00e3o do tempo<\/p>\n<p><!-- AI CONTENT END 1 -->\n<\/div>\n<p><script async src=\"\/\/www.instagram.com\/embed.js\"><\/script><br \/>\n<br \/><br \/>\n<br \/><a href=\"https:\/\/www.acidadeon.com\/ribeiraopreto\/cotidiano\/busto-de-bronze-de-ex-prefeito-de-ribeirao-preto-e-encontrado-apos-furto\/\">Source link <\/a><\/p>\n<div class='code-block code-block-4' style='margin: 8px auto 8px 0; text-align: left; display: block; clear: both;'>\n\ud83d\udce2 Aviso Legal\n\nO site ismaelcolosi.com.br atua apenas como um canal de divulga\u00e7\u00e3o de oportunidades de emprego e n\u00e3o se responsabiliza pelo processo seletivo, contrata\u00e7\u00e3o ou qualquer outra etapa relacionada \u00e0s vagas publicadas. Todas as informa\u00e7\u00f5es s\u00e3o de responsabilidade dos anunciantes.\n\n\u26a0\ufe0f Aten\u00e7\u00e3o! Nunca pague por promessas de emprego nem compre cursos que garantam contrata\u00e7\u00e3o. Desconfie de qualquer cobran\u00e7a para participar de sele\u00e7\u00f5es.\n\n\n\n<\/div>\n<!-- CONTENT END 1 -->\n","protected":false},"excerpt":{"rendered":"<p>O busto de bronze do ex-prefeito de Ribeir\u00e3o Preto, Camilo de Mattos, foi encontrado na manh\u00e3 desta segunda-feira (15), ap\u00f3s ter sido furtado no \u00faltimo&#8230;<\/p>\n","protected":false},"author":1,"featured_media":56772,"comment_status":"open","ping_status":"open","sticky":false,"template":"","format":"standard","meta":{"_uag_custom_page_level_css":"","advanced_seo_description":"","jetpack_seo_html_title":"","jetpack_seo_noindex":false,"jetpack_post_was_ever_published":false,"_jetpack_newsletter_access":"","_jetpack_dont_email_post_to_subs":false,"_jetpack_newsletter_tier_id":0,"_jetpack_memberships_contains_paywalled_content":false,"_jetpack_memberships_contains_paid_content":false,"footnotes":"","jetpack_publicize_message":"","jetpack_publicize_feature_enabled":true,"jetpack_social_post_already_shared":true,"jetpack_social_options":{"image_generator_settings":{"template":"highway","default_image_id":0,"font":"","enabled":false},"version":2}},"categories":[11],"tags":[],"class_list":["post-56771","post","type-post","status-publish","format-standard","has-post-thumbnail","hentry","category-noticias-de-ribeirao-preto-sp-e-regiao-ismael-colosi"],"jetpack_publicize_connections":[],"jetpack_featured_media_url":"https:\/\/i0.wp.com\/ismaelcolosi.com.br\/wp-content\/uploads\/2024\/07\/Copia-de-Copia-de-TAMANHO-EXATO-PARA-FOTOS-NO-SISTEMA-NOVO-18_2024-07-15_14-39-01_jpg_2024-07-15_14-39-01.webp.webp?fit=1200%2C675&ssl=1","uagb_featured_image_src":{"full":["https:\/\/i0.wp.com\/ismaelcolosi.com.br\/wp-content\/uploads\/2024\/07\/Copia-de-Copia-de-TAMANHO-EXATO-PARA-FOTOS-NO-SISTEMA-NOVO-18_2024-07-15_14-39-01_jpg_2024-07-15_14-39-01.webp.webp?fit=1200%2C675&ssl=1",1200,675,false],"thumbnail":["https:\/\/i0.wp.com\/ismaelcolosi.com.br\/wp-content\/uploads\/2024\/07\/Copia-de-Copia-de-TAMANHO-EXATO-PARA-FOTOS-NO-SISTEMA-NOVO-18_2024-07-15_14-39-01_jpg_2024-07-15_14-39-01.webp.webp?resize=150%2C150&ssl=1",150,150,true],"medium":["https:\/\/i0.wp.com\/ismaelcolosi.com.br\/wp-content\/uploads\/2024\/07\/Copia-de-Copia-de-TAMANHO-EXATO-PARA-FOTOS-NO-SISTEMA-NOVO-18_2024-07-15_14-39-01_jpg_2024-07-15_14-39-01.webp.webp?fit=300%2C169&ssl=1",300,169,true],"medium_large":["https:\/\/i0.wp.com\/ismaelcolosi.com.br\/wp-content\/uploads\/2024\/07\/Copia-de-Copia-de-TAMANHO-EXATO-PARA-FOTOS-NO-SISTEMA-NOVO-18_2024-07-15_14-39-01_jpg_2024-07-15_14-39-01.webp.webp?fit=768%2C432&ssl=1",768,432,true],"large":["https:\/\/i0.wp.com\/ismaelcolosi.com.br\/wp-content\/uploads\/2024\/07\/Copia-de-Copia-de-TAMANHO-EXATO-PARA-FOTOS-NO-SISTEMA-NOVO-18_2024-07-15_14-39-01_jpg_2024-07-15_14-39-01.webp.webp?fit=1024%2C576&ssl=1",1024,576,true],"1536x1536":["https:\/\/i0.wp.com\/ismaelcolosi.com.br\/wp-content\/uploads\/2024\/07\/Copia-de-Copia-de-TAMANHO-EXATO-PARA-FOTOS-NO-SISTEMA-NOVO-18_2024-07-15_14-39-01_jpg_2024-07-15_14-39-01.webp.webp?fit=1200%2C675&ssl=1",1200,675,true],"2048x2048":["https:\/\/i0.wp.com\/ismaelcolosi.com.br\/wp-content\/uploads\/2024\/07\/Copia-de-Copia-de-TAMANHO-EXATO-PARA-FOTOS-NO-SISTEMA-NOVO-18_2024-07-15_14-39-01_jpg_2024-07-15_14-39-01.webp.webp?fit=1200%2C675&ssl=1",1200,675,true],"really-simple-thumb":["https:\/\/i0.wp.com\/ismaelcolosi.com.br\/wp-content\/uploads\/2024\/07\/Copia-de-Copia-de-TAMANHO-EXATO-PARA-FOTOS-NO-SISTEMA-NOVO-18_2024-07-15_14-39-01_jpg_2024-07-15_14-39-01.webp.webp?resize=370%2C247&ssl=1",370,247,true]},"uagb_author_info":{"display_name":"ismaelcolosi.com.br","author_link":"https:\/\/ismaelcolosi.com.br\/index.php\/author\/vidareal-online\/"},"uagb_comment_info":0,"uagb_excerpt":"O busto de bronze do ex-prefeito de Ribeir\u00e3o Preto, Camilo de Mattos, foi encontrado na manh\u00e3 desta segunda-feira (15), ap\u00f3s ter sido furtado no \u00faltimo...","jetpack-related-posts":[{"id":56492,"url":"https:\/\/ismaelcolosi.com.br\/index.php\/2024\/07\/12\/busto-em-bronze-de-ex-prefeito-de-ribeirao-preto-e-furtado-em-praca-no-centro\/","url_meta":{"origin":56771,"position":0},"title":"Busto em bronze de ex-prefeito de Ribeir\u00e3o Preto \u00e9 furtado em pra\u00e7a no Centro","author":"ismaelcolosi.com.br","date":"12 de July de 2024","format":false,"excerpt":"O busto de Camilo de Mattos, ex-prefeito de Ribeir\u00e3o Preto, foi furtado na madrugada desta quinta-feira (11), de um pedestal na Pra\u00e7a XV de Novembro, no Centro de Ribeir\u00e3o Preto. A escultura em concreto e revestida bronze, instalada em 1976, ficava pr\u00f3ximo da rua Duque de Caxias e do Palacete\u2026","rel":"","context":"In &quot;Not\u00edcias de Ribeir\u00e3o Preto-SP e Regi\u00e3o&quot;","block_context":{"text":"Not\u00edcias de Ribeir\u00e3o Preto-SP e Regi\u00e3o","link":"https:\/\/ismaelcolosi.com.br\/index.php\/category\/noticias-de-ribeirao-preto-sp-e-regiao-ismael-colosi\/"},"img":{"alt_text":"","src":"https:\/\/i0.wp.com\/ismaelcolosi.com.br\/wp-content\/uploads\/2024\/07\/BUSTO_2024-07-12_12-21-44_jpg_2024-07-12_12-21-45.webp.webp?fit=1200%2C902&ssl=1&resize=350%2C200","width":350,"height":200,"srcset":"https:\/\/i0.wp.com\/ismaelcolosi.com.br\/wp-content\/uploads\/2024\/07\/BUSTO_2024-07-12_12-21-44_jpg_2024-07-12_12-21-45.webp.webp?fit=1200%2C902&ssl=1&resize=350%2C200 1x, https:\/\/i0.wp.com\/ismaelcolosi.com.br\/wp-content\/uploads\/2024\/07\/BUSTO_2024-07-12_12-21-44_jpg_2024-07-12_12-21-45.webp.webp?fit=1200%2C902&ssl=1&resize=525%2C300 1.5x, https:\/\/i0.wp.com\/ismaelcolosi.com.br\/wp-content\/uploads\/2024\/07\/BUSTO_2024-07-12_12-21-44_jpg_2024-07-12_12-21-45.webp.webp?fit=1200%2C902&ssl=1&resize=700%2C400 2x, https:\/\/i0.wp.com\/ismaelcolosi.com.br\/wp-content\/uploads\/2024\/07\/BUSTO_2024-07-12_12-21-44_jpg_2024-07-12_12-21-45.webp.webp?fit=1200%2C902&ssl=1&resize=1050%2C600 3x"},"classes":[]},{"id":62459,"url":"https:\/\/ismaelcolosi.com.br\/index.php\/2024\/08\/27\/busto-de-ex-prefeito-de-ribeirao-preto-e-recolocado-na-praca-xv-de-novembro\/","url_meta":{"origin":56771,"position":1},"title":"Busto de ex-prefeito de Ribeir\u00e3o Preto \u00e9 recolocado na pra\u00e7a XV de Novembro","author":"ismaelcolosi.com.br","date":"27 de August de 2024","format":false,"excerpt":"O busto de bronze em homenagem ao ex-prefeito de Ribeir\u00e3o Preto Camilo de Mattos foi recolocado no pedestal da pra\u00e7a XV de Novembro, no Centro, nesta ter\u00e7a-feira (27). A escultura foi furtada no dia 11 de julho e recuperada quatro dias depois. Segundo a Secretaria da Cultura e Turismo, o\u2026","rel":"","context":"In &quot;Not\u00edcias de Ribeir\u00e3o Preto-SP e Regi\u00e3o&quot;","block_context":{"text":"Not\u00edcias de Ribeir\u00e3o Preto-SP e Regi\u00e3o","link":"https:\/\/ismaelcolosi.com.br\/index.php\/category\/noticias-de-ribeirao-preto-sp-e-regiao-ismael-colosi\/"},"img":{"alt_text":"","src":"https:\/\/i0.wp.com\/ismaelcolosi.com.br\/wp-content\/uploads\/2024\/08\/camilo-de-mattos_2024-08-27_19-21-00_jpg_2024-08-27_19-21-00.webp.webp?fit=1200%2C933&ssl=1&resize=350%2C200","width":350,"height":200,"srcset":"https:\/\/i0.wp.com\/ismaelcolosi.com.br\/wp-content\/uploads\/2024\/08\/camilo-de-mattos_2024-08-27_19-21-00_jpg_2024-08-27_19-21-00.webp.webp?fit=1200%2C933&ssl=1&resize=350%2C200 1x, https:\/\/i0.wp.com\/ismaelcolosi.com.br\/wp-content\/uploads\/2024\/08\/camilo-de-mattos_2024-08-27_19-21-00_jpg_2024-08-27_19-21-00.webp.webp?fit=1200%2C933&ssl=1&resize=525%2C300 1.5x, https:\/\/i0.wp.com\/ismaelcolosi.com.br\/wp-content\/uploads\/2024\/08\/camilo-de-mattos_2024-08-27_19-21-00_jpg_2024-08-27_19-21-00.webp.webp?fit=1200%2C933&ssl=1&resize=700%2C400 2x, https:\/\/i0.wp.com\/ismaelcolosi.com.br\/wp-content\/uploads\/2024\/08\/camilo-de-mattos_2024-08-27_19-21-00_jpg_2024-08-27_19-21-00.webp.webp?fit=1200%2C933&ssl=1&resize=1050%2C600 3x"},"classes":[]},{"id":56828,"url":"https:\/\/ismaelcolosi.com.br\/index.php\/2024\/07\/15\/quem-foi-camilo-de-mattos-ex-prefeito-de-ribeirao-preto-que-teve-busto-de-bronze-furtado\/","url_meta":{"origin":56771,"position":2},"title":"Quem foi Camilo de Mattos? Ex-prefeito de Ribeir\u00e3o Preto que teve busto de bronze\u00a0furtado","author":"ismaelcolosi.com.br","date":"15 de July de 2024","format":false,"excerpt":"Joaquim Camilo de Moraes Mattos, mais conhecido como Camilo de Mattos, foi prefeito, vice-prefeito, vereador e presidente da C\u00e2mara Municipal de Ribeir\u00e3o Preto. Na \u00faltima sexta-feira (12), o busto do pol\u00edtico foi furtado de um pedestal na Pra\u00e7a XV de Novembro, no Centro do munic\u00edpio. A obra foi localizada na\u2026","rel":"","context":"In &quot;Not\u00edcias de Ribeir\u00e3o Preto-SP e Regi\u00e3o&quot;","block_context":{"text":"Not\u00edcias de Ribeir\u00e3o Preto-SP e Regi\u00e3o","link":"https:\/\/ismaelcolosi.com.br\/index.php\/category\/noticias-de-ribeirao-preto-sp-e-regiao-ismael-colosi\/"},"img":{"alt_text":"","src":"https:\/\/i0.wp.com\/ismaelcolosi.com.br\/wp-content\/uploads\/2024\/07\/BUSTO_2024-07-12_12-21-44_jpg_2024-07-12_12-21-45.webp.webp?fit=1200%2C902&ssl=1&resize=350%2C200","width":350,"height":200,"srcset":"https:\/\/i0.wp.com\/ismaelcolosi.com.br\/wp-content\/uploads\/2024\/07\/BUSTO_2024-07-12_12-21-44_jpg_2024-07-12_12-21-45.webp.webp?fit=1200%2C902&ssl=1&resize=350%2C200 1x, https:\/\/i0.wp.com\/ismaelcolosi.com.br\/wp-content\/uploads\/2024\/07\/BUSTO_2024-07-12_12-21-44_jpg_2024-07-12_12-21-45.webp.webp?fit=1200%2C902&ssl=1&resize=525%2C300 1.5x, https:\/\/i0.wp.com\/ismaelcolosi.com.br\/wp-content\/uploads\/2024\/07\/BUSTO_2024-07-12_12-21-44_jpg_2024-07-12_12-21-45.webp.webp?fit=1200%2C902&ssl=1&resize=700%2C400 2x, https:\/\/i0.wp.com\/ismaelcolosi.com.br\/wp-content\/uploads\/2024\/07\/BUSTO_2024-07-12_12-21-44_jpg_2024-07-12_12-21-45.webp.webp?fit=1200%2C902&ssl=1&resize=1050%2C600 3x"},"classes":[]},{"id":30053,"url":"https:\/\/ismaelcolosi.com.br\/index.php\/2024\/01\/20\/conppac-aprova-projeto-de-restauro-do-palacio-rio-branco-em-ribeirao-preto-entenda\/","url_meta":{"origin":56771,"position":3},"title":"Conppac aprova projeto de restauro do Pal\u00e1cio Rio Branco em Ribeir\u00e3o Preto; Entenda","author":"ismaelcolosi.com.br","date":"20 de January de 2024","format":false,"excerpt":"Foi aprovado pelo Conselho de Preserva\u00e7\u00e3o do Patrim\u00f4nio Cultural (Conppac), nesta sexta-feira (19), o projeto de restaura\u00e7\u00e3o do Pal\u00e1cio Rio Branco, no Centro de Ribeir\u00e3o Preto, em atendimento a uma solicita\u00e7\u00e3o da Secretaria Municipal da Cultura e Turismo de Ribeir\u00e3o Preto. O projeto prev\u00ea a reforma de um caf\u00e9, espa\u00e7os\u2026","rel":"","context":"In &quot;Not\u00edcias de Ribeir\u00e3o Preto-SP e Regi\u00e3o&quot;","block_context":{"text":"Not\u00edcias de Ribeir\u00e3o Preto-SP e Regi\u00e3o","link":"https:\/\/ismaelcolosi.com.br\/index.php\/category\/noticias-de-ribeirao-preto-sp-e-regiao-ismael-colosi\/"},"img":{"alt_text":"","src":"https:\/\/i0.wp.com\/ismaelcolosi.com.br\/wp-content\/uploads\/2024\/01\/palacio_rio_1024x576_17112020111814.jpg?fit=1024%2C576&ssl=1&resize=350%2C200","width":350,"height":200,"srcset":"https:\/\/i0.wp.com\/ismaelcolosi.com.br\/wp-content\/uploads\/2024\/01\/palacio_rio_1024x576_17112020111814.jpg?fit=1024%2C576&ssl=1&resize=350%2C200 1x, https:\/\/i0.wp.com\/ismaelcolosi.com.br\/wp-content\/uploads\/2024\/01\/palacio_rio_1024x576_17112020111814.jpg?fit=1024%2C576&ssl=1&resize=525%2C300 1.5x, https:\/\/i0.wp.com\/ismaelcolosi.com.br\/wp-content\/uploads\/2024\/01\/palacio_rio_1024x576_17112020111814.jpg?fit=1024%2C576&ssl=1&resize=700%2C400 2x"},"classes":[]},{"id":29999,"url":"https:\/\/ismaelcolosi.com.br\/index.php\/2024\/01\/19\/projeto-de-restauro-do-palacio-rio-branco-e-aprovado-no-conppac\/","url_meta":{"origin":56771,"position":4},"title":"Projeto de restauro do Pal\u00e1cio Rio Branco \u00e9 aprovado no Conppac","author":"ismaelcolosi.com.br","date":"19 de January de 2024","format":false,"excerpt":"19 de janeiro de 2024 | 19:44 0Prestes a completar 107 anos e com uma hist\u00f3ria que se entrela\u00e7a \u00e0 Funda\u00e7\u00e3o de Ribeir\u00e3o Preto, o Pal\u00e1cio Rio Branco, localizado no centro da cidade, passar\u00e1 por restauro e requalifica\u00e7\u00e3o. O projeto foi aprovado nesta sexta-feira, 19, em reuni\u00e3o extraordin\u00e1ria do Conselho\u2026","rel":"","context":"In &quot;Not\u00edcias de Ribeir\u00e3o Preto-SP e Regi\u00e3o&quot;","block_context":{"text":"Not\u00edcias de Ribeir\u00e3o Preto-SP e Regi\u00e3o","link":"https:\/\/ismaelcolosi.com.br\/index.php\/category\/noticias-de-ribeirao-preto-sp-e-regiao-ismael-colosi\/"},"img":{"alt_text":"","src":"https:\/\/i0.wp.com\/ismaelcolosi.com.br\/wp-content\/uploads\/2024\/01\/prefeitura_palacio_rio_branco_e_praca_-_foto_guilherme_sircili_70-scaled.jpg?fit=968%2C645&ssl=1&resize=350%2C200","width":350,"height":200,"srcset":"https:\/\/i0.wp.com\/ismaelcolosi.com.br\/wp-content\/uploads\/2024\/01\/prefeitura_palacio_rio_branco_e_praca_-_foto_guilherme_sircili_70-scaled.jpg?fit=968%2C645&ssl=1&resize=350%2C200 1x, https:\/\/i0.wp.com\/ismaelcolosi.com.br\/wp-content\/uploads\/2024\/01\/prefeitura_palacio_rio_branco_e_praca_-_foto_guilherme_sircili_70-scaled.jpg?fit=968%2C645&ssl=1&resize=525%2C300 1.5x, https:\/\/i0.wp.com\/ismaelcolosi.com.br\/wp-content\/uploads\/2024\/01\/prefeitura_palacio_rio_branco_e_praca_-_foto_guilherme_sircili_70-scaled.jpg?fit=968%2C645&ssl=1&resize=700%2C400 2x"},"classes":[]},{"id":77772,"url":"https:\/\/ismaelcolosi.com.br\/index.php\/2024\/11\/28\/bureau-defende-retorno-da-secretaria-de-turismo\/","url_meta":{"origin":56771,"position":5},"title":"Bureau defende retorno da Secretaria de Turismo\u00a0","author":"ismaelcolosi.com.br","date":"28 de November de 2024","format":false,"excerpt":"Prefeito eleito afirma que a cria\u00e7\u00e3o de secretaria espec\u00edfica \u00e9 assunto que ser\u00e1 debatido no decorrer do governo, com base em aspectos t\u00e9cnicos e or\u00e7ament\u00e1rios\u00a0 28 de novembro de 202428 de novembro de 20248 Compartilhar0 O Convention & Visitors Bureau de Ribeir\u00e3o Preto e Regi\u00e3o entregou of\u00edcio ao prefeito eleito\u2026","rel":"","context":"In &quot;Not\u00edcias de Ribeir\u00e3o Preto-SP e Regi\u00e3o&quot;","block_context":{"text":"Not\u00edcias de Ribeir\u00e3o Preto-SP e Regi\u00e3o","link":"https:\/\/ismaelcolosi.com.br\/index.php\/category\/noticias-de-ribeirao-preto-sp-e-regiao-ismael-colosi\/"},"img":{"alt_text":"","src":"https:\/\/i0.wp.com\/ismaelcolosi.com.br\/wp-content\/uploads\/2024\/11\/TurismoRP-JF-Pimenta-Arquivo-scaled.jpg?fit=800%2C429&ssl=1&resize=350%2C200","width":350,"height":200,"srcset":"https:\/\/i0.wp.com\/ismaelcolosi.com.br\/wp-content\/uploads\/2024\/11\/TurismoRP-JF-Pimenta-Arquivo-scaled.jpg?fit=800%2C429&ssl=1&resize=350%2C200 1x, https:\/\/i0.wp.com\/ismaelcolosi.com.br\/wp-content\/uploads\/2024\/11\/TurismoRP-JF-Pimenta-Arquivo-scaled.jpg?fit=800%2C429&ssl=1&resize=525%2C300 1.5x, https:\/\/i0.wp.com\/ismaelcolosi.com.br\/wp-content\/uploads\/2024\/11\/TurismoRP-JF-Pimenta-Arquivo-scaled.jpg?fit=800%2C429&ssl=1&resize=700%2C400 2x"},"classes":[]}],"jetpack_sharing_enabled":true,"jetpack_shortlink":"https:\/\/wp.me\/pfMlyK-eLF","_links":{"self":[{"href":"https:\/\/ismaelcolosi.com.br\/index.php\/wp-json\/wp\/v2\/posts\/56771","targetHints":{"allow":["GET"]}}],"collection":[{"href":"https:\/\/ismaelcolosi.com.br\/index.php\/wp-json\/wp\/v2\/posts"}],"about":[{"href":"https:\/\/ismaelcolosi.com.br\/index.php\/wp-json\/wp\/v2\/types\/post"}],"author":[{"embeddable":true,"href":"https:\/\/ismaelcolosi.com.br\/index.php\/wp-json\/wp\/v2\/users\/1"}],"replies":[{"embeddable":true,"href":"https:\/\/ismaelcolosi.com.br\/index.php\/wp-json\/wp\/v2\/comments?post=56771"}],"version-history":[{"count":0,"href":"https:\/\/ismaelcolosi.com.br\/index.php\/wp-json\/wp\/v2\/posts\/56771\/revisions"}],"wp:featuredmedia":[{"embeddable":true,"href":"https:\/\/ismaelcolosi.com.br\/index.php\/wp-json\/wp\/v2\/media\/56772"}],"wp:attachment":[{"href":"https:\/\/ismaelcolosi.com.br\/index.php\/wp-json\/wp\/v2\/media?parent=56771"}],"wp:term":[{"taxonomy":"category","embeddable":true,"href":"https:\/\/ismaelcolosi.com.br\/index.php\/wp-json\/wp\/v2\/categories?post=56771"},{"taxonomy":"post_tag","embeddable":true,"href":"https:\/\/ismaelcolosi.com.br\/index.php\/wp-json\/wp\/v2\/tags?post=56771"}],"curies":[{"name":"wp","href":"https:\/\/api.w.org\/{rel}","templated":true}]}}