{"id":56765,"date":"2024-07-15T11:22:50","date_gmt":"2024-07-15T14:22:50","guid":{"rendered":"https:\/\/ismaelcolosi.com.br\/index.php\/2024\/07\/15\/tenor-jean-william-apresenta-o-show-raizes-caipiras-em-ribeirao-preto\/"},"modified":"2024-07-15T11:22:50","modified_gmt":"2024-07-15T14:22:50","slug":"tenor-jean-william-apresenta-o-show-raizes-caipiras-em-ribeirao-preto","status":"publish","type":"post","link":"https:\/\/ismaelcolosi.com.br\/index.php\/2024\/07\/15\/tenor-jean-william-apresenta-o-show-raizes-caipiras-em-ribeirao-preto\/","title":{"rendered":"Tenor Jean William apresenta o show \u2018Ra\u00edzes Caipiras\u2019 em Ribeir\u00e3o Preto"},"content":{"rendered":"<p> <br \/>\n<\/p>\n<div>\n<p>O tenor <strong>Jean William <\/strong>apresenta o show<strong> \u201cRa\u00edzes Caipiras\u201d<\/strong>, no <strong>Theatro Pedro II<\/strong>, em<strong> Ribeir\u00e3o Preto<\/strong>, na pr\u00f3xima quarta-feira (17). O tenor contar\u00e1 com a parceria do violeiro Neymar Dias e de uma orquestra de c\u00e2mara, a partir das 20h.<\/p>\n<p>A apresentar\u00e3o traz cl\u00e1ssicos da m\u00fasica raiz tradicional brasileira, como \u201cNo Rancho Fundo\u201d, \u201cLuar do Sert\u00e3o\u201d, \u201cTocando em Frente\u201d, \u201cRomaria\u201d, \u201cBoiadeiro Errante\u201d, \u201cChalana\u201d e \u201cGalopeira\u201d fazem parte do repert\u00f3rio.<\/p>\n<p>O espet\u00e1culo que teve sua estreia com sucesso de p\u00fablico e cr\u00edtica em Uberaba, j\u00e1 passou por Goi\u00e2nia e agora chega a Ribeir\u00e3o Preto.<\/p>\n<h4 class=\"wp-block-heading\"><strong>Ingressos<\/strong><\/h4>\n<p><mark style=\"background-color:#fcb900\" class=\"has-inline-color has-black-color\">A retirada dos ingressos gratuitos dever\u00e1 ser realizada pela plataforma<a href=\"https:\/\/www.sympla.com.br\/evento\/show-raizes-caipiras-ribeirao-preto\/2516655?referrer=www.theatropedro2.com.br\" target=\"_blank\" rel=\"noreferrer noopener nofollow\"> <strong>Sympla<\/strong> (clique aqui)<\/a> ou na bilheteria do <strong>Theatro Pedro II<\/strong>. <\/mark>Ap\u00f3s a apresenta\u00e7\u00e3o, ocorrer\u00e1 a noite de aut\u00f3grafos e lan\u00e7amento do livro \u201cO resumo da \u00f3pera: Como Jean William cresceu e venceu pela m\u00fasica\u201d.<\/p>\n<h4 class=\"wp-block-heading\"><strong>Quem \u00e9 Jean William?<\/strong><\/h4>\n<p>Jean William \u00e9 conhecido por sua voz potente e versatilidade, sendo um dos tenores mais renomados do Brasil. Jean William nasceu em <strong>Sert\u00e3ozinho<\/strong>, viveu em <strong>Barrinha<\/strong>, perto de Ribeir\u00e3o Preto, e foi criado pelos av\u00f3s.<\/p>\n<p>Com o av\u00f4 Joaquim, boia-fria aposentado, autodidata em viol\u00e3o, violino e acorde\u00e3o, ouvia e aprendia m\u00fasica caipira. Aos 8 anos passou a cantar no coral da igreja. \u00c9 formado em m\u00fasica pela ECA-USP.<\/p>\n<p>Estudou em<strong> Mil\u00e3o<\/strong> com a diretora do<strong> Teatro Alla Scala de Mil\u00e3o<\/strong>, Luciana Serra, e foi homenageado no maior programa de \u00f3pera do norte europeu, Ridotto del \u00d3pera.<\/p>\n<p>J\u00e1 se apresentou nos principais teatros do Brasil e em v\u00e1rios pa\u00edses ao redor do mundo. Em 2013 cantou na primeira visita do <strong>Papa Francisco <\/strong>ao Brasil.<\/p>\n<p>Em 2018 foi recebido na opera de Montecarlo a convite do <strong>Pr\u00edncipe Aberto II<\/strong>. Possui um \u00e1lbum duplo gravado em 2014 intitulado Dois Atos. J\u00e1 se apresentou ao lado de artistas como Laura Pausini, Sandy, M\u00f4nica Salmaso, entre outros.<\/p>\n<p>Em Barrinha, cidade onde cresceu, foi homenageado com a constru\u00e7\u00e3o de um teatro que leva seu nome. Recebeu da Funda\u00e7\u00e3o Pirelli para as artes o pr\u00eamio \u201cTalent ar Work\u201d, que premia jovens artistas empreendedores.<\/p>\n<p>Em 2023, rodou o Brasil com a turn\u00ea \u201cCantos Brasileiros: Origens\u201d, em que a m\u00fasica erudita brasileira \u00e9 colocada ao lado de grandes cl\u00e1ssicos da MPB com arranjos especiais para um cantor l\u00edrico acompanhado por um coro e conjuntos instrumentais.<\/p>\n<p>SAIBA MAIS<br \/>Interior de SP tem alerta de perigo potencial nesta segunda; Confira a previs\u00e3o do tempo<\/p>\n<h4 class=\"wp-block-heading\"><strong>FIQUE ON<\/strong><\/h4>\n<p>Fique ligado em tudo que acontece em Ribeir\u00e3o Preto e regi\u00e3o. Siga os perfis do<strong> acidade on <\/strong>no<a href=\"https:\/\/www.instagram.com\/acidadeonribeirao\" target=\"_blank\" rel=\"noreferrer noopener nofollow\"> Instagram<\/a> e no <a href=\"https:\/\/www.facebook.com\/acidadeonribeirao\/\" target=\"_blank\" rel=\"noreferrer noopener nofollow\">Facebook<\/a>.<\/p>\n<p>Receba not\u00edcias do<strong> acidade on<\/strong> no WhatsApp. <a href=\"https:\/\/chat.whatsapp.com\/CdrZ6xrf7quD44Vw3WlPuZ\" target=\"_blank\" rel=\"noreferrer noopener nofollow\">Para entrar no grupo, basta clicar aqui.<\/a><\/p>\n<p>Fa\u00e7a uma den\u00fancia ou sugira uma reportagem sobre Ribeir\u00e3o Preto e regi\u00e3o pelo WhatsApp: 16 99117 7802.<\/p>\n<p>VEJA TAMB\u00c9M<br \/>Qual o parentesco entre Antonio Banderas e Dakota Johnson?<\/p>\n<p><!-- AI CONTENT END 1 -->\n<\/div>\n<p><script async src=\"\/\/www.instagram.com\/embed.js\"><\/script><br \/>\n<br \/><br \/>\n<br \/><a href=\"https:\/\/www.acidadeon.com\/ribeiraopreto\/lazer-e-cultura\/tenor-jean-william-apresenta-o-show-raizes-caipiras-em-ribeirao-preto\/\">Source link <\/a><\/p>\n<div class='code-block code-block-4' style='margin: 8px auto 8px 0; text-align: left; display: block; clear: both;'>\n\ud83d\udce2 Aviso Legal\n\nO site ismaelcolosi.com.br atua apenas como um canal de divulga\u00e7\u00e3o de oportunidades de emprego e n\u00e3o se responsabiliza pelo processo seletivo, contrata\u00e7\u00e3o ou qualquer outra etapa relacionada \u00e0s vagas publicadas. Todas as informa\u00e7\u00f5es s\u00e3o de responsabilidade dos anunciantes.\n\n\u26a0\ufe0f Aten\u00e7\u00e3o! Nunca pague por promessas de emprego nem compre cursos que garantam contrata\u00e7\u00e3o. Desconfie de qualquer cobran\u00e7a para participar de sele\u00e7\u00f5es.\n\n\n\n<\/div>\n<!-- CONTENT END 1 -->\n","protected":false},"excerpt":{"rendered":"<p>O tenor Jean William apresenta o show \u201cRa\u00edzes Caipiras\u201d, no Theatro Pedro II, em Ribeir\u00e3o Preto, na pr\u00f3xima quarta-feira (17). O tenor contar\u00e1 com a&#8230;<\/p>\n","protected":false},"author":1,"featured_media":56766,"comment_status":"open","ping_status":"open","sticky":false,"template":"","format":"standard","meta":{"_uag_custom_page_level_css":"","advanced_seo_description":"","jetpack_seo_html_title":"","jetpack_seo_noindex":false,"jetpack_post_was_ever_published":false,"_jetpack_newsletter_access":"","_jetpack_dont_email_post_to_subs":false,"_jetpack_newsletter_tier_id":0,"_jetpack_memberships_contains_paywalled_content":false,"_jetpack_memberships_contains_paid_content":false,"footnotes":"","jetpack_publicize_message":"","jetpack_publicize_feature_enabled":true,"jetpack_social_post_already_shared":true,"jetpack_social_options":{"image_generator_settings":{"template":"highway","default_image_id":0,"font":"","enabled":false},"version":2}},"categories":[11],"tags":[],"class_list":["post-56765","post","type-post","status-publish","format-standard","has-post-thumbnail","hentry","category-noticias-de-ribeirao-preto-sp-e-regiao-ismael-colosi"],"jetpack_publicize_connections":[],"jetpack_featured_media_url":"https:\/\/i0.wp.com\/ismaelcolosi.com.br\/wp-content\/uploads\/2024\/07\/AnyConv.com__jean-william-1-1_2024-07-15_13-31-59.webp.webp?fit=1200%2C800&ssl=1","uagb_featured_image_src":{"full":["https:\/\/i0.wp.com\/ismaelcolosi.com.br\/wp-content\/uploads\/2024\/07\/AnyConv.com__jean-william-1-1_2024-07-15_13-31-59.webp.webp?fit=1200%2C800&ssl=1",1200,800,false],"thumbnail":["https:\/\/i0.wp.com\/ismaelcolosi.com.br\/wp-content\/uploads\/2024\/07\/AnyConv.com__jean-william-1-1_2024-07-15_13-31-59.webp.webp?resize=150%2C150&ssl=1",150,150,true],"medium":["https:\/\/i0.wp.com\/ismaelcolosi.com.br\/wp-content\/uploads\/2024\/07\/AnyConv.com__jean-william-1-1_2024-07-15_13-31-59.webp.webp?fit=300%2C200&ssl=1",300,200,true],"medium_large":["https:\/\/i0.wp.com\/ismaelcolosi.com.br\/wp-content\/uploads\/2024\/07\/AnyConv.com__jean-william-1-1_2024-07-15_13-31-59.webp.webp?fit=768%2C512&ssl=1",768,512,true],"large":["https:\/\/i0.wp.com\/ismaelcolosi.com.br\/wp-content\/uploads\/2024\/07\/AnyConv.com__jean-william-1-1_2024-07-15_13-31-59.webp.webp?fit=1024%2C683&ssl=1",1024,683,true],"1536x1536":["https:\/\/i0.wp.com\/ismaelcolosi.com.br\/wp-content\/uploads\/2024\/07\/AnyConv.com__jean-william-1-1_2024-07-15_13-31-59.webp.webp?fit=1200%2C800&ssl=1",1200,800,true],"2048x2048":["https:\/\/i0.wp.com\/ismaelcolosi.com.br\/wp-content\/uploads\/2024\/07\/AnyConv.com__jean-william-1-1_2024-07-15_13-31-59.webp.webp?fit=1200%2C800&ssl=1",1200,800,true],"really-simple-thumb":["https:\/\/i0.wp.com\/ismaelcolosi.com.br\/wp-content\/uploads\/2024\/07\/AnyConv.com__jean-william-1-1_2024-07-15_13-31-59.webp.webp?resize=370%2C247&ssl=1",370,247,true]},"uagb_author_info":{"display_name":"ismaelcolosi.com.br","author_link":"https:\/\/ismaelcolosi.com.br\/index.php\/author\/vidareal-online\/"},"uagb_comment_info":0,"uagb_excerpt":"O tenor Jean William apresenta o show \u201cRa\u00edzes Caipiras\u201d, no Theatro Pedro II, em Ribeir\u00e3o Preto, na pr\u00f3xima quarta-feira (17). O tenor contar\u00e1 com a...","jetpack-related-posts":[{"id":29856,"url":"https:\/\/ismaelcolosi.com.br\/index.php\/2024\/01\/19\/nany-people-se-apresenta-em-ribeirao-com-o-stand-up-como-salvar-um-casamento\/","url_meta":{"origin":56765,"position":0},"title":"Nany People se apresenta em Ribeir\u00e3o com o stand-up &#8216;Como Salvar Um Casamento&#8217;","author":"ismaelcolosi.com.br","date":"19 de January de 2024","format":false,"excerpt":"A atriz e comediante Nany People volta a Ribeir\u00e3o Preto no dia 1\u00ba de mar\u00e7o para apresentar o seu novo espet\u00e1culo \u201cComo Salvar Um Casamento\u201c, no Teatro Municipal. A artista retorna \u00e0s suas ra\u00edzes teatrais num mon\u00f3logo que fez hist\u00f3ria em sua carreira. O espet\u00e1culo ter\u00e1 \u00fanica apresenta\u00e7\u00e3o e as\u2026","rel":"","context":"In &quot;Not\u00edcias de Ribeir\u00e3o Preto-SP e Regi\u00e3o&quot;","block_context":{"text":"Not\u00edcias de Ribeir\u00e3o Preto-SP e Regi\u00e3o","link":"https:\/\/ismaelcolosi.com.br\/index.php\/category\/noticias-de-ribeirao-preto-sp-e-regiao-ismael-colosi\/"},"img":{"alt_text":"","src":"https:\/\/i0.wp.com\/ismaelcolosi.com.br\/wp-content\/uploads\/2024\/01\/FOTO-CARDS-1.jpg?fit=640%2C500&ssl=1&resize=350%2C200","width":350,"height":200,"srcset":"https:\/\/i0.wp.com\/ismaelcolosi.com.br\/wp-content\/uploads\/2024\/01\/FOTO-CARDS-1.jpg?fit=640%2C500&ssl=1&resize=350%2C200 1x, https:\/\/i0.wp.com\/ismaelcolosi.com.br\/wp-content\/uploads\/2024\/01\/FOTO-CARDS-1.jpg?fit=640%2C500&ssl=1&resize=525%2C300 1.5x"},"classes":[]},{"id":37124,"url":"https:\/\/ismaelcolosi.com.br\/index.php\/2024\/02\/14\/renato-albani-se-apresenta-em-ribeirao-preto-veja-como-comprar-ingressos\/","url_meta":{"origin":56765,"position":1},"title":"Renato Albani se apresenta em Ribeir\u00e3o Preto; Veja como comprar ingressos","author":"ismaelcolosi.com.br","date":"14 de February de 2024","format":false,"excerpt":"O humorista Renato Albani se apresenta em Ribeir\u00e3o Preto em mar\u00e7o com o \u201cNovo Show\u201d no Theatro Pedro II, no dia 15 de mar\u00e7o, \u00e0s 19h e \u00e0s 21h. Ingressos ainda est\u00e3o dispon\u00edveis. Renato j\u00e1 esteve em Ribeir\u00e3o Preto para apresentar o show \u201cAssim Caminha a Humanidade\u201d. Agora, ele traz\u2026","rel":"","context":"In &quot;Not\u00edcias de Ribeir\u00e3o Preto-SP e Regi\u00e3o&quot;","block_context":{"text":"Not\u00edcias de Ribeir\u00e3o Preto-SP e Regi\u00e3o","link":"https:\/\/ismaelcolosi.com.br\/index.php\/category\/noticias-de-ribeirao-preto-sp-e-regiao-ismael-colosi\/"},"img":{"alt_text":"","src":"https:\/\/i0.wp.com\/ismaelcolosi.com.br\/wp-content\/uploads\/2024\/02\/Capturar-10.jpg?fit=645%2C423&ssl=1&resize=350%2C200","width":350,"height":200,"srcset":"https:\/\/i0.wp.com\/ismaelcolosi.com.br\/wp-content\/uploads\/2024\/02\/Capturar-10.jpg?fit=645%2C423&ssl=1&resize=350%2C200 1x, https:\/\/i0.wp.com\/ismaelcolosi.com.br\/wp-content\/uploads\/2024\/02\/Capturar-10.jpg?fit=645%2C423&ssl=1&resize=525%2C300 1.5x"},"classes":[]},{"id":27649,"url":"https:\/\/ismaelcolosi.com.br\/index.php\/2024\/01\/12\/victor-e-leo-trazem-turne-para-ribeirao-preto-ingressos-ja-estao-disponiveis\/","url_meta":{"origin":56765,"position":2},"title":"Victor e Leo trazem turn\u00ea para Ribeir\u00e3o Preto; Ingressos j\u00e1 est\u00e3o dispon\u00edveis","author":"ismaelcolosi.com.br","date":"12 de January de 2024","format":false,"excerpt":"A dupla sertaneja Victor e L\u00e9o se apresenta, no dia 06 de abril, na Arena Nicnet Eurobike, em Ribeir\u00e3o Preto. A apresenta\u00e7\u00e3o faz parte de uma turn\u00ea que marca o retorno da dupla aos palcos. Em 2018, os irm\u00e3os anunciaram uma pausa na carreira, ap\u00f3s 26 anos de estrada. No\u2026","rel":"","context":"In &quot;Not\u00edcias de Ribeir\u00e3o Preto-SP e Regi\u00e3o&quot;","block_context":{"text":"Not\u00edcias de Ribeir\u00e3o Preto-SP e Regi\u00e3o","link":"https:\/\/ismaelcolosi.com.br\/index.php\/category\/noticias-de-ribeirao-preto-sp-e-regiao-ismael-colosi\/"},"img":{"alt_text":"","src":"https:\/\/i0.wp.com\/ismaelcolosi.com.br\/wp-content\/uploads\/2024\/01\/387267941_857011422480642_5547308991292430978_n.jpg?fit=1080%2C720&ssl=1&resize=350%2C200","width":350,"height":200,"srcset":"https:\/\/i0.wp.com\/ismaelcolosi.com.br\/wp-content\/uploads\/2024\/01\/387267941_857011422480642_5547308991292430978_n.jpg?fit=1080%2C720&ssl=1&resize=350%2C200 1x, https:\/\/i0.wp.com\/ismaelcolosi.com.br\/wp-content\/uploads\/2024\/01\/387267941_857011422480642_5547308991292430978_n.jpg?fit=1080%2C720&ssl=1&resize=525%2C300 1.5x, https:\/\/i0.wp.com\/ismaelcolosi.com.br\/wp-content\/uploads\/2024\/01\/387267941_857011422480642_5547308991292430978_n.jpg?fit=1080%2C720&ssl=1&resize=700%2C400 2x, https:\/\/i0.wp.com\/ismaelcolosi.com.br\/wp-content\/uploads\/2024\/01\/387267941_857011422480642_5547308991292430978_n.jpg?fit=1080%2C720&ssl=1&resize=1050%2C600 3x"},"classes":[]},{"id":62486,"url":"https:\/\/ismaelcolosi.com.br\/index.php\/2024\/08\/27\/a-bella-italia-volta-ao-theatro-pedro-ii-em-ribeirao-preto-ingressos-estao-disponiveis\/","url_meta":{"origin":56765,"position":3},"title":"&#8216;A Bella It\u00e1lia&#8217; volta ao Theatro Pedro II, em Ribeir\u00e3o Preto; Ingressos est\u00e3o dispon\u00edveis","author":"ismaelcolosi.com.br","date":"27 de August de 2024","format":false,"excerpt":"O espet\u00e1culo musical \u2018A Bella It\u00e1lia\u2019 retorna ao palco do Theatro Pedro II, em Ribeir\u00e3o Preto, para apresenta\u00e7\u00e3o \u00fanica no dia 7 de setembro, \u00e0s 20h. Os ingressos j\u00e1 est\u00e3o dispon\u00edveis e podem ser adquiridos de forma on-line (clique aqui). Os valores variam entre R$ 45 (meia) e R$ 220\u2026","rel":"","context":"In &quot;Not\u00edcias de Ribeir\u00e3o Preto-SP e Regi\u00e3o&quot;","block_context":{"text":"Not\u00edcias de Ribeir\u00e3o Preto-SP e Regi\u00e3o","link":"https:\/\/ismaelcolosi.com.br\/index.php\/category\/noticias-de-ribeirao-preto-sp-e-regiao-ismael-colosi\/"},"img":{"alt_text":"","src":"https:\/\/i0.wp.com\/ismaelcolosi.com.br\/wp-content\/uploads\/2024\/08\/4_2024-08-27_20-57-34_png_2024-08-27_20-57-34-e1724792761835.webp.webp?fit=392%2C258&ssl=1&resize=350%2C200","width":350,"height":200},"classes":[]},{"id":37706,"url":"https:\/\/ismaelcolosi.com.br\/index.php\/2024\/02\/17\/emicida-se-apresenta-no-sesc-ribeirao-preto-veja-como-comprar-ingressos\/","url_meta":{"origin":56765,"position":4},"title":"Emicida se apresenta no Sesc Ribeir\u00e3o Preto; Veja como comprar ingressos","author":"ismaelcolosi.com.br","date":"17 de February de 2024","format":false,"excerpt":"O rapper Emicida se apresenta no Sesc Ribeir\u00e3o Preto, no dia 15 de mar\u00e7o, \u00e0s 20h. O show \u201cAmarElo Encontra A Love Supreme\u201d ser\u00e1 no gin\u00e1sio e ter\u00e1 1.300 lugares dispon\u00edveis para o evento. Ser\u00e1 permitida a entrada no show maiores de 16 anos de idade. Veja como comprar ingressos\u2026","rel":"","context":"In &quot;Not\u00edcias de Ribeir\u00e3o Preto-SP e Regi\u00e3o&quot;","block_context":{"text":"Not\u00edcias de Ribeir\u00e3o Preto-SP e Regi\u00e3o","link":"https:\/\/ismaelcolosi.com.br\/index.php\/category\/noticias-de-ribeirao-preto-sp-e-regiao-ismael-colosi\/"},"img":{"alt_text":"","src":"https:\/\/ismaelcolosi.com.br\/wp-content\/uploads\/2024\/02\/whatsapp_image_2023-03-17_at_12_10_52.jpe","width":350,"height":200,"srcset":"https:\/\/ismaelcolosi.com.br\/wp-content\/uploads\/2024\/02\/whatsapp_image_2023-03-17_at_12_10_52.jpe 1x, https:\/\/ismaelcolosi.com.br\/wp-content\/uploads\/2024\/02\/whatsapp_image_2023-03-17_at_12_10_52.jpe 1.5x, https:\/\/ismaelcolosi.com.br\/wp-content\/uploads\/2024\/02\/whatsapp_image_2023-03-17_at_12_10_52.jpe 2x, https:\/\/ismaelcolosi.com.br\/wp-content\/uploads\/2024\/02\/whatsapp_image_2023-03-17_at_12_10_52.jpe 3x"},"classes":[]},{"id":54198,"url":"https:\/\/ismaelcolosi.com.br\/index.php\/2024\/06\/22\/sepultura-zeca-pagodinho-henrique-e-juliano-veja-shows-confirmados-para-o-2o-semestre-em-ribeirao-preto\/","url_meta":{"origin":56765,"position":5},"title":"Sepultura, Zeca Pagodinho, Henrique e Juliano: Veja shows confirmados para o 2\u00ba semestre em Ribeir\u00e3o Preto","author":"ismaelcolosi.com.br","date":"22 de June de 2024","format":false,"excerpt":"Ribeir\u00e3o Preto t\u00eam 18 shows confirmados, at\u00e9 o momento, para o 2\u00ba semestre de 2024. Entre as atra\u00e7\u00f5es, est\u00e3o Sepultura, Zeca Pagodinho, Henrique e Juliano e Natiruts. Julho Dado Villa Lobos e Marcelo Bonfa No dia 5 de julho, o Multiplan Hall, do Ribeir\u00e3oShopping recebe o a turn\u00ea \u201cAs V\u2026","rel":"","context":"In &quot;Not\u00edcias de Ribeir\u00e3o Preto-SP e Regi\u00e3o&quot;","block_context":{"text":"Not\u00edcias de Ribeir\u00e3o Preto-SP e Regi\u00e3o","link":"https:\/\/ismaelcolosi.com.br\/index.php\/category\/noticias-de-ribeirao-preto-sp-e-regiao-ismael-colosi\/"},"img":{"alt_text":"","src":"https:\/\/i0.wp.com\/ismaelcolosi.com.br\/wp-content\/uploads\/2024\/06\/Copia-de-Copia-de-TAMANHO-EXATO-PARA-FOTOS-NO-SISTEMA-NOVO-17_2024-06-22_16-03-43_jpg_2024-06-22_16-03-43.webp.webp?fit=1200%2C675&ssl=1&resize=350%2C200","width":350,"height":200,"srcset":"https:\/\/i0.wp.com\/ismaelcolosi.com.br\/wp-content\/uploads\/2024\/06\/Copia-de-Copia-de-TAMANHO-EXATO-PARA-FOTOS-NO-SISTEMA-NOVO-17_2024-06-22_16-03-43_jpg_2024-06-22_16-03-43.webp.webp?fit=1200%2C675&ssl=1&resize=350%2C200 1x, https:\/\/i0.wp.com\/ismaelcolosi.com.br\/wp-content\/uploads\/2024\/06\/Copia-de-Copia-de-TAMANHO-EXATO-PARA-FOTOS-NO-SISTEMA-NOVO-17_2024-06-22_16-03-43_jpg_2024-06-22_16-03-43.webp.webp?fit=1200%2C675&ssl=1&resize=525%2C300 1.5x, https:\/\/i0.wp.com\/ismaelcolosi.com.br\/wp-content\/uploads\/2024\/06\/Copia-de-Copia-de-TAMANHO-EXATO-PARA-FOTOS-NO-SISTEMA-NOVO-17_2024-06-22_16-03-43_jpg_2024-06-22_16-03-43.webp.webp?fit=1200%2C675&ssl=1&resize=700%2C400 2x, https:\/\/i0.wp.com\/ismaelcolosi.com.br\/wp-content\/uploads\/2024\/06\/Copia-de-Copia-de-TAMANHO-EXATO-PARA-FOTOS-NO-SISTEMA-NOVO-17_2024-06-22_16-03-43_jpg_2024-06-22_16-03-43.webp.webp?fit=1200%2C675&ssl=1&resize=1050%2C600 3x"},"classes":[]}],"jetpack_sharing_enabled":true,"jetpack_shortlink":"https:\/\/wp.me\/pfMlyK-eLz","_links":{"self":[{"href":"https:\/\/ismaelcolosi.com.br\/index.php\/wp-json\/wp\/v2\/posts\/56765","targetHints":{"allow":["GET"]}}],"collection":[{"href":"https:\/\/ismaelcolosi.com.br\/index.php\/wp-json\/wp\/v2\/posts"}],"about":[{"href":"https:\/\/ismaelcolosi.com.br\/index.php\/wp-json\/wp\/v2\/types\/post"}],"author":[{"embeddable":true,"href":"https:\/\/ismaelcolosi.com.br\/index.php\/wp-json\/wp\/v2\/users\/1"}],"replies":[{"embeddable":true,"href":"https:\/\/ismaelcolosi.com.br\/index.php\/wp-json\/wp\/v2\/comments?post=56765"}],"version-history":[{"count":0,"href":"https:\/\/ismaelcolosi.com.br\/index.php\/wp-json\/wp\/v2\/posts\/56765\/revisions"}],"wp:featuredmedia":[{"embeddable":true,"href":"https:\/\/ismaelcolosi.com.br\/index.php\/wp-json\/wp\/v2\/media\/56766"}],"wp:attachment":[{"href":"https:\/\/ismaelcolosi.com.br\/index.php\/wp-json\/wp\/v2\/media?parent=56765"}],"wp:term":[{"taxonomy":"category","embeddable":true,"href":"https:\/\/ismaelcolosi.com.br\/index.php\/wp-json\/wp\/v2\/categories?post=56765"},{"taxonomy":"post_tag","embeddable":true,"href":"https:\/\/ismaelcolosi.com.br\/index.php\/wp-json\/wp\/v2\/tags?post=56765"}],"curies":[{"name":"wp","href":"https:\/\/api.w.org\/{rel}","templated":true}]}}