{"id":56732,"date":"2024-07-15T08:58:10","date_gmt":"2024-07-15T11:58:10","guid":{"rendered":"https:\/\/ismaelcolosi.com.br\/index.php\/2024\/07\/15\/inscricao-para-concurso-da-justica-eleitoral-com-412-vagas-termina-nesta-quinta\/"},"modified":"2024-07-15T08:58:10","modified_gmt":"2024-07-15T11:58:10","slug":"inscricao-para-concurso-da-justica-eleitoral-com-412-vagas-termina-nesta-quinta","status":"publish","type":"post","link":"https:\/\/ismaelcolosi.com.br\/index.php\/2024\/07\/15\/inscricao-para-concurso-da-justica-eleitoral-com-412-vagas-termina-nesta-quinta\/","title":{"rendered":"Inscri\u00e7\u00e3o para concurso da Justi\u00e7a Eleitoral com 412 vagas termina nesta quinta"},"content":{"rendered":"<p> <br \/>\n<\/p>\n<div id=\"\">\n<div class=\"content-infos\">\n<div class=\"texts\">\n<p class=\"author tooltip-comp\"> Ag\u00eancia Brasil<span class=\"icon-i\">i<\/span><span class=\"tooltiptext\"> <span class=\"author\"><span>Ag\u00eancia Brasil<\/span> <\/span><span class=\"desc\"\/> <\/span><\/p>\n<p>15\/07\/2024 &#8211; 8:36<\/p>\n<\/div>\n<div id=\"share-modal\" class=\"share-modal\"> <button class=\"box-close btn-share\"> <img decoding=\"async\" src=\"https:\/\/istoedinheiro.com.br\/wp-content\/themes\/dinheiro-wp-theme\/assets\/img\/svg\/closeIcon.svg?x46096\" alt=\"Close icon\" class=\"close-btn lazy\"\/> <\/button><\/div>\n<\/p><\/div>\n<p>As inscri\u00e7\u00f5es para o concurso unificado da Justi\u00e7a Eleitoral terminam na pr\u00f3xima quinta-feira (18), \u00e0s 18h, no hor\u00e1rio oficial de Bras\u00edlia.\u00a0Ao todo, o Tribunal Superior Eleitoral (TSE) e 26 tribunais regionais eleitorais (TREs) oferecer\u00e3o 412 vagas para 21 cargos das carreiras de analista e de t\u00e9cnico judici\u00e1rio, ambos de n\u00edvel superior de ensino, em diversas especialidades.<\/p>\n<p>O concurso ir\u00e1 preencher vagas de cargos efetivos dos quadros de pessoal da Justi\u00e7a Eleitoral, al\u00e9m da forma\u00e7\u00e3o de cadastro reserva.\u00a0O cargo com a maior oferta \u00e9 o de t\u00e9cnico judici\u00e1rio \u2013 \u00e1rea administrativa, com 208 vagas.<\/p>\n<p><strong>+ Tarc\u00edsio veta projeto que exclui prova oral de concursos da Pol\u00edcia Civil de S\u00e3o Paulo<\/strong><br \/><strong>+ TRT do Rio anuncia concurso para contrata\u00e7\u00e3o de servidores<\/strong><\/p>\n<p>A remunera\u00e7\u00e3o mensal para analista judici\u00e1rio \u00e9 R$ 13.994,78 e para t\u00e9cnico judici\u00e1rio, R$ 8.529,65, exceto para o cargo de t\u00e9cnico judici\u00e1rio, na especialidade de agente da pol\u00edcia judicial, de R$ 9.773,56.\u00a0A jornada de trabalho ser\u00e1 de 20 a 40 horas semanais, conforme o cargo de admiss\u00e3o.<\/p>\n<p>O certame prev\u00ea ainda reserva de 20% de vagas para pessoas negras, 10% para pessoas com defici\u00eancia e 3% para ind\u00edgenas.<\/p>\n<h2>Inscri\u00e7\u00e3o<\/h2>\n<p>A inscri\u00e7\u00e3o deve ser feita pelo <a href=\"https:\/\/security.cebraspe.org.br\/cadastro\/\" target=\"_blank\" rel=\"noopener\"><em>site<\/em><\/a> do Centro Brasileiro de Pesquisa em Avalia\u00e7\u00e3o e Sele\u00e7\u00e3o e de Promo\u00e7\u00e3o de Eventos (Cebraspe), a empresa que organizar\u00e1 o concurso.<\/p>\n<p>Para concorrer aos cargos, \u00e9 necess\u00e1rio ter diploma, devidamente registrado, de conclus\u00e3o de curso de superior na \u00e1rea de atua\u00e7\u00e3o pretendida, fornecido por institui\u00e7\u00e3o de ensino superior reconhecida pelo Minist\u00e9rio da Educa\u00e7\u00e3o, e registro no \u00f3rg\u00e3o de classe, quando requisitado.<\/p>\n<p>A solicita\u00e7\u00e3o de inscri\u00e7\u00e3o com isen\u00e7\u00e3o de taxa tamb\u00e9m pode ser feita no mesmo endere\u00e7o eletr\u00f4nico. O edital prev\u00ea duas situa\u00e7\u00f5es para o pedido de isen\u00e7\u00e3o. O candidato deve ser membro de fam\u00edlia de baixa renda, inscrita no Cadastro \u00danico para Programas Sociais do governo federal (Cad\u00danico), e ser doador de medula \u00f3ssea em entidades reconhecidas pelo Minist\u00e9rio da Sa\u00fade, conforme a Lei n\u00ba 13.656\/2018. A documenta\u00e7\u00e3o referente \u00e0 solicita\u00e7\u00e3o de isen\u00e7\u00e3o de pagamento da taxa de inscri\u00e7\u00e3o deve ser enviada de forma eletr\u00f4nica no <em>site<\/em> do <a href=\"https:\/\/security.cebraspe.org.br\/CPNUJE_24\/UPLOAD\/Isencao\/\" target=\"_blank\" rel=\"noopener\">Cebraspe<\/a>.<\/p>\n<p>Para concorrer a uma das vagas reservadas a pessoas com defici\u00eancia (PcD), o candidato dever\u00e1 enviar, via upload, [  ] a imagem leg\u00edvel do laudo assinado por m\u00e9dico da \u00e1rea da defici\u00eancia do candidato, com a data de emiss\u00e3o de, no m\u00e1ximo, 36 meses anteriores ao \u00faltimo dia de inscri\u00e7\u00e3o neste concurso p\u00fablico.<\/p>\n<h2>Taxa de inscri\u00e7\u00e3o<\/h2>\n<p>A taxa de inscri\u00e7\u00e3o \u00e9 R$ 130, para quem quer concorrer aos cargos de analista judici\u00e1rio, e R$ 85, para os de t\u00e9cnico judici\u00e1rio.<\/p>\n<p>O prazo para o pagamento da taxa \u00e9 at\u00e9 9 de agosto. O candidato dever\u00e1 usar a Guia de Recolhimento da Uni\u00e3o (GRU Cobran\u00e7a), gerada na conclus\u00e3o do preenchimento da ficha de inscri\u00e7\u00e3o online, no site do Cebraspe. O documento pode ser pago em qualquer banco, em casas lot\u00e9ricas e ag\u00eancias banc\u00e1rias. Se o candidato optar pelo pagamento via Pix, deve usar o QR code apresentado na GRU Cobran\u00e7a.<\/p>\n<h2>Fases<\/h2>\n<p>A sele\u00e7\u00e3o ocorrer\u00e1 por meio da aplica\u00e7\u00e3o de provas objetivas para todos os cargos; prova discursiva somente para os postos de analista judici\u00e1rio; teste de aptid\u00e3o f\u00edsica somente para agente da pol\u00edcia Judicial; e avalia\u00e7\u00e3o de t\u00edtulos somente para os cargos de analista judici\u00e1rio.<\/p>\n<p>Todas as fases do concurso ser\u00e3o realizadas nas capitais dos 26 estados da federa\u00e7\u00e3o e no Distrito Federal. E as provas objetivas e discursiva ser\u00e3o aplicadas de forma simult\u00e2nea em 22 de setembro de 2024.<\/p>\n<h2>Distribui\u00e7\u00e3o dos cargos<\/h2>\n<p>O edital do certame e as respectivas retifica\u00e7\u00f5es do documento foram publicados no <em>Di\u00e1rio Oficial da Uni\u00e3o<\/em>\u00a0e podem ser consultados na p\u00e1gina eletr\u00f4nica do <a href=\"http:\/\/https:\/\/www.cebraspe.org.br\/concursos\/CPNUJE_24\" target=\"_blank\" rel=\"noopener\">Cebraspe<\/a>.<\/p>\n<p>De acordo com o documento oficial, os cargos para v\u00e1rias especialidades ser\u00e3o distribu\u00eddos entre os tribunais regionais eleitorais participantes de 26 unidades da Federa\u00e7\u00e3o. Apenas o TRE do Tocantins n\u00e3o participar\u00e1 do concurso unificado, porque ainda h\u00e1 concurso v\u00e1lido na unidade.<\/p>\n<p>As vagas para o cargo de analista judici\u00e1rio, s\u00e3o para diversas especialidades, como administrativa, contabilidade, arquitetura, arquivologia, biblioteconomia, enfermagem, engenharia civil, engenharia el\u00e9trica, engenharia mec\u00e2nica, estat\u00edstica, medicina (cl\u00ednica m\u00e9dica), medicina (psiquiatria), medicina do trabalho, odontologia, psicologia, servi\u00e7o social, tecnologia da informa\u00e7\u00e3o. H\u00e1 ainda vagas para \u00e1rea judici\u00e1ria.<\/p>\n<p>J\u00e1 para os cargos de t\u00e9cnico judici\u00e1rio, s\u00e3o tr\u00eas especialidades: administrativa, agente da pol\u00edcia judicial e programa\u00e7\u00e3o de sistemas<\/p>\n<p>Mais informa\u00e7\u00f5es podem ser obtidas no <a href=\"http:\/\/www.cebraspe.org.br\/concursos\/CPNUJE_24\" target=\"_blank\" rel=\"noopener\">Cebraspe<\/a>, por e-mail: sac@cebraspe.org.br ; por telefone (61) 3448-0100; ou na Central de Atendimento ao Candidato do Cebraspe, de segunda a sexta, das 8h30 \u00e0s 18h30, no endere\u00e7o da sede do Cebraspe: Setor de Armazenagem e Abastecimento Norte (SAAN) Quadra 01, Lotes 1115 a 1145.<\/p>\n<div id=\"share-modal\" class=\"share-modal\"> <button class=\"box-close btn-share\"> <img decoding=\"async\" src=\"https:\/\/istoedinheiro.com.br\/wp-content\/themes\/dinheiro-wp-theme\/assets\/img\/svg\/closeIcon.svg?x46096\" alt=\"Close icon\" class=\"close-btn lazy\"\/> <\/button><\/div>\n<\/p><\/div>\n<p><script>!function(f,b,e,v,n,t,s){if(f.fbq)return;n=f.fbq=function(){n.callMethod?n.callMethod.apply(n,arguments):n.queue.push(arguments)};if(!f._fbq)f._fbq=n;n.push=n;n.loaded=!0;n.version='2.0';n.queue=[];t=b.createElement(e);t.async=!0;t.src=v;s=b.getElementsByTagName(e)[0];s.parentNode.insertBefore(t,s)}(window,document,'script','<\/script><br \/>\n<br \/><br \/>\n<br \/><a href=\"https:\/\/istoedinheiro.com.br\/inscricao-para-concurso-da-justica-eleitoral-com-412-vagas-termina-nesta-quinta\/\">Source link <\/a><\/p>\n<div class='code-block code-block-4' style='margin: 8px auto 8px 0; text-align: left; display: block; clear: both;'>\n\ud83d\udce2 Aviso Legal\n\nO site ismaelcolosi.com.br atua apenas como um canal de divulga\u00e7\u00e3o de oportunidades de emprego e n\u00e3o se responsabiliza pelo processo seletivo, contrata\u00e7\u00e3o ou qualquer outra etapa relacionada \u00e0s vagas publicadas. Todas as informa\u00e7\u00f5es s\u00e3o de responsabilidade dos anunciantes.\n\n\u26a0\ufe0f Aten\u00e7\u00e3o! Nunca pague por promessas de emprego nem compre cursos que garantam contrata\u00e7\u00e3o. Desconfie de qualquer cobran\u00e7a para participar de sele\u00e7\u00f5es.\n\n\n\n<\/div>\n<!-- CONTENT END 1 -->\n","protected":false},"excerpt":{"rendered":"<p>Ag\u00eancia Brasili Ag\u00eancia Brasil 15\/07\/2024 &#8211; 8:36 As inscri\u00e7\u00f5es para o concurso unificado da Justi\u00e7a Eleitoral terminam na pr\u00f3xima quinta-feira (18), \u00e0s 18h, no hor\u00e1rio&#8230;<\/p>\n","protected":false},"author":1,"featured_media":56733,"comment_status":"open","ping_status":"open","sticky":false,"template":"","format":"standard","meta":{"_uag_custom_page_level_css":"","advanced_seo_description":"","jetpack_seo_html_title":"","jetpack_seo_noindex":false,"jetpack_post_was_ever_published":false,"_jetpack_newsletter_access":"","_jetpack_dont_email_post_to_subs":false,"_jetpack_newsletter_tier_id":0,"_jetpack_memberships_contains_paywalled_content":false,"_jetpack_memberships_contains_paid_content":false,"footnotes":"","jetpack_publicize_message":"","jetpack_publicize_feature_enabled":true,"jetpack_social_post_already_shared":true,"jetpack_social_options":{"image_generator_settings":{"template":"highway","default_image_id":0,"font":"","enabled":false},"version":2}},"categories":[3598],"tags":[],"class_list":["post-56732","post","type-post","status-publish","format-standard","has-post-thumbnail","hentry","category-empregos-classificados-vagas-trabalho"],"jetpack_publicize_connections":[],"jetpack_featured_media_url":"https:\/\/i0.wp.com\/ismaelcolosi.com.br\/wp-content\/uploads\/2024\/07\/prova00.jpg?fit=1352%2C838&ssl=1","uagb_featured_image_src":{"full":["https:\/\/i0.wp.com\/ismaelcolosi.com.br\/wp-content\/uploads\/2024\/07\/prova00.jpg?fit=1352%2C838&ssl=1",1352,838,false],"thumbnail":["https:\/\/i0.wp.com\/ismaelcolosi.com.br\/wp-content\/uploads\/2024\/07\/prova00.jpg?resize=150%2C150&ssl=1",150,150,true],"medium":["https:\/\/i0.wp.com\/ismaelcolosi.com.br\/wp-content\/uploads\/2024\/07\/prova00.jpg?fit=300%2C186&ssl=1",300,186,true],"medium_large":["https:\/\/i0.wp.com\/ismaelcolosi.com.br\/wp-content\/uploads\/2024\/07\/prova00.jpg?fit=768%2C476&ssl=1",768,476,true],"large":["https:\/\/i0.wp.com\/ismaelcolosi.com.br\/wp-content\/uploads\/2024\/07\/prova00.jpg?fit=1024%2C635&ssl=1",1024,635,true],"1536x1536":["https:\/\/i0.wp.com\/ismaelcolosi.com.br\/wp-content\/uploads\/2024\/07\/prova00.jpg?fit=1352%2C838&ssl=1",1352,838,true],"2048x2048":["https:\/\/i0.wp.com\/ismaelcolosi.com.br\/wp-content\/uploads\/2024\/07\/prova00.jpg?fit=1352%2C838&ssl=1",1352,838,true],"really-simple-thumb":["https:\/\/i0.wp.com\/ismaelcolosi.com.br\/wp-content\/uploads\/2024\/07\/prova00.jpg?resize=370%2C247&ssl=1",370,247,true]},"uagb_author_info":{"display_name":"ismaelcolosi.com.br","author_link":"https:\/\/ismaelcolosi.com.br\/index.php\/author\/vidareal-online\/"},"uagb_comment_info":0,"uagb_excerpt":"Ag\u00eancia Brasili Ag\u00eancia Brasil 15\/07\/2024 &#8211; 8:36 As inscri\u00e7\u00f5es para o concurso unificado da Justi\u00e7a Eleitoral terminam na pr\u00f3xima quinta-feira (18), \u00e0s 18h, no hor\u00e1rio...","jetpack-related-posts":[{"id":52451,"url":"https:\/\/ismaelcolosi.com.br\/index.php\/2024\/06\/06\/tse-abre-inscricoes-para-concurso-unificado-com-412-vagas-e-salarios-de-ate-r-13-mil\/","url_meta":{"origin":56732,"position":0},"title":"TSE abre inscri\u00e7\u00f5es para concurso unificado com 412 vagas e sal\u00e1rios de at\u00e9 R$ 13 mil","author":"ismaelcolosi.com.br","date":"6 de June de 2024","format":false,"excerpt":"Est\u00e3o abertas as inscri\u00e7\u00f5es para o concurso unificado da Justi\u00e7a Eleitoral com 412 vagas e sal\u00e1rios entre R$ 8.529,65 e R$ 13.994,78. H\u00e1 oportunidades para o Tribunal Regional Eleitoral (TRE) de S\u00e3o Paulo. As inscri\u00e7\u00f5es devem ser realizadas at\u00e9 \u00e0s 18h do dia 18 de julho de forma online, no\u2026","rel":"","context":"In &quot;Not\u00edcias de Ribeir\u00e3o Preto-SP e Regi\u00e3o&quot;","block_context":{"text":"Not\u00edcias de Ribeir\u00e3o Preto-SP e Regi\u00e3o","link":"https:\/\/ismaelcolosi.com.br\/index.php\/category\/noticias-de-ribeirao-preto-sp-e-regiao-ismael-colosi\/"},"img":{"alt_text":"","src":"https:\/\/i0.wp.com\/ismaelcolosi.com.br\/wp-content\/uploads\/2024\/06\/08-10-2020_tse-3.jpg?fit=1170%2C700&ssl=1&resize=350%2C200","width":350,"height":200,"srcset":"https:\/\/i0.wp.com\/ismaelcolosi.com.br\/wp-content\/uploads\/2024\/06\/08-10-2020_tse-3.jpg?fit=1170%2C700&ssl=1&resize=350%2C200 1x, https:\/\/i0.wp.com\/ismaelcolosi.com.br\/wp-content\/uploads\/2024\/06\/08-10-2020_tse-3.jpg?fit=1170%2C700&ssl=1&resize=525%2C300 1.5x, https:\/\/i0.wp.com\/ismaelcolosi.com.br\/wp-content\/uploads\/2024\/06\/08-10-2020_tse-3.jpg?fit=1170%2C700&ssl=1&resize=700%2C400 2x, https:\/\/i0.wp.com\/ismaelcolosi.com.br\/wp-content\/uploads\/2024\/06\/08-10-2020_tse-3.jpg?fit=1170%2C700&ssl=1&resize=1050%2C600 3x"},"classes":[]},{"id":51615,"url":"https:\/\/ismaelcolosi.com.br\/index.php\/2024\/05\/29\/tse-abre-concurso-para-395-vagas-no-pais-com-salarios-de-ate-r-139-mil\/","url_meta":{"origin":56732,"position":1},"title":"TSE abre concurso para 395 vagas no pa\u00eds com sal\u00e1rios de at\u00e9 R$ 13,9 mil","author":"ismaelcolosi.com.br","date":"29 de May de 2024","format":false,"excerpt":"Da reda\u00e7\u00e3oi Da reda\u00e7\u00e3o 29\/05\/2024 - 9:58 Aten\u00e7\u00e3o concurseiros! O Tribunal Superior Eleitoral (TSE) abriu concurso p\u00fablico para 395 vagas para todas as regi\u00f5es do Brasil com sal\u00e1rios de at\u00e9 R$ 13,9 mil. As inscri\u00e7\u00f5es come\u00e7am no dia 4 de junho e seguir\u00e3o abertas at\u00e9 18 de julho.As vagas s\u00e3o\u2026","rel":"","context":"In &quot;Empregos - Classificados&quot;","block_context":{"text":"Empregos - Classificados","link":"https:\/\/ismaelcolosi.com.br\/index.php\/category\/empregos-classificados-vagas-trabalho\/"},"img":{"alt_text":"","src":"https:\/\/i0.wp.com\/ismaelcolosi.com.br\/wp-content\/uploads\/2024\/05\/tse-2.jpg?fit=1170%2C700&ssl=1&resize=350%2C200","width":350,"height":200,"srcset":"https:\/\/i0.wp.com\/ismaelcolosi.com.br\/wp-content\/uploads\/2024\/05\/tse-2.jpg?fit=1170%2C700&ssl=1&resize=350%2C200 1x, https:\/\/i0.wp.com\/ismaelcolosi.com.br\/wp-content\/uploads\/2024\/05\/tse-2.jpg?fit=1170%2C700&ssl=1&resize=525%2C300 1.5x, https:\/\/i0.wp.com\/ismaelcolosi.com.br\/wp-content\/uploads\/2024\/05\/tse-2.jpg?fit=1170%2C700&ssl=1&resize=700%2C400 2x, https:\/\/i0.wp.com\/ismaelcolosi.com.br\/wp-content\/uploads\/2024\/05\/tse-2.jpg?fit=1170%2C700&ssl=1&resize=1050%2C600 3x"},"classes":[]},{"id":57443,"url":"https:\/\/ismaelcolosi.com.br\/index.php\/2024\/07\/22\/bndes-abre-concurso-com-900-vagas-e-salario-inicial-de-r-209-mil\/","url_meta":{"origin":56732,"position":2},"title":"BNDES abre concurso com 900 vagas e sal\u00e1rio inicial\u00a0de\u00a0R$ 20,9\u00a0mil","author":"ismaelcolosi.com.br","date":"22 de July de 2024","format":false,"excerpt":"Da reda\u00e7\u00e3oi Da reda\u00e7\u00e3o 22\/07\/2024 - 8:49 O BNDES (Banco Nacional de Desenvolvimento Econ\u00f4mico e Social) abriu um concurso p\u00fablico para cargos de n\u00edvel superior, com 150 vagas e outras 750 para forma\u00e7\u00e3o de cadastro de reserva. O edital foi publicado nesta segunda-feira, 22, no Di\u00e1rio Oficial da Uni\u00e3o.Vale ressaltar\u2026","rel":"","context":"In &quot;Empregos - Classificados&quot;","block_context":{"text":"Empregos - Classificados","link":"https:\/\/ismaelcolosi.com.br\/index.php\/category\/empregos-classificados-vagas-trabalho\/"},"img":{"alt_text":"","src":"https:\/\/i0.wp.com\/ismaelcolosi.com.br\/wp-content\/uploads\/2024\/07\/bndes.jpg?fit=1011%2C617&ssl=1&resize=350%2C200","width":350,"height":200,"srcset":"https:\/\/i0.wp.com\/ismaelcolosi.com.br\/wp-content\/uploads\/2024\/07\/bndes.jpg?fit=1011%2C617&ssl=1&resize=350%2C200 1x, https:\/\/i0.wp.com\/ismaelcolosi.com.br\/wp-content\/uploads\/2024\/07\/bndes.jpg?fit=1011%2C617&ssl=1&resize=525%2C300 1.5x, https:\/\/i0.wp.com\/ismaelcolosi.com.br\/wp-content\/uploads\/2024\/07\/bndes.jpg?fit=1011%2C617&ssl=1&resize=700%2C400 2x"},"classes":[]},{"id":60891,"url":"https:\/\/ismaelcolosi.com.br\/index.php\/2024\/08\/19\/inscricoes-para-concurso-do-bndes-com-salario-de-r-209-mil-terminam-hoje\/","url_meta":{"origin":56732,"position":3},"title":"Inscri\u00e7\u00f5es para concurso do BNDES com sal\u00e1rio de R$ 20,9 mil terminam hoje","author":"ismaelcolosi.com.br","date":"19 de August de 2024","format":false,"excerpt":"Da reda\u00e7\u00e3oi Da reda\u00e7\u00e3o 19\/08\/2024 - 8:39 As inscri\u00e7\u00f5es para o concurso p\u00fablico do BNDES (Banco Nacional de Desenvolvimento Econ\u00f4mico e Social) terminam nesta segunda-feira, 19, \u00e0s 23h59. Para aderir, os interessados devem acessar o site da Funda\u00e7\u00e3o Cesgranrio.Vale destacar que o concurso ocorre ap\u00f3s 12 anos sem processos de\u2026","rel":"","context":"In &quot;Empregos - Classificados&quot;","block_context":{"text":"Empregos - Classificados","link":"https:\/\/ismaelcolosi.com.br\/index.php\/category\/empregos-classificados-vagas-trabalho\/"},"img":{"alt_text":"","src":"https:\/\/i0.wp.com\/ismaelcolosi.com.br\/wp-content\/uploads\/2024\/08\/bndes00.jpg?fit=1022%2C572&ssl=1&resize=350%2C200","width":350,"height":200,"srcset":"https:\/\/i0.wp.com\/ismaelcolosi.com.br\/wp-content\/uploads\/2024\/08\/bndes00.jpg?fit=1022%2C572&ssl=1&resize=350%2C200 1x, https:\/\/i0.wp.com\/ismaelcolosi.com.br\/wp-content\/uploads\/2024\/08\/bndes00.jpg?fit=1022%2C572&ssl=1&resize=525%2C300 1.5x, https:\/\/i0.wp.com\/ismaelcolosi.com.br\/wp-content\/uploads\/2024\/08\/bndes00.jpg?fit=1022%2C572&ssl=1&resize=700%2C400 2x"},"classes":[]},{"id":57578,"url":"https:\/\/ismaelcolosi.com.br\/index.php\/2024\/07\/23\/concurso-do-bndes-veja-vagas-salario-e-datas\/","url_meta":{"origin":56732,"position":4},"title":"Concurso do BNDES: veja vagas, sal\u00e1rio e datas","author":"ismaelcolosi.com.br","date":"23 de July de 2024","format":false,"excerpt":"Ana Carolinai Ana Carolina - 23\/07\/2024 - 6:00 O\u00a0BNDES (Banco Nacional de Desenvolvimento Econ\u00f4mico e Social) anunciou por meio de edital no Di\u00e1rio Oficial da Uni\u00e3o (DOU) publicado na segunda-feira, 22, a abertura de um concurso p\u00fablico para cargos de n\u00edvel superior.+ Sebrae abre concurso com vagas preferenciais para negros\u2026","rel":"","context":"In &quot;Empregos - Classificados&quot;","block_context":{"text":"Empregos - Classificados","link":"https:\/\/ismaelcolosi.com.br\/index.php\/category\/empregos-classificados-vagas-trabalho\/"},"img":{"alt_text":"","src":"https:\/\/i0.wp.com\/ismaelcolosi.com.br\/wp-content\/uploads\/2024\/07\/edificio-sede-do-bndes250620211187-e1678104001315.jpg?fit=640%2C480&ssl=1&resize=350%2C200","width":350,"height":200,"srcset":"https:\/\/i0.wp.com\/ismaelcolosi.com.br\/wp-content\/uploads\/2024\/07\/edificio-sede-do-bndes250620211187-e1678104001315.jpg?fit=640%2C480&ssl=1&resize=350%2C200 1x, https:\/\/i0.wp.com\/ismaelcolosi.com.br\/wp-content\/uploads\/2024\/07\/edificio-sede-do-bndes250620211187-e1678104001315.jpg?fit=640%2C480&ssl=1&resize=525%2C300 1.5x"},"classes":[]},{"id":57975,"url":"https:\/\/ismaelcolosi.com.br\/index.php\/2024\/07\/26\/salario-de-r-209-mil-inscricoes-para-concurso-do-bndes-comecam-hoje\/","url_meta":{"origin":56732,"position":5},"title":"Sal\u00e1rio de R$ 20,9 mil: inscri\u00e7\u00f5es para concurso do BNDES come\u00e7am hoje","author":"ismaelcolosi.com.br","date":"26 de July de 2024","format":false,"excerpt":"Da reda\u00e7\u00e3oi Da reda\u00e7\u00e3o 26\/07\/2024 - 5:00 O\u00a0BNDES (Banco Nacional de Desenvolvimento Econ\u00f4mico e Social) anunciou abertura de um concurso p\u00fablico para cargos de n\u00edvel superior,\u00a0com 150 vagas e outras 750 para forma\u00e7\u00e3o de cadastro de reserva.As inscri\u00e7\u00f5es para podem ser feitas a partir das 10h desta sexta-feira, 26, e\u2026","rel":"","context":"In &quot;Empregos - Classificados&quot;","block_context":{"text":"Empregos - Classificados","link":"https:\/\/ismaelcolosi.com.br\/index.php\/category\/empregos-classificados-vagas-trabalho\/"},"img":{"alt_text":"","src":"https:\/\/i0.wp.com\/ismaelcolosi.com.br\/wp-content\/uploads\/2024\/07\/1721981337_bndes.jpg?fit=1011%2C617&ssl=1&resize=350%2C200","width":350,"height":200,"srcset":"https:\/\/i0.wp.com\/ismaelcolosi.com.br\/wp-content\/uploads\/2024\/07\/1721981337_bndes.jpg?fit=1011%2C617&ssl=1&resize=350%2C200 1x, https:\/\/i0.wp.com\/ismaelcolosi.com.br\/wp-content\/uploads\/2024\/07\/1721981337_bndes.jpg?fit=1011%2C617&ssl=1&resize=525%2C300 1.5x, https:\/\/i0.wp.com\/ismaelcolosi.com.br\/wp-content\/uploads\/2024\/07\/1721981337_bndes.jpg?fit=1011%2C617&ssl=1&resize=700%2C400 2x"},"classes":[]}],"jetpack_sharing_enabled":true,"jetpack_shortlink":"https:\/\/wp.me\/pfMlyK-eL2","_links":{"self":[{"href":"https:\/\/ismaelcolosi.com.br\/index.php\/wp-json\/wp\/v2\/posts\/56732","targetHints":{"allow":["GET"]}}],"collection":[{"href":"https:\/\/ismaelcolosi.com.br\/index.php\/wp-json\/wp\/v2\/posts"}],"about":[{"href":"https:\/\/ismaelcolosi.com.br\/index.php\/wp-json\/wp\/v2\/types\/post"}],"author":[{"embeddable":true,"href":"https:\/\/ismaelcolosi.com.br\/index.php\/wp-json\/wp\/v2\/users\/1"}],"replies":[{"embeddable":true,"href":"https:\/\/ismaelcolosi.com.br\/index.php\/wp-json\/wp\/v2\/comments?post=56732"}],"version-history":[{"count":0,"href":"https:\/\/ismaelcolosi.com.br\/index.php\/wp-json\/wp\/v2\/posts\/56732\/revisions"}],"wp:featuredmedia":[{"embeddable":true,"href":"https:\/\/ismaelcolosi.com.br\/index.php\/wp-json\/wp\/v2\/media\/56733"}],"wp:attachment":[{"href":"https:\/\/ismaelcolosi.com.br\/index.php\/wp-json\/wp\/v2\/media?parent=56732"}],"wp:term":[{"taxonomy":"category","embeddable":true,"href":"https:\/\/ismaelcolosi.com.br\/index.php\/wp-json\/wp\/v2\/categories?post=56732"},{"taxonomy":"post_tag","embeddable":true,"href":"https:\/\/ismaelcolosi.com.br\/index.php\/wp-json\/wp\/v2\/tags?post=56732"}],"curies":[{"name":"wp","href":"https:\/\/api.w.org\/{rel}","templated":true}]}}