{"id":56730,"date":"2024-07-15T08:56:44","date_gmt":"2024-07-15T11:56:44","guid":{"rendered":"https:\/\/ismaelcolosi.com.br\/index.php\/2024\/07\/15\/briga-generalizada-mobiliza-policia-ao-lado-de-praca-em-cidade-na-regiao-de-ribeirao-video\/"},"modified":"2024-07-15T08:56:44","modified_gmt":"2024-07-15T11:56:44","slug":"briga-generalizada-mobiliza-policia-ao-lado-de-praca-em-cidade-na-regiao-de-ribeirao-video","status":"publish","type":"post","link":"https:\/\/ismaelcolosi.com.br\/index.php\/2024\/07\/15\/briga-generalizada-mobiliza-policia-ao-lado-de-praca-em-cidade-na-regiao-de-ribeirao-video\/","title":{"rendered":"Briga generalizada mobiliza pol\u00edcia ao lado de pra\u00e7a em cidade na regi\u00e3o de Ribeir\u00e3o; V\u00eddeo"},"content":{"rendered":"<p> <br \/>\n<\/p>\n<div data-td-block-uid=\"tdi_106\">\n<div class=\"tdb-block-inner td-fix-index\">\n<p><strong>Uma briga generalizada mobilizou a PM (Pol\u00edcia Militar) no in\u00edcio da noite deste domingo (14), ao lado da Pra\u00e7a Padre Ant\u00f4nio, regi\u00e3o central de Miguel\u00f3polis, cidade a aproximdamente 130 quil\u00f4metros de Ribeir\u00e3o Preto. Assista <\/strong>ao <strong>v\u00eddeo<\/strong> abaixo, cujas <strong>imagens <\/strong>circulam por <strong>redes sociais<\/strong>.<\/p>\n<p>A pol\u00edcia disse que mais de 300 pessoas estavam no local onde ocorreu a confus\u00e3o, no cruzamentio da avenida Francisco Ant\u00f4nio de Freitas e rua Hil\u00e1rio Alves De Freitas. <\/p>\n<p>Apesar da informa\u00e7\u00e3o de um baleado, a PM disse que n\u00e3o localizou a suposta v\u00edtima.<\/p>\n<blockquote class=\"twitter-tweet\" data-media-max-width=\"560\">\n<p lang=\"pt\" dir=\"ltr\">Uma briga generalizada mobilizou a PM no domingo (14), ao lado da Pra\u00e7a Padre Ant\u00f4nio, em Miguel\u00f3polis. A pol\u00edcia disse que mais de 300 pessoas estavam no local onde ocorreu a confus\u00e3o. Apesar da informa\u00e7\u00e3o de um baleado, a PM disse que n\u00e3o localizou a suposta v\u00edtima. <a href=\"https:\/\/t.co\/NvfTipjpdr\">pic.twitter.com\/NvfTipjpdr<\/a><\/p>\n<p>\u2014 acidade on Ribeir\u00e3o e Regi\u00e3o (@acidadeonrp) <a href=\"https:\/\/twitter.com\/acidadeonrp\/status\/1812813417335382189?ref_src=twsrc%5Etfw\">July 15, 2024<\/a><\/p><\/blockquote>\n<p>SAIBA MAIS<\/p>\n<p>Interior de SP tem alerta de perigo potencial nesta segunda; Confira a previs\u00e3o do tempo<\/p>\n<h4 class=\"wp-block-heading\"><strong>FIQUE ON<\/strong><\/h4>\n<p>Fique ligado em tudo que acontece em Ribeir\u00e3o Preto e regi\u00e3o. Siga os perfis do\u00a0<strong>acidade on\u00a0<\/strong>no Instagram e no Facebook.<\/p>\n<p>Receba not\u00edcias do<strong>\u00a0acidade on\u00a0<\/strong>no WhatsApp.\u00a0<a href=\"https:\/\/chat.whatsapp.com\/CdrZ6xrf7quD44Vw3WlPuZ\" target=\"_blank\" rel=\"noreferrer noopener\">Para entrar no grupo, basta clicar aqui.<\/a><\/p>\n<p>Fa\u00e7a uma den\u00fancia ou sugira uma reportagem sobre Ribeir\u00e3o Preto e regi\u00e3o pelo WhatsApp: 16 99117 7802.<\/p>\n<p>VEJA TAMB\u00c9M<\/p>\n<p>Cidade do Texas culpa fazenda de Bitcoin por doen\u00e7as<\/p>\n<p><!-- AI CONTENT END 3 -->\n<\/div>\n<\/div>\n<p><script async src=\"\/\/platform.twitter.com\/widgets.js\" charset=\"utf-8\"><\/script><br \/>\n<br \/><br \/>\n<br \/><a href=\"https:\/\/www.acidadeon.com\/ribeiraopreto\/cotidiano\/briga-generalizada-mobiliza-policia-ao-lado-de-praca-em-cidade-na-regiao-de-ribeirao-video\/\">Source link <\/a><\/p>\n<div class='code-block code-block-4' style='margin: 8px auto 8px 0; text-align: left; display: block; clear: both;'>\n\ud83d\udce2 Aviso Legal\n\nO site ismaelcolosi.com.br atua apenas como um canal de divulga\u00e7\u00e3o de oportunidades de emprego e n\u00e3o se responsabiliza pelo processo seletivo, contrata\u00e7\u00e3o ou qualquer outra etapa relacionada \u00e0s vagas publicadas. Todas as informa\u00e7\u00f5es s\u00e3o de responsabilidade dos anunciantes.\n\n\u26a0\ufe0f Aten\u00e7\u00e3o! Nunca pague por promessas de emprego nem compre cursos que garantam contrata\u00e7\u00e3o. Desconfie de qualquer cobran\u00e7a para participar de sele\u00e7\u00f5es.\n\n\n\n<\/div>\n<!-- CONTENT END 1 -->\n","protected":false},"excerpt":{"rendered":"<p>Uma briga generalizada mobilizou a PM (Pol\u00edcia Militar) no in\u00edcio da noite deste domingo (14), ao lado da Pra\u00e7a Padre Ant\u00f4nio, regi\u00e3o central de Miguel\u00f3polis,&#8230;<\/p>\n","protected":false},"author":1,"featured_media":56731,"comment_status":"open","ping_status":"open","sticky":false,"template":"","format":"standard","meta":{"_uag_custom_page_level_css":"","advanced_seo_description":"","jetpack_seo_html_title":"","jetpack_seo_noindex":false,"jetpack_post_was_ever_published":false,"_jetpack_newsletter_access":"","_jetpack_dont_email_post_to_subs":false,"_jetpack_newsletter_tier_id":0,"_jetpack_memberships_contains_paywalled_content":false,"_jetpack_memberships_contains_paid_content":false,"footnotes":"","jetpack_publicize_message":"","jetpack_publicize_feature_enabled":true,"jetpack_social_post_already_shared":true,"jetpack_social_options":{"image_generator_settings":{"template":"highway","default_image_id":0,"font":"","enabled":false},"version":2}},"categories":[11],"tags":[],"class_list":["post-56730","post","type-post","status-publish","format-standard","has-post-thumbnail","hentry","category-noticias-de-ribeirao-preto-sp-e-regiao-ismael-colosi"],"jetpack_publicize_connections":[],"jetpack_featured_media_url":"https:\/\/i0.wp.com\/ismaelcolosi.com.br\/wp-content\/uploads\/2024\/07\/WhatsApp-Image-2024-07-15-at-08.48.27_2024-07-15_11-50-11_jpeg_2024-07-15_11-50-11.webp.webp?fit=720%2C532&ssl=1","uagb_featured_image_src":{"full":["https:\/\/i0.wp.com\/ismaelcolosi.com.br\/wp-content\/uploads\/2024\/07\/WhatsApp-Image-2024-07-15-at-08.48.27_2024-07-15_11-50-11_jpeg_2024-07-15_11-50-11.webp.webp?fit=720%2C532&ssl=1",720,532,false],"thumbnail":["https:\/\/i0.wp.com\/ismaelcolosi.com.br\/wp-content\/uploads\/2024\/07\/WhatsApp-Image-2024-07-15-at-08.48.27_2024-07-15_11-50-11_jpeg_2024-07-15_11-50-11.webp.webp?resize=150%2C150&ssl=1",150,150,true],"medium":["https:\/\/i0.wp.com\/ismaelcolosi.com.br\/wp-content\/uploads\/2024\/07\/WhatsApp-Image-2024-07-15-at-08.48.27_2024-07-15_11-50-11_jpeg_2024-07-15_11-50-11.webp.webp?fit=300%2C222&ssl=1",300,222,true],"medium_large":["https:\/\/i0.wp.com\/ismaelcolosi.com.br\/wp-content\/uploads\/2024\/07\/WhatsApp-Image-2024-07-15-at-08.48.27_2024-07-15_11-50-11_jpeg_2024-07-15_11-50-11.webp.webp?fit=720%2C532&ssl=1",720,532,true],"large":["https:\/\/i0.wp.com\/ismaelcolosi.com.br\/wp-content\/uploads\/2024\/07\/WhatsApp-Image-2024-07-15-at-08.48.27_2024-07-15_11-50-11_jpeg_2024-07-15_11-50-11.webp.webp?fit=720%2C532&ssl=1",720,532,true],"1536x1536":["https:\/\/i0.wp.com\/ismaelcolosi.com.br\/wp-content\/uploads\/2024\/07\/WhatsApp-Image-2024-07-15-at-08.48.27_2024-07-15_11-50-11_jpeg_2024-07-15_11-50-11.webp.webp?fit=720%2C532&ssl=1",720,532,true],"2048x2048":["https:\/\/i0.wp.com\/ismaelcolosi.com.br\/wp-content\/uploads\/2024\/07\/WhatsApp-Image-2024-07-15-at-08.48.27_2024-07-15_11-50-11_jpeg_2024-07-15_11-50-11.webp.webp?fit=720%2C532&ssl=1",720,532,true],"really-simple-thumb":["https:\/\/i0.wp.com\/ismaelcolosi.com.br\/wp-content\/uploads\/2024\/07\/WhatsApp-Image-2024-07-15-at-08.48.27_2024-07-15_11-50-11_jpeg_2024-07-15_11-50-11.webp.webp?resize=370%2C247&ssl=1",370,247,true]},"uagb_author_info":{"display_name":"ismaelcolosi.com.br","author_link":"https:\/\/ismaelcolosi.com.br\/index.php\/author\/vidareal-online\/"},"uagb_comment_info":0,"uagb_excerpt":"Uma briga generalizada mobilizou a PM (Pol\u00edcia Militar) no in\u00edcio da noite deste domingo (14), ao lado da Pra\u00e7a Padre Ant\u00f4nio, regi\u00e3o central de Miguel\u00f3polis,...","jetpack-related-posts":[{"id":34408,"url":"https:\/\/ismaelcolosi.com.br\/index.php\/2024\/02\/01\/gcm-apreende-drogas-apos-briga-generalizada\/","url_meta":{"origin":56730,"position":0},"title":"GCM apreende drogas ap\u00f3s briga generalizada","author":"ismaelcolosi.com.br","date":"1 de February de 2024","format":false,"excerpt":"Confus\u00e3o ocorreu entre moradores de rua na zona Norte, motivada por d\u00edvida com tr\u00e1fico 1 de fevereiro de 2024 | 15:49 2Por: Adalberto LuqueUma briga generalizada resultou na apreens\u00e3o de drogas, na manh\u00e3 desta quinta-feira (01). A confus\u00e3o ocorreu em uma \u00e1rea de invas\u00e3o, na divisa entre os bairros dos\u2026","rel":"","context":"In &quot;Not\u00edcias de Ribeir\u00e3o Preto-SP e Regi\u00e3o&quot;","block_context":{"text":"Not\u00edcias de Ribeir\u00e3o Preto-SP e Regi\u00e3o","link":"https:\/\/ismaelcolosi.com.br\/index.php\/category\/noticias-de-ribeirao-preto-sp-e-regiao-ismael-colosi\/"},"img":{"alt_text":"","src":"https:\/\/i0.wp.com\/ismaelcolosi.com.br\/wp-content\/uploads\/2024\/02\/00-01-fev-2024-drogas-briga-01-foto-alfredo-risk-scaled.jpg?fit=860%2C645&ssl=1&resize=350%2C200","width":350,"height":200,"srcset":"https:\/\/i0.wp.com\/ismaelcolosi.com.br\/wp-content\/uploads\/2024\/02\/00-01-fev-2024-drogas-briga-01-foto-alfredo-risk-scaled.jpg?fit=860%2C645&ssl=1&resize=350%2C200 1x, https:\/\/i0.wp.com\/ismaelcolosi.com.br\/wp-content\/uploads\/2024\/02\/00-01-fev-2024-drogas-briga-01-foto-alfredo-risk-scaled.jpg?fit=860%2C645&ssl=1&resize=525%2C300 1.5x, https:\/\/i0.wp.com\/ismaelcolosi.com.br\/wp-content\/uploads\/2024\/02\/00-01-fev-2024-drogas-briga-01-foto-alfredo-risk-scaled.jpg?fit=860%2C645&ssl=1&resize=700%2C400 2x"},"classes":[]},{"id":56775,"url":"https:\/\/ismaelcolosi.com.br\/index.php\/2024\/07\/15\/briga-de-vizinhos-termina-com-esfaqueado-na-cabeca-em-ribeirao-preto\/","url_meta":{"origin":56730,"position":1},"title":"Briga de vizinhos termina com esfaqueado na cabe\u00e7a em Ribeir\u00e3o Preto","author":"ismaelcolosi.com.br","date":"15 de July de 2024","format":false,"excerpt":"Um homem de 39 anos foi esfaqueado durante uma briga entre vizinhos na noite do \u00faltimo s\u00e1bado (13), no bairro Recanto Cruzeiro do Sul, zona Leste de Ribeir\u00e3o Preto. Segundo a GCM (Guarda Civil Metropolitana) informou no boletim de ocorr\u00eancia (BO), o motivo da confus\u00e3o seria a fuma\u00e7a causada depois\u2026","rel":"","context":"In &quot;Not\u00edcias de Ribeir\u00e3o Preto-SP e Regi\u00e3o&quot;","block_context":{"text":"Not\u00edcias de Ribeir\u00e3o Preto-SP e Regi\u00e3o","link":"https:\/\/ismaelcolosi.com.br\/index.php\/category\/noticias-de-ribeirao-preto-sp-e-regiao-ismael-colosi\/"},"img":{"alt_text":"","src":"https:\/\/i0.wp.com\/ismaelcolosi.com.br\/wp-content\/uploads\/2024\/07\/policia__1024x576_14102020122543.jpg?fit=1024%2C576&ssl=1&resize=350%2C200","width":350,"height":200,"srcset":"https:\/\/i0.wp.com\/ismaelcolosi.com.br\/wp-content\/uploads\/2024\/07\/policia__1024x576_14102020122543.jpg?fit=1024%2C576&ssl=1&resize=350%2C200 1x, https:\/\/i0.wp.com\/ismaelcolosi.com.br\/wp-content\/uploads\/2024\/07\/policia__1024x576_14102020122543.jpg?fit=1024%2C576&ssl=1&resize=525%2C300 1.5x, https:\/\/i0.wp.com\/ismaelcolosi.com.br\/wp-content\/uploads\/2024\/07\/policia__1024x576_14102020122543.jpg?fit=1024%2C576&ssl=1&resize=700%2C400 2x"},"classes":[]},{"id":56787,"url":"https:\/\/ismaelcolosi.com.br\/index.php\/2024\/07\/15\/homem-e-baleado-apos-confusao-com-vizinho-na-regiao-de-ribeirao-preto-veja-video\/","url_meta":{"origin":56730,"position":2},"title":"Homem \u00e9 baleado ap\u00f3s confus\u00e3o com vizinho na regi\u00e3o de Ribeir\u00e3o Preto; Veja v\u00eddeo","author":"ismaelcolosi.com.br","date":"15 de July de 2024","format":false,"excerpt":"Um homem de 49 anos foi baleado na tarde deste domingo (14), em Sert\u00e3ozinho, na regi\u00e3o de Ribeir\u00e3o Preto. A a\u00e7\u00e3o foi registrada por uma c\u00e2mera de seguran\u00e7a na avenida Jo\u00e3o Pignata, no bairro Alto do Gin\u00e1sio. Assista ao v\u00eddeo abaixo. Segundo o boletim de ocorr\u00eancia (BO), o motivo do\u2026","rel":"","context":"In &quot;Not\u00edcias de Ribeir\u00e3o Preto-SP e Regi\u00e3o&quot;","block_context":{"text":"Not\u00edcias de Ribeir\u00e3o Preto-SP e Regi\u00e3o","link":"https:\/\/ismaelcolosi.com.br\/index.php\/category\/noticias-de-ribeirao-preto-sp-e-regiao-ismael-colosi\/"},"img":{"alt_text":"","src":"https:\/\/i0.wp.com\/ismaelcolosi.com.br\/wp-content\/uploads\/2024\/07\/TIROS_2024-07-15_15-27-02_jpg_2024-07-15_15-27-03.webp.webp?fit=1200%2C931&ssl=1&resize=350%2C200","width":350,"height":200,"srcset":"https:\/\/i0.wp.com\/ismaelcolosi.com.br\/wp-content\/uploads\/2024\/07\/TIROS_2024-07-15_15-27-02_jpg_2024-07-15_15-27-03.webp.webp?fit=1200%2C931&ssl=1&resize=350%2C200 1x, https:\/\/i0.wp.com\/ismaelcolosi.com.br\/wp-content\/uploads\/2024\/07\/TIROS_2024-07-15_15-27-02_jpg_2024-07-15_15-27-03.webp.webp?fit=1200%2C931&ssl=1&resize=525%2C300 1.5x, https:\/\/i0.wp.com\/ismaelcolosi.com.br\/wp-content\/uploads\/2024\/07\/TIROS_2024-07-15_15-27-02_jpg_2024-07-15_15-27-03.webp.webp?fit=1200%2C931&ssl=1&resize=700%2C400 2x, https:\/\/i0.wp.com\/ismaelcolosi.com.br\/wp-content\/uploads\/2024\/07\/TIROS_2024-07-15_15-27-02_jpg_2024-07-15_15-27-03.webp.webp?fit=1200%2C931&ssl=1&resize=1050%2C600 3x"},"classes":[]},{"id":52212,"url":"https:\/\/ismaelcolosi.com.br\/index.php\/2024\/06\/04\/motociclista-envolvido-em-caso-de-jovem-baleado-em-ribeirao-presta-depoimento-a-policia\/","url_meta":{"origin":56730,"position":3},"title":"Motociclista envolvido em caso de jovem baleado em Ribeir\u00e3o presta depoimento \u00e0 pol\u00edcia","author":"ismaelcolosi.com.br","date":"4 de June de 2024","format":false,"excerpt":"A Pol\u00edcia Civil ouviu o motorista da motocicleta envolvida na confus\u00e3o em um estacionamento de ve\u00edculos, que terminou com um jovem de 22 anos baleado, no \u00faltimo final de semana, em Ribeir\u00e3o Preto. Em seu depoimento, Francisco Jos\u00e9 Mussi J\u00fanior, disse que foi coagido pelo amigo e autor dos disparos,\u2026","rel":"","context":"In &quot;Not\u00edcias de Ribeir\u00e3o Preto-SP e Regi\u00e3o&quot;","block_context":{"text":"Not\u00edcias de Ribeir\u00e3o Preto-SP e Regi\u00e3o","link":"https:\/\/ismaelcolosi.com.br\/index.php\/category\/noticias-de-ribeirao-preto-sp-e-regiao-ismael-colosi\/"},"img":{"alt_text":"","src":"https:\/\/i0.wp.com\/ismaelcolosi.com.br\/wp-content\/uploads\/2024\/06\/BALEADFO_2024-06-03_10-17-45_jpg_2024-06-03_10-17-46.webp.webp?fit=1200%2C873&ssl=1&resize=350%2C200","width":350,"height":200,"srcset":"https:\/\/i0.wp.com\/ismaelcolosi.com.br\/wp-content\/uploads\/2024\/06\/BALEADFO_2024-06-03_10-17-45_jpg_2024-06-03_10-17-46.webp.webp?fit=1200%2C873&ssl=1&resize=350%2C200 1x, https:\/\/i0.wp.com\/ismaelcolosi.com.br\/wp-content\/uploads\/2024\/06\/BALEADFO_2024-06-03_10-17-45_jpg_2024-06-03_10-17-46.webp.webp?fit=1200%2C873&ssl=1&resize=525%2C300 1.5x, https:\/\/i0.wp.com\/ismaelcolosi.com.br\/wp-content\/uploads\/2024\/06\/BALEADFO_2024-06-03_10-17-45_jpg_2024-06-03_10-17-46.webp.webp?fit=1200%2C873&ssl=1&resize=700%2C400 2x, https:\/\/i0.wp.com\/ismaelcolosi.com.br\/wp-content\/uploads\/2024\/06\/BALEADFO_2024-06-03_10-17-45_jpg_2024-06-03_10-17-46.webp.webp?fit=1200%2C873&ssl=1&resize=1050%2C600 3x"},"classes":[]},{"id":50875,"url":"https:\/\/ismaelcolosi.com.br\/index.php\/2024\/05\/20\/morre-homem-baleado-durante-confusao-em-partida-de-futebol-na-regiao-de-ribeirao-preto\/","url_meta":{"origin":56730,"position":4},"title":"Morre homem baleado durante confus\u00e3o em partida de futebol na regi\u00e3o de Ribeir\u00e3o Preto","author":"ismaelcolosi.com.br","date":"20 de May de 2024","format":false,"excerpt":"Morreu nesta segunda-feira (20), o homem baleado durante uma confus\u00e3o em uma partida de futebol amador na tarde de s\u00e1bado (18), em C\u00e2ndido Rodrigues, cidade na regi\u00e3o de Ribeir\u00e3o Preto. Maicon Domingues tinha 35 anos e teria sido socorrido em estado grave para a Santa Casa de Taquaritinga, contudo, n\u00e3o\u2026","rel":"","context":"In &quot;Not\u00edcias de Ribeir\u00e3o Preto-SP e Regi\u00e3o&quot;","block_context":{"text":"Not\u00edcias de Ribeir\u00e3o Preto-SP e Regi\u00e3o","link":"https:\/\/ismaelcolosi.com.br\/index.php\/category\/noticias-de-ribeirao-preto-sp-e-regiao-ismael-colosi\/"},"img":{"alt_text":"","src":"https:\/\/i0.wp.com\/ismaelcolosi.com.br\/wp-content\/uploads\/2024\/05\/BALEADO1_2024-05-19_19-04-02_jpg_2024-05-19_19-04-02.webp.webp?fit=1200%2C675&ssl=1&resize=350%2C200","width":350,"height":200,"srcset":"https:\/\/i0.wp.com\/ismaelcolosi.com.br\/wp-content\/uploads\/2024\/05\/BALEADO1_2024-05-19_19-04-02_jpg_2024-05-19_19-04-02.webp.webp?fit=1200%2C675&ssl=1&resize=350%2C200 1x, https:\/\/i0.wp.com\/ismaelcolosi.com.br\/wp-content\/uploads\/2024\/05\/BALEADO1_2024-05-19_19-04-02_jpg_2024-05-19_19-04-02.webp.webp?fit=1200%2C675&ssl=1&resize=525%2C300 1.5x, https:\/\/i0.wp.com\/ismaelcolosi.com.br\/wp-content\/uploads\/2024\/05\/BALEADO1_2024-05-19_19-04-02_jpg_2024-05-19_19-04-02.webp.webp?fit=1200%2C675&ssl=1&resize=700%2C400 2x, https:\/\/i0.wp.com\/ismaelcolosi.com.br\/wp-content\/uploads\/2024\/05\/BALEADO1_2024-05-19_19-04-02_jpg_2024-05-19_19-04-02.webp.webp?fit=1200%2C675&ssl=1&resize=1050%2C600 3x"},"classes":[]},{"id":68777,"url":"https:\/\/ismaelcolosi.com.br\/index.php\/2024\/10\/01\/o-que-se-sabe-sobre-caso-de-homem-que-foi-golpeado-com-enxada-na-regiao-de-ribeirao\/","url_meta":{"origin":56730,"position":5},"title":"O que se sabe sobre caso de homem que foi golpeado com enxada na regi\u00e3o de Ribeir\u00e3o","author":"ismaelcolosi.com.br","date":"1 de October de 2024","format":false,"excerpt":"Um homem de 32 anos est\u00e1 entubado e em estado grave na Santa Casa de Ituverava, cidade a aproximadamente 136 km de Ribeir\u00e3o Preto, ap\u00f3s ter sido esfaqueado e agredido com golpes de enxada no \u00faltimo final de semana. De acordo com o boletim de ocorr\u00eancia (BO), equipes da Pol\u00edcia\u2026","rel":"","context":"In &quot;Not\u00edcias de Ribeir\u00e3o Preto-SP e Regi\u00e3o&quot;","block_context":{"text":"Not\u00edcias de Ribeir\u00e3o Preto-SP e Regi\u00e3o","link":"https:\/\/ismaelcolosi.com.br\/index.php\/category\/noticias-de-ribeirao-preto-sp-e-regiao-ismael-colosi\/"},"img":{"alt_text":"","src":"https:\/\/i0.wp.com\/ismaelcolosi.com.br\/wp-content\/uploads\/2024\/10\/Copia-de-Copia-de-Copia-de-TAMANHO-EXATO-PARA-FOTOS-NO-SISTEMA-NOVO-87_2024-10-02_00-49-13_png_2024-10-02_00-49-13.webp.webp?fit=1200%2C675&ssl=1&resize=350%2C200","width":350,"height":200,"srcset":"https:\/\/i0.wp.com\/ismaelcolosi.com.br\/wp-content\/uploads\/2024\/10\/Copia-de-Copia-de-Copia-de-TAMANHO-EXATO-PARA-FOTOS-NO-SISTEMA-NOVO-87_2024-10-02_00-49-13_png_2024-10-02_00-49-13.webp.webp?fit=1200%2C675&ssl=1&resize=350%2C200 1x, https:\/\/i0.wp.com\/ismaelcolosi.com.br\/wp-content\/uploads\/2024\/10\/Copia-de-Copia-de-Copia-de-TAMANHO-EXATO-PARA-FOTOS-NO-SISTEMA-NOVO-87_2024-10-02_00-49-13_png_2024-10-02_00-49-13.webp.webp?fit=1200%2C675&ssl=1&resize=525%2C300 1.5x, https:\/\/i0.wp.com\/ismaelcolosi.com.br\/wp-content\/uploads\/2024\/10\/Copia-de-Copia-de-Copia-de-TAMANHO-EXATO-PARA-FOTOS-NO-SISTEMA-NOVO-87_2024-10-02_00-49-13_png_2024-10-02_00-49-13.webp.webp?fit=1200%2C675&ssl=1&resize=700%2C400 2x, https:\/\/i0.wp.com\/ismaelcolosi.com.br\/wp-content\/uploads\/2024\/10\/Copia-de-Copia-de-Copia-de-TAMANHO-EXATO-PARA-FOTOS-NO-SISTEMA-NOVO-87_2024-10-02_00-49-13_png_2024-10-02_00-49-13.webp.webp?fit=1200%2C675&ssl=1&resize=1050%2C600 3x"},"classes":[]}],"jetpack_sharing_enabled":true,"jetpack_shortlink":"https:\/\/wp.me\/pfMlyK-eL0","_links":{"self":[{"href":"https:\/\/ismaelcolosi.com.br\/index.php\/wp-json\/wp\/v2\/posts\/56730","targetHints":{"allow":["GET"]}}],"collection":[{"href":"https:\/\/ismaelcolosi.com.br\/index.php\/wp-json\/wp\/v2\/posts"}],"about":[{"href":"https:\/\/ismaelcolosi.com.br\/index.php\/wp-json\/wp\/v2\/types\/post"}],"author":[{"embeddable":true,"href":"https:\/\/ismaelcolosi.com.br\/index.php\/wp-json\/wp\/v2\/users\/1"}],"replies":[{"embeddable":true,"href":"https:\/\/ismaelcolosi.com.br\/index.php\/wp-json\/wp\/v2\/comments?post=56730"}],"version-history":[{"count":0,"href":"https:\/\/ismaelcolosi.com.br\/index.php\/wp-json\/wp\/v2\/posts\/56730\/revisions"}],"wp:featuredmedia":[{"embeddable":true,"href":"https:\/\/ismaelcolosi.com.br\/index.php\/wp-json\/wp\/v2\/media\/56731"}],"wp:attachment":[{"href":"https:\/\/ismaelcolosi.com.br\/index.php\/wp-json\/wp\/v2\/media?parent=56730"}],"wp:term":[{"taxonomy":"category","embeddable":true,"href":"https:\/\/ismaelcolosi.com.br\/index.php\/wp-json\/wp\/v2\/categories?post=56730"},{"taxonomy":"post_tag","embeddable":true,"href":"https:\/\/ismaelcolosi.com.br\/index.php\/wp-json\/wp\/v2\/tags?post=56730"}],"curies":[{"name":"wp","href":"https:\/\/api.w.org\/{rel}","templated":true}]}}