{"id":56719,"date":"2024-07-15T06:43:06","date_gmt":"2024-07-15T09:43:06","guid":{"rendered":"https:\/\/ismaelcolosi.com.br\/index.php\/2024\/07\/15\/aposentadoria-antecipada-saiba-quais-profissionais-tem-direito-e-como-pedir\/"},"modified":"2024-07-15T06:43:06","modified_gmt":"2024-07-15T09:43:06","slug":"aposentadoria-antecipada-saiba-quais-profissionais-tem-direito-e-como-pedir","status":"publish","type":"post","link":"https:\/\/ismaelcolosi.com.br\/index.php\/2024\/07\/15\/aposentadoria-antecipada-saiba-quais-profissionais-tem-direito-e-como-pedir\/","title":{"rendered":"Aposentadoria antecipada: saiba quais profissionais t\u00eam direito e como pedir"},"content":{"rendered":"<p> <br \/>\n<\/p>\n<div id=\"\">\n<div class=\"content-infos\">\n<div class=\"texts\">\n<p class=\"author tooltip-comp\"> Da reda\u00e7\u00e3o<span class=\"icon-i\">i<\/span><span class=\"tooltiptext\"> <span class=\"author\"><span>Da reda\u00e7\u00e3o<\/span> <\/span><span class=\"desc\"\/> <\/span><\/p>\n<p>15\/07\/2024 &#8211; 6:30<\/p>\n<\/div>\n<div id=\"share-modal\" class=\"share-modal\"> <button class=\"box-close btn-share\"> <img decoding=\"async\" src=\"https:\/\/istoedinheiro.com.br\/wp-content\/themes\/dinheiro-wp-theme\/assets\/img\/svg\/closeIcon.svg?x46096\" alt=\"Close icon\" class=\"close-btn lazy\"\/> <\/button><\/div>\n<\/p><\/div>\n<p>Algumas atividades profissionais t\u00eam direito \u00e0 chamada aposentadoria especial, que exige menos tempo tanto de contribui\u00e7\u00e3o como de idade para ter direito ao pedido. Essa categoria de aposentadoria \u00e9 v\u00e1lida para profiss\u00f5es em que a atividade principal ocorre com exposi\u00e7\u00e3o a agente nocivo qu\u00edmico, f\u00edsico ou biol\u00f3gico.<\/p>\n<p>Os crit\u00e9rios de idade e tempo de contribui\u00e7\u00e3o v\u00e3o variar progressivamente conforme o grau de periculosidade da exposi\u00e7\u00e3o.<\/p>\n<h3>Quais os crit\u00e9rios para aposentadoria antecipada?<\/h3>\n<p>A aposentadoria especial \u00e9 um benef\u00edcio concedido ao cidad\u00e3o que trabalha exposto a agentes prejudiciais \u00e0 sa\u00fade, como calor ou ru\u00eddo, de forma permanente, n\u00e3o ocasional nem intermitente, em n\u00edveis de exposi\u00e7\u00e3o acima dos limites estabelecidos em legisla\u00e7\u00e3o pr\u00f3pria.<\/p>\n<p>Adriane Bramante, diretora do IBDP (Instituto Brasileiro de Direito Previdenci\u00e1rio), destaca que o trabalhador precisa provar que atuou em atividade profissional exposto a um agente nocivo de natureza qu\u00edmica (produtos qu\u00edmicos, por exemplo), f\u00edsica (polui\u00e7\u00e3o sonora) ou biol\u00f3gico (material contaminado).<\/p>\n<p>As empresas empregadoras devem fornecer o Perfil Profissiogr\u00e1fico Previdenci\u00e1rio (PPP), assim como o Laudo T\u00e9cnico das Condi\u00e7\u00f5es, com informa\u00e7\u00f5es sobre as condi\u00e7\u00f5es do ambiente de trabalho. O laudo pode ser feito por m\u00e9dico do trabalho ou um engenheiro de seguran\u00e7a do trabalho.<\/p>\n<p>Ser\u00e3o considerados tempo de exposi\u00e7\u00e3o, tempo geral e idade do profissional.<\/p>\n<h3>Qual a idade m\u00ednima e o tempo de contribui\u00e7\u00e3o exigidos?<\/h3>\n<p>A idade m\u00ednima e o tempo de contribui\u00e7\u00e3o mudam conforme o grau de exposi\u00e7\u00e3o ao agente nocivo. A saber:<\/p>\n<p><strong>Para exposi\u00e7\u00e3o de grau alto<\/strong><\/p>\n<p>15 anos de contribui\u00e7\u00e3o e 55 anos de idade m\u00ednima<\/p>\n<p><strong>Para exposi\u00e7\u00e3o de grau moderado<\/strong><\/p>\n<p>20 anos de contribui\u00e7\u00e3o e 58 anos de idade m\u00ednima<\/p>\n<p><strong>Para exposi\u00e7\u00e3o de grau leve<\/strong><\/p>\n<p>25 anos de contribui\u00e7\u00e3o e com 60 anos de idade m\u00ednima<\/p>\n<h3>Reforma da Previd\u00eancia<\/h3>\n<p>Essas regras valem para os segurados que se filiaram ao Regime Geral de Previd\u00eancia Social (RGPS) a partir de 14\/11\/2019, quando passou a ser a aplicada a nova regra por conta da Emenda Constitucional 103\/2019, a Reforma da Previd\u00eancia.<\/p>\n<p>Para aqueles contribuintes filiados anteriormente a essa data, vale uma regra de transi\u00e7\u00e3o que exige uma pontua\u00e7\u00e3o m\u00ednima que considera somat\u00f3rio de idade, tempo de contribui\u00e7\u00e3o e o tempo de efetiva exposi\u00e7\u00e3o, sendo:<\/p>\n<p><strong>Tempo de efetiva exposi\u00e7\u00e3o: 15 anos<\/strong><\/p>\n<p>66 pontos + m\u00ednimo de 15 anos de contribui\u00e7\u00e3o (ou 180 meses)<\/p>\n<p><strong>Tempo de efetiva exposi\u00e7\u00e3o: 20 anos<\/strong><\/p>\n<p>76 pontos + m\u00ednimo de 15 anos de contribui\u00e7\u00e3o (ou 180 meses)<\/p>\n<p><strong>Tempo de efetiva exposi\u00e7\u00e3o: 25 anos<\/strong><\/p>\n<p>86 pontos + m\u00ednimo de 15 anos de contribui\u00e7\u00e3o (ou 180 meses)<\/p>\n<p>As aposentadorias, em geral, podem ser solicitadas por dois crit\u00e9rios. Pela idade m\u00ednima, s\u00e3o 65 anos para homens e 62 anos para mulheres, com tempo m\u00ednimo de contribui\u00e7\u00e3o de 15 anos para ambos. Pelo tempo de contribui\u00e7\u00e3o, mulheres precisam ter 30 anos de contribui\u00e7\u00e3o e 57 anos de idade, e homens 35 anos de contribui\u00e7\u00e3o e 60 anos de idade.<\/p>\n<h3>Valor<\/h3>\n<p>O valor da aposentadoria especial \u00e9 equivalente a 60% da m\u00e9dia de 100% dos sal\u00e1rios de contribui\u00e7\u00e3o, consideradas a partir de julho de 1994. H\u00e1 um acr\u00e9scimo de 2% para cada ano de contribui\u00e7\u00e3o que passar de 15 anos para as mulheres e de 20 anos para os homens.<\/p>\n<h3>Professores<\/h3>\n<p>Professores dos ensinos infantil, fundamental e m\u00e9dio tamb\u00e9m podem pedir aposentadoria mais cedo. Mulheres com idade m\u00ednima de 57 anos e homens de 60 anos. Ser\u00e1 necess\u00e1rio provar a atua\u00e7\u00e3o na atividade de magist\u00e9rio e diploma de forma\u00e7\u00e3o na \u00e1rea.<\/p>\n<h3>Quem pode pedir<\/h3>\n<p>At\u00e9 a reforma da previd\u00eancia, havia uma lista de atividades profissionais que davam direito \u00e0 aposentadoria especial apenas constando o registro da atividade na carteira de trabalho. Agora, o mais importante, n\u00e3o \u00e9 a fun\u00e7\u00e3o registrada em si, mas provar que o profissional esteve exposto a um ambiente t\u00f3xico ou insalubre no exerc\u00edcio da atividade.<\/p>\n<p><strong>Alguns exemplos de atividades profissionais que podem pedir antecipa\u00e7\u00e3o de aposentadoria:<\/strong><\/p>\n<ul>\n<li>Aeronautas e aerovi\u00e1rios<\/li>\n<li>Bombeiros<\/li>\n<li>Eletricistas (provar exposi\u00e7\u00e3o habitual acima de 250v)<\/li>\n<li>Engenheiro de minas ou qu\u00edmicos<\/li>\n<li>Frentistas<\/li>\n<li>M\u00e9dicos e enfermeiros (que comprovarem exposi\u00e7\u00e3o a agentes biol\u00f3gicos)<\/li>\n<li>Mergulhador<\/li>\n<li>Motorista de carga inflam\u00e1vel<\/li>\n<li>Lavanderia e tinturaria, incluindo passadores, tintureiros e calandristas<\/li>\n<li>Padeiros<\/li>\n<li>Pintor que utiliza pistola de tinta para o trabalho<\/li>\n<li>Torneiro mec\u00e2nico<\/li>\n<li>Trabalhadores em escava\u00e7\u00f5es, mineiros no subsolo ou operador de britadeira ou perfurador de rocha subterr\u00e2nea<\/li>\n<li>Trabalhadores que atuam em t\u00faneis e galerias, barragens e pontes<\/li>\n<li>Trabalhadores da ind\u00fastria metal\u00fargica, como soldadores, laminadores, moldadores etc<\/li>\n<li>Trabalhadores que atuam com chumbo, f\u00f3sforo branco, merc\u00fario ou explosivos<\/li>\n<li>Vigilante armado<\/li>\n<\/ul>\n<h3>Como solicitar<\/h3>\n<ul>\n<li>Acessar o Meu INSS, pelo computador ou pelo aplicativo no celular, dispon\u00edvel para iOS e Android;<\/li>\n<li>Fazer o login com o gov.br;<\/li>\n<li>Clicar em \u201cNovo Pedido\u201d na tela inicial;<\/li>\n<li>Em seguida, escolher a op\u00e7\u00e3o \u201cAposentadoria por Tempo de Contribui\u00e7\u00e3o\u201d;<\/li>\n<li>Confirmar os dados pessoais e clicar em \u201cAtualizar\u201d;<\/li>\n<li>Informar os per\u00edodos em que trabalhou exposto a agentes prejudiciais \u00e0 sa\u00fade;<\/li>\n<li>Incluir os documentos que comprovem o direito \u00e0 aposentadoria especial.<\/li>\n<\/ul>\n<p>Ou, o requerente pode solicitar pelo telefone 135.<\/p>\n<h3>Prazo<\/h3>\n<p>Ap\u00f3s a solicita\u00e7\u00e3o, o INSS ir\u00e1 fazer a an\u00e1lise em at\u00e9 45 dias corridos. Pessoas com defici\u00eancia, idosos com idade igual ou superior a 60 anos, gestantes ou lactantes t\u00eam direito a atendimento priorit\u00e1rio.<\/p>\n<h3>D\u00favidas<\/h3>\n<p>Em caso de d\u00favidas, ligue para a Central de Atendimento do INSS pelo telefone 135. O servi\u00e7o est\u00e1 dispon\u00edvel de segunda a s\u00e1bado, das 7h \u00e0s 22h (hor\u00e1rio de Bras\u00edlia).<\/p>\n<div id=\"share-modal\" class=\"share-modal\"> <button class=\"box-close btn-share\"> <img decoding=\"async\" src=\"https:\/\/istoedinheiro.com.br\/wp-content\/themes\/dinheiro-wp-theme\/assets\/img\/svg\/closeIcon.svg?x46096\" alt=\"Close icon\" class=\"close-btn lazy\"\/> <\/button><\/div>\n<\/p><\/div>\n<p><script>!function(f,b,e,v,n,t,s){if(f.fbq)return;n=f.fbq=function(){n.callMethod?n.callMethod.apply(n,arguments):n.queue.push(arguments)};if(!f._fbq)f._fbq=n;n.push=n;n.loaded=!0;n.version='2.0';n.queue=[];t=b.createElement(e);t.async=!0;t.src=v;s=b.getElementsByTagName(e)[0];s.parentNode.insertBefore(t,s)}(window,document,'script','<\/script><br \/>\n<br \/><br \/>\n<br \/><a href=\"https:\/\/istoedinheiro.com.br\/aposentadoria-antecipada-saiba-quais-profissionais-tem-direito-e-como-pedir\/\">Source link <\/a><\/p>\n<div class='code-block code-block-4' style='margin: 8px auto 8px 0; text-align: left; display: block; clear: both;'>\n\ud83d\udce2 Aviso Legal\n\nO site ismaelcolosi.com.br atua apenas como um canal de divulga\u00e7\u00e3o de oportunidades de emprego e n\u00e3o se responsabiliza pelo processo seletivo, contrata\u00e7\u00e3o ou qualquer outra etapa relacionada \u00e0s vagas publicadas. Todas as informa\u00e7\u00f5es s\u00e3o de responsabilidade dos anunciantes.\n\n\u26a0\ufe0f Aten\u00e7\u00e3o! Nunca pague por promessas de emprego nem compre cursos que garantam contrata\u00e7\u00e3o. Desconfie de qualquer cobran\u00e7a para participar de sele\u00e7\u00f5es.\n\n\n\n<\/div>\n<!-- CONTENT END 1 -->\n","protected":false},"excerpt":{"rendered":"<p>Da reda\u00e7\u00e3oi Da reda\u00e7\u00e3o 15\/07\/2024 &#8211; 6:30 Algumas atividades profissionais t\u00eam direito \u00e0 chamada aposentadoria especial, que exige menos tempo tanto de contribui\u00e7\u00e3o como de&#8230;<\/p>\n","protected":false},"author":1,"featured_media":56720,"comment_status":"open","ping_status":"open","sticky":false,"template":"","format":"standard","meta":{"_uag_custom_page_level_css":"","advanced_seo_description":"","jetpack_seo_html_title":"","jetpack_seo_noindex":false,"jetpack_post_was_ever_published":false,"_jetpack_newsletter_access":"","_jetpack_dont_email_post_to_subs":false,"_jetpack_newsletter_tier_id":0,"_jetpack_memberships_contains_paywalled_content":false,"_jetpack_memberships_contains_paid_content":false,"footnotes":"","jetpack_publicize_message":"","jetpack_publicize_feature_enabled":true,"jetpack_social_post_already_shared":true,"jetpack_social_options":{"image_generator_settings":{"template":"highway","default_image_id":0,"font":"","enabled":false},"version":2}},"categories":[3598],"tags":[],"class_list":["post-56719","post","type-post","status-publish","format-standard","has-post-thumbnail","hentry","category-empregos-classificados-vagas-trabalho"],"jetpack_publicize_connections":[],"jetpack_featured_media_url":"https:\/\/i0.wp.com\/ismaelcolosi.com.br\/wp-content\/uploads\/2024\/07\/121.jpg?fit=1024%2C576&ssl=1","uagb_featured_image_src":{"full":["https:\/\/i0.wp.com\/ismaelcolosi.com.br\/wp-content\/uploads\/2024\/07\/121.jpg?fit=1024%2C576&ssl=1",1024,576,false],"thumbnail":["https:\/\/i0.wp.com\/ismaelcolosi.com.br\/wp-content\/uploads\/2024\/07\/121.jpg?resize=150%2C150&ssl=1",150,150,true],"medium":["https:\/\/i0.wp.com\/ismaelcolosi.com.br\/wp-content\/uploads\/2024\/07\/121.jpg?fit=300%2C169&ssl=1",300,169,true],"medium_large":["https:\/\/i0.wp.com\/ismaelcolosi.com.br\/wp-content\/uploads\/2024\/07\/121.jpg?fit=768%2C432&ssl=1",768,432,true],"large":["https:\/\/i0.wp.com\/ismaelcolosi.com.br\/wp-content\/uploads\/2024\/07\/121.jpg?fit=1024%2C576&ssl=1",1024,576,true],"1536x1536":["https:\/\/i0.wp.com\/ismaelcolosi.com.br\/wp-content\/uploads\/2024\/07\/121.jpg?fit=1024%2C576&ssl=1",1024,576,true],"2048x2048":["https:\/\/i0.wp.com\/ismaelcolosi.com.br\/wp-content\/uploads\/2024\/07\/121.jpg?fit=1024%2C576&ssl=1",1024,576,true],"really-simple-thumb":["https:\/\/i0.wp.com\/ismaelcolosi.com.br\/wp-content\/uploads\/2024\/07\/121.jpg?resize=370%2C247&ssl=1",370,247,true]},"uagb_author_info":{"display_name":"ismaelcolosi.com.br","author_link":"https:\/\/ismaelcolosi.com.br\/index.php\/author\/vidareal-online\/"},"uagb_comment_info":0,"uagb_excerpt":"Da reda\u00e7\u00e3oi Da reda\u00e7\u00e3o 15\/07\/2024 &#8211; 6:30 Algumas atividades profissionais t\u00eam direito \u00e0 chamada aposentadoria especial, que exige menos tempo tanto de contribui\u00e7\u00e3o como de...","jetpack-related-posts":[{"id":58574,"url":"https:\/\/ismaelcolosi.com.br\/index.php\/2024\/08\/01\/inss-professor-tem-regras-diferenciadas-e-pode-se-aposentar-mais-cedo-entenda\/","url_meta":{"origin":56719,"position":0},"title":"INSS: Professor tem regras diferenciadas e pode se aposentar mais cedo; entenda","author":"ismaelcolosi.com.br","date":"1 de August de 2024","format":false,"excerpt":"Da reda\u00e7\u00e3oi Da reda\u00e7\u00e3o 01\/08\/2024 - 6:30 Algumas atividades profissionais t\u00eam direito \u00e0 antecipa\u00e7\u00e3o da aposentadoria, entre elas a de professores. A antecipa\u00e7\u00e3o pode chegar a cinco anos. A regra vale para atividades de magist\u00e9rio, ent\u00e3o, al\u00e9m dos professores, tamb\u00e9m t\u00eam direito profissionais que exercem atividades como dire\u00e7\u00e3o de unidade\u2026","rel":"","context":"In &quot;Empregos - Classificados&quot;","block_context":{"text":"Empregos - Classificados","link":"https:\/\/ismaelcolosi.com.br\/index.php\/category\/empregos-classificados-vagas-trabalho\/"},"img":{"alt_text":"","src":"https:\/\/i0.wp.com\/ismaelcolosi.com.br\/wp-content\/uploads\/2024\/08\/congratulations-you-did-test-very-well-e1665848306128.jpg?fit=640%2C427&ssl=1&resize=350%2C200","width":350,"height":200,"srcset":"https:\/\/i0.wp.com\/ismaelcolosi.com.br\/wp-content\/uploads\/2024\/08\/congratulations-you-did-test-very-well-e1665848306128.jpg?fit=640%2C427&ssl=1&resize=350%2C200 1x, https:\/\/i0.wp.com\/ismaelcolosi.com.br\/wp-content\/uploads\/2024\/08\/congratulations-you-did-test-very-well-e1665848306128.jpg?fit=640%2C427&ssl=1&resize=525%2C300 1.5x"},"classes":[]},{"id":6792,"url":"https:\/\/ismaelcolosi.com.br\/index.php\/2023\/11\/26\/entenda-a-novidade-da-previdencia\/","url_meta":{"origin":56719,"position":1},"title":"entenda a novidade da previd\u00eancia","author":"ismaelcolosi.com.br","date":"26 de November de 2023","format":false,"excerpt":"Cr\u00e9ditos: Pollyana Ventura\/ iStockReforma da Previd\u00eancia come\u00e7ou a valer recentemente A quest\u00e3o da aposentadoria \u00e9 um t\u00f3pico de grande interesse para milhares de brasileiros, principalmente aqueles que est\u00e3o planejando o seu futuro e buscando entender as mudan\u00e7as nas leis previdenci\u00e1rias. Recentemente, uma not\u00edcia trouxe alegria para muitos, pois indicou o\u2026","rel":"","context":"In &quot;Variedades&quot;","block_context":{"text":"Variedades","link":"https:\/\/ismaelcolosi.com.br\/index.php\/category\/variedades\/"},"img":{"alt_text":"","src":"https:\/\/i0.wp.com\/ismaelcolosi.com.br\/wp-content\/uploads\/2023\/11\/01-carteira-de-trabalho2-marcello-casal-jr.jpg?fit=1200%2C638&ssl=1&resize=350%2C200","width":350,"height":200,"srcset":"https:\/\/i0.wp.com\/ismaelcolosi.com.br\/wp-content\/uploads\/2023\/11\/01-carteira-de-trabalho2-marcello-casal-jr.jpg?fit=1200%2C638&ssl=1&resize=350%2C200 1x, https:\/\/i0.wp.com\/ismaelcolosi.com.br\/wp-content\/uploads\/2023\/11\/01-carteira-de-trabalho2-marcello-casal-jr.jpg?fit=1200%2C638&ssl=1&resize=525%2C300 1.5x, https:\/\/i0.wp.com\/ismaelcolosi.com.br\/wp-content\/uploads\/2023\/11\/01-carteira-de-trabalho2-marcello-casal-jr.jpg?fit=1200%2C638&ssl=1&resize=700%2C400 2x, https:\/\/i0.wp.com\/ismaelcolosi.com.br\/wp-content\/uploads\/2023\/11\/01-carteira-de-trabalho2-marcello-casal-jr.jpg?fit=1200%2C638&ssl=1&resize=1050%2C600 3x"},"classes":[]},{"id":20100,"url":"https:\/\/ismaelcolosi.com.br\/index.php\/2023\/12\/24\/novas-regras-de-aposentadoria-do-inss-desafiam-trabalhadores\/","url_meta":{"origin":56719,"position":2},"title":"Novas regras de aposentadoria do INSS desafiam trabalhadores","author":"ismaelcolosi.com.br","date":"24 de December de 2023","format":false,"excerpt":"Cr\u00e9ditos: Depositphotos\/rmcarvalhobsb\u00c9 poss\u00edvel consultar o extrato do INSS A Reforma da Previd\u00eancia, em vigor desde 2019, tem sido um ponto de constante debate e altera\u00e7\u00f5es que afetam diretamente os trabalhadores em todo o pa\u00eds. No cen\u00e1rio atual, com a chegada de 2024, novas regras de aposentadoria pelo INSS s\u00e3o anunciadas,\u2026","rel":"","context":"In &quot;Variedades&quot;","block_context":{"text":"Variedades","link":"https:\/\/ismaelcolosi.com.br\/index.php\/category\/variedades\/"},"img":{"alt_text":"","src":"https:\/\/i0.wp.com\/ismaelcolosi.com.br\/wp-content\/uploads\/2023\/12\/1703414610_depositphotos-413145286-l.jpg?fit=1200%2C638&ssl=1&resize=350%2C200","width":350,"height":200,"srcset":"https:\/\/i0.wp.com\/ismaelcolosi.com.br\/wp-content\/uploads\/2023\/12\/1703414610_depositphotos-413145286-l.jpg?fit=1200%2C638&ssl=1&resize=350%2C200 1x, https:\/\/i0.wp.com\/ismaelcolosi.com.br\/wp-content\/uploads\/2023\/12\/1703414610_depositphotos-413145286-l.jpg?fit=1200%2C638&ssl=1&resize=525%2C300 1.5x, https:\/\/i0.wp.com\/ismaelcolosi.com.br\/wp-content\/uploads\/2023\/12\/1703414610_depositphotos-413145286-l.jpg?fit=1200%2C638&ssl=1&resize=700%2C400 2x, https:\/\/i0.wp.com\/ismaelcolosi.com.br\/wp-content\/uploads\/2023\/12\/1703414610_depositphotos-413145286-l.jpg?fit=1200%2C638&ssl=1&resize=1050%2C600 3x"},"classes":[]},{"id":19982,"url":"https:\/\/ismaelcolosi.com.br\/index.php\/2023\/12\/23\/reforma-na-aposentadoria-do-inss-em-2024-havera-mudancas\/","url_meta":{"origin":56719,"position":3},"title":"Reforma na aposentadoria do INSS em 2024: haver\u00e1 mudan\u00e7as?","author":"ismaelcolosi.com.br","date":"23 de December de 2023","format":false,"excerpt":"Cr\u00e9ditos: Depositphotos\/rafapressINSS: 2024 passar\u00e1 por uma revolu\u00e7\u00e3o? A Aposentadoria do INSS est\u00e1 prestes a sofrer transforma\u00e7\u00f5es significativas a partir de 2024, com a implementa\u00e7\u00e3o de um novo sistema de pontos que afetar\u00e1 diretamente os trabalhadores que ingressaram no mercado de trabalho ap\u00f3s 2019. Essas mudan\u00e7as, parte das regras de transi\u00e7\u00e3o,\u2026","rel":"","context":"In &quot;Variedades&quot;","block_context":{"text":"Variedades","link":"https:\/\/ismaelcolosi.com.br\/index.php\/category\/variedades\/"},"img":{"alt_text":"","src":"https:\/\/i0.wp.com\/ismaelcolosi.com.br\/wp-content\/uploads\/2023\/12\/1703373035_a-melhor-noticia-para-quem-aguarda-pericia-no-inss-acaba-de-chegar.jpg?fit=1200%2C638&ssl=1&resize=350%2C200","width":350,"height":200,"srcset":"https:\/\/i0.wp.com\/ismaelcolosi.com.br\/wp-content\/uploads\/2023\/12\/1703373035_a-melhor-noticia-para-quem-aguarda-pericia-no-inss-acaba-de-chegar.jpg?fit=1200%2C638&ssl=1&resize=350%2C200 1x, https:\/\/i0.wp.com\/ismaelcolosi.com.br\/wp-content\/uploads\/2023\/12\/1703373035_a-melhor-noticia-para-quem-aguarda-pericia-no-inss-acaba-de-chegar.jpg?fit=1200%2C638&ssl=1&resize=525%2C300 1.5x, https:\/\/i0.wp.com\/ismaelcolosi.com.br\/wp-content\/uploads\/2023\/12\/1703373035_a-melhor-noticia-para-quem-aguarda-pericia-no-inss-acaba-de-chegar.jpg?fit=1200%2C638&ssl=1&resize=700%2C400 2x, https:\/\/i0.wp.com\/ismaelcolosi.com.br\/wp-content\/uploads\/2023\/12\/1703373035_a-melhor-noticia-para-quem-aguarda-pericia-no-inss-acaba-de-chegar.jpg?fit=1200%2C638&ssl=1&resize=1050%2C600 3x"},"classes":[]},{"id":14153,"url":"https:\/\/ismaelcolosi.com.br\/index.php\/2023\/12\/11\/veja-o-que-muda-nas-regras-para-aposentadoria-em-2024\/","url_meta":{"origin":56719,"position":4},"title":"Veja o que muda nas regras para aposentadoria em 2024","author":"ismaelcolosi.com.br","date":"11 de December de 2023","format":false,"excerpt":"A cada ano que passa, a perspectiva da aposentadoria se afasta ainda mais. Os trabalhadores que almejam se aposentar em 2024 devem estar atentos \u00e0s diretrizes estabelecidas pela reforma da Previd\u00eancia, as quais impactam, entre outros aspectos, o aumento da idade m\u00ednima e do per\u00edodo de contribui\u00e7\u00e3o. Cr\u00e9ditos: Ag\u00eancia Brasil\/Marcello\u2026","rel":"","context":"In &quot;Variedades&quot;","block_context":{"text":"Variedades","link":"https:\/\/ismaelcolosi.com.br\/index.php\/category\/variedades\/"},"img":{"alt_text":"","src":"https:\/\/i0.wp.com\/ismaelcolosi.com.br\/wp-content\/uploads\/2023\/12\/1702332484_a-melhor-noticia-para-quem-aguarda-pericia-no-inss-acaba-de-chegar.jpg?fit=1200%2C638&ssl=1&resize=350%2C200","width":350,"height":200,"srcset":"https:\/\/i0.wp.com\/ismaelcolosi.com.br\/wp-content\/uploads\/2023\/12\/1702332484_a-melhor-noticia-para-quem-aguarda-pericia-no-inss-acaba-de-chegar.jpg?fit=1200%2C638&ssl=1&resize=350%2C200 1x, https:\/\/i0.wp.com\/ismaelcolosi.com.br\/wp-content\/uploads\/2023\/12\/1702332484_a-melhor-noticia-para-quem-aguarda-pericia-no-inss-acaba-de-chegar.jpg?fit=1200%2C638&ssl=1&resize=525%2C300 1.5x, https:\/\/i0.wp.com\/ismaelcolosi.com.br\/wp-content\/uploads\/2023\/12\/1702332484_a-melhor-noticia-para-quem-aguarda-pericia-no-inss-acaba-de-chegar.jpg?fit=1200%2C638&ssl=1&resize=700%2C400 2x, https:\/\/i0.wp.com\/ismaelcolosi.com.br\/wp-content\/uploads\/2023\/12\/1702332484_a-melhor-noticia-para-quem-aguarda-pericia-no-inss-acaba-de-chegar.jpg?fit=1200%2C638&ssl=1&resize=1050%2C600 3x"},"classes":[]},{"id":15152,"url":"https:\/\/ismaelcolosi.com.br\/index.php\/2023\/12\/13\/novas-regras-para-aposentadoria-comecam-a-valer-em-2024\/","url_meta":{"origin":56719,"position":5},"title":"Novas regras para aposentadoria come\u00e7am a valer em 2024","author":"ismaelcolosi.com.br","date":"13 de December de 2023","format":false,"excerpt":"A cada ano que passa, a perspectiva da aposentadoria se afasta ainda mais. Os trabalhadores que almejam se aposentar em 2024 devem estar atentos \u00e0s diretrizes estabelecidas pela reforma da Previd\u00eancia, as quais impactam, entre outros aspectos, o aumento da idade m\u00ednima e do per\u00edodo de contribui\u00e7\u00e3o. Cr\u00e9ditos: Reprodu\u00e7\u00e3o\/Gov.brINSS: Novas\u2026","rel":"","context":"In &quot;Variedades&quot;","block_context":{"text":"Variedades","link":"https:\/\/ismaelcolosi.com.br\/index.php\/category\/variedades\/"},"img":{"alt_text":"","src":"https:\/\/i0.wp.com\/ismaelcolosi.com.br\/wp-content\/uploads\/2023\/12\/1702459971_a-melhor-noticia-para-aposentados-do-inss-acaba-de-chegar-1.jpeg?fit=1200%2C638&ssl=1&resize=350%2C200","width":350,"height":200,"srcset":"https:\/\/i0.wp.com\/ismaelcolosi.com.br\/wp-content\/uploads\/2023\/12\/1702459971_a-melhor-noticia-para-aposentados-do-inss-acaba-de-chegar-1.jpeg?fit=1200%2C638&ssl=1&resize=350%2C200 1x, https:\/\/i0.wp.com\/ismaelcolosi.com.br\/wp-content\/uploads\/2023\/12\/1702459971_a-melhor-noticia-para-aposentados-do-inss-acaba-de-chegar-1.jpeg?fit=1200%2C638&ssl=1&resize=525%2C300 1.5x, https:\/\/i0.wp.com\/ismaelcolosi.com.br\/wp-content\/uploads\/2023\/12\/1702459971_a-melhor-noticia-para-aposentados-do-inss-acaba-de-chegar-1.jpeg?fit=1200%2C638&ssl=1&resize=700%2C400 2x, https:\/\/i0.wp.com\/ismaelcolosi.com.br\/wp-content\/uploads\/2023\/12\/1702459971_a-melhor-noticia-para-aposentados-do-inss-acaba-de-chegar-1.jpeg?fit=1200%2C638&ssl=1&resize=1050%2C600 3x"},"classes":[]}],"jetpack_sharing_enabled":true,"jetpack_shortlink":"https:\/\/wp.me\/pfMlyK-eKP","_links":{"self":[{"href":"https:\/\/ismaelcolosi.com.br\/index.php\/wp-json\/wp\/v2\/posts\/56719","targetHints":{"allow":["GET"]}}],"collection":[{"href":"https:\/\/ismaelcolosi.com.br\/index.php\/wp-json\/wp\/v2\/posts"}],"about":[{"href":"https:\/\/ismaelcolosi.com.br\/index.php\/wp-json\/wp\/v2\/types\/post"}],"author":[{"embeddable":true,"href":"https:\/\/ismaelcolosi.com.br\/index.php\/wp-json\/wp\/v2\/users\/1"}],"replies":[{"embeddable":true,"href":"https:\/\/ismaelcolosi.com.br\/index.php\/wp-json\/wp\/v2\/comments?post=56719"}],"version-history":[{"count":0,"href":"https:\/\/ismaelcolosi.com.br\/index.php\/wp-json\/wp\/v2\/posts\/56719\/revisions"}],"wp:featuredmedia":[{"embeddable":true,"href":"https:\/\/ismaelcolosi.com.br\/index.php\/wp-json\/wp\/v2\/media\/56720"}],"wp:attachment":[{"href":"https:\/\/ismaelcolosi.com.br\/index.php\/wp-json\/wp\/v2\/media?parent=56719"}],"wp:term":[{"taxonomy":"category","embeddable":true,"href":"https:\/\/ismaelcolosi.com.br\/index.php\/wp-json\/wp\/v2\/categories?post=56719"},{"taxonomy":"post_tag","embeddable":true,"href":"https:\/\/ismaelcolosi.com.br\/index.php\/wp-json\/wp\/v2\/tags?post=56719"}],"curies":[{"name":"wp","href":"https:\/\/api.w.org\/{rel}","templated":true}]}}