{"id":56717,"date":"2024-07-15T06:28:39","date_gmt":"2024-07-15T09:28:39","guid":{"rendered":"https:\/\/ismaelcolosi.com.br\/index.php\/2024\/07\/15\/conheca-os-10-lideres-mundiais-mais-bem-pagos-em-2024\/"},"modified":"2024-07-15T06:28:39","modified_gmt":"2024-07-15T09:28:39","slug":"conheca-os-10-lideres-mundiais-mais-bem-pagos-em-2024","status":"publish","type":"post","link":"https:\/\/ismaelcolosi.com.br\/index.php\/2024\/07\/15\/conheca-os-10-lideres-mundiais-mais-bem-pagos-em-2024\/","title":{"rendered":"Conhe\u00e7a os 10 l\u00edderes mundiais mais bem pagos em 2024"},"content":{"rendered":"<p> <br \/>\n<\/p>\n<div>\n<p>\u00a0<\/p>\n<div class=\"accessibility\">\n<p>Acessibilidade<\/p>\n<p>\n<button onclick=\"alterFont1()\" id=\"btn1\" class=\"btn\">L<\/button><br \/>\n<button onclick=\"alterFont2()\" id=\"btn2\" class=\"btn\" style=\"font-family: Merriweather\">L<\/button><br \/>\n<button onclick=\"alterFontSmallerSize()\" id=\"btn3\" class=\"btn\">A-<\/button><br \/>\n<button onclick=\"alterFontBiggerSize()\" id=\"btn4\" class=\"btn\">A+<\/button><\/p>\n<p><button onclick=\"alterBackground()\" id=\"btn6\" class=\"btn\">\u25d0<\/button><\/p>\n<\/div>\n<p><span style=\"font-weight: 400;\">N\u00e3o \u00e9 apenas no mundo corporativo que nem sempre o cargo condiz com o <\/span><b>sal\u00e1rio<\/b><span style=\"font-weight: 400;\">. Muitas vezes, as lideran\u00e7as mundiais tamb\u00e9m n\u00e3o t\u00eam uma remunera\u00e7\u00e3o \u00e0 altura do trabalho exercido.\u00a0<\/span><\/p>\n<p><span style=\"font-weight: 400;\">A come\u00e7ar pelo chefe da <\/span><b>Casa Branca<\/b><span style=\"font-weight: 400;\">. O sal\u00e1rio anual de US$ 400 mil (R$ 2,160 milh\u00f5es) do presidente dos Estados Unidos vem perdendo valor, \u00e0 medida que a <\/span><b>infla\u00e7\u00e3o<\/b><span style=\"font-weight: 400;\"> corroi o poder de compra dos consumidores do pa\u00eds.\u00a0<\/span><\/p>\n<p><span style=\"font-weight: 400;\">De acordo com as estimativas da <\/span><i><span style=\"font-weight: 400;\">Forbes<\/span><\/i><span style=\"font-weight: 400;\">, se a alta dos pre\u00e7os nos EUA mantiver o ritmo atual, quem ocupar o posto de homem mais poderoso do mundo at\u00e9 2028 tamb\u00e9m pode ser o mais mal pago da hist\u00f3ria americana.<\/span><\/p>\n<p><code><\/p>\n<h2>Leia tamb\u00e9m<\/h2>\n<p><\/code><\/p>\n<p><span style=\"font-weight: 400;\">J\u00e1 do outro lado do mundo est\u00e3o os l\u00edderes mais bem pagos. Ainda que os sal\u00e1rios elevados pagos a governantes na \u00c1sia estejam muito abaixo da remunera\u00e7\u00e3o dos CEOs de grandes empresas, o primeiro-ministro de Singapura, <\/span><b>Lawrence Wang<\/b><span style=\"font-weight: 400;\">, deve receber a maior remunera\u00e7\u00e3o anual em 2024.<\/span><\/p>\n<p><span style=\"font-weight: 400;\">Conforme levantamento feito pelo aplicativo Voronoi, da Visual Capitalist, o sal\u00e1rio anual de Wang \u00e9 de US$ 1,6 milh\u00e3o (R$ 8,64 milh\u00f5es). Os valores em d\u00f3lares s\u00e3o aproximados e atualizados at\u00e9 junho deste ano, sem considerar b\u00f4nus e outras compensa\u00e7\u00f5es adicionais.\u00a0\u00a0<\/span><\/p>\n<p><span style=\"font-weight: 400;\">Em segundo lugar, est\u00e1 o executivo-chefe de Hong Kong, John Lee Ka-chiu, com ganho anual de US$ 695 mil (R$ 3,753 milh\u00f5es). Vale lembrar que a ex-col\u00f4nia brit\u00e2nica \u00e9 um territ\u00f3rio aut\u00f4nomo da China.<\/span><\/p>\n<p><span style=\"font-weight: 400;\">Completa o p\u00f3dio a presidente da Su\u00ed\u00e7a, Viola Amherd, com sal\u00e1rio anual de US$ 530 mil (R$ 2,862 milh\u00f5es). J\u00e1 Joe Biden \u00e9, por enquanto, o quarto l\u00edder mais bem pago do mundo.<\/span><\/p>\n<p>\u00a0<\/p>\n<p><strong>CONFIRA OS 10 L\u00cdDERES MUNDIAIS MAIS BEM PAGOS EM 2024<\/strong><\/p>\n<p><span style=\"font-weight: 400;\">1\u00ba Lawrence Wang \u2013 Singapura (primeiro-ministro): US$ 1,6 milh\u00e3o (R$ 8,640 milh\u00f5es)<\/span><\/p>\n<p><span style=\"font-weight: 400;\">2\u00ba John Lee Ka-chiu \u2013 Hong Kong (executivo-chefe): US$ 695 mil (R$ 3,753 milh\u00f5es)<\/span><\/p>\n<p><span style=\"font-weight: 400;\">3\u00ba Viola Amherd \u2013 Su\u00ed\u00e7a (presidente): US$ 530 mil (R$ 2,862 milh\u00f5es)<\/span><\/p>\n<p><span style=\"font-weight: 400;\">4\u00ba Joe Biden \u2013 EUA (presidente): US$ 400 mil (R$ 2,160 milh\u00f5es)<\/span><\/p>\n<p><span style=\"font-weight: 400;\">5\u00ba Anthony Albanese \u2013 Austr\u00e1lia (primeiro-ministro): US$ 390 mil (R$ 2,106 milh\u00f5es)<\/span><\/p>\n<p><span style=\"font-weight: 400;\">6\u00ba Olaf Scholz \u2013 Alemanha (chanceler): US$ 367 mil (R$ 1,982 milh\u00f5es)<\/span><\/p>\n<p><span style=\"font-weight: 400;\">7\u00ba Ursula von der Leyen \u2013 Uni\u00e3o Europeia (presidente): US$ 364 mil (R$ 1,966 milh\u00f5es)<\/span><\/p>\n<p><span style=\"font-weight: 400;\">8\u00ba Karl Nehammer \u2013 \u00c1ustria (chanceler): US$ 307 mil (R$ 1,658 milh\u00f5es)<\/span><\/p>\n<p><span style=\"font-weight: 400;\">9\u00ba Justin Trudeau \u2013 Canad\u00e1 (primeiro-ministro): US$ 292 mil (R$ 1,577 milh\u00f5es)<\/span><\/p>\n<p><span style=\"font-weight: 400;\">10\u00ba Christopher Luxon \u2013 Nova Zel\u00e2ndia (primeiro-ministro): US$ 288 mil (R$ 1,555 milh\u00f5es)<\/span><\/p>\n<\/div>\n<p><script type=\"rocketlazyloadscript\">\n\t\t\t\t(function(d, s, id){\n\t\t\t\t\tvar js, fjs = d.getElementsByTagName(s)[0];\n\t\t\t\t\tif (d.getElementById(id)) return;\n\t\t\t\t\tjs = d.createElement(s); js.id = id;\n\t\t\t\t\tjs.src = \"\/\/connect.facebook.net\/pt_BR\/sdk.js#xfbml=1&version=v2.9\";\n\t\t\t\t\tfjs.parentNode.insertBefore(js, fjs);\n\t\t\t\t}(document, 'script', 'facebook-jssdk'));\n\t\t\t<\/script><br \/>\n<br \/><br \/>\n<br \/><a href=\"https:\/\/forbes.com.br\/forbes-money\/2024\/07\/conheca-os-10-lideres-mundiais-mais-bem-pagos-em-2024\/\">Source link <\/a><\/p>\n<div class='code-block code-block-4' style='margin: 8px auto 8px 0; text-align: left; display: block; clear: both;'>\n\ud83d\udce2 Aviso Legal\n\nO site ismaelcolosi.com.br atua apenas como um canal de divulga\u00e7\u00e3o de oportunidades de emprego e n\u00e3o se responsabiliza pelo processo seletivo, contrata\u00e7\u00e3o ou qualquer outra etapa relacionada \u00e0s vagas publicadas. Todas as informa\u00e7\u00f5es s\u00e3o de responsabilidade dos anunciantes.\n\n\u26a0\ufe0f Aten\u00e7\u00e3o! Nunca pague por promessas de emprego nem compre cursos que garantam contrata\u00e7\u00e3o. Desconfie de qualquer cobran\u00e7a para participar de sele\u00e7\u00f5es.\n\n\n\n<\/div>\n<!-- CONTENT END 1 -->\n","protected":false},"excerpt":{"rendered":"<p>\u00a0 Acessibilidade L L A- A+ \u25d0 N\u00e3o \u00e9 apenas no mundo corporativo que nem sempre o cargo condiz com o sal\u00e1rio. Muitas vezes, as&#8230;<\/p>\n","protected":false},"author":1,"featured_media":56718,"comment_status":"open","ping_status":"open","sticky":false,"template":"","format":"standard","meta":{"_uag_custom_page_level_css":"","advanced_seo_description":"","jetpack_seo_html_title":"","jetpack_seo_noindex":false,"jetpack_post_was_ever_published":false,"_jetpack_newsletter_access":"","_jetpack_dont_email_post_to_subs":false,"_jetpack_newsletter_tier_id":0,"_jetpack_memberships_contains_paywalled_content":false,"_jetpack_memberships_contains_paid_content":false,"footnotes":"","jetpack_publicize_message":"","jetpack_publicize_feature_enabled":true,"jetpack_social_post_already_shared":true,"jetpack_social_options":{"image_generator_settings":{"template":"highway","default_image_id":0,"font":"","enabled":false},"version":2}},"categories":[1964],"tags":[],"class_list":["post-56717","post","type-post","status-publish","format-standard","has-post-thumbnail","hentry","category-carreira-e-sucesso-dicas-para-carreira"],"jetpack_publicize_connections":[],"jetpack_featured_media_url":"https:\/\/i0.wp.com\/ismaelcolosi.com.br\/wp-content\/uploads\/2024\/07\/Money_paisesbilionarios_Forbes-1024x683.jpg?fit=1024%2C683&ssl=1","uagb_featured_image_src":{"full":["https:\/\/i0.wp.com\/ismaelcolosi.com.br\/wp-content\/uploads\/2024\/07\/Money_paisesbilionarios_Forbes-1024x683.jpg?fit=1024%2C683&ssl=1",1024,683,false],"thumbnail":["https:\/\/i0.wp.com\/ismaelcolosi.com.br\/wp-content\/uploads\/2024\/07\/Money_paisesbilionarios_Forbes-1024x683.jpg?resize=150%2C150&ssl=1",150,150,true],"medium":["https:\/\/i0.wp.com\/ismaelcolosi.com.br\/wp-content\/uploads\/2024\/07\/Money_paisesbilionarios_Forbes-1024x683.jpg?fit=300%2C200&ssl=1",300,200,true],"medium_large":["https:\/\/i0.wp.com\/ismaelcolosi.com.br\/wp-content\/uploads\/2024\/07\/Money_paisesbilionarios_Forbes-1024x683.jpg?fit=768%2C512&ssl=1",768,512,true],"large":["https:\/\/i0.wp.com\/ismaelcolosi.com.br\/wp-content\/uploads\/2024\/07\/Money_paisesbilionarios_Forbes-1024x683.jpg?fit=1024%2C683&ssl=1",1024,683,true],"1536x1536":["https:\/\/i0.wp.com\/ismaelcolosi.com.br\/wp-content\/uploads\/2024\/07\/Money_paisesbilionarios_Forbes-1024x683.jpg?fit=1024%2C683&ssl=1",1024,683,true],"2048x2048":["https:\/\/i0.wp.com\/ismaelcolosi.com.br\/wp-content\/uploads\/2024\/07\/Money_paisesbilionarios_Forbes-1024x683.jpg?fit=1024%2C683&ssl=1",1024,683,true],"really-simple-thumb":["https:\/\/i0.wp.com\/ismaelcolosi.com.br\/wp-content\/uploads\/2024\/07\/Money_paisesbilionarios_Forbes-1024x683.jpg?resize=370%2C247&ssl=1",370,247,true]},"uagb_author_info":{"display_name":"ismaelcolosi.com.br","author_link":"https:\/\/ismaelcolosi.com.br\/index.php\/author\/vidareal-online\/"},"uagb_comment_info":0,"uagb_excerpt":"\u00a0 Acessibilidade L L A- A+ \u25d0 N\u00e3o \u00e9 apenas no mundo corporativo que nem sempre o cargo condiz com o sal\u00e1rio. Muitas vezes, as...","jetpack-related-posts":[{"id":29632,"url":"https:\/\/ismaelcolosi.com.br\/index.php\/2024\/01\/18\/a-sociedade-da-neve-sucesso-na-netflix-ganhara-documentario-sobre-sua-producao\/","url_meta":{"origin":56717,"position":0},"title":"&#8216;A Sociedade da Neve&#8217;, sucesso na Netflix, ganhar\u00e1 document\u00e1rio sobre sua produ\u00e7\u00e3o","author":"ismaelcolosi.com.br","date":"18 de January de 2024","format":false,"excerpt":"18 de janeiro de 2024 | 15:3018 de janeiro de 2024 | 11:57 0Lan\u00e7ado em dezembro do ano passado, o filme\u00a0A sociedade da Neve, do diretor espanhol Juan Antonio Bayona \u00e9 sucesso na Netflix e conta sobre a trag\u00e9dia da Cordilheira dos Andes de 1972: um acidente de avi\u00e3o com\u2026","rel":"","context":"In &quot;Not\u00edcias de Ribeir\u00e3o Preto-SP e Regi\u00e3o&quot;","block_context":{"text":"Not\u00edcias de Ribeir\u00e3o Preto-SP e Regi\u00e3o","link":"https:\/\/ismaelcolosi.com.br\/index.php\/category\/noticias-de-ribeirao-preto-sp-e-regiao-ismael-colosi\/"},"img":{"alt_text":"","src":"https:\/\/i0.wp.com\/ismaelcolosi.com.br\/wp-content\/uploads\/2024\/01\/a-sociedade-da-neve-scaled.jpg?fit=1000%2C563&ssl=1&resize=350%2C200","width":350,"height":200,"srcset":"https:\/\/i0.wp.com\/ismaelcolosi.com.br\/wp-content\/uploads\/2024\/01\/a-sociedade-da-neve-scaled.jpg?fit=1000%2C563&ssl=1&resize=350%2C200 1x, https:\/\/i0.wp.com\/ismaelcolosi.com.br\/wp-content\/uploads\/2024\/01\/a-sociedade-da-neve-scaled.jpg?fit=1000%2C563&ssl=1&resize=525%2C300 1.5x, https:\/\/i0.wp.com\/ismaelcolosi.com.br\/wp-content\/uploads\/2024\/01\/a-sociedade-da-neve-scaled.jpg?fit=1000%2C563&ssl=1&resize=700%2C400 2x"},"classes":[]},{"id":15951,"url":"https:\/\/ismaelcolosi.com.br\/index.php\/2023\/12\/14\/empresa-ribeirao-pretana-e-investigada-por-exploracao-de-garimpo-ilegal-em-roraima\/","url_meta":{"origin":56717,"position":1},"title":"Empresa ribeir\u00e3o-pretana \u00e9 investigada por explora\u00e7\u00e3o de garimpo ilegal em Roraima","author":"ismaelcolosi.com.br","date":"14 de December de 2023","format":false,"excerpt":"A\u00e7\u00e3o fez parte da opera\u00e7\u00e3o Forja de Hefesto, para combater a venda de cassiterita extra\u00edda ilegalmente na Terra Ind\u00edgena Yanomami 14 de dezembro de 2023 | 16:29 2Por: Adalberto LuqueUma empresa de Ribeir\u00e3o Preto foi um dos alvos, na manh\u00e3 desta quinta-feira (12), de uma opera\u00e7\u00e3o realizada pela Pol\u00edcia Federal\u2026","rel":"","context":"In &quot;Not\u00edcias de Ribeir\u00e3o Preto-SP e Regi\u00e3o&quot;","block_context":{"text":"Not\u00edcias de Ribeir\u00e3o Preto-SP e Regi\u00e3o","link":"https:\/\/ismaelcolosi.com.br\/index.php\/category\/noticias-de-ribeirao-preto-sp-e-regiao-ismael-colosi\/"},"img":{"alt_text":"","src":"https:\/\/i0.wp.com\/ismaelcolosi.com.br\/wp-content\/uploads\/2023\/12\/00-14-dez-2023-garimpo-ilegal-foto-pf.jpg?fit=768%2C576&ssl=1&resize=350%2C200","width":350,"height":200,"srcset":"https:\/\/i0.wp.com\/ismaelcolosi.com.br\/wp-content\/uploads\/2023\/12\/00-14-dez-2023-garimpo-ilegal-foto-pf.jpg?fit=768%2C576&ssl=1&resize=350%2C200 1x, https:\/\/i0.wp.com\/ismaelcolosi.com.br\/wp-content\/uploads\/2023\/12\/00-14-dez-2023-garimpo-ilegal-foto-pf.jpg?fit=768%2C576&ssl=1&resize=525%2C300 1.5x, https:\/\/i0.wp.com\/ismaelcolosi.com.br\/wp-content\/uploads\/2023\/12\/00-14-dez-2023-garimpo-ilegal-foto-pf.jpg?fit=768%2C576&ssl=1&resize=700%2C400 2x"},"classes":[]},{"id":16962,"url":"https:\/\/ismaelcolosi.com.br\/index.php\/2023\/12\/17\/utm_sourcerssutm_mediumrssutm_campaignempresa-de-ribeirao-preto-e-investigada-por-exploracao-de-garimpo-ilegal-em-roraima\/","url_meta":{"origin":56717,"position":2},"title":"Empresa de Ribeir\u00e3o Preto \u00e9 investigada por explora\u00e7\u00e3o de garimpo ilegal em Roraima \u2013 X Tudo Ribeir\u00e3o","author":"ismaelcolosi.com.br","date":"17 de December de 2023","format":false,"excerpt":"Uma empresa de Ribeir\u00e3o Preto foi um dos alvos, na manh\u00e3 da \u00faltima quinta-feira (12\/12), de uma opera\u00e7\u00e3o realizada pela Pol\u00edcia Federal em duas cidades da regi\u00e3o Norte do Brasil e no estado de S\u00e3o Paulo. A Opera\u00e7\u00e3o Forja de Hefesto foi realizada para desarticular um esquema de financiamento e\u2026","rel":"","context":"In &quot;Not\u00edcias de Ribeir\u00e3o Preto-SP e Regi\u00e3o&quot;","block_context":{"text":"Not\u00edcias de Ribeir\u00e3o Preto-SP e Regi\u00e3o","link":"https:\/\/ismaelcolosi.com.br\/index.php\/category\/noticias-de-ribeirao-preto-sp-e-regiao-ismael-colosi\/"},"img":{"alt_text":"","src":"https:\/\/i0.wp.com\/ismaelcolosi.com.br\/wp-content\/uploads\/2023\/12\/gazeta-do-povo-blog-concurseiros-pf-900x600.jpg?fit=900%2C600&ssl=1&resize=350%2C200","width":350,"height":200,"srcset":"https:\/\/i0.wp.com\/ismaelcolosi.com.br\/wp-content\/uploads\/2023\/12\/gazeta-do-povo-blog-concurseiros-pf-900x600.jpg?fit=900%2C600&ssl=1&resize=350%2C200 1x, https:\/\/i0.wp.com\/ismaelcolosi.com.br\/wp-content\/uploads\/2023\/12\/gazeta-do-povo-blog-concurseiros-pf-900x600.jpg?fit=900%2C600&ssl=1&resize=525%2C300 1.5x, https:\/\/i0.wp.com\/ismaelcolosi.com.br\/wp-content\/uploads\/2023\/12\/gazeta-do-povo-blog-concurseiros-pf-900x600.jpg?fit=900%2C600&ssl=1&resize=700%2C400 2x"},"classes":[]},{"id":81893,"url":"https:\/\/ismaelcolosi.com.br\/index.php\/2025\/01\/20\/quatro-setores-tiveram-aumento-de-salario-em-2024-saiba-quais\/","url_meta":{"origin":56717,"position":3},"title":"Quatro setores tiveram aumento de sal\u00e1rio em 2024; saiba quais","author":"ismaelcolosi.com.br","date":"20 de January de 2025","format":false,"excerpt":"\r Getty Images\r Em 2025, mais de tr\u00eas em cada dez empresas planejam dar aumento real de sal\u00e1rio a seus funcion\u00e1rios\r \u00a0 Acessibilidade \r L\r L\r A-\r A+\r \r \u25d0\r \r \u00a0 Em 2024, apenas alguns profissionais em determinadas \u00e1reas receberam o desejado aumento salarial, enquanto a maioria ficou com\u2026","rel":"","context":"In &quot;Carreira e Sucesso&quot;","block_context":{"text":"Carreira e Sucesso","link":"https:\/\/ismaelcolosi.com.br\/index.php\/category\/carreira-e-sucesso-dicas-para-carreira\/"},"img":{"alt_text":"","src":"https:\/\/i0.wp.com\/ismaelcolosi.com.br\/wp-content\/uploads\/2025\/01\/aumento-salario-forbes-1200x675.jpg?fit=1200%2C675&ssl=1&resize=350%2C200","width":350,"height":200,"srcset":"https:\/\/i0.wp.com\/ismaelcolosi.com.br\/wp-content\/uploads\/2025\/01\/aumento-salario-forbes-1200x675.jpg?fit=1200%2C675&ssl=1&resize=350%2C200 1x, https:\/\/i0.wp.com\/ismaelcolosi.com.br\/wp-content\/uploads\/2025\/01\/aumento-salario-forbes-1200x675.jpg?fit=1200%2C675&ssl=1&resize=525%2C300 1.5x, https:\/\/i0.wp.com\/ismaelcolosi.com.br\/wp-content\/uploads\/2025\/01\/aumento-salario-forbes-1200x675.jpg?fit=1200%2C675&ssl=1&resize=700%2C400 2x, https:\/\/i0.wp.com\/ismaelcolosi.com.br\/wp-content\/uploads\/2025\/01\/aumento-salario-forbes-1200x675.jpg?fit=1200%2C675&ssl=1&resize=1050%2C600 3x"},"classes":[]},{"id":28608,"url":"https:\/\/ismaelcolosi.com.br\/index.php\/2024\/01\/16\/tereos-abre-500-vagas-para-safra\/","url_meta":{"origin":56717,"position":4},"title":"Tereos abre 500 vagas para safra","author":"ismaelcolosi.com.br","date":"16 de January de 2024","format":false,"excerpt":"A Tereos, uma das l\u00edderes mundiais na produ\u00e7\u00e3o de a\u00e7\u00facar, etanol e bionergia, est\u00e1 com mais de 500 vagas de emprego abertas para a safra 2024\/25. As oportunidades s\u00e3o para as seis unidades industriais do grupo, localizadas na regi\u00e3o noroeste do Estado de S\u00e3o Paulo, e em todas as \u00e1reas\u2026","rel":"","context":"In &quot;Not\u00edcias de Ribeir\u00e3o Preto-SP e Regi\u00e3o&quot;","block_context":{"text":"Not\u00edcias de Ribeir\u00e3o Preto-SP e Regi\u00e3o","link":"https:\/\/ismaelcolosi.com.br\/index.php\/category\/noticias-de-ribeirao-preto-sp-e-regiao-ismael-colosi\/"},"img":{"alt_text":"","src":"https:\/\/i0.wp.com\/ismaelcolosi.com.br\/wp-content\/uploads\/2024\/01\/Tereos-Divulgacao-scaled.jpg?fit=967%2C645&ssl=1&resize=350%2C200","width":350,"height":200,"srcset":"https:\/\/i0.wp.com\/ismaelcolosi.com.br\/wp-content\/uploads\/2024\/01\/Tereos-Divulgacao-scaled.jpg?fit=967%2C645&ssl=1&resize=350%2C200 1x, https:\/\/i0.wp.com\/ismaelcolosi.com.br\/wp-content\/uploads\/2024\/01\/Tereos-Divulgacao-scaled.jpg?fit=967%2C645&ssl=1&resize=525%2C300 1.5x, https:\/\/i0.wp.com\/ismaelcolosi.com.br\/wp-content\/uploads\/2024\/01\/Tereos-Divulgacao-scaled.jpg?fit=967%2C645&ssl=1&resize=700%2C400 2x"},"classes":[]},{"id":51461,"url":"https:\/\/ismaelcolosi.com.br\/index.php\/2024\/05\/28\/aprendizado-fora-da-caixa-forbes-2\/","url_meta":{"origin":56717,"position":5},"title":"Aprendizado fora da caixa &#8211; Forbes","author":"ismaelcolosi.com.br","date":"28 de May de 2024","format":false,"excerpt":"Acessibilidade L L A- A+ \u25d0 Com o avan\u00e7o do contato com equipamentos tecnol\u00f3gicos desde a primeira inf\u00e2ncia, a educa\u00e7\u00e3o tecnol\u00f3gica tornou-se indispens\u00e1vel para o desenvolvimento dos estudantes.\u00a0 \u00c9 a\u00ed que entra o uso de kits tecnol\u00f3gicos como os da LEGO\u00ae Education, que potencializam o aprendizado das disciplinas curriculares. Ao\u2026","rel":"","context":"In &quot;Carreira e Sucesso&quot;","block_context":{"text":"Carreira e Sucesso","link":"https:\/\/ismaelcolosi.com.br\/index.php\/category\/carreira-e-sucesso-dicas-para-carreira\/"},"img":{"alt_text":"","src":"https:\/\/i0.wp.com\/ismaelcolosi.com.br\/wp-content\/uploads\/2024\/05\/1716898787_if-viamaker-6-1024x683.jpg?fit=1024%2C683&ssl=1&resize=350%2C200","width":350,"height":200,"srcset":"https:\/\/i0.wp.com\/ismaelcolosi.com.br\/wp-content\/uploads\/2024\/05\/1716898787_if-viamaker-6-1024x683.jpg?fit=1024%2C683&ssl=1&resize=350%2C200 1x, https:\/\/i0.wp.com\/ismaelcolosi.com.br\/wp-content\/uploads\/2024\/05\/1716898787_if-viamaker-6-1024x683.jpg?fit=1024%2C683&ssl=1&resize=525%2C300 1.5x, https:\/\/i0.wp.com\/ismaelcolosi.com.br\/wp-content\/uploads\/2024\/05\/1716898787_if-viamaker-6-1024x683.jpg?fit=1024%2C683&ssl=1&resize=700%2C400 2x"},"classes":[]}],"jetpack_sharing_enabled":true,"jetpack_shortlink":"https:\/\/wp.me\/pfMlyK-eKN","_links":{"self":[{"href":"https:\/\/ismaelcolosi.com.br\/index.php\/wp-json\/wp\/v2\/posts\/56717","targetHints":{"allow":["GET"]}}],"collection":[{"href":"https:\/\/ismaelcolosi.com.br\/index.php\/wp-json\/wp\/v2\/posts"}],"about":[{"href":"https:\/\/ismaelcolosi.com.br\/index.php\/wp-json\/wp\/v2\/types\/post"}],"author":[{"embeddable":true,"href":"https:\/\/ismaelcolosi.com.br\/index.php\/wp-json\/wp\/v2\/users\/1"}],"replies":[{"embeddable":true,"href":"https:\/\/ismaelcolosi.com.br\/index.php\/wp-json\/wp\/v2\/comments?post=56717"}],"version-history":[{"count":0,"href":"https:\/\/ismaelcolosi.com.br\/index.php\/wp-json\/wp\/v2\/posts\/56717\/revisions"}],"wp:featuredmedia":[{"embeddable":true,"href":"https:\/\/ismaelcolosi.com.br\/index.php\/wp-json\/wp\/v2\/media\/56718"}],"wp:attachment":[{"href":"https:\/\/ismaelcolosi.com.br\/index.php\/wp-json\/wp\/v2\/media?parent=56717"}],"wp:term":[{"taxonomy":"category","embeddable":true,"href":"https:\/\/ismaelcolosi.com.br\/index.php\/wp-json\/wp\/v2\/categories?post=56717"},{"taxonomy":"post_tag","embeddable":true,"href":"https:\/\/ismaelcolosi.com.br\/index.php\/wp-json\/wp\/v2\/tags?post=56717"}],"curies":[{"name":"wp","href":"https:\/\/api.w.org\/{rel}","templated":true}]}}