{"id":56715,"date":"2024-07-14T19:12:53","date_gmt":"2024-07-14T22:12:53","guid":{"rendered":"https:\/\/ismaelcolosi.com.br\/index.php\/2024\/07\/14\/ciclista-morre-apos-ser-atropelado-no-anel-viario-sul-em-ribeirao-preto\/"},"modified":"2024-07-14T19:12:53","modified_gmt":"2024-07-14T22:12:53","slug":"ciclista-morre-apos-ser-atropelado-no-anel-viario-sul-em-ribeirao-preto","status":"publish","type":"post","link":"https:\/\/ismaelcolosi.com.br\/index.php\/2024\/07\/14\/ciclista-morre-apos-ser-atropelado-no-anel-viario-sul-em-ribeirao-preto\/","title":{"rendered":"Ciclista morre ap\u00f3s ser atropelado no Anel Vi\u00e1rio Sul em Ribeir\u00e3o Preto"},"content":{"rendered":"<p> <br \/>\n<\/p>\n<div>\n<p><span style=\"background-color:#f7cc62\" class=\"td_text_highlight_marker\"><mark style=\"background-color:rgba(0, 0, 0, 0)\" class=\"has-inline-color has-black-color\">Um <strong>ciclista morreu atropelado<\/strong>, na manh\u00e3 deste <strong>domingo<\/strong> (14), ap\u00f3s ser <strong>atropelado por um carro<\/strong>. O <strong>acidente fatal ocorreu no quil\u00f4metro 312 da rodovia Ant\u00f4nio Duarte Nogueira<\/strong> (SP-322), no Anel Vi\u00e1rio Sul de <strong>Ribeir\u00e3o Preto<\/strong>, sentido <strong>Sert\u00e3ozinho<\/strong>.<\/mark><\/span><\/p>\n<p>Segundo o<strong> boletim de ocorr\u00eancia<\/strong>, <strong>Luciano da Silva, de 47 anos<\/strong>, estava em uma bicicleta quando foi atingido por um carro<strong> dirigido por um motorista de 19 anos <\/strong>de idade, que seguia no mesmo sentido de dire\u00e7\u00e3o.<\/p>\n<p>Aos policiais, o <strong>motorista do ve\u00edculo<\/strong> informou que o ciclista invadiu parte da via e que ele n\u00e3o conseguiu desviar batendo na traseira da bicicleta, momento em que a v\u00edtima foi arremessada ao acostamento.<\/p>\n<p>Equipes da concession\u00e1ria <strong>Entrevias<\/strong> e do <strong>Samu<\/strong> estiveram no local, onde tentaram <strong>reanimar Luciano<\/strong>, mas ele n\u00e3o <strong>resistiu aos ferimentos<\/strong> e <strong>morreu<\/strong>.<\/p>\n<h2 class=\"wp-block-heading\"><strong>Teste do baf\u00f4metro<\/strong><\/h2>\n<p>O <strong>motorista do ve\u00edculo<\/strong>, que atingiu e matou o ciclista, passou pelo<strong> teste do baf\u00f4metro<\/strong> e foi <strong>constatado<\/strong> que <strong>havia 0,23 mg\/L de \u201car alveolar\u201d<\/strong>, ou seja, <strong>0,23 miligramas de \u00e1lcool por litro de ar<\/strong> <strong>no organismo<\/strong>.<\/p>\n<p><span style=\"background-color:#f7cc62\" class=\"td_text_highlight_marker\"><mark style=\"background-color:rgba(0, 0, 0, 0)\" class=\"has-inline-color has-black-color\">O <strong>boletim de ocorr\u00eancia <\/strong>foi registrado como <strong>homic\u00eddio culposo na dire\u00e7\u00e3o de ve\u00edculo automotor<\/strong>.<\/mark><\/span><\/p>\n<p>SAIBA MAIS <\/p>\n<p>Identificado idoso morto pela companheira na regi\u00e3o de Ribeir\u00e3o Preto<\/p>\n<h4 class=\"wp-block-heading\"><strong>FIQUE ON<\/strong><\/h4>\n<p>Fique ligado em tudo que acontece em Ribeir\u00e3o Preto e regi\u00e3o. Siga os perfis do\u00a0<strong>acidade on\u00a0<\/strong>no Instagram e no Facebook.<\/p>\n<p>Receba not\u00edcias do<strong>\u00a0acidade on\u00a0<\/strong>no WhatsApp.\u00a0<a href=\"https:\/\/chat.whatsapp.com\/CdrZ6xrf7quD44Vw3WlPuZ\" target=\"_blank\" rel=\"noreferrer noopener\">Para entrar no grupo, basta clicar aqui.<\/a><\/p>\n<p>Fa\u00e7a uma den\u00fancia ou sugira uma reportagem sobre Ribeir\u00e3o Preto e regi\u00e3o pelo WhatsApp: 16 99117 7802.<\/p>\n<p>VEJA TAMB\u00c9M<\/p>\n<p>Qual o parentesco entre Antonio Banderas e Dakota Johnson?<\/p>\n<p><!-- AI CONTENT END 1 -->\n<\/div>\n<p><br \/>\n<br \/><a href=\"https:\/\/www.acidadeon.com\/ribeiraopreto\/cotidiano\/ciclista-morre-apos-ser-atropelado-no-anel-viario-sul-em-ribeirao-preto\/\">Source link <\/a><\/p>\n<div class='code-block code-block-4' style='margin: 8px auto 8px 0; text-align: left; display: block; clear: both;'>\n\ud83d\udce2 Aviso Legal\n\nO site ismaelcolosi.com.br atua apenas como um canal de divulga\u00e7\u00e3o de oportunidades de emprego e n\u00e3o se responsabiliza pelo processo seletivo, contrata\u00e7\u00e3o ou qualquer outra etapa relacionada \u00e0s vagas publicadas. Todas as informa\u00e7\u00f5es s\u00e3o de responsabilidade dos anunciantes.\n\n\u26a0\ufe0f Aten\u00e7\u00e3o! Nunca pague por promessas de emprego nem compre cursos que garantam contrata\u00e7\u00e3o. Desconfie de qualquer cobran\u00e7a para participar de sele\u00e7\u00f5es.\n\n\n\n<\/div>\n<!-- CONTENT END 1 -->\n","protected":false},"excerpt":{"rendered":"<p>Um ciclista morreu atropelado, na manh\u00e3 deste domingo (14), ap\u00f3s ser atropelado por um carro. O acidente fatal ocorreu no quil\u00f4metro 312 da rodovia Ant\u00f4nio&#8230;<\/p>\n","protected":false},"author":1,"featured_media":56716,"comment_status":"open","ping_status":"open","sticky":false,"template":"","format":"standard","meta":{"_uag_custom_page_level_css":"","advanced_seo_description":"","jetpack_seo_html_title":"","jetpack_seo_noindex":false,"jetpack_post_was_ever_published":false,"_jetpack_newsletter_access":"","_jetpack_dont_email_post_to_subs":false,"_jetpack_newsletter_tier_id":0,"_jetpack_memberships_contains_paywalled_content":false,"_jetpack_memberships_contains_paid_content":false,"footnotes":"","jetpack_publicize_message":"","jetpack_publicize_feature_enabled":true,"jetpack_social_post_already_shared":true,"jetpack_social_options":{"image_generator_settings":{"template":"highway","default_image_id":0,"font":"","enabled":false},"version":2}},"categories":[11],"tags":[],"class_list":["post-56715","post","type-post","status-publish","format-standard","has-post-thumbnail","hentry","category-noticias-de-ribeirao-preto-sp-e-regiao-ismael-colosi"],"jetpack_publicize_connections":[],"jetpack_featured_media_url":"https:\/\/i0.wp.com\/ismaelcolosi.com.br\/wp-content\/uploads\/2024\/07\/Copia-de-Copia-de-TAMANHO-EXATO-PARA-FOTOS-NO-SISTEMA-NOVO-17_2024-07-14_21-25-08_jpg_2024-07-14_21-25-08.webp.webp?fit=1200%2C675&ssl=1","uagb_featured_image_src":{"full":["https:\/\/i0.wp.com\/ismaelcolosi.com.br\/wp-content\/uploads\/2024\/07\/Copia-de-Copia-de-TAMANHO-EXATO-PARA-FOTOS-NO-SISTEMA-NOVO-17_2024-07-14_21-25-08_jpg_2024-07-14_21-25-08.webp.webp?fit=1200%2C675&ssl=1",1200,675,false],"thumbnail":["https:\/\/i0.wp.com\/ismaelcolosi.com.br\/wp-content\/uploads\/2024\/07\/Copia-de-Copia-de-TAMANHO-EXATO-PARA-FOTOS-NO-SISTEMA-NOVO-17_2024-07-14_21-25-08_jpg_2024-07-14_21-25-08.webp.webp?resize=150%2C150&ssl=1",150,150,true],"medium":["https:\/\/i0.wp.com\/ismaelcolosi.com.br\/wp-content\/uploads\/2024\/07\/Copia-de-Copia-de-TAMANHO-EXATO-PARA-FOTOS-NO-SISTEMA-NOVO-17_2024-07-14_21-25-08_jpg_2024-07-14_21-25-08.webp.webp?fit=300%2C169&ssl=1",300,169,true],"medium_large":["https:\/\/i0.wp.com\/ismaelcolosi.com.br\/wp-content\/uploads\/2024\/07\/Copia-de-Copia-de-TAMANHO-EXATO-PARA-FOTOS-NO-SISTEMA-NOVO-17_2024-07-14_21-25-08_jpg_2024-07-14_21-25-08.webp.webp?fit=768%2C432&ssl=1",768,432,true],"large":["https:\/\/i0.wp.com\/ismaelcolosi.com.br\/wp-content\/uploads\/2024\/07\/Copia-de-Copia-de-TAMANHO-EXATO-PARA-FOTOS-NO-SISTEMA-NOVO-17_2024-07-14_21-25-08_jpg_2024-07-14_21-25-08.webp.webp?fit=1024%2C576&ssl=1",1024,576,true],"1536x1536":["https:\/\/i0.wp.com\/ismaelcolosi.com.br\/wp-content\/uploads\/2024\/07\/Copia-de-Copia-de-TAMANHO-EXATO-PARA-FOTOS-NO-SISTEMA-NOVO-17_2024-07-14_21-25-08_jpg_2024-07-14_21-25-08.webp.webp?fit=1200%2C675&ssl=1",1200,675,true],"2048x2048":["https:\/\/i0.wp.com\/ismaelcolosi.com.br\/wp-content\/uploads\/2024\/07\/Copia-de-Copia-de-TAMANHO-EXATO-PARA-FOTOS-NO-SISTEMA-NOVO-17_2024-07-14_21-25-08_jpg_2024-07-14_21-25-08.webp.webp?fit=1200%2C675&ssl=1",1200,675,true],"really-simple-thumb":["https:\/\/i0.wp.com\/ismaelcolosi.com.br\/wp-content\/uploads\/2024\/07\/Copia-de-Copia-de-TAMANHO-EXATO-PARA-FOTOS-NO-SISTEMA-NOVO-17_2024-07-14_21-25-08_jpg_2024-07-14_21-25-08.webp.webp?resize=370%2C247&ssl=1",370,247,true]},"uagb_author_info":{"display_name":"ismaelcolosi.com.br","author_link":"https:\/\/ismaelcolosi.com.br\/index.php\/author\/vidareal-online\/"},"uagb_comment_info":0,"uagb_excerpt":"Um ciclista morreu atropelado, na manh\u00e3 deste domingo (14), ap\u00f3s ser atropelado por um carro. O acidente fatal ocorreu no quil\u00f4metro 312 da rodovia Ant\u00f4nio...","jetpack-related-posts":[{"id":58721,"url":"https:\/\/ismaelcolosi.com.br\/index.php\/2024\/08\/02\/ciclista-fica-gravemente-ferido-apos-ser-atropelado-por-carro-em-ribeirao-preto\/","url_meta":{"origin":56715,"position":0},"title":"Ciclista fica gravemente ferido ap\u00f3s ser atropelado por carro em Ribeir\u00e3o Preto","author":"ismaelcolosi.com.br","date":"2 de August de 2024","format":false,"excerpt":"Um ciclista ficou gravemente ferido na manh\u00e3 desta sexta-feira (2), ap\u00f3s ser atropelado por um carro na rotat\u00f3ria da avenida Castelo Branco, na zona Leste de Ribeir\u00e3o Preto. Segundo as primeiras informa\u00e7\u00f5es, a bicicleta foi atingida na traseira, no acesso para a avenida Treze de Maio, e acabou arremessada no\u2026","rel":"","context":"In &quot;Not\u00edcias de Ribeir\u00e3o Preto-SP e Regi\u00e3o&quot;","block_context":{"text":"Not\u00edcias de Ribeir\u00e3o Preto-SP e Regi\u00e3o","link":"https:\/\/ismaelcolosi.com.br\/index.php\/category\/noticias-de-ribeirao-preto-sp-e-regiao-ismael-colosi\/"},"img":{"alt_text":"","src":"https:\/\/i0.wp.com\/ismaelcolosi.com.br\/wp-content\/uploads\/2024\/08\/ATROPELAMENTO_2024-08-02_11-17-23_jpg_2024-08-02_11-17-24.webp.webp?fit=1200%2C710&ssl=1&resize=350%2C200","width":350,"height":200,"srcset":"https:\/\/i0.wp.com\/ismaelcolosi.com.br\/wp-content\/uploads\/2024\/08\/ATROPELAMENTO_2024-08-02_11-17-23_jpg_2024-08-02_11-17-24.webp.webp?fit=1200%2C710&ssl=1&resize=350%2C200 1x, https:\/\/i0.wp.com\/ismaelcolosi.com.br\/wp-content\/uploads\/2024\/08\/ATROPELAMENTO_2024-08-02_11-17-23_jpg_2024-08-02_11-17-24.webp.webp?fit=1200%2C710&ssl=1&resize=525%2C300 1.5x, https:\/\/i0.wp.com\/ismaelcolosi.com.br\/wp-content\/uploads\/2024\/08\/ATROPELAMENTO_2024-08-02_11-17-23_jpg_2024-08-02_11-17-24.webp.webp?fit=1200%2C710&ssl=1&resize=700%2C400 2x, https:\/\/i0.wp.com\/ismaelcolosi.com.br\/wp-content\/uploads\/2024\/08\/ATROPELAMENTO_2024-08-02_11-17-23_jpg_2024-08-02_11-17-24.webp.webp?fit=1200%2C710&ssl=1&resize=1050%2C600 3x"},"classes":[]},{"id":56850,"url":"https:\/\/ismaelcolosi.com.br\/index.php\/2024\/07\/15\/ciclista-e-atropelado-em-marginal-de-rodovia-em-ribeirao-e-motorista-foge-sem-prestar-socorro\/","url_meta":{"origin":56715,"position":1},"title":"Ciclista \u00e9 atropelado em marginal de rodovia em Ribeir\u00e3o e motorista foge sem prestar socorro","author":"ismaelcolosi.com.br","date":"15 de July de 2024","format":false,"excerpt":"Um ciclista de 32 anos ficou em estado grave, ap\u00f3s ser atropelado na manh\u00e3 desta segunda-feira (15) na marginal da rodovia Anhanguera, pr\u00f3ximo ao quil\u00f4metro 311, no bairro Residencial Palmares em Ribeir\u00e3o Preto. Segundo o boletim de ocorr\u00eancia, uma testemunha informou aos policiais rodovi\u00e1rios que estava parado na faixa da\u2026","rel":"","context":"In &quot;Not\u00edcias de Ribeir\u00e3o Preto-SP e Regi\u00e3o&quot;","block_context":{"text":"Not\u00edcias de Ribeir\u00e3o Preto-SP e Regi\u00e3o","link":"https:\/\/ismaelcolosi.com.br\/index.php\/category\/noticias-de-ribeirao-preto-sp-e-regiao-ismael-colosi\/"},"img":{"alt_text":"","src":"https:\/\/i0.wp.com\/ismaelcolosi.com.br\/wp-content\/uploads\/2024\/07\/Copia-de-Copia-de-TAMANHO-EXATO-PARA-FOTOS-NO-SISTEMA-NOVO-2_2024-07-15_20-55-31_png_2024-07-15_20-55-31.webp.webp?fit=1200%2C675&ssl=1&resize=350%2C200","width":350,"height":200,"srcset":"https:\/\/i0.wp.com\/ismaelcolosi.com.br\/wp-content\/uploads\/2024\/07\/Copia-de-Copia-de-TAMANHO-EXATO-PARA-FOTOS-NO-SISTEMA-NOVO-2_2024-07-15_20-55-31_png_2024-07-15_20-55-31.webp.webp?fit=1200%2C675&ssl=1&resize=350%2C200 1x, https:\/\/i0.wp.com\/ismaelcolosi.com.br\/wp-content\/uploads\/2024\/07\/Copia-de-Copia-de-TAMANHO-EXATO-PARA-FOTOS-NO-SISTEMA-NOVO-2_2024-07-15_20-55-31_png_2024-07-15_20-55-31.webp.webp?fit=1200%2C675&ssl=1&resize=525%2C300 1.5x, https:\/\/i0.wp.com\/ismaelcolosi.com.br\/wp-content\/uploads\/2024\/07\/Copia-de-Copia-de-TAMANHO-EXATO-PARA-FOTOS-NO-SISTEMA-NOVO-2_2024-07-15_20-55-31_png_2024-07-15_20-55-31.webp.webp?fit=1200%2C675&ssl=1&resize=700%2C400 2x, https:\/\/i0.wp.com\/ismaelcolosi.com.br\/wp-content\/uploads\/2024\/07\/Copia-de-Copia-de-TAMANHO-EXATO-PARA-FOTOS-NO-SISTEMA-NOVO-2_2024-07-15_20-55-31_png_2024-07-15_20-55-31.webp.webp?fit=1200%2C675&ssl=1&resize=1050%2C600 3x"},"classes":[]},{"id":53302,"url":"https:\/\/ismaelcolosi.com.br\/index.php\/2024\/06\/15\/morre-ciclista-atropelado-por-carro-na-francisco-junqueira-em-ribeirao-preto\/","url_meta":{"origin":56715,"position":2},"title":"Morre ciclista atropelado por carro na Francisco Junqueira em Ribeir\u00e3o Preto","author":"ismaelcolosi.com.br","date":"15 de June de 2024","format":false,"excerpt":"O ciclista atropelado por um carro na noite desta sexta-feira (14), na avenida Francisco Junqueira, morreu ap\u00f3s ter sido socorrido, em Ribeir\u00e3o Preto. Segundo o boletim de ocorr\u00eancia (BO), a v\u00edtima, identificada como Denas Aparecido de Souza, de 47 anos, foi parar embaixo do ve\u00edculo, na altura da liga\u00e7\u00e3o da\u2026","rel":"","context":"In &quot;Not\u00edcias de Ribeir\u00e3o Preto-SP e Regi\u00e3o&quot;","block_context":{"text":"Not\u00edcias de Ribeir\u00e3o Preto-SP e Regi\u00e3o","link":"https:\/\/ismaelcolosi.com.br\/index.php\/category\/noticias-de-ribeirao-preto-sp-e-regiao-ismael-colosi\/"},"img":{"alt_text":"","src":"https:\/\/i0.wp.com\/ismaelcolosi.com.br\/wp-content\/uploads\/2024\/06\/ACIDENTE-2_2024-06-15_13-40-38_jpg_2024-06-15_13-40-38.webp.webp?fit=1200%2C898&ssl=1&resize=350%2C200","width":350,"height":200,"srcset":"https:\/\/i0.wp.com\/ismaelcolosi.com.br\/wp-content\/uploads\/2024\/06\/ACIDENTE-2_2024-06-15_13-40-38_jpg_2024-06-15_13-40-38.webp.webp?fit=1200%2C898&ssl=1&resize=350%2C200 1x, https:\/\/i0.wp.com\/ismaelcolosi.com.br\/wp-content\/uploads\/2024\/06\/ACIDENTE-2_2024-06-15_13-40-38_jpg_2024-06-15_13-40-38.webp.webp?fit=1200%2C898&ssl=1&resize=525%2C300 1.5x, https:\/\/i0.wp.com\/ismaelcolosi.com.br\/wp-content\/uploads\/2024\/06\/ACIDENTE-2_2024-06-15_13-40-38_jpg_2024-06-15_13-40-38.webp.webp?fit=1200%2C898&ssl=1&resize=700%2C400 2x, https:\/\/i0.wp.com\/ismaelcolosi.com.br\/wp-content\/uploads\/2024\/06\/ACIDENTE-2_2024-06-15_13-40-38_jpg_2024-06-15_13-40-38.webp.webp?fit=1200%2C898&ssl=1&resize=1050%2C600 3x"},"classes":[]},{"id":47116,"url":"https:\/\/ismaelcolosi.com.br\/index.php\/2024\/04\/22\/ciclista-e-atropelado-por-carro-em-alta-velocidade-e-sobrevive-video\/","url_meta":{"origin":56715,"position":3},"title":"Ciclista \u00e9 atropelado por carro em alta velocidade e sobrevive; V\u00eddeo","author":"ismaelcolosi.com.br","date":"22 de April de 2024","format":false,"excerpt":"Um ciclista foi atropelado por um carro em alta velocidade na avenida Ant\u00f4nio Paschoal, em Sert\u00e3ozinho, regi\u00e3o de Ribeir\u00e3o Preto. A colis\u00e3o aconteceu na madrugada de domingo (21) e foi registrada por c\u00e2meras de seguran\u00e7a. As imagens mostram que o carro vinha na faixa da esquerda, quando perdeu o controle\u2026","rel":"","context":"In &quot;Not\u00edcias de Ribeir\u00e3o Preto-SP e Regi\u00e3o&quot;","block_context":{"text":"Not\u00edcias de Ribeir\u00e3o Preto-SP e Regi\u00e3o","link":"https:\/\/ismaelcolosi.com.br\/index.php\/category\/noticias-de-ribeirao-preto-sp-e-regiao-ismael-colosi\/"},"img":{"alt_text":"","src":"https:\/\/i0.wp.com\/ismaelcolosi.com.br\/wp-content\/uploads\/2024\/04\/sertaozinho.webp.webp?fit=939%2C540&ssl=1&resize=350%2C200","width":350,"height":200,"srcset":"https:\/\/i0.wp.com\/ismaelcolosi.com.br\/wp-content\/uploads\/2024\/04\/sertaozinho.webp.webp?fit=939%2C540&ssl=1&resize=350%2C200 1x, https:\/\/i0.wp.com\/ismaelcolosi.com.br\/wp-content\/uploads\/2024\/04\/sertaozinho.webp.webp?fit=939%2C540&ssl=1&resize=525%2C300 1.5x, https:\/\/i0.wp.com\/ismaelcolosi.com.br\/wp-content\/uploads\/2024\/04\/sertaozinho.webp.webp?fit=939%2C540&ssl=1&resize=700%2C400 2x"},"classes":[]},{"id":36681,"url":"https:\/\/ismaelcolosi.com.br\/index.php\/2024\/02\/11\/ciclista-fica-ferido-apos-ser-atropelado-por-carro-em-ribeirao-preto\/","url_meta":{"origin":56715,"position":4},"title":"Ciclista fica ferido ap\u00f3s ser atropelado por carro em Ribeir\u00e3o Preto","author":"ismaelcolosi.com.br","date":"11 de February de 2024","format":false,"excerpt":"Um ciclista ficou ferido ap\u00f3s ser atropelado por um carro na manh\u00e3 deste domingo (11), na avenida Luzitana, no Parque Ribeir\u00e3o, na zona Oeste de Ribeir\u00e3o Preto. Por conta do acidente, o tr\u00e2nsito precisou ser interditado na altura da rua Roquete Pinto, no sentido bairro. O Samu (Servi\u00e7o de Atendimento\u2026","rel":"","context":"In &quot;Not\u00edcias de Ribeir\u00e3o Preto-SP e Regi\u00e3o&quot;","block_context":{"text":"Not\u00edcias de Ribeir\u00e3o Preto-SP e Regi\u00e3o","link":"https:\/\/ismaelcolosi.com.br\/index.php\/category\/noticias-de-ribeirao-preto-sp-e-regiao-ismael-colosi\/"},"img":{"alt_text":"","src":"https:\/\/i0.wp.com\/ismaelcolosi.com.br\/wp-content\/uploads\/2024\/02\/acidente-luzitana-1.jpg?fit=1200%2C675&ssl=1&resize=350%2C200","width":350,"height":200,"srcset":"https:\/\/i0.wp.com\/ismaelcolosi.com.br\/wp-content\/uploads\/2024\/02\/acidente-luzitana-1.jpg?fit=1200%2C675&ssl=1&resize=350%2C200 1x, https:\/\/i0.wp.com\/ismaelcolosi.com.br\/wp-content\/uploads\/2024\/02\/acidente-luzitana-1.jpg?fit=1200%2C675&ssl=1&resize=525%2C300 1.5x, https:\/\/i0.wp.com\/ismaelcolosi.com.br\/wp-content\/uploads\/2024\/02\/acidente-luzitana-1.jpg?fit=1200%2C675&ssl=1&resize=700%2C400 2x, https:\/\/i0.wp.com\/ismaelcolosi.com.br\/wp-content\/uploads\/2024\/02\/acidente-luzitana-1.jpg?fit=1200%2C675&ssl=1&resize=1050%2C600 3x"},"classes":[]},{"id":51998,"url":"https:\/\/ismaelcolosi.com.br\/index.php\/2024\/06\/03\/ciclista-morre-apos-ser-atropelado-por-caminhao-na-rodovia-anhanguera\/","url_meta":{"origin":56715,"position":5},"title":"Ciclista morre ap\u00f3s ser atropelado por caminh\u00e3o na rodovia Anhanguera","author":"ismaelcolosi.com.br","date":"3 de June de 2024","format":false,"excerpt":"Um ciclista morreu depois de ser atropelado por um caminh\u00e3o na noite do \u00faltimo s\u00e1bado (1\u00ba), no km 327 da rodovia Anhanguera (SP-330), em Jardin\u00f3polis, na regi\u00e3o de Ribeir\u00e3o Preto. Segundo o boletim de ocorr\u00eancia (BO), o motorista do caminh\u00e3o relatou \u00e0 pol\u00edcia que fazia uma ultrapassagem, quando percebeu que\u2026","rel":"","context":"In &quot;Not\u00edcias de Ribeir\u00e3o Preto-SP e Regi\u00e3o&quot;","block_context":{"text":"Not\u00edcias de Ribeir\u00e3o Preto-SP e Regi\u00e3o","link":"https:\/\/ismaelcolosi.com.br\/index.php\/category\/noticias-de-ribeirao-preto-sp-e-regiao-ismael-colosi\/"},"img":{"alt_text":"","src":"https:\/\/i0.wp.com\/ismaelcolosi.com.br\/wp-content\/uploads\/2024\/06\/PMR-3.jpg?fit=1200%2C907&ssl=1&resize=350%2C200","width":350,"height":200,"srcset":"https:\/\/i0.wp.com\/ismaelcolosi.com.br\/wp-content\/uploads\/2024\/06\/PMR-3.jpg?fit=1200%2C907&ssl=1&resize=350%2C200 1x, https:\/\/i0.wp.com\/ismaelcolosi.com.br\/wp-content\/uploads\/2024\/06\/PMR-3.jpg?fit=1200%2C907&ssl=1&resize=525%2C300 1.5x, https:\/\/i0.wp.com\/ismaelcolosi.com.br\/wp-content\/uploads\/2024\/06\/PMR-3.jpg?fit=1200%2C907&ssl=1&resize=700%2C400 2x, https:\/\/i0.wp.com\/ismaelcolosi.com.br\/wp-content\/uploads\/2024\/06\/PMR-3.jpg?fit=1200%2C907&ssl=1&resize=1050%2C600 3x"},"classes":[]}],"jetpack_sharing_enabled":true,"jetpack_shortlink":"https:\/\/wp.me\/pfMlyK-eKL","_links":{"self":[{"href":"https:\/\/ismaelcolosi.com.br\/index.php\/wp-json\/wp\/v2\/posts\/56715","targetHints":{"allow":["GET"]}}],"collection":[{"href":"https:\/\/ismaelcolosi.com.br\/index.php\/wp-json\/wp\/v2\/posts"}],"about":[{"href":"https:\/\/ismaelcolosi.com.br\/index.php\/wp-json\/wp\/v2\/types\/post"}],"author":[{"embeddable":true,"href":"https:\/\/ismaelcolosi.com.br\/index.php\/wp-json\/wp\/v2\/users\/1"}],"replies":[{"embeddable":true,"href":"https:\/\/ismaelcolosi.com.br\/index.php\/wp-json\/wp\/v2\/comments?post=56715"}],"version-history":[{"count":0,"href":"https:\/\/ismaelcolosi.com.br\/index.php\/wp-json\/wp\/v2\/posts\/56715\/revisions"}],"wp:featuredmedia":[{"embeddable":true,"href":"https:\/\/ismaelcolosi.com.br\/index.php\/wp-json\/wp\/v2\/media\/56716"}],"wp:attachment":[{"href":"https:\/\/ismaelcolosi.com.br\/index.php\/wp-json\/wp\/v2\/media?parent=56715"}],"wp:term":[{"taxonomy":"category","embeddable":true,"href":"https:\/\/ismaelcolosi.com.br\/index.php\/wp-json\/wp\/v2\/categories?post=56715"},{"taxonomy":"post_tag","embeddable":true,"href":"https:\/\/ismaelcolosi.com.br\/index.php\/wp-json\/wp\/v2\/tags?post=56715"}],"curies":[{"name":"wp","href":"https:\/\/api.w.org\/{rel}","templated":true}]}}