{"id":56713,"date":"2024-07-14T18:02:33","date_gmt":"2024-07-14T21:02:33","guid":{"rendered":"https:\/\/ismaelcolosi.com.br\/index.php\/2024\/07\/14\/identificado-idoso-morto-pela-companheira-na-regiao-de-ribeirao-preto\/"},"modified":"2024-07-14T18:02:33","modified_gmt":"2024-07-14T21:02:33","slug":"identificado-idoso-morto-pela-companheira-na-regiao-de-ribeirao-preto","status":"publish","type":"post","link":"https:\/\/ismaelcolosi.com.br\/index.php\/2024\/07\/14\/identificado-idoso-morto-pela-companheira-na-regiao-de-ribeirao-preto\/","title":{"rendered":"Identificado idoso morto pela companheira na regi\u00e3o de Ribeir\u00e3o Preto"},"content":{"rendered":"<p> <br \/>\n<\/p>\n<div>\n<p><span style=\"background-color:#f7cc62\" class=\"td_text_highlight_marker\"><mark style=\"background-color:rgba(0, 0, 0, 0)\" class=\"has-inline-color has-black-color\">O <strong>idoso de 80 anos<\/strong> morto pela <strong>companheira de 65 anos<\/strong>, neste domingo (14), foi identificado como<strong> Clesio Belesini<\/strong>. O<strong> crime<\/strong> aconteceu no <strong>bairro Primeiro de Maio<\/strong> em<strong> Sert\u00e3ozinho<\/strong>, na regi\u00e3o de <strong>Ribeir\u00e3o Preto<\/strong>.<\/mark><\/span><\/p>\n<p>Segundo o <strong>boletim de ocorr\u00eancia<\/strong>, os <strong>policiais militares<\/strong> foram acionados para atender uma<strong> den\u00fancia<\/strong> de que a mulher teria matado o marido. Ao chegarem no local <strong>encontraram o corpo da v\u00edtima em um corredor da casa<\/strong>.<\/p>\n<p>Uma<strong> testemunha<\/strong> disse aos policiais, que <strong>recebeu v\u00e1rios \u00e1udios<\/strong> enviados pela suspeita <strong>dizendo que havia matado o marido<\/strong>.<\/p>\n<p><strong>Presa em flagrante<\/strong>, pol\u00edcia tentou interrogar a <strong>suspeita de cometer o crime<\/strong>, mas, aparentemente, estava <em>\u201csob forte efeito de \u00e1lcool\u201d<\/em>, e n\u00e3o respondeu aos questionamentos. A <strong>mulher foi levada para a cadeia<\/strong> de Prad\u00f3polis, onde aguardar\u00e1 passar por<strong> audi\u00eancia de cust\u00f3dia<\/strong>. <\/p>\n<p>Uma faca foi apreendida. O <strong>boletim de ocorr\u00eancia<\/strong> foi registrado como <strong>homic\u00eddio<\/strong>.<\/p>\n<h2 class=\"wp-block-heading\"><strong>Hist\u00f3rico de agress\u00f5es anteriores<\/strong><\/h2>\n<p>Ao <span style=\"background-color:#f7cc62\" class=\"td_text_highlight_marker\"><mark style=\"background-color:rgba(0, 0, 0, 0)\" class=\"has-inline-color has-black-color\"><strong>menos dois boletins de ocorr\u00eancia<\/strong> foram <strong>registrados pela v\u00edtima<\/strong> contra a <strong>companheira<\/strong><\/mark><\/span>. O <strong>primeiro deles foi h\u00e1 dez anos<\/strong>, quando <strong>Cl\u00e9sio foi at\u00e9 a delegacia e registrou queixa<\/strong> pela mulher sair de casa cedo e retornar embriagada, provocando discuss\u00f5es, quebrando objetos da casa e <strong>amea\u00e7ando ele de morte com uma faca ou um fio el\u00e9trico<\/strong>.<\/p>\n<p>O<span style=\"background-color:#f7cc62\" class=\"td_text_highlight_marker\"><mark style=\"background-color:rgba(0, 0, 0, 0)\" class=\"has-inline-color has-black-color\"> <strong>\u00faltimo registro de amea\u00e7a da v\u00edtima contra a mulher foi feito em abril deste ano<\/strong>. De acordo com a ocorr\u00eancia, <strong>Cl\u00e9sio<\/strong> informou que foi <strong>agredido pela mulher<\/strong> e, <strong>novamente, amea\u00e7ado de morte com uma faca<\/strong>.<\/mark><\/span><\/p>\n<h2 class=\"wp-block-heading\"><strong>Despedida<\/strong><\/h2>\n<p>A <span style=\"background-color:#f7cc62\" class=\"td_text_highlight_marker\"><mark style=\"background-color:rgba(0, 0, 0, 0)\" class=\"has-inline-color has-black-color\"><strong>cerim\u00f4nia de despedida <\/strong>acontecer\u00e1 das<strong> 7h \u00e0s 11h,<\/strong> no <strong>vel\u00f3rio Mazzer<\/strong>, no Centro de Sert\u00e3ozinho e o <strong>sepultamento<\/strong> est\u00e1 previsto para ocorrer em seguida, no <strong>cemit\u00e9rio Cristo Rei<\/strong><\/mark><\/span>.<\/p>\n<p>SAIBA MAIS <\/p>\n<p>Idosa \u00e9 suspeita de matar marido na regi\u00e3o de Ribeir\u00e3o Preto<\/p>\n<h4 class=\"wp-block-heading\"><strong>FIQUE ON<\/strong><\/h4>\n<p>Fique ligado em tudo que acontece em Ribeir\u00e3o Preto e regi\u00e3o. Siga os perfis do\u00a0<strong>acidade on\u00a0<\/strong>no Instagram e no Facebook.<\/p>\n<p>Receba not\u00edcias do<strong>\u00a0acidade on\u00a0<\/strong>no WhatsApp.\u00a0<a href=\"https:\/\/chat.whatsapp.com\/CdrZ6xrf7quD44Vw3WlPuZ\" target=\"_blank\" rel=\"noreferrer noopener\">Para entrar no grupo, basta clicar aqui.<\/a><\/p>\n<p>Fa\u00e7a uma den\u00fancia ou sugira uma reportagem sobre Ribeir\u00e3o Preto e regi\u00e3o pelo WhatsApp: 16 99117 7802.<\/p>\n<p>VEJA TAMB\u00c9M<\/p>\n<p>Qual o parentesco entre Antonio Banderas e Dakota Johnson?<\/p>\n<p><!-- AI CONTENT END 1 -->\n<\/div>\n<p><br \/>\n<br \/><a href=\"https:\/\/www.acidadeon.com\/ribeiraopreto\/cotidiano\/identificado-idoso-morto-pela-companheira-na-regiao-de-ribeirao-preto\/\">Source link <\/a><\/p>\n<div class='code-block code-block-4' style='margin: 8px auto 8px 0; text-align: left; display: block; clear: both;'>\n\ud83d\udce2 Aviso Legal\n\nO site ismaelcolosi.com.br atua apenas como um canal de divulga\u00e7\u00e3o de oportunidades de emprego e n\u00e3o se responsabiliza pelo processo seletivo, contrata\u00e7\u00e3o ou qualquer outra etapa relacionada \u00e0s vagas publicadas. Todas as informa\u00e7\u00f5es s\u00e3o de responsabilidade dos anunciantes.\n\n\u26a0\ufe0f Aten\u00e7\u00e3o! Nunca pague por promessas de emprego nem compre cursos que garantam contrata\u00e7\u00e3o. Desconfie de qualquer cobran\u00e7a para participar de sele\u00e7\u00f5es.\n\n\n\n<\/div>\n<!-- CONTENT END 1 -->\n","protected":false},"excerpt":{"rendered":"<p>O idoso de 80 anos morto pela companheira de 65 anos, neste domingo (14), foi identificado como Clesio Belesini. O crime aconteceu no bairro Primeiro&#8230;<\/p>\n","protected":false},"author":1,"featured_media":56714,"comment_status":"open","ping_status":"open","sticky":false,"template":"","format":"standard","meta":{"_uag_custom_page_level_css":"","advanced_seo_description":"","jetpack_seo_html_title":"","jetpack_seo_noindex":false,"jetpack_post_was_ever_published":false,"_jetpack_newsletter_access":"","_jetpack_dont_email_post_to_subs":false,"_jetpack_newsletter_tier_id":0,"_jetpack_memberships_contains_paywalled_content":false,"_jetpack_memberships_contains_paid_content":false,"footnotes":"","jetpack_publicize_message":"","jetpack_publicize_feature_enabled":true,"jetpack_social_post_already_shared":true,"jetpack_social_options":{"image_generator_settings":{"template":"highway","default_image_id":0,"font":"","enabled":false},"version":2}},"categories":[11],"tags":[],"class_list":["post-56713","post","type-post","status-publish","format-standard","has-post-thumbnail","hentry","category-noticias-de-ribeirao-preto-sp-e-regiao-ismael-colosi"],"jetpack_publicize_connections":[],"jetpack_featured_media_url":"https:\/\/i0.wp.com\/ismaelcolosi.com.br\/wp-content\/uploads\/2024\/07\/Copia-de-Copia-de-TAMANHO-EXATO-PARA-FOTOS-NO-SISTEMA-NOVO-16_2024-07-14_20-33-54_jpg_2024-07-14_20-33-54.webp.webp?fit=1200%2C675&ssl=1","uagb_featured_image_src":{"full":["https:\/\/i0.wp.com\/ismaelcolosi.com.br\/wp-content\/uploads\/2024\/07\/Copia-de-Copia-de-TAMANHO-EXATO-PARA-FOTOS-NO-SISTEMA-NOVO-16_2024-07-14_20-33-54_jpg_2024-07-14_20-33-54.webp.webp?fit=1200%2C675&ssl=1",1200,675,false],"thumbnail":["https:\/\/i0.wp.com\/ismaelcolosi.com.br\/wp-content\/uploads\/2024\/07\/Copia-de-Copia-de-TAMANHO-EXATO-PARA-FOTOS-NO-SISTEMA-NOVO-16_2024-07-14_20-33-54_jpg_2024-07-14_20-33-54.webp.webp?resize=150%2C150&ssl=1",150,150,true],"medium":["https:\/\/i0.wp.com\/ismaelcolosi.com.br\/wp-content\/uploads\/2024\/07\/Copia-de-Copia-de-TAMANHO-EXATO-PARA-FOTOS-NO-SISTEMA-NOVO-16_2024-07-14_20-33-54_jpg_2024-07-14_20-33-54.webp.webp?fit=300%2C169&ssl=1",300,169,true],"medium_large":["https:\/\/i0.wp.com\/ismaelcolosi.com.br\/wp-content\/uploads\/2024\/07\/Copia-de-Copia-de-TAMANHO-EXATO-PARA-FOTOS-NO-SISTEMA-NOVO-16_2024-07-14_20-33-54_jpg_2024-07-14_20-33-54.webp.webp?fit=768%2C432&ssl=1",768,432,true],"large":["https:\/\/i0.wp.com\/ismaelcolosi.com.br\/wp-content\/uploads\/2024\/07\/Copia-de-Copia-de-TAMANHO-EXATO-PARA-FOTOS-NO-SISTEMA-NOVO-16_2024-07-14_20-33-54_jpg_2024-07-14_20-33-54.webp.webp?fit=1024%2C576&ssl=1",1024,576,true],"1536x1536":["https:\/\/i0.wp.com\/ismaelcolosi.com.br\/wp-content\/uploads\/2024\/07\/Copia-de-Copia-de-TAMANHO-EXATO-PARA-FOTOS-NO-SISTEMA-NOVO-16_2024-07-14_20-33-54_jpg_2024-07-14_20-33-54.webp.webp?fit=1200%2C675&ssl=1",1200,675,true],"2048x2048":["https:\/\/i0.wp.com\/ismaelcolosi.com.br\/wp-content\/uploads\/2024\/07\/Copia-de-Copia-de-TAMANHO-EXATO-PARA-FOTOS-NO-SISTEMA-NOVO-16_2024-07-14_20-33-54_jpg_2024-07-14_20-33-54.webp.webp?fit=1200%2C675&ssl=1",1200,675,true],"really-simple-thumb":["https:\/\/i0.wp.com\/ismaelcolosi.com.br\/wp-content\/uploads\/2024\/07\/Copia-de-Copia-de-TAMANHO-EXATO-PARA-FOTOS-NO-SISTEMA-NOVO-16_2024-07-14_20-33-54_jpg_2024-07-14_20-33-54.webp.webp?resize=370%2C247&ssl=1",370,247,true]},"uagb_author_info":{"display_name":"ismaelcolosi.com.br","author_link":"https:\/\/ismaelcolosi.com.br\/index.php\/author\/vidareal-online\/"},"uagb_comment_info":0,"uagb_excerpt":"O idoso de 80 anos morto pela companheira de 65 anos, neste domingo (14), foi identificado como Clesio Belesini. O crime aconteceu no bairro Primeiro...","jetpack-related-posts":[{"id":56715,"url":"https:\/\/ismaelcolosi.com.br\/index.php\/2024\/07\/14\/ciclista-morre-apos-ser-atropelado-no-anel-viario-sul-em-ribeirao-preto\/","url_meta":{"origin":56713,"position":0},"title":"Ciclista morre ap\u00f3s ser atropelado no Anel Vi\u00e1rio Sul em Ribeir\u00e3o Preto","author":"ismaelcolosi.com.br","date":"14 de July de 2024","format":false,"excerpt":"Um ciclista morreu atropelado, na manh\u00e3 deste domingo (14), ap\u00f3s ser atropelado por um carro. O acidente fatal ocorreu no quil\u00f4metro 312 da rodovia Ant\u00f4nio Duarte Nogueira (SP-322), no Anel Vi\u00e1rio Sul de Ribeir\u00e3o Preto, sentido Sert\u00e3ozinho. Segundo o boletim de ocorr\u00eancia, Luciano da Silva, de 47 anos, estava em\u2026","rel":"","context":"In &quot;Not\u00edcias de Ribeir\u00e3o Preto-SP e Regi\u00e3o&quot;","block_context":{"text":"Not\u00edcias de Ribeir\u00e3o Preto-SP e Regi\u00e3o","link":"https:\/\/ismaelcolosi.com.br\/index.php\/category\/noticias-de-ribeirao-preto-sp-e-regiao-ismael-colosi\/"},"img":{"alt_text":"","src":"https:\/\/i0.wp.com\/ismaelcolosi.com.br\/wp-content\/uploads\/2024\/07\/Copia-de-Copia-de-TAMANHO-EXATO-PARA-FOTOS-NO-SISTEMA-NOVO-17_2024-07-14_21-25-08_jpg_2024-07-14_21-25-08.webp.webp?fit=1200%2C675&ssl=1&resize=350%2C200","width":350,"height":200,"srcset":"https:\/\/i0.wp.com\/ismaelcolosi.com.br\/wp-content\/uploads\/2024\/07\/Copia-de-Copia-de-TAMANHO-EXATO-PARA-FOTOS-NO-SISTEMA-NOVO-17_2024-07-14_21-25-08_jpg_2024-07-14_21-25-08.webp.webp?fit=1200%2C675&ssl=1&resize=350%2C200 1x, https:\/\/i0.wp.com\/ismaelcolosi.com.br\/wp-content\/uploads\/2024\/07\/Copia-de-Copia-de-TAMANHO-EXATO-PARA-FOTOS-NO-SISTEMA-NOVO-17_2024-07-14_21-25-08_jpg_2024-07-14_21-25-08.webp.webp?fit=1200%2C675&ssl=1&resize=525%2C300 1.5x, https:\/\/i0.wp.com\/ismaelcolosi.com.br\/wp-content\/uploads\/2024\/07\/Copia-de-Copia-de-TAMANHO-EXATO-PARA-FOTOS-NO-SISTEMA-NOVO-17_2024-07-14_21-25-08_jpg_2024-07-14_21-25-08.webp.webp?fit=1200%2C675&ssl=1&resize=700%2C400 2x, https:\/\/i0.wp.com\/ismaelcolosi.com.br\/wp-content\/uploads\/2024\/07\/Copia-de-Copia-de-TAMANHO-EXATO-PARA-FOTOS-NO-SISTEMA-NOVO-17_2024-07-14_21-25-08_jpg_2024-07-14_21-25-08.webp.webp?fit=1200%2C675&ssl=1&resize=1050%2C600 3x"},"classes":[]},{"id":68753,"url":"https:\/\/ismaelcolosi.com.br\/index.php\/2024\/10\/01\/homem-e-preso-suspeito-de-envolvimento-no-desaparecimento-da-ex-companheira-na-regiao-de-ribeirao\/","url_meta":{"origin":56713,"position":1},"title":"Homem \u00e9 preso suspeito de envolvimento no desaparecimento da ex-companheira na regi\u00e3o de Ribeir\u00e3o","author":"ismaelcolosi.com.br","date":"1 de October de 2024","format":false,"excerpt":"Um homem de 49 anos foi preso nesta ter\u00e7a-feira (1\u00ba), pela suspeita de envolvimento no desaparecimento da ex-companheira, em Igarapava, cidade na regi\u00e3o de Ribeir\u00e3o Preto. Maria de F\u00e1tima Batista Silva, de 31 anos, foi vista pela \u00faltima vez na quinta-feira (26), quando foi at\u00e9 a casa de Cleber Baldu\u00edno\u2026","rel":"","context":"In &quot;Not\u00edcias de Ribeir\u00e3o Preto-SP e Regi\u00e3o&quot;","block_context":{"text":"Not\u00edcias de Ribeir\u00e3o Preto-SP e Regi\u00e3o","link":"https:\/\/ismaelcolosi.com.br\/index.php\/category\/noticias-de-ribeirao-preto-sp-e-regiao-ismael-colosi\/"},"img":{"alt_text":"","src":"https:\/\/i0.wp.com\/ismaelcolosi.com.br\/wp-content\/uploads\/2024\/10\/Copia-de-Copia-de-Copia-de-TAMANHO-EXATO-PARA-FOTOS-NO-SISTEMA-NOVO-85_2024-10-01_22-50-15_png_2024-10-01_22-50-15.webp.webp?fit=1200%2C675&ssl=1&resize=350%2C200","width":350,"height":200,"srcset":"https:\/\/i0.wp.com\/ismaelcolosi.com.br\/wp-content\/uploads\/2024\/10\/Copia-de-Copia-de-Copia-de-TAMANHO-EXATO-PARA-FOTOS-NO-SISTEMA-NOVO-85_2024-10-01_22-50-15_png_2024-10-01_22-50-15.webp.webp?fit=1200%2C675&ssl=1&resize=350%2C200 1x, https:\/\/i0.wp.com\/ismaelcolosi.com.br\/wp-content\/uploads\/2024\/10\/Copia-de-Copia-de-Copia-de-TAMANHO-EXATO-PARA-FOTOS-NO-SISTEMA-NOVO-85_2024-10-01_22-50-15_png_2024-10-01_22-50-15.webp.webp?fit=1200%2C675&ssl=1&resize=525%2C300 1.5x, https:\/\/i0.wp.com\/ismaelcolosi.com.br\/wp-content\/uploads\/2024\/10\/Copia-de-Copia-de-Copia-de-TAMANHO-EXATO-PARA-FOTOS-NO-SISTEMA-NOVO-85_2024-10-01_22-50-15_png_2024-10-01_22-50-15.webp.webp?fit=1200%2C675&ssl=1&resize=700%2C400 2x, https:\/\/i0.wp.com\/ismaelcolosi.com.br\/wp-content\/uploads\/2024\/10\/Copia-de-Copia-de-Copia-de-TAMANHO-EXATO-PARA-FOTOS-NO-SISTEMA-NOVO-85_2024-10-01_22-50-15_png_2024-10-01_22-50-15.webp.webp?fit=1200%2C675&ssl=1&resize=1050%2C600 3x"},"classes":[]},{"id":51376,"url":"https:\/\/ismaelcolosi.com.br\/index.php\/2024\/05\/27\/identificado-motociclista-morto-apos-batida-na-avenida-dom-pedro-i-em-ribeirao-preto\/","url_meta":{"origin":56713,"position":2},"title":"Identificado motociclista morto ap\u00f3s batida na avenida Dom Pedro I em Ribeir\u00e3o Preto","author":"ismaelcolosi.com.br","date":"27 de May de 2024","format":false,"excerpt":"A Pol\u00edcia Civil identificou o motociclista que morreu na tarde deste domingo (26), depois de ter a moto atingida por um carro na avenida Dom Pedro I, no bairro Ipiranga, zona Norte de Ribeir\u00e3o Preto. \u00a0 Segundo o boletim de ocorr\u00eancia (BO), Manoel Neris de Oliveira tinha 48 anos e\u2026","rel":"","context":"In &quot;Not\u00edcias de Ribeir\u00e3o Preto-SP e Regi\u00e3o&quot;","block_context":{"text":"Not\u00edcias de Ribeir\u00e3o Preto-SP e Regi\u00e3o","link":"https:\/\/ismaelcolosi.com.br\/index.php\/category\/noticias-de-ribeirao-preto-sp-e-regiao-ismael-colosi\/"},"img":{"alt_text":"","src":"https:\/\/i0.wp.com\/ismaelcolosi.com.br\/wp-content\/uploads\/2024\/05\/ACIDENTE_2024-05-27_12-52-23_jpg_2024-05-27_12-52-24.webp.webp?fit=1200%2C737&ssl=1&resize=350%2C200","width":350,"height":200,"srcset":"https:\/\/i0.wp.com\/ismaelcolosi.com.br\/wp-content\/uploads\/2024\/05\/ACIDENTE_2024-05-27_12-52-23_jpg_2024-05-27_12-52-24.webp.webp?fit=1200%2C737&ssl=1&resize=350%2C200 1x, https:\/\/i0.wp.com\/ismaelcolosi.com.br\/wp-content\/uploads\/2024\/05\/ACIDENTE_2024-05-27_12-52-23_jpg_2024-05-27_12-52-24.webp.webp?fit=1200%2C737&ssl=1&resize=525%2C300 1.5x, https:\/\/i0.wp.com\/ismaelcolosi.com.br\/wp-content\/uploads\/2024\/05\/ACIDENTE_2024-05-27_12-52-23_jpg_2024-05-27_12-52-24.webp.webp?fit=1200%2C737&ssl=1&resize=700%2C400 2x, https:\/\/i0.wp.com\/ismaelcolosi.com.br\/wp-content\/uploads\/2024\/05\/ACIDENTE_2024-05-27_12-52-23_jpg_2024-05-27_12-52-24.webp.webp?fit=1200%2C737&ssl=1&resize=1050%2C600 3x"},"classes":[]},{"id":37625,"url":"https:\/\/ismaelcolosi.com.br\/index.php\/2024\/02\/17\/homem-e-morto-com-facada-pela-companheira-na-regiao-de-ribeirao-preto\/","url_meta":{"origin":56713,"position":3},"title":"Homem \u00e9 morto com facada pela companheira na regi\u00e3o de Ribeir\u00e3o Preto","author":"ismaelcolosi.com.br","date":"17 de February de 2024","format":false,"excerpt":"Um homem foi morto pela companheira, na noite de sexta-feira (16), no bairro Jardim Shangri-la, em Sert\u00e3ozinho, a 22 quil\u00f4metros de Ribeir\u00e3o Preto. Segundo informa\u00e7\u00f5es da Guarda Civil Metropolitana da cidade, ao chegarem no local para atender uma ocorr\u00eancia de briga de casal, encontraram a v\u00edtima ca\u00edda ao ch\u00e3o com\u2026","rel":"","context":"In &quot;Not\u00edcias de Ribeir\u00e3o Preto-SP e Regi\u00e3o&quot;","block_context":{"text":"Not\u00edcias de Ribeir\u00e3o Preto-SP e Regi\u00e3o","link":"https:\/\/ismaelcolosi.com.br\/index.php\/category\/noticias-de-ribeirao-preto-sp-e-regiao-ismael-colosi\/"},"img":{"alt_text":"","src":"https:\/\/i0.wp.com\/ismaelcolosi.com.br\/wp-content\/uploads\/2024\/02\/Capturar-13.jpg?fit=752%2C429&ssl=1&resize=350%2C200","width":350,"height":200,"srcset":"https:\/\/i0.wp.com\/ismaelcolosi.com.br\/wp-content\/uploads\/2024\/02\/Capturar-13.jpg?fit=752%2C429&ssl=1&resize=350%2C200 1x, https:\/\/i0.wp.com\/ismaelcolosi.com.br\/wp-content\/uploads\/2024\/02\/Capturar-13.jpg?fit=752%2C429&ssl=1&resize=525%2C300 1.5x, https:\/\/i0.wp.com\/ismaelcolosi.com.br\/wp-content\/uploads\/2024\/02\/Capturar-13.jpg?fit=752%2C429&ssl=1&resize=700%2C400 2x"},"classes":[]},{"id":68384,"url":"https:\/\/ismaelcolosi.com.br\/index.php\/2024\/09\/29\/mulher-morre-apos-ser-agredida-na-regiao-de-ribeirao-preto-marido-e-suspeito\/","url_meta":{"origin":56713,"position":4},"title":"Mulher morre ap\u00f3s ser agredida na regi\u00e3o de Ribeir\u00e3o Preto; Marido \u00e9 suspeito","author":"ismaelcolosi.com.br","date":"29 de September de 2024","format":false,"excerpt":"Uma mulher morreu neste s\u00e1bado (28) ap\u00f3s ser agredida em Santa Rosa de Viterbo, cidade na regi\u00e3o de Ribeir\u00e3o Preto. O marido da v\u00edtima \u00e9 o suspeito e foi preso. De acordo com apura\u00e7\u00e3o da EPTV, Josiane Aparecida Martins foi encontrada sem vida em um quarto da resid\u00eancia em que\u2026","rel":"","context":"In &quot;Not\u00edcias de Ribeir\u00e3o Preto-SP e Regi\u00e3o&quot;","block_context":{"text":"Not\u00edcias de Ribeir\u00e3o Preto-SP e Regi\u00e3o","link":"https:\/\/ismaelcolosi.com.br\/index.php\/category\/noticias-de-ribeirao-preto-sp-e-regiao-ismael-colosi\/"},"img":{"alt_text":"","src":"https:\/\/i0.wp.com\/ismaelcolosi.com.br\/wp-content\/uploads\/2024\/09\/Copia-de-Copia-de-Copia-de-TAMANHO-EXATO-PARA-FOTOS-NO-SISTEMA-NOVO-80_2024-09-29_19-28-13_png_2024-09-29_19-28-14.webp.webp?fit=1200%2C675&ssl=1&resize=350%2C200","width":350,"height":200,"srcset":"https:\/\/i0.wp.com\/ismaelcolosi.com.br\/wp-content\/uploads\/2024\/09\/Copia-de-Copia-de-Copia-de-TAMANHO-EXATO-PARA-FOTOS-NO-SISTEMA-NOVO-80_2024-09-29_19-28-13_png_2024-09-29_19-28-14.webp.webp?fit=1200%2C675&ssl=1&resize=350%2C200 1x, https:\/\/i0.wp.com\/ismaelcolosi.com.br\/wp-content\/uploads\/2024\/09\/Copia-de-Copia-de-Copia-de-TAMANHO-EXATO-PARA-FOTOS-NO-SISTEMA-NOVO-80_2024-09-29_19-28-13_png_2024-09-29_19-28-14.webp.webp?fit=1200%2C675&ssl=1&resize=525%2C300 1.5x, https:\/\/i0.wp.com\/ismaelcolosi.com.br\/wp-content\/uploads\/2024\/09\/Copia-de-Copia-de-Copia-de-TAMANHO-EXATO-PARA-FOTOS-NO-SISTEMA-NOVO-80_2024-09-29_19-28-13_png_2024-09-29_19-28-14.webp.webp?fit=1200%2C675&ssl=1&resize=700%2C400 2x, https:\/\/i0.wp.com\/ismaelcolosi.com.br\/wp-content\/uploads\/2024\/09\/Copia-de-Copia-de-Copia-de-TAMANHO-EXATO-PARA-FOTOS-NO-SISTEMA-NOVO-80_2024-09-29_19-28-13_png_2024-09-29_19-28-14.webp.webp?fit=1200%2C675&ssl=1&resize=1050%2C600 3x"},"classes":[]},{"id":17159,"url":"https:\/\/ismaelcolosi.com.br\/index.php\/2023\/12\/17\/sequestradores-de-musico-na-regiao-de-ribeirao-sao-condenados-um-dos-suspeitos-foi-morto\/","url_meta":{"origin":56713,"position":5},"title":"Sequestradores de m\u00fasico na regi\u00e3o de Ribeir\u00e3o s\u00e3o condenados; Um dos suspeitos foi morto","author":"ismaelcolosi.com.br","date":"17 de December de 2023","format":false,"excerpt":"Foram condenados os quatro homens acusados de sequestrarem um m\u00fasico, de 33 anos, em outubro do ano passado, em S\u00e3o Sim\u00e3o, cidade a cerca de 50 quil\u00f4metros de Ribeir\u00e3o Preto. Na \u00e9poca, cinco pessoas participaram do crime, contudo, um dos suspeitos de participa\u00e7\u00e3o foi morto a tiros em confronto com\u2026","rel":"","context":"In &quot;Not\u00edcias de Ribeir\u00e3o Preto-SP e Regi\u00e3o&quot;","block_context":{"text":"Not\u00edcias de Ribeir\u00e3o Preto-SP e Regi\u00e3o","link":"https:\/\/ismaelcolosi.com.br\/index.php\/category\/noticias-de-ribeirao-preto-sp-e-regiao-ismael-colosi\/"},"img":{"alt_text":"","src":"https:\/\/ismaelcolosi.com.br\/wp-content\/uploads\/2023\/12\/whatsapp_image_2022-10-23_at_15_33_49.jpe","width":350,"height":200,"srcset":"https:\/\/ismaelcolosi.com.br\/wp-content\/uploads\/2023\/12\/whatsapp_image_2022-10-23_at_15_33_49.jpe 1x, https:\/\/ismaelcolosi.com.br\/wp-content\/uploads\/2023\/12\/whatsapp_image_2022-10-23_at_15_33_49.jpe 1.5x, https:\/\/ismaelcolosi.com.br\/wp-content\/uploads\/2023\/12\/whatsapp_image_2022-10-23_at_15_33_49.jpe 2x, https:\/\/ismaelcolosi.com.br\/wp-content\/uploads\/2023\/12\/whatsapp_image_2022-10-23_at_15_33_49.jpe 3x"},"classes":[]}],"jetpack_sharing_enabled":true,"jetpack_shortlink":"https:\/\/wp.me\/pfMlyK-eKJ","_links":{"self":[{"href":"https:\/\/ismaelcolosi.com.br\/index.php\/wp-json\/wp\/v2\/posts\/56713","targetHints":{"allow":["GET"]}}],"collection":[{"href":"https:\/\/ismaelcolosi.com.br\/index.php\/wp-json\/wp\/v2\/posts"}],"about":[{"href":"https:\/\/ismaelcolosi.com.br\/index.php\/wp-json\/wp\/v2\/types\/post"}],"author":[{"embeddable":true,"href":"https:\/\/ismaelcolosi.com.br\/index.php\/wp-json\/wp\/v2\/users\/1"}],"replies":[{"embeddable":true,"href":"https:\/\/ismaelcolosi.com.br\/index.php\/wp-json\/wp\/v2\/comments?post=56713"}],"version-history":[{"count":0,"href":"https:\/\/ismaelcolosi.com.br\/index.php\/wp-json\/wp\/v2\/posts\/56713\/revisions"}],"wp:featuredmedia":[{"embeddable":true,"href":"https:\/\/ismaelcolosi.com.br\/index.php\/wp-json\/wp\/v2\/media\/56714"}],"wp:attachment":[{"href":"https:\/\/ismaelcolosi.com.br\/index.php\/wp-json\/wp\/v2\/media?parent=56713"}],"wp:term":[{"taxonomy":"category","embeddable":true,"href":"https:\/\/ismaelcolosi.com.br\/index.php\/wp-json\/wp\/v2\/categories?post=56713"},{"taxonomy":"post_tag","embeddable":true,"href":"https:\/\/ismaelcolosi.com.br\/index.php\/wp-json\/wp\/v2\/tags?post=56713"}],"curies":[{"name":"wp","href":"https:\/\/api.w.org\/{rel}","templated":true}]}}