{"id":56711,"date":"2024-07-14T17:28:15","date_gmt":"2024-07-14T20:28:15","guid":{"rendered":"https:\/\/ismaelcolosi.com.br\/index.php\/2024\/07\/14\/ultimos-dias-para-inscricoes-de-processo-seletivo-da-prefeitura-de-ribeirao-preto\/"},"modified":"2024-07-14T17:28:15","modified_gmt":"2024-07-14T20:28:15","slug":"ultimos-dias-para-inscricoes-de-processo-seletivo-da-prefeitura-de-ribeirao-preto","status":"publish","type":"post","link":"https:\/\/ismaelcolosi.com.br\/index.php\/2024\/07\/14\/ultimos-dias-para-inscricoes-de-processo-seletivo-da-prefeitura-de-ribeirao-preto\/","title":{"rendered":"\u00daltimos dias para inscri\u00e7\u00f5es de processo seletivo da Prefeitura de Ribeir\u00e3o Preto"},"content":{"rendered":"<p> <br \/>\n<\/p>\n<div data-td-block-uid=\"tdi_106\">\n<div class=\"tdb-block-inner td-fix-index\">\n<p><span style=\"background-color:#f7cc62\" class=\"td_text_highlight_marker\"><mark style=\"background-color:rgba(0, 0, 0, 0)\" class=\"has-inline-color has-black-color\">As <strong>inscri\u00e7\u00f5es<\/strong> para o <strong>processo seletivo <\/strong>da<strong> Prefeitura de Ribeir\u00e3o Preto<\/strong>, que <strong>contratar\u00e1 professores <\/strong>em car\u00e1ter <strong>tempor\u00e1rio <\/strong>e <strong>emergencial<\/strong>, v\u00e3o at\u00e9 a <strong>pr\u00f3xima quarta-feira<\/strong> (17). \u00a0<\/mark><\/span><\/p>\n<p>Os interessados podem se inscrever pelo <strong>site da empresa organizadora da sele\u00e7\u00e3o<\/strong> (<a href=\"https:\/\/www.concursosrbo.com.br\/Projetos\/projeto-detalhes.aspx?id=aZAEODtwQ6s=\" target=\"_blank\" rel=\"noreferrer noopener nofollow\">clique aqui<\/a>). A<strong> taxa de inscri\u00e7\u00e3o<\/strong> \u00e9 de <strong>R$ 33,60<\/strong>.<\/p>\n<p>As <strong>oportunidades<\/strong> s\u00e3o para forma\u00e7\u00e3o de <strong>cadastro reserva<\/strong>. Os <strong>vencimentos<\/strong> variam entre\u00a0<strong>R$ 22,10<\/strong>\u00a0e\u00a0<strong>R$ 26,61<\/strong>\u00a0hora\/aula.<\/p>\n<p>A prova objetiva deve ser aplicada no dia\u00a0<strong>11 de agosto de 2024<\/strong>. O edital completo pode ser conferido\u00a0<a href=\"https:\/\/www.concursosrbo.com.br\/Projetos\/projeto-detalhes.aspx?id=aZAEODtwQ6s=\" target=\"_blank\" rel=\"noreferrer noopener\">clicando aqui<\/a>.<\/p>\n<h2 class=\"wp-block-heading\"><strong>Confira as oportunidades<\/strong>:<\/h2>\n<ul>\n<li>Professor de Educa\u00e7\u00e3o B\u00e1sica I<\/li>\n<li>Professor de Educa\u00e7\u00e3o B\u00e1sica II<\/li>\n<li>Professor de Educa\u00e7\u00e3o B\u00e1sica III \u2013 Ci\u00eancias F\u00edsicas e Biol\u00f3gicas<\/li>\n<li>Professor de Educa\u00e7\u00e3o B\u00e1sica III \u2013 Educa\u00e7\u00e3o F\u00edsica<\/li>\n<li>Professor de Educa\u00e7\u00e3o B\u00e1sica III \u2013 Geografia<\/li>\n<li>Professor de Educa\u00e7\u00e3o B\u00e1sica III \u2013 Guia-Int\u00e9rprete<\/li>\n<li>Professor de Educa\u00e7\u00e3o B\u00e1sica III \u2013 Hist\u00f3ria<\/li>\n<li>Professor de Educa\u00e7\u00e3o B\u00e1sica III \u2013 L\u00edngua Portuguesa<\/li>\n<li>Professor de Educa\u00e7\u00e3o B\u00e1sica III \u2013 Professor Int\u00e9rprete com Dom\u00ednio em Libras<\/li>\n<li>Professor de Educa\u00e7\u00e3o B\u00e1sica III \u2013 Professor Surdo com Dom\u00ednio em Libras<\/li>\n<\/ul>\n<p>SAIBA MAIS <\/p>\n<p><strong>Idosa \u00e9 suspeita de matar marido na regi\u00e3o de Ribeir\u00e3o Preto<\/strong><\/p>\n<h4 class=\"wp-block-heading\"><strong>FIQUE ON<\/strong><\/h4>\n<p>Fique ligado em tudo que acontece em Ribeir\u00e3o Preto e regi\u00e3o. Siga os perfis do\u00a0<strong>acidade on\u00a0<\/strong>no Instagram e no Facebook.<\/p>\n<p>Receba not\u00edcias do<strong>\u00a0acidade on\u00a0<\/strong>no WhatsApp.\u00a0<a href=\"https:\/\/chat.whatsapp.com\/CdrZ6xrf7quD44Vw3WlPuZ\" target=\"_blank\" rel=\"noreferrer noopener\">Para entrar no grupo, basta clicar aqui.<\/a><\/p>\n<p>Fa\u00e7a uma den\u00fancia ou sugira uma reportagem sobre Ribeir\u00e3o Preto e regi\u00e3o pelo WhatsApp: 16 99117 7802.<\/p>\n<p>VEJA TAMB\u00c9M<\/p>\n<p>Qual o parentesco entre Antonio Banderas e Dakota Johnson?<\/p>\n<p><!-- AI CONTENT END 1 -->\n<\/div>\n<\/div>\n<p><br \/>\n<br \/><a href=\"https:\/\/www.acidadeon.com\/ribeiraopreto\/economia\/ultimos-dias-para-inscricoes-de-processo-seletivo-da-prefeitura-de-ribeirao-preto\/\">Source link <\/a><\/p>\n<div class='code-block code-block-4' style='margin: 8px auto 8px 0; text-align: left; display: block; clear: both;'>\n\ud83d\udce2 Aviso Legal\n\nO site ismaelcolosi.com.br atua apenas como um canal de divulga\u00e7\u00e3o de oportunidades de emprego e n\u00e3o se responsabiliza pelo processo seletivo, contrata\u00e7\u00e3o ou qualquer outra etapa relacionada \u00e0s vagas publicadas. Todas as informa\u00e7\u00f5es s\u00e3o de responsabilidade dos anunciantes.\n\n\u26a0\ufe0f Aten\u00e7\u00e3o! Nunca pague por promessas de emprego nem compre cursos que garantam contrata\u00e7\u00e3o. Desconfie de qualquer cobran\u00e7a para participar de sele\u00e7\u00f5es.\n\n\n\n<\/div>\n<!-- CONTENT END 1 -->\n","protected":false},"excerpt":{"rendered":"<p>As inscri\u00e7\u00f5es para o processo seletivo da Prefeitura de Ribeir\u00e3o Preto, que contratar\u00e1 professores em car\u00e1ter tempor\u00e1rio e emergencial, v\u00e3o at\u00e9 a pr\u00f3xima quarta-feira (17)&#8230;.<\/p>\n","protected":false},"author":1,"featured_media":56712,"comment_status":"open","ping_status":"open","sticky":false,"template":"","format":"standard","meta":{"_uag_custom_page_level_css":"","advanced_seo_description":"","jetpack_seo_html_title":"","jetpack_seo_noindex":false,"jetpack_post_was_ever_published":false,"_jetpack_newsletter_access":"","_jetpack_dont_email_post_to_subs":false,"_jetpack_newsletter_tier_id":0,"_jetpack_memberships_contains_paywalled_content":false,"_jetpack_memberships_contains_paid_content":false,"footnotes":"","jetpack_publicize_message":"","jetpack_publicize_feature_enabled":true,"jetpack_social_post_already_shared":true,"jetpack_social_options":{"image_generator_settings":{"template":"highway","default_image_id":0,"font":"","enabled":false},"version":2}},"categories":[11],"tags":[],"class_list":["post-56711","post","type-post","status-publish","format-standard","has-post-thumbnail","hentry","category-noticias-de-ribeirao-preto-sp-e-regiao-ismael-colosi"],"jetpack_publicize_connections":[],"jetpack_featured_media_url":"https:\/\/i0.wp.com\/ismaelcolosi.com.br\/wp-content\/uploads\/2024\/07\/processo-seletivo-professor.jpeg?fit=1620%2C1080&ssl=1","uagb_featured_image_src":{"full":["https:\/\/i0.wp.com\/ismaelcolosi.com.br\/wp-content\/uploads\/2024\/07\/processo-seletivo-professor.jpeg?fit=1620%2C1080&ssl=1",1620,1080,false],"thumbnail":["https:\/\/i0.wp.com\/ismaelcolosi.com.br\/wp-content\/uploads\/2024\/07\/processo-seletivo-professor.jpeg?resize=150%2C150&ssl=1",150,150,true],"medium":["https:\/\/i0.wp.com\/ismaelcolosi.com.br\/wp-content\/uploads\/2024\/07\/processo-seletivo-professor.jpeg?fit=300%2C200&ssl=1",300,200,true],"medium_large":["https:\/\/i0.wp.com\/ismaelcolosi.com.br\/wp-content\/uploads\/2024\/07\/processo-seletivo-professor.jpeg?fit=768%2C512&ssl=1",768,512,true],"large":["https:\/\/i0.wp.com\/ismaelcolosi.com.br\/wp-content\/uploads\/2024\/07\/processo-seletivo-professor.jpeg?fit=1024%2C683&ssl=1",1024,683,true],"1536x1536":["https:\/\/i0.wp.com\/ismaelcolosi.com.br\/wp-content\/uploads\/2024\/07\/processo-seletivo-professor.jpeg?fit=1536%2C1024&ssl=1",1536,1024,true],"2048x2048":["https:\/\/i0.wp.com\/ismaelcolosi.com.br\/wp-content\/uploads\/2024\/07\/processo-seletivo-professor.jpeg?fit=1620%2C1080&ssl=1",1620,1080,true],"really-simple-thumb":["https:\/\/i0.wp.com\/ismaelcolosi.com.br\/wp-content\/uploads\/2024\/07\/processo-seletivo-professor.jpeg?resize=370%2C247&ssl=1",370,247,true]},"uagb_author_info":{"display_name":"ismaelcolosi.com.br","author_link":"https:\/\/ismaelcolosi.com.br\/index.php\/author\/vidareal-online\/"},"uagb_comment_info":0,"uagb_excerpt":"As inscri\u00e7\u00f5es para o processo seletivo da Prefeitura de Ribeir\u00e3o Preto, que contratar\u00e1 professores em car\u00e1ter tempor\u00e1rio e emergencial, v\u00e3o at\u00e9 a pr\u00f3xima quarta-feira (17)....","jetpack-related-posts":[{"id":49377,"url":"https:\/\/ismaelcolosi.com.br\/index.php\/2024\/05\/10\/prefeitura-da-regiao-de-ribeirao-preto-abre-inscricoes-para-processo-seletivo\/","url_meta":{"origin":56711,"position":0},"title":"Prefeitura da regi\u00e3o de Ribeir\u00e3o Preto abre inscri\u00e7\u00f5es para processo seletivo","author":"ismaelcolosi.com.br","date":"10 de May de 2024","format":false,"excerpt":"A Prefeitura de C\u00e1ssia dos Coqueiros, cidade a 80 quil\u00f4metros de Ribeir\u00e3o Preto, est\u00e1 com inscri\u00e7\u00f5es abertas at\u00e9 o dia 28 de maio para um processo seletivo com duas vagas para preenchimento imediato e cadastro reserva.\u00a0 As oportunidades s\u00e3o para assistente social e psic\u00f3logo. Os interessados podem se inscrever pelo\u2026","rel":"","context":"In &quot;Not\u00edcias de Ribeir\u00e3o Preto-SP e Regi\u00e3o&quot;","block_context":{"text":"Not\u00edcias de Ribeir\u00e3o Preto-SP e Regi\u00e3o","link":"https:\/\/ismaelcolosi.com.br\/index.php\/category\/noticias-de-ribeirao-preto-sp-e-regiao-ismael-colosi\/"},"img":{"alt_text":"","src":"https:\/\/i0.wp.com\/ismaelcolosi.com.br\/wp-content\/uploads\/2024\/05\/ver-colhido-da-mulher-do-preenchimento-do-formulario-de-aplicacao_2024-05-10_14-47-35_jpg_2024-05-10_14-47-37-scaled.webp.webp?fit=1200%2C800&ssl=1&resize=350%2C200","width":350,"height":200,"srcset":"https:\/\/i0.wp.com\/ismaelcolosi.com.br\/wp-content\/uploads\/2024\/05\/ver-colhido-da-mulher-do-preenchimento-do-formulario-de-aplicacao_2024-05-10_14-47-35_jpg_2024-05-10_14-47-37-scaled.webp.webp?fit=1200%2C800&ssl=1&resize=350%2C200 1x, https:\/\/i0.wp.com\/ismaelcolosi.com.br\/wp-content\/uploads\/2024\/05\/ver-colhido-da-mulher-do-preenchimento-do-formulario-de-aplicacao_2024-05-10_14-47-35_jpg_2024-05-10_14-47-37-scaled.webp.webp?fit=1200%2C800&ssl=1&resize=525%2C300 1.5x, https:\/\/i0.wp.com\/ismaelcolosi.com.br\/wp-content\/uploads\/2024\/05\/ver-colhido-da-mulher-do-preenchimento-do-formulario-de-aplicacao_2024-05-10_14-47-35_jpg_2024-05-10_14-47-37-scaled.webp.webp?fit=1200%2C800&ssl=1&resize=700%2C400 2x, https:\/\/i0.wp.com\/ismaelcolosi.com.br\/wp-content\/uploads\/2024\/05\/ver-colhido-da-mulher-do-preenchimento-do-formulario-de-aplicacao_2024-05-10_14-47-35_jpg_2024-05-10_14-47-37-scaled.webp.webp?fit=1200%2C800&ssl=1&resize=1050%2C600 3x"},"classes":[]},{"id":51424,"url":"https:\/\/ismaelcolosi.com.br\/index.php\/2024\/05\/27\/inscricoes-para-processo-seletivo-de-prefeitura-na-regiao-de-ribeirao-terminam-nesta-terca\/","url_meta":{"origin":56711,"position":1},"title":"Inscri\u00e7\u00f5es para processo seletivo de prefeitura na regi\u00e3o de Ribeir\u00e3o terminam nesta ter\u00e7a","author":"ismaelcolosi.com.br","date":"27 de May de 2024","format":false,"excerpt":"As inscri\u00e7\u00f5es para o processo seletivo da Prefeitura de C\u00e1ssia dos Coqueiros, na regi\u00e3o de Ribeir\u00e3o Preto, terminam, \u00e0s 23h59 desta ter\u00e7a-feira (28). \u00a0 Os interessados em disputar as duas vagas dispon\u00edveis, sendo uma para assistente social com sal\u00e1rio de R$ 2.078,78 e uma para psic\u00f3logo com sal\u00e1rio de R$\u2026","rel":"","context":"In &quot;Not\u00edcias de Ribeir\u00e3o Preto-SP e Regi\u00e3o&quot;","block_context":{"text":"Not\u00edcias de Ribeir\u00e3o Preto-SP e Regi\u00e3o","link":"https:\/\/ismaelcolosi.com.br\/index.php\/category\/noticias-de-ribeirao-preto-sp-e-regiao-ismael-colosi\/"},"img":{"alt_text":"","src":"https:\/\/i0.wp.com\/ismaelcolosi.com.br\/wp-content\/uploads\/2024\/05\/Copia-de-Copia-de-TAMANHO-EXATO-PARA-FOTOS-NO-SISTEMA-NOVO-53_2024-05-27_20-53-10_jpg_2024-05-27_20-53-10.webp.webp?fit=1200%2C675&ssl=1&resize=350%2C200","width":350,"height":200,"srcset":"https:\/\/i0.wp.com\/ismaelcolosi.com.br\/wp-content\/uploads\/2024\/05\/Copia-de-Copia-de-TAMANHO-EXATO-PARA-FOTOS-NO-SISTEMA-NOVO-53_2024-05-27_20-53-10_jpg_2024-05-27_20-53-10.webp.webp?fit=1200%2C675&ssl=1&resize=350%2C200 1x, https:\/\/i0.wp.com\/ismaelcolosi.com.br\/wp-content\/uploads\/2024\/05\/Copia-de-Copia-de-TAMANHO-EXATO-PARA-FOTOS-NO-SISTEMA-NOVO-53_2024-05-27_20-53-10_jpg_2024-05-27_20-53-10.webp.webp?fit=1200%2C675&ssl=1&resize=525%2C300 1.5x, https:\/\/i0.wp.com\/ismaelcolosi.com.br\/wp-content\/uploads\/2024\/05\/Copia-de-Copia-de-TAMANHO-EXATO-PARA-FOTOS-NO-SISTEMA-NOVO-53_2024-05-27_20-53-10_jpg_2024-05-27_20-53-10.webp.webp?fit=1200%2C675&ssl=1&resize=700%2C400 2x, https:\/\/i0.wp.com\/ismaelcolosi.com.br\/wp-content\/uploads\/2024\/05\/Copia-de-Copia-de-TAMANHO-EXATO-PARA-FOTOS-NO-SISTEMA-NOVO-53_2024-05-27_20-53-10_jpg_2024-05-27_20-53-10.webp.webp?fit=1200%2C675&ssl=1&resize=1050%2C600 3x"},"classes":[]},{"id":46402,"url":"https:\/\/ismaelcolosi.com.br\/index.php\/2024\/04\/11\/prefeitura-na-regiao-de-ribeirao-preto-abre-processo-seletivo-veja-como-participar\/","url_meta":{"origin":56711,"position":2},"title":"Prefeitura na regi\u00e3o de Ribeir\u00e3o Preto abre processo seletivo; Veja como participar","author":"ismaelcolosi.com.br","date":"11 de April de 2024","format":false,"excerpt":"A Prefeitura de Jardin\u00f3polis, na regi\u00e3o de Ribeir\u00e3o Preto, abriu processo seletivo para o cadastro de reserva de professores em 11 \u00e1reas de ensino. Os vencimentos s\u00e3o de R$ 22,11 hora\/aula para cargas hor\u00e1rias de 18 e 25 horas semanais. As inscri\u00e7\u00f5es devem ser realizadas na internet (clique aqui) at\u00e9\u2026","rel":"","context":"In &quot;Not\u00edcias de Ribeir\u00e3o Preto-SP e Regi\u00e3o&quot;","block_context":{"text":"Not\u00edcias de Ribeir\u00e3o Preto-SP e Regi\u00e3o","link":"https:\/\/ismaelcolosi.com.br\/index.php\/category\/noticias-de-ribeirao-preto-sp-e-regiao-ismael-colosi\/"},"img":{"alt_text":"","src":"https:\/\/i0.wp.com\/ismaelcolosi.com.br\/wp-content\/uploads\/2024\/04\/AnyConv.com__sala-de-aulas.webp.webp?fit=1170%2C779&ssl=1&resize=350%2C200","width":350,"height":200,"srcset":"https:\/\/i0.wp.com\/ismaelcolosi.com.br\/wp-content\/uploads\/2024\/04\/AnyConv.com__sala-de-aulas.webp.webp?fit=1170%2C779&ssl=1&resize=350%2C200 1x, https:\/\/i0.wp.com\/ismaelcolosi.com.br\/wp-content\/uploads\/2024\/04\/AnyConv.com__sala-de-aulas.webp.webp?fit=1170%2C779&ssl=1&resize=525%2C300 1.5x, https:\/\/i0.wp.com\/ismaelcolosi.com.br\/wp-content\/uploads\/2024\/04\/AnyConv.com__sala-de-aulas.webp.webp?fit=1170%2C779&ssl=1&resize=700%2C400 2x, https:\/\/i0.wp.com\/ismaelcolosi.com.br\/wp-content\/uploads\/2024\/04\/AnyConv.com__sala-de-aulas.webp.webp?fit=1170%2C779&ssl=1&resize=1050%2C600 3x"},"classes":[]},{"id":55399,"url":"https:\/\/ismaelcolosi.com.br\/index.php\/2024\/07\/02\/prefeitura-de-ribeirao-abre-inscricoes-para-novo-processo-seletivo-veja-como-participar\/","url_meta":{"origin":56711,"position":3},"title":"Prefeitura de Ribeir\u00e3o abre inscri\u00e7\u00f5es para novo processo seletivo; Veja como participar","author":"ismaelcolosi.com.br","date":"2 de July de 2024","format":false,"excerpt":"A Prefeitura de Ribeir\u00e3o Preto publicou no Di\u00e1rio Oficial do Munic\u00edpio desta ter\u00e7a-feira (2), a abertura de processo seletivo destinado \u00e0 forma\u00e7\u00e3o de cadastro reserva para a contrata\u00e7\u00e3o de profissionais de n\u00edvel superior. As vagas s\u00e3o para a contrata\u00e7\u00e3o de professores em car\u00e1ter tempor\u00e1rio e emergencial. Os vencimentos variam entre\u2026","rel":"","context":"In &quot;Not\u00edcias de Ribeir\u00e3o Preto-SP e Regi\u00e3o&quot;","block_context":{"text":"Not\u00edcias de Ribeir\u00e3o Preto-SP e Regi\u00e3o","link":"https:\/\/ismaelcolosi.com.br\/index.php\/category\/noticias-de-ribeirao-preto-sp-e-regiao-ismael-colosi\/"},"img":{"alt_text":"","src":"https:\/\/i0.wp.com\/ismaelcolosi.com.br\/wp-content\/uploads\/2024\/05\/Copia-de-Copia-de-TAMANHO-EXATO-PARA-FOTOS-NO-SISTEMA-NOVO-14-1.webp.webp?fit=1200%2C675&ssl=1&resize=350%2C200","width":350,"height":200,"srcset":"https:\/\/i0.wp.com\/ismaelcolosi.com.br\/wp-content\/uploads\/2024\/05\/Copia-de-Copia-de-TAMANHO-EXATO-PARA-FOTOS-NO-SISTEMA-NOVO-14-1.webp.webp?fit=1200%2C675&ssl=1&resize=350%2C200 1x, https:\/\/i0.wp.com\/ismaelcolosi.com.br\/wp-content\/uploads\/2024\/05\/Copia-de-Copia-de-TAMANHO-EXATO-PARA-FOTOS-NO-SISTEMA-NOVO-14-1.webp.webp?fit=1200%2C675&ssl=1&resize=525%2C300 1.5x, https:\/\/i0.wp.com\/ismaelcolosi.com.br\/wp-content\/uploads\/2024\/05\/Copia-de-Copia-de-TAMANHO-EXATO-PARA-FOTOS-NO-SISTEMA-NOVO-14-1.webp.webp?fit=1200%2C675&ssl=1&resize=700%2C400 2x, https:\/\/i0.wp.com\/ismaelcolosi.com.br\/wp-content\/uploads\/2024\/05\/Copia-de-Copia-de-TAMANHO-EXATO-PARA-FOTOS-NO-SISTEMA-NOVO-14-1.webp.webp?fit=1200%2C675&ssl=1&resize=1050%2C600 3x"},"classes":[]},{"id":3222,"url":"https:\/\/ismaelcolosi.com.br\/index.php\/2023\/11\/17\/prefeitura-de-ribeirao-preto-abre-processo-seletivo-para-professores\/","url_meta":{"origin":56711,"position":4},"title":"Prefeitura de Ribeir\u00e3o Preto abre processo seletivo para professores","author":"ismaelcolosi.com.br","date":"17 de November de 2023","format":false,"excerpt":"A Prefeitura de Ribeir\u00e3o Preto publicou no Di\u00e1rio Oficial do Munic\u00edpio desta sexta-feira (17) a abertura do processo seletivo para o cadastro de reserva para professores int\u00e9rpretes. As vagas s\u00e3o para especialistas com dom\u00ednio na comunica\u00e7\u00e3o em Libras (L\u00edngua Brasileira de Sinais). Os sal\u00e1rios para fun\u00e7\u00e3o s\u00e3o de R$ 25,46\u2026","rel":"","context":"In &quot;Not\u00edcias de Ribeir\u00e3o Preto-SP e Regi\u00e3o&quot;","block_context":{"text":"Not\u00edcias de Ribeir\u00e3o Preto-SP e Regi\u00e3o","link":"https:\/\/ismaelcolosi.com.br\/index.php\/category\/noticias-de-ribeirao-preto-sp-e-regiao-ismael-colosi\/"},"img":{"alt_text":"","src":"https:\/\/i0.wp.com\/ismaelcolosi.com.br\/wp-content\/uploads\/2023\/11\/professora-de-libras.jpg?fit=1200%2C800&ssl=1&resize=350%2C200","width":350,"height":200,"srcset":"https:\/\/i0.wp.com\/ismaelcolosi.com.br\/wp-content\/uploads\/2023\/11\/professora-de-libras.jpg?fit=1200%2C800&ssl=1&resize=350%2C200 1x, https:\/\/i0.wp.com\/ismaelcolosi.com.br\/wp-content\/uploads\/2023\/11\/professora-de-libras.jpg?fit=1200%2C800&ssl=1&resize=525%2C300 1.5x, https:\/\/i0.wp.com\/ismaelcolosi.com.br\/wp-content\/uploads\/2023\/11\/professora-de-libras.jpg?fit=1200%2C800&ssl=1&resize=700%2C400 2x, https:\/\/i0.wp.com\/ismaelcolosi.com.br\/wp-content\/uploads\/2023\/11\/professora-de-libras.jpg?fit=1200%2C800&ssl=1&resize=1050%2C600 3x"},"classes":[]},{"id":7566,"url":"https:\/\/ismaelcolosi.com.br\/index.php\/2023\/11\/28\/prefeitura-na-regiao-de-ribeirao-abre-processo-seletivo-com-salarios-de-r-35-mil\/","url_meta":{"origin":56711,"position":5},"title":"Prefeitura na regi\u00e3o de Ribeir\u00e3o abre processo seletivo com sal\u00e1rios de R$ 3,5 mil","author":"ismaelcolosi.com.br","date":"28 de November de 2023","format":false,"excerpt":"A Prefeitura de Barrinha, na regi\u00e3o de Ribeir\u00e3o Preto, est\u00e1 com as inscri\u00e7\u00f5es abertas em processo seletivo para o cadastro de reserva. Ao todo, s\u00e3o 28 fun\u00e7\u00f5es dispon\u00edveis com sal\u00e1rios de at\u00e9 R$ 3.562,50. As inscri\u00e7\u00f5es devem ser realizadas pela internet (clique aqui) at\u00e9 o dia 14 de dezembro de\u2026","rel":"","context":"In &quot;Not\u00edcias de Ribeir\u00e3o Preto-SP e Regi\u00e3o&quot;","block_context":{"text":"Not\u00edcias de Ribeir\u00e3o Preto-SP e Regi\u00e3o","link":"https:\/\/ismaelcolosi.com.br\/index.php\/category\/noticias-de-ribeirao-preto-sp-e-regiao-ismael-colosi\/"},"img":{"alt_text":"","src":"https:\/\/i0.wp.com\/ismaelcolosi.com.br\/wp-content\/uploads\/2023\/11\/1701185859_prova-concurso-publico-3.jpg?fit=1200%2C800&ssl=1&resize=350%2C200","width":350,"height":200,"srcset":"https:\/\/i0.wp.com\/ismaelcolosi.com.br\/wp-content\/uploads\/2023\/11\/1701185859_prova-concurso-publico-3.jpg?fit=1200%2C800&ssl=1&resize=350%2C200 1x, https:\/\/i0.wp.com\/ismaelcolosi.com.br\/wp-content\/uploads\/2023\/11\/1701185859_prova-concurso-publico-3.jpg?fit=1200%2C800&ssl=1&resize=525%2C300 1.5x, https:\/\/i0.wp.com\/ismaelcolosi.com.br\/wp-content\/uploads\/2023\/11\/1701185859_prova-concurso-publico-3.jpg?fit=1200%2C800&ssl=1&resize=700%2C400 2x, https:\/\/i0.wp.com\/ismaelcolosi.com.br\/wp-content\/uploads\/2023\/11\/1701185859_prova-concurso-publico-3.jpg?fit=1200%2C800&ssl=1&resize=1050%2C600 3x"},"classes":[]}],"jetpack_sharing_enabled":true,"jetpack_shortlink":"https:\/\/wp.me\/pfMlyK-eKH","_links":{"self":[{"href":"https:\/\/ismaelcolosi.com.br\/index.php\/wp-json\/wp\/v2\/posts\/56711","targetHints":{"allow":["GET"]}}],"collection":[{"href":"https:\/\/ismaelcolosi.com.br\/index.php\/wp-json\/wp\/v2\/posts"}],"about":[{"href":"https:\/\/ismaelcolosi.com.br\/index.php\/wp-json\/wp\/v2\/types\/post"}],"author":[{"embeddable":true,"href":"https:\/\/ismaelcolosi.com.br\/index.php\/wp-json\/wp\/v2\/users\/1"}],"replies":[{"embeddable":true,"href":"https:\/\/ismaelcolosi.com.br\/index.php\/wp-json\/wp\/v2\/comments?post=56711"}],"version-history":[{"count":0,"href":"https:\/\/ismaelcolosi.com.br\/index.php\/wp-json\/wp\/v2\/posts\/56711\/revisions"}],"wp:featuredmedia":[{"embeddable":true,"href":"https:\/\/ismaelcolosi.com.br\/index.php\/wp-json\/wp\/v2\/media\/56712"}],"wp:attachment":[{"href":"https:\/\/ismaelcolosi.com.br\/index.php\/wp-json\/wp\/v2\/media?parent=56711"}],"wp:term":[{"taxonomy":"category","embeddable":true,"href":"https:\/\/ismaelcolosi.com.br\/index.php\/wp-json\/wp\/v2\/categories?post=56711"},{"taxonomy":"post_tag","embeddable":true,"href":"https:\/\/ismaelcolosi.com.br\/index.php\/wp-json\/wp\/v2\/tags?post=56711"}],"curies":[{"name":"wp","href":"https:\/\/api.w.org\/{rel}","templated":true}]}}