{"id":56685,"date":"2024-07-14T13:43:56","date_gmt":"2024-07-14T16:43:56","guid":{"rendered":"https:\/\/ismaelcolosi.com.br\/index.php\/2024\/07\/14\/deputado-federal-ramagem-deve-prestar-primeiro-depoimento-sobre-abin-paralela\/"},"modified":"2024-07-14T13:43:56","modified_gmt":"2024-07-14T16:43:56","slug":"deputado-federal-ramagem-deve-prestar-primeiro-depoimento-sobre-abin-paralela","status":"publish","type":"post","link":"https:\/\/ismaelcolosi.com.br\/index.php\/2024\/07\/14\/deputado-federal-ramagem-deve-prestar-primeiro-depoimento-sobre-abin-paralela\/","title":{"rendered":"Deputado federal Ramagem deve prestar primeiro depoimento sobre \u2018Abin Paralela\u2019"},"content":{"rendered":"<p> <br \/>\n<\/p>\n<div>\n<p>Com as <span style=\"background-color:#f7cc62\" class=\"td_text_highlight_marker\"><mark style=\"background-color:rgba(0, 0, 0, 0)\" class=\"has-inline-color has-black-color\"><strong>descobertas <\/strong>da <strong>opera\u00e7\u00e3o \u201c\u00daltima Milha\u201d da PF<\/strong> (Pol\u00edcia Federal), que<strong> investiga <\/strong>suposto <strong>monitoramento ilegal <\/strong>de <strong>opositores do ex-presidente Jair Bolsonaro <\/strong>(PL) pela<strong> Abin<\/strong> (Ag\u00eancia Brasileira de Intelig\u00eancia), o <strong>deputado federal Alexandre Ramagem <\/strong>(PL-RJ), que <strong>dirigiu a Abin<\/strong>, deve ser <strong>ouvido pela primeira vez<\/strong>. O <strong>depoimento<\/strong> est\u00e1 <strong>previsto<\/strong> para acontecer na <strong>pr\u00f3xima quarta-feira <\/strong><\/mark><\/span>(17).<\/p>\n<p>A <strong>PF quer que Ramagem <\/strong>d\u00ea <strong>esclarecimentos sobre<\/strong> <strong>o que foi identificado na opera\u00e7\u00e3o<\/strong>, que <strong>teve a quarta fase deflagrada nesta quinta-feira, 11<\/strong>. Entre as <strong>provas coletadas<\/strong> pelos investigadores, est\u00e1 a grava\u00e7\u00e3o de uma reuni\u00e3o entre o <strong>deputado federal<\/strong> e o <strong>ex-presidente<\/strong>, onde foi discutido um <strong>plano para anular<\/strong> o inqu\u00e9rito das<strong> \u201crachadinhas\u201d<\/strong>, que mirou o <strong>senador Fl\u00e1vio Bolsonaro<\/strong> (PL-RJ).<\/p>\n<p>No \u00e1udio, <strong>Ramagem diz <\/strong>que \u201cseria necess\u00e1ria a instaura\u00e7\u00e3o de um procedimento administrativo contra os auditores da Receita, com o objetivo de anular a investiga\u00e7\u00e3o, bem como a retirada de alguns auditores de seus respectivos cargos\u201d.<\/p>\n<p>\u00c9 a <strong>segunda vez que Ramagem<\/strong> vai ser<strong> interrogado pela PF neste ano<\/strong>. No <strong>fim de fevereiro<\/strong>, o deputado foi ouvido por falas contra o ministro do Supremo Tribunal Federal (STF) Fl\u00e1vio Dino. As declara\u00e7\u00f5es, que est\u00e3o mantidas sob sigilo, foram feitas quando Dino era ministro da Justi\u00e7a no governo do presidente Luiz In\u00e1cio Lula da Silva (PT).<\/p>\n<p>Nesta sexta-feira, 12, <strong>Ramagem usou as redes sociais para classificar a nova fase da \u00daltima Milha como um \u201calvoro\u00e7o\u201d da PF<\/strong>. O deputado, que \u00e9 pr\u00e9-candidato do PL \u00e0 prefeitura do Rio, afirmou tamb\u00e9m que as suspeitas levantadas pela Pol\u00edcia Federal s\u00e3o \u201cila\u00e7\u00f5es e rasas conjecturas\u201d. \u201cNo Brasil, nunca ser\u00e1 f\u00e1cil uma pr\u00e9-campanha da nossa oposi\u00e7\u00e3o. Continuamos no objetivo de legitimamente mudar para melhor a cidade do Rio de Janeiro\u201d, escreveu.<\/p>\n<p>Em janeiro, <strong>Ramagem foi alvo de mandado de busca e apreens\u00e3o autorizado na Opera\u00e7\u00e3o Vigil\u00e2ncia Aproximada<\/strong>, um <strong>desdobramento da Opera\u00e7\u00e3o \u00daltima Milha<\/strong>, de <strong>outubro passado<\/strong>. O deputado esteve \u00e0 <strong>frente do Abin entre julho de 2019 e abril de 2022<\/strong>, durante o per\u00edodo em que <strong>dois servidores<\/strong>, presos em outubro, <strong>teriam utilizado a estrutura estatal para localizar os alvos da espionagem<\/strong>.<\/p>\n<p>A <strong>PF investiga se a \u201cAbin paralela\u201d<\/strong> utilizou o software FirstMile para investigar ao menos quatro ministros do STF, quatro deputados federais, quatro senadores, um ex-governador, dois servidores do Ibama, tr\u00eas auditores da Receita e quatro jornalistas. A ferramenta \u00e9 capaz de localizar aparelhos que usam as redes 2G, 3G e 4G.<\/p>\n<p>SAIBA MAIS <\/p>\n<p>Ribeir\u00e3o-pretano \u00e9 um dos alvos de opera\u00e7\u00e3o da PF contra \u2018Abin Paralela\u2019<\/p>\n<h4 class=\"wp-block-heading\"><strong>FIQUE ON<\/strong><\/h4>\n<p>Fique ligado em tudo que acontece em Ribeir\u00e3o Preto e regi\u00e3o. Siga os perfis do\u00a0<strong>acidade on\u00a0<\/strong>no Instagram e no Facebook.<\/p>\n<p>Receba not\u00edcias do<strong>\u00a0acidade on\u00a0<\/strong>no WhatsApp.\u00a0<a href=\"https:\/\/chat.whatsapp.com\/CdrZ6xrf7quD44Vw3WlPuZ\" target=\"_blank\" rel=\"noreferrer noopener\">Para entrar no grupo, basta clicar aqui.<\/a><\/p>\n<p>Fa\u00e7a uma den\u00fancia ou sugira uma reportagem sobre Ribeir\u00e3o Preto e regi\u00e3o pelo WhatsApp: 16 99117 7802.<\/p>\n<p>VEJA TAMB\u00c9M<\/p>\n<p>Qual o parentesco entre Antonio Banderas e Dakota Johnson?<\/p>\n<p><!-- AI CONTENT END 1 -->\n<\/div>\n<p><br \/>\n<br \/><a href=\"https:\/\/www.acidadeon.com\/ribeiraopreto\/politica\/deputado-federal-ramagem-deve-prestar-primeiro-depoimento-sobre-abin-paralela\/\">Source link <\/a><\/p>\n<div class='code-block code-block-4' style='margin: 8px auto 8px 0; text-align: left; display: block; clear: both;'>\n\ud83d\udce2 Aviso Legal\n\nO site ismaelcolosi.com.br atua apenas como um canal de divulga\u00e7\u00e3o de oportunidades de emprego e n\u00e3o se responsabiliza pelo processo seletivo, contrata\u00e7\u00e3o ou qualquer outra etapa relacionada \u00e0s vagas publicadas. Todas as informa\u00e7\u00f5es s\u00e3o de responsabilidade dos anunciantes.\n\n\u26a0\ufe0f Aten\u00e7\u00e3o! Nunca pague por promessas de emprego nem compre cursos que garantam contrata\u00e7\u00e3o. Desconfie de qualquer cobran\u00e7a para participar de sele\u00e7\u00f5es.\n\n\n\n<\/div>\n<!-- CONTENT END 1 -->\n","protected":false},"excerpt":{"rendered":"<p>Com as descobertas da opera\u00e7\u00e3o \u201c\u00daltima Milha\u201d da PF (Pol\u00edcia Federal), que investiga suposto monitoramento ilegal de opositores do ex-presidente Jair Bolsonaro (PL) pela Abin&#8230;<\/p>\n","protected":false},"author":1,"featured_media":56686,"comment_status":"open","ping_status":"open","sticky":false,"template":"","format":"standard","meta":{"_uag_custom_page_level_css":"","advanced_seo_description":"","jetpack_seo_html_title":"","jetpack_seo_noindex":false,"jetpack_post_was_ever_published":false,"_jetpack_newsletter_access":"","_jetpack_dont_email_post_to_subs":false,"_jetpack_newsletter_tier_id":0,"_jetpack_memberships_contains_paywalled_content":false,"_jetpack_memberships_contains_paid_content":false,"footnotes":"","jetpack_publicize_message":"","jetpack_publicize_feature_enabled":true,"jetpack_social_post_already_shared":true,"jetpack_social_options":{"image_generator_settings":{"template":"highway","default_image_id":0,"font":"","enabled":false},"version":2}},"categories":[11],"tags":[],"class_list":["post-56685","post","type-post","status-publish","format-standard","has-post-thumbnail","hentry","category-noticias-de-ribeirao-preto-sp-e-regiao-ismael-colosi"],"jetpack_publicize_connections":[],"jetpack_featured_media_url":"https:\/\/i0.wp.com\/ismaelcolosi.com.br\/wp-content\/uploads\/2024\/07\/Copia-de-Copia-de-TAMANHO-EXATO-PARA-FOTOS-NO-SISTEMA-NOVO-15_2024-07-14_16-30-36_jpg_2024-07-14_16-30-36.webp.webp?fit=1200%2C675&ssl=1","uagb_featured_image_src":{"full":["https:\/\/i0.wp.com\/ismaelcolosi.com.br\/wp-content\/uploads\/2024\/07\/Copia-de-Copia-de-TAMANHO-EXATO-PARA-FOTOS-NO-SISTEMA-NOVO-15_2024-07-14_16-30-36_jpg_2024-07-14_16-30-36.webp.webp?fit=1200%2C675&ssl=1",1200,675,false],"thumbnail":["https:\/\/i0.wp.com\/ismaelcolosi.com.br\/wp-content\/uploads\/2024\/07\/Copia-de-Copia-de-TAMANHO-EXATO-PARA-FOTOS-NO-SISTEMA-NOVO-15_2024-07-14_16-30-36_jpg_2024-07-14_16-30-36.webp.webp?resize=150%2C150&ssl=1",150,150,true],"medium":["https:\/\/i0.wp.com\/ismaelcolosi.com.br\/wp-content\/uploads\/2024\/07\/Copia-de-Copia-de-TAMANHO-EXATO-PARA-FOTOS-NO-SISTEMA-NOVO-15_2024-07-14_16-30-36_jpg_2024-07-14_16-30-36.webp.webp?fit=300%2C169&ssl=1",300,169,true],"medium_large":["https:\/\/i0.wp.com\/ismaelcolosi.com.br\/wp-content\/uploads\/2024\/07\/Copia-de-Copia-de-TAMANHO-EXATO-PARA-FOTOS-NO-SISTEMA-NOVO-15_2024-07-14_16-30-36_jpg_2024-07-14_16-30-36.webp.webp?fit=768%2C432&ssl=1",768,432,true],"large":["https:\/\/i0.wp.com\/ismaelcolosi.com.br\/wp-content\/uploads\/2024\/07\/Copia-de-Copia-de-TAMANHO-EXATO-PARA-FOTOS-NO-SISTEMA-NOVO-15_2024-07-14_16-30-36_jpg_2024-07-14_16-30-36.webp.webp?fit=1024%2C576&ssl=1",1024,576,true],"1536x1536":["https:\/\/i0.wp.com\/ismaelcolosi.com.br\/wp-content\/uploads\/2024\/07\/Copia-de-Copia-de-TAMANHO-EXATO-PARA-FOTOS-NO-SISTEMA-NOVO-15_2024-07-14_16-30-36_jpg_2024-07-14_16-30-36.webp.webp?fit=1200%2C675&ssl=1",1200,675,true],"2048x2048":["https:\/\/i0.wp.com\/ismaelcolosi.com.br\/wp-content\/uploads\/2024\/07\/Copia-de-Copia-de-TAMANHO-EXATO-PARA-FOTOS-NO-SISTEMA-NOVO-15_2024-07-14_16-30-36_jpg_2024-07-14_16-30-36.webp.webp?fit=1200%2C675&ssl=1",1200,675,true],"really-simple-thumb":["https:\/\/i0.wp.com\/ismaelcolosi.com.br\/wp-content\/uploads\/2024\/07\/Copia-de-Copia-de-TAMANHO-EXATO-PARA-FOTOS-NO-SISTEMA-NOVO-15_2024-07-14_16-30-36_jpg_2024-07-14_16-30-36.webp.webp?resize=370%2C247&ssl=1",370,247,true]},"uagb_author_info":{"display_name":"ismaelcolosi.com.br","author_link":"https:\/\/ismaelcolosi.com.br\/index.php\/author\/vidareal-online\/"},"uagb_comment_info":0,"uagb_excerpt":"Com as descobertas da opera\u00e7\u00e3o \u201c\u00daltima Milha\u201d da PF (Pol\u00edcia Federal), que investiga suposto monitoramento ilegal de opositores do ex-presidente Jair Bolsonaro (PL) pela Abin...","jetpack-related-posts":[{"id":32725,"url":"https:\/\/ismaelcolosi.com.br\/index.php\/2024\/01\/26\/deputado-do-pl-e-alvo-de-operacao\/","url_meta":{"origin":56685,"position":0},"title":"Deputado do PL \u00e9 alvo de opera\u00e7\u00e3o \u00a0","author":"ismaelcolosi.com.br","date":"26 de January de 2024","format":false,"excerpt":"Rayssa Motta e Fausto Macedo (AE)O ex-diretor da Ag\u00eancia Brasileira de Intelig\u00eancia (Abin) e deputado federal Alexandre Ramagem (PL-RJ) est\u00e1 entre os alvos da Opera\u00e7\u00e3o Vigil\u00e2ncia Aproximada, deflagrada nesta quinta-feira, 25 de janeiro, pela Pol\u00edcia Federal, para investigar organiza\u00e7\u00e3o criminosa que teria se instalado na Abin para monitorar ilegalmente autoridades,\u2026","rel":"","context":"In &quot;Not\u00edcias de Ribeir\u00e3o Preto-SP e Regi\u00e3o&quot;","block_context":{"text":"Not\u00edcias de Ribeir\u00e3o Preto-SP e Regi\u00e3o","link":"https:\/\/ismaelcolosi.com.br\/index.php\/category\/noticias-de-ribeirao-preto-sp-e-regiao-ismael-colosi\/"},"img":{"alt_text":"","src":"https:\/\/i0.wp.com\/ismaelcolosi.com.br\/wp-content\/uploads\/2024\/01\/Abin-Tomaz-Silva-Ag.Br_-scaled.jpg?fit=1000%2C603&ssl=1&resize=350%2C200","width":350,"height":200,"srcset":"https:\/\/i0.wp.com\/ismaelcolosi.com.br\/wp-content\/uploads\/2024\/01\/Abin-Tomaz-Silva-Ag.Br_-scaled.jpg?fit=1000%2C603&ssl=1&resize=350%2C200 1x, https:\/\/i0.wp.com\/ismaelcolosi.com.br\/wp-content\/uploads\/2024\/01\/Abin-Tomaz-Silva-Ag.Br_-scaled.jpg?fit=1000%2C603&ssl=1&resize=525%2C300 1.5x, https:\/\/i0.wp.com\/ismaelcolosi.com.br\/wp-content\/uploads\/2024\/01\/Abin-Tomaz-Silva-Ag.Br_-scaled.jpg?fit=1000%2C603&ssl=1&resize=700%2C400 2x"},"classes":[]},{"id":56603,"url":"https:\/\/ismaelcolosi.com.br\/index.php\/2024\/07\/12\/investigados-pelo-caso-abin-paralela-continuam-presos-apos-decisao-do-stf\/","url_meta":{"origin":56685,"position":1},"title":"Investigados pelo caso \u2018Abin paralela\u201d continuam presos ap\u00f3s decis\u00e3o do STF","author":"ismaelcolosi.com.br","date":"12 de July de 2024","format":false,"excerpt":"Os cinco investigados na quarta fase da Opera\u00e7\u00e3o \u00daltima Milha continuam presos, ap\u00f3s decis\u00e3o do STF (Supremo Tribunal Federal).\u00a0Deflagrada nesta quinta-feira (11), a investiga\u00e7\u00e3o apura o uso irregular da Abin (Ag\u00eancia Brasileira de Intelig\u00eancia) para favorecer filhos do ex-presidente Jair Bolsonaro, monitorar ministros do STF e pol\u00edticos opositores. Com a\u2026","rel":"","context":"In &quot;Not\u00edcias de Ribeir\u00e3o Preto-SP e Regi\u00e3o&quot;","block_context":{"text":"Not\u00edcias de Ribeir\u00e3o Preto-SP e Regi\u00e3o","link":"https:\/\/ismaelcolosi.com.br\/index.php\/category\/noticias-de-ribeirao-preto-sp-e-regiao-ismael-colosi\/"},"img":{"alt_text":"","src":"https:\/\/i0.wp.com\/ismaelcolosi.com.br\/wp-content\/uploads\/2024\/07\/Copia-de-Copia-de-TAMANHO-EXATO-PARA-FOTOS-NO-SISTEMA-NOVO-11_2024-07-12_21-54-39_jpg_2024-07-12_21-54-39.webp.webp?fit=1200%2C675&ssl=1&resize=350%2C200","width":350,"height":200,"srcset":"https:\/\/i0.wp.com\/ismaelcolosi.com.br\/wp-content\/uploads\/2024\/07\/Copia-de-Copia-de-TAMANHO-EXATO-PARA-FOTOS-NO-SISTEMA-NOVO-11_2024-07-12_21-54-39_jpg_2024-07-12_21-54-39.webp.webp?fit=1200%2C675&ssl=1&resize=350%2C200 1x, https:\/\/i0.wp.com\/ismaelcolosi.com.br\/wp-content\/uploads\/2024\/07\/Copia-de-Copia-de-TAMANHO-EXATO-PARA-FOTOS-NO-SISTEMA-NOVO-11_2024-07-12_21-54-39_jpg_2024-07-12_21-54-39.webp.webp?fit=1200%2C675&ssl=1&resize=525%2C300 1.5x, https:\/\/i0.wp.com\/ismaelcolosi.com.br\/wp-content\/uploads\/2024\/07\/Copia-de-Copia-de-TAMANHO-EXATO-PARA-FOTOS-NO-SISTEMA-NOVO-11_2024-07-12_21-54-39_jpg_2024-07-12_21-54-39.webp.webp?fit=1200%2C675&ssl=1&resize=700%2C400 2x, https:\/\/i0.wp.com\/ismaelcolosi.com.br\/wp-content\/uploads\/2024\/07\/Copia-de-Copia-de-TAMANHO-EXATO-PARA-FOTOS-NO-SISTEMA-NOVO-11_2024-07-12_21-54-39_jpg_2024-07-12_21-54-39.webp.webp?fit=1200%2C675&ssl=1&resize=1050%2C600 3x"},"classes":[]},{"id":56607,"url":"https:\/\/ismaelcolosi.com.br\/index.php\/2024\/07\/12\/investigados-pelo-caso-abin-paralela-continuam-presos-apos-decisao-do-stf-2\/","url_meta":{"origin":56685,"position":2},"title":"Investigados pelo caso \u2018Abin paralela\u201d continuam presos ap\u00f3s decis\u00e3o do STF","author":"ismaelcolosi.com.br","date":"12 de July de 2024","format":false,"excerpt":"Os cinco investigados na quarta fase da Opera\u00e7\u00e3o \u00daltima Milha continuam presos, ap\u00f3s decis\u00e3o do STF (Supremo Tribunal Federal).\u00a0Deflagrada nesta quinta-feira (11), a investiga\u00e7\u00e3o apura o uso irregular da Abin (Ag\u00eancia Brasileira de Intelig\u00eancia) para favorecer filhos do ex-presidente Jair Bolsonaro, monitorar ministros do STF e pol\u00edticos opositores. Com a\u2026","rel":"","context":"In &quot;Not\u00edcias de Ribeir\u00e3o Preto-SP e Regi\u00e3o&quot;","block_context":{"text":"Not\u00edcias de Ribeir\u00e3o Preto-SP e Regi\u00e3o","link":"https:\/\/ismaelcolosi.com.br\/index.php\/category\/noticias-de-ribeirao-preto-sp-e-regiao-ismael-colosi\/"},"img":{"alt_text":"","src":"https:\/\/i0.wp.com\/ismaelcolosi.com.br\/wp-content\/uploads\/2024\/07\/Copia-de-Copia-de-TAMANHO-EXATO-PARA-FOTOS-NO-SISTEMA-NOVO-11_2024-07-12_21-54-39_jpg_2024-07-12_21-54-39.webp.webp?fit=1200%2C675&ssl=1&resize=350%2C200","width":350,"height":200,"srcset":"https:\/\/i0.wp.com\/ismaelcolosi.com.br\/wp-content\/uploads\/2024\/07\/Copia-de-Copia-de-TAMANHO-EXATO-PARA-FOTOS-NO-SISTEMA-NOVO-11_2024-07-12_21-54-39_jpg_2024-07-12_21-54-39.webp.webp?fit=1200%2C675&ssl=1&resize=350%2C200 1x, https:\/\/i0.wp.com\/ismaelcolosi.com.br\/wp-content\/uploads\/2024\/07\/Copia-de-Copia-de-TAMANHO-EXATO-PARA-FOTOS-NO-SISTEMA-NOVO-11_2024-07-12_21-54-39_jpg_2024-07-12_21-54-39.webp.webp?fit=1200%2C675&ssl=1&resize=525%2C300 1.5x, https:\/\/i0.wp.com\/ismaelcolosi.com.br\/wp-content\/uploads\/2024\/07\/Copia-de-Copia-de-TAMANHO-EXATO-PARA-FOTOS-NO-SISTEMA-NOVO-11_2024-07-12_21-54-39_jpg_2024-07-12_21-54-39.webp.webp?fit=1200%2C675&ssl=1&resize=700%2C400 2x, https:\/\/i0.wp.com\/ismaelcolosi.com.br\/wp-content\/uploads\/2024\/07\/Copia-de-Copia-de-TAMANHO-EXATO-PARA-FOTOS-NO-SISTEMA-NOVO-11_2024-07-12_21-54-39_jpg_2024-07-12_21-54-39.webp.webp?fit=1200%2C675&ssl=1&resize=1050%2C600 3x"},"classes":[]},{"id":56687,"url":"https:\/\/ismaelcolosi.com.br\/index.php\/2024\/07\/14\/idosa-e-suspeita-de-matar-marido-na-regiao-de-ribeirao-preto\/","url_meta":{"origin":56685,"position":3},"title":"Idosa \u00e9 suspeita de matar marido na regi\u00e3o de Ribeir\u00e3o Preto","author":"ismaelcolosi.com.br","date":"14 de July de 2024","format":false,"excerpt":"Uma mulher \u00e9 suspeita de matar o marido, no bairro Primeiro de Maio em Sert\u00e3ozinho, na regi\u00e3o de Ribeir\u00e3o Preto. O crime aconteceu na madrugada deste domingo (14). Segundo a pol\u00edcia, os envolvidos s\u00e3o idosos e h\u00e1 informa\u00e7\u00f5es de que a suspeita era v\u00edtima de viol\u00eancia dom\u00e9stica. *Mat\u00e9ria em atualiza\u00e7\u00e3o\u2026","rel":"","context":"In &quot;Not\u00edcias de Ribeir\u00e3o Preto-SP e Regi\u00e3o&quot;","block_context":{"text":"Not\u00edcias de Ribeir\u00e3o Preto-SP e Regi\u00e3o","link":"https:\/\/ismaelcolosi.com.br\/index.php\/category\/noticias-de-ribeirao-preto-sp-e-regiao-ismael-colosi\/"},"img":{"alt_text":"","src":"https:\/\/i0.wp.com\/ismaelcolosi.com.br\/wp-content\/uploads\/2024\/07\/WhatsApp-Image-2024-07-14-at-14.58.54-1_2024-07-14_17-59-38_jpeg_2024-07-14_17-59-38.webp.webp?fit=1200%2C675&ssl=1&resize=350%2C200","width":350,"height":200,"srcset":"https:\/\/i0.wp.com\/ismaelcolosi.com.br\/wp-content\/uploads\/2024\/07\/WhatsApp-Image-2024-07-14-at-14.58.54-1_2024-07-14_17-59-38_jpeg_2024-07-14_17-59-38.webp.webp?fit=1200%2C675&ssl=1&resize=350%2C200 1x, https:\/\/i0.wp.com\/ismaelcolosi.com.br\/wp-content\/uploads\/2024\/07\/WhatsApp-Image-2024-07-14-at-14.58.54-1_2024-07-14_17-59-38_jpeg_2024-07-14_17-59-38.webp.webp?fit=1200%2C675&ssl=1&resize=525%2C300 1.5x, https:\/\/i0.wp.com\/ismaelcolosi.com.br\/wp-content\/uploads\/2024\/07\/WhatsApp-Image-2024-07-14-at-14.58.54-1_2024-07-14_17-59-38_jpeg_2024-07-14_17-59-38.webp.webp?fit=1200%2C675&ssl=1&resize=700%2C400 2x, https:\/\/i0.wp.com\/ismaelcolosi.com.br\/wp-content\/uploads\/2024\/07\/WhatsApp-Image-2024-07-14-at-14.58.54-1_2024-07-14_17-59-38_jpeg_2024-07-14_17-59-38.webp.webp?fit=1200%2C675&ssl=1&resize=1050%2C600 3x"},"classes":[]},{"id":33525,"url":"https:\/\/ismaelcolosi.com.br\/index.php\/2024\/01\/29\/carlos-bolsonaro-e-alvo-da-pf-em-operacao-sobre-uso-irregular-da-abin\/","url_meta":{"origin":56685,"position":4},"title":"Carlos Bolsonaro \u00e9 alvo da PF em opera\u00e7\u00e3o sobre uso irregular da Abin","author":"ismaelcolosi.com.br","date":"29 de January de 2024","format":false,"excerpt":"29 de janeiro de 2024 | 15:0029 de janeiro de 2024 | 14:23 0Carlos Bolsonaro,\u00a0filho do ex-presidente Jair Bolsonaro, est\u00e1 entre os alvos da Opera\u00e7\u00e3o Vigil\u00e2ncia Aproximada, deflagrada nesta segunda-feira (29). A C\u00e2mara Municipal do Rio de Janeiro informou que policiais federais estiveram no gabinete do vereador para cumprir mandado\u2026","rel":"","context":"In &quot;Not\u00edcias de Ribeir\u00e3o Preto-SP e Regi\u00e3o&quot;","block_context":{"text":"Not\u00edcias de Ribeir\u00e3o Preto-SP e Regi\u00e3o","link":"https:\/\/ismaelcolosi.com.br\/index.php\/category\/noticias-de-ribeirao-preto-sp-e-regiao-ismael-colosi\/"},"img":{"alt_text":"","src":"https:\/\/i0.wp.com\/ismaelcolosi.com.br\/wp-content\/uploads\/2024\/01\/81b535a4-9511-4512-b72d-33a5077a2a35-scaled.jpg?fit=1000%2C598&ssl=1&resize=350%2C200","width":350,"height":200,"srcset":"https:\/\/i0.wp.com\/ismaelcolosi.com.br\/wp-content\/uploads\/2024\/01\/81b535a4-9511-4512-b72d-33a5077a2a35-scaled.jpg?fit=1000%2C598&ssl=1&resize=350%2C200 1x, https:\/\/i0.wp.com\/ismaelcolosi.com.br\/wp-content\/uploads\/2024\/01\/81b535a4-9511-4512-b72d-33a5077a2a35-scaled.jpg?fit=1000%2C598&ssl=1&resize=525%2C300 1.5x, https:\/\/i0.wp.com\/ismaelcolosi.com.br\/wp-content\/uploads\/2024\/01\/81b535a4-9511-4512-b72d-33a5077a2a35-scaled.jpg?fit=1000%2C598&ssl=1&resize=700%2C400 2x"},"classes":[]},{"id":56584,"url":"https:\/\/ismaelcolosi.com.br\/index.php\/2024\/07\/12\/ribeirao-pretano-e-um-dos-alvos-de-operacao-da-pf-contra-abin-paralela\/","url_meta":{"origin":56685,"position":5},"title":"Ribeir\u00e3o-pretano \u00e9 um dos alvos de opera\u00e7\u00e3o da PF contra \u2018Abin Paralela\u2019","author":"ismaelcolosi.com.br","date":"12 de July de 2024","format":false,"excerpt":"O ribeir\u00e3o-pretano Mateus de Carvalho Sposito \u00e9 um dos alvos da PF (Pol\u00edcia Federal) na opera\u00e7\u00e3o que investiga a \u201cAbin Paralela\u201d. Mateus foi preso preventivamente na \u00faltima quinta-feira (11) durante a opera\u00e7\u00e3o \u00daltima Milha, que investiga o uso indevido da Abin (Ag\u00eancia Brasileira de Intelig\u00eancia) durante o governo de Jair\u2026","rel":"","context":"In &quot;Not\u00edcias de Ribeir\u00e3o Preto-SP e Regi\u00e3o&quot;","block_context":{"text":"Not\u00edcias de Ribeir\u00e3o Preto-SP e Regi\u00e3o","link":"https:\/\/ismaelcolosi.com.br\/index.php\/category\/noticias-de-ribeirao-preto-sp-e-regiao-ismael-colosi\/"},"img":{"alt_text":"","src":"https:\/\/i0.wp.com\/ismaelcolosi.com.br\/wp-content\/uploads\/2024\/07\/Copia-de-Copia-de-TAMANHO-EXATO-PARA-FOTOS-NO-SISTEMA-NOVO-9_2024-07-12_19-13-32_jpg_2024-07-12_19-13-32.webp.webp?fit=1200%2C675&ssl=1&resize=350%2C200","width":350,"height":200,"srcset":"https:\/\/i0.wp.com\/ismaelcolosi.com.br\/wp-content\/uploads\/2024\/07\/Copia-de-Copia-de-TAMANHO-EXATO-PARA-FOTOS-NO-SISTEMA-NOVO-9_2024-07-12_19-13-32_jpg_2024-07-12_19-13-32.webp.webp?fit=1200%2C675&ssl=1&resize=350%2C200 1x, https:\/\/i0.wp.com\/ismaelcolosi.com.br\/wp-content\/uploads\/2024\/07\/Copia-de-Copia-de-TAMANHO-EXATO-PARA-FOTOS-NO-SISTEMA-NOVO-9_2024-07-12_19-13-32_jpg_2024-07-12_19-13-32.webp.webp?fit=1200%2C675&ssl=1&resize=525%2C300 1.5x, https:\/\/i0.wp.com\/ismaelcolosi.com.br\/wp-content\/uploads\/2024\/07\/Copia-de-Copia-de-TAMANHO-EXATO-PARA-FOTOS-NO-SISTEMA-NOVO-9_2024-07-12_19-13-32_jpg_2024-07-12_19-13-32.webp.webp?fit=1200%2C675&ssl=1&resize=700%2C400 2x, https:\/\/i0.wp.com\/ismaelcolosi.com.br\/wp-content\/uploads\/2024\/07\/Copia-de-Copia-de-TAMANHO-EXATO-PARA-FOTOS-NO-SISTEMA-NOVO-9_2024-07-12_19-13-32_jpg_2024-07-12_19-13-32.webp.webp?fit=1200%2C675&ssl=1&resize=1050%2C600 3x"},"classes":[]}],"jetpack_sharing_enabled":true,"jetpack_shortlink":"https:\/\/wp.me\/pfMlyK-eKh","_links":{"self":[{"href":"https:\/\/ismaelcolosi.com.br\/index.php\/wp-json\/wp\/v2\/posts\/56685","targetHints":{"allow":["GET"]}}],"collection":[{"href":"https:\/\/ismaelcolosi.com.br\/index.php\/wp-json\/wp\/v2\/posts"}],"about":[{"href":"https:\/\/ismaelcolosi.com.br\/index.php\/wp-json\/wp\/v2\/types\/post"}],"author":[{"embeddable":true,"href":"https:\/\/ismaelcolosi.com.br\/index.php\/wp-json\/wp\/v2\/users\/1"}],"replies":[{"embeddable":true,"href":"https:\/\/ismaelcolosi.com.br\/index.php\/wp-json\/wp\/v2\/comments?post=56685"}],"version-history":[{"count":0,"href":"https:\/\/ismaelcolosi.com.br\/index.php\/wp-json\/wp\/v2\/posts\/56685\/revisions"}],"wp:featuredmedia":[{"embeddable":true,"href":"https:\/\/ismaelcolosi.com.br\/index.php\/wp-json\/wp\/v2\/media\/56686"}],"wp:attachment":[{"href":"https:\/\/ismaelcolosi.com.br\/index.php\/wp-json\/wp\/v2\/media?parent=56685"}],"wp:term":[{"taxonomy":"category","embeddable":true,"href":"https:\/\/ismaelcolosi.com.br\/index.php\/wp-json\/wp\/v2\/categories?post=56685"},{"taxonomy":"post_tag","embeddable":true,"href":"https:\/\/ismaelcolosi.com.br\/index.php\/wp-json\/wp\/v2\/tags?post=56685"}],"curies":[{"name":"wp","href":"https:\/\/api.w.org\/{rel}","templated":true}]}}