{"id":56683,"date":"2024-07-14T13:13:41","date_gmt":"2024-07-14T16:13:41","guid":{"rendered":"https:\/\/ismaelcolosi.com.br\/index.php\/2024\/07\/14\/botafogo-empata-com-a-francana-em-jogo-sem-gols-fora-de-ribeirao-preto\/"},"modified":"2024-07-14T13:13:41","modified_gmt":"2024-07-14T16:13:41","slug":"botafogo-empata-com-a-francana-em-jogo-sem-gols-fora-de-ribeirao-preto","status":"publish","type":"post","link":"https:\/\/ismaelcolosi.com.br\/index.php\/2024\/07\/14\/botafogo-empata-com-a-francana-em-jogo-sem-gols-fora-de-ribeirao-preto\/","title":{"rendered":"Botafogo empata com a Francana em jogo sem gols fora de Ribeir\u00e3o Preto"},"content":{"rendered":"<p> <br \/>\n<\/p>\n<div data-td-block-uid=\"tdi_106\">\n<div class=\"tdb-block-inner td-fix-index\">\n<p><span style=\"background-color:#f7cc62\" class=\"td_text_highlight_marker\"><mark style=\"background-color:rgba(0, 0, 0, 0)\" class=\"has-inline-color has-black-color\">O <strong>jogo<\/strong> entre <strong>Botafogo<\/strong> e <strong>Francana<\/strong>, pela <strong>quinta rodada da Copa Paulista<\/strong>, terminou em <strong>zero<\/strong> a <strong>zero<\/strong>. A partida aconteceu na <strong>manh\u00e3 deste domingo<\/strong> (14), no <strong>est\u00e1dio Jos\u00e9 Lancha Filho<\/strong> em <strong>Franca<\/strong>, na regi\u00e3o de <strong>Ribeir\u00e3o Preto<\/strong>.<\/mark><\/span><\/p>\n<p>No <strong>primeiro tempo<\/strong>, logo ap\u00f3s os <strong>sete minutos do in\u00edcio do jogo<\/strong>, a <strong>Francana<\/strong> perdeu <strong>grande chance<\/strong> de <strong>abrir o placar<\/strong>. Depois do time de Franca perder o gol, as <strong>duas equipes jogaram<\/strong> <strong>sem lances de destaque<\/strong> ou com<strong> perigo aos goleiros<\/strong>.<\/p>\n<p>J\u00e1 no <strong>segundo tempo<\/strong>,<strong> novamente<\/strong>, a <strong>Francana chegou perto<\/strong> de marcar, mas o <strong>goleiro do Botafogo<\/strong> <strong>defendeu<\/strong>. <strong>Minutos depois<\/strong>, foi a vez do <strong>Botafogo<\/strong>, tamb\u00e9m, <strong>perder a melhor oportunidade de gol<\/strong> do time <strong>ribeir\u00e3o-pretano<\/strong> durante a partida.<\/p>\n<h2 class=\"wp-block-heading\"><strong>Pr\u00f3xima partida pela Copa Paulista<\/strong><\/h2>\n<p>O <strong>Botafogo<\/strong> enfrentar\u00e1 o <strong>Monte Azul<\/strong>, \u00e0s <strong>10h<\/strong>, no <strong>pr\u00f3ximo dia 28 de julho<\/strong>, no est\u00e1dio Otac\u00edlia Patr\u00edcio Arroyo, em <strong>Monte Azul Paulista<\/strong>.<\/p>\n<p>Com o <strong>empate deste domingo<\/strong>, o <strong><span style=\"background-color:#f7cc62\" class=\"td_text_highlight_marker\"><mark style=\"background-color:rgba(0, 0, 0, 0)\" class=\"has-inline-color has-black-color\">Botafogo sobe para a 3\u00aa coloca\u00e7\u00e3o no Grupo B da Copa Paulista, com 5 pontos.<\/mark><\/span><\/strong><\/p>\n<p>SAIBA MAIS <\/p>\n<p>Saiba at\u00e9 quando v\u00e3o as inscri\u00e7\u00f5es para o processo seletivo no HC Ribeir\u00e3o Preto<\/p>\n<h4 class=\"wp-block-heading\"><strong>FIQUE ON<\/strong><\/h4>\n<p>Fique ligado em tudo que acontece em Ribeir\u00e3o Preto e regi\u00e3o. Siga os perfis do\u00a0<strong>acidade on\u00a0<\/strong>no Instagram e no Facebook.<\/p>\n<p>Receba not\u00edcias do<strong>\u00a0acidade on\u00a0<\/strong>no WhatsApp.\u00a0<a href=\"https:\/\/chat.whatsapp.com\/CdrZ6xrf7quD44Vw3WlPuZ\" target=\"_blank\" rel=\"noreferrer noopener\">Para entrar no grupo, basta clicar aqui.<\/a><\/p>\n<p>Fa\u00e7a uma den\u00fancia ou sugira uma reportagem sobre Ribeir\u00e3o Preto e regi\u00e3o pelo WhatsApp: 16 99117 7802.<\/p>\n<p>VEJA TAMB\u00c9M<\/p>\n<p>Qual o parentesco entre Antonio Banderas e Dakota Johnson?<\/p>\n<p><!-- AI CONTENT END 1 -->\n<\/div>\n<\/div>\n<p><br \/>\n<br \/><a href=\"https:\/\/www.acidadeon.com\/ribeiraopreto\/esportes\/botafogo-empata-com-a-francana-em-jogo-sem-gols-fora-de-ribeirao-preto\/\">Source link <\/a><\/p>\n<div class='code-block code-block-4' style='margin: 8px auto 8px 0; text-align: left; display: block; clear: both;'>\n\ud83d\udce2 Aviso Legal\n\nO site ismaelcolosi.com.br atua apenas como um canal de divulga\u00e7\u00e3o de oportunidades de emprego e n\u00e3o se responsabiliza pelo processo seletivo, contrata\u00e7\u00e3o ou qualquer outra etapa relacionada \u00e0s vagas publicadas. Todas as informa\u00e7\u00f5es s\u00e3o de responsabilidade dos anunciantes.\n\n\u26a0\ufe0f Aten\u00e7\u00e3o! Nunca pague por promessas de emprego nem compre cursos que garantam contrata\u00e7\u00e3o. Desconfie de qualquer cobran\u00e7a para participar de sele\u00e7\u00f5es.\n\n\n\n<\/div>\n<!-- CONTENT END 1 -->\n","protected":false},"excerpt":{"rendered":"<p>O jogo entre Botafogo e Francana, pela quinta rodada da Copa Paulista, terminou em zero a zero. A partida aconteceu na manh\u00e3 deste domingo (14),&#8230;<\/p>\n","protected":false},"author":1,"featured_media":56684,"comment_status":"open","ping_status":"open","sticky":false,"template":"","format":"standard","meta":{"_uag_custom_page_level_css":"","advanced_seo_description":"","jetpack_seo_html_title":"","jetpack_seo_noindex":false,"jetpack_post_was_ever_published":false,"_jetpack_newsletter_access":"","_jetpack_dont_email_post_to_subs":false,"_jetpack_newsletter_tier_id":0,"_jetpack_memberships_contains_paywalled_content":false,"_jetpack_memberships_contains_paid_content":false,"footnotes":"","jetpack_publicize_message":"","jetpack_publicize_feature_enabled":true,"jetpack_social_post_already_shared":true,"jetpack_social_options":{"image_generator_settings":{"template":"highway","default_image_id":0,"font":"","enabled":false},"version":2}},"categories":[11],"tags":[],"class_list":["post-56683","post","type-post","status-publish","format-standard","has-post-thumbnail","hentry","category-noticias-de-ribeirao-preto-sp-e-regiao-ismael-colosi"],"jetpack_publicize_connections":[],"jetpack_featured_media_url":"https:\/\/i0.wp.com\/ismaelcolosi.com.br\/wp-content\/uploads\/2024\/07\/Copia-de-Copia-de-TAMANHO-EXATO-PARA-FOTOS-NO-SISTEMA-NOVO-14_2024-07-14_15-45-20_jpg_2024-07-14_15-45-21.webp.webp?fit=1200%2C675&ssl=1","uagb_featured_image_src":{"full":["https:\/\/i0.wp.com\/ismaelcolosi.com.br\/wp-content\/uploads\/2024\/07\/Copia-de-Copia-de-TAMANHO-EXATO-PARA-FOTOS-NO-SISTEMA-NOVO-14_2024-07-14_15-45-20_jpg_2024-07-14_15-45-21.webp.webp?fit=1200%2C675&ssl=1",1200,675,false],"thumbnail":["https:\/\/i0.wp.com\/ismaelcolosi.com.br\/wp-content\/uploads\/2024\/07\/Copia-de-Copia-de-TAMANHO-EXATO-PARA-FOTOS-NO-SISTEMA-NOVO-14_2024-07-14_15-45-20_jpg_2024-07-14_15-45-21.webp.webp?resize=150%2C150&ssl=1",150,150,true],"medium":["https:\/\/i0.wp.com\/ismaelcolosi.com.br\/wp-content\/uploads\/2024\/07\/Copia-de-Copia-de-TAMANHO-EXATO-PARA-FOTOS-NO-SISTEMA-NOVO-14_2024-07-14_15-45-20_jpg_2024-07-14_15-45-21.webp.webp?fit=300%2C169&ssl=1",300,169,true],"medium_large":["https:\/\/i0.wp.com\/ismaelcolosi.com.br\/wp-content\/uploads\/2024\/07\/Copia-de-Copia-de-TAMANHO-EXATO-PARA-FOTOS-NO-SISTEMA-NOVO-14_2024-07-14_15-45-20_jpg_2024-07-14_15-45-21.webp.webp?fit=768%2C432&ssl=1",768,432,true],"large":["https:\/\/i0.wp.com\/ismaelcolosi.com.br\/wp-content\/uploads\/2024\/07\/Copia-de-Copia-de-TAMANHO-EXATO-PARA-FOTOS-NO-SISTEMA-NOVO-14_2024-07-14_15-45-20_jpg_2024-07-14_15-45-21.webp.webp?fit=1024%2C576&ssl=1",1024,576,true],"1536x1536":["https:\/\/i0.wp.com\/ismaelcolosi.com.br\/wp-content\/uploads\/2024\/07\/Copia-de-Copia-de-TAMANHO-EXATO-PARA-FOTOS-NO-SISTEMA-NOVO-14_2024-07-14_15-45-20_jpg_2024-07-14_15-45-21.webp.webp?fit=1200%2C675&ssl=1",1200,675,true],"2048x2048":["https:\/\/i0.wp.com\/ismaelcolosi.com.br\/wp-content\/uploads\/2024\/07\/Copia-de-Copia-de-TAMANHO-EXATO-PARA-FOTOS-NO-SISTEMA-NOVO-14_2024-07-14_15-45-20_jpg_2024-07-14_15-45-21.webp.webp?fit=1200%2C675&ssl=1",1200,675,true],"really-simple-thumb":["https:\/\/i0.wp.com\/ismaelcolosi.com.br\/wp-content\/uploads\/2024\/07\/Copia-de-Copia-de-TAMANHO-EXATO-PARA-FOTOS-NO-SISTEMA-NOVO-14_2024-07-14_15-45-20_jpg_2024-07-14_15-45-21.webp.webp?resize=370%2C247&ssl=1",370,247,true]},"uagb_author_info":{"display_name":"ismaelcolosi.com.br","author_link":"https:\/\/ismaelcolosi.com.br\/index.php\/author\/vidareal-online\/"},"uagb_comment_info":0,"uagb_excerpt":"O jogo entre Botafogo e Francana, pela quinta rodada da Copa Paulista, terminou em zero a zero. A partida aconteceu na manh\u00e3 deste domingo (14),...","jetpack-related-posts":[{"id":58930,"url":"https:\/\/ismaelcolosi.com.br\/index.php\/2024\/08\/04\/comercial-vence-a-francana-em-jogo-fora-de-ribeirao-preto\/","url_meta":{"origin":56683,"position":0},"title":"Comercial vence a Francana em jogo fora de Ribeir\u00e3o Preto","author":"ismaelcolosi.com.br","date":"4 de August de 2024","format":false,"excerpt":"O Comercial venceu a Francana por 1 a 0, no final da manh\u00e3 deste domingo (4), no est\u00e1dio Dr. Jos\u00e9 Lancha Filho em Franca, regi\u00e3o de Ribeir\u00e3o Preto, pela oitava rodada da Copa Paulista. A partida marcou a estreia do t\u00e9cnico Renato Peixe Renato, que assumiu a equipe ap\u00f3s a\u2026","rel":"","context":"In &quot;Not\u00edcias de Ribeir\u00e3o Preto-SP e Regi\u00e3o&quot;","block_context":{"text":"Not\u00edcias de Ribeir\u00e3o Preto-SP e Regi\u00e3o","link":"https:\/\/ismaelcolosi.com.br\/index.php\/category\/noticias-de-ribeirao-preto-sp-e-regiao-ismael-colosi\/"},"img":{"alt_text":"","src":"https:\/\/i0.wp.com\/ismaelcolosi.com.br\/wp-content\/uploads\/2024\/08\/WhatsApp-Image-2024-08-04-at-12.58.32_2024-08-04_15-59-03_jpeg_2024-08-04_15-59-05-scaled.webp.webp?fit=1200%2C800&ssl=1&resize=350%2C200","width":350,"height":200,"srcset":"https:\/\/i0.wp.com\/ismaelcolosi.com.br\/wp-content\/uploads\/2024\/08\/WhatsApp-Image-2024-08-04-at-12.58.32_2024-08-04_15-59-03_jpeg_2024-08-04_15-59-05-scaled.webp.webp?fit=1200%2C800&ssl=1&resize=350%2C200 1x, https:\/\/i0.wp.com\/ismaelcolosi.com.br\/wp-content\/uploads\/2024\/08\/WhatsApp-Image-2024-08-04-at-12.58.32_2024-08-04_15-59-03_jpeg_2024-08-04_15-59-05-scaled.webp.webp?fit=1200%2C800&ssl=1&resize=525%2C300 1.5x, https:\/\/i0.wp.com\/ismaelcolosi.com.br\/wp-content\/uploads\/2024\/08\/WhatsApp-Image-2024-08-04-at-12.58.32_2024-08-04_15-59-03_jpeg_2024-08-04_15-59-05-scaled.webp.webp?fit=1200%2C800&ssl=1&resize=700%2C400 2x, https:\/\/i0.wp.com\/ismaelcolosi.com.br\/wp-content\/uploads\/2024\/08\/WhatsApp-Image-2024-08-04-at-12.58.32_2024-08-04_15-59-03_jpeg_2024-08-04_15-59-05-scaled.webp.webp?fit=1200%2C800&ssl=1&resize=1050%2C600 3x"},"classes":[]},{"id":55081,"url":"https:\/\/ismaelcolosi.com.br\/index.php\/2024\/06\/30\/comercial-empata-sem-gols-com-a-francana-pela-copa-paulista-em-ribeirao\/","url_meta":{"origin":56683,"position":1},"title":"Comercial empata sem gols com a Francana pela Copa Paulista em Ribeir\u00e3o","author":"ismaelcolosi.com.br","date":"30 de June de 2024","format":false,"excerpt":"O Comercial empatou sem gols com a Francana na manh\u00e3 deste domingo (30), no est\u00e1dio Palma Travassos, pela terceira rodada do Grupo 2 da Copa Paulista. Com o resultado, o Le\u00e3o segue em terceiro lugar na chave com dois pontos em dois empates. J\u00e1 a Veterana \u00e9 a l\u00edder do\u2026","rel":"","context":"In &quot;Not\u00edcias de Ribeir\u00e3o Preto-SP e Regi\u00e3o&quot;","block_context":{"text":"Not\u00edcias de Ribeir\u00e3o Preto-SP e Regi\u00e3o","link":"https:\/\/ismaelcolosi.com.br\/index.php\/category\/noticias-de-ribeirao-preto-sp-e-regiao-ismael-colosi\/"},"img":{"alt_text":"","src":"https:\/\/i0.wp.com\/ismaelcolosi.com.br\/wp-content\/uploads\/2024\/06\/WhatsApp-Image-2024-06-30-at-11.41.37_2024-06-30_15-18-02_jpeg_2024-06-30_15-18-03-scaled.webp.webp?fit=1200%2C800&ssl=1&resize=350%2C200","width":350,"height":200,"srcset":"https:\/\/i0.wp.com\/ismaelcolosi.com.br\/wp-content\/uploads\/2024\/06\/WhatsApp-Image-2024-06-30-at-11.41.37_2024-06-30_15-18-02_jpeg_2024-06-30_15-18-03-scaled.webp.webp?fit=1200%2C800&ssl=1&resize=350%2C200 1x, https:\/\/i0.wp.com\/ismaelcolosi.com.br\/wp-content\/uploads\/2024\/06\/WhatsApp-Image-2024-06-30-at-11.41.37_2024-06-30_15-18-02_jpeg_2024-06-30_15-18-03-scaled.webp.webp?fit=1200%2C800&ssl=1&resize=525%2C300 1.5x, https:\/\/i0.wp.com\/ismaelcolosi.com.br\/wp-content\/uploads\/2024\/06\/WhatsApp-Image-2024-06-30-at-11.41.37_2024-06-30_15-18-02_jpeg_2024-06-30_15-18-03-scaled.webp.webp?fit=1200%2C800&ssl=1&resize=700%2C400 2x, https:\/\/i0.wp.com\/ismaelcolosi.com.br\/wp-content\/uploads\/2024\/06\/WhatsApp-Image-2024-06-30-at-11.41.37_2024-06-30_15-18-02_jpeg_2024-06-30_15-18-03-scaled.webp.webp?fit=1200%2C800&ssl=1&resize=1050%2C600 3x"},"classes":[]},{"id":47766,"url":"https:\/\/ismaelcolosi.com.br\/index.php\/2024\/04\/28\/francana-empata-com-o-ska-brasil-e-conquista-acesso-a-serie-a3-do-paulista-apos-nove-anos\/","url_meta":{"origin":56683,"position":2},"title":"Francana empata com o Ska Brasil e conquista acesso \u00e0 S\u00e9rie A3 do Paulista ap\u00f3s nove anos","author":"ismaelcolosi.com.br","date":"28 de April de 2024","format":false,"excerpt":"A Francana empatou em 0 a 0 com o Ska Brasil, na manh\u00e3 deste domingo (28), e conquistou o acesso \u00e0 S\u00e9rie A3 do Campeonato Paulista em 2025. A \u00faltima vez do time na divis\u00e3o foi em 2015. Com a casa cheia, a disputa aconteceu no est\u00e1dio Municipal Dr. Jos\u00e9\u2026","rel":"","context":"In &quot;Not\u00edcias de Ribeir\u00e3o Preto-SP e Regi\u00e3o&quot;","block_context":{"text":"Not\u00edcias de Ribeir\u00e3o Preto-SP e Regi\u00e3o","link":"https:\/\/ismaelcolosi.com.br\/index.php\/category\/noticias-de-ribeirao-preto-sp-e-regiao-ismael-colosi\/"},"img":{"alt_text":"","src":"https:\/\/i0.wp.com\/ismaelcolosi.com.br\/wp-content\/uploads\/2024\/04\/AnyConv.com__GMQkipZW4AEuJkY.webp.webp?fit=1200%2C878&ssl=1&resize=350%2C200","width":350,"height":200,"srcset":"https:\/\/i0.wp.com\/ismaelcolosi.com.br\/wp-content\/uploads\/2024\/04\/AnyConv.com__GMQkipZW4AEuJkY.webp.webp?fit=1200%2C878&ssl=1&resize=350%2C200 1x, https:\/\/i0.wp.com\/ismaelcolosi.com.br\/wp-content\/uploads\/2024\/04\/AnyConv.com__GMQkipZW4AEuJkY.webp.webp?fit=1200%2C878&ssl=1&resize=525%2C300 1.5x, https:\/\/i0.wp.com\/ismaelcolosi.com.br\/wp-content\/uploads\/2024\/04\/AnyConv.com__GMQkipZW4AEuJkY.webp.webp?fit=1200%2C878&ssl=1&resize=700%2C400 2x, https:\/\/i0.wp.com\/ismaelcolosi.com.br\/wp-content\/uploads\/2024\/04\/AnyConv.com__GMQkipZW4AEuJkY.webp.webp?fit=1200%2C878&ssl=1&resize=1050%2C600 3x"},"classes":[]},{"id":56616,"url":"https:\/\/ismaelcolosi.com.br\/index.php\/2024\/07\/12\/botafogo-perde-para-o-amazonas-em-ribeirao-preto-e-se-aproxima-da-zona-de-rebaixamento\/","url_meta":{"origin":56683,"position":3},"title":"Botafogo perde para o Amazonas em Ribeir\u00e3o Preto e se aproxima da zona de rebaixamento","author":"ismaelcolosi.com.br","date":"12 de July de 2024","format":false,"excerpt":"O Botafogo perdeu por 1 a 0 para o Amazonas, na noite desta sexta-feira (12), pela 15\u00aa rodada do Campeonato Brasileiro S\u00e9rie B. A partida aconteceu no est\u00e1dio Santa Cruz, em Ribeir\u00e3o Preto. \u00a0 O \u00fanico gol da noite foi marcado pelo volante Barros, aos 19 minutos do primeiro tempo.\u2026","rel":"","context":"In &quot;Not\u00edcias de Ribeir\u00e3o Preto-SP e Regi\u00e3o&quot;","block_context":{"text":"Not\u00edcias de Ribeir\u00e3o Preto-SP e Regi\u00e3o","link":"https:\/\/ismaelcolosi.com.br\/index.php\/category\/noticias-de-ribeirao-preto-sp-e-regiao-ismael-colosi\/"},"img":{"alt_text":"","src":"https:\/\/i0.wp.com\/ismaelcolosi.com.br\/wp-content\/uploads\/2024\/07\/WhatsApp-Image-2024-07-12-at-22.52.31_2024-07-13_02-01-19_jpeg_2024-07-13_02-01-19.webp.webp?fit=1200%2C800&ssl=1&resize=350%2C200","width":350,"height":200,"srcset":"https:\/\/i0.wp.com\/ismaelcolosi.com.br\/wp-content\/uploads\/2024\/07\/WhatsApp-Image-2024-07-12-at-22.52.31_2024-07-13_02-01-19_jpeg_2024-07-13_02-01-19.webp.webp?fit=1200%2C800&ssl=1&resize=350%2C200 1x, https:\/\/i0.wp.com\/ismaelcolosi.com.br\/wp-content\/uploads\/2024\/07\/WhatsApp-Image-2024-07-12-at-22.52.31_2024-07-13_02-01-19_jpeg_2024-07-13_02-01-19.webp.webp?fit=1200%2C800&ssl=1&resize=525%2C300 1.5x, https:\/\/i0.wp.com\/ismaelcolosi.com.br\/wp-content\/uploads\/2024\/07\/WhatsApp-Image-2024-07-12-at-22.52.31_2024-07-13_02-01-19_jpeg_2024-07-13_02-01-19.webp.webp?fit=1200%2C800&ssl=1&resize=700%2C400 2x, https:\/\/i0.wp.com\/ismaelcolosi.com.br\/wp-content\/uploads\/2024\/07\/WhatsApp-Image-2024-07-12-at-22.52.31_2024-07-13_02-01-19_jpeg_2024-07-13_02-01-19.webp.webp?fit=1200%2C800&ssl=1&resize=1050%2C600 3x"},"classes":[]},{"id":60705,"url":"https:\/\/ismaelcolosi.com.br\/index.php\/2024\/08\/17\/botafogo-perde-em-ribeirao-preto-e-esta-eliminado-da-copa-paulista\/","url_meta":{"origin":56683,"position":4},"title":"Botafogo perde em Ribeir\u00e3o Preto e est\u00e1 eliminado da Copa Paulista","author":"ismaelcolosi.com.br","date":"17 de August de 2024","format":false,"excerpt":"O Botafogo perdeu por 3 a 1 para a Francana, na tarde deste s\u00e1bado (17), pela \u00faltima rodada da primeira fase da Copa Paulista. O confronto foi realizado no est\u00e1dio Santa Cruz\/Arena Nicnet, em Ribeir\u00e3o Preto. Com o resultado, o Pantera est\u00e1 eliminado da disputa. Os gols Os gols da\u2026","rel":"","context":"In &quot;Not\u00edcias de Ribeir\u00e3o Preto-SP e Regi\u00e3o&quot;","block_context":{"text":"Not\u00edcias de Ribeir\u00e3o Preto-SP e Regi\u00e3o","link":"https:\/\/ismaelcolosi.com.br\/index.php\/category\/noticias-de-ribeirao-preto-sp-e-regiao-ismael-colosi\/"},"img":{"alt_text":"","src":"https:\/\/i0.wp.com\/ismaelcolosi.com.br\/wp-content\/uploads\/2024\/08\/botafogo-francana_2024-08-17_19-47-16_jpg_2024-08-17_19-47-16.webp.webp?fit=1200%2C799&ssl=1&resize=350%2C200","width":350,"height":200,"srcset":"https:\/\/i0.wp.com\/ismaelcolosi.com.br\/wp-content\/uploads\/2024\/08\/botafogo-francana_2024-08-17_19-47-16_jpg_2024-08-17_19-47-16.webp.webp?fit=1200%2C799&ssl=1&resize=350%2C200 1x, https:\/\/i0.wp.com\/ismaelcolosi.com.br\/wp-content\/uploads\/2024\/08\/botafogo-francana_2024-08-17_19-47-16_jpg_2024-08-17_19-47-16.webp.webp?fit=1200%2C799&ssl=1&resize=525%2C300 1.5x, https:\/\/i0.wp.com\/ismaelcolosi.com.br\/wp-content\/uploads\/2024\/08\/botafogo-francana_2024-08-17_19-47-16_jpg_2024-08-17_19-47-16.webp.webp?fit=1200%2C799&ssl=1&resize=700%2C400 2x, https:\/\/i0.wp.com\/ismaelcolosi.com.br\/wp-content\/uploads\/2024\/08\/botafogo-francana_2024-08-17_19-47-16_jpg_2024-08-17_19-47-16.webp.webp?fit=1200%2C799&ssl=1&resize=1050%2C600 3x"},"classes":[]},{"id":59855,"url":"https:\/\/ismaelcolosi.com.br\/index.php\/2024\/08\/12\/classico-em-ribeirao-preto-comercial-e-botafogo-empatam-sem-gols\/","url_meta":{"origin":56683,"position":5},"title":"Cl\u00e1ssico em Ribeir\u00e3o Preto: Comercial e Botafogo empatam sem gols","author":"ismaelcolosi.com.br","date":"12 de August de 2024","format":false,"excerpt":"O Comercial empatou em 0 a 0 com o Botafogo, na noite desta segunda-feira (12), pela Copa Paulista. O cl\u00e1ssico Come-Fogo foi disputado no est\u00e1dio Palma Travassos, na zona Leste de Ribeir\u00e3o Preto. Ap\u00f3s o Come-Fogo de n\u00famero 173, os times ter\u00e3o que decidir a vaga nas oitavas de final\u2026","rel":"","context":"In &quot;Not\u00edcias de Ribeir\u00e3o Preto-SP e Regi\u00e3o&quot;","block_context":{"text":"Not\u00edcias de Ribeir\u00e3o Preto-SP e Regi\u00e3o","link":"https:\/\/ismaelcolosi.com.br\/index.php\/category\/noticias-de-ribeirao-preto-sp-e-regiao-ismael-colosi\/"},"img":{"alt_text":"","src":"https:\/\/i0.wp.com\/ismaelcolosi.com.br\/wp-content\/uploads\/2024\/08\/WhatsApp-Image-2024-08-12-at-21.01.12_2024-08-13_01-21-36_jpeg_2024-08-13_01-21-36.webp.webp?fit=1200%2C800&ssl=1&resize=350%2C200","width":350,"height":200,"srcset":"https:\/\/i0.wp.com\/ismaelcolosi.com.br\/wp-content\/uploads\/2024\/08\/WhatsApp-Image-2024-08-12-at-21.01.12_2024-08-13_01-21-36_jpeg_2024-08-13_01-21-36.webp.webp?fit=1200%2C800&ssl=1&resize=350%2C200 1x, https:\/\/i0.wp.com\/ismaelcolosi.com.br\/wp-content\/uploads\/2024\/08\/WhatsApp-Image-2024-08-12-at-21.01.12_2024-08-13_01-21-36_jpeg_2024-08-13_01-21-36.webp.webp?fit=1200%2C800&ssl=1&resize=525%2C300 1.5x, https:\/\/i0.wp.com\/ismaelcolosi.com.br\/wp-content\/uploads\/2024\/08\/WhatsApp-Image-2024-08-12-at-21.01.12_2024-08-13_01-21-36_jpeg_2024-08-13_01-21-36.webp.webp?fit=1200%2C800&ssl=1&resize=700%2C400 2x, https:\/\/i0.wp.com\/ismaelcolosi.com.br\/wp-content\/uploads\/2024\/08\/WhatsApp-Image-2024-08-12-at-21.01.12_2024-08-13_01-21-36_jpeg_2024-08-13_01-21-36.webp.webp?fit=1200%2C800&ssl=1&resize=1050%2C600 3x"},"classes":[]}],"jetpack_sharing_enabled":true,"jetpack_shortlink":"https:\/\/wp.me\/pfMlyK-eKf","_links":{"self":[{"href":"https:\/\/ismaelcolosi.com.br\/index.php\/wp-json\/wp\/v2\/posts\/56683","targetHints":{"allow":["GET"]}}],"collection":[{"href":"https:\/\/ismaelcolosi.com.br\/index.php\/wp-json\/wp\/v2\/posts"}],"about":[{"href":"https:\/\/ismaelcolosi.com.br\/index.php\/wp-json\/wp\/v2\/types\/post"}],"author":[{"embeddable":true,"href":"https:\/\/ismaelcolosi.com.br\/index.php\/wp-json\/wp\/v2\/users\/1"}],"replies":[{"embeddable":true,"href":"https:\/\/ismaelcolosi.com.br\/index.php\/wp-json\/wp\/v2\/comments?post=56683"}],"version-history":[{"count":0,"href":"https:\/\/ismaelcolosi.com.br\/index.php\/wp-json\/wp\/v2\/posts\/56683\/revisions"}],"wp:featuredmedia":[{"embeddable":true,"href":"https:\/\/ismaelcolosi.com.br\/index.php\/wp-json\/wp\/v2\/media\/56684"}],"wp:attachment":[{"href":"https:\/\/ismaelcolosi.com.br\/index.php\/wp-json\/wp\/v2\/media?parent=56683"}],"wp:term":[{"taxonomy":"category","embeddable":true,"href":"https:\/\/ismaelcolosi.com.br\/index.php\/wp-json\/wp\/v2\/categories?post=56683"},{"taxonomy":"post_tag","embeddable":true,"href":"https:\/\/ismaelcolosi.com.br\/index.php\/wp-json\/wp\/v2\/tags?post=56683"}],"curies":[{"name":"wp","href":"https:\/\/api.w.org\/{rel}","templated":true}]}}