{"id":56681,"date":"2024-07-14T12:06:00","date_gmt":"2024-07-14T15:06:00","guid":{"rendered":"https:\/\/ismaelcolosi.com.br\/index.php\/2024\/07\/14\/saiba-ate-quando-vao-as-inscricoes-para-o-processo-seletivo-no-hc-ribeirao-preto\/"},"modified":"2024-07-14T12:06:00","modified_gmt":"2024-07-14T15:06:00","slug":"saiba-ate-quando-vao-as-inscricoes-para-o-processo-seletivo-no-hc-ribeirao-preto","status":"publish","type":"post","link":"https:\/\/ismaelcolosi.com.br\/index.php\/2024\/07\/14\/saiba-ate-quando-vao-as-inscricoes-para-o-processo-seletivo-no-hc-ribeirao-preto\/","title":{"rendered":"Saiba at\u00e9 quando v\u00e3o as inscri\u00e7\u00f5es para o processo seletivo no HC Ribeir\u00e3o Preto"},"content":{"rendered":"<p> <br \/>\n<\/p>\n<div data-td-block-uid=\"tdi_106\">\n<div class=\"tdb-block-inner td-fix-index\">\n<p><span style=\"background-color:#f7cc62\" class=\"td_text_highlight_marker\"><mark style=\"background-color:rgba(0, 0, 0, 0)\" class=\"has-inline-color has-black-color\">As <strong>inscri\u00e7\u00f5es<\/strong> para o <strong>processo seletivo do HCRP <\/strong>(Hospital das Cl\u00ednicas de Ribeir\u00e3o Preto), com <strong>vagas<\/strong> para <strong>cursos profissionalizantes gratuitos<\/strong> de <strong>cuidadores de idosos<\/strong> e <strong>fabrica\u00e7\u00e3o de \u00f3rteses e pr\u00f3teses<\/strong>, v\u00e3o at\u00e9 a pr\u00f3xima <strong>sexta-feira<\/strong> (19).<\/mark><\/span><\/p>\n<p>Os <strong>interessados<\/strong>, em uma das <strong>47 vagas<\/strong> (<strong>veja abaixo<\/strong>), devem se inscrever pelo <strong>site do hospital<\/strong> (<a href=\"https:\/\/extranet.hcrp.usp.br\/novorh\/Home.aspx?&amp;s=1\" target=\"_blank\" rel=\"noreferrer noopener nofollow\">clique aqui<\/a>).<\/p>\n<p>Realizado pelo<strong> Centro Interescolar do HCRP<\/strong>, os cursos tem como<strong> objetivo<\/strong> atender a demanda crescente por profissionais das duas \u00e1reas com oportunidades abertas.<\/p>\n<p>A data das\u00a0<strong>provas<\/strong>\u00a0ser\u00e1 em\u00a0<strong>agosto<\/strong>, contudo, os\u00a0<strong>inscritos\u00a0<\/strong>ser\u00e3o informados\u00a0<strong>em breve<\/strong>.<\/p>\n<h2 class=\"wp-block-heading\"><strong>Sobre os cursos<\/strong><\/h2>\n<p><strong><span style=\"background-color:#f7cc62\" class=\"td_text_highlight_marker\"><mark style=\"background-color:rgba(0, 0, 0, 0)\" class=\"has-inline-color has-black-color\">Cuidador de idoso (42 vagas)<\/mark><\/span><\/strong>\u00a0\u2013 \u00e9 preciso ter o ensino<strong>\u00a0fundamental completo\u00a0<\/strong>e ser maior de 18 anos.<\/p>\n<p>A dura\u00e7\u00e3o do curso ser\u00e1 de 108h, duas vezes na semana, das 13h \u00e0s 17h (presencial e on-line). Previs\u00e3o de in\u00edcio das aulas em 10 de setembro.<\/p>\n<p><strong><span style=\"background-color:#f7cc62\" class=\"td_text_highlight_marker\"><mark style=\"background-color:rgba(0, 0, 0, 0)\" class=\"has-inline-color has-black-color\">Forma\u00e7\u00e3o de profissional de \u00f3rteses e pr\u00f3teses (05 vagas)<\/mark><\/span>\u00a0<\/strong>\u2013 necess\u00e1rio ter o<strong>\u00a0ensino m\u00e9dio completo<\/strong>\u00a0e no m\u00ednimo 18 anos.<\/p>\n<p>A dura\u00e7\u00e3o \u00e9 de 205h, duas vezes na semana, das 13h \u00e0s 18h (presencial e on-line). Previs\u00e3o de in\u00edcio das aulas no dia 4 de setembro.<\/p>\n<p>SAIBA MAIS <\/p>\n<p>Apostadores do interior de SP s\u00e3o premiados em sorteio da Mega-Sena; Confira os n\u00fameros<\/p>\n<h4 class=\"wp-block-heading\"><strong>FIQUE ON<\/strong><\/h4>\n<p>Fique ligado em tudo que acontece em Ribeir\u00e3o Preto e regi\u00e3o. Siga os perfis do\u00a0<strong>acidade on\u00a0<\/strong>no Instagram e no Facebook.<\/p>\n<p>Receba not\u00edcias do<strong>\u00a0acidade on\u00a0<\/strong>no WhatsApp.\u00a0<a href=\"https:\/\/chat.whatsapp.com\/CdrZ6xrf7quD44Vw3WlPuZ\" target=\"_blank\" rel=\"noreferrer noopener\">Para entrar no grupo, basta clicar aqui.<\/a><\/p>\n<p>Fa\u00e7a uma den\u00fancia ou sugira uma reportagem sobre Ribeir\u00e3o Preto e regi\u00e3o pelo WhatsApp: 16 99117 7802.<\/p>\n<p>VEJA TAMB\u00c9M<\/p>\n<p>Qual o parentesco entre Antonio Banderas e Dakota Johnson?<\/p>\n<p><!-- AI CONTENT END 1 -->\n<\/div>\n<\/div>\n<p><br \/>\n<br \/><a href=\"https:\/\/www.acidadeon.com\/ribeiraopreto\/economia\/saiba-ate-quando-vao-as-inscricoes-para-processo-seletivo-no-hc-ribeirao-preto\/\">Source link <\/a><\/p>\n<div class='code-block code-block-4' style='margin: 8px auto 8px 0; text-align: left; display: block; clear: both;'>\n\ud83d\udce2 Aviso Legal\n\nO site ismaelcolosi.com.br atua apenas como um canal de divulga\u00e7\u00e3o de oportunidades de emprego e n\u00e3o se responsabiliza pelo processo seletivo, contrata\u00e7\u00e3o ou qualquer outra etapa relacionada \u00e0s vagas publicadas. Todas as informa\u00e7\u00f5es s\u00e3o de responsabilidade dos anunciantes.\n\n\u26a0\ufe0f Aten\u00e7\u00e3o! Nunca pague por promessas de emprego nem compre cursos que garantam contrata\u00e7\u00e3o. Desconfie de qualquer cobran\u00e7a para participar de sele\u00e7\u00f5es.\n\n\n\n<\/div>\n<!-- CONTENT END 1 -->\n","protected":false},"excerpt":{"rendered":"<p>As inscri\u00e7\u00f5es para o processo seletivo do HCRP (Hospital das Cl\u00ednicas de Ribeir\u00e3o Preto), com vagas para cursos profissionalizantes gratuitos de cuidadores de idosos e&#8230;<\/p>\n","protected":false},"author":1,"featured_media":56682,"comment_status":"open","ping_status":"open","sticky":false,"template":"","format":"standard","meta":{"_uag_custom_page_level_css":"","advanced_seo_description":"","jetpack_seo_html_title":"","jetpack_seo_noindex":false,"jetpack_post_was_ever_published":false,"_jetpack_newsletter_access":"","_jetpack_dont_email_post_to_subs":false,"_jetpack_newsletter_tier_id":0,"_jetpack_memberships_contains_paywalled_content":false,"_jetpack_memberships_contains_paid_content":false,"footnotes":"","jetpack_publicize_message":"","jetpack_publicize_feature_enabled":true,"jetpack_social_post_already_shared":true,"jetpack_social_options":{"image_generator_settings":{"template":"highway","default_image_id":0,"font":"","enabled":false},"version":2}},"categories":[11],"tags":[],"class_list":["post-56681","post","type-post","status-publish","format-standard","has-post-thumbnail","hentry","category-noticias-de-ribeirao-preto-sp-e-regiao-ismael-colosi"],"jetpack_publicize_connections":[],"jetpack_featured_media_url":"https:\/\/i0.wp.com\/ismaelcolosi.com.br\/wp-content\/uploads\/2024\/07\/Copia-de-Copia-de-TAMANHO-EXATO-PARA-FOTOS-NO-SISTEMA-NOVO-13_2024-07-14_14-37-47_jpg_2024-07-14_14-37-47.webp.webp?fit=1200%2C675&ssl=1","uagb_featured_image_src":{"full":["https:\/\/i0.wp.com\/ismaelcolosi.com.br\/wp-content\/uploads\/2024\/07\/Copia-de-Copia-de-TAMANHO-EXATO-PARA-FOTOS-NO-SISTEMA-NOVO-13_2024-07-14_14-37-47_jpg_2024-07-14_14-37-47.webp.webp?fit=1200%2C675&ssl=1",1200,675,false],"thumbnail":["https:\/\/i0.wp.com\/ismaelcolosi.com.br\/wp-content\/uploads\/2024\/07\/Copia-de-Copia-de-TAMANHO-EXATO-PARA-FOTOS-NO-SISTEMA-NOVO-13_2024-07-14_14-37-47_jpg_2024-07-14_14-37-47.webp.webp?resize=150%2C150&ssl=1",150,150,true],"medium":["https:\/\/i0.wp.com\/ismaelcolosi.com.br\/wp-content\/uploads\/2024\/07\/Copia-de-Copia-de-TAMANHO-EXATO-PARA-FOTOS-NO-SISTEMA-NOVO-13_2024-07-14_14-37-47_jpg_2024-07-14_14-37-47.webp.webp?fit=300%2C169&ssl=1",300,169,true],"medium_large":["https:\/\/i0.wp.com\/ismaelcolosi.com.br\/wp-content\/uploads\/2024\/07\/Copia-de-Copia-de-TAMANHO-EXATO-PARA-FOTOS-NO-SISTEMA-NOVO-13_2024-07-14_14-37-47_jpg_2024-07-14_14-37-47.webp.webp?fit=768%2C432&ssl=1",768,432,true],"large":["https:\/\/i0.wp.com\/ismaelcolosi.com.br\/wp-content\/uploads\/2024\/07\/Copia-de-Copia-de-TAMANHO-EXATO-PARA-FOTOS-NO-SISTEMA-NOVO-13_2024-07-14_14-37-47_jpg_2024-07-14_14-37-47.webp.webp?fit=1024%2C576&ssl=1",1024,576,true],"1536x1536":["https:\/\/i0.wp.com\/ismaelcolosi.com.br\/wp-content\/uploads\/2024\/07\/Copia-de-Copia-de-TAMANHO-EXATO-PARA-FOTOS-NO-SISTEMA-NOVO-13_2024-07-14_14-37-47_jpg_2024-07-14_14-37-47.webp.webp?fit=1200%2C675&ssl=1",1200,675,true],"2048x2048":["https:\/\/i0.wp.com\/ismaelcolosi.com.br\/wp-content\/uploads\/2024\/07\/Copia-de-Copia-de-TAMANHO-EXATO-PARA-FOTOS-NO-SISTEMA-NOVO-13_2024-07-14_14-37-47_jpg_2024-07-14_14-37-47.webp.webp?fit=1200%2C675&ssl=1",1200,675,true],"really-simple-thumb":["https:\/\/i0.wp.com\/ismaelcolosi.com.br\/wp-content\/uploads\/2024\/07\/Copia-de-Copia-de-TAMANHO-EXATO-PARA-FOTOS-NO-SISTEMA-NOVO-13_2024-07-14_14-37-47_jpg_2024-07-14_14-37-47.webp.webp?resize=370%2C247&ssl=1",370,247,true]},"uagb_author_info":{"display_name":"ismaelcolosi.com.br","author_link":"https:\/\/ismaelcolosi.com.br\/index.php\/author\/vidareal-online\/"},"uagb_comment_info":0,"uagb_excerpt":"As inscri\u00e7\u00f5es para o processo seletivo do HCRP (Hospital das Cl\u00ednicas de Ribeir\u00e3o Preto), com vagas para cursos profissionalizantes gratuitos de cuidadores de idosos e...","jetpack-related-posts":[{"id":56226,"url":"https:\/\/ismaelcolosi.com.br\/index.php\/2024\/07\/10\/hc-de-ribeirao-preto-abre-processo-seletivo-para-cursos-profissionalizantes-gratuitos\/","url_meta":{"origin":56681,"position":0},"title":"HC de Ribeir\u00e3o Preto abre processo seletivo para cursos profissionalizantes gratuitos","author":"ismaelcolosi.com.br","date":"10 de July de 2024","format":false,"excerpt":"O HCRP (Hospital das Cl\u00ednicas de Ribeir\u00e3o Preto) est\u00e1 com inscri\u00e7\u00f5es abertas para o processo seletivo de dois cursos profissionalizantes. As oportunidades s\u00e3o para cuidadores de idosos e fabrica\u00e7\u00e3o de \u00f3rteses e pr\u00f3teses. Ambos s\u00e3o gratuitos e semipresenciais. Os interessados devem se inscrever pelo site do hospital (clique aqui) at\u00e9\u2026","rel":"","context":"In &quot;Not\u00edcias de Ribeir\u00e3o Preto-SP e Regi\u00e3o&quot;","block_context":{"text":"Not\u00edcias de Ribeir\u00e3o Preto-SP e Regi\u00e3o","link":"https:\/\/ismaelcolosi.com.br\/index.php\/category\/noticias-de-ribeirao-preto-sp-e-regiao-ismael-colosi\/"},"img":{"alt_text":"","src":"https:\/\/i0.wp.com\/ismaelcolosi.com.br\/wp-content\/uploads\/2024\/07\/Copia-de-Copia-de-TAMANHO-EXATO-PARA-FOTOS-NO-SISTEMA-NOVO_2024-07-10_14-29-47_jpg_2024-07-10_14-29-47.webp.webp?fit=1200%2C675&ssl=1&resize=350%2C200","width":350,"height":200,"srcset":"https:\/\/i0.wp.com\/ismaelcolosi.com.br\/wp-content\/uploads\/2024\/07\/Copia-de-Copia-de-TAMANHO-EXATO-PARA-FOTOS-NO-SISTEMA-NOVO_2024-07-10_14-29-47_jpg_2024-07-10_14-29-47.webp.webp?fit=1200%2C675&ssl=1&resize=350%2C200 1x, https:\/\/i0.wp.com\/ismaelcolosi.com.br\/wp-content\/uploads\/2024\/07\/Copia-de-Copia-de-TAMANHO-EXATO-PARA-FOTOS-NO-SISTEMA-NOVO_2024-07-10_14-29-47_jpg_2024-07-10_14-29-47.webp.webp?fit=1200%2C675&ssl=1&resize=525%2C300 1.5x, https:\/\/i0.wp.com\/ismaelcolosi.com.br\/wp-content\/uploads\/2024\/07\/Copia-de-Copia-de-TAMANHO-EXATO-PARA-FOTOS-NO-SISTEMA-NOVO_2024-07-10_14-29-47_jpg_2024-07-10_14-29-47.webp.webp?fit=1200%2C675&ssl=1&resize=700%2C400 2x, https:\/\/i0.wp.com\/ismaelcolosi.com.br\/wp-content\/uploads\/2024\/07\/Copia-de-Copia-de-TAMANHO-EXATO-PARA-FOTOS-NO-SISTEMA-NOVO_2024-07-10_14-29-47_jpg_2024-07-10_14-29-47.webp.webp?fit=1200%2C675&ssl=1&resize=1050%2C600 3x"},"classes":[]},{"id":51857,"url":"https:\/\/ismaelcolosi.com.br\/index.php\/2024\/05\/31\/veja-ate-quando-vao-as-inscricoes-para-o-processo-seletivo-da-faepa-ribeirao-preto\/","url_meta":{"origin":56681,"position":1},"title":"Veja at\u00e9 quando v\u00e3o as inscri\u00e7\u00f5es para o processo seletivo da Faepa Ribeir\u00e3o Preto","author":"ismaelcolosi.com.br","date":"31 de May de 2024","format":false,"excerpt":"As inscri\u00e7\u00f5es para o processo seletivo da Faepa (Funda\u00e7\u00e3o de Apoio ao Ensino, Pesquisa e Assist\u00eancia do Hospital das Cl\u00ednicas) de Ribeir\u00e3o Preto terminam na segunda-feira (3) para os cargos de pedreiro, biologista, m\u00e9dico e fisioterapeuta. J\u00e1 para f\u00edsicos, o prazo \u00e9 at\u00e9 sexta-feira (7). Os interessados devem se inscrever\u2026","rel":"","context":"In &quot;Not\u00edcias de Ribeir\u00e3o Preto-SP e Regi\u00e3o&quot;","block_context":{"text":"Not\u00edcias de Ribeir\u00e3o Preto-SP e Regi\u00e3o","link":"https:\/\/ismaelcolosi.com.br\/index.php\/category\/noticias-de-ribeirao-preto-sp-e-regiao-ismael-colosi\/"},"img":{"alt_text":"","src":"https:\/\/i0.wp.com\/ismaelcolosi.com.br\/wp-content\/uploads\/2024\/05\/Capturar_2024-05-10_20-51-42_jpg_2024-05-10_20-51-42.webp.webp?fit=830%2C371&ssl=1&resize=350%2C200","width":350,"height":200,"srcset":"https:\/\/i0.wp.com\/ismaelcolosi.com.br\/wp-content\/uploads\/2024\/05\/Capturar_2024-05-10_20-51-42_jpg_2024-05-10_20-51-42.webp.webp?fit=830%2C371&ssl=1&resize=350%2C200 1x, https:\/\/i0.wp.com\/ismaelcolosi.com.br\/wp-content\/uploads\/2024\/05\/Capturar_2024-05-10_20-51-42_jpg_2024-05-10_20-51-42.webp.webp?fit=830%2C371&ssl=1&resize=525%2C300 1.5x, https:\/\/i0.wp.com\/ismaelcolosi.com.br\/wp-content\/uploads\/2024\/05\/Capturar_2024-05-10_20-51-42_jpg_2024-05-10_20-51-42.webp.webp?fit=830%2C371&ssl=1&resize=700%2C400 2x"},"classes":[]},{"id":51570,"url":"https:\/\/ismaelcolosi.com.br\/index.php\/2024\/05\/28\/faepa-ribeirao-preto-abre-novo-processo-seletivo-com-salario-de-ate-r-9-mil\/","url_meta":{"origin":56681,"position":2},"title":"Faepa Ribeir\u00e3o Preto abre novo processo seletivo com sal\u00e1rio de at\u00e9 R$ 9 mil","author":"ismaelcolosi.com.br","date":"28 de May de 2024","format":false,"excerpt":"A Faepa (Funda\u00e7\u00e3o de Apoio ao Ensino, Pesquisa e Assist\u00eancia do Hospital das Cl\u00ednicas) de Ribeir\u00e3o Preto est\u00e1 com inscri\u00e7\u00f5es abertas para novos processos seletivos com vagas para pedreiro, f\u00edsicos, biologista, m\u00e9dico e fisioterapeuta. Os sal\u00e1rios v\u00e3o de R$ 2.096,07 a R$ 9.118,97. Os interessados devem se inscrever pelo site\u2026","rel":"","context":"In &quot;Not\u00edcias de Ribeir\u00e3o Preto-SP e Regi\u00e3o&quot;","block_context":{"text":"Not\u00edcias de Ribeir\u00e3o Preto-SP e Regi\u00e3o","link":"https:\/\/ismaelcolosi.com.br\/index.php\/category\/noticias-de-ribeirao-preto-sp-e-regiao-ismael-colosi\/"},"img":{"alt_text":"","src":"https:\/\/i0.wp.com\/ismaelcolosi.com.br\/wp-content\/uploads\/2024\/05\/Copia-de-Copia-de-TAMANHO-EXATO-PARA-FOTOS-NO-SISTEMA-NOVO-14-1.webp.webp?fit=1200%2C675&ssl=1&resize=350%2C200","width":350,"height":200,"srcset":"https:\/\/i0.wp.com\/ismaelcolosi.com.br\/wp-content\/uploads\/2024\/05\/Copia-de-Copia-de-TAMANHO-EXATO-PARA-FOTOS-NO-SISTEMA-NOVO-14-1.webp.webp?fit=1200%2C675&ssl=1&resize=350%2C200 1x, https:\/\/i0.wp.com\/ismaelcolosi.com.br\/wp-content\/uploads\/2024\/05\/Copia-de-Copia-de-TAMANHO-EXATO-PARA-FOTOS-NO-SISTEMA-NOVO-14-1.webp.webp?fit=1200%2C675&ssl=1&resize=525%2C300 1.5x, https:\/\/i0.wp.com\/ismaelcolosi.com.br\/wp-content\/uploads\/2024\/05\/Copia-de-Copia-de-TAMANHO-EXATO-PARA-FOTOS-NO-SISTEMA-NOVO-14-1.webp.webp?fit=1200%2C675&ssl=1&resize=700%2C400 2x, https:\/\/i0.wp.com\/ismaelcolosi.com.br\/wp-content\/uploads\/2024\/05\/Copia-de-Copia-de-TAMANHO-EXATO-PARA-FOTOS-NO-SISTEMA-NOVO-14-1.webp.webp?fit=1200%2C675&ssl=1&resize=1050%2C600 3x"},"classes":[]},{"id":67121,"url":"https:\/\/ismaelcolosi.com.br\/index.php\/2024\/09\/20\/ate-quando-vao-as-inscricoes-para-processo-seletivo-do-hospital-santa-lydia-em-ribeirao\/","url_meta":{"origin":56681,"position":3},"title":"At\u00e9 quando v\u00e3o as inscri\u00e7\u00f5es para processo seletivo do Hospital Santa Lydia em Ribeir\u00e3o?","author":"ismaelcolosi.com.br","date":"20 de September de 2024","format":false,"excerpt":"As inscri\u00e7\u00f5es para o novo processo seletivo da Funda\u00e7\u00e3o Hospital Santa Lydia de Ribeir\u00e3o Preto, com 13 vagas para profissionais de n\u00edveis fundamental, m\u00e9dio e superior, terminam na segunda-feira (23). Entre as oportunidades est\u00e3o vagas para os cargos de T\u00e9cnico de Enfermagem, Analista Administrativo e M\u00e9dico de Aten\u00e7\u00e3o B\u00e1sica \u2013\u2026","rel":"","context":"In &quot;Not\u00edcias de Ribeir\u00e3o Preto-SP e Regi\u00e3o&quot;","block_context":{"text":"Not\u00edcias de Ribeir\u00e3o Preto-SP e Regi\u00e3o","link":"https:\/\/ismaelcolosi.com.br\/index.php\/category\/noticias-de-ribeirao-preto-sp-e-regiao-ismael-colosi\/"},"img":{"alt_text":"","src":"https:\/\/i0.wp.com\/ismaelcolosi.com.br\/wp-content\/uploads\/2024\/09\/FundaoSantaLydiadeRibeiroPretoabreprocessoseletivoVejaasvagas_Tamanho_2_image.jpg?fit=1200%2C900&ssl=1&resize=350%2C200","width":350,"height":200,"srcset":"https:\/\/i0.wp.com\/ismaelcolosi.com.br\/wp-content\/uploads\/2024\/09\/FundaoSantaLydiadeRibeiroPretoabreprocessoseletivoVejaasvagas_Tamanho_2_image.jpg?fit=1200%2C900&ssl=1&resize=350%2C200 1x, https:\/\/i0.wp.com\/ismaelcolosi.com.br\/wp-content\/uploads\/2024\/09\/FundaoSantaLydiadeRibeiroPretoabreprocessoseletivoVejaasvagas_Tamanho_2_image.jpg?fit=1200%2C900&ssl=1&resize=525%2C300 1.5x, https:\/\/i0.wp.com\/ismaelcolosi.com.br\/wp-content\/uploads\/2024\/09\/FundaoSantaLydiadeRibeiroPretoabreprocessoseletivoVejaasvagas_Tamanho_2_image.jpg?fit=1200%2C900&ssl=1&resize=700%2C400 2x, https:\/\/i0.wp.com\/ismaelcolosi.com.br\/wp-content\/uploads\/2024\/09\/FundaoSantaLydiadeRibeiroPretoabreprocessoseletivoVejaasvagas_Tamanho_2_image.jpg?fit=1200%2C900&ssl=1&resize=1050%2C600 3x"},"classes":[]},{"id":39374,"url":"https:\/\/ismaelcolosi.com.br\/index.php\/2024\/02\/25\/fundet-lanca-processo-seletivo-para-estagiarios\/","url_meta":{"origin":56681,"position":4},"title":"Fundet lan\u00e7a processo seletivo para estagi\u00e1rios","author":"ismaelcolosi.com.br","date":"25 de February de 2024","format":false,"excerpt":"Estudantes do ensino superior que queiram atuar na administra\u00e7\u00e3o p\u00fablica t\u00eam, a partir desta segunda-feira, 26 de fevereiro, a oportunidade de participar do processo seletivo da Funda\u00e7\u00e3o de Educa\u00e7\u00e3o para o Trabalho (Fundet), ligada \u00e0 prefeitura de Ribeir\u00e3o Preto. Podem participar jovens que estejam regularmente matriculados em institui\u00e7\u00f5es p\u00fablicas ou\u2026","rel":"","context":"In &quot;Not\u00edcias de Ribeir\u00e3o Preto-SP e Regi\u00e3o&quot;","block_context":{"text":"Not\u00edcias de Ribeir\u00e3o Preto-SP e Regi\u00e3o","link":"https:\/\/ismaelcolosi.com.br\/index.php\/category\/noticias-de-ribeirao-preto-sp-e-regiao-ismael-colosi\/"},"img":{"alt_text":"","src":"https:\/\/i0.wp.com\/ismaelcolosi.com.br\/wp-content\/uploads\/2024\/02\/Estagio-Alexandre-de-Azevedo-scaled.jpg?fit=968%2C645&ssl=1&resize=350%2C200","width":350,"height":200,"srcset":"https:\/\/i0.wp.com\/ismaelcolosi.com.br\/wp-content\/uploads\/2024\/02\/Estagio-Alexandre-de-Azevedo-scaled.jpg?fit=968%2C645&ssl=1&resize=350%2C200 1x, https:\/\/i0.wp.com\/ismaelcolosi.com.br\/wp-content\/uploads\/2024\/02\/Estagio-Alexandre-de-Azevedo-scaled.jpg?fit=968%2C645&ssl=1&resize=525%2C300 1.5x, https:\/\/i0.wp.com\/ismaelcolosi.com.br\/wp-content\/uploads\/2024\/02\/Estagio-Alexandre-de-Azevedo-scaled.jpg?fit=968%2C645&ssl=1&resize=700%2C400 2x"},"classes":[]},{"id":47949,"url":"https:\/\/ismaelcolosi.com.br\/index.php\/2024\/04\/29\/confira-ate-quando-vao-as-inscricoes-para-os-cursos-do-ifsp-com-vagas-na-regiao-de-ribeirao\/","url_meta":{"origin":56681,"position":5},"title":"Confira at\u00e9 quando v\u00e3o as inscri\u00e7\u00f5es para os cursos do IFSP com vagas na regi\u00e3o de Ribeir\u00e3o","author":"ismaelcolosi.com.br","date":"29 de April de 2024","format":false,"excerpt":"As inscri\u00e7\u00f5es para os cursos t\u00e9cnicos gratuitos do IFSP (Instituto Federal de S\u00e3o Paulo) v\u00e3o at\u00e9 \u00e0s 23h59 do dia 5 de maio. Os interessados devem se inscrever no site do instituto (clique aqui). A taxa \u00e9 de R$ 20 e pode ser paga com pix, cart\u00e3o de cr\u00e9dito ou\u2026","rel":"","context":"In &quot;Not\u00edcias de Ribeir\u00e3o Preto-SP e Regi\u00e3o&quot;","block_context":{"text":"Not\u00edcias de Ribeir\u00e3o Preto-SP e Regi\u00e3o","link":"https:\/\/ismaelcolosi.com.br\/index.php\/category\/noticias-de-ribeirao-preto-sp-e-regiao-ismael-colosi\/"},"img":{"alt_text":"","src":"https:\/\/i0.wp.com\/ismaelcolosi.com.br\/wp-content\/uploads\/2024\/04\/ifsp-de-sertaozinho.jpg?fit=1200%2C751&ssl=1&resize=350%2C200","width":350,"height":200,"srcset":"https:\/\/i0.wp.com\/ismaelcolosi.com.br\/wp-content\/uploads\/2024\/04\/ifsp-de-sertaozinho.jpg?fit=1200%2C751&ssl=1&resize=350%2C200 1x, https:\/\/i0.wp.com\/ismaelcolosi.com.br\/wp-content\/uploads\/2024\/04\/ifsp-de-sertaozinho.jpg?fit=1200%2C751&ssl=1&resize=525%2C300 1.5x, https:\/\/i0.wp.com\/ismaelcolosi.com.br\/wp-content\/uploads\/2024\/04\/ifsp-de-sertaozinho.jpg?fit=1200%2C751&ssl=1&resize=700%2C400 2x, https:\/\/i0.wp.com\/ismaelcolosi.com.br\/wp-content\/uploads\/2024\/04\/ifsp-de-sertaozinho.jpg?fit=1200%2C751&ssl=1&resize=1050%2C600 3x"},"classes":[]}],"jetpack_sharing_enabled":true,"jetpack_shortlink":"https:\/\/wp.me\/pfMlyK-eKd","_links":{"self":[{"href":"https:\/\/ismaelcolosi.com.br\/index.php\/wp-json\/wp\/v2\/posts\/56681","targetHints":{"allow":["GET"]}}],"collection":[{"href":"https:\/\/ismaelcolosi.com.br\/index.php\/wp-json\/wp\/v2\/posts"}],"about":[{"href":"https:\/\/ismaelcolosi.com.br\/index.php\/wp-json\/wp\/v2\/types\/post"}],"author":[{"embeddable":true,"href":"https:\/\/ismaelcolosi.com.br\/index.php\/wp-json\/wp\/v2\/users\/1"}],"replies":[{"embeddable":true,"href":"https:\/\/ismaelcolosi.com.br\/index.php\/wp-json\/wp\/v2\/comments?post=56681"}],"version-history":[{"count":0,"href":"https:\/\/ismaelcolosi.com.br\/index.php\/wp-json\/wp\/v2\/posts\/56681\/revisions"}],"wp:featuredmedia":[{"embeddable":true,"href":"https:\/\/ismaelcolosi.com.br\/index.php\/wp-json\/wp\/v2\/media\/56682"}],"wp:attachment":[{"href":"https:\/\/ismaelcolosi.com.br\/index.php\/wp-json\/wp\/v2\/media?parent=56681"}],"wp:term":[{"taxonomy":"category","embeddable":true,"href":"https:\/\/ismaelcolosi.com.br\/index.php\/wp-json\/wp\/v2\/categories?post=56681"},{"taxonomy":"post_tag","embeddable":true,"href":"https:\/\/ismaelcolosi.com.br\/index.php\/wp-json\/wp\/v2\/tags?post=56681"}],"curies":[{"name":"wp","href":"https:\/\/api.w.org\/{rel}","templated":true}]}}