{"id":56677,"date":"2024-07-14T10:14:45","date_gmt":"2024-07-14T13:14:45","guid":{"rendered":"https:\/\/ismaelcolosi.com.br\/index.php\/2024\/07\/14\/saiba-tudo-sobre-o-show-da-banda-restart-em-ribeirao-preto\/"},"modified":"2024-07-14T10:14:45","modified_gmt":"2024-07-14T13:14:45","slug":"saiba-tudo-sobre-o-show-da-banda-restart-em-ribeirao-preto","status":"publish","type":"post","link":"https:\/\/ismaelcolosi.com.br\/index.php\/2024\/07\/14\/saiba-tudo-sobre-o-show-da-banda-restart-em-ribeirao-preto\/","title":{"rendered":"Saiba tudo sobre o show da banda Restart em Ribeir\u00e3o Preto"},"content":{"rendered":"<p> <br \/>\n<\/p>\n<div>\n<p>A <strong>banda Restart <\/strong>far\u00e1 um show com sua<mark style=\"background-color:#fcb900\" class=\"has-inline-color has-black-color\"> turn\u00ea de despedida<\/mark> <strong>\u201cPra Voc\u00ea Lembrar Tour\u201d<\/strong> no pr\u00f3ximo <strong>s\u00e1bado (20)<\/strong>, no <strong>Alcans Hall<\/strong> \u2013 antigo Quinta Linda Centro de Eventos, localizado na <strong>rodovia Anhanguera<\/strong> <strong>(SP-330)<\/strong>. A casa de shows abre a partir das <strong>20h<\/strong>. <\/p>\n<p>O grupo formado por <strong>Pe Lanza<\/strong>, <strong>Pe Lu<\/strong>, <strong>Koba <\/strong>e <strong>Thomas<\/strong> foi criado em <strong>2008<\/strong>, por\u00e9m, desde 2015 a banda n\u00e3o se apresentava. <\/p>\n<p>A banda <strong>Restart<\/strong> \u00e9 dona de hits como <strong>\u201cLevo Comigo\u201d<\/strong>, \u201c<strong>Menina Estranha\u201d<\/strong>, <strong>\u201cMatem\u00e1tica\u201d<\/strong>, entre<strong> <\/strong>outros.<\/p>\n<h4 class=\"wp-block-heading\"><strong>Ingressos<\/strong><\/h4>\n<p>Os <strong>ingressos<\/strong> podem ser adquiridos on-line (<a href=\"https:\/\/articket.com.br\/e\/1895\/restart-em-ribeirao-preto\" target=\"_blank\" rel=\"noreferrer noopener\">clique aqui<\/a>). Confira valores e setores:<\/p>\n<ul>\n<li><strong>Pista <\/strong>| R$ 80 (meia-entrada) R$ 120 (inteira)<\/li>\n<li><strong>Front Stage<\/strong> | R$ 140 (meia-entrada) R$ 240 (inteira)<\/li>\n<li><strong>Pra Voc\u00ea Lembrar<\/strong> | R$ 497<\/li>\n<\/ul>\n<p>No site, \u00e9 poss\u00edvel conferir os valores dos pr\u00f3ximos lotes de ingressos. O setor <strong>\u201cPra Voc\u00ea Lembrar\u201d<\/strong> \u00e9 uma \u00e1rea limitada a <strong>100 pessoas<\/strong>, pr\u00f3xima ao palco. Tamb\u00e9m na plataforma de vendas \u00e9 poss\u00edvel visualizar o mapa do local.<\/p>\n<p><mark style=\"background-color:#fcb900\" class=\"has-inline-color has-black-color\">Todos que adquirirem o setor <strong>meia-entrada <\/strong>dever\u00e3o levar <strong>1 quilo de alimento n\u00e3o perec\u00edvel<\/strong>.<\/mark><\/p>\n<h4 class=\"wp-block-heading\"><strong>Menores de idade<\/strong><\/h4>\n<p><strong>Menores de 18 anos<\/strong> podem entrar no local, se acompanhados dos pais ou um respons\u00e1vel com autoriza\u00e7\u00e3o reconhecida em cart\u00f3rio.<\/p>\n<h4 class=\"wp-block-heading\"><strong>N\u00e3o \u00e9 permitido<\/strong><\/h4>\n<ul>\n<li>Entrada com uniformes de times nacionais<\/li>\n<li>Entrada de chinelo e rasteirinhas abertas<\/li>\n<li>Entrada sem apresenta\u00e7\u00e3o de um RG original, seja f\u00edsico ou digital atrav\u00e9s do aplicativo do governo<\/li>\n<\/ul>\n<h4 class=\"wp-block-heading\"><strong>Servi\u00e7o<\/strong><\/h4>\n<p><em>Restart \u2013 turn\u00ea de despedida \u201cPra Voc\u00ea Lembrar Tour\u201d <\/em><\/p>\n<p><strong>Quando:<\/strong> 20 de julho, s\u00e1bado <br \/><strong>Hor\u00e1rio:<\/strong> Abertura de port\u00f5es \u00e0s 20h <br \/><strong>Local:<\/strong> Alcans Hall \u2013 rodovia Anhanguera (SP-330), km 302 \u2013 Ribeir\u00e3o Preto<br \/><strong>Ingressos:<\/strong> Podem ser adquiridos on-line (<a href=\"https:\/\/articket.com.br\/e\/1895\/restart-em-ribeirao-preto\" target=\"_blank\" rel=\"noreferrer noopener\">clique aqui<\/a>) a partir de R$ 80<\/p>\n<figure class=\"wp-block-embed is-type-video is-provider-youtube wp-block-embed-youtube wp-embed-aspect-16-9 wp-has-aspect-ratio\">\n<div class=\"wp-block-embed__wrapper\">\n<p><iframe loading=\"lazy\" title=\"RESTART - Menina Estranha [Clipe Oficial]\" width=\"500\" height=\"281\" src=\"https:\/\/www.youtube.com\/embed\/keWoksM8Sk0?feature=oembed\" frameborder=\"0\" allow=\"accelerometer; autoplay; clipboard-write; encrypted-media; gyroscope; picture-in-picture; web-share\" referrerpolicy=\"strict-origin-when-cross-origin\" allowfullscreen><\/iframe><\/p>\n<\/div>\n<\/figure>\n<p>SAIBA MAIS<br \/>Entenda a pol\u00eamica da constru\u00e7\u00e3o do Centro Administrativo em Ribeir\u00e3o Preto<\/p>\n<h4 class=\"wp-block-heading\"><strong>FIQUE ON<\/strong><\/h4>\n<p>Fique ligado em tudo que acontece em Ribeir\u00e3o Preto e regi\u00e3o. Siga os perfis do <strong>acidade on <\/strong>no <a href=\"https:\/\/www.instagram.com\/acidadeonribeirao\" target=\"_blank\" rel=\"noreferrer noopener\">Instagram<\/a> e no <a href=\"https:\/\/www.facebook.com\/acidadeonribeirao\" target=\"_blank\" rel=\"noreferrer noopener\">Facebook<\/a>.<\/p>\n<p>Receba not\u00edcias do acidade on no WhatsApp. Para entrar no grupo, basta <a href=\"https:\/\/chat.whatsapp.com\/CdrZ6xrf7quD44Vw3WlPuZ\" target=\"_blank\" rel=\"noreferrer noopener\">clicar aqui<\/a>.<\/p>\n<p>Fa\u00e7a uma den\u00fancia ou sugira uma reportagem sobre Ribeir\u00e3o Preto e regi\u00e3o pelo WhatsApp: 16 99117 7802.<\/p>\n<p>VEJA TAMB\u00c9M<br \/>O que Iza falou no \u201cConversa com Bial\u201d?<\/p>\n<p><!-- AI CONTENT END 1 -->\n<\/div>\n<p><script async src=\"\/\/www.instagram.com\/embed.js\"><\/script><br \/>\n<br \/><br \/>\n<br \/><a href=\"https:\/\/www.acidadeon.com\/ribeiraopreto\/lazer-e-cultura\/saiba-tudo-sobre-o-show-da-banda-restart-em-ribeirao-preto\/\">Source link <\/a><\/p>\n<div class='code-block code-block-4' style='margin: 8px auto 8px 0; text-align: left; display: block; clear: both;'>\n\ud83d\udce2 Aviso Legal\n\nO site ismaelcolosi.com.br atua apenas como um canal de divulga\u00e7\u00e3o de oportunidades de emprego e n\u00e3o se responsabiliza pelo processo seletivo, contrata\u00e7\u00e3o ou qualquer outra etapa relacionada \u00e0s vagas publicadas. Todas as informa\u00e7\u00f5es s\u00e3o de responsabilidade dos anunciantes.\n\n\u26a0\ufe0f Aten\u00e7\u00e3o! Nunca pague por promessas de emprego nem compre cursos que garantam contrata\u00e7\u00e3o. Desconfie de qualquer cobran\u00e7a para participar de sele\u00e7\u00f5es.\n\n\n\n<\/div>\n<!-- CONTENT END 1 -->\n","protected":false},"excerpt":{"rendered":"<p>A banda Restart far\u00e1 um show com sua turn\u00ea de despedida \u201cPra Voc\u00ea Lembrar Tour\u201d no pr\u00f3ximo s\u00e1bado (20), no Alcans Hall \u2013 antigo Quinta&#8230;<\/p>\n","protected":false},"author":1,"featured_media":56678,"comment_status":"open","ping_status":"open","sticky":false,"template":"","format":"standard","meta":{"_uag_custom_page_level_css":"","advanced_seo_description":"","jetpack_seo_html_title":"","jetpack_seo_noindex":false,"jetpack_post_was_ever_published":false,"_jetpack_newsletter_access":"","_jetpack_dont_email_post_to_subs":false,"_jetpack_newsletter_tier_id":0,"_jetpack_memberships_contains_paywalled_content":false,"_jetpack_memberships_contains_paid_content":false,"footnotes":"","jetpack_publicize_message":"","jetpack_publicize_feature_enabled":true,"jetpack_social_post_already_shared":true,"jetpack_social_options":{"image_generator_settings":{"template":"highway","default_image_id":0,"font":"","enabled":false},"version":2}},"categories":[11],"tags":[],"class_list":["post-56677","post","type-post","status-publish","format-standard","has-post-thumbnail","hentry","category-noticias-de-ribeirao-preto-sp-e-regiao-ismael-colosi"],"jetpack_publicize_connections":[],"jetpack_featured_media_url":"https:\/\/i0.wp.com\/ismaelcolosi.com.br\/wp-content\/uploads\/2024\/07\/Copia-de-Copia-de-TAMANHO-EXATO-PARA-FOTOS-NO-SISTEMA-NOVO-19_2024-07-13_17-10-32_jpg_2024-07-13_17-10-32.webp.webp?fit=1200%2C675&ssl=1","uagb_featured_image_src":{"full":["https:\/\/i0.wp.com\/ismaelcolosi.com.br\/wp-content\/uploads\/2024\/07\/Copia-de-Copia-de-TAMANHO-EXATO-PARA-FOTOS-NO-SISTEMA-NOVO-19_2024-07-13_17-10-32_jpg_2024-07-13_17-10-32.webp.webp?fit=1200%2C675&ssl=1",1200,675,false],"thumbnail":["https:\/\/i0.wp.com\/ismaelcolosi.com.br\/wp-content\/uploads\/2024\/07\/Copia-de-Copia-de-TAMANHO-EXATO-PARA-FOTOS-NO-SISTEMA-NOVO-19_2024-07-13_17-10-32_jpg_2024-07-13_17-10-32.webp.webp?resize=150%2C150&ssl=1",150,150,true],"medium":["https:\/\/i0.wp.com\/ismaelcolosi.com.br\/wp-content\/uploads\/2024\/07\/Copia-de-Copia-de-TAMANHO-EXATO-PARA-FOTOS-NO-SISTEMA-NOVO-19_2024-07-13_17-10-32_jpg_2024-07-13_17-10-32.webp.webp?fit=300%2C169&ssl=1",300,169,true],"medium_large":["https:\/\/i0.wp.com\/ismaelcolosi.com.br\/wp-content\/uploads\/2024\/07\/Copia-de-Copia-de-TAMANHO-EXATO-PARA-FOTOS-NO-SISTEMA-NOVO-19_2024-07-13_17-10-32_jpg_2024-07-13_17-10-32.webp.webp?fit=768%2C432&ssl=1",768,432,true],"large":["https:\/\/i0.wp.com\/ismaelcolosi.com.br\/wp-content\/uploads\/2024\/07\/Copia-de-Copia-de-TAMANHO-EXATO-PARA-FOTOS-NO-SISTEMA-NOVO-19_2024-07-13_17-10-32_jpg_2024-07-13_17-10-32.webp.webp?fit=1024%2C576&ssl=1",1024,576,true],"1536x1536":["https:\/\/i0.wp.com\/ismaelcolosi.com.br\/wp-content\/uploads\/2024\/07\/Copia-de-Copia-de-TAMANHO-EXATO-PARA-FOTOS-NO-SISTEMA-NOVO-19_2024-07-13_17-10-32_jpg_2024-07-13_17-10-32.webp.webp?fit=1200%2C675&ssl=1",1200,675,true],"2048x2048":["https:\/\/i0.wp.com\/ismaelcolosi.com.br\/wp-content\/uploads\/2024\/07\/Copia-de-Copia-de-TAMANHO-EXATO-PARA-FOTOS-NO-SISTEMA-NOVO-19_2024-07-13_17-10-32_jpg_2024-07-13_17-10-32.webp.webp?fit=1200%2C675&ssl=1",1200,675,true],"really-simple-thumb":["https:\/\/i0.wp.com\/ismaelcolosi.com.br\/wp-content\/uploads\/2024\/07\/Copia-de-Copia-de-TAMANHO-EXATO-PARA-FOTOS-NO-SISTEMA-NOVO-19_2024-07-13_17-10-32_jpg_2024-07-13_17-10-32.webp.webp?resize=370%2C247&ssl=1",370,247,true]},"uagb_author_info":{"display_name":"ismaelcolosi.com.br","author_link":"https:\/\/ismaelcolosi.com.br\/index.php\/author\/vidareal-online\/"},"uagb_comment_info":0,"uagb_excerpt":"A banda Restart far\u00e1 um show com sua turn\u00ea de despedida \u201cPra Voc\u00ea Lembrar Tour\u201d no pr\u00f3ximo s\u00e1bado (20), no Alcans Hall \u2013 antigo Quinta...","jetpack-related-posts":[{"id":40068,"url":"https:\/\/ismaelcolosi.com.br\/index.php\/2024\/02\/29\/restart-anuncia-data-de-show-da-turne-de-despedida-em-ribeirao-preto-confira\/","url_meta":{"origin":56677,"position":0},"title":"Restart anuncia data de show da turn\u00ea de despedida em Ribeir\u00e3o Preto; Confira","author":"ismaelcolosi.com.br","date":"29 de February de 2024","format":false,"excerpt":"A banda Restart anunciou, nesta quinta-feira (29), que se apresentar\u00e1 em Ribeir\u00e3o Preto no dia 20 de julho, no Quinta Linda Centro de Eventos, localizado na rodovia Anhanguera. A venda dos ingressos, segundo a organiza\u00e7\u00e3o, come\u00e7a no dia 5 de mar\u00e7o, \u00e0s 12h, atrav\u00e9s da plataforma Articket. Contudo, os valores\u2026","rel":"","context":"In &quot;Not\u00edcias de Ribeir\u00e3o Preto-SP e Regi\u00e3o&quot;","block_context":{"text":"Not\u00edcias de Ribeir\u00e3o Preto-SP e Regi\u00e3o","link":"https:\/\/ismaelcolosi.com.br\/index.php\/category\/noticias-de-ribeirao-preto-sp-e-regiao-ismael-colosi\/"},"img":{"alt_text":"","src":"https:\/\/i0.wp.com\/ismaelcolosi.com.br\/wp-content\/uploads\/2024\/02\/BANDA-RESTART-Rodrigo-Takeshi.jpg?fit=1200%2C746&ssl=1&resize=350%2C200","width":350,"height":200,"srcset":"https:\/\/i0.wp.com\/ismaelcolosi.com.br\/wp-content\/uploads\/2024\/02\/BANDA-RESTART-Rodrigo-Takeshi.jpg?fit=1200%2C746&ssl=1&resize=350%2C200 1x, https:\/\/i0.wp.com\/ismaelcolosi.com.br\/wp-content\/uploads\/2024\/02\/BANDA-RESTART-Rodrigo-Takeshi.jpg?fit=1200%2C746&ssl=1&resize=525%2C300 1.5x, https:\/\/i0.wp.com\/ismaelcolosi.com.br\/wp-content\/uploads\/2024\/02\/BANDA-RESTART-Rodrigo-Takeshi.jpg?fit=1200%2C746&ssl=1&resize=700%2C400 2x, https:\/\/i0.wp.com\/ismaelcolosi.com.br\/wp-content\/uploads\/2024\/02\/BANDA-RESTART-Rodrigo-Takeshi.jpg?fit=1200%2C746&ssl=1&resize=1050%2C600 3x"},"classes":[]},{"id":57322,"url":"https:\/\/ismaelcolosi.com.br\/index.php\/2024\/07\/19\/so-pra-contrariar-caipiro-rock-e-concerto-de-inverno-veja-o-que-fazer-em-ribeirao-e-regiao-no-fim-de-semana\/","url_meta":{"origin":56677,"position":1},"title":"S\u00f3 Pra Contrariar, Caipiro Rock e Concerto de Inverno: Veja o que fazer em Ribeir\u00e3o e regi\u00e3o no fim de semana","author":"ismaelcolosi.com.br","date":"19 de July de 2024","format":false,"excerpt":"O fim de semana chegou e conta com diversas op\u00e7\u00f5es para curtir em Ribeir\u00e3o Preto e regi\u00e3o. Entre os destaques, est\u00e3o o show do S\u00f3 Pra Contrariar, o Festival Caipiro Rock e a apresenta\u00e7\u00e3o da Banda da Juventude no 3\u00ba Concerto de Inverno, de Sert\u00e3ozinho. Veja a lista S\u00f3 Pra\u2026","rel":"","context":"In &quot;Not\u00edcias de Ribeir\u00e3o Preto-SP e Regi\u00e3o&quot;","block_context":{"text":"Not\u00edcias de Ribeir\u00e3o Preto-SP e Regi\u00e3o","link":"https:\/\/ismaelcolosi.com.br\/index.php\/category\/noticias-de-ribeirao-preto-sp-e-regiao-ismael-colosi\/"},"img":{"alt_text":"","src":"https:\/\/i0.wp.com\/ismaelcolosi.com.br\/wp-content\/uploads\/2024\/07\/eventos-ribeirao-preto_2024-07-19_17-55-44_jpeg_2024-07-19_17-55-44.webp.webp?fit=1200%2C674&ssl=1&resize=350%2C200","width":350,"height":200,"srcset":"https:\/\/i0.wp.com\/ismaelcolosi.com.br\/wp-content\/uploads\/2024\/07\/eventos-ribeirao-preto_2024-07-19_17-55-44_jpeg_2024-07-19_17-55-44.webp.webp?fit=1200%2C674&ssl=1&resize=350%2C200 1x, https:\/\/i0.wp.com\/ismaelcolosi.com.br\/wp-content\/uploads\/2024\/07\/eventos-ribeirao-preto_2024-07-19_17-55-44_jpeg_2024-07-19_17-55-44.webp.webp?fit=1200%2C674&ssl=1&resize=525%2C300 1.5x, https:\/\/i0.wp.com\/ismaelcolosi.com.br\/wp-content\/uploads\/2024\/07\/eventos-ribeirao-preto_2024-07-19_17-55-44_jpeg_2024-07-19_17-55-44.webp.webp?fit=1200%2C674&ssl=1&resize=700%2C400 2x, https:\/\/i0.wp.com\/ismaelcolosi.com.br\/wp-content\/uploads\/2024\/07\/eventos-ribeirao-preto_2024-07-19_17-55-44_jpeg_2024-07-19_17-55-44.webp.webp?fit=1200%2C674&ssl=1&resize=1050%2C600 3x"},"classes":[]},{"id":11457,"url":"https:\/\/ismaelcolosi.com.br\/index.php\/2023\/12\/06\/ribeirao-preto-tem-show-gratuito-com-a-banda-bicho-de-pe-e-marcelo-jeneci\/","url_meta":{"origin":56677,"position":2},"title":"Ribeir\u00e3o Preto tem show gratuito com a banda Bicho de P\u00e9 e Marcelo Jeneci","author":"ismaelcolosi.com.br","date":"6 de December de 2023","format":false,"excerpt":"O Teatro Sesi de Ribeir\u00e3o Preto, localizado no Jardim Castelo Branco, recebe, na sexta-feira, 8 de dezembro, \u00e0s 20h, a banda Bicho de P\u00e9 e o cantor Marcelo Jeneci.\u00a0\u00a0 A entrada \u00e9 gratuita e aberta ao p\u00fablico, mas \u00e9 necess\u00e1rio realizar a reservar dos ingressos on-line (clique aqui). Para a\u2026","rel":"","context":"In &quot;Not\u00edcias de Ribeir\u00e3o Preto-SP e Regi\u00e3o&quot;","block_context":{"text":"Not\u00edcias de Ribeir\u00e3o Preto-SP e Regi\u00e3o","link":"https:\/\/ismaelcolosi.com.br\/index.php\/category\/noticias-de-ribeirao-preto-sp-e-regiao-ismael-colosi\/"},"img":{"alt_text":"","src":"https:\/\/i0.wp.com\/ismaelcolosi.com.br\/wp-content\/uploads\/2023\/12\/123602043_204901624338245_8556277443080291595_n.jpg?fit=1200%2C675&ssl=1&resize=350%2C200","width":350,"height":200,"srcset":"https:\/\/i0.wp.com\/ismaelcolosi.com.br\/wp-content\/uploads\/2023\/12\/123602043_204901624338245_8556277443080291595_n.jpg?fit=1200%2C675&ssl=1&resize=350%2C200 1x, https:\/\/i0.wp.com\/ismaelcolosi.com.br\/wp-content\/uploads\/2023\/12\/123602043_204901624338245_8556277443080291595_n.jpg?fit=1200%2C675&ssl=1&resize=525%2C300 1.5x, https:\/\/i0.wp.com\/ismaelcolosi.com.br\/wp-content\/uploads\/2023\/12\/123602043_204901624338245_8556277443080291595_n.jpg?fit=1200%2C675&ssl=1&resize=700%2C400 2x, https:\/\/i0.wp.com\/ismaelcolosi.com.br\/wp-content\/uploads\/2023\/12\/123602043_204901624338245_8556277443080291595_n.jpg?fit=1200%2C675&ssl=1&resize=1050%2C600 3x"},"classes":[]},{"id":32517,"url":"https:\/\/ismaelcolosi.com.br\/index.php\/2024\/01\/25\/banda-canadense-magic-anuncia-show-em-ribeirao-preto\/","url_meta":{"origin":56677,"position":3},"title":"Banda canadense Magic! anuncia show em Ribeir\u00e3o Preto","author":"ismaelcolosi.com.br","date":"25 de January de 2024","format":false,"excerpt":"A banda de pop\/ reggae canadense Magic! anunciou que vai se apresentar no Theatro Pedro II, em Ribeir\u00e3o Preto. A apresenta\u00e7\u00e3o da banda conhecida pelos sucessos \u201cRude\u201d e \u201cNo Way No\u201d est\u00e1 prevista para o dia 11 de abril. Os ingressos s\u00e3o vendidos pela internet, no site da Alpha Tickets\u2026","rel":"","context":"In &quot;Not\u00edcias de Ribeir\u00e3o Preto-SP e Regi\u00e3o&quot;","block_context":{"text":"Not\u00edcias de Ribeir\u00e3o Preto-SP e Regi\u00e3o","link":"https:\/\/ismaelcolosi.com.br\/index.php\/category\/noticias-de-ribeirao-preto-sp-e-regiao-ismael-colosi\/"},"img":{"alt_text":"","src":"https:\/\/i0.wp.com\/ismaelcolosi.com.br\/wp-content\/uploads\/2024\/01\/magic-ribeirao-preto.jpg?fit=1200%2C756&ssl=1&resize=350%2C200","width":350,"height":200,"srcset":"https:\/\/i0.wp.com\/ismaelcolosi.com.br\/wp-content\/uploads\/2024\/01\/magic-ribeirao-preto.jpg?fit=1200%2C756&ssl=1&resize=350%2C200 1x, https:\/\/i0.wp.com\/ismaelcolosi.com.br\/wp-content\/uploads\/2024\/01\/magic-ribeirao-preto.jpg?fit=1200%2C756&ssl=1&resize=525%2C300 1.5x, https:\/\/i0.wp.com\/ismaelcolosi.com.br\/wp-content\/uploads\/2024\/01\/magic-ribeirao-preto.jpg?fit=1200%2C756&ssl=1&resize=700%2C400 2x, https:\/\/i0.wp.com\/ismaelcolosi.com.br\/wp-content\/uploads\/2024\/01\/magic-ribeirao-preto.jpg?fit=1200%2C756&ssl=1&resize=1050%2C600 3x"},"classes":[]},{"id":47943,"url":"https:\/\/ismaelcolosi.com.br\/index.php\/2024\/04\/29\/show-da-banda-dire-straits-legacy-acontece-sabado-em-ribeirao-preto-ainda-ha-ingressos\/","url_meta":{"origin":56677,"position":4},"title":"Show da banda Dire Straits Legacy acontece s\u00e1bado em Ribeir\u00e3o Preto; Ainda h\u00e1 ingressos","author":"ismaelcolosi.com.br","date":"29 de April de 2024","format":false,"excerpt":"O show da banda brit\u00e2nica Dire Straits Legacy, com a apresenta\u00e7\u00e3o da turn\u00ea \u201cFor You South America Tour 2024\u201d, acontece neste s\u00e1bado (4) em Ribeir\u00e3o Preto. Ainda h\u00e1 ingressos dispon\u00edveis para venda (veja abaixo). Com m\u00fasicos que fizeram parte de diferentes fases da carreira da banda, a turn\u00ea promete levar\u2026","rel":"","context":"In &quot;Not\u00edcias de Ribeir\u00e3o Preto-SP e Regi\u00e3o&quot;","block_context":{"text":"Not\u00edcias de Ribeir\u00e3o Preto-SP e Regi\u00e3o","link":"https:\/\/ismaelcolosi.com.br\/index.php\/category\/noticias-de-ribeirao-preto-sp-e-regiao-ismael-colosi\/"},"img":{"alt_text":"","src":"https:\/\/i0.wp.com\/ismaelcolosi.com.br\/wp-content\/uploads\/2024\/04\/Copia-de-Copia-de-TAMANHO-EXATO-PARA-FOTOS-NO-SISTEMA-NOVO-20-3_2024-04-29_20-08-21_jpg.webp.webp?fit=1200%2C675&ssl=1&resize=350%2C200","width":350,"height":200,"srcset":"https:\/\/i0.wp.com\/ismaelcolosi.com.br\/wp-content\/uploads\/2024\/04\/Copia-de-Copia-de-TAMANHO-EXATO-PARA-FOTOS-NO-SISTEMA-NOVO-20-3_2024-04-29_20-08-21_jpg.webp.webp?fit=1200%2C675&ssl=1&resize=350%2C200 1x, https:\/\/i0.wp.com\/ismaelcolosi.com.br\/wp-content\/uploads\/2024\/04\/Copia-de-Copia-de-TAMANHO-EXATO-PARA-FOTOS-NO-SISTEMA-NOVO-20-3_2024-04-29_20-08-21_jpg.webp.webp?fit=1200%2C675&ssl=1&resize=525%2C300 1.5x, https:\/\/i0.wp.com\/ismaelcolosi.com.br\/wp-content\/uploads\/2024\/04\/Copia-de-Copia-de-TAMANHO-EXATO-PARA-FOTOS-NO-SISTEMA-NOVO-20-3_2024-04-29_20-08-21_jpg.webp.webp?fit=1200%2C675&ssl=1&resize=700%2C400 2x, https:\/\/i0.wp.com\/ismaelcolosi.com.br\/wp-content\/uploads\/2024\/04\/Copia-de-Copia-de-TAMANHO-EXATO-PARA-FOTOS-NO-SISTEMA-NOVO-20-3_2024-04-29_20-08-21_jpg.webp.webp?fit=1200%2C675&ssl=1&resize=1050%2C600 3x"},"classes":[]},{"id":56046,"url":"https:\/\/ismaelcolosi.com.br\/index.php\/2024\/07\/08\/turne-de-despedida-da-banda-natiruts-ainda-tem-ingressos-disponiveis-em-ribeirao-preto\/","url_meta":{"origin":56677,"position":5},"title":"Turn\u00ea de despedida da banda Natiruts ainda tem ingressos dispon\u00edveis em Ribeir\u00e3o Preto","author":"ismaelcolosi.com.br","date":"8 de July de 2024","format":false,"excerpt":"Os ingressos para a turn\u00ea \u2018Leve Com Voc\u00ea\u2019, que marca o encerramento da banda de reggae Natiruts, ap\u00f3s 28 anos de trajet\u00f3ria, acontece no dia 12 de outubro em Ribeir\u00e3o Preto. A apresenta\u00e7\u00e3o ser\u00e1 realizada no est\u00e1dio Palma Travassos, na zona Leste da cidade. Os ingressos ainda est\u00e3o dispon\u00edveis e\u2026","rel":"","context":"In &quot;Not\u00edcias de Ribeir\u00e3o Preto-SP e Regi\u00e3o&quot;","block_context":{"text":"Not\u00edcias de Ribeir\u00e3o Preto-SP e Regi\u00e3o","link":"https:\/\/ismaelcolosi.com.br\/index.php\/category\/noticias-de-ribeirao-preto-sp-e-regiao-ismael-colosi\/"},"img":{"alt_text":"","src":"https:\/\/i0.wp.com\/ismaelcolosi.com.br\/wp-content\/uploads\/2024\/07\/Capturar-25.jpg?fit=915%2C621&ssl=1&resize=350%2C200","width":350,"height":200,"srcset":"https:\/\/i0.wp.com\/ismaelcolosi.com.br\/wp-content\/uploads\/2024\/07\/Capturar-25.jpg?fit=915%2C621&ssl=1&resize=350%2C200 1x, https:\/\/i0.wp.com\/ismaelcolosi.com.br\/wp-content\/uploads\/2024\/07\/Capturar-25.jpg?fit=915%2C621&ssl=1&resize=525%2C300 1.5x, https:\/\/i0.wp.com\/ismaelcolosi.com.br\/wp-content\/uploads\/2024\/07\/Capturar-25.jpg?fit=915%2C621&ssl=1&resize=700%2C400 2x"},"classes":[]}],"jetpack_sharing_enabled":true,"jetpack_shortlink":"https:\/\/wp.me\/pfMlyK-eK9","_links":{"self":[{"href":"https:\/\/ismaelcolosi.com.br\/index.php\/wp-json\/wp\/v2\/posts\/56677","targetHints":{"allow":["GET"]}}],"collection":[{"href":"https:\/\/ismaelcolosi.com.br\/index.php\/wp-json\/wp\/v2\/posts"}],"about":[{"href":"https:\/\/ismaelcolosi.com.br\/index.php\/wp-json\/wp\/v2\/types\/post"}],"author":[{"embeddable":true,"href":"https:\/\/ismaelcolosi.com.br\/index.php\/wp-json\/wp\/v2\/users\/1"}],"replies":[{"embeddable":true,"href":"https:\/\/ismaelcolosi.com.br\/index.php\/wp-json\/wp\/v2\/comments?post=56677"}],"version-history":[{"count":0,"href":"https:\/\/ismaelcolosi.com.br\/index.php\/wp-json\/wp\/v2\/posts\/56677\/revisions"}],"wp:featuredmedia":[{"embeddable":true,"href":"https:\/\/ismaelcolosi.com.br\/index.php\/wp-json\/wp\/v2\/media\/56678"}],"wp:attachment":[{"href":"https:\/\/ismaelcolosi.com.br\/index.php\/wp-json\/wp\/v2\/media?parent=56677"}],"wp:term":[{"taxonomy":"category","embeddable":true,"href":"https:\/\/ismaelcolosi.com.br\/index.php\/wp-json\/wp\/v2\/categories?post=56677"},{"taxonomy":"post_tag","embeddable":true,"href":"https:\/\/ismaelcolosi.com.br\/index.php\/wp-json\/wp\/v2\/tags?post=56677"}],"curies":[{"name":"wp","href":"https:\/\/api.w.org\/{rel}","templated":true}]}}