{"id":56675,"date":"2024-07-14T10:01:04","date_gmt":"2024-07-14T13:01:04","guid":{"rendered":"https:\/\/ismaelcolosi.com.br\/index.php\/2024\/07\/14\/veja-como-fica-o-tempo-em-ribeirao-preto-nos-proximos-sete-dias\/"},"modified":"2024-07-14T10:01:04","modified_gmt":"2024-07-14T13:01:04","slug":"veja-como-fica-o-tempo-em-ribeirao-preto-nos-proximos-sete-dias","status":"publish","type":"post","link":"https:\/\/ismaelcolosi.com.br\/index.php\/2024\/07\/14\/veja-como-fica-o-tempo-em-ribeirao-preto-nos-proximos-sete-dias\/","title":{"rendered":"Veja como fica o tempo em Ribeir\u00e3o Preto nos pr\u00f3ximos sete dias"},"content":{"rendered":"<p> <br \/>\n<\/p>\n<div data-td-block-uid=\"tdi_106\">\n<div class=\"tdb-block-inner td-fix-index\">\n<p>O <strong>domingo<\/strong> (14\/07) em <strong>Ribeir\u00e3o Preto<\/strong> <strong>amanheceu com c\u00e9u azul e sem nuvens<\/strong>. A<strong> previs\u00e3o do tempo<\/strong> para o dia \u00e9 de temperatura <strong>m\u00e1xima de 29\u00b0C<\/strong> e <strong>m\u00ednima de 16\u00b0C<\/strong>.<\/p>\n<p>Segundo a <strong><a href=\"https:\/\/www.climatempo.com.br\/previsao-do-tempo\/15-dias\/cidade\/530\/ribeiraopreto-sp\" target=\"_blank\" rel=\"noreferrer noopener nofollow\">Climatempo<\/a><\/strong>, <strong>n\u00e3o h\u00e1 previs\u00e3o de chuva para a cidade na pr\u00f3xima semana<\/strong> e as <strong>temperaturas <\/strong>devem ficar <strong>entre 14\u00b0C a m\u00ednima <\/strong>e a <strong>m\u00e1xima pode chegar aos 32\u00b0C <\/strong>na <strong>pr\u00f3xima sexta-feira<\/strong> (19).<\/p>\n<h2 class=\"wp-block-heading\"><strong>Confira a previs\u00e3o para a semana em Ribeir\u00e3o Preto:<\/strong><\/h2>\n<p><strong>Segunda-feira (15\/07)<\/strong><br \/>M\u00e1xima de 30\u00b0C e m\u00ednima de 14\u00b0C<br \/>Sol com algumas nuvens. N\u00e3o chove.<\/p>\n<p><strong>Ter\u00e7a-feira (16\/07)<\/strong><br \/>M\u00e1xima de 30\u00b0 C e m\u00ednima de 15\u00b0C<br \/>Sol com algumas nuvens. N\u00e3o chove.<\/p>\n<p><strong>Quarta-feira (17\/07)<\/strong><br \/>M\u00e1xima de 31\u00b0C e m\u00ednima de 14\u00b0C<br \/>Sol com algumas nuvens. N\u00e3o chove.<\/p>\n<p><strong>Quinta-feira (18\/07)<\/strong><br \/>M\u00e1xima de 28\u00b0C e m\u00ednima de 15\u00b0C<br \/>Sol com algumas nuvens. N\u00e3o chove.<\/p>\n<p><strong>Sexta-feira (19\/07)<\/strong><br \/>M\u00e1xima de 32\u00b0C e m\u00ednima de 15\u00b0C<br \/>Sol o dia todo sem nuvens no c\u00e9u. Noite de tempo aberto ainda sem nuvens.<\/p>\n<p><strong>S\u00e1bado (20\/07)<\/strong><br \/>M\u00e1xima de 29\u00b0C e m\u00ednima de 12\u00b0C<br \/>Sol e muitas nuvens \u00e0 tarde. \u00c0 noite o c\u00e9u ainda fica com muita nebulosidade, mas n\u00e3o chove.<\/p>\n<p><strong>Domingo (21\/07)<\/strong><br \/>M\u00e1xima de 30\u00b0C e m\u00ednima de 13\u00b0 C<br \/>Sol o dia todo sem nuvens no c\u00e9u. Noite de tempo aberto ainda sem nuvens.<\/p>\n<p>SAIBA MAIS <\/p>\n<p>Prefeitura de Ribeir\u00e3o Preto quer pegar at\u00e9 R$ 57 milh\u00f5es com o BNDES; Entenda<\/p>\n<h4 class=\"wp-block-heading\"><strong>FIQUE ON<\/strong><\/h4>\n<p>Fique ligado em tudo que acontece em Ribeir\u00e3o Preto e regi\u00e3o. Siga os perfis do\u00a0<strong>acidade on\u00a0<\/strong>no Instagram e no Facebook.<\/p>\n<p>Receba not\u00edcias do<strong>\u00a0acidade on\u00a0<\/strong>no WhatsApp.\u00a0<a href=\"https:\/\/chat.whatsapp.com\/CdrZ6xrf7quD44Vw3WlPuZ\" target=\"_blank\" rel=\"noreferrer noopener\">Para entrar no grupo, basta clicar aqui.<\/a><\/p>\n<p>Fa\u00e7a uma den\u00fancia ou sugira uma reportagem sobre Ribeir\u00e3o Preto e regi\u00e3o pelo WhatsApp: 16 99117 7802.<\/p>\n<p>VEJA TAMB\u00c9M<br \/>Como renegociar d\u00edvidas ap\u00f3s fim do Desenrola Brasil?<\/p>\n<p><!-- AI CONTENT END 1 -->\n<\/div>\n<\/div>\n<p><br \/>\n<br \/><a href=\"https:\/\/www.acidadeon.com\/ribeiraopreto\/cotidiano\/veja-como-fica-o-tempo-em-ribeirao-preto-nos-proximos-sete-dias\/\">Source link <\/a><\/p>\n<div class='code-block code-block-4' style='margin: 8px auto 8px 0; text-align: left; display: block; clear: both;'>\n\ud83d\udce2 Aviso Legal\n\nO site ismaelcolosi.com.br atua apenas como um canal de divulga\u00e7\u00e3o de oportunidades de emprego e n\u00e3o se responsabiliza pelo processo seletivo, contrata\u00e7\u00e3o ou qualquer outra etapa relacionada \u00e0s vagas publicadas. Todas as informa\u00e7\u00f5es s\u00e3o de responsabilidade dos anunciantes.\n\n\u26a0\ufe0f Aten\u00e7\u00e3o! Nunca pague por promessas de emprego nem compre cursos que garantam contrata\u00e7\u00e3o. Desconfie de qualquer cobran\u00e7a para participar de sele\u00e7\u00f5es.\n\n\n\n<\/div>\n<!-- CONTENT END 1 -->\n","protected":false},"excerpt":{"rendered":"<p>O domingo (14\/07) em Ribeir\u00e3o Preto amanheceu com c\u00e9u azul e sem nuvens. A previs\u00e3o do tempo para o dia \u00e9 de temperatura m\u00e1xima de&#8230;<\/p>\n","protected":false},"author":1,"featured_media":56676,"comment_status":"open","ping_status":"open","sticky":false,"template":"","format":"standard","meta":{"_uag_custom_page_level_css":"","advanced_seo_description":"","jetpack_seo_html_title":"","jetpack_seo_noindex":false,"jetpack_post_was_ever_published":false,"_jetpack_newsletter_access":"","_jetpack_dont_email_post_to_subs":false,"_jetpack_newsletter_tier_id":0,"_jetpack_memberships_contains_paywalled_content":false,"_jetpack_memberships_contains_paid_content":false,"footnotes":"","jetpack_publicize_message":"","jetpack_publicize_feature_enabled":true,"jetpack_social_post_already_shared":true,"jetpack_social_options":{"image_generator_settings":{"template":"highway","default_image_id":0,"font":"","enabled":false},"version":2}},"categories":[11],"tags":[],"class_list":["post-56675","post","type-post","status-publish","format-standard","has-post-thumbnail","hentry","category-noticias-de-ribeirao-preto-sp-e-regiao-ismael-colosi"],"jetpack_publicize_connections":[],"jetpack_featured_media_url":"https:\/\/i0.wp.com\/ismaelcolosi.com.br\/wp-content\/uploads\/2024\/07\/Copia-de-Copia-de-TAMANHO-EXATO-PARA-FOTOS-NO-SISTEMA-NOVO-12_2024-07-14_12-38-22_jpg_2024-07-14_12-38-22.webp.webp?fit=1200%2C675&ssl=1","uagb_featured_image_src":{"full":["https:\/\/i0.wp.com\/ismaelcolosi.com.br\/wp-content\/uploads\/2024\/07\/Copia-de-Copia-de-TAMANHO-EXATO-PARA-FOTOS-NO-SISTEMA-NOVO-12_2024-07-14_12-38-22_jpg_2024-07-14_12-38-22.webp.webp?fit=1200%2C675&ssl=1",1200,675,false],"thumbnail":["https:\/\/i0.wp.com\/ismaelcolosi.com.br\/wp-content\/uploads\/2024\/07\/Copia-de-Copia-de-TAMANHO-EXATO-PARA-FOTOS-NO-SISTEMA-NOVO-12_2024-07-14_12-38-22_jpg_2024-07-14_12-38-22.webp.webp?resize=150%2C150&ssl=1",150,150,true],"medium":["https:\/\/i0.wp.com\/ismaelcolosi.com.br\/wp-content\/uploads\/2024\/07\/Copia-de-Copia-de-TAMANHO-EXATO-PARA-FOTOS-NO-SISTEMA-NOVO-12_2024-07-14_12-38-22_jpg_2024-07-14_12-38-22.webp.webp?fit=300%2C169&ssl=1",300,169,true],"medium_large":["https:\/\/i0.wp.com\/ismaelcolosi.com.br\/wp-content\/uploads\/2024\/07\/Copia-de-Copia-de-TAMANHO-EXATO-PARA-FOTOS-NO-SISTEMA-NOVO-12_2024-07-14_12-38-22_jpg_2024-07-14_12-38-22.webp.webp?fit=768%2C432&ssl=1",768,432,true],"large":["https:\/\/i0.wp.com\/ismaelcolosi.com.br\/wp-content\/uploads\/2024\/07\/Copia-de-Copia-de-TAMANHO-EXATO-PARA-FOTOS-NO-SISTEMA-NOVO-12_2024-07-14_12-38-22_jpg_2024-07-14_12-38-22.webp.webp?fit=1024%2C576&ssl=1",1024,576,true],"1536x1536":["https:\/\/i0.wp.com\/ismaelcolosi.com.br\/wp-content\/uploads\/2024\/07\/Copia-de-Copia-de-TAMANHO-EXATO-PARA-FOTOS-NO-SISTEMA-NOVO-12_2024-07-14_12-38-22_jpg_2024-07-14_12-38-22.webp.webp?fit=1200%2C675&ssl=1",1200,675,true],"2048x2048":["https:\/\/i0.wp.com\/ismaelcolosi.com.br\/wp-content\/uploads\/2024\/07\/Copia-de-Copia-de-TAMANHO-EXATO-PARA-FOTOS-NO-SISTEMA-NOVO-12_2024-07-14_12-38-22_jpg_2024-07-14_12-38-22.webp.webp?fit=1200%2C675&ssl=1",1200,675,true],"really-simple-thumb":["https:\/\/i0.wp.com\/ismaelcolosi.com.br\/wp-content\/uploads\/2024\/07\/Copia-de-Copia-de-TAMANHO-EXATO-PARA-FOTOS-NO-SISTEMA-NOVO-12_2024-07-14_12-38-22_jpg_2024-07-14_12-38-22.webp.webp?resize=370%2C247&ssl=1",370,247,true]},"uagb_author_info":{"display_name":"ismaelcolosi.com.br","author_link":"https:\/\/ismaelcolosi.com.br\/index.php\/author\/vidareal-online\/"},"uagb_comment_info":0,"uagb_excerpt":"O domingo (14\/07) em Ribeir\u00e3o Preto amanheceu com c\u00e9u azul e sem nuvens. A previs\u00e3o do tempo para o dia \u00e9 de temperatura m\u00e1xima de...","jetpack-related-posts":[{"id":58156,"url":"https:\/\/ismaelcolosi.com.br\/index.php\/2024\/07\/28\/vai-esfriar-confira-a-previsao-do-tempo-para-ribeirao-preto-nos-proximos-cinco-dias\/","url_meta":{"origin":56675,"position":0},"title":"Vai esfriar? Confira a previs\u00e3o do tempo para Ribeir\u00e3o Preto nos pr\u00f3ximos cinco dias","author":"ismaelcolosi.com.br","date":"28 de July de 2024","format":false,"excerpt":"Uma frente fria se aproxima do Brasil e pode derrubar as temperaturas em algumas regi\u00f5es do Estado de S\u00e3o Paulo. Em Ribeir\u00e3o Preto, as temperaturas podem ficar mais amenas na pr\u00f3xima ter\u00e7a-feira (30). Veja a previs\u00e3o do tempo: Segunda-feira, 29 de julhoM\u00e1xima: 32\u00b0CM\u00ednima: 17\u00b0CSol com algumas nuvens. N\u00e3o chove. Ter\u00e7a-feira,\u2026","rel":"","context":"In &quot;Not\u00edcias de Ribeir\u00e3o Preto-SP e Regi\u00e3o&quot;","block_context":{"text":"Not\u00edcias de Ribeir\u00e3o Preto-SP e Regi\u00e3o","link":"https:\/\/ismaelcolosi.com.br\/index.php\/category\/noticias-de-ribeirao-preto-sp-e-regiao-ismael-colosi\/"},"img":{"alt_text":"","src":"https:\/\/i0.wp.com\/ismaelcolosi.com.br\/wp-content\/uploads\/2024\/07\/RIBEIRAO-PRETO.jpg?fit=1200%2C708&ssl=1&resize=350%2C200","width":350,"height":200,"srcset":"https:\/\/i0.wp.com\/ismaelcolosi.com.br\/wp-content\/uploads\/2024\/07\/RIBEIRAO-PRETO.jpg?fit=1200%2C708&ssl=1&resize=350%2C200 1x, https:\/\/i0.wp.com\/ismaelcolosi.com.br\/wp-content\/uploads\/2024\/07\/RIBEIRAO-PRETO.jpg?fit=1200%2C708&ssl=1&resize=525%2C300 1.5x, https:\/\/i0.wp.com\/ismaelcolosi.com.br\/wp-content\/uploads\/2024\/07\/RIBEIRAO-PRETO.jpg?fit=1200%2C708&ssl=1&resize=700%2C400 2x, https:\/\/i0.wp.com\/ismaelcolosi.com.br\/wp-content\/uploads\/2024\/07\/RIBEIRAO-PRETO.jpg?fit=1200%2C708&ssl=1&resize=1050%2C600 3x"},"classes":[]},{"id":68433,"url":"https:\/\/ismaelcolosi.com.br\/index.php\/2024\/09\/30\/temperaturas-podem-chegar-aos-40c-em-ribeirao-preto-veja-a-previsao-nos-proximos-dias\/","url_meta":{"origin":56675,"position":1},"title":"Temperaturas podem chegar aos 40\u00b0C em Ribeir\u00e3o Preto; Veja a previs\u00e3o nos pr\u00f3ximos dias","author":"ismaelcolosi.com.br","date":"30 de September de 2024","format":false,"excerpt":"Ribeir\u00e3o Preto deve ter mais uma semana quente, com a temperatura chegando aos 40\u00b0C nos pr\u00f3ximos dias, segundo a Climatempo. A cidade enfrenta a oitava onda de calor do ano, que deve durar, pelo menos, at\u00e9 o dia 4 de outubro. A onda de calor \u00e9 motivada pelo ar quente\u2026","rel":"","context":"In &quot;Not\u00edcias de Ribeir\u00e3o Preto-SP e Regi\u00e3o&quot;","block_context":{"text":"Not\u00edcias de Ribeir\u00e3o Preto-SP e Regi\u00e3o","link":"https:\/\/ismaelcolosi.com.br\/index.php\/category\/noticias-de-ribeirao-preto-sp-e-regiao-ismael-colosi\/"},"img":{"alt_text":"","src":"https:\/\/i0.wp.com\/ismaelcolosi.com.br\/wp-content\/uploads\/2024\/09\/ribeirao-preto_2024-09-30_10-41-38_jpeg_2024-09-30_10-41-38.webp.webp?fit=1200%2C903&ssl=1&resize=350%2C200","width":350,"height":200,"srcset":"https:\/\/i0.wp.com\/ismaelcolosi.com.br\/wp-content\/uploads\/2024\/09\/ribeirao-preto_2024-09-30_10-41-38_jpeg_2024-09-30_10-41-38.webp.webp?fit=1200%2C903&ssl=1&resize=350%2C200 1x, https:\/\/i0.wp.com\/ismaelcolosi.com.br\/wp-content\/uploads\/2024\/09\/ribeirao-preto_2024-09-30_10-41-38_jpeg_2024-09-30_10-41-38.webp.webp?fit=1200%2C903&ssl=1&resize=525%2C300 1.5x, https:\/\/i0.wp.com\/ismaelcolosi.com.br\/wp-content\/uploads\/2024\/09\/ribeirao-preto_2024-09-30_10-41-38_jpeg_2024-09-30_10-41-38.webp.webp?fit=1200%2C903&ssl=1&resize=700%2C400 2x, https:\/\/i0.wp.com\/ismaelcolosi.com.br\/wp-content\/uploads\/2024\/09\/ribeirao-preto_2024-09-30_10-41-38_jpeg_2024-09-30_10-41-38.webp.webp?fit=1200%2C903&ssl=1&resize=1050%2C600 3x"},"classes":[]},{"id":59088,"url":"https:\/\/ismaelcolosi.com.br\/index.php\/2024\/08\/06\/vai-chover-confira-a-previsao-do-tempo-para-os-proximos-cinco-dias-em-ribeirao-preto\/","url_meta":{"origin":56675,"position":2},"title":"Vai chover? Confira a previs\u00e3o do tempo para os pr\u00f3ximos cinco dias em Ribeir\u00e3o Preto","author":"ismaelcolosi.com.br","date":"6 de August de 2024","format":false,"excerpt":"At\u00e9 sexta-feira (9), o calor deve continuar em Ribeir\u00e3o Preto, assim como o clima seco. Contudo, a partir do final de semana as temperaturas devem cair e existe a possibilidade de chuva para Ribeir\u00e3o Preto, de acordo com a Climatempo. Veja a previs\u00e3o Ter\u00e7a-feira, 6\u00a0 de agostoM\u00e1xima: 33\u00b0CM\u00ednima: 17\u00b0CSol com\u2026","rel":"","context":"In &quot;Not\u00edcias de Ribeir\u00e3o Preto-SP e Regi\u00e3o&quot;","block_context":{"text":"Not\u00edcias de Ribeir\u00e3o Preto-SP e Regi\u00e3o","link":"https:\/\/ismaelcolosi.com.br\/index.php\/category\/noticias-de-ribeirao-preto-sp-e-regiao-ismael-colosi\/"},"img":{"alt_text":"","src":"https:\/\/i0.wp.com\/ismaelcolosi.com.br\/wp-content\/uploads\/2024\/03\/AnyConv.com__tempo-ribeirao-preto-2.webp.webp?fit=1200%2C675&ssl=1&resize=350%2C200","width":350,"height":200,"srcset":"https:\/\/i0.wp.com\/ismaelcolosi.com.br\/wp-content\/uploads\/2024\/03\/AnyConv.com__tempo-ribeirao-preto-2.webp.webp?fit=1200%2C675&ssl=1&resize=350%2C200 1x, https:\/\/i0.wp.com\/ismaelcolosi.com.br\/wp-content\/uploads\/2024\/03\/AnyConv.com__tempo-ribeirao-preto-2.webp.webp?fit=1200%2C675&ssl=1&resize=525%2C300 1.5x, https:\/\/i0.wp.com\/ismaelcolosi.com.br\/wp-content\/uploads\/2024\/03\/AnyConv.com__tempo-ribeirao-preto-2.webp.webp?fit=1200%2C675&ssl=1&resize=700%2C400 2x, https:\/\/i0.wp.com\/ismaelcolosi.com.br\/wp-content\/uploads\/2024\/03\/AnyConv.com__tempo-ribeirao-preto-2.webp.webp?fit=1200%2C675&ssl=1&resize=1050%2C600 3x"},"classes":[]},{"id":44819,"url":"https:\/\/ismaelcolosi.com.br\/index.php\/2024\/03\/31\/domingo-de-pascoa-veja-a-previsao-do-tempo-para-ribeirao-preto\/","url_meta":{"origin":56675,"position":3},"title":"Domingo de P\u00e1scoa: Veja a previs\u00e3o do tempo para Ribeir\u00e3o Preto","author":"ismaelcolosi.com.br","date":"31 de March de 2024","format":false,"excerpt":"Ap\u00f3s uma semana de temperaturas mais amenas, o domingo (31) de P\u00e1scoa deve ser de sol em todo o Estado de S\u00e3o Paulo. De acordo com a plataforma Climatempo, com essa maior incid\u00eancia solar, a expectativa \u00e9 de que as temperaturas voltem a subir. Em Ribeir\u00e3o Preto, por exemplo, o\u2026","rel":"","context":"In &quot;Not\u00edcias de Ribeir\u00e3o Preto-SP e Regi\u00e3o&quot;","block_context":{"text":"Not\u00edcias de Ribeir\u00e3o Preto-SP e Regi\u00e3o","link":"https:\/\/ismaelcolosi.com.br\/index.php\/category\/noticias-de-ribeirao-preto-sp-e-regiao-ismael-colosi\/"},"img":{"alt_text":"","src":"https:\/\/i0.wp.com\/ismaelcolosi.com.br\/wp-content\/uploads\/2024\/03\/1711891562_3-2.jpg?fit=1200%2C675&ssl=1&resize=350%2C200","width":350,"height":200,"srcset":"https:\/\/i0.wp.com\/ismaelcolosi.com.br\/wp-content\/uploads\/2024\/03\/1711891562_3-2.jpg?fit=1200%2C675&ssl=1&resize=350%2C200 1x, https:\/\/i0.wp.com\/ismaelcolosi.com.br\/wp-content\/uploads\/2024\/03\/1711891562_3-2.jpg?fit=1200%2C675&ssl=1&resize=525%2C300 1.5x, https:\/\/i0.wp.com\/ismaelcolosi.com.br\/wp-content\/uploads\/2024\/03\/1711891562_3-2.jpg?fit=1200%2C675&ssl=1&resize=700%2C400 2x, https:\/\/i0.wp.com\/ismaelcolosi.com.br\/wp-content\/uploads\/2024\/03\/1711891562_3-2.jpg?fit=1200%2C675&ssl=1&resize=1050%2C600 3x"},"classes":[]},{"id":45793,"url":"https:\/\/ismaelcolosi.com.br\/index.php\/2024\/04\/07\/chuva-calor-ou-frio-veja-a-previsao-do-tempo-para-10-dias-em-ribeirao-preto\/","url_meta":{"origin":56675,"position":4},"title":"Chuva, calor ou frio? Veja a previs\u00e3o do tempo para 10 dias em Ribeir\u00e3o Preto","author":"ismaelcolosi.com.br","date":"7 de April de 2024","format":false,"excerpt":"A primeira onda de frio do ano deve atingir o Estado de S\u00e3o Paulo nos pr\u00f3ximos dias. Contudo, em Ribeir\u00e3o Preto a previs\u00e3o do tempo aponta para dias quentes e chuva, que deve ficar mais intensa no pr\u00f3ximo final de semana. Confira: Segunda-feira, 8 de abrilM\u00e1xima: 34\u00b0CM\u00ednima: 20\u00b0CSol com algumas\u2026","rel":"","context":"In &quot;Not\u00edcias de Ribeir\u00e3o Preto-SP e Regi\u00e3o&quot;","block_context":{"text":"Not\u00edcias de Ribeir\u00e3o Preto-SP e Regi\u00e3o","link":"https:\/\/ismaelcolosi.com.br\/index.php\/category\/noticias-de-ribeirao-preto-sp-e-regiao-ismael-colosi\/"},"img":{"alt_text":"","src":"https:\/\/i0.wp.com\/ismaelcolosi.com.br\/wp-content\/uploads\/2024\/04\/WhatsApp-Image-2023-10-16-at-09.45.38.jpeg?fit=1200%2C704&ssl=1&resize=350%2C200","width":350,"height":200,"srcset":"https:\/\/i0.wp.com\/ismaelcolosi.com.br\/wp-content\/uploads\/2024\/04\/WhatsApp-Image-2023-10-16-at-09.45.38.jpeg?fit=1200%2C704&ssl=1&resize=350%2C200 1x, https:\/\/i0.wp.com\/ismaelcolosi.com.br\/wp-content\/uploads\/2024\/04\/WhatsApp-Image-2023-10-16-at-09.45.38.jpeg?fit=1200%2C704&ssl=1&resize=525%2C300 1.5x, https:\/\/i0.wp.com\/ismaelcolosi.com.br\/wp-content\/uploads\/2024\/04\/WhatsApp-Image-2023-10-16-at-09.45.38.jpeg?fit=1200%2C704&ssl=1&resize=700%2C400 2x, https:\/\/i0.wp.com\/ismaelcolosi.com.br\/wp-content\/uploads\/2024\/04\/WhatsApp-Image-2023-10-16-at-09.45.38.jpeg?fit=1200%2C704&ssl=1&resize=1050%2C600 3x"},"classes":[]},{"id":59682,"url":"https:\/\/ismaelcolosi.com.br\/index.php\/2024\/08\/11\/ribeirao-preto-registra-5oc-neste-domingo-veja-previsao-para-os-proximos-dias\/","url_meta":{"origin":56675,"position":5},"title":"Ribeir\u00e3o Preto registra 5\u00baC neste domingo; Veja previs\u00e3o para os pr\u00f3ximos dias","author":"ismaelcolosi.com.br","date":"11 de August de 2024","format":false,"excerpt":"Uma forte fria atingiu o interior paulista nos \u00faltimos dias e provocou uma mudan\u00e7a no tempo em diversas regi\u00f5es do estado, inclusive em Ribeir\u00e3o Preto. De acordo com o monitoramento do Centro Integrado de Informa\u00e7\u00f5es Agrometeorol\u00f3gicas (Ciiagro), os term\u00f4metros do munic\u00edpio registraram 5,9\u00baC durante a madrugada deste domingo (11). No\u2026","rel":"","context":"In &quot;Not\u00edcias de Ribeir\u00e3o Preto-SP e Regi\u00e3o&quot;","block_context":{"text":"Not\u00edcias de Ribeir\u00e3o Preto-SP e Regi\u00e3o","link":"https:\/\/ismaelcolosi.com.br\/index.php\/category\/noticias-de-ribeirao-preto-sp-e-regiao-ismael-colosi\/"},"img":{"alt_text":"","src":"https:\/\/i0.wp.com\/ismaelcolosi.com.br\/wp-content\/uploads\/2024\/08\/frio_luva_1200x675_16042022092951.jpg?fit=1200%2C675&ssl=1&resize=350%2C200","width":350,"height":200,"srcset":"https:\/\/i0.wp.com\/ismaelcolosi.com.br\/wp-content\/uploads\/2024\/08\/frio_luva_1200x675_16042022092951.jpg?fit=1200%2C675&ssl=1&resize=350%2C200 1x, https:\/\/i0.wp.com\/ismaelcolosi.com.br\/wp-content\/uploads\/2024\/08\/frio_luva_1200x675_16042022092951.jpg?fit=1200%2C675&ssl=1&resize=525%2C300 1.5x, https:\/\/i0.wp.com\/ismaelcolosi.com.br\/wp-content\/uploads\/2024\/08\/frio_luva_1200x675_16042022092951.jpg?fit=1200%2C675&ssl=1&resize=700%2C400 2x, https:\/\/i0.wp.com\/ismaelcolosi.com.br\/wp-content\/uploads\/2024\/08\/frio_luva_1200x675_16042022092951.jpg?fit=1200%2C675&ssl=1&resize=1050%2C600 3x"},"classes":[]}],"jetpack_sharing_enabled":true,"jetpack_shortlink":"https:\/\/wp.me\/pfMlyK-eK7","_links":{"self":[{"href":"https:\/\/ismaelcolosi.com.br\/index.php\/wp-json\/wp\/v2\/posts\/56675","targetHints":{"allow":["GET"]}}],"collection":[{"href":"https:\/\/ismaelcolosi.com.br\/index.php\/wp-json\/wp\/v2\/posts"}],"about":[{"href":"https:\/\/ismaelcolosi.com.br\/index.php\/wp-json\/wp\/v2\/types\/post"}],"author":[{"embeddable":true,"href":"https:\/\/ismaelcolosi.com.br\/index.php\/wp-json\/wp\/v2\/users\/1"}],"replies":[{"embeddable":true,"href":"https:\/\/ismaelcolosi.com.br\/index.php\/wp-json\/wp\/v2\/comments?post=56675"}],"version-history":[{"count":0,"href":"https:\/\/ismaelcolosi.com.br\/index.php\/wp-json\/wp\/v2\/posts\/56675\/revisions"}],"wp:featuredmedia":[{"embeddable":true,"href":"https:\/\/ismaelcolosi.com.br\/index.php\/wp-json\/wp\/v2\/media\/56676"}],"wp:attachment":[{"href":"https:\/\/ismaelcolosi.com.br\/index.php\/wp-json\/wp\/v2\/media?parent=56675"}],"wp:term":[{"taxonomy":"category","embeddable":true,"href":"https:\/\/ismaelcolosi.com.br\/index.php\/wp-json\/wp\/v2\/categories?post=56675"},{"taxonomy":"post_tag","embeddable":true,"href":"https:\/\/ismaelcolosi.com.br\/index.php\/wp-json\/wp\/v2\/tags?post=56675"}],"curies":[{"name":"wp","href":"https:\/\/api.w.org\/{rel}","templated":true}]}}