{"id":56673,"date":"2024-07-14T09:43:35","date_gmt":"2024-07-14T12:43:35","guid":{"rendered":"https:\/\/ismaelcolosi.com.br\/index.php\/2024\/07\/14\/dunga-capitao-do-tetra-capota-carro-no-parana-apos-passagem-por-ribeirao-preto\/"},"modified":"2024-07-14T09:43:35","modified_gmt":"2024-07-14T12:43:35","slug":"dunga-capitao-do-tetra-capota-carro-no-parana-apos-passagem-por-ribeirao-preto","status":"publish","type":"post","link":"https:\/\/ismaelcolosi.com.br\/index.php\/2024\/07\/14\/dunga-capitao-do-tetra-capota-carro-no-parana-apos-passagem-por-ribeirao-preto\/","title":{"rendered":"Dunga, capit\u00e3o do tetra, capota carro no Paran\u00e1 ap\u00f3s passagem por Ribeir\u00e3o Preto"},"content":{"rendered":"<p> <br \/>\n<\/p>\n<div>\n<p><strong>Ex-treinador da sele\u00e7\u00e3o brasileira,\u00a0Dunga\u00a0sofreu acidente e capotou carro neste s\u00e1bado (13), na BR-116, pr\u00f3ximo a Campina Grande do Sul, na Regi\u00e3o Metropolitana de Curitiba, no Paran\u00e1. Capit\u00e3o do tetra, o ex-jogador estava ao lado de sua mulher, Evanir Verri. Eles eram os \u00fanicos no ve\u00edculo e foram atendidos ainda no local.<\/strong> <\/p>\n<p><mark style=\"background-color:#fcb900\" class=\"has-inline-color has-black-color\">O Portal Zero Hora publicou que Dunga voltava de Ribeir\u00e3o Preto, depois de visitar a neta Valentina, que nasceu na cidade no \u00faltimo dia 9. A menina \u00e9 filha Bruno Verri, preparador f\u00edsico do Botafogo de Ribeir\u00e3o e filho de Dunga.<\/mark><\/p>\n<p>O acidente foi registrado pr\u00f3ximo ao km 39 da rodovia. Tanto\u00a0<strong>Dunga\u00a0<\/strong>como <strong>Evanir <\/strong>tiveram <strong>ferimentos leves <\/strong>e estavam conscientes durante o atendimento, de acordo com a Pol\u00edcia Rodovi\u00e1ria Federal (PRF). Eles foram levados ao Hospital Angelina Caron, em Campina Grande do Sul, pr\u00f3ximo ao local do acidente. O teste do etil\u00f4metro foi realizado nas v\u00edtimas, com o resultado negativo. O capotamento ocorreu no in\u00edcio desta tarde, \u00e0s 12h30. <\/p>\n<h4 class=\"wp-block-heading\"><strong>Carreira<\/strong><\/h4>\n<p>Dunga\u00a0foi campe\u00e3o mundial, como jogador e capit\u00e3o, em 1994, nos Estados Unidos. A conquista do tetracampeonato completa 30 anos completa 30 anos no dia 17 de julho. Al\u00e9m disso, comandou a sele\u00e7\u00e3o brasileira entre 2006 e 2010, na primeira passagem, e 2015 e 2016.<\/p>\n<p>Como t\u00e9cnico, conquistou a Copa Am\u00e9rica de 2007 e a Copa das Confedera\u00e7\u00f5es de 2009. Al\u00e9m disso, comandou a sele\u00e7\u00e3o brasileira na Copa do Mundo de 2010, na \u00c1frica do Sul, quando foi eliminado nas quartas de final pela Holanda. Desde 2016, quando foi demitido pela CBF, o treinador n\u00e3o assume outro trabalho como treinador em sua carreira. (Com Ag\u00eancia Estado)<\/p>\n<p>SAIBA MAIS<\/p>\n<p>Comercial vira nos acr\u00e9scimos e conquista primeira vit\u00f3ria na Copa Paulista<\/p>\n<h4 class=\"wp-block-heading\"><strong>FIQUE ON<\/strong><\/h4>\n<p>Fique ligado em tudo que acontece em Ribeir\u00e3o Preto e regi\u00e3o. Siga os perfis do\u00a0<strong>acidade on\u00a0<\/strong>no\u00a0<a href=\"https:\/\/www.instagram.com\/acidadeonribeirao\" target=\"_blank\" rel=\"noreferrer noopener\">Instagram\u00a0<\/a>e no\u00a0<a href=\"https:\/\/www.facebook.com\/acidadeonribeirao\/\" target=\"_blank\" rel=\"noreferrer noopener\">Facebook<\/a>.<\/p>\n<p>Receba not\u00edcias do<strong>\u00a0acidade on\u00a0<\/strong>no WhatsApp.\u00a0<a href=\"https:\/\/chat.whatsapp.com\/CdrZ6xrf7quD44Vw3WlPuZ\" target=\"_blank\" rel=\"noreferrer noopener\">Para entrar no grupo, basta clicar aqui.<\/a><\/p>\n<p>Fa\u00e7a uma den\u00fancia ou sugira uma reportagem sobre Ribeir\u00e3o Preto e regi\u00e3o pelo WhatsApp: 16 99117 7802.<\/p>\n<p>VEJA TAMB\u00c9M<\/p>\n<p>Do que \u00e9 acusado o pastor Rinaldo Pereira da Bola de Neve?<\/p>\n<p><!-- AI CONTENT END 1 -->\n<\/div>\n<p><script async src=\"\/\/www.instagram.com\/embed.js\"><\/script><br \/>\n<br \/><br \/>\n<br \/><a href=\"https:\/\/www.acidadeon.com\/ribeiraopreto\/esportes\/dunga-capitao-do-tetra-capota-carro-no-parana-apos-passagem-por-ribeirao-preto\/\">Source link <\/a><\/p>\n<div class='code-block code-block-4' style='margin: 8px auto 8px 0; text-align: left; display: block; clear: both;'>\n\ud83d\udce2 Aviso Legal\n\nO site ismaelcolosi.com.br atua apenas como um canal de divulga\u00e7\u00e3o de oportunidades de emprego e n\u00e3o se responsabiliza pelo processo seletivo, contrata\u00e7\u00e3o ou qualquer outra etapa relacionada \u00e0s vagas publicadas. Todas as informa\u00e7\u00f5es s\u00e3o de responsabilidade dos anunciantes.\n\n\u26a0\ufe0f Aten\u00e7\u00e3o! Nunca pague por promessas de emprego nem compre cursos que garantam contrata\u00e7\u00e3o. Desconfie de qualquer cobran\u00e7a para participar de sele\u00e7\u00f5es.\n\n\n\n<\/div>\n<!-- CONTENT END 1 -->\n","protected":false},"excerpt":{"rendered":"<p>Ex-treinador da sele\u00e7\u00e3o brasileira,\u00a0Dunga\u00a0sofreu acidente e capotou carro neste s\u00e1bado (13), na BR-116, pr\u00f3ximo a Campina Grande do Sul, na Regi\u00e3o Metropolitana de Curitiba, no&#8230;<\/p>\n","protected":false},"author":1,"featured_media":56674,"comment_status":"open","ping_status":"open","sticky":false,"template":"","format":"standard","meta":{"_uag_custom_page_level_css":"","advanced_seo_description":"","jetpack_seo_html_title":"","jetpack_seo_noindex":false,"jetpack_post_was_ever_published":false,"_jetpack_newsletter_access":"","_jetpack_dont_email_post_to_subs":false,"_jetpack_newsletter_tier_id":0,"_jetpack_memberships_contains_paywalled_content":false,"_jetpack_memberships_contains_paid_content":false,"footnotes":"","jetpack_publicize_message":"","jetpack_publicize_feature_enabled":true,"jetpack_social_post_already_shared":true,"jetpack_social_options":{"image_generator_settings":{"template":"highway","default_image_id":0,"font":"","enabled":false},"version":2}},"categories":[11],"tags":[],"class_list":["post-56673","post","type-post","status-publish","format-standard","has-post-thumbnail","hentry","category-noticias-de-ribeirao-preto-sp-e-regiao-ismael-colosi"],"jetpack_publicize_connections":[],"jetpack_featured_media_url":"https:\/\/i0.wp.com\/ismaelcolosi.com.br\/wp-content\/uploads\/2024\/07\/DUNGA_2024-07-13_21-55-22_jpg_2024-07-13_21-55-22.webp.webp?fit=2000%2C1182&ssl=1","uagb_featured_image_src":{"full":["https:\/\/i0.wp.com\/ismaelcolosi.com.br\/wp-content\/uploads\/2024\/07\/DUNGA_2024-07-13_21-55-22_jpg_2024-07-13_21-55-22.webp.webp?fit=2000%2C1182&ssl=1",2000,1182,false],"thumbnail":["https:\/\/i0.wp.com\/ismaelcolosi.com.br\/wp-content\/uploads\/2024\/07\/DUNGA_2024-07-13_21-55-22_jpg_2024-07-13_21-55-22.webp.webp?resize=150%2C150&ssl=1",150,150,true],"medium":["https:\/\/i0.wp.com\/ismaelcolosi.com.br\/wp-content\/uploads\/2024\/07\/DUNGA_2024-07-13_21-55-22_jpg_2024-07-13_21-55-22.webp.webp?fit=300%2C177&ssl=1",300,177,true],"medium_large":["https:\/\/i0.wp.com\/ismaelcolosi.com.br\/wp-content\/uploads\/2024\/07\/DUNGA_2024-07-13_21-55-22_jpg_2024-07-13_21-55-22.webp.webp?fit=768%2C454&ssl=1",768,454,true],"large":["https:\/\/i0.wp.com\/ismaelcolosi.com.br\/wp-content\/uploads\/2024\/07\/DUNGA_2024-07-13_21-55-22_jpg_2024-07-13_21-55-22.webp.webp?fit=1024%2C605&ssl=1",1024,605,true],"1536x1536":["https:\/\/i0.wp.com\/ismaelcolosi.com.br\/wp-content\/uploads\/2024\/07\/DUNGA_2024-07-13_21-55-22_jpg_2024-07-13_21-55-22.webp.webp?fit=1536%2C908&ssl=1",1536,908,true],"2048x2048":["https:\/\/i0.wp.com\/ismaelcolosi.com.br\/wp-content\/uploads\/2024\/07\/DUNGA_2024-07-13_21-55-22_jpg_2024-07-13_21-55-22.webp.webp?fit=2000%2C1182&ssl=1",2000,1182,true],"really-simple-thumb":["https:\/\/i0.wp.com\/ismaelcolosi.com.br\/wp-content\/uploads\/2024\/07\/DUNGA_2024-07-13_21-55-22_jpg_2024-07-13_21-55-22.webp.webp?resize=370%2C247&ssl=1",370,247,true]},"uagb_author_info":{"display_name":"ismaelcolosi.com.br","author_link":"https:\/\/ismaelcolosi.com.br\/index.php\/author\/vidareal-online\/"},"uagb_comment_info":0,"uagb_excerpt":"Ex-treinador da sele\u00e7\u00e3o brasileira,\u00a0Dunga\u00a0sofreu acidente e capotou carro neste s\u00e1bado (13), na BR-116, pr\u00f3ximo a Campina Grande do Sul, na Regi\u00e3o Metropolitana de Curitiba, no...","jetpack-related-posts":[{"id":57875,"url":"https:\/\/ismaelcolosi.com.br\/index.php\/2024\/07\/25\/acidente-entre-carro-e-moto-deixa-tres-vitimas-na-zona-sul-de-ribeirao-preto\/","url_meta":{"origin":56673,"position":0},"title":"Acidente entre carro e moto deixa tr\u00eas v\u00edtimas na zona Sul de Ribeir\u00e3o Preto","author":"ismaelcolosi.com.br","date":"25 de July de 2024","format":false,"excerpt":"Um acidente entre um carro e uma moto deixou tr\u00eas v\u00edtimas na manh\u00e3 desta quinta-feira\u00a0 (25), na zona Sul de Ribeir\u00e3o Preto. Equipes do Corpo de Bombeiros e do Samu foram mobilizadas at\u00e9 a rua Cavalheiro Torquato Rizzi, na altura do cruzamento com a rua Capit\u00e3o Jarbas Vi\u00eaira de Souza.\u2026","rel":"","context":"In &quot;Not\u00edcias de Ribeir\u00e3o Preto-SP e Regi\u00e3o&quot;","block_context":{"text":"Not\u00edcias de Ribeir\u00e3o Preto-SP e Regi\u00e3o","link":"https:\/\/ismaelcolosi.com.br\/index.php\/category\/noticias-de-ribeirao-preto-sp-e-regiao-ismael-colosi\/"},"img":{"alt_text":"","src":"https:\/\/i0.wp.com\/ismaelcolosi.com.br\/wp-content\/uploads\/2024\/07\/WhatsApp-Image-2024-07-25-at-10.17.42_2024-07-25_13-18-08_jpeg_2024-07-25_13-18-09.webp.webp?fit=1200%2C675&ssl=1&resize=350%2C200","width":350,"height":200,"srcset":"https:\/\/i0.wp.com\/ismaelcolosi.com.br\/wp-content\/uploads\/2024\/07\/WhatsApp-Image-2024-07-25-at-10.17.42_2024-07-25_13-18-08_jpeg_2024-07-25_13-18-09.webp.webp?fit=1200%2C675&ssl=1&resize=350%2C200 1x, https:\/\/i0.wp.com\/ismaelcolosi.com.br\/wp-content\/uploads\/2024\/07\/WhatsApp-Image-2024-07-25-at-10.17.42_2024-07-25_13-18-08_jpeg_2024-07-25_13-18-09.webp.webp?fit=1200%2C675&ssl=1&resize=525%2C300 1.5x, https:\/\/i0.wp.com\/ismaelcolosi.com.br\/wp-content\/uploads\/2024\/07\/WhatsApp-Image-2024-07-25-at-10.17.42_2024-07-25_13-18-08_jpeg_2024-07-25_13-18-09.webp.webp?fit=1200%2C675&ssl=1&resize=700%2C400 2x, https:\/\/i0.wp.com\/ismaelcolosi.com.br\/wp-content\/uploads\/2024\/07\/WhatsApp-Image-2024-07-25-at-10.17.42_2024-07-25_13-18-08_jpeg_2024-07-25_13-18-09.webp.webp?fit=1200%2C675&ssl=1&resize=1050%2C600 3x"},"classes":[]},{"id":51208,"url":"https:\/\/ismaelcolosi.com.br\/index.php\/2024\/05\/23\/policia-prende-dois-homens-com-mais-de-300-quilos-de-droga-em-rodovia-de-ribeirao-preto\/","url_meta":{"origin":56673,"position":1},"title":"Pol\u00edcia prende dois homens com mais de 300 quilos de droga em rodovia de Ribeir\u00e3o Preto","author":"ismaelcolosi.com.br","date":"23 de May de 2024","format":false,"excerpt":"Dois homens foram presos com mais de 300 quilos de maconha na tarde desta quinta-feira (23), na rodovia M\u00e1rio Doneg\u00e1 (SP-291), entre Ribeir\u00e3o Preto e Dumont. De acordo com as informa\u00e7\u00f5es da Pol\u00edcia Militar Rodovi\u00e1ria (PMRV), equipes estavam em patrulhamento pela regi\u00e3o quando suspeitaram do ve\u00edculo. Houve uma persegui\u00e7\u00e3o, que\u2026","rel":"","context":"In &quot;Not\u00edcias de Ribeir\u00e3o Preto-SP e Regi\u00e3o&quot;","block_context":{"text":"Not\u00edcias de Ribeir\u00e3o Preto-SP e Regi\u00e3o","link":"https:\/\/ismaelcolosi.com.br\/index.php\/category\/noticias-de-ribeirao-preto-sp-e-regiao-ismael-colosi\/"},"img":{"alt_text":"","src":"https:\/\/i0.wp.com\/ismaelcolosi.com.br\/wp-content\/uploads\/2024\/05\/WhatsApp-Image-2024-05-23-at-16.56.38_2024-05-23_22-22-54_jpeg_2024-05-23_22-22-55.webp.webp?fit=1200%2C900&ssl=1&resize=350%2C200","width":350,"height":200,"srcset":"https:\/\/i0.wp.com\/ismaelcolosi.com.br\/wp-content\/uploads\/2024\/05\/WhatsApp-Image-2024-05-23-at-16.56.38_2024-05-23_22-22-54_jpeg_2024-05-23_22-22-55.webp.webp?fit=1200%2C900&ssl=1&resize=350%2C200 1x, https:\/\/i0.wp.com\/ismaelcolosi.com.br\/wp-content\/uploads\/2024\/05\/WhatsApp-Image-2024-05-23-at-16.56.38_2024-05-23_22-22-54_jpeg_2024-05-23_22-22-55.webp.webp?fit=1200%2C900&ssl=1&resize=525%2C300 1.5x, https:\/\/i0.wp.com\/ismaelcolosi.com.br\/wp-content\/uploads\/2024\/05\/WhatsApp-Image-2024-05-23-at-16.56.38_2024-05-23_22-22-54_jpeg_2024-05-23_22-22-55.webp.webp?fit=1200%2C900&ssl=1&resize=700%2C400 2x, https:\/\/i0.wp.com\/ismaelcolosi.com.br\/wp-content\/uploads\/2024\/05\/WhatsApp-Image-2024-05-23-at-16.56.38_2024-05-23_22-22-54_jpeg_2024-05-23_22-22-55.webp.webp?fit=1200%2C900&ssl=1&resize=1050%2C600 3x"},"classes":[]},{"id":46754,"url":"https:\/\/ismaelcolosi.com.br\/index.php\/2024\/04\/14\/carro-invade-casa-e-motorista-foge-apos-acidente-na-zona-oeste-de-ribeirao-veja-video\/","url_meta":{"origin":56673,"position":2},"title":"Carro invade casa e motorista foge ap\u00f3s acidente na zona Oeste de Ribeir\u00e3o; Veja v\u00eddeo","author":"ismaelcolosi.com.br","date":"14 de April de 2024","format":false,"excerpt":"C\u00e2meras de seguran\u00e7a registraram imagens de um carro que invadiu a garagem e destruiu o muro de uma casa na avenida C\u00e1sper L\u00edbero, no bairro Parque Ribeir\u00e3o, zona Oeste de Ribeir\u00e3o Preto. O acidente aconteceu na manh\u00e3 deste domingo (14) (veja v\u00eddeo). Nas imagens \u00e9 poss\u00edvel ver o estrago provocado\u2026","rel":"","context":"In &quot;Not\u00edcias de Ribeir\u00e3o Preto-SP e Regi\u00e3o&quot;","block_context":{"text":"Not\u00edcias de Ribeir\u00e3o Preto-SP e Regi\u00e3o","link":"https:\/\/ismaelcolosi.com.br\/index.php\/category\/noticias-de-ribeirao-preto-sp-e-regiao-ismael-colosi\/"},"img":{"alt_text":"","src":"https:\/\/i0.wp.com\/ismaelcolosi.com.br\/wp-content\/uploads\/2024\/04\/Copia-de-Copia-de-TAMANHO-EXATO-PARA-FOTOS-NO-SISTEMA-NOVO-35.webp.webp?fit=1200%2C675&ssl=1&resize=350%2C200","width":350,"height":200,"srcset":"https:\/\/i0.wp.com\/ismaelcolosi.com.br\/wp-content\/uploads\/2024\/04\/Copia-de-Copia-de-TAMANHO-EXATO-PARA-FOTOS-NO-SISTEMA-NOVO-35.webp.webp?fit=1200%2C675&ssl=1&resize=350%2C200 1x, https:\/\/i0.wp.com\/ismaelcolosi.com.br\/wp-content\/uploads\/2024\/04\/Copia-de-Copia-de-TAMANHO-EXATO-PARA-FOTOS-NO-SISTEMA-NOVO-35.webp.webp?fit=1200%2C675&ssl=1&resize=525%2C300 1.5x, https:\/\/i0.wp.com\/ismaelcolosi.com.br\/wp-content\/uploads\/2024\/04\/Copia-de-Copia-de-TAMANHO-EXATO-PARA-FOTOS-NO-SISTEMA-NOVO-35.webp.webp?fit=1200%2C675&ssl=1&resize=700%2C400 2x, https:\/\/i0.wp.com\/ismaelcolosi.com.br\/wp-content\/uploads\/2024\/04\/Copia-de-Copia-de-TAMANHO-EXATO-PARA-FOTOS-NO-SISTEMA-NOVO-35.webp.webp?fit=1200%2C675&ssl=1&resize=1050%2C600 3x"},"classes":[]},{"id":40300,"url":"https:\/\/ismaelcolosi.com.br\/index.php\/2024\/03\/02\/jovem-de-18-anos-morre-em-acidente-em-rodovia-na-regiao-de-ribeirao-preto\/","url_meta":{"origin":56673,"position":3},"title":"Jovem de 18 anos morre em acidente em rodovia na regi\u00e3o de Ribeir\u00e3o Preto","author":"ismaelcolosi.com.br","date":"2 de March de 2024","format":false,"excerpt":"Um jovem de 18 anos morreu, na madrugada deste s\u00e1bado (2), ap\u00f3s o carro em que ele estava se chocar contra defensa met\u00e1lica na rodovia C\u00e2ndido Portinari (SP-334), pr\u00f3ximo ao km 326, em Jardin\u00f3polis, cidade na regi\u00e3o de Ribeir\u00e3o Preto. De acordo com as informa\u00e7\u00f5es da Pol\u00edcia Militar Rodovi\u00e1ria (PMRV),\u2026","rel":"","context":"In &quot;Not\u00edcias de Ribeir\u00e3o Preto-SP e Regi\u00e3o&quot;","block_context":{"text":"Not\u00edcias de Ribeir\u00e3o Preto-SP e Regi\u00e3o","link":"https:\/\/ismaelcolosi.com.br\/index.php\/category\/noticias-de-ribeirao-preto-sp-e-regiao-ismael-colosi\/"},"img":{"alt_text":"","src":"https:\/\/i0.wp.com\/ismaelcolosi.com.br\/wp-content\/uploads\/2024\/03\/20220809_065618844_policia_rodoviaria_1200x675_21062022083038.jpg?fit=1200%2C675&ssl=1&resize=350%2C200","width":350,"height":200,"srcset":"https:\/\/i0.wp.com\/ismaelcolosi.com.br\/wp-content\/uploads\/2024\/03\/20220809_065618844_policia_rodoviaria_1200x675_21062022083038.jpg?fit=1200%2C675&ssl=1&resize=350%2C200 1x, https:\/\/i0.wp.com\/ismaelcolosi.com.br\/wp-content\/uploads\/2024\/03\/20220809_065618844_policia_rodoviaria_1200x675_21062022083038.jpg?fit=1200%2C675&ssl=1&resize=525%2C300 1.5x, https:\/\/i0.wp.com\/ismaelcolosi.com.br\/wp-content\/uploads\/2024\/03\/20220809_065618844_policia_rodoviaria_1200x675_21062022083038.jpg?fit=1200%2C675&ssl=1&resize=700%2C400 2x, https:\/\/i0.wp.com\/ismaelcolosi.com.br\/wp-content\/uploads\/2024\/03\/20220809_065618844_policia_rodoviaria_1200x675_21062022083038.jpg?fit=1200%2C675&ssl=1&resize=1050%2C600 3x"},"classes":[]},{"id":40318,"url":"https:\/\/ismaelcolosi.com.br\/index.php\/2024\/03\/02\/identificado-jovem-que-morreu-em-acidente-na-regiao-de-ribeirao-preto\/","url_meta":{"origin":56673,"position":4},"title":"Identificado jovem que morreu em acidente na regi\u00e3o de Ribeir\u00e3o Preto","author":"ismaelcolosi.com.br","date":"2 de March de 2024","format":false,"excerpt":"O jovem de 18 anos que morreu em um acidente na rodovia C\u00e2ndido Portinari (SP-334), na madrugada deste s\u00e1bado (2), foi identificado como Gustavo Andrade Neix. O acidente aconteceu pr\u00f3ximo ao km 326, em Jardin\u00f3polis, cidade na regi\u00e3o de Ribeir\u00e3o Preto. A Pol\u00edcia Militar Rodovi\u00e1ria (PMR) informou que o carro\u2026","rel":"","context":"In &quot;Not\u00edcias de Ribeir\u00e3o Preto-SP e Regi\u00e3o&quot;","block_context":{"text":"Not\u00edcias de Ribeir\u00e3o Preto-SP e Regi\u00e3o","link":"https:\/\/ismaelcolosi.com.br\/index.php\/category\/noticias-de-ribeirao-preto-sp-e-regiao-ismael-colosi\/"},"img":{"alt_text":"","src":"https:\/\/i0.wp.com\/ismaelcolosi.com.br\/wp-content\/uploads\/2024\/03\/Copia-de-Copia-de-TAMANHO-EXATO-PARA-FOTOS-NO-SISTEMA-NOVO-59.png?fit=1200%2C675&ssl=1&resize=350%2C200","width":350,"height":200,"srcset":"https:\/\/i0.wp.com\/ismaelcolosi.com.br\/wp-content\/uploads\/2024\/03\/Copia-de-Copia-de-TAMANHO-EXATO-PARA-FOTOS-NO-SISTEMA-NOVO-59.png?fit=1200%2C675&ssl=1&resize=350%2C200 1x, https:\/\/i0.wp.com\/ismaelcolosi.com.br\/wp-content\/uploads\/2024\/03\/Copia-de-Copia-de-TAMANHO-EXATO-PARA-FOTOS-NO-SISTEMA-NOVO-59.png?fit=1200%2C675&ssl=1&resize=525%2C300 1.5x, https:\/\/i0.wp.com\/ismaelcolosi.com.br\/wp-content\/uploads\/2024\/03\/Copia-de-Copia-de-TAMANHO-EXATO-PARA-FOTOS-NO-SISTEMA-NOVO-59.png?fit=1200%2C675&ssl=1&resize=700%2C400 2x, https:\/\/i0.wp.com\/ismaelcolosi.com.br\/wp-content\/uploads\/2024\/03\/Copia-de-Copia-de-TAMANHO-EXATO-PARA-FOTOS-NO-SISTEMA-NOVO-59.png?fit=1200%2C675&ssl=1&resize=1050%2C600 3x"},"classes":[]},{"id":41542,"url":"https:\/\/ismaelcolosi.com.br\/index.php\/2024\/03\/08\/carro-e-onibus-se-envolvem-em-acidente-na-zona-leste-de-ribeirao-veja-o-video\/","url_meta":{"origin":56673,"position":5},"title":"Carro e \u00f4nibus se envolvem em acidente na zona Leste de Ribeir\u00e3o; Veja o v\u00eddeo","author":"ismaelcolosi.com.br","date":"8 de March de 2024","format":false,"excerpt":"Um \u00f4nibus e um carro se envolveram em um acidente de tr\u00e2nsito na tarde desta sexta-feira (8), no cruzamento da avenida Dr. Pl\u00ednio de Castro Prado com a rua Alexandre Gomes de Abreu, zona Leste de Ribeir\u00e3o Preto. Imagens de uma c\u00e2mera de seguran\u00e7a flagraram o momento da colis\u00e3o \u2013\u2026","rel":"","context":"In &quot;Not\u00edcias de Ribeir\u00e3o Preto-SP e Regi\u00e3o&quot;","block_context":{"text":"Not\u00edcias de Ribeir\u00e3o Preto-SP e Regi\u00e3o","link":"https:\/\/ismaelcolosi.com.br\/index.php\/category\/noticias-de-ribeirao-preto-sp-e-regiao-ismael-colosi\/"},"img":{"alt_text":"","src":"https:\/\/i0.wp.com\/ismaelcolosi.com.br\/wp-content\/uploads\/2024\/03\/Copia-de-Copia-de-TAMANHO-EXATO-PARA-FOTOS-NO-SISTEMA-NOVO-9.jpg?fit=1200%2C675&ssl=1&resize=350%2C200","width":350,"height":200,"srcset":"https:\/\/i0.wp.com\/ismaelcolosi.com.br\/wp-content\/uploads\/2024\/03\/Copia-de-Copia-de-TAMANHO-EXATO-PARA-FOTOS-NO-SISTEMA-NOVO-9.jpg?fit=1200%2C675&ssl=1&resize=350%2C200 1x, https:\/\/i0.wp.com\/ismaelcolosi.com.br\/wp-content\/uploads\/2024\/03\/Copia-de-Copia-de-TAMANHO-EXATO-PARA-FOTOS-NO-SISTEMA-NOVO-9.jpg?fit=1200%2C675&ssl=1&resize=525%2C300 1.5x, https:\/\/i0.wp.com\/ismaelcolosi.com.br\/wp-content\/uploads\/2024\/03\/Copia-de-Copia-de-TAMANHO-EXATO-PARA-FOTOS-NO-SISTEMA-NOVO-9.jpg?fit=1200%2C675&ssl=1&resize=700%2C400 2x, https:\/\/i0.wp.com\/ismaelcolosi.com.br\/wp-content\/uploads\/2024\/03\/Copia-de-Copia-de-TAMANHO-EXATO-PARA-FOTOS-NO-SISTEMA-NOVO-9.jpg?fit=1200%2C675&ssl=1&resize=1050%2C600 3x"},"classes":[]}],"jetpack_sharing_enabled":true,"jetpack_shortlink":"https:\/\/wp.me\/pfMlyK-eK5","_links":{"self":[{"href":"https:\/\/ismaelcolosi.com.br\/index.php\/wp-json\/wp\/v2\/posts\/56673","targetHints":{"allow":["GET"]}}],"collection":[{"href":"https:\/\/ismaelcolosi.com.br\/index.php\/wp-json\/wp\/v2\/posts"}],"about":[{"href":"https:\/\/ismaelcolosi.com.br\/index.php\/wp-json\/wp\/v2\/types\/post"}],"author":[{"embeddable":true,"href":"https:\/\/ismaelcolosi.com.br\/index.php\/wp-json\/wp\/v2\/users\/1"}],"replies":[{"embeddable":true,"href":"https:\/\/ismaelcolosi.com.br\/index.php\/wp-json\/wp\/v2\/comments?post=56673"}],"version-history":[{"count":0,"href":"https:\/\/ismaelcolosi.com.br\/index.php\/wp-json\/wp\/v2\/posts\/56673\/revisions"}],"wp:featuredmedia":[{"embeddable":true,"href":"https:\/\/ismaelcolosi.com.br\/index.php\/wp-json\/wp\/v2\/media\/56674"}],"wp:attachment":[{"href":"https:\/\/ismaelcolosi.com.br\/index.php\/wp-json\/wp\/v2\/media?parent=56673"}],"wp:term":[{"taxonomy":"category","embeddable":true,"href":"https:\/\/ismaelcolosi.com.br\/index.php\/wp-json\/wp\/v2\/categories?post=56673"},{"taxonomy":"post_tag","embeddable":true,"href":"https:\/\/ismaelcolosi.com.br\/index.php\/wp-json\/wp\/v2\/tags?post=56673"}],"curies":[{"name":"wp","href":"https:\/\/api.w.org\/{rel}","templated":true}]}}