{"id":56669,"date":"2024-07-14T09:07:56","date_gmt":"2024-07-14T12:07:56","guid":{"rendered":"https:\/\/ismaelcolosi.com.br\/index.php\/2024\/07\/14\/massa-de-ar-frio-perde-forca-veja-temperaturas-nos-proximos-dias-no-interior-de-sp\/"},"modified":"2024-07-14T09:07:56","modified_gmt":"2024-07-14T12:07:56","slug":"massa-de-ar-frio-perde-forca-veja-temperaturas-nos-proximos-dias-no-interior-de-sp","status":"publish","type":"post","link":"https:\/\/ismaelcolosi.com.br\/index.php\/2024\/07\/14\/massa-de-ar-frio-perde-forca-veja-temperaturas-nos-proximos-dias-no-interior-de-sp\/","title":{"rendered":"Massa de ar frio perde for\u00e7a; Veja temperaturas nos pr\u00f3ximos dias no interior de SP"},"content":{"rendered":"<p> <br \/>\n<\/p>\n<div data-td-block-uid=\"tdi_106\">\n<div class=\"tdb-block-inner td-fix-index\">\n<p><strong>Uma nova atualiza\u00e7\u00e3o com base em modelos meteorol\u00f3gicos, publicada pela <a href=\"https:\/\/www.climatempo.com.br\/\" target=\"_blank\" rel=\"noreferrer noopener\">Climatempo<\/a>, aponta que a massa de ar frio perder\u00e1 intensidade no Sudeste.<\/strong><\/p>\n<blockquote class=\"wp-block-quote\">\n<p>\u201cA previs\u00e3o indica que essa tend\u00eancia continuar\u00e1 at\u00e9 o dia 14 de julho, com a massa de ar frio saindo de cena em boa parte da regi\u00e3o Sudeste. A atua\u00e7\u00e3o da massa deve se limitar apenas \u00e0s faixas Sul e Leste do estado de\u00a0S\u00e3o Paulo\u201d<\/p>\n<p><cite>Climatempo<\/cite><\/p><\/blockquote>\n<h4 class=\"wp-block-heading\"><strong>Onda de frio?<\/strong><\/h4>\n<p>A previs\u00e3o inicial apontava que a <strong>onda de frio<\/strong>, que teve in\u00edcio na \u00faltima <strong>sexta-feira (12)<\/strong>, seguiria at\u00e9 o dia <strong>16 de julho<\/strong>.<\/p>\n<p>No entanto, conforme a <strong>Climatempo<\/strong>, <mark style=\"background-color:#fcb900\" class=\"has-inline-color has-black-color\">nos pr\u00f3ximos dias est\u00e1 previsto o retorno das temperaturas habituais para esta \u00e9poca do ano.<\/mark><\/p>\n<blockquote class=\"wp-block-quote\">\n<p>\u201cA tend\u00eancia \u00e9 que julho termine ainda com temperaturas acima da m\u00e9dia em boa parte do Brasil\u201d<\/p>\n<p><cite>Climatempo<\/cite><\/p><\/blockquote>\n<h4 class=\"wp-block-heading\"><strong>Veja a previs\u00e3o do tempo em Ribeir\u00e3o Preto:<\/strong><\/h4>\n<p>14\u00b0C \/ 29\u00b0C<\/p>\n<p>Sol com algumas nuvens. N\u00e3o chove.<\/p>\n<p>Chuva: 0 mm \/ 0%<\/p>\n<p>Umidade do ar: 37% \/ 76%<\/p>\n<p>14\u00b0C \/ 30\u00b0C<\/p>\n<p>Sol com algumas nuvens. N\u00e3o chove.<\/p>\n<p>Chuva: 0 mm \/ 0%<\/p>\n<p>Umidade do ar: 33% \/ 66%<\/p>\n<p>15\u00b0C \/ 30\u00b0C<\/p>\n<p>Sol com algumas nuvens. N\u00e3o chove.<\/p>\n<p>Chuva: 0 mm \/ 0%<\/p>\n<p>Umidade do ar: 31% \/ 71%<\/p>\n<p>14\u00b0C \/ 31\u00b0C<\/p>\n<p>Sol com algumas nuvens. N\u00e3o chove.<\/p>\n<p>Chuva: 0 mm \/ 0%<\/p>\n<p>Umidade do ar: 32% \/ 70%<\/p>\n<p>15\u00b0C \/ 28\u00b0C<\/p>\n<p>Sol com algumas nuvens. N\u00e3o chove.<\/p>\n<p>Chuva: 0 mm \/ 0%<\/p>\n<p>Umidade do ar: 31% \/ 70%<\/p>\n<p>15\u00b0C \/ 32\u00b0C<\/p>\n<p>Sol e muitas nuvens \u00e0 tarde. \u00c0 noite o c\u00e9u ainda fica com muita nebulosidade, mas n\u00e3o chove.<\/p>\n<p>Chuva: 0 mm \/ 0%<\/p>\n<p>Umidade do ar: 30% \/ 66%<\/p>\n<p>Fonte: Climatempo<\/p>\n<p>SAIBA MAIS<\/p>\n<p>Comercial vira nos acr\u00e9scimos e conquista primeira vit\u00f3ria na Copa Paulista<\/p>\n<h4 class=\"wp-block-heading\"><strong>FIQUE ON<\/strong><\/h4>\n<p>Fique ligado em tudo que acontece em Ribeir\u00e3o Preto e regi\u00e3o. Siga os perfis do\u00a0<strong>acidade on\u00a0<\/strong>no\u00a0<a href=\"https:\/\/www.instagram.com\/acidadeonribeirao\" target=\"_blank\" rel=\"noreferrer noopener\">Instagram\u00a0<\/a>e no\u00a0<a href=\"https:\/\/www.facebook.com\/acidadeonribeirao\/\" target=\"_blank\" rel=\"noreferrer noopener\">Facebook<\/a>.<\/p>\n<p>Receba not\u00edcias do<strong>\u00a0acidade on\u00a0<\/strong>no WhatsApp.\u00a0<a href=\"https:\/\/chat.whatsapp.com\/CdrZ6xrf7quD44Vw3WlPuZ\" target=\"_blank\" rel=\"noreferrer noopener\">Para entrar no grupo, basta clicar aqui.<\/a><\/p>\n<p>Fa\u00e7a uma den\u00fancia ou sugira uma reportagem sobre Ribeir\u00e3o Preto e regi\u00e3o pelo WhatsApp: 16 99117 7802.<\/p>\n<p>VEJA TAMB\u00c9M<\/p>\n<p>Do que \u00e9 acusado o pastor Rinaldo Pereira da Bola de Neve?<\/p>\n<p><!-- AI CONTENT END 1 -->\n<\/div>\n<\/div>\n<p><script async src=\"\/\/www.instagram.com\/embed.js\"><\/script><br \/>\n<br \/><br \/>\n<br \/><a href=\"https:\/\/www.acidadeon.com\/ribeiraopreto\/cotidiano\/massa-de-ar-frio-perde-forca-veja-temperaturas-nos-proximos-dias-no-interior-de-sp\/\">Source link <\/a><\/p>\n<div class='code-block code-block-4' style='margin: 8px auto 8px 0; text-align: left; display: block; clear: both;'>\n\ud83d\udce2 Aviso Legal\n\nO site ismaelcolosi.com.br atua apenas como um canal de divulga\u00e7\u00e3o de oportunidades de emprego e n\u00e3o se responsabiliza pelo processo seletivo, contrata\u00e7\u00e3o ou qualquer outra etapa relacionada \u00e0s vagas publicadas. Todas as informa\u00e7\u00f5es s\u00e3o de responsabilidade dos anunciantes.\n\n\u26a0\ufe0f Aten\u00e7\u00e3o! Nunca pague por promessas de emprego nem compre cursos que garantam contrata\u00e7\u00e3o. Desconfie de qualquer cobran\u00e7a para participar de sele\u00e7\u00f5es.\n\n\n\n<\/div>\n<!-- CONTENT END 1 -->\n","protected":false},"excerpt":{"rendered":"<p>Uma nova atualiza\u00e7\u00e3o com base em modelos meteorol\u00f3gicos, publicada pela Climatempo, aponta que a massa de ar frio perder\u00e1 intensidade no Sudeste. \u201cA previs\u00e3o indica&#8230;<\/p>\n","protected":false},"author":1,"featured_media":56670,"comment_status":"open","ping_status":"open","sticky":false,"template":"","format":"standard","meta":{"_uag_custom_page_level_css":"","advanced_seo_description":"","jetpack_seo_html_title":"","jetpack_seo_noindex":false,"jetpack_post_was_ever_published":false,"_jetpack_newsletter_access":"","_jetpack_dont_email_post_to_subs":false,"_jetpack_newsletter_tier_id":0,"_jetpack_memberships_contains_paywalled_content":false,"_jetpack_memberships_contains_paid_content":false,"footnotes":"","jetpack_publicize_message":"","jetpack_publicize_feature_enabled":true,"jetpack_social_post_already_shared":true,"jetpack_social_options":{"image_generator_settings":{"template":"highway","default_image_id":0,"font":"","enabled":false},"version":2}},"categories":[11],"tags":[],"class_list":["post-56669","post","type-post","status-publish","format-standard","has-post-thumbnail","hentry","category-noticias-de-ribeirao-preto-sp-e-regiao-ismael-colosi"],"jetpack_publicize_connections":[],"jetpack_featured_media_url":"https:\/\/i0.wp.com\/ismaelcolosi.com.br\/wp-content\/uploads\/2024\/07\/WhatsApp-Image-2024-07-13-at-19.42.17_2024-07-13_22-42-51_jpeg_2024-07-13_22-42-51.webp.webp?fit=1600%2C737&ssl=1","uagb_featured_image_src":{"full":["https:\/\/i0.wp.com\/ismaelcolosi.com.br\/wp-content\/uploads\/2024\/07\/WhatsApp-Image-2024-07-13-at-19.42.17_2024-07-13_22-42-51_jpeg_2024-07-13_22-42-51.webp.webp?fit=1600%2C737&ssl=1",1600,737,false],"thumbnail":["https:\/\/i0.wp.com\/ismaelcolosi.com.br\/wp-content\/uploads\/2024\/07\/WhatsApp-Image-2024-07-13-at-19.42.17_2024-07-13_22-42-51_jpeg_2024-07-13_22-42-51.webp.webp?resize=150%2C150&ssl=1",150,150,true],"medium":["https:\/\/i0.wp.com\/ismaelcolosi.com.br\/wp-content\/uploads\/2024\/07\/WhatsApp-Image-2024-07-13-at-19.42.17_2024-07-13_22-42-51_jpeg_2024-07-13_22-42-51.webp.webp?fit=300%2C138&ssl=1",300,138,true],"medium_large":["https:\/\/i0.wp.com\/ismaelcolosi.com.br\/wp-content\/uploads\/2024\/07\/WhatsApp-Image-2024-07-13-at-19.42.17_2024-07-13_22-42-51_jpeg_2024-07-13_22-42-51.webp.webp?fit=768%2C354&ssl=1",768,354,true],"large":["https:\/\/i0.wp.com\/ismaelcolosi.com.br\/wp-content\/uploads\/2024\/07\/WhatsApp-Image-2024-07-13-at-19.42.17_2024-07-13_22-42-51_jpeg_2024-07-13_22-42-51.webp.webp?fit=1024%2C472&ssl=1",1024,472,true],"1536x1536":["https:\/\/i0.wp.com\/ismaelcolosi.com.br\/wp-content\/uploads\/2024\/07\/WhatsApp-Image-2024-07-13-at-19.42.17_2024-07-13_22-42-51_jpeg_2024-07-13_22-42-51.webp.webp?fit=1536%2C708&ssl=1",1536,708,true],"2048x2048":["https:\/\/i0.wp.com\/ismaelcolosi.com.br\/wp-content\/uploads\/2024\/07\/WhatsApp-Image-2024-07-13-at-19.42.17_2024-07-13_22-42-51_jpeg_2024-07-13_22-42-51.webp.webp?fit=1600%2C737&ssl=1",1600,737,true],"really-simple-thumb":["https:\/\/i0.wp.com\/ismaelcolosi.com.br\/wp-content\/uploads\/2024\/07\/WhatsApp-Image-2024-07-13-at-19.42.17_2024-07-13_22-42-51_jpeg_2024-07-13_22-42-51.webp.webp?resize=370%2C247&ssl=1",370,247,true]},"uagb_author_info":{"display_name":"ismaelcolosi.com.br","author_link":"https:\/\/ismaelcolosi.com.br\/index.php\/author\/vidareal-online\/"},"uagb_comment_info":0,"uagb_excerpt":"Uma nova atualiza\u00e7\u00e3o com base em modelos meteorol\u00f3gicos, publicada pela Climatempo, aponta que a massa de ar frio perder\u00e1 intensidade no Sudeste. \u201cA previs\u00e3o indica...","jetpack-related-posts":[{"id":46862,"url":"https:\/\/ismaelcolosi.com.br\/index.php\/2024\/04\/15\/entenda-como-sera-a-onda-de-frio-veja-as-temperaturas-no-interior-de-sp\/","url_meta":{"origin":56669,"position":0},"title":"Entenda como ser\u00e1 a onda de frio; Veja as temperaturas no interior de SP","author":"ismaelcolosi.com.br","date":"15 de April de 2024","format":false,"excerpt":"Uma massa de ar de origem polar deve causar a primeira queda de temperatura acentuada do outono nos pr\u00f3ximos dias. Segundo a Climatempo, a frente fria se forma nesta ter\u00e7a-feira (16) entre o Brasil, o Uruguai e a Argentina, e est\u00e1 associada a um intenso ciclone extratropical \u2013 que n\u00e3o\u2026","rel":"","context":"In &quot;Not\u00edcias de Ribeir\u00e3o Preto-SP e Regi\u00e3o&quot;","block_context":{"text":"Not\u00edcias de Ribeir\u00e3o Preto-SP e Regi\u00e3o","link":"https:\/\/ismaelcolosi.com.br\/index.php\/category\/noticias-de-ribeirao-preto-sp-e-regiao-ismael-colosi\/"},"img":{"alt_text":"","src":"https:\/\/i0.wp.com\/ismaelcolosi.com.br\/wp-content\/uploads\/2024\/04\/frio_ribeirao_1024x576_30062021063120.jpg?fit=1024%2C576&ssl=1&resize=350%2C200","width":350,"height":200,"srcset":"https:\/\/i0.wp.com\/ismaelcolosi.com.br\/wp-content\/uploads\/2024\/04\/frio_ribeirao_1024x576_30062021063120.jpg?fit=1024%2C576&ssl=1&resize=350%2C200 1x, https:\/\/i0.wp.com\/ismaelcolosi.com.br\/wp-content\/uploads\/2024\/04\/frio_ribeirao_1024x576_30062021063120.jpg?fit=1024%2C576&ssl=1&resize=525%2C300 1.5x, https:\/\/i0.wp.com\/ismaelcolosi.com.br\/wp-content\/uploads\/2024\/04\/frio_ribeirao_1024x576_30062021063120.jpg?fit=1024%2C576&ssl=1&resize=700%2C400 2x"},"classes":[]},{"id":54813,"url":"https:\/\/ismaelcolosi.com.br\/index.php\/2024\/06\/28\/onda-de-frio-vem-com-tudo-veja-as-temperaturas-previstas-no-interior-de-sp\/","url_meta":{"origin":56669,"position":1},"title":"Onda de frio vem com tudo; Veja as temperaturas previstas no interior de SP","author":"ismaelcolosi.com.br","date":"28 de June de 2024","format":false,"excerpt":"A primeira onda de frio do inverno 2024 come\u00e7a nesta sexta-feira (28) e tem previs\u00e3o de seguir pelos pr\u00f3ximos cinco dias, at\u00e9 2 de julho. A Climatempo indica uma forte frente fria\u00a0e queda acentuada de temperatura, especialmente na regi\u00e3o Sul do Brasil. Os efeitos da onda de frio poder\u00e3o ser\u2026","rel":"","context":"In &quot;Not\u00edcias de Ribeir\u00e3o Preto-SP e Regi\u00e3o&quot;","block_context":{"text":"Not\u00edcias de Ribeir\u00e3o Preto-SP e Regi\u00e3o","link":"https:\/\/ismaelcolosi.com.br\/index.php\/category\/noticias-de-ribeirao-preto-sp-e-regiao-ismael-colosi\/"},"img":{"alt_text":"","src":"https:\/\/i0.wp.com\/ismaelcolosi.com.br\/wp-content\/uploads\/2024\/06\/calcadao_ribeirao_1024x576_22052020190437.jpg?fit=1024%2C576&ssl=1&resize=350%2C200","width":350,"height":200,"srcset":"https:\/\/i0.wp.com\/ismaelcolosi.com.br\/wp-content\/uploads\/2024\/06\/calcadao_ribeirao_1024x576_22052020190437.jpg?fit=1024%2C576&ssl=1&resize=350%2C200 1x, https:\/\/i0.wp.com\/ismaelcolosi.com.br\/wp-content\/uploads\/2024\/06\/calcadao_ribeirao_1024x576_22052020190437.jpg?fit=1024%2C576&ssl=1&resize=525%2C300 1.5x, https:\/\/i0.wp.com\/ismaelcolosi.com.br\/wp-content\/uploads\/2024\/06\/calcadao_ribeirao_1024x576_22052020190437.jpg?fit=1024%2C576&ssl=1&resize=700%2C400 2x"},"classes":[]},{"id":49218,"url":"https:\/\/ismaelcolosi.com.br\/index.php\/2024\/05\/09\/frio-tem-data-para-chegar-ao-estado-de-sp-veja-previsao-das-temperaturas-no-interior\/","url_meta":{"origin":56669,"position":2},"title":"Frio tem data para chegar ao estado de SP; Veja previs\u00e3o das temperaturas no interior","author":"ismaelcolosi.com.br","date":"9 de May de 2024","format":false,"excerpt":"A chegada de uma frente fria ao Sul do Brasil neste fim de semana traz uma forte massa de ar polar, que deve come\u00e7ar a romper o bloqueio do ar quente no Sudeste a partir da pr\u00f3xima semana, segundo a Climatempo. \u201cA atmosfera deve come\u00e7ar a se movimentar novamente na\u2026","rel":"","context":"In &quot;Not\u00edcias de Ribeir\u00e3o Preto-SP e Regi\u00e3o&quot;","block_context":{"text":"Not\u00edcias de Ribeir\u00e3o Preto-SP e Regi\u00e3o","link":"https:\/\/ismaelcolosi.com.br\/index.php\/category\/noticias-de-ribeirao-preto-sp-e-regiao-ismael-colosi\/"},"img":{"alt_text":"","src":"https:\/\/i0.wp.com\/ismaelcolosi.com.br\/wp-content\/uploads\/2024\/05\/ceu_nublado_e_tempo_frio_em_campinas_cxdigo_19_166036-scaled.jpg?fit=1200%2C800&ssl=1&resize=350%2C200","width":350,"height":200,"srcset":"https:\/\/i0.wp.com\/ismaelcolosi.com.br\/wp-content\/uploads\/2024\/05\/ceu_nublado_e_tempo_frio_em_campinas_cxdigo_19_166036-scaled.jpg?fit=1200%2C800&ssl=1&resize=350%2C200 1x, https:\/\/i0.wp.com\/ismaelcolosi.com.br\/wp-content\/uploads\/2024\/05\/ceu_nublado_e_tempo_frio_em_campinas_cxdigo_19_166036-scaled.jpg?fit=1200%2C800&ssl=1&resize=525%2C300 1.5x, https:\/\/i0.wp.com\/ismaelcolosi.com.br\/wp-content\/uploads\/2024\/05\/ceu_nublado_e_tempo_frio_em_campinas_cxdigo_19_166036-scaled.jpg?fit=1200%2C800&ssl=1&resize=700%2C400 2x, https:\/\/i0.wp.com\/ismaelcolosi.com.br\/wp-content\/uploads\/2024\/05\/ceu_nublado_e_tempo_frio_em_campinas_cxdigo_19_166036-scaled.jpg?fit=1200%2C800&ssl=1&resize=1050%2C600 3x"},"classes":[]},{"id":45415,"url":"https:\/\/ismaelcolosi.com.br\/index.php\/2024\/04\/04\/nova-onda-de-calor-temperaturas-aumentam-antes-do-frio-chegar-ao-interior-de-sp\/","url_meta":{"origin":56669,"position":3},"title":"Nova onda de calor? Temperaturas aumentam antes do frio chegar ao interior de SP","author":"ismaelcolosi.com.br","date":"4 de April de 2024","format":false,"excerpt":"Antes da chegada de uma nova frente fria ao interior de S\u00e3o Paulo, as altas temperaturas devem atingir o estado nos pr\u00f3ximos dias. De acordo com o meteorologista Matheus Manente, do IAG (Instituto de Astronomia, Geof\u00edsica e Ci\u00eancias Atmosf\u00e9ricas) da USP (Universidade de S\u00e3o Paulo) e do site Meteored, o\u2026","rel":"","context":"In &quot;Not\u00edcias de Ribeir\u00e3o Preto-SP e Regi\u00e3o&quot;","block_context":{"text":"Not\u00edcias de Ribeir\u00e3o Preto-SP e Regi\u00e3o","link":"https:\/\/ismaelcolosi.com.br\/index.php\/category\/noticias-de-ribeirao-preto-sp-e-regiao-ismael-colosi\/"},"img":{"alt_text":"","src":"https:\/\/i0.wp.com\/ismaelcolosi.com.br\/wp-content\/uploads\/2024\/04\/20230711_174150-scaled.jpg?fit=1200%2C540&ssl=1&resize=350%2C200","width":350,"height":200,"srcset":"https:\/\/i0.wp.com\/ismaelcolosi.com.br\/wp-content\/uploads\/2024\/04\/20230711_174150-scaled.jpg?fit=1200%2C540&ssl=1&resize=350%2C200 1x, https:\/\/i0.wp.com\/ismaelcolosi.com.br\/wp-content\/uploads\/2024\/04\/20230711_174150-scaled.jpg?fit=1200%2C540&ssl=1&resize=525%2C300 1.5x, https:\/\/i0.wp.com\/ismaelcolosi.com.br\/wp-content\/uploads\/2024\/04\/20230711_174150-scaled.jpg?fit=1200%2C540&ssl=1&resize=700%2C400 2x, https:\/\/i0.wp.com\/ismaelcolosi.com.br\/wp-content\/uploads\/2024\/04\/20230711_174150-scaled.jpg?fit=1200%2C540&ssl=1&resize=1050%2C600 3x"},"classes":[]},{"id":55569,"url":"https:\/\/ismaelcolosi.com.br\/index.php\/2024\/07\/04\/intensa-onda-de-frio-tem-data-para-chegar-confira-a-previsao-no-estado-de-sp\/","url_meta":{"origin":56669,"position":4},"title":"Intensa onda de frio tem data para chegar; Confira a previs\u00e3o no estado de SP","author":"ismaelcolosi.com.br","date":"4 de July de 2024","format":false,"excerpt":"Uma intensa massa de ar polar est\u00e1 prevista para atingir o Brasil em julho. Segundo a Meteored, o modelo europeu ECMWF aponta que uma onda de frio ser\u00e1 destaque ainda nesta primeira quinzena do m\u00eas em boa parte do pa\u00eds. \u201cA tend\u00eancia \u00e9 que isso aconte\u00e7a nos pr\u00f3ximos dias, com\u00a0o\u2026","rel":"","context":"In &quot;Not\u00edcias de Ribeir\u00e3o Preto-SP e Regi\u00e3o&quot;","block_context":{"text":"Not\u00edcias de Ribeir\u00e3o Preto-SP e Regi\u00e3o","link":"https:\/\/ismaelcolosi.com.br\/index.php\/category\/noticias-de-ribeirao-preto-sp-e-regiao-ismael-colosi\/"},"img":{"alt_text":"","src":"https:\/\/i0.wp.com\/ismaelcolosi.com.br\/wp-content\/uploads\/2024\/05\/FRIO_2024-05-31_10-28-23_jpg_2024-05-31_10-28-23.webp.webp?fit=1200%2C943&ssl=1&resize=350%2C200","width":350,"height":200,"srcset":"https:\/\/i0.wp.com\/ismaelcolosi.com.br\/wp-content\/uploads\/2024\/05\/FRIO_2024-05-31_10-28-23_jpg_2024-05-31_10-28-23.webp.webp?fit=1200%2C943&ssl=1&resize=350%2C200 1x, https:\/\/i0.wp.com\/ismaelcolosi.com.br\/wp-content\/uploads\/2024\/05\/FRIO_2024-05-31_10-28-23_jpg_2024-05-31_10-28-23.webp.webp?fit=1200%2C943&ssl=1&resize=525%2C300 1.5x, https:\/\/i0.wp.com\/ismaelcolosi.com.br\/wp-content\/uploads\/2024\/05\/FRIO_2024-05-31_10-28-23_jpg_2024-05-31_10-28-23.webp.webp?fit=1200%2C943&ssl=1&resize=700%2C400 2x, https:\/\/i0.wp.com\/ismaelcolosi.com.br\/wp-content\/uploads\/2024\/05\/FRIO_2024-05-31_10-28-23_jpg_2024-05-31_10-28-23.webp.webp?fit=1200%2C943&ssl=1&resize=1050%2C600 3x"},"classes":[]},{"id":62340,"url":"https:\/\/ismaelcolosi.com.br\/index.php\/2024\/08\/27\/manha-comeca-gelada-em-ribeirao-preto-veja-ate-quando-vai-o-frio\/","url_meta":{"origin":56669,"position":5},"title":"Manh\u00e3 come\u00e7a gelada em Ribeir\u00e3o Preto; Veja at\u00e9 quando vai o frio","author":"ismaelcolosi.com.br","date":"27 de August de 2024","format":false,"excerpt":"Uma forte massa de ar frio de origem polar ainda atua sobre o interior do Brasil nesta ter\u00e7a-feira (27), ap\u00f3s a passagem de uma frente fria. Em Ribeir\u00e3o Preto, a m\u00ednima chegou a 7,5\u00b0C, \u00e0s 6h40, de acordo com o monitoramento do Centro Integrado de Informa\u00e7\u00f5es Agrometeorol\u00f3gicas (Ciiagro). Mas, esta\u2026","rel":"","context":"In &quot;Not\u00edcias de Ribeir\u00e3o Preto-SP e Regi\u00e3o&quot;","block_context":{"text":"Not\u00edcias de Ribeir\u00e3o Preto-SP e Regi\u00e3o","link":"https:\/\/ismaelcolosi.com.br\/index.php\/category\/noticias-de-ribeirao-preto-sp-e-regiao-ismael-colosi\/"},"img":{"alt_text":"","src":"https:\/\/i0.wp.com\/ismaelcolosi.com.br\/wp-content\/uploads\/2024\/08\/frio_blusa_1200x675_20052022064557.jpg?fit=1200%2C675&ssl=1&resize=350%2C200","width":350,"height":200,"srcset":"https:\/\/i0.wp.com\/ismaelcolosi.com.br\/wp-content\/uploads\/2024\/08\/frio_blusa_1200x675_20052022064557.jpg?fit=1200%2C675&ssl=1&resize=350%2C200 1x, https:\/\/i0.wp.com\/ismaelcolosi.com.br\/wp-content\/uploads\/2024\/08\/frio_blusa_1200x675_20052022064557.jpg?fit=1200%2C675&ssl=1&resize=525%2C300 1.5x, https:\/\/i0.wp.com\/ismaelcolosi.com.br\/wp-content\/uploads\/2024\/08\/frio_blusa_1200x675_20052022064557.jpg?fit=1200%2C675&ssl=1&resize=700%2C400 2x, https:\/\/i0.wp.com\/ismaelcolosi.com.br\/wp-content\/uploads\/2024\/08\/frio_blusa_1200x675_20052022064557.jpg?fit=1200%2C675&ssl=1&resize=1050%2C600 3x"},"classes":[]}],"jetpack_sharing_enabled":true,"jetpack_shortlink":"https:\/\/wp.me\/pfMlyK-eK1","_links":{"self":[{"href":"https:\/\/ismaelcolosi.com.br\/index.php\/wp-json\/wp\/v2\/posts\/56669","targetHints":{"allow":["GET"]}}],"collection":[{"href":"https:\/\/ismaelcolosi.com.br\/index.php\/wp-json\/wp\/v2\/posts"}],"about":[{"href":"https:\/\/ismaelcolosi.com.br\/index.php\/wp-json\/wp\/v2\/types\/post"}],"author":[{"embeddable":true,"href":"https:\/\/ismaelcolosi.com.br\/index.php\/wp-json\/wp\/v2\/users\/1"}],"replies":[{"embeddable":true,"href":"https:\/\/ismaelcolosi.com.br\/index.php\/wp-json\/wp\/v2\/comments?post=56669"}],"version-history":[{"count":0,"href":"https:\/\/ismaelcolosi.com.br\/index.php\/wp-json\/wp\/v2\/posts\/56669\/revisions"}],"wp:featuredmedia":[{"embeddable":true,"href":"https:\/\/ismaelcolosi.com.br\/index.php\/wp-json\/wp\/v2\/media\/56670"}],"wp:attachment":[{"href":"https:\/\/ismaelcolosi.com.br\/index.php\/wp-json\/wp\/v2\/media?parent=56669"}],"wp:term":[{"taxonomy":"category","embeddable":true,"href":"https:\/\/ismaelcolosi.com.br\/index.php\/wp-json\/wp\/v2\/categories?post=56669"},{"taxonomy":"post_tag","embeddable":true,"href":"https:\/\/ismaelcolosi.com.br\/index.php\/wp-json\/wp\/v2\/tags?post=56669"}],"curies":[{"name":"wp","href":"https:\/\/api.w.org\/{rel}","templated":true}]}}