{"id":56667,"date":"2024-07-14T08:55:31","date_gmt":"2024-07-14T11:55:31","guid":{"rendered":"https:\/\/ismaelcolosi.com.br\/index.php\/2024\/07\/14\/prefeitura-de-ribeirao-preto-quer-pegar-ate-r-57-milhoes-com-o-bndes-entenda\/"},"modified":"2024-07-14T08:55:31","modified_gmt":"2024-07-14T11:55:31","slug":"prefeitura-de-ribeirao-preto-quer-pegar-ate-r-57-milhoes-com-o-bndes-entenda","status":"publish","type":"post","link":"https:\/\/ismaelcolosi.com.br\/index.php\/2024\/07\/14\/prefeitura-de-ribeirao-preto-quer-pegar-ate-r-57-milhoes-com-o-bndes-entenda\/","title":{"rendered":"Prefeitura de Ribeir\u00e3o Preto quer pegar at\u00e9 R$ 57 milh\u00f5es com o BNDES; Entenda"},"content":{"rendered":"<p> <br \/>\n<\/p>\n<div>\n<p>A <strong><a href=\"https:\/\/www.ribeiraopreto.sp.gov.br\/portal\/\" target=\"_blank\" rel=\"noreferrer noopener nofollow\">Prefeitura de Ribeir\u00e3o Preto<\/a><\/strong> quer contratar um financiamento de at\u00e9 R$ 57 milh\u00f5es com o <strong>BNDES (Banco Nacional de Desenvolvimento Econ\u00f4mico e Social)<\/strong>. De acordo com o projeto de lei encaminhado para <strong><a href=\"https:\/\/www.camararibeiraopreto.sp.gov.br\/atividade-legislativa\/sessoes\/pesquisas\" target=\"_blank\" rel=\"noreferrer noopener nofollow\">C\u00e2mara Municipal<\/a><\/strong>, o empr\u00e9stimo tem o objetivo de \u201cmoderniza\u00e7\u00e3o da gest\u00e3o p\u00fablica\u201d.<\/p>\n<p>Os recursos seriam utilizados na <mark style=\"background-color:#fcb900\" class=\"has-inline-color\">revis\u00e3o e atualiza\u00e7\u00e3o da PGV (Planta Gen\u00e9rica de Valores) \u2014 que define o valor cobrado pelo IPTU <\/mark>\u2014, levantamento de im\u00f3veis p\u00fablicos, integra\u00e7\u00e3o da fiscaliza\u00e7\u00e3o, Programa Prefeitura Sem Papel, digitaliza\u00e7\u00e3o do arquivo municipal, moderniza\u00e7\u00e3o da infraestrutura de TI, novo plano de macrodrenagem, entre outros.<\/p>\n<p>Segundo o projeto de lei, o financiamento j\u00e1 recebeu parecer pr\u00e9vio favor\u00e1vel do BNDES. <mark style=\"background-color:#fcb900\" class=\"has-inline-color has-black-color\">A previs\u00e3o \u00e9 que o empr\u00e9stimo seja pago em at\u00e9 20 anos<\/mark>. O munic\u00edpio entraria com contrapartida de R$ 6,2 milh\u00f5es.<\/p>\n<h4 class=\"wp-block-heading\"><strong>Outros empr\u00e9stimos<\/strong><\/h4>\n<p>O financiamento seria oriundo do PMat (Programa de Moderniza\u00e7\u00e3o Tribut\u00e1ria e da Gest\u00e3o dos Setores Sociais B\u00e1sicos). O munic\u00edpio j\u00e1 havia pegado o empr\u00e9stimo em 2001 e 2015.<\/p>\n<p>\u201c[\u2026] ressaltamos que o projeto apresentado possui relevante interesse social, na medida em que proporcionar\u00e1 significativa melhoria nos servi\u00e7os a serem prestados pela Prefeitura, dotando o munic\u00edpio de infraestrutura tecnol\u00f3gica moderna e din\u00e2mica\u201d, informa a prefeitura.<\/p>\n<h4 class=\"wp-block-heading\"><strong>Tramita\u00e7\u00e3o<br \/><\/strong><\/h4>\n<p>O projeto de lei deu entrada na C\u00e2mara Municipal na \u00faltima quinta-feira (11). Com isso, foi aberto o prazo de 10 dia para recebimento de emendas e, depois, seguir\u00e1 para tramita\u00e7\u00e3o nas comiss\u00f5es permanentes da Casa de Leis, antes que possa ser votado no plen\u00e1rio.<\/p>\n<p>SAIBA MAIS<br \/>Ribeir\u00e3o-pretano \u00e9 um dos alvos de opera\u00e7\u00e3o da PF contra \u2018Abin Paralela\u2019<\/p>\n<h4 class=\"wp-block-heading\"><strong>FIQUE ON<\/strong><\/h4>\n<p>Fique ligado em tudo que acontece em Ribeir\u00e3o Preto e regi\u00e3o. Siga os perfis do <strong>acidade on <\/strong>no Instagram e no Facebook.<\/p>\n<p>Receba not\u00edcias do<strong> acidade on <\/strong>no WhatsApp. <a href=\"https:\/\/chat.whatsapp.com\/CdrZ6xrf7quD44Vw3WlPuZ\" target=\"_blank\" rel=\"noreferrer noopener nofollow\">Para entrar no grupo, basta clicar aqui.<\/a><\/p>\n<p>Fa\u00e7a uma den\u00fancia ou sugira uma reportagem sobre Ribeir\u00e3o Preto e regi\u00e3o pelo WhatsApp: 16 99117 7802.<\/p>\n<p>VEJA TAMB\u00c9M<br \/>Como renegociar d\u00edvidas ap\u00f3s fim do Desenrola Brasil?<\/p>\n<p><!-- AI CONTENT END 1 -->\n<\/div>\n<p><br \/>\n<br \/><a href=\"https:\/\/www.acidadeon.com\/ribeiraopreto\/politica\/nevio-archibald\/prefeitura-de-ribeirao-preto-quer-pegar-ate-r-57-milhoes-com-o-bndes-entenda\/\">Source link <\/a><\/p>\n<div class='code-block code-block-4' style='margin: 8px auto 8px 0; text-align: left; display: block; clear: both;'>\n\ud83d\udce2 Aviso Legal\n\nO site ismaelcolosi.com.br atua apenas como um canal de divulga\u00e7\u00e3o de oportunidades de emprego e n\u00e3o se responsabiliza pelo processo seletivo, contrata\u00e7\u00e3o ou qualquer outra etapa relacionada \u00e0s vagas publicadas. Todas as informa\u00e7\u00f5es s\u00e3o de responsabilidade dos anunciantes.\n\n\u26a0\ufe0f Aten\u00e7\u00e3o! Nunca pague por promessas de emprego nem compre cursos que garantam contrata\u00e7\u00e3o. Desconfie de qualquer cobran\u00e7a para participar de sele\u00e7\u00f5es.\n\n\n\n<\/div>\n<!-- CONTENT END 1 -->\n","protected":false},"excerpt":{"rendered":"<p>A Prefeitura de Ribeir\u00e3o Preto quer contratar um financiamento de at\u00e9 R$ 57 milh\u00f5es com o BNDES (Banco Nacional de Desenvolvimento Econ\u00f4mico e Social). De&#8230;<\/p>\n","protected":false},"author":1,"featured_media":56668,"comment_status":"open","ping_status":"open","sticky":false,"template":"","format":"standard","meta":{"_uag_custom_page_level_css":"","advanced_seo_description":"","jetpack_seo_html_title":"","jetpack_seo_noindex":false,"jetpack_post_was_ever_published":false,"_jetpack_newsletter_access":"","_jetpack_dont_email_post_to_subs":false,"_jetpack_newsletter_tier_id":0,"_jetpack_memberships_contains_paywalled_content":false,"_jetpack_memberships_contains_paid_content":false,"footnotes":"","jetpack_publicize_message":"","jetpack_publicize_feature_enabled":true,"jetpack_social_post_already_shared":true,"jetpack_social_options":{"image_generator_settings":{"template":"highway","default_image_id":0,"font":"","enabled":false},"version":2}},"categories":[11],"tags":[],"class_list":["post-56667","post","type-post","status-publish","format-standard","has-post-thumbnail","hentry","category-noticias-de-ribeirao-preto-sp-e-regiao-ismael-colosi"],"jetpack_publicize_connections":[],"jetpack_featured_media_url":"https:\/\/i0.wp.com\/ismaelcolosi.com.br\/wp-content\/uploads\/2024\/07\/ribeirao-preto-prefeitura.jpg?fit=1200%2C900&ssl=1","uagb_featured_image_src":{"full":["https:\/\/i0.wp.com\/ismaelcolosi.com.br\/wp-content\/uploads\/2024\/07\/ribeirao-preto-prefeitura.jpg?fit=1200%2C900&ssl=1",1200,900,false],"thumbnail":["https:\/\/i0.wp.com\/ismaelcolosi.com.br\/wp-content\/uploads\/2024\/07\/ribeirao-preto-prefeitura.jpg?resize=150%2C150&ssl=1",150,150,true],"medium":["https:\/\/i0.wp.com\/ismaelcolosi.com.br\/wp-content\/uploads\/2024\/07\/ribeirao-preto-prefeitura.jpg?fit=300%2C225&ssl=1",300,225,true],"medium_large":["https:\/\/i0.wp.com\/ismaelcolosi.com.br\/wp-content\/uploads\/2024\/07\/ribeirao-preto-prefeitura.jpg?fit=768%2C576&ssl=1",768,576,true],"large":["https:\/\/i0.wp.com\/ismaelcolosi.com.br\/wp-content\/uploads\/2024\/07\/ribeirao-preto-prefeitura.jpg?fit=1024%2C768&ssl=1",1024,768,true],"1536x1536":["https:\/\/i0.wp.com\/ismaelcolosi.com.br\/wp-content\/uploads\/2024\/07\/ribeirao-preto-prefeitura.jpg?fit=1200%2C900&ssl=1",1200,900,true],"2048x2048":["https:\/\/i0.wp.com\/ismaelcolosi.com.br\/wp-content\/uploads\/2024\/07\/ribeirao-preto-prefeitura.jpg?fit=1200%2C900&ssl=1",1200,900,true],"really-simple-thumb":["https:\/\/i0.wp.com\/ismaelcolosi.com.br\/wp-content\/uploads\/2024\/07\/ribeirao-preto-prefeitura.jpg?resize=370%2C247&ssl=1",370,247,true]},"uagb_author_info":{"display_name":"ismaelcolosi.com.br","author_link":"https:\/\/ismaelcolosi.com.br\/index.php\/author\/vidareal-online\/"},"uagb_comment_info":0,"uagb_excerpt":"A Prefeitura de Ribeir\u00e3o Preto quer contratar um financiamento de at\u00e9 R$ 57 milh\u00f5es com o BNDES (Banco Nacional de Desenvolvimento Econ\u00f4mico e Social). De...","jetpack-related-posts":[{"id":16064,"url":"https:\/\/ismaelcolosi.com.br\/index.php\/2023\/12\/14\/upa-do-ribeirao-verde-cinco-empresas-disputam-obra-de-r-16-milhoes\/","url_meta":{"origin":56667,"position":0},"title":"UPA do Ribeir\u00e3o Verde: cinco empresas disputam obra de R$ 16 milh\u00f5es","author":"ismaelcolosi.com.br","date":"14 de December de 2023","format":false,"excerpt":"A Prefeitura de Ribeir\u00e3o Preto publicou no Di\u00e1rio Oficial do Munic\u00edpio, desta quinta-feira (14), o processo licitat\u00f3rio para a constru\u00e7\u00e3o da UPA (Unidade de Pronto Atendimento) do Ribeir\u00e3o Verde, na zona Leste. De acordo com a Administra\u00e7\u00e3o Municipal, dez empresas se inscreveram para participar da licita\u00e7\u00e3o, contudo, apenas cinco foram\u2026","rel":"","context":"In &quot;Not\u00edcias de Ribeir\u00e3o Preto-SP e Regi\u00e3o&quot;","block_context":{"text":"Not\u00edcias de Ribeir\u00e3o Preto-SP e Regi\u00e3o","link":"https:\/\/ismaelcolosi.com.br\/index.php\/category\/noticias-de-ribeirao-preto-sp-e-regiao-ismael-colosi\/"},"img":{"alt_text":"","src":"https:\/\/i0.wp.com\/ismaelcolosi.com.br\/wp-content\/uploads\/2023\/12\/projeto-UPA-Ribeirao-verde.jpeg?fit=1200%2C849&ssl=1&resize=350%2C200","width":350,"height":200,"srcset":"https:\/\/i0.wp.com\/ismaelcolosi.com.br\/wp-content\/uploads\/2023\/12\/projeto-UPA-Ribeirao-verde.jpeg?fit=1200%2C849&ssl=1&resize=350%2C200 1x, https:\/\/i0.wp.com\/ismaelcolosi.com.br\/wp-content\/uploads\/2023\/12\/projeto-UPA-Ribeirao-verde.jpeg?fit=1200%2C849&ssl=1&resize=525%2C300 1.5x, https:\/\/i0.wp.com\/ismaelcolosi.com.br\/wp-content\/uploads\/2023\/12\/projeto-UPA-Ribeirao-verde.jpeg?fit=1200%2C849&ssl=1&resize=700%2C400 2x, https:\/\/i0.wp.com\/ismaelcolosi.com.br\/wp-content\/uploads\/2023\/12\/projeto-UPA-Ribeirao-verde.jpeg?fit=1200%2C849&ssl=1&resize=1050%2C600 3x"},"classes":[]},{"id":15918,"url":"https:\/\/ismaelcolosi.com.br\/index.php\/2023\/12\/14\/ribeirao-quer-doar-terrenos-para-construcao-de-441-unidades-habitacionais-veja-os-locais\/","url_meta":{"origin":56667,"position":1},"title":"Ribeir\u00e3o quer doar terrenos para constru\u00e7\u00e3o de 441 unidades habitacionais; Veja os locais","author":"ismaelcolosi.com.br","date":"14 de December de 2023","format":false,"excerpt":"A Prefeitura de Ribeir\u00e3o Preto quer doar para o Fundo de Arrendamento Residencial, da Caixa Econ\u00f4mica Federal, tr\u00eas terrenos para constru\u00e7\u00e3o de 441 unidades habitacionais por meio do programa Minha Casa Minha Vida, do Governo Federal. Um projeto de lei complementar que permite a doa\u00e7\u00e3o dos im\u00f3veis foi enviado para\u2026","rel":"","context":"In &quot;Not\u00edcias de Ribeir\u00e3o Preto-SP e Regi\u00e3o&quot;","block_context":{"text":"Not\u00edcias de Ribeir\u00e3o Preto-SP e Regi\u00e3o","link":"https:\/\/ismaelcolosi.com.br\/index.php\/category\/noticias-de-ribeirao-preto-sp-e-regiao-ismael-colosi\/"},"img":{"alt_text":"","src":"https:\/\/i0.wp.com\/ismaelcolosi.com.br\/wp-content\/uploads\/2023\/12\/minha-casa-minha-vida.jpeg?fit=1200%2C675&ssl=1&resize=350%2C200","width":350,"height":200,"srcset":"https:\/\/i0.wp.com\/ismaelcolosi.com.br\/wp-content\/uploads\/2023\/12\/minha-casa-minha-vida.jpeg?fit=1200%2C675&ssl=1&resize=350%2C200 1x, https:\/\/i0.wp.com\/ismaelcolosi.com.br\/wp-content\/uploads\/2023\/12\/minha-casa-minha-vida.jpeg?fit=1200%2C675&ssl=1&resize=525%2C300 1.5x, https:\/\/i0.wp.com\/ismaelcolosi.com.br\/wp-content\/uploads\/2023\/12\/minha-casa-minha-vida.jpeg?fit=1200%2C675&ssl=1&resize=700%2C400 2x, https:\/\/i0.wp.com\/ismaelcolosi.com.br\/wp-content\/uploads\/2023\/12\/minha-casa-minha-vida.jpeg?fit=1200%2C675&ssl=1&resize=1050%2C600 3x"},"classes":[]},{"id":49615,"url":"https:\/\/ismaelcolosi.com.br\/index.php\/2024\/05\/12\/contrato-do-onibus-tera-de-ser-revisado-mais-uma-vez-em-ribeirao-preto-veja-o-motivo\/","url_meta":{"origin":56667,"position":2},"title":"Contrato do \u00f4nibus ter\u00e1 de ser revisado mais uma vez em Ribeir\u00e3o Preto; Veja o motivo","author":"ismaelcolosi.com.br","date":"12 de May de 2024","format":false,"excerpt":"Por conta da libera\u00e7\u00e3o dos recursos do Novo PAC (Programa de Acelera\u00e7\u00e3o do Crescimento) Sele\u00e7\u00f5es, o contrato de concess\u00e3o do transporte coletivo de Ribeir\u00e3o Preto dever\u00e1 ser revisto mais uma vez. Na \u00faltima semana, o Governo Federal liberou o financiamento de R$ 210 milh\u00f5es para compra de 60 \u00f4nibus el\u00e9tricos\u2026","rel":"","context":"In &quot;Not\u00edcias de Ribeir\u00e3o Preto-SP e Regi\u00e3o&quot;","block_context":{"text":"Not\u00edcias de Ribeir\u00e3o Preto-SP e Regi\u00e3o","link":"https:\/\/ismaelcolosi.com.br\/index.php\/category\/noticias-de-ribeirao-preto-sp-e-regiao-ismael-colosi\/"},"img":{"alt_text":"","src":"https:\/\/i0.wp.com\/ismaelcolosi.com.br\/wp-content\/uploads\/2024\/05\/teste_onibus_eletrico_3_-_foto_guilherme_sircili_27_2024-05-11_18-26-00_jpg_2024-05-11_18-26-01.webp.webp?fit=1200%2C800&ssl=1&resize=350%2C200","width":350,"height":200,"srcset":"https:\/\/i0.wp.com\/ismaelcolosi.com.br\/wp-content\/uploads\/2024\/05\/teste_onibus_eletrico_3_-_foto_guilherme_sircili_27_2024-05-11_18-26-00_jpg_2024-05-11_18-26-01.webp.webp?fit=1200%2C800&ssl=1&resize=350%2C200 1x, https:\/\/i0.wp.com\/ismaelcolosi.com.br\/wp-content\/uploads\/2024\/05\/teste_onibus_eletrico_3_-_foto_guilherme_sircili_27_2024-05-11_18-26-00_jpg_2024-05-11_18-26-01.webp.webp?fit=1200%2C800&ssl=1&resize=525%2C300 1.5x, https:\/\/i0.wp.com\/ismaelcolosi.com.br\/wp-content\/uploads\/2024\/05\/teste_onibus_eletrico_3_-_foto_guilherme_sircili_27_2024-05-11_18-26-00_jpg_2024-05-11_18-26-01.webp.webp?fit=1200%2C800&ssl=1&resize=700%2C400 2x, https:\/\/i0.wp.com\/ismaelcolosi.com.br\/wp-content\/uploads\/2024\/05\/teste_onibus_eletrico_3_-_foto_guilherme_sircili_27_2024-05-11_18-26-00_jpg_2024-05-11_18-26-01.webp.webp?fit=1200%2C800&ssl=1&resize=1050%2C600 3x"},"classes":[]},{"id":1256,"url":"https:\/\/ismaelcolosi.com.br\/index.php\/2023\/11\/11\/governo-vai-repassar-r-50-mi-para-o-ipm\/","url_meta":{"origin":56667,"position":3},"title":"Governo vai repassar R$ 50 mi para o IPM\u00a0","author":"ismaelcolosi.com.br","date":"11 de November de 2023","format":false,"excerpt":"11 de novembro de 2023 | 11:0010 de novembro de 2023 | 19:08 0A prefeitura de Ribeir\u00e3o Preto protocolou, na C\u00e2mara de Vereadores, projeto de lei que pede autoriza\u00e7\u00e3o para repassar at\u00e9 R$ 50 milh\u00f5es para o Instituto de Previd\u00eancia dos Municipi\u00e1rios (IPM). De acordo com a proposta, os recursos\u2026","rel":"","context":"In &quot;Not\u00edcias de Ribeir\u00e3o Preto-SP e Regi\u00e3o&quot;","block_context":{"text":"Not\u00edcias de Ribeir\u00e3o Preto-SP e Regi\u00e3o","link":"https:\/\/ismaelcolosi.com.br\/index.php\/category\/noticias-de-ribeirao-preto-sp-e-regiao-ismael-colosi\/"},"img":{"alt_text":"","src":"https:\/\/i0.wp.com\/ismaelcolosi.com.br\/wp-content\/uploads\/2023\/11\/IPM-scaled.jpg?fit=967%2C645&ssl=1&resize=350%2C200","width":350,"height":200,"srcset":"https:\/\/i0.wp.com\/ismaelcolosi.com.br\/wp-content\/uploads\/2023\/11\/IPM-scaled.jpg?fit=967%2C645&ssl=1&resize=350%2C200 1x, https:\/\/i0.wp.com\/ismaelcolosi.com.br\/wp-content\/uploads\/2023\/11\/IPM-scaled.jpg?fit=967%2C645&ssl=1&resize=525%2C300 1.5x, https:\/\/i0.wp.com\/ismaelcolosi.com.br\/wp-content\/uploads\/2023\/11\/IPM-scaled.jpg?fit=967%2C645&ssl=1&resize=700%2C400 2x"},"classes":[]},{"id":9998,"url":"https:\/\/ismaelcolosi.com.br\/index.php\/2023\/12\/03\/proposta-quer-deixar-parte-do-orcamento-de-ribeirao-na-mao-dos-vereadores\/","url_meta":{"origin":56667,"position":4},"title":"Proposta quer deixar parte do or\u00e7amento de Ribeir\u00e3o na m\u00e3o dos vereadores","author":"ismaelcolosi.com.br","date":"3 de December de 2023","format":false,"excerpt":"Deu entrada na C\u00e2mara de Ribeir\u00e3o Preto uma Proposta de Emenda \u00e0 Lei Org\u00e2nica do Munic\u00edpio, que criar as emendas impositivas. O projeto prev\u00ea que at\u00e9 0,45% do or\u00e7amento da prefeitura seja destinado para que os vereadores apontem os locais que poderiam receber os recursos. O que \u00e9? A Proposta\u2026","rel":"","context":"In &quot;Not\u00edcias de Ribeir\u00e3o Preto-SP e Regi\u00e3o&quot;","block_context":{"text":"Not\u00edcias de Ribeir\u00e3o Preto-SP e Regi\u00e3o","link":"https:\/\/ismaelcolosi.com.br\/index.php\/category\/noticias-de-ribeirao-preto-sp-e-regiao-ismael-colosi\/"},"img":{"alt_text":"","src":"https:\/\/i0.wp.com\/ismaelcolosi.com.br\/wp-content\/uploads\/2023\/12\/camara_municipal_1024x576_11012021150646.jpg?fit=1024%2C576&ssl=1&resize=350%2C200","width":350,"height":200,"srcset":"https:\/\/i0.wp.com\/ismaelcolosi.com.br\/wp-content\/uploads\/2023\/12\/camara_municipal_1024x576_11012021150646.jpg?fit=1024%2C576&ssl=1&resize=350%2C200 1x, https:\/\/i0.wp.com\/ismaelcolosi.com.br\/wp-content\/uploads\/2023\/12\/camara_municipal_1024x576_11012021150646.jpg?fit=1024%2C576&ssl=1&resize=525%2C300 1.5x, https:\/\/i0.wp.com\/ismaelcolosi.com.br\/wp-content\/uploads\/2023\/12\/camara_municipal_1024x576_11012021150646.jpg?fit=1024%2C576&ssl=1&resize=700%2C400 2x"},"classes":[]},{"id":8667,"url":"https:\/\/ismaelcolosi.com.br\/index.php\/2023\/11\/30\/ribeirao-preto-tem-427-professores-mediadores\/","url_meta":{"origin":56667,"position":5},"title":"Ribeir\u00e3o Preto tem 427 professores mediadores\u00a0","author":"ismaelcolosi.com.br","date":"30 de November de 2023","format":false,"excerpt":"30 de novembro de 2023 | 16:0030 de novembro de 2023 | 9:37 0Projeto de lei do prefeito Duarte Nogueira (PSDB), em an\u00e1lise na C\u00e2mara de Vereadores, pretende autorizar a Secretaria Municipal da Fazenda a abrir cr\u00e9dito de at\u00e9 R$ 31 milh\u00f5es a favor da pasta da Educa\u00e7\u00e3o. Segundo a\u2026","rel":"","context":"In &quot;Not\u00edcias de Ribeir\u00e3o Preto-SP e Regi\u00e3o&quot;","block_context":{"text":"Not\u00edcias de Ribeir\u00e3o Preto-SP e Regi\u00e3o","link":"https:\/\/ismaelcolosi.com.br\/index.php\/category\/noticias-de-ribeirao-preto-sp-e-regiao-ismael-colosi\/"},"img":{"alt_text":"","src":"https:\/\/i0.wp.com\/ismaelcolosi.com.br\/wp-content\/uploads\/2023\/11\/mediador-scaled.jpg?fit=484%2C645&ssl=1&resize=350%2C200","width":350,"height":200},"classes":[]}],"jetpack_sharing_enabled":true,"jetpack_shortlink":"https:\/\/wp.me\/pfMlyK-eJZ","_links":{"self":[{"href":"https:\/\/ismaelcolosi.com.br\/index.php\/wp-json\/wp\/v2\/posts\/56667","targetHints":{"allow":["GET"]}}],"collection":[{"href":"https:\/\/ismaelcolosi.com.br\/index.php\/wp-json\/wp\/v2\/posts"}],"about":[{"href":"https:\/\/ismaelcolosi.com.br\/index.php\/wp-json\/wp\/v2\/types\/post"}],"author":[{"embeddable":true,"href":"https:\/\/ismaelcolosi.com.br\/index.php\/wp-json\/wp\/v2\/users\/1"}],"replies":[{"embeddable":true,"href":"https:\/\/ismaelcolosi.com.br\/index.php\/wp-json\/wp\/v2\/comments?post=56667"}],"version-history":[{"count":0,"href":"https:\/\/ismaelcolosi.com.br\/index.php\/wp-json\/wp\/v2\/posts\/56667\/revisions"}],"wp:featuredmedia":[{"embeddable":true,"href":"https:\/\/ismaelcolosi.com.br\/index.php\/wp-json\/wp\/v2\/media\/56668"}],"wp:attachment":[{"href":"https:\/\/ismaelcolosi.com.br\/index.php\/wp-json\/wp\/v2\/media?parent=56667"}],"wp:term":[{"taxonomy":"category","embeddable":true,"href":"https:\/\/ismaelcolosi.com.br\/index.php\/wp-json\/wp\/v2\/categories?post=56667"},{"taxonomy":"post_tag","embeddable":true,"href":"https:\/\/ismaelcolosi.com.br\/index.php\/wp-json\/wp\/v2\/tags?post=56667"}],"curies":[{"name":"wp","href":"https:\/\/api.w.org\/{rel}","templated":true}]}}