{"id":56662,"date":"2024-07-14T06:25:48","date_gmt":"2024-07-14T09:25:48","guid":{"rendered":"https:\/\/ismaelcolosi.com.br\/index.php\/2024\/07\/14\/como-comecar-a-semana-de-trabalho-com-o-pe-direito\/"},"modified":"2024-07-14T06:25:48","modified_gmt":"2024-07-14T09:25:48","slug":"como-comecar-a-semana-de-trabalho-com-o-pe-direito","status":"publish","type":"post","link":"https:\/\/ismaelcolosi.com.br\/index.php\/2024\/07\/14\/como-comecar-a-semana-de-trabalho-com-o-pe-direito\/","title":{"rendered":"Como come\u00e7ar a semana de trabalho com o p\u00e9 direito"},"content":{"rendered":"<p> <br \/>\n<\/p>\n<div>\n<p>A <strong>segunda-feira <\/strong>ganhou fama como <strong>um dos dias mais cansativos<\/strong> porque marca o in\u00edcio da semana de trabalho e do retorno das atividades ap\u00f3s o descanso de s\u00e1bado e domingo. No entanto, com um pouco de <strong>planejamento<\/strong>, \u00e9 poss\u00edvel tornar o dia menos estressante.<\/p>\n<div class=\"accessibility\">\n<p>Acessibilidade<\/p>\n<p>\n<button onclick=\"alterFont1()\" id=\"btn1\" class=\"btn\">L<\/button><br \/>\n<button onclick=\"alterFont2()\" id=\"btn2\" class=\"btn\" style=\"font-family: Merriweather\">L<\/button><br \/>\n<button onclick=\"alterFontSmallerSize()\" id=\"btn3\" class=\"btn\">A-<\/button><br \/>\n<button onclick=\"alterFontBiggerSize()\" id=\"btn4\" class=\"btn\">A+<\/button><\/p>\n<p><button onclick=\"alterBackground()\" id=\"btn6\" class=\"btn\">\u25d0<\/button><\/p>\n<\/div>\n<p>Confira como se preparar para a segunda-feira e estabelecer um tom positivo para toda a semana de trabalho.<\/p>\n<h2>Leia tamb\u00e9m<\/h2>\n<div id=\"attachment_621933\" class=\"wp-caption alignnone style=\" max-width:=\"\"><img data-recalc-dims=\"1\" loading=\"lazy\" decoding=\"async\" class=\"alignnone wp-image-621933 size-full\" src=\"https:\/\/i0.wp.com\/forbes.com.br\/wp-content\/uploads\/2024\/07\/carreira-trabalho-planejamento-768x512.jpg?resize=678%2C452&#038;ssl=1\" http:=\"\" alt=\"Getty Images\" width=\"678\" height=\"452\" data-lazy-src=\"https:\/\/forbes.com.br\/wp-content\/uploads\/2024\/07\/carreira-trabalho-planejamento-768x512.jpg\"\/><img data-recalc-dims=\"1\" loading=\"lazy\" decoding=\"async\" class=\"alignnone wp-image-621933 size-full\" src=\"https:\/\/i0.wp.com\/forbes.com.br\/wp-content\/uploads\/2024\/07\/carreira-trabalho-planejamento-768x512.jpg?resize=678%2C452&#038;ssl=1\" alt=\"Getty Images\" width=\"678\" height=\"452\"\/><\/p>\n<p>Getty Images<\/p>\n<p class=\"wp-caption-text\">Estrat\u00e9gias podem fazer toda a diferen\u00e7a no in\u00edcio da sua semana de trabalho<\/p>\n<\/div>\n<h2><strong>1. Planeje a semana no domingo<\/strong><\/h2>\n<p>Uma das estrat\u00e9gias mais importantes para come\u00e7ar a semana sem estresse \u00e9 organizar as tarefas e os dias ainda no domingo. Isso n\u00e3o deve levar mais de uma hora, mas pode mudar totalmente o seu humor e os resultados.<\/p>\n<ul>\n<li><strong>Crie uma lista de tarefas:<\/strong> Primeiro, prepare uma lista de todas as atividades que voc\u00ea precisa fazer durante a semana. Divida essas tarefas em segmentos e organize de acordo com a import\u00e2ncia. Essa lista funcionar\u00e1 como sua b\u00fassola, garantindo que voc\u00ea saiba o que precisa ser feito em todos os momentos.<\/li>\n<li><strong>Defina metas:<\/strong> Fa\u00e7a uma lista dos tr\u00eas objetivos mais importantes que voc\u00ea deseja alcan\u00e7ar durante a semana. Essas devem ser as atividades mais cruciais que potencialmente afetar\u00e3o sua vida profissional ou pessoal. As metas v\u00e3o te guiar e motivar a alcan\u00e7ar o que deseja na vida.<\/li>\n<\/ul>\n<h2>2. Organize seu espa\u00e7o de trabalho<\/h2>\n<p>Um ambiente de trabalho bagun\u00e7ado pode contribuir para o estresse e prejudicar a produtividade. Reservar um tempo no domingo para organizar o escrit\u00f3rio (e tamb\u00e9m outros c\u00f4modos da casa) pode criar um ambiente mais agrad\u00e1vel e eficiente para a segunda-feira e o resto da semana.<\/p>\n<ul>\n<li><strong>Elimine a desordem:<\/strong> Limpe toda a bagun\u00e7a da \u00e1rea de trabalho e n\u00e3o mantenha nada na mesa que n\u00e3o seja necess\u00e1rio. Pap\u00e9is, enfeites, livros e outros objetos que est\u00e3o na mesa podem distrair a mente. Minimize os itens que est\u00e3o ao alcance das m\u00e3os o tempo todo.<\/li>\n<li><strong>Limpe<\/strong>: Isso inclui limpar todas as superf\u00edcies, o teclado e qualquer equipamento. Al\u00e9m de ser mais acolhedor, um ambiente limpo realmente afeta seu humor e ajuda na concentra\u00e7\u00e3o.<\/li>\n<li><strong>Organize<\/strong>: Certifique-se de que voc\u00ea tem tudo de que precisa para a semana seguinte. Isso inclui arquivos, discos r\u00edgidos e qualquer outro item relacionado \u00e0s suas tarefas. Ter tudo em seu devido lugar garante que voc\u00ea n\u00e3o perder\u00e1 tempo procurando quando precisar de algo.<\/li>\n<\/ul>\n<h2>3. Prepare-se mental e fisicamente<\/h2>\n<p>Seu bem-estar f\u00edsico e mental desempenha um papel crucial em como voc\u00ea vai enfrentar sua semana de trabalho. Preparar-se nessas \u00e1reas pode ajud\u00e1-lo a come\u00e7ar a segunda-feira com energia e uma mentalidade positiva.<\/p>\n<ul>\n<li><strong>Durma o suficiente<\/strong>: Tente dormir de 7 a 9 horas na noite de domingo. O sono \u00e9 uma parte crucial da vida humana e impacta o desempenho mental e f\u00edsico. Para evitar dificuldades, crie uma rotina antes de dormir que o ajude a adormecer rapidamente.<\/li>\n<li><strong>Exercite-se<\/strong>: Pratique alguma atividade f\u00edsica no domingo. Exerc\u00edcios regulares, como um treino completo ou uma simples caminhada, podem ajudar a aliviar o estresse, melhorar o humor e aumentar os n\u00edveis de energia.<\/li>\n<li><strong>Pratique t\u00e9cnicas de mindfulness:<\/strong> Tente passar algum tempo refletindo, fazer exerc\u00edcios de respira\u00e7\u00e3o profunda ou anotar seus pensamentos. Voc\u00ea pode usar t\u00e9cnicas de mindfulness para liberar sua mente, gerenciar seus n\u00edveis de estresse e se preparar para a semana.<\/li>\n<\/ul>\n<p>Praticando essas tr\u00eas estrat\u00e9gias aos domingos, voc\u00ea vai conseguir <strong>minimizar o estresse <\/strong>e a confus\u00e3o que a maioria das pessoas vive ao voltar a trabalhar nas segundas-feiras. Organizar sua semana, o local de trabalho e seu estado mental e f\u00edsico facilitar\u00e1 sua segunda-feira e o resto da semana de trabalho. Seguindo essas orienta\u00e7\u00f5es, voc\u00ea ter\u00e1 melhores chances de come\u00e7ar a semana de forma positiva e intensa, e, portanto, ser mais <strong>produtivo.<\/strong><\/p>\n<ul>\n<li>\n<h3>Siga a <a href=\"https:\/\/whatsapp.com\/channel\/0029Va9gQKwBFLgM96cJnu0u\" target=\"_blank\" rel=\"noopener\">Forbes<\/a> no WhatsApp e receba as principais not\u00edcias sobre neg\u00f3cios, carreira, tecnologia e estilo de vida<\/h3>\n<\/li>\n<\/ul>\n<p><em>*Goldie Chan \u00e9 colaboradora s\u00eanior da Forbes USA. Ela \u00e9 especialista em branding pessoal e estrat\u00e9gia digital, al\u00e9m de ser LinkedIn Top Voice, conhecida como a \u201cOprah do LinkedIn\u201d.<\/em><\/p>\n<\/div>\n<p><script type=\"rocketlazyloadscript\">\n\t\t\t\t(function(d, s, id){\n\t\t\t\t\tvar js, fjs = d.getElementsByTagName(s)[0];\n\t\t\t\t\tif (d.getElementById(id)) return;\n\t\t\t\t\tjs = d.createElement(s); js.id = id;\n\t\t\t\t\tjs.src = \"\/\/connect.facebook.net\/pt_BR\/sdk.js#xfbml=1&version=v2.9\";\n\t\t\t\t\tfjs.parentNode.insertBefore(js, fjs);\n\t\t\t\t}(document, 'script', 'facebook-jssdk'));\n\t\t\t<\/script><br \/>\n<br \/><br \/>\n<br \/><a href=\"https:\/\/forbes.com.br\/carreira\/2024\/07\/segunda-sem-estresse-3-estrategias-para-comecar-a-semana-com-o-pe-direito\/\">Source link <\/a><\/p>\n<div class='code-block code-block-4' style='margin: 8px auto 8px 0; text-align: left; display: block; clear: both;'>\n\ud83d\udce2 Aviso Legal\n\nO site ismaelcolosi.com.br atua apenas como um canal de divulga\u00e7\u00e3o de oportunidades de emprego e n\u00e3o se responsabiliza pelo processo seletivo, contrata\u00e7\u00e3o ou qualquer outra etapa relacionada \u00e0s vagas publicadas. Todas as informa\u00e7\u00f5es s\u00e3o de responsabilidade dos anunciantes.\n\n\u26a0\ufe0f Aten\u00e7\u00e3o! Nunca pague por promessas de emprego nem compre cursos que garantam contrata\u00e7\u00e3o. Desconfie de qualquer cobran\u00e7a para participar de sele\u00e7\u00f5es.\n\n\n\n<\/div>\n<!-- CONTENT END 1 -->\n","protected":false},"excerpt":{"rendered":"<p>A segunda-feira ganhou fama como um dos dias mais cansativos porque marca o in\u00edcio da semana de trabalho e do retorno das atividades ap\u00f3s o&#8230;<\/p>\n","protected":false},"author":1,"featured_media":56663,"comment_status":"open","ping_status":"open","sticky":false,"template":"","format":"standard","meta":{"_uag_custom_page_level_css":"","advanced_seo_description":"","jetpack_seo_html_title":"","jetpack_seo_noindex":false,"jetpack_post_was_ever_published":false,"_jetpack_newsletter_access":"","_jetpack_dont_email_post_to_subs":false,"_jetpack_newsletter_tier_id":0,"_jetpack_memberships_contains_paywalled_content":false,"_jetpack_memberships_contains_paid_content":false,"footnotes":"","jetpack_publicize_message":"","jetpack_publicize_feature_enabled":true,"jetpack_social_post_already_shared":true,"jetpack_social_options":{"image_generator_settings":{"template":"highway","default_image_id":0,"font":"","enabled":false},"version":2}},"categories":[1964],"tags":[],"class_list":["post-56662","post","type-post","status-publish","format-standard","has-post-thumbnail","hentry","category-carreira-e-sucesso-dicas-para-carreira"],"jetpack_publicize_connections":[],"jetpack_featured_media_url":"https:\/\/i0.wp.com\/ismaelcolosi.com.br\/wp-content\/uploads\/2024\/07\/carreira-trabalho-planejamento-1024x683.jpg?fit=1024%2C683&ssl=1","uagb_featured_image_src":{"full":["https:\/\/i0.wp.com\/ismaelcolosi.com.br\/wp-content\/uploads\/2024\/07\/carreira-trabalho-planejamento-1024x683.jpg?fit=1024%2C683&ssl=1",1024,683,false],"thumbnail":["https:\/\/i0.wp.com\/ismaelcolosi.com.br\/wp-content\/uploads\/2024\/07\/carreira-trabalho-planejamento-1024x683.jpg?resize=150%2C150&ssl=1",150,150,true],"medium":["https:\/\/i0.wp.com\/ismaelcolosi.com.br\/wp-content\/uploads\/2024\/07\/carreira-trabalho-planejamento-1024x683.jpg?fit=300%2C200&ssl=1",300,200,true],"medium_large":["https:\/\/i0.wp.com\/ismaelcolosi.com.br\/wp-content\/uploads\/2024\/07\/carreira-trabalho-planejamento-1024x683.jpg?fit=768%2C512&ssl=1",768,512,true],"large":["https:\/\/i0.wp.com\/ismaelcolosi.com.br\/wp-content\/uploads\/2024\/07\/carreira-trabalho-planejamento-1024x683.jpg?fit=1024%2C683&ssl=1",1024,683,true],"1536x1536":["https:\/\/i0.wp.com\/ismaelcolosi.com.br\/wp-content\/uploads\/2024\/07\/carreira-trabalho-planejamento-1024x683.jpg?fit=1024%2C683&ssl=1",1024,683,true],"2048x2048":["https:\/\/i0.wp.com\/ismaelcolosi.com.br\/wp-content\/uploads\/2024\/07\/carreira-trabalho-planejamento-1024x683.jpg?fit=1024%2C683&ssl=1",1024,683,true],"really-simple-thumb":["https:\/\/i0.wp.com\/ismaelcolosi.com.br\/wp-content\/uploads\/2024\/07\/carreira-trabalho-planejamento-1024x683.jpg?resize=370%2C247&ssl=1",370,247,true]},"uagb_author_info":{"display_name":"ismaelcolosi.com.br","author_link":"https:\/\/ismaelcolosi.com.br\/index.php\/author\/vidareal-online\/"},"uagb_comment_info":0,"uagb_excerpt":"A segunda-feira ganhou fama como um dos dias mais cansativos porque marca o in\u00edcio da semana de trabalho e do retorno das atividades ap\u00f3s o...","jetpack-related-posts":[{"id":14648,"url":"https:\/\/ismaelcolosi.com.br\/index.php\/2023\/12\/12\/semana-de-4-dias-de-trabalho-saiba-como-funciona\/","url_meta":{"origin":56662,"position":0},"title":"Semana de 4 dias de trabalho: saiba como funciona","author":"ismaelcolosi.com.br","date":"12 de December de 2023","format":false,"excerpt":"Pode at\u00e9 parecer novidade, mas algumas empresas nacionais j\u00e1 est\u00e3o testando e at\u00e9 mesmo aderindo \u00e0 semana de 4 dias de trabalho.\u00a0 Conhecido internacionalmente como \u201cfour-day workweek\u201d (semana de trabalho de quatro dias), esse tema est\u00e1 em alta e desperta a aten\u00e7\u00e3o dos trabalhadores. Quer saber mais sobre o assunto?\u2026","rel":"","context":"In &quot;Carreira e Sucesso&quot;","block_context":{"text":"Carreira e Sucesso","link":"https:\/\/ismaelcolosi.com.br\/index.php\/category\/carreira-e-sucesso-dicas-para-carreira\/"},"img":{"alt_text":"","src":"https:\/\/i0.wp.com\/ismaelcolosi.com.br\/wp-content\/uploads\/2023\/12\/semana-de-4-dias.jpg?fit=1200%2C675&ssl=1&resize=350%2C200","width":350,"height":200,"srcset":"https:\/\/i0.wp.com\/ismaelcolosi.com.br\/wp-content\/uploads\/2023\/12\/semana-de-4-dias.jpg?fit=1200%2C675&ssl=1&resize=350%2C200 1x, https:\/\/i0.wp.com\/ismaelcolosi.com.br\/wp-content\/uploads\/2023\/12\/semana-de-4-dias.jpg?fit=1200%2C675&ssl=1&resize=525%2C300 1.5x, https:\/\/i0.wp.com\/ismaelcolosi.com.br\/wp-content\/uploads\/2023\/12\/semana-de-4-dias.jpg?fit=1200%2C675&ssl=1&resize=700%2C400 2x, https:\/\/i0.wp.com\/ismaelcolosi.com.br\/wp-content\/uploads\/2023\/12\/semana-de-4-dias.jpg?fit=1200%2C675&ssl=1&resize=1050%2C600 3x"},"classes":[]},{"id":86655,"url":"https:\/\/ismaelcolosi.com.br\/index.php\/2025\/07\/16\/starbucks-aumenta-frequencia-de-trabalho-presencial-para-quatro-dias-por-semana\/","url_meta":{"origin":56662,"position":1},"title":"Starbucks Aumenta Frequ\u00eancia de Trabalho Presencial para Quatro Dias por Semana","author":"ismaelcolosi.com.br","date":"16 de July de 2025","format":false,"excerpt":"\r REUTERS \/ Henry Nicholls\r Em fevereiro, a Starbucks j\u00e1 havia solicitado que os executivos de n\u00edvel vice-presidente que atuavam remotamente se mudassem para Seattle ou Toronto\r Acessibilidade \r L\r L\r A-\r A+\r \r \u25d0\r \r \u00a0 O CEO da Starbucks, Brian Niccol, afirmou que a gigante do caf\u00e9 exigir\u00e1\u2026","rel":"","context":"In &quot;Carreira e Sucesso&quot;","block_context":{"text":"Carreira e Sucesso","link":"https:\/\/ismaelcolosi.com.br\/index.php\/category\/carreira-e-sucesso-dicas-para-carreira\/"},"img":{"alt_text":"","src":"https:\/\/i0.wp.com\/ismaelcolosi.com.br\/wp-content\/uploads\/2025\/07\/Starbucks-1200x675.jpg?fit=1200%2C675&ssl=1&resize=350%2C200","width":350,"height":200,"srcset":"https:\/\/i0.wp.com\/ismaelcolosi.com.br\/wp-content\/uploads\/2025\/07\/Starbucks-1200x675.jpg?fit=1200%2C675&ssl=1&resize=350%2C200 1x, https:\/\/i0.wp.com\/ismaelcolosi.com.br\/wp-content\/uploads\/2025\/07\/Starbucks-1200x675.jpg?fit=1200%2C675&ssl=1&resize=525%2C300 1.5x, https:\/\/i0.wp.com\/ismaelcolosi.com.br\/wp-content\/uploads\/2025\/07\/Starbucks-1200x675.jpg?fit=1200%2C675&ssl=1&resize=700%2C400 2x, https:\/\/i0.wp.com\/ismaelcolosi.com.br\/wp-content\/uploads\/2025\/07\/Starbucks-1200x675.jpg?fit=1200%2C675&ssl=1&resize=1050%2C600 3x"},"classes":[]},{"id":44773,"url":"https:\/\/ismaelcolosi.com.br\/index.php\/2024\/03\/30\/como-e-o-trabalho-na-produtora-que-adotou-semana-de-quatro-dias-com-folga-nas-quartas\/","url_meta":{"origin":56662,"position":2},"title":"Como \u00e9 o trabalho na produtora que adotou semana de quatro dias com folga\u00a0nas\u00a0quartas","author":"ismaelcolosi.com.br","date":"30 de March de 2024","format":false,"excerpt":"Bruno Pavani Bruno Pavan 30\/03\/2024 - 15:00 O projeto global 4 day week chegou ao Brasil em setembro de 2023 e visa ampliar o debate da semana mais curta de trabalho, de quatro dias \u00fateis. Foram 22 empresas que aceitaram participar do projeto em 5 estados brasileiros.\u00a0Uma delas foi a\u2026","rel":"","context":"In &quot;Empregos - Classificados&quot;","block_context":{"text":"Empregos - Classificados","link":"https:\/\/ismaelcolosi.com.br\/index.php\/category\/empregos-classificados-vagas-trabalho\/"},"img":{"alt_text":"","src":"https:\/\/i0.wp.com\/ismaelcolosi.com.br\/wp-content\/uploads\/2024\/03\/simonethanks.jpg?fit=900%2C600&ssl=1&resize=350%2C200","width":350,"height":200,"srcset":"https:\/\/i0.wp.com\/ismaelcolosi.com.br\/wp-content\/uploads\/2024\/03\/simonethanks.jpg?fit=900%2C600&ssl=1&resize=350%2C200 1x, https:\/\/i0.wp.com\/ismaelcolosi.com.br\/wp-content\/uploads\/2024\/03\/simonethanks.jpg?fit=900%2C600&ssl=1&resize=525%2C300 1.5x, https:\/\/i0.wp.com\/ismaelcolosi.com.br\/wp-content\/uploads\/2024\/03\/simonethanks.jpg?fit=900%2C600&ssl=1&resize=700%2C400 2x"},"classes":[]},{"id":56460,"url":"https:\/\/ismaelcolosi.com.br\/index.php\/2024\/07\/12\/por-que-a-sexta-feira-desapareceu-dos-escritorios\/","url_meta":{"origin":56662,"position":3},"title":"Por que a sexta-feira desapareceu dos escrit\u00f3rios?","author":"ismaelcolosi.com.br","date":"12 de July de 2024","format":false,"excerpt":"A tradicional semana de trabalho de cinco dias no escrit\u00f3rio j\u00e1 n\u00e3o existe mais em grande parte das empresas. Ainda n\u00e3o sabemos qual formato de trabalho vai prevalecer, mas o h\u00edbrido tem ganhado for\u00e7a e, com ele, um dos novos padr\u00f5es que est\u00e1 surgindo \u00e9 a ideia de uma sexta-feira\u2026","rel":"","context":"In &quot;Carreira e Sucesso&quot;","block_context":{"text":"Carreira e Sucesso","link":"https:\/\/ismaelcolosi.com.br\/index.php\/category\/carreira-e-sucesso-dicas-para-carreira\/"},"img":{"alt_text":"","src":"https:\/\/i0.wp.com\/ismaelcolosi.com.br\/wp-content\/uploads\/2024\/07\/carreira-trabalho-remoto-1024x683.jpg?fit=1024%2C683&ssl=1&resize=350%2C200","width":350,"height":200,"srcset":"https:\/\/i0.wp.com\/ismaelcolosi.com.br\/wp-content\/uploads\/2024\/07\/carreira-trabalho-remoto-1024x683.jpg?fit=1024%2C683&ssl=1&resize=350%2C200 1x, https:\/\/i0.wp.com\/ismaelcolosi.com.br\/wp-content\/uploads\/2024\/07\/carreira-trabalho-remoto-1024x683.jpg?fit=1024%2C683&ssl=1&resize=525%2C300 1.5x, https:\/\/i0.wp.com\/ismaelcolosi.com.br\/wp-content\/uploads\/2024\/07\/carreira-trabalho-remoto-1024x683.jpg?fit=1024%2C683&ssl=1&resize=700%2C400 2x"},"classes":[]},{"id":86625,"url":"https:\/\/ismaelcolosi.com.br\/index.php\/2025\/07\/13\/um-habito-simples-que-vai-transformar-a-energia-da-sua-semana\/","url_meta":{"origin":56662,"position":4},"title":"Um H\u00e1bito Simples Que Vai Transformar a Energia da Sua Semana","author":"ismaelcolosi.com.br","date":"13 de July de 2025","format":false,"excerpt":"\r The Good Brigade\/Getty Images\r Para come\u00e7ar bem a semana, adote um h\u00e1bito essencial para a sa\u00fade f\u00edsica e mental\r Acessibilidade \r L\r L\r A-\r A+\r \r \u25d0\r \r \u00a0 Domingo deveria ser um dia de descanso. No entanto, entre viagens, roupas para lavar, tarefas dom\u00e9sticas, jogos das crian\u00e7as e\u2026","rel":"","context":"In &quot;Carreira e Sucesso&quot;","block_context":{"text":"Carreira e Sucesso","link":"https:\/\/ismaelcolosi.com.br\/index.php\/category\/carreira-e-sucesso-dicas-para-carreira\/"},"img":{"alt_text":"","src":"https:\/\/i0.wp.com\/ismaelcolosi.com.br\/wp-content\/uploads\/2025\/07\/exercicio-fisico-vida-saudavel-saude-mental-1200x675.jpg?fit=1200%2C675&ssl=1&resize=350%2C200","width":350,"height":200,"srcset":"https:\/\/i0.wp.com\/ismaelcolosi.com.br\/wp-content\/uploads\/2025\/07\/exercicio-fisico-vida-saudavel-saude-mental-1200x675.jpg?fit=1200%2C675&ssl=1&resize=350%2C200 1x, https:\/\/i0.wp.com\/ismaelcolosi.com.br\/wp-content\/uploads\/2025\/07\/exercicio-fisico-vida-saudavel-saude-mental-1200x675.jpg?fit=1200%2C675&ssl=1&resize=525%2C300 1.5x, https:\/\/i0.wp.com\/ismaelcolosi.com.br\/wp-content\/uploads\/2025\/07\/exercicio-fisico-vida-saudavel-saude-mental-1200x675.jpg?fit=1200%2C675&ssl=1&resize=700%2C400 2x, https:\/\/i0.wp.com\/ismaelcolosi.com.br\/wp-content\/uploads\/2025\/07\/exercicio-fisico-vida-saudavel-saude-mental-1200x675.jpg?fit=1200%2C675&ssl=1&resize=1050%2C600 3x"},"classes":[]},{"id":86402,"url":"https:\/\/ismaelcolosi.com.br\/index.php\/2025\/06\/29\/como-usar-o-fim-de-semana-para-recarregar-as-energias-da-maneira-certa\/","url_meta":{"origin":56662,"position":5},"title":"Como Usar o Fim de Semana para Recarregar as Energias da Maneira Certa","author":"ismaelcolosi.com.br","date":"29 de June de 2025","format":false,"excerpt":"\r Getty Images\r H\u00e1bitos de lazer intencional fortalecem a confian\u00e7a, reduzem o estresse e aumentam a performance no trabalho\r Acessibilidade \r L\r L\r A-\r A+\r \r \u25d0\r \r \u00a0 \u00c9 domingo \u00e0 noite e, apesar de ter passado o fim de semana maratonando s\u00e9ries na Netflix, rolando o feed das\u2026","rel":"","context":"In &quot;Carreira e Sucesso&quot;","block_context":{"text":"Carreira e Sucesso","link":"https:\/\/ismaelcolosi.com.br\/index.php\/category\/carreira-e-sucesso-dicas-para-carreira\/"},"img":{"alt_text":"","src":"https:\/\/i0.wp.com\/ismaelcolosi.com.br\/wp-content\/uploads\/2025\/06\/forbes-habitos-1200x675.jpg?fit=1200%2C675&ssl=1&resize=350%2C200","width":350,"height":200,"srcset":"https:\/\/i0.wp.com\/ismaelcolosi.com.br\/wp-content\/uploads\/2025\/06\/forbes-habitos-1200x675.jpg?fit=1200%2C675&ssl=1&resize=350%2C200 1x, https:\/\/i0.wp.com\/ismaelcolosi.com.br\/wp-content\/uploads\/2025\/06\/forbes-habitos-1200x675.jpg?fit=1200%2C675&ssl=1&resize=525%2C300 1.5x, https:\/\/i0.wp.com\/ismaelcolosi.com.br\/wp-content\/uploads\/2025\/06\/forbes-habitos-1200x675.jpg?fit=1200%2C675&ssl=1&resize=700%2C400 2x, https:\/\/i0.wp.com\/ismaelcolosi.com.br\/wp-content\/uploads\/2025\/06\/forbes-habitos-1200x675.jpg?fit=1200%2C675&ssl=1&resize=1050%2C600 3x"},"classes":[]}],"jetpack_sharing_enabled":true,"jetpack_shortlink":"https:\/\/wp.me\/pfMlyK-eJU","_links":{"self":[{"href":"https:\/\/ismaelcolosi.com.br\/index.php\/wp-json\/wp\/v2\/posts\/56662","targetHints":{"allow":["GET"]}}],"collection":[{"href":"https:\/\/ismaelcolosi.com.br\/index.php\/wp-json\/wp\/v2\/posts"}],"about":[{"href":"https:\/\/ismaelcolosi.com.br\/index.php\/wp-json\/wp\/v2\/types\/post"}],"author":[{"embeddable":true,"href":"https:\/\/ismaelcolosi.com.br\/index.php\/wp-json\/wp\/v2\/users\/1"}],"replies":[{"embeddable":true,"href":"https:\/\/ismaelcolosi.com.br\/index.php\/wp-json\/wp\/v2\/comments?post=56662"}],"version-history":[{"count":0,"href":"https:\/\/ismaelcolosi.com.br\/index.php\/wp-json\/wp\/v2\/posts\/56662\/revisions"}],"wp:featuredmedia":[{"embeddable":true,"href":"https:\/\/ismaelcolosi.com.br\/index.php\/wp-json\/wp\/v2\/media\/56663"}],"wp:attachment":[{"href":"https:\/\/ismaelcolosi.com.br\/index.php\/wp-json\/wp\/v2\/media?parent=56662"}],"wp:term":[{"taxonomy":"category","embeddable":true,"href":"https:\/\/ismaelcolosi.com.br\/index.php\/wp-json\/wp\/v2\/categories?post=56662"},{"taxonomy":"post_tag","embeddable":true,"href":"https:\/\/ismaelcolosi.com.br\/index.php\/wp-json\/wp\/v2\/tags?post=56662"}],"curies":[{"name":"wp","href":"https:\/\/api.w.org\/{rel}","templated":true}]}}