{"id":56655,"date":"2024-07-13T17:47:50","date_gmt":"2024-07-13T20:47:50","guid":{"rendered":"https:\/\/ismaelcolosi.com.br\/index.php\/2024\/07\/13\/comercial-vira-nos-acrescimos-e-conquista-primeira-vitoria-na-copa-paulista\/"},"modified":"2024-07-13T17:47:50","modified_gmt":"2024-07-13T20:47:50","slug":"comercial-vira-nos-acrescimos-e-conquista-primeira-vitoria-na-copa-paulista","status":"publish","type":"post","link":"https:\/\/ismaelcolosi.com.br\/index.php\/2024\/07\/13\/comercial-vira-nos-acrescimos-e-conquista-primeira-vitoria-na-copa-paulista\/","title":{"rendered":"Comercial vira nos acr\u00e9scimos e conquista primeira vit\u00f3ria na Copa Paulista"},"content":{"rendered":"<p> <br \/>\n<\/p>\n<div data-td-block-uid=\"tdi_106\">\n<div class=\"tdb-block-inner td-fix-index\">\n<p><strong>O Comercial conquistou sua primeira vit\u00f3ria na Copa Paulista ao virar o jogo em 2 a 1 j\u00e1 nos acr\u00e9scimos diante do Monte Azul na tarde deste s\u00e1bado (13), no est\u00e1dio Palma Travassos, em Ribeir\u00e3o Preto.<\/strong> O jogo foi v\u00e1lido pela 5\u00aa rodada da competi\u00e7\u00e3o. <\/p>\n<p>O <strong>trunfo quebrou <\/strong>um <strong>jejum <\/strong>de quase um ano do <strong>Le\u00e3o<\/strong>, que estava sem vencer desde agosto de 2023.<\/p>\n<p>Os <strong>gols <\/strong>do <strong>Alvinegro <\/strong>foram anotados por <strong>Emerson Muller e Valdo Bacabal<\/strong>. <strong>Pedro Augusto<\/strong> fez para <strong>Monte Azul<\/strong>.<\/p>\n<p>Com o resultado, o <strong>Comercial <\/strong>vai para <strong>terceiro <\/strong>no <strong>Grupo B<\/strong> e est\u00e1 empatado com a <strong>Francana <\/strong>com cinco pontos. J\u00e1 o <strong>Monte Azul<\/strong> \u00e9 o <strong>l\u00edder<\/strong>, com <strong>sete pontos<\/strong>.<\/p>\n<p>SAIBA MAIS<\/p>\n<p>Botafogo perde para o Amazonas em Ribeir\u00e3o Preto e se aproxima da zona de rebaixamento<\/p>\n<h4 class=\"wp-block-heading\"><strong>FIQUE ON<\/strong><\/h4>\n<p>Fique ligado em tudo que acontece em Ribeir\u00e3o Preto e regi\u00e3o. Siga os perfis do\u00a0<strong>acidade on\u00a0<\/strong>no\u00a0<a href=\"https:\/\/www.instagram.com\/acidadeonribeirao\" target=\"_blank\" rel=\"noreferrer noopener\">Instagram\u00a0<\/a>e no\u00a0<a href=\"https:\/\/www.facebook.com\/acidadeonribeirao\/\" target=\"_blank\" rel=\"noreferrer noopener\">Facebook<\/a>.<\/p>\n<p>Receba not\u00edcias do<strong>\u00a0acidade on\u00a0<\/strong>no WhatsApp.\u00a0<a href=\"https:\/\/chat.whatsapp.com\/CdrZ6xrf7quD44Vw3WlPuZ\" target=\"_blank\" rel=\"noreferrer noopener\">Para entrar no grupo, basta clicar aqui.<\/a><\/p>\n<p>Fa\u00e7a uma den\u00fancia ou sugira uma reportagem sobre Ribeir\u00e3o Preto e regi\u00e3o pelo WhatsApp: 16 99117 7802.<\/p>\n<p>VEJA TAMB\u00c9M<\/p>\n<p>Do que \u00e9 acusado o pastor Rinaldo Pereira da Bola de Neve?<\/p>\n<p><!-- AI CONTENT END 3 -->\n<\/div>\n<\/div>\n<p><script async src=\"\/\/www.instagram.com\/embed.js\"><\/script><br \/>\n<br \/><br \/>\n<br \/><a href=\"https:\/\/www.acidadeon.com\/ribeiraopreto\/cotidiano\/comercial-vira-nos-acrescimos-e-conquista-primeira-vitoria-na-copa-paulista\/\">Source link <\/a><\/p>\n<div class='code-block code-block-4' style='margin: 8px auto 8px 0; text-align: left; display: block; clear: both;'>\n\ud83d\udce2 Aviso Legal\n\nO site ismaelcolosi.com.br atua apenas como um canal de divulga\u00e7\u00e3o de oportunidades de emprego e n\u00e3o se responsabiliza pelo processo seletivo, contrata\u00e7\u00e3o ou qualquer outra etapa relacionada \u00e0s vagas publicadas. Todas as informa\u00e7\u00f5es s\u00e3o de responsabilidade dos anunciantes.\n\n\u26a0\ufe0f Aten\u00e7\u00e3o! Nunca pague por promessas de emprego nem compre cursos que garantam contrata\u00e7\u00e3o. Desconfie de qualquer cobran\u00e7a para participar de sele\u00e7\u00f5es.\n\n\n\n<\/div>\n<!-- CONTENT END 1 -->\n","protected":false},"excerpt":{"rendered":"<p>O Comercial conquistou sua primeira vit\u00f3ria na Copa Paulista ao virar o jogo em 2 a 1 j\u00e1 nos acr\u00e9scimos diante do Monte Azul na&#8230;<\/p>\n","protected":false},"author":1,"featured_media":56656,"comment_status":"open","ping_status":"open","sticky":false,"template":"","format":"standard","meta":{"_uag_custom_page_level_css":"","advanced_seo_description":"","jetpack_seo_html_title":"","jetpack_seo_noindex":false,"jetpack_post_was_ever_published":false,"_jetpack_newsletter_access":"","_jetpack_dont_email_post_to_subs":false,"_jetpack_newsletter_tier_id":0,"_jetpack_memberships_contains_paywalled_content":false,"_jetpack_memberships_contains_paid_content":false,"footnotes":"","jetpack_publicize_message":"","jetpack_publicize_feature_enabled":true,"jetpack_social_post_already_shared":true,"jetpack_social_options":{"image_generator_settings":{"template":"highway","default_image_id":0,"font":"","enabled":false},"version":2}},"categories":[11],"tags":[],"class_list":["post-56655","post","type-post","status-publish","format-standard","has-post-thumbnail","hentry","category-noticias-de-ribeirao-preto-sp-e-regiao-ismael-colosi"],"jetpack_publicize_connections":[],"jetpack_featured_media_url":"https:\/\/i0.wp.com\/ismaelcolosi.com.br\/wp-content\/uploads\/2024\/07\/WhatsApp-Image-2024-07-13-at-16.52.50_2024-07-13_20-14-31_jpeg_2024-07-13_20-14-32-scaled.webp.webp?fit=2560%2C1707&ssl=1","uagb_featured_image_src":{"full":["https:\/\/i0.wp.com\/ismaelcolosi.com.br\/wp-content\/uploads\/2024\/07\/WhatsApp-Image-2024-07-13-at-16.52.50_2024-07-13_20-14-31_jpeg_2024-07-13_20-14-32-scaled.webp.webp?fit=2560%2C1707&ssl=1",2560,1707,false],"thumbnail":["https:\/\/i0.wp.com\/ismaelcolosi.com.br\/wp-content\/uploads\/2024\/07\/WhatsApp-Image-2024-07-13-at-16.52.50_2024-07-13_20-14-31_jpeg_2024-07-13_20-14-32-scaled.webp.webp?resize=150%2C150&ssl=1",150,150,true],"medium":["https:\/\/i0.wp.com\/ismaelcolosi.com.br\/wp-content\/uploads\/2024\/07\/WhatsApp-Image-2024-07-13-at-16.52.50_2024-07-13_20-14-31_jpeg_2024-07-13_20-14-32-scaled.webp.webp?fit=300%2C200&ssl=1",300,200,true],"medium_large":["https:\/\/i0.wp.com\/ismaelcolosi.com.br\/wp-content\/uploads\/2024\/07\/WhatsApp-Image-2024-07-13-at-16.52.50_2024-07-13_20-14-31_jpeg_2024-07-13_20-14-32-scaled.webp.webp?fit=768%2C512&ssl=1",768,512,true],"large":["https:\/\/i0.wp.com\/ismaelcolosi.com.br\/wp-content\/uploads\/2024\/07\/WhatsApp-Image-2024-07-13-at-16.52.50_2024-07-13_20-14-31_jpeg_2024-07-13_20-14-32-scaled.webp.webp?fit=1024%2C683&ssl=1",1024,683,true],"1536x1536":["https:\/\/i0.wp.com\/ismaelcolosi.com.br\/wp-content\/uploads\/2024\/07\/WhatsApp-Image-2024-07-13-at-16.52.50_2024-07-13_20-14-31_jpeg_2024-07-13_20-14-32-scaled.webp.webp?fit=1536%2C1024&ssl=1",1536,1024,true],"2048x2048":["https:\/\/i0.wp.com\/ismaelcolosi.com.br\/wp-content\/uploads\/2024\/07\/WhatsApp-Image-2024-07-13-at-16.52.50_2024-07-13_20-14-31_jpeg_2024-07-13_20-14-32-scaled.webp.webp?fit=2048%2C1366&ssl=1",2048,1366,true],"really-simple-thumb":["https:\/\/i0.wp.com\/ismaelcolosi.com.br\/wp-content\/uploads\/2024\/07\/WhatsApp-Image-2024-07-13-at-16.52.50_2024-07-13_20-14-31_jpeg_2024-07-13_20-14-32-scaled.webp.webp?resize=370%2C247&ssl=1",370,247,true]},"uagb_author_info":{"display_name":"ismaelcolosi.com.br","author_link":"https:\/\/ismaelcolosi.com.br\/index.php\/author\/vidareal-online\/"},"uagb_comment_info":0,"uagb_excerpt":"O Comercial conquistou sua primeira vit\u00f3ria na Copa Paulista ao virar o jogo em 2 a 1 j\u00e1 nos acr\u00e9scimos diante do Monte Azul na...","jetpack-related-posts":[{"id":56672,"url":"https:\/\/ismaelcolosi.com.br\/index.php\/2024\/07\/14\/comercial-vira-nos-acrescimos-e-conquista-primeira-vitoria-na-copa-paulista-2\/","url_meta":{"origin":56655,"position":0},"title":"Comercial vira nos acr\u00e9scimos e conquista primeira vit\u00f3ria na Copa Paulista","author":"ismaelcolosi.com.br","date":"14 de July de 2024","format":false,"excerpt":"O Comercial conquistou sua primeira vit\u00f3ria na Copa Paulista ao virar o jogo em 2 a 1 j\u00e1 nos acr\u00e9scimos diante do Monte Azul na tarde deste s\u00e1bado (13), no est\u00e1dio Palma Travassos, em Ribeir\u00e3o Preto. O jogo foi v\u00e1lido pela 5\u00aa rodada da competi\u00e7\u00e3o. A v\u00edt\u00f3ria quebrou o jejum\u2026","rel":"","context":"In &quot;Not\u00edcias de Ribeir\u00e3o Preto-SP e Regi\u00e3o&quot;","block_context":{"text":"Not\u00edcias de Ribeir\u00e3o Preto-SP e Regi\u00e3o","link":"https:\/\/ismaelcolosi.com.br\/index.php\/category\/noticias-de-ribeirao-preto-sp-e-regiao-ismael-colosi\/"},"img":{"alt_text":"","src":"https:\/\/i0.wp.com\/ismaelcolosi.com.br\/wp-content\/uploads\/2024\/07\/WhatsApp-Image-2024-07-13-at-16.52.50_2024-07-13_20-14-31_jpeg_2024-07-13_20-14-32-scaled.webp.webp?fit=1200%2C800&ssl=1&resize=350%2C200","width":350,"height":200,"srcset":"https:\/\/i0.wp.com\/ismaelcolosi.com.br\/wp-content\/uploads\/2024\/07\/WhatsApp-Image-2024-07-13-at-16.52.50_2024-07-13_20-14-31_jpeg_2024-07-13_20-14-32-scaled.webp.webp?fit=1200%2C800&ssl=1&resize=350%2C200 1x, https:\/\/i0.wp.com\/ismaelcolosi.com.br\/wp-content\/uploads\/2024\/07\/WhatsApp-Image-2024-07-13-at-16.52.50_2024-07-13_20-14-31_jpeg_2024-07-13_20-14-32-scaled.webp.webp?fit=1200%2C800&ssl=1&resize=525%2C300 1.5x, https:\/\/i0.wp.com\/ismaelcolosi.com.br\/wp-content\/uploads\/2024\/07\/WhatsApp-Image-2024-07-13-at-16.52.50_2024-07-13_20-14-31_jpeg_2024-07-13_20-14-32-scaled.webp.webp?fit=1200%2C800&ssl=1&resize=700%2C400 2x, https:\/\/i0.wp.com\/ismaelcolosi.com.br\/wp-content\/uploads\/2024\/07\/WhatsApp-Image-2024-07-13-at-16.52.50_2024-07-13_20-14-31_jpeg_2024-07-13_20-14-32-scaled.webp.webp?fit=1200%2C800&ssl=1&resize=1050%2C600 3x"},"classes":[]},{"id":60702,"url":"https:\/\/ismaelcolosi.com.br\/index.php\/2024\/08\/17\/classificado-comercial-perde-para-o-monte-azul-pela-copa-paulista\/","url_meta":{"origin":56655,"position":1},"title":"Classificado, Comercial perde para o Monte Azul pela Copa Paulista","author":"ismaelcolosi.com.br","date":"17 de August de 2024","format":false,"excerpt":"J\u00e1 classificado para as oitavas de final, o Comercial perdeu por 2 a 1 para o Monte Azul, na tarde deste s\u00e1bado (17), pela \u00faltima rodada da primeira fase da Copa Paulista. O confronto foi realizado no est\u00e1dio Otac\u00edlia Patr\u00edcio Arroyo, em Monte Azul Paulista. Os gols Os gols do\u2026","rel":"","context":"In &quot;Not\u00edcias de Ribeir\u00e3o Preto-SP e Regi\u00e3o&quot;","block_context":{"text":"Not\u00edcias de Ribeir\u00e3o Preto-SP e Regi\u00e3o","link":"https:\/\/ismaelcolosi.com.br\/index.php\/category\/noticias-de-ribeirao-preto-sp-e-regiao-ismael-colosi\/"},"img":{"alt_text":"","src":"https:\/\/i0.wp.com\/ismaelcolosi.com.br\/wp-content\/uploads\/2024\/08\/monte-azul-comercial_2024-08-17_19-49-35_jpg_2024-08-17_19-49-36.webp.webp?fit=1200%2C800&ssl=1&resize=350%2C200","width":350,"height":200,"srcset":"https:\/\/i0.wp.com\/ismaelcolosi.com.br\/wp-content\/uploads\/2024\/08\/monte-azul-comercial_2024-08-17_19-49-35_jpg_2024-08-17_19-49-36.webp.webp?fit=1200%2C800&ssl=1&resize=350%2C200 1x, https:\/\/i0.wp.com\/ismaelcolosi.com.br\/wp-content\/uploads\/2024\/08\/monte-azul-comercial_2024-08-17_19-49-35_jpg_2024-08-17_19-49-36.webp.webp?fit=1200%2C800&ssl=1&resize=525%2C300 1.5x, https:\/\/i0.wp.com\/ismaelcolosi.com.br\/wp-content\/uploads\/2024\/08\/monte-azul-comercial_2024-08-17_19-49-35_jpg_2024-08-17_19-49-36.webp.webp?fit=1200%2C800&ssl=1&resize=700%2C400 2x, https:\/\/i0.wp.com\/ismaelcolosi.com.br\/wp-content\/uploads\/2024\/08\/monte-azul-comercial_2024-08-17_19-49-35_jpg_2024-08-17_19-49-36.webp.webp?fit=1200%2C800&ssl=1&resize=1050%2C600 3x"},"classes":[]},{"id":56163,"url":"https:\/\/ismaelcolosi.com.br\/index.php\/2024\/07\/09\/de-virada-botafogo-goleia-o-comercial-em-classico-pela-copa-paulista\/","url_meta":{"origin":56655,"position":2},"title":"De virada: Botafogo goleia o Comercial em cl\u00e1ssico pela Copa Paulista","author":"ismaelcolosi.com.br","date":"9 de July de 2024","format":false,"excerpt":"O Botafogo venceu o Comercial por 4 a 1 na noite desta ter\u00e7a-feira (9), pela Copa Paulista. O cl\u00e1ssico Come-Fogo foi disputado no est\u00e1dio Santa Cruz\/Arena Nicnet, em Ribeir\u00e3o Preto. Os gols A vit\u00f3ria do Pantera sobre o Le\u00e3o do Norte veio de virada. O Comercial abriu o placar com\u2026","rel":"","context":"In &quot;Not\u00edcias de Ribeir\u00e3o Preto-SP e Regi\u00e3o&quot;","block_context":{"text":"Not\u00edcias de Ribeir\u00e3o Preto-SP e Regi\u00e3o","link":"https:\/\/ismaelcolosi.com.br\/index.php\/category\/noticias-de-ribeirao-preto-sp-e-regiao-ismael-colosi\/"},"img":{"alt_text":"","src":"https:\/\/i0.wp.com\/ismaelcolosi.com.br\/wp-content\/uploads\/2024\/07\/comefogo_2024-07-09_23-49-06_jpeg_2024-07-09_23-49-06.webp.webp?fit=1200%2C915&ssl=1&resize=350%2C200","width":350,"height":200,"srcset":"https:\/\/i0.wp.com\/ismaelcolosi.com.br\/wp-content\/uploads\/2024\/07\/comefogo_2024-07-09_23-49-06_jpeg_2024-07-09_23-49-06.webp.webp?fit=1200%2C915&ssl=1&resize=350%2C200 1x, https:\/\/i0.wp.com\/ismaelcolosi.com.br\/wp-content\/uploads\/2024\/07\/comefogo_2024-07-09_23-49-06_jpeg_2024-07-09_23-49-06.webp.webp?fit=1200%2C915&ssl=1&resize=525%2C300 1.5x, https:\/\/i0.wp.com\/ismaelcolosi.com.br\/wp-content\/uploads\/2024\/07\/comefogo_2024-07-09_23-49-06_jpeg_2024-07-09_23-49-06.webp.webp?fit=1200%2C915&ssl=1&resize=700%2C400 2x, https:\/\/i0.wp.com\/ismaelcolosi.com.br\/wp-content\/uploads\/2024\/07\/comefogo_2024-07-09_23-49-06_jpeg_2024-07-09_23-49-06.webp.webp?fit=1200%2C915&ssl=1&resize=1050%2C600 3x"},"classes":[]},{"id":42759,"url":"https:\/\/ismaelcolosi.com.br\/index.php\/2024\/03\/16\/em-jogo-de-rebaixados-comercial-e-monte-azul-empatam-em-ribeirao-preto\/","url_meta":{"origin":56655,"position":3},"title":"Em jogo de rebaixados, Comercial e Monte Azul empatam em Ribeir\u00e3o Preto","author":"ismaelcolosi.com.br","date":"16 de March de 2024","format":false,"excerpt":"O Comercial empatou com o Monte Azul Paulista em 1 a 1 durante jogo pela \u00faltima rodada da primeira fase da S\u00e9rie A2 do Campeonato Paulista. A partida, entre os dois times j\u00e1 rebaixados para a S\u00e9rie A3 no pr\u00f3ximo ano, aconteceu na tarde deste s\u00e1bado (16), no est\u00e1dio Palma\u2026","rel":"","context":"In &quot;Not\u00edcias de Ribeir\u00e3o Preto-SP e Regi\u00e3o&quot;","block_context":{"text":"Not\u00edcias de Ribeir\u00e3o Preto-SP e Regi\u00e3o","link":"https:\/\/ismaelcolosi.com.br\/index.php\/category\/noticias-de-ribeirao-preto-sp-e-regiao-ismael-colosi\/"},"img":{"alt_text":"","src":"https:\/\/i0.wp.com\/ismaelcolosi.com.br\/wp-content\/uploads\/2024\/03\/Copia-de-Copia-de-TAMANHO-EXATO-PARA-FOTOS-NO-SISTEMA-NOVO-61.jpg?fit=1200%2C675&ssl=1&resize=350%2C200","width":350,"height":200,"srcset":"https:\/\/i0.wp.com\/ismaelcolosi.com.br\/wp-content\/uploads\/2024\/03\/Copia-de-Copia-de-TAMANHO-EXATO-PARA-FOTOS-NO-SISTEMA-NOVO-61.jpg?fit=1200%2C675&ssl=1&resize=350%2C200 1x, https:\/\/i0.wp.com\/ismaelcolosi.com.br\/wp-content\/uploads\/2024\/03\/Copia-de-Copia-de-TAMANHO-EXATO-PARA-FOTOS-NO-SISTEMA-NOVO-61.jpg?fit=1200%2C675&ssl=1&resize=525%2C300 1.5x, https:\/\/i0.wp.com\/ismaelcolosi.com.br\/wp-content\/uploads\/2024\/03\/Copia-de-Copia-de-TAMANHO-EXATO-PARA-FOTOS-NO-SISTEMA-NOVO-61.jpg?fit=1200%2C675&ssl=1&resize=700%2C400 2x, https:\/\/i0.wp.com\/ismaelcolosi.com.br\/wp-content\/uploads\/2024\/03\/Copia-de-Copia-de-TAMANHO-EXATO-PARA-FOTOS-NO-SISTEMA-NOVO-61.jpg?fit=1200%2C675&ssl=1&resize=1050%2C600 3x"},"classes":[]},{"id":58113,"url":"https:\/\/ismaelcolosi.com.br\/index.php\/2024\/07\/27\/botafogo-perde-para-o-monte-azul-na-copa-paulista-em-jogo-fora-de-ribeirao-preto\/","url_meta":{"origin":56655,"position":4},"title":"Botafogo perde para o Monte Azul na Copa Paulista em jogo fora de Ribeir\u00e3o Preto","author":"ismaelcolosi.com.br","date":"27 de July de 2024","format":false,"excerpt":"O Botafogo perdeu mais uma partida fora de casa. Desta vez, a derrota foi contra o Monte Azul, por 2 a 1, pela s\u00e9tima rodada da Copa Paulista, na tarde deste s\u00e1bado (27), no est\u00e1dio Otac\u00edlia Patr\u00edcio Arroyo em Monte Azul Paulista, na regi\u00e3o de Ribeir\u00e3o Preto. No primeiro tempo,\u2026","rel":"","context":"In &quot;Not\u00edcias de Ribeir\u00e3o Preto-SP e Regi\u00e3o&quot;","block_context":{"text":"Not\u00edcias de Ribeir\u00e3o Preto-SP e Regi\u00e3o","link":"https:\/\/ismaelcolosi.com.br\/index.php\/category\/noticias-de-ribeirao-preto-sp-e-regiao-ismael-colosi\/"},"img":{"alt_text":"","src":"https:\/\/i0.wp.com\/ismaelcolosi.com.br\/wp-content\/uploads\/2024\/07\/Copia-de-Copia-de-TAMANHO-EXATO-PARA-FOTOS-NO-SISTEMA-NOVO-6_2024-07-27_20-14-34_jpg_2024-07-27_20-14-34.webp.webp?fit=1200%2C675&ssl=1&resize=350%2C200","width":350,"height":200,"srcset":"https:\/\/i0.wp.com\/ismaelcolosi.com.br\/wp-content\/uploads\/2024\/07\/Copia-de-Copia-de-TAMANHO-EXATO-PARA-FOTOS-NO-SISTEMA-NOVO-6_2024-07-27_20-14-34_jpg_2024-07-27_20-14-34.webp.webp?fit=1200%2C675&ssl=1&resize=350%2C200 1x, https:\/\/i0.wp.com\/ismaelcolosi.com.br\/wp-content\/uploads\/2024\/07\/Copia-de-Copia-de-TAMANHO-EXATO-PARA-FOTOS-NO-SISTEMA-NOVO-6_2024-07-27_20-14-34_jpg_2024-07-27_20-14-34.webp.webp?fit=1200%2C675&ssl=1&resize=525%2C300 1.5x, https:\/\/i0.wp.com\/ismaelcolosi.com.br\/wp-content\/uploads\/2024\/07\/Copia-de-Copia-de-TAMANHO-EXATO-PARA-FOTOS-NO-SISTEMA-NOVO-6_2024-07-27_20-14-34_jpg_2024-07-27_20-14-34.webp.webp?fit=1200%2C675&ssl=1&resize=700%2C400 2x, https:\/\/i0.wp.com\/ismaelcolosi.com.br\/wp-content\/uploads\/2024\/07\/Copia-de-Copia-de-TAMANHO-EXATO-PARA-FOTOS-NO-SISTEMA-NOVO-6_2024-07-27_20-14-34_jpg_2024-07-27_20-14-34.webp.webp?fit=1200%2C675&ssl=1&resize=1050%2C600 3x"},"classes":[]},{"id":60705,"url":"https:\/\/ismaelcolosi.com.br\/index.php\/2024\/08\/17\/botafogo-perde-em-ribeirao-preto-e-esta-eliminado-da-copa-paulista\/","url_meta":{"origin":56655,"position":5},"title":"Botafogo perde em Ribeir\u00e3o Preto e est\u00e1 eliminado da Copa Paulista","author":"ismaelcolosi.com.br","date":"17 de August de 2024","format":false,"excerpt":"O Botafogo perdeu por 3 a 1 para a Francana, na tarde deste s\u00e1bado (17), pela \u00faltima rodada da primeira fase da Copa Paulista. O confronto foi realizado no est\u00e1dio Santa Cruz\/Arena Nicnet, em Ribeir\u00e3o Preto. Com o resultado, o Pantera est\u00e1 eliminado da disputa. Os gols Os gols da\u2026","rel":"","context":"In &quot;Not\u00edcias de Ribeir\u00e3o Preto-SP e Regi\u00e3o&quot;","block_context":{"text":"Not\u00edcias de Ribeir\u00e3o Preto-SP e Regi\u00e3o","link":"https:\/\/ismaelcolosi.com.br\/index.php\/category\/noticias-de-ribeirao-preto-sp-e-regiao-ismael-colosi\/"},"img":{"alt_text":"","src":"https:\/\/i0.wp.com\/ismaelcolosi.com.br\/wp-content\/uploads\/2024\/08\/botafogo-francana_2024-08-17_19-47-16_jpg_2024-08-17_19-47-16.webp.webp?fit=1200%2C799&ssl=1&resize=350%2C200","width":350,"height":200,"srcset":"https:\/\/i0.wp.com\/ismaelcolosi.com.br\/wp-content\/uploads\/2024\/08\/botafogo-francana_2024-08-17_19-47-16_jpg_2024-08-17_19-47-16.webp.webp?fit=1200%2C799&ssl=1&resize=350%2C200 1x, https:\/\/i0.wp.com\/ismaelcolosi.com.br\/wp-content\/uploads\/2024\/08\/botafogo-francana_2024-08-17_19-47-16_jpg_2024-08-17_19-47-16.webp.webp?fit=1200%2C799&ssl=1&resize=525%2C300 1.5x, https:\/\/i0.wp.com\/ismaelcolosi.com.br\/wp-content\/uploads\/2024\/08\/botafogo-francana_2024-08-17_19-47-16_jpg_2024-08-17_19-47-16.webp.webp?fit=1200%2C799&ssl=1&resize=700%2C400 2x, https:\/\/i0.wp.com\/ismaelcolosi.com.br\/wp-content\/uploads\/2024\/08\/botafogo-francana_2024-08-17_19-47-16_jpg_2024-08-17_19-47-16.webp.webp?fit=1200%2C799&ssl=1&resize=1050%2C600 3x"},"classes":[]}],"jetpack_sharing_enabled":true,"jetpack_shortlink":"https:\/\/wp.me\/pfMlyK-eJN","_links":{"self":[{"href":"https:\/\/ismaelcolosi.com.br\/index.php\/wp-json\/wp\/v2\/posts\/56655","targetHints":{"allow":["GET"]}}],"collection":[{"href":"https:\/\/ismaelcolosi.com.br\/index.php\/wp-json\/wp\/v2\/posts"}],"about":[{"href":"https:\/\/ismaelcolosi.com.br\/index.php\/wp-json\/wp\/v2\/types\/post"}],"author":[{"embeddable":true,"href":"https:\/\/ismaelcolosi.com.br\/index.php\/wp-json\/wp\/v2\/users\/1"}],"replies":[{"embeddable":true,"href":"https:\/\/ismaelcolosi.com.br\/index.php\/wp-json\/wp\/v2\/comments?post=56655"}],"version-history":[{"count":0,"href":"https:\/\/ismaelcolosi.com.br\/index.php\/wp-json\/wp\/v2\/posts\/56655\/revisions"}],"wp:featuredmedia":[{"embeddable":true,"href":"https:\/\/ismaelcolosi.com.br\/index.php\/wp-json\/wp\/v2\/media\/56656"}],"wp:attachment":[{"href":"https:\/\/ismaelcolosi.com.br\/index.php\/wp-json\/wp\/v2\/media?parent=56655"}],"wp:term":[{"taxonomy":"category","embeddable":true,"href":"https:\/\/ismaelcolosi.com.br\/index.php\/wp-json\/wp\/v2\/categories?post=56655"},{"taxonomy":"post_tag","embeddable":true,"href":"https:\/\/ismaelcolosi.com.br\/index.php\/wp-json\/wp\/v2\/tags?post=56655"}],"curies":[{"name":"wp","href":"https:\/\/api.w.org\/{rel}","templated":true}]}}