{"id":56653,"date":"2024-07-13T16:53:45","date_gmt":"2024-07-13T19:53:45","guid":{"rendered":"https:\/\/ismaelcolosi.com.br\/index.php\/2024\/07\/13\/bombeiros-resgatam-homem-em-corrego-na-avenida-francisco-junqueira-em-ribeirao-video\/"},"modified":"2024-07-13T16:53:45","modified_gmt":"2024-07-13T19:53:45","slug":"bombeiros-resgatam-homem-em-corrego-na-avenida-francisco-junqueira-em-ribeirao-video","status":"publish","type":"post","link":"https:\/\/ismaelcolosi.com.br\/index.php\/2024\/07\/13\/bombeiros-resgatam-homem-em-corrego-na-avenida-francisco-junqueira-em-ribeirao-video\/","title":{"rendered":"Bombeiros resgatam homem em c\u00f3rrego na avenida Francisco Junqueira em Ribeir\u00e3o; V\u00eddeo"},"content":{"rendered":"<p> <br \/>\n<\/p>\n<div data-td-block-uid=\"tdi_106\">\n<div class=\"tdb-block-inner td-fix-index\">\n<p><strong>O Corpo de Bombeiros resgatou um homem na tarde deste s\u00e1bado (13), no c\u00f3rrego Retiro Saudoso, na avenida Francisco Junqueira, em Ribeir\u00e3o Preto.<\/strong><\/p>\n<p><mark style=\"background-color:#fcb900\" class=\"has-inline-color has-black-color\">Um v\u00eddeo mostra o momento em que o homem atravessa a pista sentido Centro-bairro, na altura da liga\u00e7\u00e3o da avenida com a rua General Os\u00f3rio, senta na cal\u00e7ada e desliza pela margem do c\u00f3rrego.<\/mark> <strong>Assista abaixo<\/strong>.<\/p>\n<p>A <strong>ocorr\u00eancia <\/strong>tamb\u00e9m mobilizou a <strong>PM (Pol\u00edcia Militar)<\/strong>.<\/p>\n<p>Houve <strong>congestionamento <\/strong>no <strong>tr\u00e2nsito <\/strong>durante o <strong>resgate<\/strong>.<\/p>\n<p>As <strong>causas<\/strong>, contudo, ainda dever\u00e3o ser <strong>apuradas<\/strong>.<\/p>\n<blockquote class=\"twitter-tweet\" data-media-max-width=\"560\">\n<p lang=\"pt\" dir=\"ltr\">O Corpo de Bombeiros resgatou um homem na tarde deste s\u00e1bado (13), no c\u00f3rrego Retiro Saudoso, na avenida Francisco Junqueira, em Ribeir\u00e3o Preto. O homem atravessa a pista, senta na cal\u00e7ada e desliza pela margem do c\u00f3rrego. As causas, contudo, ainda dever\u00e3o ser apuradas. <a href=\"https:\/\/t.co\/Y4WySA7fsE\">pic.twitter.com\/Y4WySA7fsE<\/a><\/p>\n<p>\u2014 acidade on Ribeir\u00e3o e Regi\u00e3o (@acidadeonrp) <a href=\"https:\/\/twitter.com\/acidadeonrp\/status\/1812208119356834229?ref_src=twsrc%5Etfw\">July 13, 2024<\/a><\/p><\/blockquote>\n<p>SAIBA MAIS<\/p>\n<p>Motociclista fica gravemente ferido ap\u00f3s batida com caminh\u00e3o guincho em Ribeir\u00e3o Preto<\/p>\n<h4 class=\"wp-block-heading\"><strong>FIQUE ON<\/strong><\/h4>\n<p>Fique ligado em tudo que acontece em Ribeir\u00e3o Preto e regi\u00e3o. Siga os perfis do\u00a0<strong>acidade on\u00a0<\/strong>no\u00a0<a href=\"https:\/\/www.instagram.com\/acidadeonribeirao\" target=\"_blank\" rel=\"noreferrer noopener\">Instagram\u00a0<\/a>e no\u00a0<a href=\"https:\/\/www.facebook.com\/acidadeonribeirao\/\" target=\"_blank\" rel=\"noreferrer noopener\">Facebook<\/a>.<\/p>\n<p>Receba not\u00edcias do<strong>\u00a0acidade on\u00a0<\/strong>no WhatsApp.\u00a0<a href=\"https:\/\/chat.whatsapp.com\/CdrZ6xrf7quD44Vw3WlPuZ\" target=\"_blank\" rel=\"noreferrer noopener\">Para entrar no grupo, basta clicar aqui.<\/a><\/p>\n<p>Fa\u00e7a uma den\u00fancia ou sugira uma reportagem sobre Ribeir\u00e3o Preto e regi\u00e3o pelo WhatsApp: 16 99117 7802.<\/p>\n<p>VEJA TAMB\u00c9M<\/p>\n<p>Do que \u00e9 acusado o pastor Rinaldo Pereira da Bola de Neve?<\/p>\n<p><!-- AI CONTENT END 3 -->\n<\/div>\n<\/div>\n<p><script async src=\"\/\/platform.twitter.com\/widgets.js\" charset=\"utf-8\"><\/script><script async src=\"\/\/www.instagram.com\/embed.js\"><\/script><br \/>\n<br \/><br \/>\n<br \/><a href=\"https:\/\/www.acidadeon.com\/ribeiraopreto\/cotidiano\/bombeiros-resgatam-homem-em-corrego-na-avenida-francisco-junqueira-em-ribeirao-video\/\">Source link <\/a><\/p>\n<div class='code-block code-block-4' style='margin: 8px auto 8px 0; text-align: left; display: block; clear: both;'>\n\ud83d\udce2 Aviso Legal\n\nO site ismaelcolosi.com.br atua apenas como um canal de divulga\u00e7\u00e3o de oportunidades de emprego e n\u00e3o se responsabiliza pelo processo seletivo, contrata\u00e7\u00e3o ou qualquer outra etapa relacionada \u00e0s vagas publicadas. Todas as informa\u00e7\u00f5es s\u00e3o de responsabilidade dos anunciantes.\n\n\u26a0\ufe0f Aten\u00e7\u00e3o! Nunca pague por promessas de emprego nem compre cursos que garantam contrata\u00e7\u00e3o. Desconfie de qualquer cobran\u00e7a para participar de sele\u00e7\u00f5es.\n\n\n\n<\/div>\n<!-- CONTENT END 1 -->\n","protected":false},"excerpt":{"rendered":"<p>O Corpo de Bombeiros resgatou um homem na tarde deste s\u00e1bado (13), no c\u00f3rrego Retiro Saudoso, na avenida Francisco Junqueira, em Ribeir\u00e3o Preto. Um v\u00eddeo&#8230;<\/p>\n","protected":false},"author":1,"featured_media":56654,"comment_status":"open","ping_status":"open","sticky":false,"template":"","format":"standard","meta":{"_uag_custom_page_level_css":"","advanced_seo_description":"","jetpack_seo_html_title":"","jetpack_seo_noindex":false,"jetpack_post_was_ever_published":false,"_jetpack_newsletter_access":"","_jetpack_dont_email_post_to_subs":false,"_jetpack_newsletter_tier_id":0,"_jetpack_memberships_contains_paywalled_content":false,"_jetpack_memberships_contains_paid_content":false,"footnotes":"","jetpack_publicize_message":"","jetpack_publicize_feature_enabled":true,"jetpack_social_post_already_shared":true,"jetpack_social_options":{"image_generator_settings":{"template":"highway","default_image_id":0,"font":"","enabled":false},"version":2}},"categories":[11],"tags":[],"class_list":["post-56653","post","type-post","status-publish","format-standard","has-post-thumbnail","hentry","category-noticias-de-ribeirao-preto-sp-e-regiao-ismael-colosi"],"jetpack_publicize_connections":[],"jetpack_featured_media_url":"https:\/\/i0.wp.com\/ismaelcolosi.com.br\/wp-content\/uploads\/2024\/07\/QUEDA-CORREGO_2024-07-13_19-38-55_jpg_2024-07-13_19-38-56.webp.webp?fit=2000%2C1364&ssl=1","uagb_featured_image_src":{"full":["https:\/\/i0.wp.com\/ismaelcolosi.com.br\/wp-content\/uploads\/2024\/07\/QUEDA-CORREGO_2024-07-13_19-38-55_jpg_2024-07-13_19-38-56.webp.webp?fit=2000%2C1364&ssl=1",2000,1364,false],"thumbnail":["https:\/\/i0.wp.com\/ismaelcolosi.com.br\/wp-content\/uploads\/2024\/07\/QUEDA-CORREGO_2024-07-13_19-38-55_jpg_2024-07-13_19-38-56.webp.webp?resize=150%2C150&ssl=1",150,150,true],"medium":["https:\/\/i0.wp.com\/ismaelcolosi.com.br\/wp-content\/uploads\/2024\/07\/QUEDA-CORREGO_2024-07-13_19-38-55_jpg_2024-07-13_19-38-56.webp.webp?fit=300%2C205&ssl=1",300,205,true],"medium_large":["https:\/\/i0.wp.com\/ismaelcolosi.com.br\/wp-content\/uploads\/2024\/07\/QUEDA-CORREGO_2024-07-13_19-38-55_jpg_2024-07-13_19-38-56.webp.webp?fit=768%2C524&ssl=1",768,524,true],"large":["https:\/\/i0.wp.com\/ismaelcolosi.com.br\/wp-content\/uploads\/2024\/07\/QUEDA-CORREGO_2024-07-13_19-38-55_jpg_2024-07-13_19-38-56.webp.webp?fit=1024%2C698&ssl=1",1024,698,true],"1536x1536":["https:\/\/i0.wp.com\/ismaelcolosi.com.br\/wp-content\/uploads\/2024\/07\/QUEDA-CORREGO_2024-07-13_19-38-55_jpg_2024-07-13_19-38-56.webp.webp?fit=1536%2C1048&ssl=1",1536,1048,true],"2048x2048":["https:\/\/i0.wp.com\/ismaelcolosi.com.br\/wp-content\/uploads\/2024\/07\/QUEDA-CORREGO_2024-07-13_19-38-55_jpg_2024-07-13_19-38-56.webp.webp?fit=2000%2C1364&ssl=1",2000,1364,true],"really-simple-thumb":["https:\/\/i0.wp.com\/ismaelcolosi.com.br\/wp-content\/uploads\/2024\/07\/QUEDA-CORREGO_2024-07-13_19-38-55_jpg_2024-07-13_19-38-56.webp.webp?resize=370%2C247&ssl=1",370,247,true]},"uagb_author_info":{"display_name":"ismaelcolosi.com.br","author_link":"https:\/\/ismaelcolosi.com.br\/index.php\/author\/vidareal-online\/"},"uagb_comment_info":0,"uagb_excerpt":"O Corpo de Bombeiros resgatou um homem na tarde deste s\u00e1bado (13), no c\u00f3rrego Retiro Saudoso, na avenida Francisco Junqueira, em Ribeir\u00e3o Preto. Um v\u00eddeo...","jetpack-related-posts":[{"id":51935,"url":"https:\/\/ismaelcolosi.com.br\/index.php\/2024\/06\/02\/homem-e-socorrido-apos-cair-no-corrego-da-avenida-francisco-junqueira-em-ribeirao\/","url_meta":{"origin":56653,"position":0},"title":"Homem \u00e9 socorrido ap\u00f3s cair no c\u00f3rrego da avenida Francisco Junqueira em Ribeir\u00e3o","author":"ismaelcolosi.com.br","date":"2 de June de 2024","format":false,"excerpt":"Um homem foi socorrido na tarde deste domingo (2), depois de cair no c\u00f3rrego Retiro Saudoso, na avenida Francisco Junqueira, em Ribeir\u00e3o Preto. Segundo as primeiras informa\u00e7\u00f5es, a v\u00edtima, que teria entre 30 e 40 anos de idade e estaria sem identifica\u00e7\u00e3o, foi retirada do c\u00f3rrego pelo Corpo de Bombeiros.\u2026","rel":"","context":"In &quot;Not\u00edcias de Ribeir\u00e3o Preto-SP e Regi\u00e3o&quot;","block_context":{"text":"Not\u00edcias de Ribeir\u00e3o Preto-SP e Regi\u00e3o","link":"https:\/\/ismaelcolosi.com.br\/index.php\/category\/noticias-de-ribeirao-preto-sp-e-regiao-ismael-colosi\/"},"img":{"alt_text":"","src":"https:\/\/i0.wp.com\/ismaelcolosi.com.br\/wp-content\/uploads\/2024\/06\/SAMU_2024-06-02_16-15-10_jpg_2024-06-02_16-15-11.webp.webp?fit=1200%2C719&ssl=1&resize=350%2C200","width":350,"height":200,"srcset":"https:\/\/i0.wp.com\/ismaelcolosi.com.br\/wp-content\/uploads\/2024\/06\/SAMU_2024-06-02_16-15-10_jpg_2024-06-02_16-15-11.webp.webp?fit=1200%2C719&ssl=1&resize=350%2C200 1x, https:\/\/i0.wp.com\/ismaelcolosi.com.br\/wp-content\/uploads\/2024\/06\/SAMU_2024-06-02_16-15-10_jpg_2024-06-02_16-15-11.webp.webp?fit=1200%2C719&ssl=1&resize=525%2C300 1.5x, https:\/\/i0.wp.com\/ismaelcolosi.com.br\/wp-content\/uploads\/2024\/06\/SAMU_2024-06-02_16-15-10_jpg_2024-06-02_16-15-11.webp.webp?fit=1200%2C719&ssl=1&resize=700%2C400 2x, https:\/\/i0.wp.com\/ismaelcolosi.com.br\/wp-content\/uploads\/2024\/06\/SAMU_2024-06-02_16-15-10_jpg_2024-06-02_16-15-11.webp.webp?fit=1200%2C719&ssl=1&resize=1050%2C600 3x"},"classes":[]},{"id":51420,"url":"https:\/\/ismaelcolosi.com.br\/index.php\/2024\/05\/27\/carro-cai-em-corrego-da-avenida-francisco-junqueira-em-ribeirao-preto\/","url_meta":{"origin":56653,"position":1},"title":"Carro cai em c\u00f3rrego da avenida Francisco Junqueira em Ribeir\u00e3o Preto","author":"ismaelcolosi.com.br","date":"27 de May de 2024","format":false,"excerpt":"Um carro caiu no c\u00f3rrego Retiro Saudoso, que corta a avenida Francisco Junqueira, em Ribeir\u00e3o Preto, na tarde desta segunda-feira (27). O acidente aconteceu por volta das 17h40, na altura do n\u00famero 1.800, pr\u00f3ximo ao cruzamento com a rua Olavo Bilac. De acordo com as primeiras informa\u00e7\u00f5es do Corpo de\u2026","rel":"","context":"In &quot;Not\u00edcias de Ribeir\u00e3o Preto-SP e Regi\u00e3o&quot;","block_context":{"text":"Not\u00edcias de Ribeir\u00e3o Preto-SP e Regi\u00e3o","link":"https:\/\/ismaelcolosi.com.br\/index.php\/category\/noticias-de-ribeirao-preto-sp-e-regiao-ismael-colosi\/"},"img":{"alt_text":"","src":"https:\/\/i0.wp.com\/ismaelcolosi.com.br\/wp-content\/uploads\/2024\/05\/Copia-de-Copia-de-TAMANHO-EXATO-PARA-FOTOS-NO-SISTEMA-NOVO-58_2024-05-27_21-06-39_png_2024-05-27_21-06-39.webp.webp?fit=1200%2C675&ssl=1&resize=350%2C200","width":350,"height":200,"srcset":"https:\/\/i0.wp.com\/ismaelcolosi.com.br\/wp-content\/uploads\/2024\/05\/Copia-de-Copia-de-TAMANHO-EXATO-PARA-FOTOS-NO-SISTEMA-NOVO-58_2024-05-27_21-06-39_png_2024-05-27_21-06-39.webp.webp?fit=1200%2C675&ssl=1&resize=350%2C200 1x, https:\/\/i0.wp.com\/ismaelcolosi.com.br\/wp-content\/uploads\/2024\/05\/Copia-de-Copia-de-TAMANHO-EXATO-PARA-FOTOS-NO-SISTEMA-NOVO-58_2024-05-27_21-06-39_png_2024-05-27_21-06-39.webp.webp?fit=1200%2C675&ssl=1&resize=525%2C300 1.5x, https:\/\/i0.wp.com\/ismaelcolosi.com.br\/wp-content\/uploads\/2024\/05\/Copia-de-Copia-de-TAMANHO-EXATO-PARA-FOTOS-NO-SISTEMA-NOVO-58_2024-05-27_21-06-39_png_2024-05-27_21-06-39.webp.webp?fit=1200%2C675&ssl=1&resize=700%2C400 2x, https:\/\/i0.wp.com\/ismaelcolosi.com.br\/wp-content\/uploads\/2024\/05\/Copia-de-Copia-de-TAMANHO-EXATO-PARA-FOTOS-NO-SISTEMA-NOVO-58_2024-05-27_21-06-39_png_2024-05-27_21-06-39.webp.webp?fit=1200%2C675&ssl=1&resize=1050%2C600 3x"},"classes":[]},{"id":54185,"url":"https:\/\/ismaelcolosi.com.br\/index.php\/2024\/06\/22\/identificado-homem-encontrado-morto-em-corrego-na-regiao-de-ribeirao-preto\/","url_meta":{"origin":56653,"position":2},"title":"Identificado homem encontrado morto em c\u00f3rrego na regi\u00e3o de Ribeir\u00e3o Preto","author":"ismaelcolosi.com.br","date":"22 de June de 2024","format":false,"excerpt":"O homem que foi encontrado morto dentro de um c\u00f3rrego que corta a avenida Ismael Alonso y Alonso, em Franca, na regi\u00e3o de Ribeir\u00e3o Preto, na manh\u00e3 de sexta-feira (21), foi identificado. O corpo foi retirado do c\u00f3rrego pelos bombeiros e em seguida identificado como Everson Jurado, de 44 anos.\u2026","rel":"","context":"In &quot;Not\u00edcias de Ribeir\u00e3o Preto-SP e Regi\u00e3o&quot;","block_context":{"text":"Not\u00edcias de Ribeir\u00e3o Preto-SP e Regi\u00e3o","link":"https:\/\/ismaelcolosi.com.br\/index.php\/category\/noticias-de-ribeirao-preto-sp-e-regiao-ismael-colosi\/"},"img":{"alt_text":"","src":"https:\/\/i0.wp.com\/ismaelcolosi.com.br\/wp-content\/uploads\/2024\/06\/AnyConv.com__everson-jurado_2024-06-22_13-45-48.webp.webp?fit=1200%2C675&ssl=1&resize=350%2C200","width":350,"height":200,"srcset":"https:\/\/i0.wp.com\/ismaelcolosi.com.br\/wp-content\/uploads\/2024\/06\/AnyConv.com__everson-jurado_2024-06-22_13-45-48.webp.webp?fit=1200%2C675&ssl=1&resize=350%2C200 1x, https:\/\/i0.wp.com\/ismaelcolosi.com.br\/wp-content\/uploads\/2024\/06\/AnyConv.com__everson-jurado_2024-06-22_13-45-48.webp.webp?fit=1200%2C675&ssl=1&resize=525%2C300 1.5x, https:\/\/i0.wp.com\/ismaelcolosi.com.br\/wp-content\/uploads\/2024\/06\/AnyConv.com__everson-jurado_2024-06-22_13-45-48.webp.webp?fit=1200%2C675&ssl=1&resize=700%2C400 2x, https:\/\/i0.wp.com\/ismaelcolosi.com.br\/wp-content\/uploads\/2024\/06\/AnyConv.com__everson-jurado_2024-06-22_13-45-48.webp.webp?fit=1200%2C675&ssl=1&resize=1050%2C600 3x"},"classes":[]},{"id":9046,"url":"https:\/\/ismaelcolosi.com.br\/index.php\/2023\/12\/01\/cheiro-de-esgoto-incomoda-quem-passa-proximo-ao-retiro-saudoso\/","url_meta":{"origin":56653,"position":3},"title":"Cheiro de esgoto incomoda quem passa pr\u00f3ximo ao Retiro Saudoso","author":"ismaelcolosi.com.br","date":"1 de December de 2023","format":false,"excerpt":"C\u00f3rrego que atravessa a cidade da zona Sul \u00e0 zona Norte tem exalado forte cheiro h\u00e1 v\u00e1rios dias 1 de dezembro de 2023 | 12:261 de dezembro de 2023 | 12:27 0Por: Adalberto LuqueMuitos motoristas e pedestres que passam pela Avenida Francisco Junqueira t\u00eam se queixado do forte cheiro de\u2026","rel":"","context":"In &quot;Not\u00edcias de Ribeir\u00e3o Preto-SP e Regi\u00e3o&quot;","block_context":{"text":"Not\u00edcias de Ribeir\u00e3o Preto-SP e Regi\u00e3o","link":"https:\/\/ismaelcolosi.com.br\/index.php\/category\/noticias-de-ribeirao-preto-sp-e-regiao-ismael-colosi\/"},"img":{"alt_text":"","src":"https:\/\/i0.wp.com\/ismaelcolosi.com.br\/wp-content\/uploads\/2023\/12\/00-01-dez-2023-cheiro-ruim-retiro-saudoso-00-foto-alfredo-risk-scaled.jpg?fit=967%2C645&ssl=1&resize=350%2C200","width":350,"height":200,"srcset":"https:\/\/i0.wp.com\/ismaelcolosi.com.br\/wp-content\/uploads\/2023\/12\/00-01-dez-2023-cheiro-ruim-retiro-saudoso-00-foto-alfredo-risk-scaled.jpg?fit=967%2C645&ssl=1&resize=350%2C200 1x, https:\/\/i0.wp.com\/ismaelcolosi.com.br\/wp-content\/uploads\/2023\/12\/00-01-dez-2023-cheiro-ruim-retiro-saudoso-00-foto-alfredo-risk-scaled.jpg?fit=967%2C645&ssl=1&resize=525%2C300 1.5x, https:\/\/i0.wp.com\/ismaelcolosi.com.br\/wp-content\/uploads\/2023\/12\/00-01-dez-2023-cheiro-ruim-retiro-saudoso-00-foto-alfredo-risk-scaled.jpg?fit=967%2C645&ssl=1&resize=700%2C400 2x"},"classes":[]},{"id":52098,"url":"https:\/\/ismaelcolosi.com.br\/index.php\/2024\/06\/04\/corpo-e-encontrado-em-corrego-na-avenida-jeronimo-goncalves-em-ribeirao-preto\/","url_meta":{"origin":56653,"position":4},"title":"Corpo \u00e9 encontrado em c\u00f3rrego na avenida Jer\u00f4nimo Gon\u00e7alves em Ribeir\u00e3o Preto","author":"ismaelcolosi.com.br","date":"4 de June de 2024","format":false,"excerpt":"Um corpo foi encontrado na madrugada desta ter\u00e7a-feira (4), no ribeir\u00e3o Preto, na avenida Jer\u00f4nimo Gon\u00e7alves, em Ribeir\u00e3o Preto. Segundo as primeiras informa\u00e7\u00f5es, o corpo, que seria de um homem ainda sem identifica\u00e7\u00e3o, foi retirado da \u00e1gua por uma equipe dos Bombeiros, na altura do Terminal de \u00f4nibus Dra.\u00a0Evangelina de\u2026","rel":"","context":"In &quot;Not\u00edcias de Ribeir\u00e3o Preto-SP e Regi\u00e3o&quot;","block_context":{"text":"Not\u00edcias de Ribeir\u00e3o Preto-SP e Regi\u00e3o","link":"https:\/\/ismaelcolosi.com.br\/index.php\/category\/noticias-de-ribeirao-preto-sp-e-regiao-ismael-colosi\/"},"img":{"alt_text":"","src":"https:\/\/i0.wp.com\/ismaelcolosi.com.br\/wp-content\/uploads\/2024\/06\/sirene_pm_1024x576_04022021085205.jpg?fit=1024%2C576&ssl=1&resize=350%2C200","width":350,"height":200,"srcset":"https:\/\/i0.wp.com\/ismaelcolosi.com.br\/wp-content\/uploads\/2024\/06\/sirene_pm_1024x576_04022021085205.jpg?fit=1024%2C576&ssl=1&resize=350%2C200 1x, https:\/\/i0.wp.com\/ismaelcolosi.com.br\/wp-content\/uploads\/2024\/06\/sirene_pm_1024x576_04022021085205.jpg?fit=1024%2C576&ssl=1&resize=525%2C300 1.5x, https:\/\/i0.wp.com\/ismaelcolosi.com.br\/wp-content\/uploads\/2024\/06\/sirene_pm_1024x576_04022021085205.jpg?fit=1024%2C576&ssl=1&resize=700%2C400 2x"},"classes":[]},{"id":73452,"url":"https:\/\/ismaelcolosi.com.br\/index.php\/2024\/10\/26\/acidente-deixa-feridos-em-avenida-de-ribeirao-preto-veja-o-video\/","url_meta":{"origin":56653,"position":5},"title":"Acidente deixa feridos em avenida de Ribeir\u00e3o Preto; Veja o v\u00eddeo","author":"ismaelcolosi.com.br","date":"26 de October de 2024","format":false,"excerpt":"Um carro quase caiu no c\u00f3rrego da avenida Francisco Junqueira, em Ribeir\u00e3o Preto, ap\u00f3s se envolver em um acidente na tarde deste s\u00e1bado (26). O ve\u00edculo ficou apoiado em uma mureta ap\u00f3s a batida.O acidente aconteceu pr\u00f3ximo da ponte entre as ruas Amadeu Amaral e Margarida. O motorista do carro\u2026","rel":"","context":"In &quot;Not\u00edcias de Ribeir\u00e3o Preto-SP e Regi\u00e3o&quot;","block_context":{"text":"Not\u00edcias de Ribeir\u00e3o Preto-SP e Regi\u00e3o","link":"https:\/\/ismaelcolosi.com.br\/index.php\/category\/noticias-de-ribeirao-preto-sp-e-regiao-ismael-colosi\/"},"img":{"alt_text":"","src":"https:\/\/i0.wp.com\/ismaelcolosi.com.br\/wp-content\/uploads\/2024\/10\/francisco-junqueira_2024-10-26_21-24-13_jpeg_2024-10-26_21-24-13.webp.webp?fit=926%2C695&ssl=1&resize=350%2C200","width":350,"height":200,"srcset":"https:\/\/i0.wp.com\/ismaelcolosi.com.br\/wp-content\/uploads\/2024\/10\/francisco-junqueira_2024-10-26_21-24-13_jpeg_2024-10-26_21-24-13.webp.webp?fit=926%2C695&ssl=1&resize=350%2C200 1x, https:\/\/i0.wp.com\/ismaelcolosi.com.br\/wp-content\/uploads\/2024\/10\/francisco-junqueira_2024-10-26_21-24-13_jpeg_2024-10-26_21-24-13.webp.webp?fit=926%2C695&ssl=1&resize=525%2C300 1.5x, https:\/\/i0.wp.com\/ismaelcolosi.com.br\/wp-content\/uploads\/2024\/10\/francisco-junqueira_2024-10-26_21-24-13_jpeg_2024-10-26_21-24-13.webp.webp?fit=926%2C695&ssl=1&resize=700%2C400 2x"},"classes":[]}],"jetpack_sharing_enabled":true,"jetpack_shortlink":"https:\/\/wp.me\/pfMlyK-eJL","_links":{"self":[{"href":"https:\/\/ismaelcolosi.com.br\/index.php\/wp-json\/wp\/v2\/posts\/56653","targetHints":{"allow":["GET"]}}],"collection":[{"href":"https:\/\/ismaelcolosi.com.br\/index.php\/wp-json\/wp\/v2\/posts"}],"about":[{"href":"https:\/\/ismaelcolosi.com.br\/index.php\/wp-json\/wp\/v2\/types\/post"}],"author":[{"embeddable":true,"href":"https:\/\/ismaelcolosi.com.br\/index.php\/wp-json\/wp\/v2\/users\/1"}],"replies":[{"embeddable":true,"href":"https:\/\/ismaelcolosi.com.br\/index.php\/wp-json\/wp\/v2\/comments?post=56653"}],"version-history":[{"count":0,"href":"https:\/\/ismaelcolosi.com.br\/index.php\/wp-json\/wp\/v2\/posts\/56653\/revisions"}],"wp:featuredmedia":[{"embeddable":true,"href":"https:\/\/ismaelcolosi.com.br\/index.php\/wp-json\/wp\/v2\/media\/56654"}],"wp:attachment":[{"href":"https:\/\/ismaelcolosi.com.br\/index.php\/wp-json\/wp\/v2\/media?parent=56653"}],"wp:term":[{"taxonomy":"category","embeddable":true,"href":"https:\/\/ismaelcolosi.com.br\/index.php\/wp-json\/wp\/v2\/categories?post=56653"},{"taxonomy":"post_tag","embeddable":true,"href":"https:\/\/ismaelcolosi.com.br\/index.php\/wp-json\/wp\/v2\/tags?post=56653"}],"curies":[{"name":"wp","href":"https:\/\/api.w.org\/{rel}","templated":true}]}}