{"id":56635,"date":"2024-07-13T15:09:16","date_gmt":"2024-07-13T18:09:16","guid":{"rendered":"https:\/\/ismaelcolosi.com.br\/index.php\/2024\/07\/13\/motociclista-fica-gravemente-ferido-apos-batida-com-caminhao-guincho-em-ribeirao-preto\/"},"modified":"2024-07-13T15:09:16","modified_gmt":"2024-07-13T18:09:16","slug":"motociclista-fica-gravemente-ferido-apos-batida-com-caminhao-guincho-em-ribeirao-preto","status":"publish","type":"post","link":"https:\/\/ismaelcolosi.com.br\/index.php\/2024\/07\/13\/motociclista-fica-gravemente-ferido-apos-batida-com-caminhao-guincho-em-ribeirao-preto\/","title":{"rendered":"Motociclista fica gravemente ferido ap\u00f3s batida com caminh\u00e3o guincho em Ribeir\u00e3o Preto"},"content":{"rendered":"<p> <br \/>\n<\/p>\n<div data-td-block-uid=\"tdi_106\">\n<div class=\"tdb-block-inner td-fix-index\">\n<p><strong>Um motociclista ficou gravemente ferido<strong> na tarde deste s\u00e1bado (13), <\/strong>depois de se envolver em uma batida com um caminh\u00e3o guincho, no Planalto Verde, zona Oeste de Ribeir\u00e3o Preto.<\/strong><\/p>\n<p>A <strong>colis\u00e3o <\/strong>ocorreu no <strong>cruzamento <\/strong>das <strong>ruas Maria Tereza Braga Cerri e Senador Teotonio Vilela<\/strong>.<\/p>\n<p>A <strong>v\u00edtima <\/strong>foi <strong>socorrida <\/strong>pelo <strong>Corpo de Bombeiros<\/strong> e encaminhada ao <strong>Hospital das Cl\u00ednicas \u2013 Unidade de Emerg\u00eancia (HC-UE)<\/strong>.<\/p>\n<p>Segundo a <strong>PM (Pol\u00edcia Militar)<\/strong>, o <strong>caminh\u00e3o <\/strong>estaria pela <strong>rua Maria Tereza<\/strong> <strong>Braga Cerri<\/strong>, que \u00e9 <strong>preferencial <\/strong>de <strong>dire\u00e7\u00e3o<\/strong>, e o <strong>motociclista <\/strong>teria cruzado a<strong> Senador Teotonio Vilela<\/strong>. <\/p>\n<p>As <strong>causas<\/strong>, por\u00e9m, ainda dever\u00e3o ser <strong>apuradas<\/strong>.<\/p>\n<p>SAIBA MAIS<\/p>\n<p>Identificado homem morto ap\u00f3s atropelamento em avenida de Ribeir\u00e3o Preto<\/p>\n<h4 class=\"wp-block-heading\"><strong>FIQUE ON<\/strong><\/h4>\n<p>Fique ligado em tudo que acontece em Ribeir\u00e3o Preto e regi\u00e3o. Siga os perfis do\u00a0<strong>acidade on\u00a0<\/strong>no\u00a0<a href=\"https:\/\/www.instagram.com\/acidadeonribeirao\" target=\"_blank\" rel=\"noreferrer noopener\">Instagram\u00a0<\/a>e no\u00a0<a href=\"https:\/\/www.facebook.com\/acidadeonribeirao\/\" target=\"_blank\" rel=\"noreferrer noopener\">Facebook<\/a>.<\/p>\n<p>Receba not\u00edcias do<strong>\u00a0acidade on\u00a0<\/strong>no WhatsApp.\u00a0<a href=\"https:\/\/chat.whatsapp.com\/CdrZ6xrf7quD44Vw3WlPuZ\" target=\"_blank\" rel=\"noreferrer noopener\">Para entrar no grupo, basta clicar aqui.<\/a><\/p>\n<p>Fa\u00e7a uma den\u00fancia ou sugira uma reportagem sobre Ribeir\u00e3o Preto e regi\u00e3o pelo WhatsApp: 16 99117 7802.<\/p>\n<p>VEJA TAMB\u00c9M<\/p>\n<p>Do que \u00e9 acusado o pastor Rinaldo Pereira da Bola de Neve?<\/p>\n<p><!-- AI CONTENT END 3 -->\n<\/div>\n<\/div>\n<p><script async src=\"\/\/www.instagram.com\/embed.js\"><\/script><br \/>\n<br \/><br \/>\n<br \/><a href=\"https:\/\/www.acidadeon.com\/ribeiraopreto\/cotidiano\/motociclista-fica-gravemente-ferido-apos-batida-com-caminhao-guincho-em-ribeirao-preto\/\">Source link <\/a><\/p>\n<div class='code-block code-block-4' style='margin: 8px auto 8px 0; text-align: left; display: block; clear: both;'>\n\ud83d\udce2 Aviso Legal\n\nO site ismaelcolosi.com.br atua apenas como um canal de divulga\u00e7\u00e3o de oportunidades de emprego e n\u00e3o se responsabiliza pelo processo seletivo, contrata\u00e7\u00e3o ou qualquer outra etapa relacionada \u00e0s vagas publicadas. Todas as informa\u00e7\u00f5es s\u00e3o de responsabilidade dos anunciantes.\n\n\u26a0\ufe0f Aten\u00e7\u00e3o! Nunca pague por promessas de emprego nem compre cursos que garantam contrata\u00e7\u00e3o. Desconfie de qualquer cobran\u00e7a para participar de sele\u00e7\u00f5es.\n\n\n\n<\/div>\n<!-- CONTENT END 1 -->\n","protected":false},"excerpt":{"rendered":"<p>Um motociclista ficou gravemente ferido na tarde deste s\u00e1bado (13), depois de se envolver em uma batida com um caminh\u00e3o guincho, no Planalto Verde, zona&#8230;<\/p>\n","protected":false},"author":1,"featured_media":51802,"comment_status":"open","ping_status":"open","sticky":false,"template":"","format":"standard","meta":{"_uag_custom_page_level_css":"","advanced_seo_description":"","jetpack_seo_html_title":"","jetpack_seo_noindex":false,"jetpack_post_was_ever_published":false,"_jetpack_newsletter_access":"","_jetpack_dont_email_post_to_subs":false,"_jetpack_newsletter_tier_id":0,"_jetpack_memberships_contains_paywalled_content":false,"_jetpack_memberships_contains_paid_content":false,"footnotes":"","jetpack_publicize_message":"","jetpack_publicize_feature_enabled":true,"jetpack_social_post_already_shared":true,"jetpack_social_options":{"image_generator_settings":{"template":"highway","default_image_id":0,"font":"","enabled":false},"version":2}},"categories":[11],"tags":[],"class_list":["post-56635","post","type-post","status-publish","format-standard","has-post-thumbnail","hentry","category-noticias-de-ribeirao-preto-sp-e-regiao-ismael-colosi"],"jetpack_publicize_connections":[],"jetpack_featured_media_url":"https:\/\/i0.wp.com\/ismaelcolosi.com.br\/wp-content\/uploads\/2024\/05\/BOMBEIROS-1024x575-1_2024-05-31_13-44-44_jpg_2024-05-31_13-44-44.webp.webp?fit=1024%2C575&ssl=1","uagb_featured_image_src":{"full":["https:\/\/i0.wp.com\/ismaelcolosi.com.br\/wp-content\/uploads\/2024\/05\/BOMBEIROS-1024x575-1_2024-05-31_13-44-44_jpg_2024-05-31_13-44-44.webp.webp?fit=1024%2C575&ssl=1",1024,575,false],"thumbnail":["https:\/\/i0.wp.com\/ismaelcolosi.com.br\/wp-content\/uploads\/2024\/05\/BOMBEIROS-1024x575-1_2024-05-31_13-44-44_jpg_2024-05-31_13-44-44.webp.webp?resize=150%2C150&ssl=1",150,150,true],"medium":["https:\/\/i0.wp.com\/ismaelcolosi.com.br\/wp-content\/uploads\/2024\/05\/BOMBEIROS-1024x575-1_2024-05-31_13-44-44_jpg_2024-05-31_13-44-44.webp.webp?fit=300%2C168&ssl=1",300,168,true],"medium_large":["https:\/\/i0.wp.com\/ismaelcolosi.com.br\/wp-content\/uploads\/2024\/05\/BOMBEIROS-1024x575-1_2024-05-31_13-44-44_jpg_2024-05-31_13-44-44.webp.webp?fit=768%2C431&ssl=1",768,431,true],"large":["https:\/\/i0.wp.com\/ismaelcolosi.com.br\/wp-content\/uploads\/2024\/05\/BOMBEIROS-1024x575-1_2024-05-31_13-44-44_jpg_2024-05-31_13-44-44.webp.webp?fit=1024%2C575&ssl=1",1024,575,true],"1536x1536":["https:\/\/i0.wp.com\/ismaelcolosi.com.br\/wp-content\/uploads\/2024\/05\/BOMBEIROS-1024x575-1_2024-05-31_13-44-44_jpg_2024-05-31_13-44-44.webp.webp?fit=1024%2C575&ssl=1",1024,575,true],"2048x2048":["https:\/\/i0.wp.com\/ismaelcolosi.com.br\/wp-content\/uploads\/2024\/05\/BOMBEIROS-1024x575-1_2024-05-31_13-44-44_jpg_2024-05-31_13-44-44.webp.webp?fit=1024%2C575&ssl=1",1024,575,true],"really-simple-thumb":["https:\/\/i0.wp.com\/ismaelcolosi.com.br\/wp-content\/uploads\/2024\/05\/BOMBEIROS-1024x575-1_2024-05-31_13-44-44_jpg_2024-05-31_13-44-44.webp.webp?resize=370%2C247&ssl=1",370,247,true]},"uagb_author_info":{"display_name":"ismaelcolosi.com.br","author_link":"https:\/\/ismaelcolosi.com.br\/index.php\/author\/vidareal-online\/"},"uagb_comment_info":0,"uagb_excerpt":"Um motociclista ficou gravemente ferido na tarde deste s\u00e1bado (13), depois de se envolver em uma batida com um caminh\u00e3o guincho, no Planalto Verde, zona...","jetpack-related-posts":[{"id":56657,"url":"https:\/\/ismaelcolosi.com.br\/index.php\/2024\/07\/13\/morre-motociclista-socorrido-apos-batida-com-caminhao-guincho-em-ribeirao-preto\/","url_meta":{"origin":56635,"position":0},"title":"Morre motociclista socorrido ap\u00f3s batida com caminh\u00e3o guincho em Ribeir\u00e3o Preto","author":"ismaelcolosi.com.br","date":"13 de July de 2024","format":false,"excerpt":"O motociclista que ficou gravemente ferido na tarde deste s\u00e1bado (13), em Ribeir\u00e3o Preto, depois de se envolver em uma batida de moto com um caminh\u00e3o guincho, n\u00e3o resistiu e morreu. A fam\u00edlia confirmou o falecimento de Jos\u00e9 F\u00e1bio Batista Freire, de 36 anos. A colis\u00e3o ocorreu no cruzamento das\u2026","rel":"","context":"In &quot;Not\u00edcias de Ribeir\u00e3o Preto-SP e Regi\u00e3o&quot;","block_context":{"text":"Not\u00edcias de Ribeir\u00e3o Preto-SP e Regi\u00e3o","link":"https:\/\/ismaelcolosi.com.br\/index.php\/category\/noticias-de-ribeirao-preto-sp-e-regiao-ismael-colosi\/"},"img":{"alt_text":"","src":"https:\/\/i0.wp.com\/ismaelcolosi.com.br\/wp-content\/uploads\/2024\/07\/WhatsApp-Image-2024-07-13-at-18.16.17_2024-07-13_21-20-17_jpeg_2024-07-13_21-20-17.webp.webp?fit=1200%2C675&ssl=1&resize=350%2C200","width":350,"height":200,"srcset":"https:\/\/i0.wp.com\/ismaelcolosi.com.br\/wp-content\/uploads\/2024\/07\/WhatsApp-Image-2024-07-13-at-18.16.17_2024-07-13_21-20-17_jpeg_2024-07-13_21-20-17.webp.webp?fit=1200%2C675&ssl=1&resize=350%2C200 1x, https:\/\/i0.wp.com\/ismaelcolosi.com.br\/wp-content\/uploads\/2024\/07\/WhatsApp-Image-2024-07-13-at-18.16.17_2024-07-13_21-20-17_jpeg_2024-07-13_21-20-17.webp.webp?fit=1200%2C675&ssl=1&resize=525%2C300 1.5x, https:\/\/i0.wp.com\/ismaelcolosi.com.br\/wp-content\/uploads\/2024\/07\/WhatsApp-Image-2024-07-13-at-18.16.17_2024-07-13_21-20-17_jpeg_2024-07-13_21-20-17.webp.webp?fit=1200%2C675&ssl=1&resize=700%2C400 2x, https:\/\/i0.wp.com\/ismaelcolosi.com.br\/wp-content\/uploads\/2024\/07\/WhatsApp-Image-2024-07-13-at-18.16.17_2024-07-13_21-20-17_jpeg_2024-07-13_21-20-17.webp.webp?fit=1200%2C675&ssl=1&resize=1050%2C600 3x"},"classes":[]},{"id":52021,"url":"https:\/\/ismaelcolosi.com.br\/index.php\/2024\/06\/03\/motociclista-fica-ferido-apos-batida-de-moto-e-van-em-marginal-de-rodovia-em-ribeirao-preto\/","url_meta":{"origin":56635,"position":1},"title":"Motociclista fica ferido ap\u00f3s batida de moto e van em marginal de rodovia em Ribeir\u00e3o Preto","author":"ismaelcolosi.com.br","date":"3 de June de 2024","format":false,"excerpt":"Um motociclista ficou ferido na manh\u00e3 desta segunda-feira (3), depois de se envolver em uma batida com uma van, na via marginal da rodovia Abr\u00e3o Assed (SP-333), em Ribeir\u00e3o Preto. Segundo informa\u00e7\u00f5es, a moto seguia no sentido a Ribeir\u00e3o e a van vinha na pista contr\u00e1ria, quando ocorreu a colis\u00e3o\u2026","rel":"","context":"In &quot;Not\u00edcias de Ribeir\u00e3o Preto-SP e Regi\u00e3o&quot;","block_context":{"text":"Not\u00edcias de Ribeir\u00e3o Preto-SP e Regi\u00e3o","link":"https:\/\/ismaelcolosi.com.br\/index.php\/category\/noticias-de-ribeirao-preto-sp-e-regiao-ismael-colosi\/"},"img":{"alt_text":"","src":"https:\/\/i0.wp.com\/ismaelcolosi.com.br\/wp-content\/uploads\/2024\/06\/WhatsApp-Image-2024-06-03-at-12.33.37_2024-06-03_15-43-36_jpeg_2024-06-03_15-43-37.webp.webp?fit=1200%2C796&ssl=1&resize=350%2C200","width":350,"height":200,"srcset":"https:\/\/i0.wp.com\/ismaelcolosi.com.br\/wp-content\/uploads\/2024\/06\/WhatsApp-Image-2024-06-03-at-12.33.37_2024-06-03_15-43-36_jpeg_2024-06-03_15-43-37.webp.webp?fit=1200%2C796&ssl=1&resize=350%2C200 1x, https:\/\/i0.wp.com\/ismaelcolosi.com.br\/wp-content\/uploads\/2024\/06\/WhatsApp-Image-2024-06-03-at-12.33.37_2024-06-03_15-43-36_jpeg_2024-06-03_15-43-37.webp.webp?fit=1200%2C796&ssl=1&resize=525%2C300 1.5x, https:\/\/i0.wp.com\/ismaelcolosi.com.br\/wp-content\/uploads\/2024\/06\/WhatsApp-Image-2024-06-03-at-12.33.37_2024-06-03_15-43-36_jpeg_2024-06-03_15-43-37.webp.webp?fit=1200%2C796&ssl=1&resize=700%2C400 2x, https:\/\/i0.wp.com\/ismaelcolosi.com.br\/wp-content\/uploads\/2024\/06\/WhatsApp-Image-2024-06-03-at-12.33.37_2024-06-03_15-43-36_jpeg_2024-06-03_15-43-37.webp.webp?fit=1200%2C796&ssl=1&resize=1050%2C600 3x"},"classes":[]},{"id":56653,"url":"https:\/\/ismaelcolosi.com.br\/index.php\/2024\/07\/13\/bombeiros-resgatam-homem-em-corrego-na-avenida-francisco-junqueira-em-ribeirao-video\/","url_meta":{"origin":56635,"position":2},"title":"Bombeiros resgatam homem em c\u00f3rrego na avenida Francisco Junqueira em Ribeir\u00e3o; V\u00eddeo","author":"ismaelcolosi.com.br","date":"13 de July de 2024","format":false,"excerpt":"O Corpo de Bombeiros resgatou um homem na tarde deste s\u00e1bado (13), no c\u00f3rrego Retiro Saudoso, na avenida Francisco Junqueira, em Ribeir\u00e3o Preto. Um v\u00eddeo mostra o momento em que o homem atravessa a pista sentido Centro-bairro, na altura da liga\u00e7\u00e3o da avenida com a rua General Os\u00f3rio, senta na\u2026","rel":"","context":"In &quot;Not\u00edcias de Ribeir\u00e3o Preto-SP e Regi\u00e3o&quot;","block_context":{"text":"Not\u00edcias de Ribeir\u00e3o Preto-SP e Regi\u00e3o","link":"https:\/\/ismaelcolosi.com.br\/index.php\/category\/noticias-de-ribeirao-preto-sp-e-regiao-ismael-colosi\/"},"img":{"alt_text":"","src":"https:\/\/i0.wp.com\/ismaelcolosi.com.br\/wp-content\/uploads\/2024\/07\/QUEDA-CORREGO_2024-07-13_19-38-55_jpg_2024-07-13_19-38-56.webp.webp?fit=1200%2C818&ssl=1&resize=350%2C200","width":350,"height":200,"srcset":"https:\/\/i0.wp.com\/ismaelcolosi.com.br\/wp-content\/uploads\/2024\/07\/QUEDA-CORREGO_2024-07-13_19-38-55_jpg_2024-07-13_19-38-56.webp.webp?fit=1200%2C818&ssl=1&resize=350%2C200 1x, https:\/\/i0.wp.com\/ismaelcolosi.com.br\/wp-content\/uploads\/2024\/07\/QUEDA-CORREGO_2024-07-13_19-38-55_jpg_2024-07-13_19-38-56.webp.webp?fit=1200%2C818&ssl=1&resize=525%2C300 1.5x, https:\/\/i0.wp.com\/ismaelcolosi.com.br\/wp-content\/uploads\/2024\/07\/QUEDA-CORREGO_2024-07-13_19-38-55_jpg_2024-07-13_19-38-56.webp.webp?fit=1200%2C818&ssl=1&resize=700%2C400 2x, https:\/\/i0.wp.com\/ismaelcolosi.com.br\/wp-content\/uploads\/2024\/07\/QUEDA-CORREGO_2024-07-13_19-38-55_jpg_2024-07-13_19-38-56.webp.webp?fit=1200%2C818&ssl=1&resize=1050%2C600 3x"},"classes":[]},{"id":45868,"url":"https:\/\/ismaelcolosi.com.br\/index.php\/2024\/04\/08\/motociclista-morre-apos-batida-com-caminhao-em-avenida-de-ribeirao-preto\/","url_meta":{"origin":56635,"position":3},"title":"Motociclista morre ap\u00f3s batida com caminh\u00e3o em avenida de Ribeir\u00e3o Preto","author":"ismaelcolosi.com.br","date":"8 de April de 2024","format":false,"excerpt":"Um motociclista morreu na manh\u00e3 desta segunda-feira (8), depois de se envolver em uma batida de moto com um caminh\u00e3o na avenida Rio Pardo, zona Norte de Ribeir\u00e3o Preto. Segundo informa\u00e7\u00f5es, a suspeita \u00e9 que o motociclista teria tentado desviar de um buraco na via, quando ocorreu a batida com\u2026","rel":"","context":"In &quot;Not\u00edcias de Ribeir\u00e3o Preto-SP e Regi\u00e3o&quot;","block_context":{"text":"Not\u00edcias de Ribeir\u00e3o Preto-SP e Regi\u00e3o","link":"https:\/\/ismaelcolosi.com.br\/index.php\/category\/noticias-de-ribeirao-preto-sp-e-regiao-ismael-colosi\/"},"img":{"alt_text":"","src":"https:\/\/i0.wp.com\/ismaelcolosi.com.br\/wp-content\/uploads\/2024\/04\/ACIDENTE-1.jpg?fit=1200%2C870&ssl=1&resize=350%2C200","width":350,"height":200,"srcset":"https:\/\/i0.wp.com\/ismaelcolosi.com.br\/wp-content\/uploads\/2024\/04\/ACIDENTE-1.jpg?fit=1200%2C870&ssl=1&resize=350%2C200 1x, https:\/\/i0.wp.com\/ismaelcolosi.com.br\/wp-content\/uploads\/2024\/04\/ACIDENTE-1.jpg?fit=1200%2C870&ssl=1&resize=525%2C300 1.5x, https:\/\/i0.wp.com\/ismaelcolosi.com.br\/wp-content\/uploads\/2024\/04\/ACIDENTE-1.jpg?fit=1200%2C870&ssl=1&resize=700%2C400 2x, https:\/\/i0.wp.com\/ismaelcolosi.com.br\/wp-content\/uploads\/2024\/04\/ACIDENTE-1.jpg?fit=1200%2C870&ssl=1&resize=1050%2C600 3x"},"classes":[]},{"id":63846,"url":"https:\/\/ismaelcolosi.com.br\/index.php\/2024\/09\/04\/motociclista-morre-apos-batida-com-caminhao-em-ribeirao-preto\/","url_meta":{"origin":56635,"position":4},"title":"Motociclista morre ap\u00f3s batida com caminh\u00e3o em Ribeir\u00e3o Preto","author":"ismaelcolosi.com.br","date":"4 de September de 2024","format":false,"excerpt":"Um motociclista de 45 anos morreu nesta ter\u00e7a-feira (3), depois de se envolver em uma batida com um caminh\u00e3o no Jardim Independ\u00eancia, zona Norte de Ribeir\u00e3o Preto. Segundo o boletim de ocorr\u00eancia (BO), a v\u00edtima, identificada como Jeova Cardoso dos Anjos, n\u00e3o resistiu e faleceu no local da colis\u00e3o. Ainda\u2026","rel":"","context":"In &quot;Not\u00edcias de Ribeir\u00e3o Preto-SP e Regi\u00e3o&quot;","block_context":{"text":"Not\u00edcias de Ribeir\u00e3o Preto-SP e Regi\u00e3o","link":"https:\/\/ismaelcolosi.com.br\/index.php\/category\/noticias-de-ribeirao-preto-sp-e-regiao-ismael-colosi\/"},"img":{"alt_text":"","src":"https:\/\/i0.wp.com\/ismaelcolosi.com.br\/wp-content\/uploads\/2024\/09\/policia_2.jpg?fit=1200%2C900&ssl=1&resize=350%2C200","width":350,"height":200,"srcset":"https:\/\/i0.wp.com\/ismaelcolosi.com.br\/wp-content\/uploads\/2024\/09\/policia_2.jpg?fit=1200%2C900&ssl=1&resize=350%2C200 1x, https:\/\/i0.wp.com\/ismaelcolosi.com.br\/wp-content\/uploads\/2024\/09\/policia_2.jpg?fit=1200%2C900&ssl=1&resize=525%2C300 1.5x, https:\/\/i0.wp.com\/ismaelcolosi.com.br\/wp-content\/uploads\/2024\/09\/policia_2.jpg?fit=1200%2C900&ssl=1&resize=700%2C400 2x, https:\/\/i0.wp.com\/ismaelcolosi.com.br\/wp-content\/uploads\/2024\/09\/policia_2.jpg?fit=1200%2C900&ssl=1&resize=1050%2C600 3x"},"classes":[]},{"id":73862,"url":"https:\/\/ismaelcolosi.com.br\/index.php\/2024\/10\/29\/motociclista-fica-ferido-apos-batida-entre-moto-e-carro-na-zona-norte-de-ribeirao\/","url_meta":{"origin":56635,"position":5},"title":"Motociclista fica ferido ap\u00f3s batida entre moto e carro na zona Norte de Ribeir\u00e3o","author":"ismaelcolosi.com.br","date":"29 de October de 2024","format":false,"excerpt":"Um motociclista foi socorrido na manh\u00e3 desta ter\u00e7a-feira (29), depois de se envolver em uma batida entre moto e carro no bairro Ipiranga, zona Norte de Ribeir\u00e3o Preto. A colis\u00e3o ocorreu no cruzamento das ruas General C\u00e2mara e Rio Verde. Com o impacto, a moto foi parar na cal\u00e7ada de\u2026","rel":"","context":"In &quot;Not\u00edcias de Ribeir\u00e3o Preto-SP e Regi\u00e3o&quot;","block_context":{"text":"Not\u00edcias de Ribeir\u00e3o Preto-SP e Regi\u00e3o","link":"https:\/\/ismaelcolosi.com.br\/index.php\/category\/noticias-de-ribeirao-preto-sp-e-regiao-ismael-colosi\/"},"img":{"alt_text":"","src":"https:\/\/i0.wp.com\/ismaelcolosi.com.br\/wp-content\/uploads\/2024\/10\/MOTO_2024-10-29_11-46-00_jpg_2024-10-29_11-46-00.webp.webp?fit=1200%2C670&ssl=1&resize=350%2C200","width":350,"height":200,"srcset":"https:\/\/i0.wp.com\/ismaelcolosi.com.br\/wp-content\/uploads\/2024\/10\/MOTO_2024-10-29_11-46-00_jpg_2024-10-29_11-46-00.webp.webp?fit=1200%2C670&ssl=1&resize=350%2C200 1x, https:\/\/i0.wp.com\/ismaelcolosi.com.br\/wp-content\/uploads\/2024\/10\/MOTO_2024-10-29_11-46-00_jpg_2024-10-29_11-46-00.webp.webp?fit=1200%2C670&ssl=1&resize=525%2C300 1.5x, https:\/\/i0.wp.com\/ismaelcolosi.com.br\/wp-content\/uploads\/2024\/10\/MOTO_2024-10-29_11-46-00_jpg_2024-10-29_11-46-00.webp.webp?fit=1200%2C670&ssl=1&resize=700%2C400 2x, https:\/\/i0.wp.com\/ismaelcolosi.com.br\/wp-content\/uploads\/2024\/10\/MOTO_2024-10-29_11-46-00_jpg_2024-10-29_11-46-00.webp.webp?fit=1200%2C670&ssl=1&resize=1050%2C600 3x"},"classes":[]}],"jetpack_sharing_enabled":true,"jetpack_shortlink":"https:\/\/wp.me\/pfMlyK-eJt","_links":{"self":[{"href":"https:\/\/ismaelcolosi.com.br\/index.php\/wp-json\/wp\/v2\/posts\/56635","targetHints":{"allow":["GET"]}}],"collection":[{"href":"https:\/\/ismaelcolosi.com.br\/index.php\/wp-json\/wp\/v2\/posts"}],"about":[{"href":"https:\/\/ismaelcolosi.com.br\/index.php\/wp-json\/wp\/v2\/types\/post"}],"author":[{"embeddable":true,"href":"https:\/\/ismaelcolosi.com.br\/index.php\/wp-json\/wp\/v2\/users\/1"}],"replies":[{"embeddable":true,"href":"https:\/\/ismaelcolosi.com.br\/index.php\/wp-json\/wp\/v2\/comments?post=56635"}],"version-history":[{"count":0,"href":"https:\/\/ismaelcolosi.com.br\/index.php\/wp-json\/wp\/v2\/posts\/56635\/revisions"}],"wp:featuredmedia":[{"embeddable":true,"href":"https:\/\/ismaelcolosi.com.br\/index.php\/wp-json\/wp\/v2\/media\/51802"}],"wp:attachment":[{"href":"https:\/\/ismaelcolosi.com.br\/index.php\/wp-json\/wp\/v2\/media?parent=56635"}],"wp:term":[{"taxonomy":"category","embeddable":true,"href":"https:\/\/ismaelcolosi.com.br\/index.php\/wp-json\/wp\/v2\/categories?post=56635"},{"taxonomy":"post_tag","embeddable":true,"href":"https:\/\/ismaelcolosi.com.br\/index.php\/wp-json\/wp\/v2\/tags?post=56635"}],"curies":[{"name":"wp","href":"https:\/\/api.w.org\/{rel}","templated":true}]}}