{"id":56632,"date":"2024-07-13T13:36:08","date_gmt":"2024-07-13T16:36:08","guid":{"rendered":"https:\/\/ismaelcolosi.com.br\/index.php\/2024\/07\/13\/entenda-a-polemica-da-construcao-do-centro-administrativo-em-ribeirao-preto\/"},"modified":"2024-07-13T13:36:08","modified_gmt":"2024-07-13T16:36:08","slug":"entenda-a-polemica-da-construcao-do-centro-administrativo-em-ribeirao-preto","status":"publish","type":"post","link":"https:\/\/ismaelcolosi.com.br\/index.php\/2024\/07\/13\/entenda-a-polemica-da-construcao-do-centro-administrativo-em-ribeirao-preto\/","title":{"rendered":"Entenda a pol\u00eamica da constru\u00e7\u00e3o do Centro Administrativo em Ribeir\u00e3o Preto"},"content":{"rendered":"<p> <br \/>\n<\/p>\n<div>\n<p><strong>A Justi\u00e7a de Ribeir\u00e3o Preto suspendeu a licita\u00e7\u00e3o para a constru\u00e7\u00e3o do Centro Administrativo na zona Norte da cidade em decis\u00e3o liminiar nesta sexta-feira (12).<\/strong> Ainda cabe <strong>recurso<\/strong>. <\/p>\n<p>A <strong>Prefeitura de Ribeir\u00e3o <\/strong>j\u00e1 havia homologado a empresa vencedora, a H2Obras Constru\u00e7\u00f5es Ltda., com sede em S\u00e3o Bernardo do Campo (SP). <mark style=\"background-color:#fcb900\" class=\"has-inline-color has-black-color\">O novo pr\u00e9dio est\u00e1 or\u00e7ado em R$ 173.497.592,89.<\/mark><\/p>\n<p>A <strong>ju\u00edza Lucilene Aparecida Canella de Melo<\/strong>, da <strong>2\u00aa Vara da Fazenda P\u00fablica<\/strong>, deferiu a liminar ap\u00f3s uma A\u00e7\u00e3o Popular.<\/p>\n<p><mark style=\"background-color:#fcb900\" class=\"has-inline-color has-black-color\">A magistrada considerou que a \u00e1rea doada pela Funda\u00e7\u00e3o Educand\u00e1rio para abrigar o novo pr\u00e9dio, na avenida Cavalheiro Paschoal Innecchi, ainda n\u00e3o est\u00e1 devidamente formalizada.<\/mark><\/p>\n<blockquote class=\"wp-block-quote\">\n<p>\u201cEmbora n\u00e3o se tenha not\u00edcia acerca da assinatura e execu\u00e7\u00e3o do contrato administrativo, \u00e9 inconceb\u00edvel no caso espec\u00edfico de execu\u00e7\u00e3o de obra p\u00fablica, a instaura\u00e7\u00e3o de todo o procedimento licitat\u00f3rio e consequente homologa\u00e7\u00e3o, como j\u00e1 ocorrido no caso, sem a identifica\u00e7\u00e3o clara de todos os elementos constitutivos do empreendimento, dentre os quais a \u00e1rea\u201d<\/p>\n<p><cite><strong>Lucilene Aparecida Canella de Melo<\/strong>,<strong> ju\u00edz<\/strong>a<\/cite><\/p><\/blockquote>\n<p>Al\u00e9m de determinar a <strong>suspens\u00e3o <\/strong>da <strong>concorr\u00eancia <\/strong>p\u00fablica <strong>12\/2023<\/strong>, a <strong>ju\u00edza <\/strong>tamb\u00e9m <strong>barrou <\/strong>o in\u00edcio da <strong>execu\u00e7\u00e3o <\/strong>do <strong>contrato<\/strong>, caso o documento j\u00e1 tenha sido assinado, at\u00e9 que tudo seja esclarecido.<\/p>\n<h4 class=\"wp-block-heading\"><strong>O que diz a prefeitura<\/strong><\/h4>\n<p>A <strong>Prefeitura de Ribeir\u00e3o Preto<\/strong> informou, por meio de nota de imprensa ao acidade on, que <strong>ainda n\u00e3o foi notificada da decis\u00e3o.<\/strong><\/p>\n<p>SAIBA MAIS<\/p>\n<p>Prefeitura de Ribeir\u00e3o Preto contrata empresa para constru\u00e7\u00e3o de Centro Administrativo<\/p>\n<h4 class=\"wp-block-heading\"><strong>FIQUE ON<\/strong><\/h4>\n<p>Fique ligado em tudo que acontece em Ribeir\u00e3o Preto e regi\u00e3o. Siga os perfis do\u00a0<strong>acidade on\u00a0<\/strong>no\u00a0<a href=\"https:\/\/www.instagram.com\/acidadeonribeirao\" target=\"_blank\" rel=\"noreferrer noopener\">Instagram\u00a0<\/a>e no\u00a0<a href=\"https:\/\/www.facebook.com\/acidadeonribeirao\/\" target=\"_blank\" rel=\"noreferrer noopener\">Facebook<\/a>.<\/p>\n<p>Receba not\u00edcias do<strong>\u00a0acidade on\u00a0<\/strong>no WhatsApp.\u00a0<a href=\"https:\/\/chat.whatsapp.com\/CdrZ6xrf7quD44Vw3WlPuZ\" target=\"_blank\" rel=\"noreferrer noopener\">Para entrar no grupo, basta clicar aqui.<\/a><\/p>\n<p>Fa\u00e7a uma den\u00fancia ou sugira uma reportagem sobre Ribeir\u00e3o Preto e regi\u00e3o pelo WhatsApp: 16 99117 7802.<\/p>\n<p>VEJA TAMB\u00c9M<\/p>\n<p>Do que \u00e9 acusado o pastor Rinaldo Pereira da Bola de Neve?<\/p>\n<p><!-- AI CONTENT END 1 -->\n<\/div>\n<p><script async src=\"\/\/www.instagram.com\/embed.js\"><\/script><br \/>\n<br \/><br \/>\n<br \/><a href=\"https:\/\/www.acidadeon.com\/ribeiraopreto\/cotidiano\/entenda-a-polemica-da-construcao-do-centro-administrativo-em-ribeirao-preto\/\">Source link <\/a><\/p>\n<div class='code-block code-block-4' style='margin: 8px auto 8px 0; text-align: left; display: block; clear: both;'>\n\ud83d\udce2 Aviso Legal\n\nO site ismaelcolosi.com.br atua apenas como um canal de divulga\u00e7\u00e3o de oportunidades de emprego e n\u00e3o se responsabiliza pelo processo seletivo, contrata\u00e7\u00e3o ou qualquer outra etapa relacionada \u00e0s vagas publicadas. Todas as informa\u00e7\u00f5es s\u00e3o de responsabilidade dos anunciantes.\n\n\u26a0\ufe0f Aten\u00e7\u00e3o! Nunca pague por promessas de emprego nem compre cursos que garantam contrata\u00e7\u00e3o. Desconfie de qualquer cobran\u00e7a para participar de sele\u00e7\u00f5es.\n\n\n\n<\/div>\n<!-- CONTENT END 1 -->\n","protected":false},"excerpt":{"rendered":"<p>A Justi\u00e7a de Ribeir\u00e3o Preto suspendeu a licita\u00e7\u00e3o para a constru\u00e7\u00e3o do Centro Administrativo na zona Norte da cidade em decis\u00e3o liminiar nesta sexta-feira (12)&#8230;.<\/p>\n","protected":false},"author":1,"featured_media":54565,"comment_status":"open","ping_status":"open","sticky":false,"template":"","format":"standard","meta":{"_uag_custom_page_level_css":"","advanced_seo_description":"","jetpack_seo_html_title":"","jetpack_seo_noindex":false,"jetpack_post_was_ever_published":false,"_jetpack_newsletter_access":"","_jetpack_dont_email_post_to_subs":false,"_jetpack_newsletter_tier_id":0,"_jetpack_memberships_contains_paywalled_content":false,"_jetpack_memberships_contains_paid_content":false,"footnotes":"","jetpack_publicize_message":"","jetpack_publicize_feature_enabled":true,"jetpack_social_post_already_shared":true,"jetpack_social_options":{"image_generator_settings":{"template":"highway","default_image_id":0,"font":"","enabled":false},"version":2}},"categories":[11],"tags":[],"class_list":["post-56632","post","type-post","status-publish","format-standard","has-post-thumbnail","hentry","category-noticias-de-ribeirao-preto-sp-e-regiao-ismael-colosi"],"jetpack_publicize_connections":[],"jetpack_featured_media_url":"https:\/\/i0.wp.com\/ismaelcolosi.com.br\/wp-content\/uploads\/2024\/06\/AnyConv.com__centro-administrativo-projeto_2024-06-26_13-44-03.webp.webp?fit=753%2C378&ssl=1","uagb_featured_image_src":{"full":["https:\/\/i0.wp.com\/ismaelcolosi.com.br\/wp-content\/uploads\/2024\/06\/AnyConv.com__centro-administrativo-projeto_2024-06-26_13-44-03.webp.webp?fit=753%2C378&ssl=1",753,378,false],"thumbnail":["https:\/\/i0.wp.com\/ismaelcolosi.com.br\/wp-content\/uploads\/2024\/06\/AnyConv.com__centro-administrativo-projeto_2024-06-26_13-44-03.webp.webp?resize=150%2C150&ssl=1",150,150,true],"medium":["https:\/\/i0.wp.com\/ismaelcolosi.com.br\/wp-content\/uploads\/2024\/06\/AnyConv.com__centro-administrativo-projeto_2024-06-26_13-44-03.webp.webp?fit=300%2C151&ssl=1",300,151,true],"medium_large":["https:\/\/i0.wp.com\/ismaelcolosi.com.br\/wp-content\/uploads\/2024\/06\/AnyConv.com__centro-administrativo-projeto_2024-06-26_13-44-03.webp.webp?fit=753%2C378&ssl=1",753,378,true],"large":["https:\/\/i0.wp.com\/ismaelcolosi.com.br\/wp-content\/uploads\/2024\/06\/AnyConv.com__centro-administrativo-projeto_2024-06-26_13-44-03.webp.webp?fit=753%2C378&ssl=1",753,378,true],"1536x1536":["https:\/\/i0.wp.com\/ismaelcolosi.com.br\/wp-content\/uploads\/2024\/06\/AnyConv.com__centro-administrativo-projeto_2024-06-26_13-44-03.webp.webp?fit=753%2C378&ssl=1",753,378,true],"2048x2048":["https:\/\/i0.wp.com\/ismaelcolosi.com.br\/wp-content\/uploads\/2024\/06\/AnyConv.com__centro-administrativo-projeto_2024-06-26_13-44-03.webp.webp?fit=753%2C378&ssl=1",753,378,true],"really-simple-thumb":["https:\/\/i0.wp.com\/ismaelcolosi.com.br\/wp-content\/uploads\/2024\/06\/AnyConv.com__centro-administrativo-projeto_2024-06-26_13-44-03.webp.webp?resize=370%2C247&ssl=1",370,247,true]},"uagb_author_info":{"display_name":"ismaelcolosi.com.br","author_link":"https:\/\/ismaelcolosi.com.br\/index.php\/author\/vidareal-online\/"},"uagb_comment_info":0,"uagb_excerpt":"A Justi\u00e7a de Ribeir\u00e3o Preto suspendeu a licita\u00e7\u00e3o para a constru\u00e7\u00e3o do Centro Administrativo na zona Norte da cidade em decis\u00e3o liminiar nesta sexta-feira (12)....","jetpack-related-posts":[{"id":49471,"url":"https:\/\/ismaelcolosi.com.br\/index.php\/2024\/05\/10\/homem-morre-apos-cair-de-predio-no-centro-de-ribeirao-preto\/","url_meta":{"origin":56632,"position":0},"title":"Homem morre ap\u00f3s cair de pr\u00e9dio no Centro de Ribeir\u00e3o Preto","author":"ismaelcolosi.com.br","date":"10 de May de 2024","format":false,"excerpt":"Um homem morreu na tarde desta sexta-feira (10), ap\u00f3s cair de uma altura aproximada de dez metros, na rua Amador Bueno, no Centro de Ribeir\u00e3o Preto. De acordo com as primeiras informa\u00e7\u00f5es, o homem estava em um pr\u00e9dio em constru\u00e7\u00e3o que est\u00e1 com as obras paralisadas. Viaturas do Corpo de\u2026","rel":"","context":"In &quot;Not\u00edcias de Ribeir\u00e3o Preto-SP e Regi\u00e3o&quot;","block_context":{"text":"Not\u00edcias de Ribeir\u00e3o Preto-SP e Regi\u00e3o","link":"https:\/\/ismaelcolosi.com.br\/index.php\/category\/noticias-de-ribeirao-preto-sp-e-regiao-ismael-colosi\/"},"img":{"alt_text":"","src":"https:\/\/i0.wp.com\/ismaelcolosi.com.br\/wp-content\/uploads\/2024\/05\/WhatsApp-Image-2024-05-10-at-18.02.48_2024-05-10_21-41-48_jpeg_2024-05-10_21-41-49-scaled-e1715377390468.webp.webp?fit=1200%2C829&ssl=1&resize=350%2C200","width":350,"height":200,"srcset":"https:\/\/i0.wp.com\/ismaelcolosi.com.br\/wp-content\/uploads\/2024\/05\/WhatsApp-Image-2024-05-10-at-18.02.48_2024-05-10_21-41-48_jpeg_2024-05-10_21-41-49-scaled-e1715377390468.webp.webp?fit=1200%2C829&ssl=1&resize=350%2C200 1x, https:\/\/i0.wp.com\/ismaelcolosi.com.br\/wp-content\/uploads\/2024\/05\/WhatsApp-Image-2024-05-10-at-18.02.48_2024-05-10_21-41-48_jpeg_2024-05-10_21-41-49-scaled-e1715377390468.webp.webp?fit=1200%2C829&ssl=1&resize=525%2C300 1.5x, https:\/\/i0.wp.com\/ismaelcolosi.com.br\/wp-content\/uploads\/2024\/05\/WhatsApp-Image-2024-05-10-at-18.02.48_2024-05-10_21-41-48_jpeg_2024-05-10_21-41-49-scaled-e1715377390468.webp.webp?fit=1200%2C829&ssl=1&resize=700%2C400 2x, https:\/\/i0.wp.com\/ismaelcolosi.com.br\/wp-content\/uploads\/2024\/05\/WhatsApp-Image-2024-05-10-at-18.02.48_2024-05-10_21-41-48_jpeg_2024-05-10_21-41-49-scaled-e1715377390468.webp.webp?fit=1200%2C829&ssl=1&resize=1050%2C600 3x"},"classes":[]},{"id":27451,"url":"https:\/\/ismaelcolosi.com.br\/index.php\/2024\/01\/12\/licitacao-para-a-construcao-do-novo-predio-do-bom-prato-e-homologada\/","url_meta":{"origin":56632,"position":1},"title":"Licita\u00e7\u00e3o para a constru\u00e7\u00e3o do novo pr\u00e9dio do Bom Prato \u00e9 homologada \u2013 Folha de Ribeir\u00e3o","author":"ismaelcolosi.com.br","date":"12 de January de 2024","format":false,"excerpt":"Uma boa not\u00edcia para os frequentadores da unidade do Bom Prato no centro de Ribeir\u00e3o Preto. A licita\u00e7\u00e3o para a constru\u00e7\u00e3o do novo pr\u00e9dio do Restaurante Popular Bom Prato, foi homologada nesta quinta-feira, 11 de janeiro. A disputa de pre\u00e7os foi vencida pela empresa ASF ENGENHARIA E NEG\u00d3CIOS LTDA EPP,\u2026","rel":"","context":"In &quot;Not\u00edcias de Ribeir\u00e3o Preto-SP e Regi\u00e3o&quot;","block_context":{"text":"Not\u00edcias de Ribeir\u00e3o Preto-SP e Regi\u00e3o","link":"https:\/\/ismaelcolosi.com.br\/index.php\/category\/noticias-de-ribeirao-preto-sp-e-regiao-ismael-colosi\/"},"img":{"alt_text":"","src":"https:\/\/i0.wp.com\/ismaelcolosi.com.br\/wp-content\/uploads\/2024\/01\/licitacao_bom_prato4.jpeg?fit=1184%2C885&ssl=1&resize=350%2C200","width":350,"height":200,"srcset":"https:\/\/i0.wp.com\/ismaelcolosi.com.br\/wp-content\/uploads\/2024\/01\/licitacao_bom_prato4.jpeg?fit=1184%2C885&ssl=1&resize=350%2C200 1x, https:\/\/i0.wp.com\/ismaelcolosi.com.br\/wp-content\/uploads\/2024\/01\/licitacao_bom_prato4.jpeg?fit=1184%2C885&ssl=1&resize=525%2C300 1.5x, https:\/\/i0.wp.com\/ismaelcolosi.com.br\/wp-content\/uploads\/2024\/01\/licitacao_bom_prato4.jpeg?fit=1184%2C885&ssl=1&resize=700%2C400 2x, https:\/\/i0.wp.com\/ismaelcolosi.com.br\/wp-content\/uploads\/2024\/01\/licitacao_bom_prato4.jpeg?fit=1184%2C885&ssl=1&resize=1050%2C600 3x"},"classes":[]},{"id":55548,"url":"https:\/\/ismaelcolosi.com.br\/index.php\/2024\/07\/03\/prefeitura-de-ribeirao-preto-contrata-empresa-para-construcao-de-centro-administrativo\/","url_meta":{"origin":56632,"position":2},"title":"Prefeitura de Ribeir\u00e3o Preto contrata empresa para constru\u00e7\u00e3o de Centro Administrativo","author":"ismaelcolosi.com.br","date":"3 de July de 2024","format":false,"excerpt":"A Prefeitura de Ribeir\u00e3o Preto publicou no Di\u00e1rio Oficial desta quarta-feira (3), o edital de homologa\u00e7\u00e3o para contrata\u00e7\u00e3o da empresa respons\u00e1vel pela constru\u00e7\u00e3o do Centro Administrativo de Ribeir\u00e3o Preto na zona Norte da cidade. A empresa vencedora da licita\u00e7\u00e3o \u00e9 a H2Obras Constru\u00e7\u00f5es Ltda., com sede em S\u00e3o Bernardo do\u2026","rel":"","context":"In &quot;Not\u00edcias de Ribeir\u00e3o Preto-SP e Regi\u00e3o&quot;","block_context":{"text":"Not\u00edcias de Ribeir\u00e3o Preto-SP e Regi\u00e3o","link":"https:\/\/ismaelcolosi.com.br\/index.php\/category\/noticias-de-ribeirao-preto-sp-e-regiao-ismael-colosi\/"},"img":{"alt_text":"","src":"https:\/\/i0.wp.com\/ismaelcolosi.com.br\/wp-content\/uploads\/2024\/07\/centro-administrativo-ribeirao-preto.jpg?fit=969%2C603&ssl=1&resize=350%2C200","width":350,"height":200,"srcset":"https:\/\/i0.wp.com\/ismaelcolosi.com.br\/wp-content\/uploads\/2024\/07\/centro-administrativo-ribeirao-preto.jpg?fit=969%2C603&ssl=1&resize=350%2C200 1x, https:\/\/i0.wp.com\/ismaelcolosi.com.br\/wp-content\/uploads\/2024\/07\/centro-administrativo-ribeirao-preto.jpg?fit=969%2C603&ssl=1&resize=525%2C300 1.5x, https:\/\/i0.wp.com\/ismaelcolosi.com.br\/wp-content\/uploads\/2024\/07\/centro-administrativo-ribeirao-preto.jpg?fit=969%2C603&ssl=1&resize=700%2C400 2x"},"classes":[]},{"id":32282,"url":"https:\/\/ismaelcolosi.com.br\/index.php\/2024\/01\/24\/prefeitura-de-ribeirao-autoriza-construcao-de-novo-predio-para-museus-do-cafe-e-historico\/","url_meta":{"origin":56632,"position":3},"title":"Prefeitura de Ribeir\u00e3o autoriza constru\u00e7\u00e3o de novo pr\u00e9dio para museus do Caf\u00e9 e Hist\u00f3rico","author":"ismaelcolosi.com.br","date":"24 de January de 2024","format":false,"excerpt":"A Prefeitura de Ribeir\u00e3o Preto assinou, nesta quarta-feira (24), o documento que formaliza a licita\u00e7\u00e3o para a constru\u00e7\u00e3o de uma Reserva T\u00e9cnica no complexo dos Museus Hist\u00f3rico e do Caf\u00e9. O valor da obra est\u00e1 estimado em R$ 4 milh\u00f5es. O projeto j\u00e1 havia sido aprovado pelo Conppac (Conselho de\u2026","rel":"","context":"In &quot;Not\u00edcias de Ribeir\u00e3o Preto-SP e Regi\u00e3o&quot;","block_context":{"text":"Not\u00edcias de Ribeir\u00e3o Preto-SP e Regi\u00e3o","link":"https:\/\/ismaelcolosi.com.br\/index.php\/category\/noticias-de-ribeirao-preto-sp-e-regiao-ismael-colosi\/"},"img":{"alt_text":"","src":"https:\/\/i0.wp.com\/ismaelcolosi.com.br\/wp-content\/uploads\/2024\/01\/museu_do_cafe_jan_2024_-_foto_fernando_gonzaga_11.jpg?fit=1200%2C800&ssl=1&resize=350%2C200","width":350,"height":200,"srcset":"https:\/\/i0.wp.com\/ismaelcolosi.com.br\/wp-content\/uploads\/2024\/01\/museu_do_cafe_jan_2024_-_foto_fernando_gonzaga_11.jpg?fit=1200%2C800&ssl=1&resize=350%2C200 1x, https:\/\/i0.wp.com\/ismaelcolosi.com.br\/wp-content\/uploads\/2024\/01\/museu_do_cafe_jan_2024_-_foto_fernando_gonzaga_11.jpg?fit=1200%2C800&ssl=1&resize=525%2C300 1.5x, https:\/\/i0.wp.com\/ismaelcolosi.com.br\/wp-content\/uploads\/2024\/01\/museu_do_cafe_jan_2024_-_foto_fernando_gonzaga_11.jpg?fit=1200%2C800&ssl=1&resize=700%2C400 2x, https:\/\/i0.wp.com\/ismaelcolosi.com.br\/wp-content\/uploads\/2024\/01\/museu_do_cafe_jan_2024_-_foto_fernando_gonzaga_11.jpg?fit=1200%2C800&ssl=1&resize=1050%2C600 3x"},"classes":[]},{"id":43169,"url":"https:\/\/ismaelcolosi.com.br\/index.php\/2024\/03\/19\/vice-governador-preve-inicio-do-novo-hc-ue-de-ribeirao-ainda-em-2024\/","url_meta":{"origin":56632,"position":4},"title":"Vice-governador prev\u00ea inicio do novo HC-UE de Ribeir\u00e3o ainda em 2024","author":"ismaelcolosi.com.br","date":"19 de March de 2024","format":false,"excerpt":"O vice-governador de S\u00e3o Paulo, Felicio Ramuth (PSD), disse nesta ter\u00e7a-feira (19) que as obras do novo HC-UE (Hospital das Cl\u00ednicas \u2013 Unidade de Emerg\u00eancia) de Ribeir\u00e3o Preto devem ter in\u00edcio ainda em 2024. Felicio Ramuth, que \u00e9 o governador em exerc\u00edcio (Tarc\u00edsio de Freitas est\u00e1 em Israel), lan\u00e7ou em\u2026","rel":"","context":"In &quot;Not\u00edcias de Ribeir\u00e3o Preto-SP e Regi\u00e3o&quot;","block_context":{"text":"Not\u00edcias de Ribeir\u00e3o Preto-SP e Regi\u00e3o","link":"https:\/\/ismaelcolosi.com.br\/index.php\/category\/noticias-de-ribeirao-preto-sp-e-regiao-ismael-colosi\/"},"img":{"alt_text":"","src":"https:\/\/i0.wp.com\/ismaelcolosi.com.br\/wp-content\/uploads\/2024\/03\/AnyConv.com__felicio-ramuth-scaled.webp.webp?fit=1200%2C900&ssl=1&resize=350%2C200","width":350,"height":200,"srcset":"https:\/\/i0.wp.com\/ismaelcolosi.com.br\/wp-content\/uploads\/2024\/03\/AnyConv.com__felicio-ramuth-scaled.webp.webp?fit=1200%2C900&ssl=1&resize=350%2C200 1x, https:\/\/i0.wp.com\/ismaelcolosi.com.br\/wp-content\/uploads\/2024\/03\/AnyConv.com__felicio-ramuth-scaled.webp.webp?fit=1200%2C900&ssl=1&resize=525%2C300 1.5x, https:\/\/i0.wp.com\/ismaelcolosi.com.br\/wp-content\/uploads\/2024\/03\/AnyConv.com__felicio-ramuth-scaled.webp.webp?fit=1200%2C900&ssl=1&resize=700%2C400 2x, https:\/\/i0.wp.com\/ismaelcolosi.com.br\/wp-content\/uploads\/2024\/03\/AnyConv.com__felicio-ramuth-scaled.webp.webp?fit=1200%2C900&ssl=1&resize=1050%2C600 3x"},"classes":[]},{"id":43177,"url":"https:\/\/ismaelcolosi.com.br\/index.php\/2024\/03\/19\/vice-governador-preve-inicio-de-obras-do-novo-hc-ue-de-ribeirao-ainda-em-2024\/","url_meta":{"origin":56632,"position":5},"title":"Vice-governador prev\u00ea in\u00edcio de obras do novo HC-UE de Ribeir\u00e3o ainda em 2024","author":"ismaelcolosi.com.br","date":"19 de March de 2024","format":false,"excerpt":"O vice-governador de S\u00e3o Paulo, Felicio Ramuth (PSD), disse nesta ter\u00e7a-feira (19) que as obras do novo HC-UE (Hospital das Cl\u00ednicas \u2013 Unidade de Emerg\u00eancia) de Ribeir\u00e3o Preto devem ter in\u00edcio ainda em 2024. Felicio Ramuth, que \u00e9 o governador em exerc\u00edcio (Tarc\u00edsio de Freitas est\u00e1 em Israel), lan\u00e7ou em\u2026","rel":"","context":"In &quot;Not\u00edcias de Ribeir\u00e3o Preto-SP e Regi\u00e3o&quot;","block_context":{"text":"Not\u00edcias de Ribeir\u00e3o Preto-SP e Regi\u00e3o","link":"https:\/\/ismaelcolosi.com.br\/index.php\/category\/noticias-de-ribeirao-preto-sp-e-regiao-ismael-colosi\/"},"img":{"alt_text":"","src":"https:\/\/i0.wp.com\/ismaelcolosi.com.br\/wp-content\/uploads\/2024\/03\/AnyConv.com__felicio-ramuth-scaled.webp.webp?fit=1200%2C900&ssl=1&resize=350%2C200","width":350,"height":200,"srcset":"https:\/\/i0.wp.com\/ismaelcolosi.com.br\/wp-content\/uploads\/2024\/03\/AnyConv.com__felicio-ramuth-scaled.webp.webp?fit=1200%2C900&ssl=1&resize=350%2C200 1x, https:\/\/i0.wp.com\/ismaelcolosi.com.br\/wp-content\/uploads\/2024\/03\/AnyConv.com__felicio-ramuth-scaled.webp.webp?fit=1200%2C900&ssl=1&resize=525%2C300 1.5x, https:\/\/i0.wp.com\/ismaelcolosi.com.br\/wp-content\/uploads\/2024\/03\/AnyConv.com__felicio-ramuth-scaled.webp.webp?fit=1200%2C900&ssl=1&resize=700%2C400 2x, https:\/\/i0.wp.com\/ismaelcolosi.com.br\/wp-content\/uploads\/2024\/03\/AnyConv.com__felicio-ramuth-scaled.webp.webp?fit=1200%2C900&ssl=1&resize=1050%2C600 3x"},"classes":[]}],"jetpack_sharing_enabled":true,"jetpack_shortlink":"https:\/\/wp.me\/pfMlyK-eJq","_links":{"self":[{"href":"https:\/\/ismaelcolosi.com.br\/index.php\/wp-json\/wp\/v2\/posts\/56632","targetHints":{"allow":["GET"]}}],"collection":[{"href":"https:\/\/ismaelcolosi.com.br\/index.php\/wp-json\/wp\/v2\/posts"}],"about":[{"href":"https:\/\/ismaelcolosi.com.br\/index.php\/wp-json\/wp\/v2\/types\/post"}],"author":[{"embeddable":true,"href":"https:\/\/ismaelcolosi.com.br\/index.php\/wp-json\/wp\/v2\/users\/1"}],"replies":[{"embeddable":true,"href":"https:\/\/ismaelcolosi.com.br\/index.php\/wp-json\/wp\/v2\/comments?post=56632"}],"version-history":[{"count":0,"href":"https:\/\/ismaelcolosi.com.br\/index.php\/wp-json\/wp\/v2\/posts\/56632\/revisions"}],"wp:featuredmedia":[{"embeddable":true,"href":"https:\/\/ismaelcolosi.com.br\/index.php\/wp-json\/wp\/v2\/media\/54565"}],"wp:attachment":[{"href":"https:\/\/ismaelcolosi.com.br\/index.php\/wp-json\/wp\/v2\/media?parent=56632"}],"wp:term":[{"taxonomy":"category","embeddable":true,"href":"https:\/\/ismaelcolosi.com.br\/index.php\/wp-json\/wp\/v2\/categories?post=56632"},{"taxonomy":"post_tag","embeddable":true,"href":"https:\/\/ismaelcolosi.com.br\/index.php\/wp-json\/wp\/v2\/tags?post=56632"}],"curies":[{"name":"wp","href":"https:\/\/api.w.org\/{rel}","templated":true}]}}