{"id":56630,"date":"2024-07-13T12:28:53","date_gmt":"2024-07-13T15:28:53","guid":{"rendered":"https:\/\/ismaelcolosi.com.br\/index.php\/2024\/07\/13\/interior-de-sp-pode-ganhar-novo-parque-dos-dinossauros-veja-qual-cidade\/"},"modified":"2024-07-13T12:28:53","modified_gmt":"2024-07-13T15:28:53","slug":"interior-de-sp-pode-ganhar-novo-parque-dos-dinossauros-veja-qual-cidade","status":"publish","type":"post","link":"https:\/\/ismaelcolosi.com.br\/index.php\/2024\/07\/13\/interior-de-sp-pode-ganhar-novo-parque-dos-dinossauros-veja-qual-cidade\/","title":{"rendered":"Interior de SP pode ganhar novo parque dos dinossauros; Veja qual cidade"},"content":{"rendered":"<p> <br \/>\n<\/p>\n<div data-td-block-uid=\"tdi_106\">\n<div class=\"tdb-block-inner td-fix-index\">\n<p><strong>O interior de S\u00e3o Paulo poder\u00e1 ganhar um novo parque dos dinossauros. <\/strong><\/p>\n<p><strong>O Terra dos Dinos tem planos para ser constru\u00eddo em Campos de Jord\u00e3o (SP) e expectativa de inaugura\u00e7\u00e3o no primeiro semestre de 2025.<\/strong> No <strong>estado paulista<\/strong> j\u00e1 h\u00e1 o <strong>Parque da Rocha Moutonn\u00e9e<\/strong>, que foi reaberto ao p\u00fablico em <strong>Salto (SP)<\/strong>. <\/p>\n<p>O <strong>Terra dos Dinos<\/strong> conta uma unidade em <strong>Miguel Pereira (RJ)<\/strong>.<\/p>\n<p>Segundo informa\u00e7\u00f5es, <mark style=\"background-color:#fcb900\" class=\"has-inline-color has-black-color\">o empres\u00e1rio M\u00e1rcio Clare j\u00e1 adquiriu dois terrenos, um deles Campos de Jord\u00e3o, e o outro em Guarapari (ES), onde tamb\u00e9m h\u00e1 projeto para instala\u00e7\u00e3o.<\/mark><\/p>\n<p>O parque no <strong>Rio de Janeiro<\/strong> conta com <strong>40 dinossauros <\/strong>em tamanho real, com parte deles em movimento.<\/p>\n<blockquote class=\"wp-block-quote\">\n<p>\u201cCom o crescimento da Terra dos Dinos, vi que acertamos em muitas das estrat\u00e9gias. Tenho certeza que esse conceito cairia bem em outras regi\u00f5es e j\u00e1 estamos estudando algumas delas\u201d<\/p>\n<p><cite>M\u00e1rcio Clare, em entrevista ao portal Exame<\/cite><\/p><\/blockquote>\n<p>SAIBA MAIS<br \/>Identificado homem morto ap\u00f3s atropelamento em avenida de Ribeir\u00e3o Preto<\/p>\n<h4 class=\"wp-block-heading\"><strong>FIQUE ON<\/strong><\/h4>\n<p>Fique ligado em tudo que acontece em Ribeir\u00e3o Preto e regi\u00e3o. Siga os perfis do <strong>acidade on <\/strong>no <a href=\"https:\/\/www.instagram.com\/acidadeonribeirao\" target=\"_blank\" rel=\"noreferrer noopener\">Instagram<\/a> e no <a href=\"https:\/\/www.facebook.com\/acidadeonribeirao\" target=\"_blank\" rel=\"noreferrer noopener\">Facebook<\/a>.<\/p>\n<p>Receba not\u00edcias do acidade on no WhatsApp. Para entrar no grupo, basta <a href=\"https:\/\/chat.whatsapp.com\/CdrZ6xrf7quD44Vw3WlPuZ\" target=\"_blank\" rel=\"noreferrer noopener\">clicar aqui<\/a>.<\/p>\n<p>Fa\u00e7a uma den\u00fancia ou sugira uma reportagem sobre Ribeir\u00e3o Preto e regi\u00e3o pelo WhatsApp: 16 99117 7802.<\/p>\n<p>VEJA TAMB\u00c9M<br \/>Wanessa Camargo desabafa sobre gravidez da madrasta<\/p>\n<p><!-- AI CONTENT END 1 -->\n<\/div>\n<\/div>\n<p><script async src=\"\/\/www.instagram.com\/embed.js\"><\/script><br \/>\n<br \/><br \/>\n<br \/><a href=\"https:\/\/www.acidadeon.com\/ribeiraopreto\/lazer-e-cultura\/interior-de-sp-pode-ganhar-novo-parque-dos-dinossauros-veja-qual-cidade\/\">Source link <\/a><\/p>\n<div class='code-block code-block-4' style='margin: 8px auto 8px 0; text-align: left; display: block; clear: both;'>\n\ud83d\udce2 Aviso Legal\n\nO site ismaelcolosi.com.br atua apenas como um canal de divulga\u00e7\u00e3o de oportunidades de emprego e n\u00e3o se responsabiliza pelo processo seletivo, contrata\u00e7\u00e3o ou qualquer outra etapa relacionada \u00e0s vagas publicadas. Todas as informa\u00e7\u00f5es s\u00e3o de responsabilidade dos anunciantes.\n\n\u26a0\ufe0f Aten\u00e7\u00e3o! Nunca pague por promessas de emprego nem compre cursos que garantam contrata\u00e7\u00e3o. Desconfie de qualquer cobran\u00e7a para participar de sele\u00e7\u00f5es.\n\n\n\n<\/div>\n<!-- CONTENT END 1 -->\n","protected":false},"excerpt":{"rendered":"<p>O interior de S\u00e3o Paulo poder\u00e1 ganhar um novo parque dos dinossauros. O Terra dos Dinos tem planos para ser constru\u00eddo em Campos de Jord\u00e3o&#8230;<\/p>\n","protected":false},"author":1,"featured_media":56631,"comment_status":"open","ping_status":"open","sticky":false,"template":"","format":"standard","meta":{"_uag_custom_page_level_css":"","advanced_seo_description":"","jetpack_seo_html_title":"","jetpack_seo_noindex":false,"jetpack_post_was_ever_published":false,"_jetpack_newsletter_access":"","_jetpack_dont_email_post_to_subs":false,"_jetpack_newsletter_tier_id":0,"_jetpack_memberships_contains_paywalled_content":false,"_jetpack_memberships_contains_paid_content":false,"footnotes":"","jetpack_publicize_message":"","jetpack_publicize_feature_enabled":true,"jetpack_social_post_already_shared":true,"jetpack_social_options":{"image_generator_settings":{"template":"highway","default_image_id":0,"font":"","enabled":false},"version":2}},"categories":[11],"tags":[],"class_list":["post-56630","post","type-post","status-publish","format-standard","has-post-thumbnail","hentry","category-noticias-de-ribeirao-preto-sp-e-regiao-ismael-colosi"],"jetpack_publicize_connections":[],"jetpack_featured_media_url":"https:\/\/i0.wp.com\/ismaelcolosi.com.br\/wp-content\/uploads\/2024\/07\/IMG_9641_2024-07-13_13-56-13-scaled.webp.webp?fit=2560%2C1438&ssl=1","uagb_featured_image_src":{"full":["https:\/\/i0.wp.com\/ismaelcolosi.com.br\/wp-content\/uploads\/2024\/07\/IMG_9641_2024-07-13_13-56-13-scaled.webp.webp?fit=2560%2C1438&ssl=1",2560,1438,false],"thumbnail":["https:\/\/i0.wp.com\/ismaelcolosi.com.br\/wp-content\/uploads\/2024\/07\/IMG_9641_2024-07-13_13-56-13-scaled.webp.webp?resize=150%2C150&ssl=1",150,150,true],"medium":["https:\/\/i0.wp.com\/ismaelcolosi.com.br\/wp-content\/uploads\/2024\/07\/IMG_9641_2024-07-13_13-56-13-scaled.webp.webp?fit=300%2C169&ssl=1",300,169,true],"medium_large":["https:\/\/i0.wp.com\/ismaelcolosi.com.br\/wp-content\/uploads\/2024\/07\/IMG_9641_2024-07-13_13-56-13-scaled.webp.webp?fit=768%2C431&ssl=1",768,431,true],"large":["https:\/\/i0.wp.com\/ismaelcolosi.com.br\/wp-content\/uploads\/2024\/07\/IMG_9641_2024-07-13_13-56-13-scaled.webp.webp?fit=1024%2C575&ssl=1",1024,575,true],"1536x1536":["https:\/\/i0.wp.com\/ismaelcolosi.com.br\/wp-content\/uploads\/2024\/07\/IMG_9641_2024-07-13_13-56-13-scaled.webp.webp?fit=1536%2C863&ssl=1",1536,863,true],"2048x2048":["https:\/\/i0.wp.com\/ismaelcolosi.com.br\/wp-content\/uploads\/2024\/07\/IMG_9641_2024-07-13_13-56-13-scaled.webp.webp?fit=2048%2C1150&ssl=1",2048,1150,true],"really-simple-thumb":["https:\/\/i0.wp.com\/ismaelcolosi.com.br\/wp-content\/uploads\/2024\/07\/IMG_9641_2024-07-13_13-56-13-scaled.webp.webp?resize=370%2C247&ssl=1",370,247,true]},"uagb_author_info":{"display_name":"ismaelcolosi.com.br","author_link":"https:\/\/ismaelcolosi.com.br\/index.php\/author\/vidareal-online\/"},"uagb_comment_info":0,"uagb_excerpt":"O interior de S\u00e3o Paulo poder\u00e1 ganhar um novo parque dos dinossauros. O Terra dos Dinos tem planos para ser constru\u00eddo em Campos de Jord\u00e3o...","jetpack-related-posts":[{"id":12922,"url":"https:\/\/ismaelcolosi.com.br\/index.php\/2023\/12\/08\/balneario-camboriu-ganha-maior-parque-de-dinossauros-do-brasil\/","url_meta":{"origin":56630,"position":0},"title":"Balne\u00e1rio Cambori\u00fa ganha maior parque de dinossauros do Brasil","author":"ismaelcolosi.com.br","date":"8 de December de 2023","format":false,"excerpt":"O Brasil tem um novo parque tem\u00e1tico. A nova atra\u00e7\u00e3o, localizada em Balne\u00e1rio Cambori\u00fa (SC), um dos principais destinos tur\u00edsticos do sul do pa\u00eds, j\u00e1 \u00e9 considerada uma das maiores do mundo quando o assunto s\u00e3o os dinossauros. Aberto ao p\u00fablico no final de setembro, o Aventura Jur\u00e1ssica fica em\u2026","rel":"","context":"In &quot;Variedades&quot;","block_context":{"text":"Variedades","link":"https:\/\/ismaelcolosi.com.br\/index.php\/category\/variedades\/"},"img":{"alt_text":"","src":"https:\/\/i0.wp.com\/ismaelcolosi.com.br\/wp-content\/uploads\/2023\/12\/aventura-jurassica-sc-scaled.jpg?fit=1200%2C638&ssl=1&resize=350%2C200","width":350,"height":200,"srcset":"https:\/\/i0.wp.com\/ismaelcolosi.com.br\/wp-content\/uploads\/2023\/12\/aventura-jurassica-sc-scaled.jpg?fit=1200%2C638&ssl=1&resize=350%2C200 1x, https:\/\/i0.wp.com\/ismaelcolosi.com.br\/wp-content\/uploads\/2023\/12\/aventura-jurassica-sc-scaled.jpg?fit=1200%2C638&ssl=1&resize=525%2C300 1.5x, https:\/\/i0.wp.com\/ismaelcolosi.com.br\/wp-content\/uploads\/2023\/12\/aventura-jurassica-sc-scaled.jpg?fit=1200%2C638&ssl=1&resize=700%2C400 2x, https:\/\/i0.wp.com\/ismaelcolosi.com.br\/wp-content\/uploads\/2023\/12\/aventura-jurassica-sc-scaled.jpg?fit=1200%2C638&ssl=1&resize=1050%2C600 3x"},"classes":[]},{"id":15743,"url":"https:\/\/ismaelcolosi.com.br\/index.php\/2023\/12\/14\/novo-resort-da-cacau-show-tera-quartos-tematicos-veja-foto-exclusiva\/","url_meta":{"origin":56630,"position":1},"title":"Novo resort da Cacau Show ter\u00e1 quartos tem\u00e1ticos; veja foto exclusiva","author":"ismaelcolosi.com.br","date":"14 de December de 2023","format":false,"excerpt":"A Cacau Show revelou fotos de seu novo resort no interior de S\u00e3o Paulo. Ainda sem nome, o empreendimento em \u00c1guas de Lind\u00f3ia, na regi\u00e3o tur\u00edstica do Circuito das \u00c1guas Paulista, tem inaugura\u00e7\u00e3o prevista para meados de 2024. O segundo empreendimento da marca voltado a hotelaria fica em uma \u00e1rea\u2026","rel":"","context":"In &quot;Variedades&quot;","block_context":{"text":"Variedades","link":"https:\/\/ismaelcolosi.com.br\/index.php\/category\/variedades\/"},"img":{"alt_text":"","src":"https:\/\/i0.wp.com\/ismaelcolosi.com.br\/wp-content\/uploads\/2023\/12\/whatsapp-image-2023-12-13-at-175231-1.jpeg?fit=1200%2C638&ssl=1&resize=350%2C200","width":350,"height":200,"srcset":"https:\/\/i0.wp.com\/ismaelcolosi.com.br\/wp-content\/uploads\/2023\/12\/whatsapp-image-2023-12-13-at-175231-1.jpeg?fit=1200%2C638&ssl=1&resize=350%2C200 1x, https:\/\/i0.wp.com\/ismaelcolosi.com.br\/wp-content\/uploads\/2023\/12\/whatsapp-image-2023-12-13-at-175231-1.jpeg?fit=1200%2C638&ssl=1&resize=525%2C300 1.5x, https:\/\/i0.wp.com\/ismaelcolosi.com.br\/wp-content\/uploads\/2023\/12\/whatsapp-image-2023-12-13-at-175231-1.jpeg?fit=1200%2C638&ssl=1&resize=700%2C400 2x, https:\/\/i0.wp.com\/ismaelcolosi.com.br\/wp-content\/uploads\/2023\/12\/whatsapp-image-2023-12-13-at-175231-1.jpeg?fit=1200%2C638&ssl=1&resize=1050%2C600 3x"},"classes":[]},{"id":68518,"url":"https:\/\/ismaelcolosi.com.br\/index.php\/2024\/09\/30\/conheca-cinco-cidades-no-interior-de-sp-para-aproveitar-a-primavera\/","url_meta":{"origin":56630,"position":2},"title":"Conhe\u00e7a cinco cidades no interior de SP para aproveitar a primavera","author":"ismaelcolosi.com.br","date":"30 de September de 2024","format":false,"excerpt":"A esta\u00e7\u00e3o mais colorida do ano deu j\u00e1 chegou e, por isso, o acidade on preparou um guia tur\u00edstico com cinco cidades do interior de S\u00e3o Paulo para voc\u00ea aproveitar ainda mais a esta\u00e7\u00e3o das flores. Com sobremesas, campo de lavanda e festas regionais, S\u00e3o Paulo carrega o t\u00edtulo de\u2026","rel":"","context":"In &quot;Not\u00edcias de Ribeir\u00e3o Preto-SP e Regi\u00e3o&quot;","block_context":{"text":"Not\u00edcias de Ribeir\u00e3o Preto-SP e Regi\u00e3o","link":"https:\/\/ismaelcolosi.com.br\/index.php\/category\/noticias-de-ribeirao-preto-sp-e-regiao-ismael-colosi\/"},"img":{"alt_text":"","src":"https:\/\/i0.wp.com\/ismaelcolosi.com.br\/wp-content\/uploads\/2024\/09\/Copia-de-Copia-de-Copia-de-TAMANHO-EXATO-PARA-FOTOS-NO-SISTEMA-NOVO-17_2024-09-30_15-58-42_jpg_2024-09-30_15-58-42.webp.webp?fit=1200%2C675&ssl=1&resize=350%2C200","width":350,"height":200,"srcset":"https:\/\/i0.wp.com\/ismaelcolosi.com.br\/wp-content\/uploads\/2024\/09\/Copia-de-Copia-de-Copia-de-TAMANHO-EXATO-PARA-FOTOS-NO-SISTEMA-NOVO-17_2024-09-30_15-58-42_jpg_2024-09-30_15-58-42.webp.webp?fit=1200%2C675&ssl=1&resize=350%2C200 1x, https:\/\/i0.wp.com\/ismaelcolosi.com.br\/wp-content\/uploads\/2024\/09\/Copia-de-Copia-de-Copia-de-TAMANHO-EXATO-PARA-FOTOS-NO-SISTEMA-NOVO-17_2024-09-30_15-58-42_jpg_2024-09-30_15-58-42.webp.webp?fit=1200%2C675&ssl=1&resize=525%2C300 1.5x, https:\/\/i0.wp.com\/ismaelcolosi.com.br\/wp-content\/uploads\/2024\/09\/Copia-de-Copia-de-Copia-de-TAMANHO-EXATO-PARA-FOTOS-NO-SISTEMA-NOVO-17_2024-09-30_15-58-42_jpg_2024-09-30_15-58-42.webp.webp?fit=1200%2C675&ssl=1&resize=700%2C400 2x, https:\/\/i0.wp.com\/ismaelcolosi.com.br\/wp-content\/uploads\/2024\/09\/Copia-de-Copia-de-Copia-de-TAMANHO-EXATO-PARA-FOTOS-NO-SISTEMA-NOVO-17_2024-09-30_15-58-42_jpg_2024-09-30_15-58-42.webp.webp?fit=1200%2C675&ssl=1&resize=1050%2C600 3x"},"classes":[]},{"id":11257,"url":"https:\/\/ismaelcolosi.com.br\/index.php\/2023\/12\/05\/5-lugares-em-sao-paulo-para-quem-e-viciado-em-chocolate\/","url_meta":{"origin":56630,"position":3},"title":"5 lugares em S\u00e3o Paulo para quem \u00e9 viciado em chocolate","author":"ismaelcolosi.com.br","date":"5 de December de 2023","format":false,"excerpt":"Cr\u00e9ditos: Reprodu\u00e7\u00e3o\/Instagram\/@megacacaushowLugares que os amantes de chocolate precisam conhecer em S\u00e3o Paulo Chamando todos os choc\u00f3latras! O estado de S\u00e3o Paulo conta com diversos passeios em que o chocolate \u00e9 o protagonista, como f\u00e1bricas, outlets, lojas exclusivas e muito mais. Pois \u00e9\u2026 N\u00e3o tem rol\u00ea mais delicioso que esse! Muito\u2026","rel":"","context":"In &quot;Variedades&quot;","block_context":{"text":"Variedades","link":"https:\/\/ismaelcolosi.com.br\/index.php\/category\/variedades\/"},"img":{"alt_text":"","src":"https:\/\/i0.wp.com\/ismaelcolosi.com.br\/wp-content\/uploads\/2023\/12\/fotos-catraca-2023-12-05t144034109.png?fit=1200%2C638&ssl=1&resize=350%2C200","width":350,"height":200,"srcset":"https:\/\/i0.wp.com\/ismaelcolosi.com.br\/wp-content\/uploads\/2023\/12\/fotos-catraca-2023-12-05t144034109.png?fit=1200%2C638&ssl=1&resize=350%2C200 1x, https:\/\/i0.wp.com\/ismaelcolosi.com.br\/wp-content\/uploads\/2023\/12\/fotos-catraca-2023-12-05t144034109.png?fit=1200%2C638&ssl=1&resize=525%2C300 1.5x, https:\/\/i0.wp.com\/ismaelcolosi.com.br\/wp-content\/uploads\/2023\/12\/fotos-catraca-2023-12-05t144034109.png?fit=1200%2C638&ssl=1&resize=700%2C400 2x, https:\/\/i0.wp.com\/ismaelcolosi.com.br\/wp-content\/uploads\/2023\/12\/fotos-catraca-2023-12-05t144034109.png?fit=1200%2C638&ssl=1&resize=1050%2C600 3x"},"classes":[]},{"id":48783,"url":"https:\/\/ismaelcolosi.com.br\/index.php\/2024\/05\/06\/interior-de-sp-vai-ganhar-novo-parque-aquatico-veja-quando-e-o-local\/","url_meta":{"origin":56630,"position":4},"title":"Interior de SP vai ganhar novo parque aqu\u00e1tico; Veja quando e o local","author":"ismaelcolosi.com.br","date":"6 de May de 2024","format":false,"excerpt":"O interior de S\u00e3o Paulo vai ganhar um novo parque aqu\u00e1tico em 2025. O Acqua Thermas Park ser\u00e1 constru\u00eddo em Sorocaba, cidade a 90 quil\u00f4metros da capital. O novo parque aqu\u00e1tico vai receber investimentos de R$ 170 milh\u00f5es. O Grupo Thermas, respons\u00e1vel pelo projeto, diz que o parque ocupar\u00e1 uma\u2026","rel":"","context":"In &quot;Not\u00edcias de Ribeir\u00e3o Preto-SP e Regi\u00e3o&quot;","block_context":{"text":"Not\u00edcias de Ribeir\u00e3o Preto-SP e Regi\u00e3o","link":"https:\/\/ismaelcolosi.com.br\/index.php\/category\/noticias-de-ribeirao-preto-sp-e-regiao-ismael-colosi\/"},"img":{"alt_text":"","src":"https:\/\/i0.wp.com\/ismaelcolosi.com.br\/wp-content\/uploads\/2024\/05\/AnyConv.com__parque-aquatico_2024-05-06_18-29-39.webp.webp?fit=953%2C525&ssl=1&resize=350%2C200","width":350,"height":200,"srcset":"https:\/\/i0.wp.com\/ismaelcolosi.com.br\/wp-content\/uploads\/2024\/05\/AnyConv.com__parque-aquatico_2024-05-06_18-29-39.webp.webp?fit=953%2C525&ssl=1&resize=350%2C200 1x, https:\/\/i0.wp.com\/ismaelcolosi.com.br\/wp-content\/uploads\/2024\/05\/AnyConv.com__parque-aquatico_2024-05-06_18-29-39.webp.webp?fit=953%2C525&ssl=1&resize=525%2C300 1.5x, https:\/\/i0.wp.com\/ismaelcolosi.com.br\/wp-content\/uploads\/2024\/05\/AnyConv.com__parque-aquatico_2024-05-06_18-29-39.webp.webp?fit=953%2C525&ssl=1&resize=700%2C400 2x"},"classes":[]},{"id":12504,"url":"https:\/\/ismaelcolosi.com.br\/index.php\/2023\/12\/08\/olimpia-sp-lidera-lista-de-destinos-tendencia-para-2024\/","url_meta":{"origin":56630,"position":5},"title":"Ol\u00edmpia (SP) lidera lista de destinos tend\u00eancia para 2024","author":"ismaelcolosi.com.br","date":"8 de December de 2023","format":false,"excerpt":"Famoso pelas \u00e1guas termais e seus parques aqu\u00e1ticos, a est\u00e2ncia tur\u00edstica de Ol\u00edmpia, interior paulista, \u00e9 um dos destinos preferidos de fam\u00edlias com crian\u00e7as pequenas. A \u201cOrlando brasileira\u201d, como \u00e9 chamada, oferece entretenimento para toda a fam\u00edlia dentro e fora da \u00e1gua. Cr\u00e9ditos: Divulga\u00e7\u00e3oOl\u00edmpia oferece diversa atra\u00e7\u00f5es, al\u00e9m dos parques\u2026","rel":"","context":"In &quot;Variedades&quot;","block_context":{"text":"Variedades","link":"https:\/\/ismaelcolosi.com.br\/index.php\/category\/variedades\/"},"img":{"alt_text":"","src":"https:\/\/i0.wp.com\/ismaelcolosi.com.br\/wp-content\/uploads\/2023\/12\/hot-beach-olimpia.jpg?fit=1200%2C638&ssl=1&resize=350%2C200","width":350,"height":200,"srcset":"https:\/\/i0.wp.com\/ismaelcolosi.com.br\/wp-content\/uploads\/2023\/12\/hot-beach-olimpia.jpg?fit=1200%2C638&ssl=1&resize=350%2C200 1x, https:\/\/i0.wp.com\/ismaelcolosi.com.br\/wp-content\/uploads\/2023\/12\/hot-beach-olimpia.jpg?fit=1200%2C638&ssl=1&resize=525%2C300 1.5x, https:\/\/i0.wp.com\/ismaelcolosi.com.br\/wp-content\/uploads\/2023\/12\/hot-beach-olimpia.jpg?fit=1200%2C638&ssl=1&resize=700%2C400 2x, https:\/\/i0.wp.com\/ismaelcolosi.com.br\/wp-content\/uploads\/2023\/12\/hot-beach-olimpia.jpg?fit=1200%2C638&ssl=1&resize=1050%2C600 3x"},"classes":[]}],"jetpack_sharing_enabled":true,"jetpack_shortlink":"https:\/\/wp.me\/pfMlyK-eJo","_links":{"self":[{"href":"https:\/\/ismaelcolosi.com.br\/index.php\/wp-json\/wp\/v2\/posts\/56630","targetHints":{"allow":["GET"]}}],"collection":[{"href":"https:\/\/ismaelcolosi.com.br\/index.php\/wp-json\/wp\/v2\/posts"}],"about":[{"href":"https:\/\/ismaelcolosi.com.br\/index.php\/wp-json\/wp\/v2\/types\/post"}],"author":[{"embeddable":true,"href":"https:\/\/ismaelcolosi.com.br\/index.php\/wp-json\/wp\/v2\/users\/1"}],"replies":[{"embeddable":true,"href":"https:\/\/ismaelcolosi.com.br\/index.php\/wp-json\/wp\/v2\/comments?post=56630"}],"version-history":[{"count":0,"href":"https:\/\/ismaelcolosi.com.br\/index.php\/wp-json\/wp\/v2\/posts\/56630\/revisions"}],"wp:featuredmedia":[{"embeddable":true,"href":"https:\/\/ismaelcolosi.com.br\/index.php\/wp-json\/wp\/v2\/media\/56631"}],"wp:attachment":[{"href":"https:\/\/ismaelcolosi.com.br\/index.php\/wp-json\/wp\/v2\/media?parent=56630"}],"wp:term":[{"taxonomy":"category","embeddable":true,"href":"https:\/\/ismaelcolosi.com.br\/index.php\/wp-json\/wp\/v2\/categories?post=56630"},{"taxonomy":"post_tag","embeddable":true,"href":"https:\/\/ismaelcolosi.com.br\/index.php\/wp-json\/wp\/v2\/tags?post=56630"}],"curies":[{"name":"wp","href":"https:\/\/api.w.org\/{rel}","templated":true}]}}