{"id":56627,"date":"2024-07-13T10:50:57","date_gmt":"2024-07-13T13:50:57","guid":{"rendered":"https:\/\/ismaelcolosi.com.br\/index.php\/2024\/07\/13\/identificado-homem-morto-apos-atropelamento-em-avenida-de-ribeirao-preto\/"},"modified":"2024-07-13T10:50:57","modified_gmt":"2024-07-13T13:50:57","slug":"identificado-homem-morto-apos-atropelamento-em-avenida-de-ribeirao-preto","status":"publish","type":"post","link":"https:\/\/ismaelcolosi.com.br\/index.php\/2024\/07\/13\/identificado-homem-morto-apos-atropelamento-em-avenida-de-ribeirao-preto\/","title":{"rendered":"Identificado homem morto ap\u00f3s atropelamento em avenida de Ribeir\u00e3o Preto"},"content":{"rendered":"<p> <br \/>\n<\/p>\n<div>\n<p><strong>A Pol\u00edcia Civil identificou o homem morto ap\u00f3s ser atropelado por uma moto enquanto atravessava a avenida F\u00e1bio Barreto na faixa de pedestre, na tarde desta sexta-feira (12), em Ribeir\u00e3o Preto.<\/strong><\/p>\n<p>Segundo o <strong>boletim de ocorr\u00eancia (BO)<\/strong>, <mark style=\"background-color:#fcb900\" class=\"has-inline-color has-black-color\">a v\u00edtima, Jos\u00e9 Roberto Pereira de Sousa, de 57 anos, foi arremessada ao ser atingida pela moto. O homem morreu no local.<\/mark><\/p>\n<p>Os dois <strong>ocupantes <\/strong>da <strong>moto <\/strong>tamb\u00e9m sofrerem <strong>ferimentos <\/strong>e foram <strong>socorridos<\/strong>.<\/p>\n<p>A <strong>PM (Pol\u00edcia Militar)<\/strong> constatou que h\u00e1 um sem\u00e1foro antes da faixa de pedestre, distante aproximadamente 50 metros.<\/p>\n<p><mark style=\"background-color:#fcb900\" class=\"has-inline-color has-black-color\">O condutor da moto alegou que atravessava o sem\u00e1foro e que o homem entrou pela faixa. <\/mark><\/p>\n<p>As <strong>causas<\/strong>, por\u00e9m, ainda dever\u00e3o ser <strong>apuradas<\/strong>.<\/p>\n<p>O <strong>BO <\/strong>foi registrado na <strong>CPJ (Central de Pol\u00edcia Judici\u00e1ria) Permanente<\/strong> como <strong>homic\u00eddio e les\u00e3o corporal, ambos culposos (sem inten\u00e7\u00e3o), na dire\u00e7\u00e3o de ve\u00edculo automotor<\/strong>.<\/p>\n<blockquote class=\"twitter-tweet\" data-media-max-width=\"560\">\n<p lang=\"pt\" dir=\"ltr\">Um homem, de 63 anos, morreu ap\u00f3s ser atropelado por uma moto no final da tarde desta sexta-feira, na avenida F\u00e1bio Barretos, no bairro Campos El\u00edseos, em Ribeir\u00e3o Preto.<\/p>\n<p>Saiba mais no site: <a href=\"https:\/\/t.co\/iGynbiHnSr\">https:\/\/t.co\/iGynbiHnSr<\/a><\/p>\n<p>\ud83c\udfa5 C\u00e2mera de seguran\u00e7a <a href=\"https:\/\/t.co\/JAJkgIFGLF\">pic.twitter.com\/JAJkgIFGLF<\/a><\/p>\n<p>\u2014 acidade on Ribeir\u00e3o e Regi\u00e3o (@acidadeonrp) <a href=\"https:\/\/twitter.com\/acidadeonrp\/status\/1811873903347749224?ref_src=twsrc%5Etfw\">July 12, 2024<\/a><\/p><\/blockquote>\n<p>SAIBA MAIS<\/p>\n<p>Mulher e crian\u00e7a s\u00e3o baleadas ap\u00f3s discuss\u00e3o na regi\u00e3o de Ribeir\u00e3o Preto<\/p>\n<h4 class=\"wp-block-heading\"><strong>FIQUE ON<\/strong><\/h4>\n<p>Fique ligado em tudo que acontece em Ribeir\u00e3o Preto e regi\u00e3o. Siga os perfis do\u00a0<strong>acidade on\u00a0<\/strong>no\u00a0<a href=\"https:\/\/www.instagram.com\/acidadeonribeirao\" target=\"_blank\" rel=\"noreferrer noopener\">Instagram\u00a0<\/a>e no\u00a0<a href=\"https:\/\/www.facebook.com\/acidadeonribeirao\/\" target=\"_blank\" rel=\"noreferrer noopener\">Facebook<\/a>.<\/p>\n<p>Receba not\u00edcias do<strong>\u00a0acidade on\u00a0<\/strong>no WhatsApp.\u00a0<a href=\"https:\/\/chat.whatsapp.com\/CdrZ6xrf7quD44Vw3WlPuZ\" target=\"_blank\" rel=\"noreferrer noopener\">Para entrar no grupo, basta clicar aqui.<\/a><\/p>\n<p>Fa\u00e7a uma den\u00fancia ou sugira uma reportagem sobre Ribeir\u00e3o Preto e regi\u00e3o pelo WhatsApp: 16 99117 7802.<\/p>\n<p>VEJA TAMB\u00c9M<\/p>\n<p>Do que \u00e9 acusado o pastor Rinaldo Pereira da Bola de Neve?<\/p>\n<p><!-- AI CONTENT END 1 -->\n<\/div>\n<p><script async src=\"\/\/platform.twitter.com\/widgets.js\" charset=\"utf-8\"><\/script><script async src=\"\/\/www.instagram.com\/embed.js\"><\/script><br \/>\n<br \/><br \/>\n<br \/><a href=\"https:\/\/www.acidadeon.com\/ribeiraopreto\/cotidiano\/identificado-homem-morto-apos-atropelamento-em-avenida-de-ribeirao-preto\/\">Source link <\/a><\/p>\n<div class='code-block code-block-4' style='margin: 8px auto 8px 0; text-align: left; display: block; clear: both;'>\n\ud83d\udce2 Aviso Legal\n\nO site ismaelcolosi.com.br atua apenas como um canal de divulga\u00e7\u00e3o de oportunidades de emprego e n\u00e3o se responsabiliza pelo processo seletivo, contrata\u00e7\u00e3o ou qualquer outra etapa relacionada \u00e0s vagas publicadas. Todas as informa\u00e7\u00f5es s\u00e3o de responsabilidade dos anunciantes.\n\n\u26a0\ufe0f Aten\u00e7\u00e3o! Nunca pague por promessas de emprego nem compre cursos que garantam contrata\u00e7\u00e3o. Desconfie de qualquer cobran\u00e7a para participar de sele\u00e7\u00f5es.\n\n\n\n<\/div>\n<!-- CONTENT END 1 -->\n","protected":false},"excerpt":{"rendered":"<p>A Pol\u00edcia Civil identificou o homem morto ap\u00f3s ser atropelado por uma moto enquanto atravessava a avenida F\u00e1bio Barreto na faixa de pedestre, na tarde&#8230;<\/p>\n","protected":false},"author":1,"featured_media":56600,"comment_status":"open","ping_status":"open","sticky":false,"template":"","format":"standard","meta":{"_uag_custom_page_level_css":"","advanced_seo_description":"","jetpack_seo_html_title":"","jetpack_seo_noindex":false,"jetpack_post_was_ever_published":false,"_jetpack_newsletter_access":"","_jetpack_dont_email_post_to_subs":false,"_jetpack_newsletter_tier_id":0,"_jetpack_memberships_contains_paywalled_content":false,"_jetpack_memberships_contains_paid_content":false,"footnotes":"","jetpack_publicize_message":"","jetpack_publicize_feature_enabled":true,"jetpack_social_post_already_shared":true,"jetpack_social_options":{"image_generator_settings":{"template":"highway","default_image_id":0,"font":"","enabled":false},"version":2}},"categories":[11],"tags":[],"class_list":["post-56627","post","type-post","status-publish","format-standard","has-post-thumbnail","hentry","category-noticias-de-ribeirao-preto-sp-e-regiao-ismael-colosi"],"jetpack_publicize_connections":[],"jetpack_featured_media_url":"https:\/\/i0.wp.com\/ismaelcolosi.com.br\/wp-content\/uploads\/2024\/07\/Copia-de-Copia-de-TAMANHO-EXATO-PARA-FOTOS-NO-SISTEMA-NOVO-2024-07-12T180659.153_2024-07-12_21-07-28_png_2024-07-12_21-07-28.webp.webp?fit=1200%2C675&ssl=1","uagb_featured_image_src":{"full":["https:\/\/i0.wp.com\/ismaelcolosi.com.br\/wp-content\/uploads\/2024\/07\/Copia-de-Copia-de-TAMANHO-EXATO-PARA-FOTOS-NO-SISTEMA-NOVO-2024-07-12T180659.153_2024-07-12_21-07-28_png_2024-07-12_21-07-28.webp.webp?fit=1200%2C675&ssl=1",1200,675,false],"thumbnail":["https:\/\/i0.wp.com\/ismaelcolosi.com.br\/wp-content\/uploads\/2024\/07\/Copia-de-Copia-de-TAMANHO-EXATO-PARA-FOTOS-NO-SISTEMA-NOVO-2024-07-12T180659.153_2024-07-12_21-07-28_png_2024-07-12_21-07-28.webp.webp?resize=150%2C150&ssl=1",150,150,true],"medium":["https:\/\/i0.wp.com\/ismaelcolosi.com.br\/wp-content\/uploads\/2024\/07\/Copia-de-Copia-de-TAMANHO-EXATO-PARA-FOTOS-NO-SISTEMA-NOVO-2024-07-12T180659.153_2024-07-12_21-07-28_png_2024-07-12_21-07-28.webp.webp?fit=300%2C169&ssl=1",300,169,true],"medium_large":["https:\/\/i0.wp.com\/ismaelcolosi.com.br\/wp-content\/uploads\/2024\/07\/Copia-de-Copia-de-TAMANHO-EXATO-PARA-FOTOS-NO-SISTEMA-NOVO-2024-07-12T180659.153_2024-07-12_21-07-28_png_2024-07-12_21-07-28.webp.webp?fit=768%2C432&ssl=1",768,432,true],"large":["https:\/\/i0.wp.com\/ismaelcolosi.com.br\/wp-content\/uploads\/2024\/07\/Copia-de-Copia-de-TAMANHO-EXATO-PARA-FOTOS-NO-SISTEMA-NOVO-2024-07-12T180659.153_2024-07-12_21-07-28_png_2024-07-12_21-07-28.webp.webp?fit=1024%2C576&ssl=1",1024,576,true],"1536x1536":["https:\/\/i0.wp.com\/ismaelcolosi.com.br\/wp-content\/uploads\/2024\/07\/Copia-de-Copia-de-TAMANHO-EXATO-PARA-FOTOS-NO-SISTEMA-NOVO-2024-07-12T180659.153_2024-07-12_21-07-28_png_2024-07-12_21-07-28.webp.webp?fit=1200%2C675&ssl=1",1200,675,true],"2048x2048":["https:\/\/i0.wp.com\/ismaelcolosi.com.br\/wp-content\/uploads\/2024\/07\/Copia-de-Copia-de-TAMANHO-EXATO-PARA-FOTOS-NO-SISTEMA-NOVO-2024-07-12T180659.153_2024-07-12_21-07-28_png_2024-07-12_21-07-28.webp.webp?fit=1200%2C675&ssl=1",1200,675,true],"really-simple-thumb":["https:\/\/i0.wp.com\/ismaelcolosi.com.br\/wp-content\/uploads\/2024\/07\/Copia-de-Copia-de-TAMANHO-EXATO-PARA-FOTOS-NO-SISTEMA-NOVO-2024-07-12T180659.153_2024-07-12_21-07-28_png_2024-07-12_21-07-28.webp.webp?resize=370%2C247&ssl=1",370,247,true]},"uagb_author_info":{"display_name":"ismaelcolosi.com.br","author_link":"https:\/\/ismaelcolosi.com.br\/index.php\/author\/vidareal-online\/"},"uagb_comment_info":0,"uagb_excerpt":"A Pol\u00edcia Civil identificou o homem morto ap\u00f3s ser atropelado por uma moto enquanto atravessava a avenida F\u00e1bio Barreto na faixa de pedestre, na tarde...","jetpack-related-posts":[{"id":40202,"url":"https:\/\/ismaelcolosi.com.br\/index.php\/2024\/03\/01\/video-adolescente-e-atropelado-em-faixa-de-pedestre-na-costa-e-silva\/","url_meta":{"origin":56627,"position":0},"title":"V\u00cdDEO &#8211; Adolescente \u00e9 atropelado em faixa de pedestre na Costa e Silva","author":"ismaelcolosi.com.br","date":"1 de March de 2024","format":false,"excerpt":"Sem\u00e1foro em frente escola estava desligado por conta de furto de fios 1 de mar\u00e7o de 2024 | 10:481 de mar\u00e7o de 2024 | 10:49 2Por: Adalberto LuqueUm estudante foi atropelado, na tarde desta quinta-feira (29), quando atravessava na faixa de pedestres em frente \u00e0 Escola Municipal de Ensino Fundamental\u2026","rel":"","context":"In &quot;Not\u00edcias de Ribeir\u00e3o Preto-SP e Regi\u00e3o&quot;","block_context":{"text":"Not\u00edcias de Ribeir\u00e3o Preto-SP e Regi\u00e3o","link":"https:\/\/ismaelcolosi.com.br\/index.php\/category\/noticias-de-ribeirao-preto-sp-e-regiao-ismael-colosi\/"},"img":{"alt_text":"","src":"https:\/\/i0.wp.com\/ismaelcolosi.com.br\/wp-content\/uploads\/2024\/03\/00-01-mar-2024-atropelamento-escola-foto-x-tudo-scaled.jpg?fit=1000%2C564&ssl=1&resize=350%2C200","width":350,"height":200,"srcset":"https:\/\/i0.wp.com\/ismaelcolosi.com.br\/wp-content\/uploads\/2024\/03\/00-01-mar-2024-atropelamento-escola-foto-x-tudo-scaled.jpg?fit=1000%2C564&ssl=1&resize=350%2C200 1x, https:\/\/i0.wp.com\/ismaelcolosi.com.br\/wp-content\/uploads\/2024\/03\/00-01-mar-2024-atropelamento-escola-foto-x-tudo-scaled.jpg?fit=1000%2C564&ssl=1&resize=525%2C300 1.5x, https:\/\/i0.wp.com\/ismaelcolosi.com.br\/wp-content\/uploads\/2024\/03\/00-01-mar-2024-atropelamento-escola-foto-x-tudo-scaled.jpg?fit=1000%2C564&ssl=1&resize=700%2C400 2x"},"classes":[]},{"id":56599,"url":"https:\/\/ismaelcolosi.com.br\/index.php\/2024\/07\/12\/homem-morre-apos-ser-atropelado-por-moto-em-ribeirao-preto\/","url_meta":{"origin":56627,"position":1},"title":"Homem morre ap\u00f3s ser atropelado por moto em Ribeir\u00e3o Preto","author":"ismaelcolosi.com.br","date":"12 de July de 2024","format":false,"excerpt":"Um homem, de 63 anos, morreu ap\u00f3s ser atropelado por uma moto no final da tarde desta sexta-feira (12), na avenida F\u00e1bio Barretos, no bairro Campos El\u00edseos, em Ribeir\u00e3o Preto. C\u00e2meras de seguran\u00e7a registraram o momento em que o homem estava atravessando na faixa de pedestres da avenida e foi\u2026","rel":"","context":"In &quot;Not\u00edcias de Ribeir\u00e3o Preto-SP e Regi\u00e3o&quot;","block_context":{"text":"Not\u00edcias de Ribeir\u00e3o Preto-SP e Regi\u00e3o","link":"https:\/\/ismaelcolosi.com.br\/index.php\/category\/noticias-de-ribeirao-preto-sp-e-regiao-ismael-colosi\/"},"img":{"alt_text":"","src":"https:\/\/i0.wp.com\/ismaelcolosi.com.br\/wp-content\/uploads\/2024\/07\/Copia-de-Copia-de-TAMANHO-EXATO-PARA-FOTOS-NO-SISTEMA-NOVO-2024-07-12T180659.153_2024-07-12_21-07-28_png_2024-07-12_21-07-28.webp.webp?fit=1200%2C675&ssl=1&resize=350%2C200","width":350,"height":200,"srcset":"https:\/\/i0.wp.com\/ismaelcolosi.com.br\/wp-content\/uploads\/2024\/07\/Copia-de-Copia-de-TAMANHO-EXATO-PARA-FOTOS-NO-SISTEMA-NOVO-2024-07-12T180659.153_2024-07-12_21-07-28_png_2024-07-12_21-07-28.webp.webp?fit=1200%2C675&ssl=1&resize=350%2C200 1x, https:\/\/i0.wp.com\/ismaelcolosi.com.br\/wp-content\/uploads\/2024\/07\/Copia-de-Copia-de-TAMANHO-EXATO-PARA-FOTOS-NO-SISTEMA-NOVO-2024-07-12T180659.153_2024-07-12_21-07-28_png_2024-07-12_21-07-28.webp.webp?fit=1200%2C675&ssl=1&resize=525%2C300 1.5x, https:\/\/i0.wp.com\/ismaelcolosi.com.br\/wp-content\/uploads\/2024\/07\/Copia-de-Copia-de-TAMANHO-EXATO-PARA-FOTOS-NO-SISTEMA-NOVO-2024-07-12T180659.153_2024-07-12_21-07-28_png_2024-07-12_21-07-28.webp.webp?fit=1200%2C675&ssl=1&resize=700%2C400 2x, https:\/\/i0.wp.com\/ismaelcolosi.com.br\/wp-content\/uploads\/2024\/07\/Copia-de-Copia-de-TAMANHO-EXATO-PARA-FOTOS-NO-SISTEMA-NOVO-2024-07-12T180659.153_2024-07-12_21-07-28_png_2024-07-12_21-07-28.webp.webp?fit=1200%2C675&ssl=1&resize=1050%2C600 3x"},"classes":[]},{"id":3033,"url":"https:\/\/ismaelcolosi.com.br\/index.php\/2023\/08\/15\/pm-e-preso-apos-atirar-contra-suspeitos-de-assalto-e-matar-pedestre-em-sp\/","url_meta":{"origin":56627,"position":2},"title":"PM \u00e9 preso ap\u00f3s atirar contra suspeitos de assalto e matar pedestre em SP","author":"ismaelcolosi.com.br","date":"15 de August de 2023","format":false,"excerpt":"Um policial militar foi preso em flagrante ap\u00f3s um disparo de arma de fogo efetuado por ele matar uma mulher que sa\u00eda de uma casa noturna, no bairro Alto da Boa Vista, em Ribeir\u00e3o Preto, no interior de S\u00e3o Paulo, na madrugada de segunda-feira (14). J\u00falia Ferraz Signoreto, de 27\u2026","rel":"","context":"In &quot;Not\u00edcias de Ribeir\u00e3o Preto-SP e Regi\u00e3o&quot;","block_context":{"text":"Not\u00edcias de Ribeir\u00e3o Preto-SP e Regi\u00e3o","link":"https:\/\/ismaelcolosi.com.br\/index.php\/category\/noticias-de-ribeirao-preto-sp-e-regiao-ismael-colosi\/"},"img":{"alt_text":"","src":"https:\/\/i0.wp.com\/ismaelcolosi.com.br\/wp-content\/uploads\/2023\/11\/Copia-de-Placeholder-site-2023-08-15T080843.464.jpg?fit=1200%2C675&ssl=1&resize=350%2C200","width":350,"height":200,"srcset":"https:\/\/i0.wp.com\/ismaelcolosi.com.br\/wp-content\/uploads\/2023\/11\/Copia-de-Placeholder-site-2023-08-15T080843.464.jpg?fit=1200%2C675&ssl=1&resize=350%2C200 1x, https:\/\/i0.wp.com\/ismaelcolosi.com.br\/wp-content\/uploads\/2023\/11\/Copia-de-Placeholder-site-2023-08-15T080843.464.jpg?fit=1200%2C675&ssl=1&resize=525%2C300 1.5x, https:\/\/i0.wp.com\/ismaelcolosi.com.br\/wp-content\/uploads\/2023\/11\/Copia-de-Placeholder-site-2023-08-15T080843.464.jpg?fit=1200%2C675&ssl=1&resize=700%2C400 2x, https:\/\/i0.wp.com\/ismaelcolosi.com.br\/wp-content\/uploads\/2023\/11\/Copia-de-Placeholder-site-2023-08-15T080843.464.jpg?fit=1200%2C675&ssl=1&resize=1050%2C600 3x"},"classes":[]},{"id":55102,"url":"https:\/\/ismaelcolosi.com.br\/index.php\/2024\/06\/30\/homem-e-morto-apos-ser-esfaqueado-na-frente-do-filho-em-ribeirao-preto\/","url_meta":{"origin":56627,"position":3},"title":"Homem \u00e9 morto ap\u00f3s ser esfaqueado na frente do filho em Ribeir\u00e3o Preto","author":"ismaelcolosi.com.br","date":"30 de June de 2024","format":false,"excerpt":"Um homem de 47 anos foi morto na noite deste s\u00e1bado (29), ap\u00f3s ser esfaqueado no Jardim Jandaia, zona Norte de Ribeir\u00e3o Preto. Segundo o boletim de ocorr\u00eancia (BO), a v\u00edtima, identificada como David Paulo Gon\u00e7alves, foi atingida por dois golpes de faca na regi\u00e3o frontal do corpo, enquanto chegava\u2026","rel":"","context":"In &quot;Not\u00edcias de Ribeir\u00e3o Preto-SP e Regi\u00e3o&quot;","block_context":{"text":"Not\u00edcias de Ribeir\u00e3o Preto-SP e Regi\u00e3o","link":"https:\/\/ismaelcolosi.com.br\/index.php\/category\/noticias-de-ribeirao-preto-sp-e-regiao-ismael-colosi\/"},"img":{"alt_text":"","src":"https:\/\/i0.wp.com\/ismaelcolosi.com.br\/wp-content\/uploads\/2024\/06\/1719773067_policia_qru_1024x576_05012021161940.jpg?fit=1024%2C576&ssl=1&resize=350%2C200","width":350,"height":200,"srcset":"https:\/\/i0.wp.com\/ismaelcolosi.com.br\/wp-content\/uploads\/2024\/06\/1719773067_policia_qru_1024x576_05012021161940.jpg?fit=1024%2C576&ssl=1&resize=350%2C200 1x, https:\/\/i0.wp.com\/ismaelcolosi.com.br\/wp-content\/uploads\/2024\/06\/1719773067_policia_qru_1024x576_05012021161940.jpg?fit=1024%2C576&ssl=1&resize=525%2C300 1.5x, https:\/\/i0.wp.com\/ismaelcolosi.com.br\/wp-content\/uploads\/2024\/06\/1719773067_policia_qru_1024x576_05012021161940.jpg?fit=1024%2C576&ssl=1&resize=700%2C400 2x"},"classes":[]},{"id":53231,"url":"https:\/\/ismaelcolosi.com.br\/index.php\/2024\/06\/14\/comerciante-em-moto-de-luxo-morre-apos-ser-atingido-por-carro-em-ribeirao-preto\/","url_meta":{"origin":56627,"position":4},"title":"Comerciante em moto de luxo morre ap\u00f3s ser atingido por carro em Ribeir\u00e3o Preto","author":"ismaelcolosi.com.br","date":"14 de June de 2024","format":false,"excerpt":"Um comerciante de 42 anos morreu nesta quinta-feira (13), depois de ser socorrido ao ter a moto atingida por um carro no \u00faltimo dia 1\u00ba de junho, na avenida Maur\u00edlio Biagi, em Ribeir\u00e3o Preto. Segundo o boletim de ocorr\u00eancia (BO), a v\u00edtima, identificada como Gian Carlos Visu, foi encaminhada inicialmente\u2026","rel":"","context":"In &quot;Not\u00edcias de Ribeir\u00e3o Preto-SP e Regi\u00e3o&quot;","block_context":{"text":"Not\u00edcias de Ribeir\u00e3o Preto-SP e Regi\u00e3o","link":"https:\/\/ismaelcolosi.com.br\/index.php\/category\/noticias-de-ribeirao-preto-sp-e-regiao-ismael-colosi\/"},"img":{"alt_text":"","src":"https:\/\/i0.wp.com\/ismaelcolosi.com.br\/wp-content\/uploads\/2024\/06\/cpj_1024x576_21012021092745.jpg?fit=1024%2C575&ssl=1&resize=350%2C200","width":350,"height":200,"srcset":"https:\/\/i0.wp.com\/ismaelcolosi.com.br\/wp-content\/uploads\/2024\/06\/cpj_1024x576_21012021092745.jpg?fit=1024%2C575&ssl=1&resize=350%2C200 1x, https:\/\/i0.wp.com\/ismaelcolosi.com.br\/wp-content\/uploads\/2024\/06\/cpj_1024x576_21012021092745.jpg?fit=1024%2C575&ssl=1&resize=525%2C300 1.5x, https:\/\/i0.wp.com\/ismaelcolosi.com.br\/wp-content\/uploads\/2024\/06\/cpj_1024x576_21012021092745.jpg?fit=1024%2C575&ssl=1&resize=700%2C400 2x"},"classes":[]},{"id":51465,"url":"https:\/\/ismaelcolosi.com.br\/index.php\/2024\/05\/28\/motociclista-de-19-anos-morre-apos-bater-moto-em-poste-na-regiao-de-ribeirao-preto\/","url_meta":{"origin":56627,"position":5},"title":"Motociclista de 19 anos morre ap\u00f3s bater moto em poste na regi\u00e3o de Ribeir\u00e3o Preto","author":"ismaelcolosi.com.br","date":"28 de May de 2024","format":false,"excerpt":"Um motociclista de 19 anos morreu na manh\u00e3 desta ter\u00e7a-feira (28), depois de bater a moto em um poste na avenida Ricarte Soares Silva, no bairro Miramontes, em Franca, cidade a aproximadamente 80 quil\u00f4metros de Ribeir\u00e3o Preto. Segundo informa\u00e7\u00f5es, o Samu foi chamado, mas a v\u00edtima n\u00e3o resistiu e morreu\u2026","rel":"","context":"In &quot;Not\u00edcias de Ribeir\u00e3o Preto-SP e Regi\u00e3o&quot;","block_context":{"text":"Not\u00edcias de Ribeir\u00e3o Preto-SP e Regi\u00e3o","link":"https:\/\/ismaelcolosi.com.br\/index.php\/category\/noticias-de-ribeirao-preto-sp-e-regiao-ismael-colosi\/"},"img":{"alt_text":"","src":"https:\/\/i0.wp.com\/ismaelcolosi.com.br\/wp-content\/uploads\/2024\/05\/ACIDENTE_2024-05-28_13-07-18_jpg_2024-05-28_13-07-19.webp.webp?fit=1200%2C704&ssl=1&resize=350%2C200","width":350,"height":200,"srcset":"https:\/\/i0.wp.com\/ismaelcolosi.com.br\/wp-content\/uploads\/2024\/05\/ACIDENTE_2024-05-28_13-07-18_jpg_2024-05-28_13-07-19.webp.webp?fit=1200%2C704&ssl=1&resize=350%2C200 1x, https:\/\/i0.wp.com\/ismaelcolosi.com.br\/wp-content\/uploads\/2024\/05\/ACIDENTE_2024-05-28_13-07-18_jpg_2024-05-28_13-07-19.webp.webp?fit=1200%2C704&ssl=1&resize=525%2C300 1.5x, https:\/\/i0.wp.com\/ismaelcolosi.com.br\/wp-content\/uploads\/2024\/05\/ACIDENTE_2024-05-28_13-07-18_jpg_2024-05-28_13-07-19.webp.webp?fit=1200%2C704&ssl=1&resize=700%2C400 2x, https:\/\/i0.wp.com\/ismaelcolosi.com.br\/wp-content\/uploads\/2024\/05\/ACIDENTE_2024-05-28_13-07-18_jpg_2024-05-28_13-07-19.webp.webp?fit=1200%2C704&ssl=1&resize=1050%2C600 3x"},"classes":[]}],"jetpack_sharing_enabled":true,"jetpack_shortlink":"https:\/\/wp.me\/pfMlyK-eJl","_links":{"self":[{"href":"https:\/\/ismaelcolosi.com.br\/index.php\/wp-json\/wp\/v2\/posts\/56627","targetHints":{"allow":["GET"]}}],"collection":[{"href":"https:\/\/ismaelcolosi.com.br\/index.php\/wp-json\/wp\/v2\/posts"}],"about":[{"href":"https:\/\/ismaelcolosi.com.br\/index.php\/wp-json\/wp\/v2\/types\/post"}],"author":[{"embeddable":true,"href":"https:\/\/ismaelcolosi.com.br\/index.php\/wp-json\/wp\/v2\/users\/1"}],"replies":[{"embeddable":true,"href":"https:\/\/ismaelcolosi.com.br\/index.php\/wp-json\/wp\/v2\/comments?post=56627"}],"version-history":[{"count":0,"href":"https:\/\/ismaelcolosi.com.br\/index.php\/wp-json\/wp\/v2\/posts\/56627\/revisions"}],"wp:featuredmedia":[{"embeddable":true,"href":"https:\/\/ismaelcolosi.com.br\/index.php\/wp-json\/wp\/v2\/media\/56600"}],"wp:attachment":[{"href":"https:\/\/ismaelcolosi.com.br\/index.php\/wp-json\/wp\/v2\/media?parent=56627"}],"wp:term":[{"taxonomy":"category","embeddable":true,"href":"https:\/\/ismaelcolosi.com.br\/index.php\/wp-json\/wp\/v2\/categories?post=56627"},{"taxonomy":"post_tag","embeddable":true,"href":"https:\/\/ismaelcolosi.com.br\/index.php\/wp-json\/wp\/v2\/tags?post=56627"}],"curies":[{"name":"wp","href":"https:\/\/api.w.org\/{rel}","templated":true}]}}