{"id":56624,"date":"2024-07-13T08:30:11","date_gmt":"2024-07-13T11:30:11","guid":{"rendered":"https:\/\/ismaelcolosi.com.br\/index.php\/2024\/07\/13\/dia-do-rock-baterista-revelacao-de-ribeirao-preto-parte-para-turne-nos-eua\/"},"modified":"2024-07-13T08:30:11","modified_gmt":"2024-07-13T11:30:11","slug":"dia-do-rock-baterista-revelacao-de-ribeirao-preto-parte-para-turne-nos-eua","status":"publish","type":"post","link":"https:\/\/ismaelcolosi.com.br\/index.php\/2024\/07\/13\/dia-do-rock-baterista-revelacao-de-ribeirao-preto-parte-para-turne-nos-eua\/","title":{"rendered":"Dia do Rock: Baterista revela\u00e7\u00e3o de Ribeir\u00e3o Preto parte para turn\u00ea nos EUA"},"content":{"rendered":"<p> <br \/>\n<\/p>\n<div>\n<p>Concentra\u00e7\u00e3o e disciplina s\u00e3o <strong>elementos fundamentais<\/strong> na vida do jovem baterista <strong>Diego Bovo<\/strong>, que parte para os <strong>Estados Unidos<\/strong>, na pr\u00f3xima semana, para uma <strong>sequ\u00eancia de apresenta\u00e7\u00f5es no pa\u00eds<\/strong>.<\/p>\n<p>Aos<strong> 15 anos<\/strong>, o adolescente de <strong>Ribeir\u00e3o Preto<\/strong> vem se destacando no cen\u00e1rio musical devido \u00e0 <strong>habilidade com o instrumento<\/strong>, que adquiriu desde os primeiros anos de vida. <\/p>\n<p>Em entrevista ao <strong>portal acidade on<\/strong>, o garoto contou que ficou <strong>fascinado pelo instrumento e pela m\u00fasica<\/strong>, devido aos shows que assistia atrav\u00e9s do YouTube e DVD\u2019s que possui em sua casa. Al\u00e9m disso, <strong>Diego <\/strong>tamb\u00e9m teve a <strong>influ\u00eancia de seu pai<\/strong>, que \u00e9 m\u00fasico.<\/p>\n<figure class=\"wp-block-pullquote\">\n<blockquote>\n<p>Eu tinha aquelas baterias de brinquedo com um e dois anos. Com tr\u00eas eu ganhei uma bateria profissional<\/p>\n<\/blockquote>\n<\/figure>\n<p>Ao lado do progenitor, o rapaz fez algumas apresenta\u00e7\u00f5es em shoppings e confraterniza\u00e7\u00f5es, o que fez o <strong>cora\u00e7\u00e3o bater mais forte<\/strong> e <strong>sentir a vontade de seguir nessa carreira<\/strong>.<\/p>\n<div class=\"wp-block-image\">\n<figure class=\"aligncenter size-large is-resized\"><img data-recalc-dims=\"1\" loading=\"lazy\" decoding=\"async\" src=\"https:\/\/i0.wp.com\/www.acidadeon.com\/ribeiraopreto\/wp-content\/uploads\/sites\/3\/2024\/07\/Copia-de-Copia-de-TAMANHO-EXATO-PARA-FOTOS-NO-SISTEMA-NOVO-2024-07-12T191844.978_2024-07-12_22-19-57_png_2024-07-12_22-19-57-1024x576.webp?resize=583%2C341&#038;ssl=1\" alt=\"\" class=\"wp-image-87719\" width=\"583\" height=\"341\"\/><figcaption class=\"wp-element-caption\">Diego come\u00e7ou tocar bateria aos tr\u00eas anos. (Foto: arquivo pessoal)<\/figcaption><\/figure>\n<\/div>\n<p>\u201c\u00c9 sempre muito legal [estar em cima dos palcos]. Os locais onde eu toco s\u00e3o sempre muito legais. Eu sempre estudei bastante e fui me desenvolvendo. \u00c9 gratificante\u201d, disse o baterista.<\/p>\n<p><mark style=\"background-color:#fcb900\" class=\"has-inline-color\">Sempre<strong> acompanhado de seus respons\u00e1veis<\/strong>, <strong>Diego <\/strong>j\u00e1 se apresentou nos palcos de <strong>Curitiba (PR)<\/strong>, <strong>Belo Horizonte (MG)<\/strong>,<strong> Londrina (PR)<\/strong>,<strong> S\u00e3o Paulo (SP)<\/strong>,<strong> Goi\u00e2nia (GO) <\/strong>e <strong>Bras\u00edlia<\/strong>, com outros m\u00fasicos de <strong>Ribeir\u00e3o Pret<\/strong><\/mark><strong><mark style=\"background-color:#fcb900\" class=\"has-inline-color\">o <\/mark><\/strong>\u2013 <a href=\"https:\/\/www.instagram.com\/diegobovo_drums\/\" target=\"_blank\" rel=\"noreferrer noopener\">clique aqui e veja as apresenta\u00e7\u00f5es<\/a>.<\/p>\n<h3 class=\"wp-block-heading\"><strong>Turn\u00ea nos Estados Unidos<\/strong><\/h3>\n<p>A<strong> turn\u00ea nos Estados Unidos <\/strong>faz parte de um programa da <strong>School of Rock<\/strong>, escola de m\u00fasica da qual <strong>Diego <\/strong>faz parte. Alunos de <strong>todo o mundo<\/strong> participaram da sele\u00e7\u00e3o e <strong>os melhores foram escolhidos <\/strong>para uma turn\u00ea de ver\u00e3o no pa\u00eds.<\/p>\n<figure class=\"wp-block-pullquote\">\n<blockquote>\n<p>Eu e mais sete brasileiros passamos no concurso, mas sou o \u00fanico de Ribeir\u00e3o. A gente vai tocar em cinco cidades e vamos gravar em um est\u00fadio de Nashville. Tem gente do mundo inteiro. Muitas pessoas s\u00e3o dos Estados Unidos, mas tem gente do Canad\u00e1, da Argentina, do Chile. Estou bem ansioso para turn\u00ea<\/p>\n<\/blockquote>\n<\/figure>\n<p><strong>Diego <\/strong>vai integrar um time com outros cinco bateristas e juntos eles far\u00e3o um revezamento para tocar 19 m\u00fasicas que est\u00e3o no repert\u00f3rio da turn\u00ea. \u201cEu me sinto muito grato pela oportunidade. Sinto que o meu esfor\u00e7o valeu a pena\u201d.<\/p>\n<p>De acordo com a institui\u00e7\u00e3o, os alunos far\u00e3o publicidade durante a turn\u00ea e v\u00e3o se apresentar \u00e0 noite em <strong>locais e festivais famosos<\/strong> durante duas semanas.<\/p>\n<p>As bandas \u2018<strong>AllStars da School of Rock<\/strong>\u2019 j\u00e1 se apresentaram em locais, como Red Rocks, <strong>Lollapalooza<\/strong>, Hangout Music Fest, NAMM, Gathering of the Vines, entre outros.<\/p>\n<figure class=\"wp-block-video\"><video controls=\"\" src=\"https:\/\/www.acidadeon.com\/ribeiraopreto\/wp-content\/uploads\/sites\/3\/2024\/07\/Copia-de-Copia-de-TAMANHO-EXATO-PARA-FOTOS-NO-SISTEMA-NOVO.mp4\"\/><figcaption class=\"wp-element-caption\"><em>V\u00eddeo: arquivo pessoal<\/em><\/figcaption><\/figure>\n<hr class=\"wp-block-separator has-alpha-channel-opacity\"\/>\n<p>SAIBA MAIS<\/p>\n<p>Cidade no interior de SP inaugura o maior bar de gelo da Am\u00e9rica Latina; Veja como visitar<\/p>\n<h4 class=\"wp-block-heading\"><strong>FIQUE ON<\/strong><\/h4>\n<p>Fique ligado em tudo que acontece em Ribeir\u00e3o Preto e regi\u00e3o. Siga os perfis do\u00a0<strong>acidade on\u00a0<\/strong>no\u00a0<a href=\"https:\/\/www.instagram.com\/acidadeonribeirao\" target=\"_blank\" rel=\"noreferrer noopener\">Instagram<\/a>\u00a0e no\u00a0<a href=\"https:\/\/www.facebook.com\/acidadeonribeirao\" target=\"_blank\" rel=\"noreferrer noopener\">Facebook<\/a>.<\/p>\n<p>Receba not\u00edcias do\u00a0<strong>acidade on<\/strong>\u00a0no WhatsApp. Para entrar no grupo, basta\u00a0<a href=\"https:\/\/chat.whatsapp.com\/CdrZ6xrf7quD44Vw3WlPuZ\" target=\"_blank\" rel=\"noreferrer noopener\">clicar aqui<\/a>.<\/p>\n<p>Fa\u00e7a uma den\u00fancia ou sugira uma reportagem sobre Ribeir\u00e3o Preto e regi\u00e3o pelo WhatsApp: 16 99117 7802.<\/p>\n<p>VEJA TAMB\u00c9M<\/p>\n<p>Onde assistir a reprise de \u2018Conversa com Bial\u2019 com Iza?<\/p>\n<p><!-- AI CONTENT END 1 -->\n<\/div>\n<p><script async src=\"\/\/www.instagram.com\/embed.js\"><\/script><br \/>\n<br \/><br \/>\n<br \/><a href=\"https:\/\/www.acidadeon.com\/ribeiraopreto\/cotidiano\/dia-do-rock-baterista-revelacao-de-ribeirao-preto-parte-para-turne-nos-eua\/\">Source link <\/a><\/p>\n<div class='code-block code-block-4' style='margin: 8px auto 8px 0; text-align: left; display: block; clear: both;'>\n\ud83d\udce2 Aviso Legal\n\nO site ismaelcolosi.com.br atua apenas como um canal de divulga\u00e7\u00e3o de oportunidades de emprego e n\u00e3o se responsabiliza pelo processo seletivo, contrata\u00e7\u00e3o ou qualquer outra etapa relacionada \u00e0s vagas publicadas. Todas as informa\u00e7\u00f5es s\u00e3o de responsabilidade dos anunciantes.\n\n\u26a0\ufe0f Aten\u00e7\u00e3o! Nunca pague por promessas de emprego nem compre cursos que garantam contrata\u00e7\u00e3o. Desconfie de qualquer cobran\u00e7a para participar de sele\u00e7\u00f5es.\n\n\n\n<\/div>\n<!-- CONTENT END 1 -->\n","protected":false},"excerpt":{"rendered":"<p>Concentra\u00e7\u00e3o e disciplina s\u00e3o elementos fundamentais na vida do jovem baterista Diego Bovo, que parte para os Estados Unidos, na pr\u00f3xima semana, para uma sequ\u00eancia&#8230;<\/p>\n","protected":false},"author":1,"featured_media":56625,"comment_status":"open","ping_status":"open","sticky":false,"template":"","format":"standard","meta":{"_uag_custom_page_level_css":"","advanced_seo_description":"","jetpack_seo_html_title":"","jetpack_seo_noindex":false,"jetpack_post_was_ever_published":false,"_jetpack_newsletter_access":"","_jetpack_dont_email_post_to_subs":false,"_jetpack_newsletter_tier_id":0,"_jetpack_memberships_contains_paywalled_content":false,"_jetpack_memberships_contains_paid_content":false,"footnotes":"","jetpack_publicize_message":"","jetpack_publicize_feature_enabled":true,"jetpack_social_post_already_shared":true,"jetpack_social_options":{"image_generator_settings":{"template":"highway","default_image_id":0,"font":"","enabled":false},"version":2}},"categories":[11],"tags":[],"class_list":["post-56624","post","type-post","status-publish","format-standard","has-post-thumbnail","hentry","category-noticias-de-ribeirao-preto-sp-e-regiao-ismael-colosi"],"jetpack_publicize_connections":[],"jetpack_featured_media_url":"https:\/\/i0.wp.com\/ismaelcolosi.com.br\/wp-content\/uploads\/2024\/07\/WhatsApp-Image-2024-07-12-at-19.57.26_2024-07-12_22-58-06_jpeg_2024-07-12_22-58-06.webp.webp?fit=749%2C410&ssl=1","uagb_featured_image_src":{"full":["https:\/\/i0.wp.com\/ismaelcolosi.com.br\/wp-content\/uploads\/2024\/07\/WhatsApp-Image-2024-07-12-at-19.57.26_2024-07-12_22-58-06_jpeg_2024-07-12_22-58-06.webp.webp?fit=749%2C410&ssl=1",749,410,false],"thumbnail":["https:\/\/i0.wp.com\/ismaelcolosi.com.br\/wp-content\/uploads\/2024\/07\/WhatsApp-Image-2024-07-12-at-19.57.26_2024-07-12_22-58-06_jpeg_2024-07-12_22-58-06.webp.webp?resize=150%2C150&ssl=1",150,150,true],"medium":["https:\/\/i0.wp.com\/ismaelcolosi.com.br\/wp-content\/uploads\/2024\/07\/WhatsApp-Image-2024-07-12-at-19.57.26_2024-07-12_22-58-06_jpeg_2024-07-12_22-58-06.webp.webp?fit=300%2C164&ssl=1",300,164,true],"medium_large":["https:\/\/i0.wp.com\/ismaelcolosi.com.br\/wp-content\/uploads\/2024\/07\/WhatsApp-Image-2024-07-12-at-19.57.26_2024-07-12_22-58-06_jpeg_2024-07-12_22-58-06.webp.webp?fit=749%2C410&ssl=1",749,410,true],"large":["https:\/\/i0.wp.com\/ismaelcolosi.com.br\/wp-content\/uploads\/2024\/07\/WhatsApp-Image-2024-07-12-at-19.57.26_2024-07-12_22-58-06_jpeg_2024-07-12_22-58-06.webp.webp?fit=749%2C410&ssl=1",749,410,true],"1536x1536":["https:\/\/i0.wp.com\/ismaelcolosi.com.br\/wp-content\/uploads\/2024\/07\/WhatsApp-Image-2024-07-12-at-19.57.26_2024-07-12_22-58-06_jpeg_2024-07-12_22-58-06.webp.webp?fit=749%2C410&ssl=1",749,410,true],"2048x2048":["https:\/\/i0.wp.com\/ismaelcolosi.com.br\/wp-content\/uploads\/2024\/07\/WhatsApp-Image-2024-07-12-at-19.57.26_2024-07-12_22-58-06_jpeg_2024-07-12_22-58-06.webp.webp?fit=749%2C410&ssl=1",749,410,true],"really-simple-thumb":["https:\/\/i0.wp.com\/ismaelcolosi.com.br\/wp-content\/uploads\/2024\/07\/WhatsApp-Image-2024-07-12-at-19.57.26_2024-07-12_22-58-06_jpeg_2024-07-12_22-58-06.webp.webp?resize=370%2C247&ssl=1",370,247,true]},"uagb_author_info":{"display_name":"ismaelcolosi.com.br","author_link":"https:\/\/ismaelcolosi.com.br\/index.php\/author\/vidareal-online\/"},"uagb_comment_info":0,"uagb_excerpt":"Concentra\u00e7\u00e3o e disciplina s\u00e3o elementos fundamentais na vida do jovem baterista Diego Bovo, que parte para os Estados Unidos, na pr\u00f3xima semana, para uma sequ\u00eancia...","jetpack-related-posts":[{"id":45721,"url":"https:\/\/ismaelcolosi.com.br\/index.php\/2024\/04\/05\/rubens-lucchetti-mestre-do-horror-morre-aos-94-anos-em-ribeirao-preto\/","url_meta":{"origin":56624,"position":0},"title":"Rubens Lucchetti, mestre do horror, morre aos 94 anos em Ribeir\u00e3o Preto","author":"ismaelcolosi.com.br","date":"5 de April de 2024","format":false,"excerpt":"O escritor Rubens Francisco Lucchetti morreu, nessa quinta-feira (4), em Ribeir\u00e3o Preto, aos 94 anos. Ele estava internado em um hospital particular da cidade, para tratar um quadro de insufici\u00eancia respirat\u00f3ria. Considerado o mestre do horror no Brasil, Lucchetti nasceu em Santa Rita do Passa Quatro, em janeiro de 1930.\u2026","rel":"","context":"In &quot;Not\u00edcias de Ribeir\u00e3o Preto-SP e Regi\u00e3o&quot;","block_context":{"text":"Not\u00edcias de Ribeir\u00e3o Preto-SP e Regi\u00e3o","link":"https:\/\/ismaelcolosi.com.br\/index.php\/category\/noticias-de-ribeirao-preto-sp-e-regiao-ismael-colosi\/"},"img":{"alt_text":"","src":"https:\/\/i0.wp.com\/ismaelcolosi.com.br\/wp-content\/uploads\/2024\/04\/Copia-de-Copia-de-TAMANHO-EXATO-PARA-FOTOS-NO-SISTEMA-NOVO-9.png?fit=1200%2C675&ssl=1&resize=350%2C200","width":350,"height":200,"srcset":"https:\/\/i0.wp.com\/ismaelcolosi.com.br\/wp-content\/uploads\/2024\/04\/Copia-de-Copia-de-TAMANHO-EXATO-PARA-FOTOS-NO-SISTEMA-NOVO-9.png?fit=1200%2C675&ssl=1&resize=350%2C200 1x, https:\/\/i0.wp.com\/ismaelcolosi.com.br\/wp-content\/uploads\/2024\/04\/Copia-de-Copia-de-TAMANHO-EXATO-PARA-FOTOS-NO-SISTEMA-NOVO-9.png?fit=1200%2C675&ssl=1&resize=525%2C300 1.5x, https:\/\/i0.wp.com\/ismaelcolosi.com.br\/wp-content\/uploads\/2024\/04\/Copia-de-Copia-de-TAMANHO-EXATO-PARA-FOTOS-NO-SISTEMA-NOVO-9.png?fit=1200%2C675&ssl=1&resize=700%2C400 2x, https:\/\/i0.wp.com\/ismaelcolosi.com.br\/wp-content\/uploads\/2024\/04\/Copia-de-Copia-de-TAMANHO-EXATO-PARA-FOTOS-NO-SISTEMA-NOVO-9.png?fit=1200%2C675&ssl=1&resize=1050%2C600 3x"},"classes":[]},{"id":42114,"url":"https:\/\/ismaelcolosi.com.br\/index.php\/2024\/03\/12\/oswaldo-montenegro-celebra-50-anos-de-carreira-com-turne-especial-em-ribeirao-preto\/","url_meta":{"origin":56624,"position":1},"title":"Oswaldo Montenegro celebra 50 anos de carreira com turn\u00ea especial em Ribeir\u00e3o Preto","author":"ismaelcolosi.com.br","date":"12 de March de 2024","format":false,"excerpt":"O cantor e compositor Oswaldo Montenegro vem a Ribeir\u00e3o Preto com o show \u2018Celebrando 50 anos de Estrada\u2019, no dia 25 de maio, no Theatro Pedro II, no Centro da cidade. Os ingressos podem ser adquiridos on-line (clique aqui) ou bilheteria do Theatro \u2013 clique para conferir o hor\u00e1rio de\u2026","rel":"","context":"In &quot;Not\u00edcias de Ribeir\u00e3o Preto-SP e Regi\u00e3o&quot;","block_context":{"text":"Not\u00edcias de Ribeir\u00e3o Preto-SP e Regi\u00e3o","link":"https:\/\/ismaelcolosi.com.br\/index.php\/category\/noticias-de-ribeirao-preto-sp-e-regiao-ismael-colosi\/"},"img":{"alt_text":"","src":"https:\/\/i0.wp.com\/ismaelcolosi.com.br\/wp-content\/uploads\/2024\/03\/OswaldoMontenegrofazshowcomorquestraemRibeiroPreto_Tamanho_2_image.jpg?fit=1200%2C900&ssl=1&resize=350%2C200","width":350,"height":200,"srcset":"https:\/\/i0.wp.com\/ismaelcolosi.com.br\/wp-content\/uploads\/2024\/03\/OswaldoMontenegrofazshowcomorquestraemRibeiroPreto_Tamanho_2_image.jpg?fit=1200%2C900&ssl=1&resize=350%2C200 1x, https:\/\/i0.wp.com\/ismaelcolosi.com.br\/wp-content\/uploads\/2024\/03\/OswaldoMontenegrofazshowcomorquestraemRibeiroPreto_Tamanho_2_image.jpg?fit=1200%2C900&ssl=1&resize=525%2C300 1.5x, https:\/\/i0.wp.com\/ismaelcolosi.com.br\/wp-content\/uploads\/2024\/03\/OswaldoMontenegrofazshowcomorquestraemRibeiroPreto_Tamanho_2_image.jpg?fit=1200%2C900&ssl=1&resize=700%2C400 2x, https:\/\/i0.wp.com\/ismaelcolosi.com.br\/wp-content\/uploads\/2024\/03\/OswaldoMontenegrofazshowcomorquestraemRibeiroPreto_Tamanho_2_image.jpg?fit=1200%2C900&ssl=1&resize=1050%2C600 3x"},"classes":[]},{"id":43267,"url":"https:\/\/ismaelcolosi.com.br\/index.php\/2024\/03\/20\/sesi-ribeirao-recebe-espetaculo-gratuito-inspirado-nas-festas-dos-anos-60\/","url_meta":{"origin":56624,"position":2},"title":"Sesi Ribeir\u00e3o recebe espet\u00e1culo gratuito inspirado nas festas dos anos 60","author":"ismaelcolosi.com.br","date":"20 de March de 2024","format":false,"excerpt":"No pr\u00f3ximo domingo (24), o Teatro Sesi de Ribeir\u00e3o Preto recebe o show gratuito \u201cMundo Negro\u201d, inspirado nos \u2018Bailes Black\u2019, festas do final da d\u00e9cada de 60. Os interessados podem reservar o ingresso pela internet (Clique aqui). A apresenta\u00e7\u00e3o conta com um repert\u00f3rio recheado de grandes nomes da m\u00fasica como:\u2026","rel":"","context":"In &quot;Not\u00edcias de Ribeir\u00e3o Preto-SP e Regi\u00e3o&quot;","block_context":{"text":"Not\u00edcias de Ribeir\u00e3o Preto-SP e Regi\u00e3o","link":"https:\/\/ismaelcolosi.com.br\/index.php\/category\/noticias-de-ribeirao-preto-sp-e-regiao-ismael-colosi\/"},"img":{"alt_text":"","src":"https:\/\/i0.wp.com\/ismaelcolosi.com.br\/wp-content\/uploads\/2024\/03\/52557169734_f918a908aa_o-scaled.jpg?fit=1200%2C800&ssl=1&resize=350%2C200","width":350,"height":200,"srcset":"https:\/\/i0.wp.com\/ismaelcolosi.com.br\/wp-content\/uploads\/2024\/03\/52557169734_f918a908aa_o-scaled.jpg?fit=1200%2C800&ssl=1&resize=350%2C200 1x, https:\/\/i0.wp.com\/ismaelcolosi.com.br\/wp-content\/uploads\/2024\/03\/52557169734_f918a908aa_o-scaled.jpg?fit=1200%2C800&ssl=1&resize=525%2C300 1.5x, https:\/\/i0.wp.com\/ismaelcolosi.com.br\/wp-content\/uploads\/2024\/03\/52557169734_f918a908aa_o-scaled.jpg?fit=1200%2C800&ssl=1&resize=700%2C400 2x, https:\/\/i0.wp.com\/ismaelcolosi.com.br\/wp-content\/uploads\/2024\/03\/52557169734_f918a908aa_o-scaled.jpg?fit=1200%2C800&ssl=1&resize=1050%2C600 3x"},"classes":[]},{"id":56269,"url":"https:\/\/ismaelcolosi.com.br\/index.php\/2024\/07\/10\/morre-o-artista-plastico-thirso-cruz-autor-de-diversas-esculturas-por-ribeirao-preto\/","url_meta":{"origin":56624,"position":3},"title":"Morre o artista pl\u00e1stico Thirso Cruz, autor de diversas esculturas por Ribeir\u00e3o Preto","author":"ismaelcolosi.com.br","date":"10 de July de 2024","format":false,"excerpt":"Morreu em Ribeir\u00e3o Preto, na \u00faltima ter\u00e7a-feira (9), o artista pl\u00e1stico Thirso Cruz, autor de esculturas como o \u201cTrabalhador do Caf\u00e9\u201d, na entrada da avenida do Caf\u00e9, e do \u201cMotoqueiro\u201d, da pra\u00e7a da B\u00edblia. Thirso Cruz tinha 86 anos e no final de junho foi internado em um hospital de\u2026","rel":"","context":"In &quot;Not\u00edcias de Ribeir\u00e3o Preto-SP e Regi\u00e3o&quot;","block_context":{"text":"Not\u00edcias de Ribeir\u00e3o Preto-SP e Regi\u00e3o","link":"https:\/\/ismaelcolosi.com.br\/index.php\/category\/noticias-de-ribeirao-preto-sp-e-regiao-ismael-colosi\/"},"img":{"alt_text":"","src":"https:\/\/i0.wp.com\/ismaelcolosi.com.br\/wp-content\/uploads\/2024\/07\/thirso-cruz_2024-07-10_18-20-41_jpeg_2024-07-10_18-20-42.webp.webp?fit=1200%2C674&ssl=1&resize=350%2C200","width":350,"height":200,"srcset":"https:\/\/i0.wp.com\/ismaelcolosi.com.br\/wp-content\/uploads\/2024\/07\/thirso-cruz_2024-07-10_18-20-41_jpeg_2024-07-10_18-20-42.webp.webp?fit=1200%2C674&ssl=1&resize=350%2C200 1x, https:\/\/i0.wp.com\/ismaelcolosi.com.br\/wp-content\/uploads\/2024\/07\/thirso-cruz_2024-07-10_18-20-41_jpeg_2024-07-10_18-20-42.webp.webp?fit=1200%2C674&ssl=1&resize=525%2C300 1.5x, https:\/\/i0.wp.com\/ismaelcolosi.com.br\/wp-content\/uploads\/2024\/07\/thirso-cruz_2024-07-10_18-20-41_jpeg_2024-07-10_18-20-42.webp.webp?fit=1200%2C674&ssl=1&resize=700%2C400 2x, https:\/\/i0.wp.com\/ismaelcolosi.com.br\/wp-content\/uploads\/2024\/07\/thirso-cruz_2024-07-10_18-20-41_jpeg_2024-07-10_18-20-42.webp.webp?fit=1200%2C674&ssl=1&resize=1050%2C600 3x"},"classes":[]},{"id":55823,"url":"https:\/\/ismaelcolosi.com.br\/index.php\/2024\/07\/05\/artista-lanca-livro-infantil-com-exemplares-gratuitos-em-ribeirao-preto\/","url_meta":{"origin":56624,"position":4},"title":"Artista lan\u00e7a livro infantil com exemplares gratuitos em Ribeir\u00e3o Preto","author":"ismaelcolosi.com.br","date":"5 de July de 2024","format":false,"excerpt":"A artista Marina Dias lan\u00e7a neste s\u00e1bado\u00a0 (6) o livro \u201cCores em Festa\u201d, no Ateli\u00ea Marina Dias, em Ribeir\u00e3o Preto, das 9h \u00e0s 13h. Quem passar pelo local receber\u00e1 um exemplar gratuito, al\u00e9m de ver a exposi\u00e7\u00e3o com as ilustra\u00e7\u00f5es originais e imagens que inspiraram a ilustradora a compor o\u2026","rel":"","context":"In &quot;Not\u00edcias de Ribeir\u00e3o Preto-SP e Regi\u00e3o&quot;","block_context":{"text":"Not\u00edcias de Ribeir\u00e3o Preto-SP e Regi\u00e3o","link":"https:\/\/ismaelcolosi.com.br\/index.php\/category\/noticias-de-ribeirao-preto-sp-e-regiao-ismael-colosi\/"},"img":{"alt_text":"","src":"https:\/\/i0.wp.com\/ismaelcolosi.com.br\/wp-content\/uploads\/2024\/07\/marina-dias_2024-07-05_20-07-39_jpeg_2024-07-05_20-07-40.webp.webp?fit=1200%2C800&ssl=1&resize=350%2C200","width":350,"height":200,"srcset":"https:\/\/i0.wp.com\/ismaelcolosi.com.br\/wp-content\/uploads\/2024\/07\/marina-dias_2024-07-05_20-07-39_jpeg_2024-07-05_20-07-40.webp.webp?fit=1200%2C800&ssl=1&resize=350%2C200 1x, https:\/\/i0.wp.com\/ismaelcolosi.com.br\/wp-content\/uploads\/2024\/07\/marina-dias_2024-07-05_20-07-39_jpeg_2024-07-05_20-07-40.webp.webp?fit=1200%2C800&ssl=1&resize=525%2C300 1.5x, https:\/\/i0.wp.com\/ismaelcolosi.com.br\/wp-content\/uploads\/2024\/07\/marina-dias_2024-07-05_20-07-39_jpeg_2024-07-05_20-07-40.webp.webp?fit=1200%2C800&ssl=1&resize=700%2C400 2x, https:\/\/i0.wp.com\/ismaelcolosi.com.br\/wp-content\/uploads\/2024\/07\/marina-dias_2024-07-05_20-07-39_jpeg_2024-07-05_20-07-40.webp.webp?fit=1200%2C800&ssl=1&resize=1050%2C600 3x"},"classes":[]},{"id":45372,"url":"https:\/\/ismaelcolosi.com.br\/index.php\/2024\/04\/03\/tudo-sobre-o-show-de-victor-e-leo-neste-final-de-semana-em-ribeirao-preto\/","url_meta":{"origin":56624,"position":5},"title":"Tudo sobre o show de Victor e Leo neste final de semana em Ribeir\u00e3o Preto","author":"ismaelcolosi.com.br","date":"3 de April de 2024","format":false,"excerpt":"A dupla sertaneja Victor e Leo se apresenta, neste s\u00e1bado (6), em Ribeir\u00e3o Preto. A apresenta\u00e7\u00e3o faz parte da turn\u00ea \u201cNossa Hist\u00f3ria n\u00e3o termina aqui\u201d, que marca o retorno da dupla aos palcos. Os cantores s\u00e3o respons\u00e1veis por m\u00fasicas como \u201cDeus e eu no Sert\u00e3o\u201c, \u201cVida Boa\u201c, \u201cBorboletas\u201c, \u201cFada\u201c, entre\u2026","rel":"","context":"In &quot;Not\u00edcias de Ribeir\u00e3o Preto-SP e Regi\u00e3o&quot;","block_context":{"text":"Not\u00edcias de Ribeir\u00e3o Preto-SP e Regi\u00e3o","link":"https:\/\/ismaelcolosi.com.br\/index.php\/category\/noticias-de-ribeirao-preto-sp-e-regiao-ismael-colosi\/"},"img":{"alt_text":"","src":"https:\/\/i0.wp.com\/ismaelcolosi.com.br\/wp-content\/uploads\/2024\/04\/387267941_857011422480642_5547308991292430978_n.jpg?fit=1080%2C720&ssl=1&resize=350%2C200","width":350,"height":200,"srcset":"https:\/\/i0.wp.com\/ismaelcolosi.com.br\/wp-content\/uploads\/2024\/04\/387267941_857011422480642_5547308991292430978_n.jpg?fit=1080%2C720&ssl=1&resize=350%2C200 1x, https:\/\/i0.wp.com\/ismaelcolosi.com.br\/wp-content\/uploads\/2024\/04\/387267941_857011422480642_5547308991292430978_n.jpg?fit=1080%2C720&ssl=1&resize=525%2C300 1.5x, https:\/\/i0.wp.com\/ismaelcolosi.com.br\/wp-content\/uploads\/2024\/04\/387267941_857011422480642_5547308991292430978_n.jpg?fit=1080%2C720&ssl=1&resize=700%2C400 2x, https:\/\/i0.wp.com\/ismaelcolosi.com.br\/wp-content\/uploads\/2024\/04\/387267941_857011422480642_5547308991292430978_n.jpg?fit=1080%2C720&ssl=1&resize=1050%2C600 3x"},"classes":[]}],"jetpack_sharing_enabled":true,"jetpack_shortlink":"https:\/\/wp.me\/pfMlyK-eJi","_links":{"self":[{"href":"https:\/\/ismaelcolosi.com.br\/index.php\/wp-json\/wp\/v2\/posts\/56624","targetHints":{"allow":["GET"]}}],"collection":[{"href":"https:\/\/ismaelcolosi.com.br\/index.php\/wp-json\/wp\/v2\/posts"}],"about":[{"href":"https:\/\/ismaelcolosi.com.br\/index.php\/wp-json\/wp\/v2\/types\/post"}],"author":[{"embeddable":true,"href":"https:\/\/ismaelcolosi.com.br\/index.php\/wp-json\/wp\/v2\/users\/1"}],"replies":[{"embeddable":true,"href":"https:\/\/ismaelcolosi.com.br\/index.php\/wp-json\/wp\/v2\/comments?post=56624"}],"version-history":[{"count":0,"href":"https:\/\/ismaelcolosi.com.br\/index.php\/wp-json\/wp\/v2\/posts\/56624\/revisions"}],"wp:featuredmedia":[{"embeddable":true,"href":"https:\/\/ismaelcolosi.com.br\/index.php\/wp-json\/wp\/v2\/media\/56625"}],"wp:attachment":[{"href":"https:\/\/ismaelcolosi.com.br\/index.php\/wp-json\/wp\/v2\/media?parent=56624"}],"wp:term":[{"taxonomy":"category","embeddable":true,"href":"https:\/\/ismaelcolosi.com.br\/index.php\/wp-json\/wp\/v2\/categories?post=56624"},{"taxonomy":"post_tag","embeddable":true,"href":"https:\/\/ismaelcolosi.com.br\/index.php\/wp-json\/wp\/v2\/tags?post=56624"}],"curies":[{"name":"wp","href":"https:\/\/api.w.org\/{rel}","templated":true}]}}