{"id":56616,"date":"2024-07-12T23:20:16","date_gmt":"2024-07-13T02:20:16","guid":{"rendered":"https:\/\/ismaelcolosi.com.br\/index.php\/2024\/07\/12\/botafogo-perde-para-o-amazonas-em-ribeirao-preto-e-se-aproxima-da-zona-de-rebaixamento\/"},"modified":"2024-07-12T23:20:16","modified_gmt":"2024-07-13T02:20:16","slug":"botafogo-perde-para-o-amazonas-em-ribeirao-preto-e-se-aproxima-da-zona-de-rebaixamento","status":"publish","type":"post","link":"https:\/\/ismaelcolosi.com.br\/index.php\/2024\/07\/12\/botafogo-perde-para-o-amazonas-em-ribeirao-preto-e-se-aproxima-da-zona-de-rebaixamento\/","title":{"rendered":"Botafogo perde para o Amazonas em Ribeir\u00e3o Preto e se aproxima da zona de rebaixamento"},"content":{"rendered":"<p> <br \/>\n<\/p>\n<div data-td-block-uid=\"tdi_106\">\n<div class=\"tdb-block-inner td-fix-index\">\n<p>O <strong>Botafogo <\/strong>perdeu por 1 a 0 para o <strong>Amazonas<\/strong>, na noite desta sexta-feira (12), pela 15\u00aa rodada do <strong>Campeonato Brasileiro S\u00e9rie B<\/strong>. A partida aconteceu no est\u00e1dio Santa Cruz, em <strong>Ribeir\u00e3o Preto.<\/strong> \u00a0<\/p>\n<p>O \u00fanico gol da noite foi marcado pelo volante <strong>Barros<\/strong>, aos 19 minutos do primeiro tempo. Com o resultado, o <strong>time visitante consegue a primeira vit\u00f3ria fora de casa<\/strong> <strong>nesta competi\u00e7\u00e3o <\/strong>e ocupa a 13\u00aa posi\u00e7\u00e3o na tabela.\u00a0<\/p>\n<p><mark style=\"background-color:#fcb900\" class=\"has-inline-color\">O <strong>Pantera <\/strong>acumula <strong>tr\u00eas jogos consecutivos sem vit\u00f3ria <\/strong>e est\u00e1 pr\u00f3ximo de voltar para a <strong>zona de rebaixamento<\/strong>, j\u00e1 que ocupa a <strong>16\u00aa posi\u00e7\u00e3o<\/strong>, com 17 pontos da competi\u00e7\u00e3o.\u00a0<\/mark><\/p>\n<p>O pr\u00f3ximo jogo do <strong>Botafogo <\/strong>na <strong>S\u00e9rie B<\/strong> \u00e9 contra o <strong>CRB<\/strong>, na quarta-feira (17), \u00e0s 20h30, no est\u00e1dio Rei Pel\u00e9, em Macei\u00f3 (AL). \u00a0<\/p>\n<p>Contudo, o time joga neste domingo (14), pela<strong> Copa Paulista<\/strong>, contra o <strong>Francana<\/strong>. A disputa ser\u00e1 no est\u00e1dio Dr. Lancha Filho, em Franca. \u00a0<\/p>\n<hr class=\"wp-block-separator has-alpha-channel-opacity\"\/>\n<p>SAIBA MAIS<\/p>\n<p>Saiba quem \u00e9 o dono da bandeira do Botafogo nos jogos da Eurocopa<\/p>\n<h4 class=\"wp-block-heading\"><strong>FIQUE ON<\/strong><\/h4>\n<p>Fique ligado em tudo que acontece em Ribeir\u00e3o Preto e regi\u00e3o. Siga os perfis do\u00a0<strong>acidade on\u00a0<\/strong>no\u00a0<a href=\"https:\/\/www.instagram.com\/acidadeonribeirao\" target=\"_blank\" rel=\"noreferrer noopener\">Instagram\u00a0<\/a>e no\u00a0<a href=\"https:\/\/www.facebook.com\/acidadeonribeirao\/\" target=\"_blank\" rel=\"noreferrer noopener\">Facebook<\/a>.<\/p>\n<p>Receba not\u00edcias do<strong>\u00a0acidade on\u00a0<\/strong>no WhatsApp.\u00a0<a href=\"https:\/\/chat.whatsapp.com\/CdrZ6xrf7quD44Vw3WlPuZ\" target=\"_blank\" rel=\"noreferrer noopener\">Para entrar no grupo, basta clicar aqui.<\/a><\/p>\n<p>Fa\u00e7a uma den\u00fancia ou sugira uma reportagem sobre Ribeir\u00e3o Preto e regi\u00e3o pelo WhatsApp: 16 99117 7802.<\/p>\n<p>VEJA TAMB\u00c9M<\/p>\n<p>Wanessa Camargo desabafa sobre gravidez da madrasta<\/p>\n<p><!-- AI CONTENT END 1 -->\n<\/div>\n<\/div>\n<p><script async src=\"\/\/www.instagram.com\/embed.js\"><\/script><br \/>\n<br \/><br \/>\n<br \/><a href=\"https:\/\/www.acidadeon.com\/ribeiraopreto\/esportes\/botafogo-perde-para-o-amazonas-em-ribeirao-preto-e-se-aproxima-da-zona-de-rebaixamento\/\">Source link <\/a><\/p>\n<div class='code-block code-block-4' style='margin: 8px auto 8px 0; text-align: left; display: block; clear: both;'>\n\ud83d\udce2 Aviso Legal\n\nO site ismaelcolosi.com.br atua apenas como um canal de divulga\u00e7\u00e3o de oportunidades de emprego e n\u00e3o se responsabiliza pelo processo seletivo, contrata\u00e7\u00e3o ou qualquer outra etapa relacionada \u00e0s vagas publicadas. Todas as informa\u00e7\u00f5es s\u00e3o de responsabilidade dos anunciantes.\n\n\u26a0\ufe0f Aten\u00e7\u00e3o! Nunca pague por promessas de emprego nem compre cursos que garantam contrata\u00e7\u00e3o. Desconfie de qualquer cobran\u00e7a para participar de sele\u00e7\u00f5es.\n\n\n\n<\/div>\n<!-- CONTENT END 1 -->\n","protected":false},"excerpt":{"rendered":"<p>O Botafogo perdeu por 1 a 0 para o Amazonas, na noite desta sexta-feira (12), pela 15\u00aa rodada do Campeonato Brasileiro S\u00e9rie B. A partida&#8230;<\/p>\n","protected":false},"author":1,"featured_media":56617,"comment_status":"open","ping_status":"open","sticky":false,"template":"","format":"standard","meta":{"_uag_custom_page_level_css":"","advanced_seo_description":"","jetpack_seo_html_title":"","jetpack_seo_noindex":false,"jetpack_post_was_ever_published":false,"_jetpack_newsletter_access":"","_jetpack_dont_email_post_to_subs":false,"_jetpack_newsletter_tier_id":0,"_jetpack_memberships_contains_paywalled_content":false,"_jetpack_memberships_contains_paid_content":false,"footnotes":"","jetpack_publicize_message":"","jetpack_publicize_feature_enabled":true,"jetpack_social_post_already_shared":true,"jetpack_social_options":{"image_generator_settings":{"template":"highway","default_image_id":0,"font":"","enabled":false},"version":2}},"categories":[11],"tags":[],"class_list":["post-56616","post","type-post","status-publish","format-standard","has-post-thumbnail","hentry","category-noticias-de-ribeirao-preto-sp-e-regiao-ismael-colosi"],"jetpack_publicize_connections":[],"jetpack_featured_media_url":"https:\/\/i0.wp.com\/ismaelcolosi.com.br\/wp-content\/uploads\/2024\/07\/WhatsApp-Image-2024-07-12-at-22.52.31_2024-07-13_02-01-19_jpeg_2024-07-13_02-01-19.webp.webp?fit=1600%2C1066&ssl=1","uagb_featured_image_src":{"full":["https:\/\/i0.wp.com\/ismaelcolosi.com.br\/wp-content\/uploads\/2024\/07\/WhatsApp-Image-2024-07-12-at-22.52.31_2024-07-13_02-01-19_jpeg_2024-07-13_02-01-19.webp.webp?fit=1600%2C1066&ssl=1",1600,1066,false],"thumbnail":["https:\/\/i0.wp.com\/ismaelcolosi.com.br\/wp-content\/uploads\/2024\/07\/WhatsApp-Image-2024-07-12-at-22.52.31_2024-07-13_02-01-19_jpeg_2024-07-13_02-01-19.webp.webp?resize=150%2C150&ssl=1",150,150,true],"medium":["https:\/\/i0.wp.com\/ismaelcolosi.com.br\/wp-content\/uploads\/2024\/07\/WhatsApp-Image-2024-07-12-at-22.52.31_2024-07-13_02-01-19_jpeg_2024-07-13_02-01-19.webp.webp?fit=300%2C200&ssl=1",300,200,true],"medium_large":["https:\/\/i0.wp.com\/ismaelcolosi.com.br\/wp-content\/uploads\/2024\/07\/WhatsApp-Image-2024-07-12-at-22.52.31_2024-07-13_02-01-19_jpeg_2024-07-13_02-01-19.webp.webp?fit=768%2C512&ssl=1",768,512,true],"large":["https:\/\/i0.wp.com\/ismaelcolosi.com.br\/wp-content\/uploads\/2024\/07\/WhatsApp-Image-2024-07-12-at-22.52.31_2024-07-13_02-01-19_jpeg_2024-07-13_02-01-19.webp.webp?fit=1024%2C682&ssl=1",1024,682,true],"1536x1536":["https:\/\/i0.wp.com\/ismaelcolosi.com.br\/wp-content\/uploads\/2024\/07\/WhatsApp-Image-2024-07-12-at-22.52.31_2024-07-13_02-01-19_jpeg_2024-07-13_02-01-19.webp.webp?fit=1536%2C1023&ssl=1",1536,1023,true],"2048x2048":["https:\/\/i0.wp.com\/ismaelcolosi.com.br\/wp-content\/uploads\/2024\/07\/WhatsApp-Image-2024-07-12-at-22.52.31_2024-07-13_02-01-19_jpeg_2024-07-13_02-01-19.webp.webp?fit=1600%2C1066&ssl=1",1600,1066,true],"really-simple-thumb":["https:\/\/i0.wp.com\/ismaelcolosi.com.br\/wp-content\/uploads\/2024\/07\/WhatsApp-Image-2024-07-12-at-22.52.31_2024-07-13_02-01-19_jpeg_2024-07-13_02-01-19.webp.webp?resize=370%2C247&ssl=1",370,247,true]},"uagb_author_info":{"display_name":"ismaelcolosi.com.br","author_link":"https:\/\/ismaelcolosi.com.br\/index.php\/author\/vidareal-online\/"},"uagb_comment_info":0,"uagb_excerpt":"O Botafogo perdeu por 1 a 0 para o Amazonas, na noite desta sexta-feira (12), pela 15\u00aa rodada do Campeonato Brasileiro S\u00e9rie B. A partida...","jetpack-related-posts":[{"id":50160,"url":"https:\/\/ismaelcolosi.com.br\/index.php\/2024\/05\/14\/botafogo-empata-com-a-chapecoense-em-partida-realizada-em-ribeirao-preto\/","url_meta":{"origin":56616,"position":0},"title":"Botafogo empata com a Chapecoense em partida realizada em Ribeir\u00e3o Preto","author":"ismaelcolosi.com.br","date":"14 de May de 2024","format":false,"excerpt":"O Botafogo empatou em 0 a 0 com a Chapecoense, na noite desta ter\u00e7a-feira (14), em disputa realizada no est\u00e1dio Santa Cruz Arena NicNet, em Ribeir\u00e3o Preto. Essa foi a quinta rodada do Campeonato Brasileiro S\u00e9rie B. O Tricolor n\u00e3o possui nenhuma vit\u00f3ria na competi\u00e7\u00e3o e ocupa o 16\u00b0 lugar\u2026","rel":"","context":"In &quot;Not\u00edcias de Ribeir\u00e3o Preto-SP e Regi\u00e3o&quot;","block_context":{"text":"Not\u00edcias de Ribeir\u00e3o Preto-SP e Regi\u00e3o","link":"https:\/\/ismaelcolosi.com.br\/index.php\/category\/noticias-de-ribeirao-preto-sp-e-regiao-ismael-colosi\/"},"img":{"alt_text":"","src":"https:\/\/i0.wp.com\/ismaelcolosi.com.br\/wp-content\/uploads\/2024\/05\/WhatsApp-Image-2024-05-14-at-22.29.34_2024-05-15_02-12-55_jpeg_2024-05-15_02-12-55.webp.webp?fit=1200%2C800&ssl=1&resize=350%2C200","width":350,"height":200,"srcset":"https:\/\/i0.wp.com\/ismaelcolosi.com.br\/wp-content\/uploads\/2024\/05\/WhatsApp-Image-2024-05-14-at-22.29.34_2024-05-15_02-12-55_jpeg_2024-05-15_02-12-55.webp.webp?fit=1200%2C800&ssl=1&resize=350%2C200 1x, https:\/\/i0.wp.com\/ismaelcolosi.com.br\/wp-content\/uploads\/2024\/05\/WhatsApp-Image-2024-05-14-at-22.29.34_2024-05-15_02-12-55_jpeg_2024-05-15_02-12-55.webp.webp?fit=1200%2C800&ssl=1&resize=525%2C300 1.5x, https:\/\/i0.wp.com\/ismaelcolosi.com.br\/wp-content\/uploads\/2024\/05\/WhatsApp-Image-2024-05-14-at-22.29.34_2024-05-15_02-12-55_jpeg_2024-05-15_02-12-55.webp.webp?fit=1200%2C800&ssl=1&resize=700%2C400 2x, https:\/\/i0.wp.com\/ismaelcolosi.com.br\/wp-content\/uploads\/2024\/05\/WhatsApp-Image-2024-05-14-at-22.29.34_2024-05-15_02-12-55_jpeg_2024-05-15_02-12-55.webp.webp?fit=1200%2C800&ssl=1&resize=1050%2C600 3x"},"classes":[]},{"id":57099,"url":"https:\/\/ismaelcolosi.com.br\/index.php\/2024\/07\/17\/botafogo-e-goleado-e-volta-para-zona-de-rebaixamento-na-serie-b\/","url_meta":{"origin":56616,"position":1},"title":"Botafogo \u00e9 goleado e volta para zona de rebaixamento na S\u00e9rie B","author":"ismaelcolosi.com.br","date":"17 de July de 2024","format":false,"excerpt":"O Botafogo perdeu a terceira partida consecutiva pelo Campeonato Brasileiro da S\u00e9rie B e voltou para zona de rebaixamento. A equipe de Ribeir\u00e3o Preto foi derrotada por 4 a 1 para o CRB na noite desta quarta-feira (17), no est\u00e1dio Rei Pel\u00e9, em Macei\u00f3-AL. Os gols O Botafogo abriu o\u2026","rel":"","context":"In &quot;Not\u00edcias de Ribeir\u00e3o Preto-SP e Regi\u00e3o&quot;","block_context":{"text":"Not\u00edcias de Ribeir\u00e3o Preto-SP e Regi\u00e3o","link":"https:\/\/ismaelcolosi.com.br\/index.php\/category\/noticias-de-ribeirao-preto-sp-e-regiao-ismael-colosi\/"},"img":{"alt_text":"","src":"https:\/\/i0.wp.com\/ismaelcolosi.com.br\/wp-content\/uploads\/2024\/07\/crb-botafogo-sp_2024-07-18_00-56-20_jpeg_2024-07-18_00-56-20.webp.webp?fit=1200%2C800&ssl=1&resize=350%2C200","width":350,"height":200,"srcset":"https:\/\/i0.wp.com\/ismaelcolosi.com.br\/wp-content\/uploads\/2024\/07\/crb-botafogo-sp_2024-07-18_00-56-20_jpeg_2024-07-18_00-56-20.webp.webp?fit=1200%2C800&ssl=1&resize=350%2C200 1x, https:\/\/i0.wp.com\/ismaelcolosi.com.br\/wp-content\/uploads\/2024\/07\/crb-botafogo-sp_2024-07-18_00-56-20_jpeg_2024-07-18_00-56-20.webp.webp?fit=1200%2C800&ssl=1&resize=525%2C300 1.5x, https:\/\/i0.wp.com\/ismaelcolosi.com.br\/wp-content\/uploads\/2024\/07\/crb-botafogo-sp_2024-07-18_00-56-20_jpeg_2024-07-18_00-56-20.webp.webp?fit=1200%2C800&ssl=1&resize=700%2C400 2x, https:\/\/i0.wp.com\/ismaelcolosi.com.br\/wp-content\/uploads\/2024\/07\/crb-botafogo-sp_2024-07-18_00-56-20_jpeg_2024-07-18_00-56-20.webp.webp?fit=1200%2C800&ssl=1&resize=1050%2C600 3x"},"classes":[]},{"id":57429,"url":"https:\/\/ismaelcolosi.com.br\/index.php\/2024\/07\/21\/botafogo-empata-com-o-brusque-e-segue-na-zona-de-rebaixamento-na-serie-b\/","url_meta":{"origin":56616,"position":2},"title":"Botafogo empata com o Brusque e segue na zona de rebaixamento na S\u00e9rie B","author":"ismaelcolosi.com.br","date":"21 de July de 2024","format":false,"excerpt":"O Botafogo empatou em 2 a 2 com o Brusque na noite deste domingo (21), pelo Campeonato Brasileiro da S\u00e9rie B. O confronto foi realizado no est\u00e1dio Santa Cruz\/Arena Nicnet, em Ribeir\u00e3o Preto. O Pantera segue na zona de rebaixamento. Os gols O Botafogo abriu o placar aos 8 minutos\u2026","rel":"","context":"In &quot;Not\u00edcias de Ribeir\u00e3o Preto-SP e Regi\u00e3o&quot;","block_context":{"text":"Not\u00edcias de Ribeir\u00e3o Preto-SP e Regi\u00e3o","link":"https:\/\/ismaelcolosi.com.br\/index.php\/category\/noticias-de-ribeirao-preto-sp-e-regiao-ismael-colosi\/"},"img":{"alt_text":"","src":"https:\/\/i0.wp.com\/ismaelcolosi.com.br\/wp-content\/uploads\/2024\/07\/Botafogo-brusque_2024-07-21_23-16-11_jpeg_2024-07-21_23-16-12.webp.webp?fit=1200%2C800&ssl=1&resize=350%2C200","width":350,"height":200,"srcset":"https:\/\/i0.wp.com\/ismaelcolosi.com.br\/wp-content\/uploads\/2024\/07\/Botafogo-brusque_2024-07-21_23-16-11_jpeg_2024-07-21_23-16-12.webp.webp?fit=1200%2C800&ssl=1&resize=350%2C200 1x, https:\/\/i0.wp.com\/ismaelcolosi.com.br\/wp-content\/uploads\/2024\/07\/Botafogo-brusque_2024-07-21_23-16-11_jpeg_2024-07-21_23-16-12.webp.webp?fit=1200%2C800&ssl=1&resize=525%2C300 1.5x, https:\/\/i0.wp.com\/ismaelcolosi.com.br\/wp-content\/uploads\/2024\/07\/Botafogo-brusque_2024-07-21_23-16-11_jpeg_2024-07-21_23-16-12.webp.webp?fit=1200%2C800&ssl=1&resize=700%2C400 2x, https:\/\/i0.wp.com\/ismaelcolosi.com.br\/wp-content\/uploads\/2024\/07\/Botafogo-brusque_2024-07-21_23-16-11_jpeg_2024-07-21_23-16-12.webp.webp?fit=1200%2C800&ssl=1&resize=1050%2C600 3x"},"classes":[]},{"id":49599,"url":"https:\/\/ismaelcolosi.com.br\/index.php\/2024\/05\/11\/botafogo-e-derrotado-pelo-guarani-e-entra-no-z4-da-serie-b\/","url_meta":{"origin":56616,"position":3},"title":"Botafogo \u00e9 derrotado pelo Guarani e entra no Z4 da S\u00e9rie B","author":"ismaelcolosi.com.br","date":"11 de May de 2024","format":false,"excerpt":"O Botafogo foi derrotado pelo Guarani por 2 a 0 neste s\u00e1bado (11), pela quarta rodada do Campeonato Brasileiro S\u00e9rie B, em jogo realizado no est\u00e1dio Brinco de Ouro da Princesa, em Campinas. Essa foi a primeira vit\u00f3ria do Guarani na competi\u00e7\u00e3o, contudo, est\u00e1 em 16\u00ba lugar na tabela. At\u00e9\u2026","rel":"","context":"In &quot;Not\u00edcias de Ribeir\u00e3o Preto-SP e Regi\u00e3o&quot;","block_context":{"text":"Not\u00edcias de Ribeir\u00e3o Preto-SP e Regi\u00e3o","link":"https:\/\/ismaelcolosi.com.br\/index.php\/category\/noticias-de-ribeirao-preto-sp-e-regiao-ismael-colosi\/"},"img":{"alt_text":"","src":"https:\/\/i0.wp.com\/ismaelcolosi.com.br\/wp-content\/uploads\/2024\/05\/WhatsApp-Image-2024-05-11-at-18.10.39_2024-05-11_21-57-06_jpeg_2024-05-11_21-57-06.webp.webp?fit=1200%2C800&ssl=1&resize=350%2C200","width":350,"height":200,"srcset":"https:\/\/i0.wp.com\/ismaelcolosi.com.br\/wp-content\/uploads\/2024\/05\/WhatsApp-Image-2024-05-11-at-18.10.39_2024-05-11_21-57-06_jpeg_2024-05-11_21-57-06.webp.webp?fit=1200%2C800&ssl=1&resize=350%2C200 1x, https:\/\/i0.wp.com\/ismaelcolosi.com.br\/wp-content\/uploads\/2024\/05\/WhatsApp-Image-2024-05-11-at-18.10.39_2024-05-11_21-57-06_jpeg_2024-05-11_21-57-06.webp.webp?fit=1200%2C800&ssl=1&resize=525%2C300 1.5x, https:\/\/i0.wp.com\/ismaelcolosi.com.br\/wp-content\/uploads\/2024\/05\/WhatsApp-Image-2024-05-11-at-18.10.39_2024-05-11_21-57-06_jpeg_2024-05-11_21-57-06.webp.webp?fit=1200%2C800&ssl=1&resize=700%2C400 2x, https:\/\/i0.wp.com\/ismaelcolosi.com.br\/wp-content\/uploads\/2024\/05\/WhatsApp-Image-2024-05-11-at-18.10.39_2024-05-11_21-57-06_jpeg_2024-05-11_21-57-06.webp.webp?fit=1200%2C800&ssl=1&resize=1050%2C600 3x"},"classes":[]},{"id":67745,"url":"https:\/\/ismaelcolosi.com.br\/index.php\/2024\/09\/25\/botafogo-sp-empata-em-0-a-0-com-o-crb-e-mantem-sequencia-sem-vitorias-na-serie-b\/","url_meta":{"origin":56616,"position":4},"title":"Botafogo-SP empata em 0 a 0 com o CRB e mant\u00e9m sequ\u00eancia sem vit\u00f3rias na S\u00e9rie B","author":"ismaelcolosi.com.br","date":"25 de September de 2024","format":false,"excerpt":"O Botafogo-SP empatou em 0 a 0 com o CRB na noite desta ter\u00e7a-feira (17), em jogo v\u00e1lido pela S\u00e9rie B do Campeonato Brasileiro. O duelo, realizado no Est\u00e1dio Santa Cruz, em Ribeir\u00e3o Preto, foi marcado por poucas chances de gol e terminou sem altera\u00e7\u00e3o no placar, frustrando a torcida\u2026","rel":"","context":"In &quot;Not\u00edcias de Ribeir\u00e3o Preto-SP e Regi\u00e3o&quot;","block_context":{"text":"Not\u00edcias de Ribeir\u00e3o Preto-SP e Regi\u00e3o","link":"https:\/\/ismaelcolosi.com.br\/index.php\/category\/noticias-de-ribeirao-preto-sp-e-regiao-ismael-colosi\/"},"img":{"alt_text":"","src":"https:\/\/i0.wp.com\/ismaelcolosi.com.br\/wp-content\/uploads\/2024\/09\/WhatsApp-Image-2024-09-24-at-22.webp.webp?fit=1200%2C800&ssl=1&resize=350%2C200","width":350,"height":200,"srcset":"https:\/\/i0.wp.com\/ismaelcolosi.com.br\/wp-content\/uploads\/2024\/09\/WhatsApp-Image-2024-09-24-at-22.webp.webp?fit=1200%2C800&ssl=1&resize=350%2C200 1x, https:\/\/i0.wp.com\/ismaelcolosi.com.br\/wp-content\/uploads\/2024\/09\/WhatsApp-Image-2024-09-24-at-22.webp.webp?fit=1200%2C800&ssl=1&resize=525%2C300 1.5x, https:\/\/i0.wp.com\/ismaelcolosi.com.br\/wp-content\/uploads\/2024\/09\/WhatsApp-Image-2024-09-24-at-22.webp.webp?fit=1200%2C800&ssl=1&resize=700%2C400 2x, https:\/\/i0.wp.com\/ismaelcolosi.com.br\/wp-content\/uploads\/2024\/09\/WhatsApp-Image-2024-09-24-at-22.webp.webp?fit=1200%2C800&ssl=1&resize=1050%2C600 3x"},"classes":[]},{"id":70175,"url":"https:\/\/ismaelcolosi.com.br\/index.php\/2024\/10\/09\/com-gol-no-ultimo-minuto-botafogo-vence-o-guarani-e-deixa-o-z-4-da-serie-b\/","url_meta":{"origin":56616,"position":5},"title":"Com gol no \u00faltimo minuto, Botafogo vence o Guarani e deixa o Z-4 da S\u00e9rie B","author":"ismaelcolosi.com.br","date":"9 de October de 2024","format":false,"excerpt":"O Botafogo ganhou do Guarani, no Est\u00e1dio Santa Cruz, na noite desta quarta-feira (9), em jogo v\u00e1lido pela 23\u00aa rodada da S\u00e9rie B\u00a0do Campeonato Brasileiro. O gol que deu a vit\u00f3ria para o Pantera saiu no \u00faltimo minuto da partida, dos p\u00e9s do atacante Alexandre Jesus. Aos 2 minutos de\u2026","rel":"","context":"In &quot;Not\u00edcias de Ribeir\u00e3o Preto-SP e Regi\u00e3o&quot;","block_context":{"text":"Not\u00edcias de Ribeir\u00e3o Preto-SP e Regi\u00e3o","link":"https:\/\/ismaelcolosi.com.br\/index.php\/category\/noticias-de-ribeirao-preto-sp-e-regiao-ismael-colosi\/"},"img":{"alt_text":"","src":"https:\/\/i0.wp.com\/ismaelcolosi.com.br\/wp-content\/uploads\/2024\/10\/WhatsApp-Image-2024-10-09-at-22.07.18_2024-10-10_01-07-52_jpeg_2024-10-10_01-07-54-scaled.webp.webp?fit=1200%2C800&ssl=1&resize=350%2C200","width":350,"height":200,"srcset":"https:\/\/i0.wp.com\/ismaelcolosi.com.br\/wp-content\/uploads\/2024\/10\/WhatsApp-Image-2024-10-09-at-22.07.18_2024-10-10_01-07-52_jpeg_2024-10-10_01-07-54-scaled.webp.webp?fit=1200%2C800&ssl=1&resize=350%2C200 1x, https:\/\/i0.wp.com\/ismaelcolosi.com.br\/wp-content\/uploads\/2024\/10\/WhatsApp-Image-2024-10-09-at-22.07.18_2024-10-10_01-07-52_jpeg_2024-10-10_01-07-54-scaled.webp.webp?fit=1200%2C800&ssl=1&resize=525%2C300 1.5x, https:\/\/i0.wp.com\/ismaelcolosi.com.br\/wp-content\/uploads\/2024\/10\/WhatsApp-Image-2024-10-09-at-22.07.18_2024-10-10_01-07-52_jpeg_2024-10-10_01-07-54-scaled.webp.webp?fit=1200%2C800&ssl=1&resize=700%2C400 2x, https:\/\/i0.wp.com\/ismaelcolosi.com.br\/wp-content\/uploads\/2024\/10\/WhatsApp-Image-2024-10-09-at-22.07.18_2024-10-10_01-07-52_jpeg_2024-10-10_01-07-54-scaled.webp.webp?fit=1200%2C800&ssl=1&resize=1050%2C600 3x"},"classes":[]}],"jetpack_sharing_enabled":true,"jetpack_shortlink":"https:\/\/wp.me\/pfMlyK-eJa","_links":{"self":[{"href":"https:\/\/ismaelcolosi.com.br\/index.php\/wp-json\/wp\/v2\/posts\/56616","targetHints":{"allow":["GET"]}}],"collection":[{"href":"https:\/\/ismaelcolosi.com.br\/index.php\/wp-json\/wp\/v2\/posts"}],"about":[{"href":"https:\/\/ismaelcolosi.com.br\/index.php\/wp-json\/wp\/v2\/types\/post"}],"author":[{"embeddable":true,"href":"https:\/\/ismaelcolosi.com.br\/index.php\/wp-json\/wp\/v2\/users\/1"}],"replies":[{"embeddable":true,"href":"https:\/\/ismaelcolosi.com.br\/index.php\/wp-json\/wp\/v2\/comments?post=56616"}],"version-history":[{"count":0,"href":"https:\/\/ismaelcolosi.com.br\/index.php\/wp-json\/wp\/v2\/posts\/56616\/revisions"}],"wp:featuredmedia":[{"embeddable":true,"href":"https:\/\/ismaelcolosi.com.br\/index.php\/wp-json\/wp\/v2\/media\/56617"}],"wp:attachment":[{"href":"https:\/\/ismaelcolosi.com.br\/index.php\/wp-json\/wp\/v2\/media?parent=56616"}],"wp:term":[{"taxonomy":"category","embeddable":true,"href":"https:\/\/ismaelcolosi.com.br\/index.php\/wp-json\/wp\/v2\/categories?post=56616"},{"taxonomy":"post_tag","embeddable":true,"href":"https:\/\/ismaelcolosi.com.br\/index.php\/wp-json\/wp\/v2\/tags?post=56616"}],"curies":[{"name":"wp","href":"https:\/\/api.w.org\/{rel}","templated":true}]}}