{"id":56614,"date":"2024-07-12T21:46:25","date_gmt":"2024-07-13T00:46:25","guid":{"rendered":"https:\/\/ismaelcolosi.com.br\/index.php\/2024\/07\/12\/mulher-e-crianca-sao-baleadas-apos-discussao-na-regiao-de-ribeirao-preto\/"},"modified":"2024-07-12T21:46:25","modified_gmt":"2024-07-13T00:46:25","slug":"mulher-e-crianca-sao-baleadas-apos-discussao-na-regiao-de-ribeirao-preto","status":"publish","type":"post","link":"https:\/\/ismaelcolosi.com.br\/index.php\/2024\/07\/12\/mulher-e-crianca-sao-baleadas-apos-discussao-na-regiao-de-ribeirao-preto\/","title":{"rendered":"Mulher e crian\u00e7a s\u00e3o baleadas ap\u00f3s discuss\u00e3o na regi\u00e3o de Ribeir\u00e3o Preto"},"content":{"rendered":"<p> <br \/>\n<\/p>\n<div data-td-block-uid=\"tdi_106\">\n<div class=\"tdb-block-inner td-fix-index\">\n<p>Uma <strong>mulher <\/strong>e uma <strong>crian\u00e7a <\/strong>foram baleadas na noite desta sexta-feira (12), em <strong>Pontal<\/strong>, cidade na <strong>regi\u00e3o de Ribeir\u00e3o Preto<\/strong>.<mark style=\"background-color:#fcb900\" class=\"has-inline-color\"> <strong>O suspeito de ter efetuado os disparos \u00e9 o marido da v\u00edtima.<\/strong><\/mark><\/p>\n<p>De acordo com a apura\u00e7\u00e3o da <em>EPTV<\/em>, que conversou com a filha da mulher, a m\u00e3e e o padrasto estavam em <strong>processo de separa\u00e7\u00e3o<\/strong>, entretanto, <strong>o homem n\u00e3o aceitava o fim do relacionamento<\/strong>.<\/p>\n<p>Durante \u00e0 tarde, a v\u00edtima teria informado que se mudaria e<strong> come\u00e7ou a retirar os m\u00f3veis da resid\u00eancia <\/strong>em que moravam. Houve uma discuss\u00e3o e, em seguida, <strong>ele teria efetuado tr\u00eas disparos de arma de fogo.<\/strong><\/p>\n<p><strong>Dois tiros acertaram a v\u00edtima<\/strong> e <strong>um acertou a m\u00e3o do sobrinho dela<\/strong>, de apenas quatro anos, que estava no local. <strong>Ele passou por atendimento m\u00e9dico e foi liberado.<\/strong><\/p>\n<p><strong>J\u00e1 a mulher foi socorrida em estado grave<\/strong> para um hospital particular de <strong>Ribeir\u00e3o Preto<\/strong>. Conforme a filha, ela deve passar por uma cirurgia ainda hoje.<\/p>\n<p>Ap\u00f3s o ocorrido o homem fugiu do local, contudo, foi preso em <strong>Santo Ant\u00f4nio da Alegria<\/strong> e vai ser encaminhado para \u00e0 <strong>Central de Pol\u00edcia Judici\u00e1ria (CPJ) de Ribeir\u00e3o Preto<\/strong>.<\/p>\n<hr class=\"wp-block-separator has-alpha-channel-opacity\"\/>\n<p>SAIBA MAIS<\/p>\n<p>Homem morre ap\u00f3s ser atropelado por moto em Ribeir\u00e3o Preto<\/p>\n<h4 class=\"wp-block-heading\"><strong>FIQUE ON<\/strong><\/h4>\n<p>Fique ligado em tudo que acontece em Ribeir\u00e3o Preto e regi\u00e3o. Siga os perfis do\u00a0<strong>acidade on\u00a0<\/strong>no\u00a0<a href=\"https:\/\/www.instagram.com\/acidadeonribeirao\" target=\"_blank\" rel=\"noreferrer noopener\">Instagram\u00a0<\/a>e no\u00a0<a href=\"https:\/\/www.facebook.com\/acidadeonribeirao\/\" target=\"_blank\" rel=\"noreferrer noopener\">Facebook<\/a>.<\/p>\n<p>Receba not\u00edcias do<strong>\u00a0acidade on\u00a0<\/strong>no WhatsApp.\u00a0<a href=\"https:\/\/chat.whatsapp.com\/CdrZ6xrf7quD44Vw3WlPuZ\" target=\"_blank\" rel=\"noreferrer noopener\">Para entrar no grupo, basta clicar aqui.<\/a><\/p>\n<p>Fa\u00e7a uma den\u00fancia ou sugira uma reportagem sobre Ribeir\u00e3o Preto e regi\u00e3o pelo WhatsApp: 16 99117 7802.<\/p>\n<p>VEJA TAMB\u00c9M<\/p>\n<p>Wanessa Camargo desabafa sobre gravidez da madrasta<\/p>\n<p><!-- AI CONTENT END 1 -->\n<\/div>\n<\/div>\n<p><script async src=\"\/\/www.instagram.com\/embed.js\"><\/script><br \/>\n<br \/><br \/>\n<br \/><a href=\"https:\/\/www.acidadeon.com\/ribeiraopreto\/cotidiano\/mulher-e-crianca-sao-baleadas-apos-discussao-na-regiao-de-ribeirao-preto\/\">Source link <\/a><\/p>\n<div class='code-block code-block-4' style='margin: 8px auto 8px 0; text-align: left; display: block; clear: both;'>\n\ud83d\udce2 Aviso Legal\n\nO site ismaelcolosi.com.br atua apenas como um canal de divulga\u00e7\u00e3o de oportunidades de emprego e n\u00e3o se responsabiliza pelo processo seletivo, contrata\u00e7\u00e3o ou qualquer outra etapa relacionada \u00e0s vagas publicadas. Todas as informa\u00e7\u00f5es s\u00e3o de responsabilidade dos anunciantes.\n\n\u26a0\ufe0f Aten\u00e7\u00e3o! Nunca pague por promessas de emprego nem compre cursos que garantam contrata\u00e7\u00e3o. Desconfie de qualquer cobran\u00e7a para participar de sele\u00e7\u00f5es.\n\n\n\n<\/div>\n<!-- CONTENT END 1 -->\n","protected":false},"excerpt":{"rendered":"<p>Uma mulher e uma crian\u00e7a foram baleadas na noite desta sexta-feira (12), em Pontal, cidade na regi\u00e3o de Ribeir\u00e3o Preto. O suspeito de ter efetuado&#8230;<\/p>\n","protected":false},"author":1,"featured_media":56615,"comment_status":"open","ping_status":"open","sticky":false,"template":"","format":"standard","meta":{"_uag_custom_page_level_css":"","advanced_seo_description":"","jetpack_seo_html_title":"","jetpack_seo_noindex":false,"jetpack_post_was_ever_published":false,"_jetpack_newsletter_access":"","_jetpack_dont_email_post_to_subs":false,"_jetpack_newsletter_tier_id":0,"_jetpack_memberships_contains_paywalled_content":false,"_jetpack_memberships_contains_paid_content":false,"footnotes":"","jetpack_publicize_message":"","jetpack_publicize_feature_enabled":true,"jetpack_social_post_already_shared":true,"jetpack_social_options":{"image_generator_settings":{"template":"highway","default_image_id":0,"font":"","enabled":false},"version":2}},"categories":[11],"tags":[],"class_list":["post-56614","post","type-post","status-publish","format-standard","has-post-thumbnail","hentry","category-noticias-de-ribeirao-preto-sp-e-regiao-ismael-colosi"],"jetpack_publicize_connections":[],"jetpack_featured_media_url":"https:\/\/i0.wp.com\/ismaelcolosi.com.br\/wp-content\/uploads\/2024\/07\/sirene_giroflex_1024x576_11032021085153.jpg?fit=1024%2C576&ssl=1","uagb_featured_image_src":{"full":["https:\/\/i0.wp.com\/ismaelcolosi.com.br\/wp-content\/uploads\/2024\/07\/sirene_giroflex_1024x576_11032021085153.jpg?fit=1024%2C576&ssl=1",1024,576,false],"thumbnail":["https:\/\/i0.wp.com\/ismaelcolosi.com.br\/wp-content\/uploads\/2024\/07\/sirene_giroflex_1024x576_11032021085153.jpg?resize=150%2C150&ssl=1",150,150,true],"medium":["https:\/\/i0.wp.com\/ismaelcolosi.com.br\/wp-content\/uploads\/2024\/07\/sirene_giroflex_1024x576_11032021085153.jpg?fit=300%2C169&ssl=1",300,169,true],"medium_large":["https:\/\/i0.wp.com\/ismaelcolosi.com.br\/wp-content\/uploads\/2024\/07\/sirene_giroflex_1024x576_11032021085153.jpg?fit=768%2C432&ssl=1",768,432,true],"large":["https:\/\/i0.wp.com\/ismaelcolosi.com.br\/wp-content\/uploads\/2024\/07\/sirene_giroflex_1024x576_11032021085153.jpg?fit=1024%2C576&ssl=1",1024,576,true],"1536x1536":["https:\/\/i0.wp.com\/ismaelcolosi.com.br\/wp-content\/uploads\/2024\/07\/sirene_giroflex_1024x576_11032021085153.jpg?fit=1024%2C576&ssl=1",1024,576,true],"2048x2048":["https:\/\/i0.wp.com\/ismaelcolosi.com.br\/wp-content\/uploads\/2024\/07\/sirene_giroflex_1024x576_11032021085153.jpg?fit=1024%2C576&ssl=1",1024,576,true],"really-simple-thumb":["https:\/\/i0.wp.com\/ismaelcolosi.com.br\/wp-content\/uploads\/2024\/07\/sirene_giroflex_1024x576_11032021085153.jpg?resize=370%2C247&ssl=1",370,247,true]},"uagb_author_info":{"display_name":"ismaelcolosi.com.br","author_link":"https:\/\/ismaelcolosi.com.br\/index.php\/author\/vidareal-online\/"},"uagb_comment_info":0,"uagb_excerpt":"Uma mulher e uma crian\u00e7a foram baleadas na noite desta sexta-feira (12), em Pontal, cidade na regi\u00e3o de Ribeir\u00e3o Preto. O suspeito de ter efetuado...","jetpack-related-posts":[{"id":54509,"url":"https:\/\/ismaelcolosi.com.br\/index.php\/2024\/06\/25\/mulher-e-morta-pelo-marido-na-regiao-de-ribeirao-preto\/","url_meta":{"origin":56614,"position":0},"title":"Mulher \u00e9 morta pelo marido na regi\u00e3o de Ribeir\u00e3o Preto","author":"ismaelcolosi.com.br","date":"25 de June de 2024","format":false,"excerpt":"Uma mulher foi morta pelo marido na tarde desta ter\u00e7a-feira (25), em Franca, cidade na regi\u00e3o de Ribeir\u00e3o Preto. O crime aconteceu na rua Jos\u00e9 Martins, no Jardim Aeroporto II. De acordo com a apura\u00e7\u00e3o da EPTV, o acusado teria desferido golpes de faca no peito e no pesco\u00e7o da\u2026","rel":"","context":"In &quot;Not\u00edcias de Ribeir\u00e3o Preto-SP e Regi\u00e3o&quot;","block_context":{"text":"Not\u00edcias de Ribeir\u00e3o Preto-SP e Regi\u00e3o","link":"https:\/\/ismaelcolosi.com.br\/index.php\/category\/noticias-de-ribeirao-preto-sp-e-regiao-ismael-colosi\/"},"img":{"alt_text":"","src":"https:\/\/i0.wp.com\/ismaelcolosi.com.br\/wp-content\/uploads\/2024\/06\/WhatsApp-Image-2024-06-25-at-19.16.47_2024-06-25_22-17-07_jpeg_2024-06-25_22-17-07.webp.webp?fit=1123%2C595&ssl=1&resize=350%2C200","width":350,"height":200,"srcset":"https:\/\/i0.wp.com\/ismaelcolosi.com.br\/wp-content\/uploads\/2024\/06\/WhatsApp-Image-2024-06-25-at-19.16.47_2024-06-25_22-17-07_jpeg_2024-06-25_22-17-07.webp.webp?fit=1123%2C595&ssl=1&resize=350%2C200 1x, https:\/\/i0.wp.com\/ismaelcolosi.com.br\/wp-content\/uploads\/2024\/06\/WhatsApp-Image-2024-06-25-at-19.16.47_2024-06-25_22-17-07_jpeg_2024-06-25_22-17-07.webp.webp?fit=1123%2C595&ssl=1&resize=525%2C300 1.5x, https:\/\/i0.wp.com\/ismaelcolosi.com.br\/wp-content\/uploads\/2024\/06\/WhatsApp-Image-2024-06-25-at-19.16.47_2024-06-25_22-17-07_jpeg_2024-06-25_22-17-07.webp.webp?fit=1123%2C595&ssl=1&resize=700%2C400 2x, https:\/\/i0.wp.com\/ismaelcolosi.com.br\/wp-content\/uploads\/2024\/06\/WhatsApp-Image-2024-06-25-at-19.16.47_2024-06-25_22-17-07_jpeg_2024-06-25_22-17-07.webp.webp?fit=1123%2C595&ssl=1&resize=1050%2C600 3x"},"classes":[]},{"id":54515,"url":"https:\/\/ismaelcolosi.com.br\/index.php\/2024\/06\/25\/mulher-e-morta-pelo-marido-na-regiao-de-ribeirao-preto-2\/","url_meta":{"origin":56614,"position":1},"title":"Mulher \u00e9 morta pelo marido na regi\u00e3o de Ribeir\u00e3o Preto","author":"ismaelcolosi.com.br","date":"25 de June de 2024","format":false,"excerpt":"Uma mulher foi morta pelo marido na tarde desta ter\u00e7a-feira (25), em Franca, cidade na regi\u00e3o de Ribeir\u00e3o Preto. O crime aconteceu na rua Jos\u00e9 Martins, no Jardim Aeroporto II. De acordo com a apura\u00e7\u00e3o da EPTV, o acusado teria desferido golpes de faca no peito e no pesco\u00e7o da\u2026","rel":"","context":"In &quot;Not\u00edcias de Ribeir\u00e3o Preto-SP e Regi\u00e3o&quot;","block_context":{"text":"Not\u00edcias de Ribeir\u00e3o Preto-SP e Regi\u00e3o","link":"https:\/\/ismaelcolosi.com.br\/index.php\/category\/noticias-de-ribeirao-preto-sp-e-regiao-ismael-colosi\/"},"img":{"alt_text":"","src":"https:\/\/i0.wp.com\/ismaelcolosi.com.br\/wp-content\/uploads\/2024\/06\/Copia-de-Copia-de-TAMANHO-EXATO-PARA-FOTOS-NO-SISTEMA-NOVO-95_2024-06-25_22-27-04_png_2024-06-25_22-27-04.webp.webp?fit=1200%2C675&ssl=1&resize=350%2C200","width":350,"height":200,"srcset":"https:\/\/i0.wp.com\/ismaelcolosi.com.br\/wp-content\/uploads\/2024\/06\/Copia-de-Copia-de-TAMANHO-EXATO-PARA-FOTOS-NO-SISTEMA-NOVO-95_2024-06-25_22-27-04_png_2024-06-25_22-27-04.webp.webp?fit=1200%2C675&ssl=1&resize=350%2C200 1x, https:\/\/i0.wp.com\/ismaelcolosi.com.br\/wp-content\/uploads\/2024\/06\/Copia-de-Copia-de-TAMANHO-EXATO-PARA-FOTOS-NO-SISTEMA-NOVO-95_2024-06-25_22-27-04_png_2024-06-25_22-27-04.webp.webp?fit=1200%2C675&ssl=1&resize=525%2C300 1.5x, https:\/\/i0.wp.com\/ismaelcolosi.com.br\/wp-content\/uploads\/2024\/06\/Copia-de-Copia-de-TAMANHO-EXATO-PARA-FOTOS-NO-SISTEMA-NOVO-95_2024-06-25_22-27-04_png_2024-06-25_22-27-04.webp.webp?fit=1200%2C675&ssl=1&resize=700%2C400 2x, https:\/\/i0.wp.com\/ismaelcolosi.com.br\/wp-content\/uploads\/2024\/06\/Copia-de-Copia-de-TAMANHO-EXATO-PARA-FOTOS-NO-SISTEMA-NOVO-95_2024-06-25_22-27-04_png_2024-06-25_22-27-04.webp.webp?fit=1200%2C675&ssl=1&resize=1050%2C600 3x"},"classes":[]},{"id":52219,"url":"https:\/\/ismaelcolosi.com.br\/index.php\/2024\/06\/04\/morre-jovem-baleado-por-engano-em-estacionamento-no-centro-de-ribeirao\/","url_meta":{"origin":56614,"position":2},"title":"Morre jovem baleado por engano em estacionamento no Centro de Ribeir\u00e3o","author":"ismaelcolosi.com.br","date":"4 de June de 2024","format":false,"excerpt":"Morreu na noite desta ter\u00e7a-feira (04), o jovem baleado por engano, ap\u00f3s uma confus\u00e3o em um estacionamento de ve\u00edculos, neste final de semana, em Ribeir\u00e3o Preto. A informa\u00e7\u00e3o foi confirmada pelo pai da v\u00edtima. Segundo o boletim de ocorr\u00eancia (BO), Ruan C\u00e9sar Godoi, de 22 anos, seria cliente do estacionamento\u2026","rel":"","context":"In &quot;Not\u00edcias de Ribeir\u00e3o Preto-SP e Regi\u00e3o&quot;","block_context":{"text":"Not\u00edcias de Ribeir\u00e3o Preto-SP e Regi\u00e3o","link":"https:\/\/ismaelcolosi.com.br\/index.php\/category\/noticias-de-ribeirao-preto-sp-e-regiao-ismael-colosi\/"},"img":{"alt_text":"","src":"https:\/\/i0.wp.com\/ismaelcolosi.com.br\/wp-content\/uploads\/2024\/06\/IMG_2453_2024-06-05_02-09-00_jpeg_2024-06-05_02-09-00.webp.webp?fit=611%2C340&ssl=1&resize=350%2C200","width":350,"height":200,"srcset":"https:\/\/i0.wp.com\/ismaelcolosi.com.br\/wp-content\/uploads\/2024\/06\/IMG_2453_2024-06-05_02-09-00_jpeg_2024-06-05_02-09-00.webp.webp?fit=611%2C340&ssl=1&resize=350%2C200 1x, https:\/\/i0.wp.com\/ismaelcolosi.com.br\/wp-content\/uploads\/2024\/06\/IMG_2453_2024-06-05_02-09-00_jpeg_2024-06-05_02-09-00.webp.webp?fit=611%2C340&ssl=1&resize=525%2C300 1.5x"},"classes":[]},{"id":58210,"url":"https:\/\/ismaelcolosi.com.br\/index.php\/2024\/07\/29\/o-que-se-sabe-sobre-assassinato-de-crianca-de-dois-anos-e-do-tio-na-regiao-de-ribeirao\/","url_meta":{"origin":56614,"position":3},"title":"O que se sabe sobre assassinato de crian\u00e7a de dois anos e do tio na regi\u00e3o de Ribeir\u00e3o","author":"ismaelcolosi.com.br","date":"29 de July de 2024","format":false,"excerpt":"Na noite do \u00faltimo s\u00e1bado (27) uma crian\u00e7a de apenas dois anos e o tio, Noelio de Jesus da Silva, de 23 anos, foram mortos ap\u00f3s terem sido baleados em Jardin\u00f3polis, na regi\u00e3o de Ribeir\u00e3o Preto. A fam\u00edlia estava na porta de casa quando o criminoso chegou. O suspeito ainda\u2026","rel":"","context":"In &quot;Not\u00edcias de Ribeir\u00e3o Preto-SP e Regi\u00e3o&quot;","block_context":{"text":"Not\u00edcias de Ribeir\u00e3o Preto-SP e Regi\u00e3o","link":"https:\/\/ismaelcolosi.com.br\/index.php\/category\/noticias-de-ribeirao-preto-sp-e-regiao-ismael-colosi\/"},"img":{"alt_text":"","src":"https:\/\/i0.wp.com\/ismaelcolosi.com.br\/wp-content\/uploads\/2024\/07\/noelio_2024-07-29_14-32-55_jpeg_2024-07-29_14-32-55.webp.webp?fit=1200%2C674&ssl=1&resize=350%2C200","width":350,"height":200,"srcset":"https:\/\/i0.wp.com\/ismaelcolosi.com.br\/wp-content\/uploads\/2024\/07\/noelio_2024-07-29_14-32-55_jpeg_2024-07-29_14-32-55.webp.webp?fit=1200%2C674&ssl=1&resize=350%2C200 1x, https:\/\/i0.wp.com\/ismaelcolosi.com.br\/wp-content\/uploads\/2024\/07\/noelio_2024-07-29_14-32-55_jpeg_2024-07-29_14-32-55.webp.webp?fit=1200%2C674&ssl=1&resize=525%2C300 1.5x, https:\/\/i0.wp.com\/ismaelcolosi.com.br\/wp-content\/uploads\/2024\/07\/noelio_2024-07-29_14-32-55_jpeg_2024-07-29_14-32-55.webp.webp?fit=1200%2C674&ssl=1&resize=700%2C400 2x, https:\/\/i0.wp.com\/ismaelcolosi.com.br\/wp-content\/uploads\/2024\/07\/noelio_2024-07-29_14-32-55_jpeg_2024-07-29_14-32-55.webp.webp?fit=1200%2C674&ssl=1&resize=1050%2C600 3x"},"classes":[]},{"id":19840,"url":"https:\/\/ismaelcolosi.com.br\/index.php\/2023\/12\/23\/cinco-pessoas-sao-baleadas-por-homem-que-se-masturbava-em-posto-na-regiao-de-ribeirao\/","url_meta":{"origin":56614,"position":4},"title":"Cinco pessoas s\u00e3o baleadas por homem que se masturbava em posto na regi\u00e3o de Ribeir\u00e3o","author":"ismaelcolosi.com.br","date":"23 de December de 2023","format":false,"excerpt":"Um homem de 40 anos foi preso, na madrugada deste s\u00e1bado (23), em Jardin\u00f3polis, regi\u00e3o de Ribeir\u00e3o Preto, ap\u00f3s balear cinco pessoas \u2013 sendo uma crian\u00e7a \u2013 em um posto de combust\u00edveis. De acordo com o registro da ocorr\u00eancia, o homem estaria se masturbando dentro de um carro estacionado no\u2026","rel":"","context":"In &quot;Not\u00edcias de Ribeir\u00e3o Preto-SP e Regi\u00e3o&quot;","block_context":{"text":"Not\u00edcias de Ribeir\u00e3o Preto-SP e Regi\u00e3o","link":"https:\/\/ismaelcolosi.com.br\/index.php\/category\/noticias-de-ribeirao-preto-sp-e-regiao-ismael-colosi\/"},"img":{"alt_text":"","src":"https:\/\/i0.wp.com\/ismaelcolosi.com.br\/wp-content\/uploads\/2023\/12\/WhatsApp-Image-2023-12-23-at-12.01.31.jpeg?fit=480%2C245&ssl=1&resize=350%2C200","width":350,"height":200},"classes":[]},{"id":71299,"url":"https:\/\/ismaelcolosi.com.br\/index.php\/2024\/10\/15\/briga-entre-vizinhos-termina-em-tiro-e-prisao-na-regiao-de-ribeirao-2\/","url_meta":{"origin":56614,"position":5},"title":"Briga entre vizinhos termina em tiro e pris\u00e3o na regi\u00e3o de Ribeir\u00e3o","author":"ismaelcolosi.com.br","date":"15 de October de 2024","format":false,"excerpt":"Um contador de 43 anos foi preso em flagrante nesta segunda-feira (14), no Centro de Franca, na regi\u00e3o de Ribeir\u00e3o Preto, ap\u00f3s efetuar um disparo de arma de fogo durante uma briga entre vizinhos. De acordo com o boletim de ocorr\u00eancia, a v\u00edtima informou que estava discutindo com um homem\u2026","rel":"","context":"In &quot;Not\u00edcias de Ribeir\u00e3o Preto-SP e Regi\u00e3o&quot;","block_context":{"text":"Not\u00edcias de Ribeir\u00e3o Preto-SP e Regi\u00e3o","link":"https:\/\/ismaelcolosi.com.br\/index.php\/category\/noticias-de-ribeirao-preto-sp-e-regiao-ismael-colosi\/"},"img":{"alt_text":"","src":"https:\/\/i0.wp.com\/ismaelcolosi.com.br\/wp-content\/uploads\/2024\/10\/Copia-de-Copia-de-Copia-de-TAMANHO-EXATO-PARA-FOTOS-NO-SISTEMA-NOVO-19_2024-10-15_20-39-11_png_2024-10-15_20-39-11.webp.webp?fit=1200%2C675&ssl=1&resize=350%2C200","width":350,"height":200,"srcset":"https:\/\/i0.wp.com\/ismaelcolosi.com.br\/wp-content\/uploads\/2024\/10\/Copia-de-Copia-de-Copia-de-TAMANHO-EXATO-PARA-FOTOS-NO-SISTEMA-NOVO-19_2024-10-15_20-39-11_png_2024-10-15_20-39-11.webp.webp?fit=1200%2C675&ssl=1&resize=350%2C200 1x, https:\/\/i0.wp.com\/ismaelcolosi.com.br\/wp-content\/uploads\/2024\/10\/Copia-de-Copia-de-Copia-de-TAMANHO-EXATO-PARA-FOTOS-NO-SISTEMA-NOVO-19_2024-10-15_20-39-11_png_2024-10-15_20-39-11.webp.webp?fit=1200%2C675&ssl=1&resize=525%2C300 1.5x, https:\/\/i0.wp.com\/ismaelcolosi.com.br\/wp-content\/uploads\/2024\/10\/Copia-de-Copia-de-Copia-de-TAMANHO-EXATO-PARA-FOTOS-NO-SISTEMA-NOVO-19_2024-10-15_20-39-11_png_2024-10-15_20-39-11.webp.webp?fit=1200%2C675&ssl=1&resize=700%2C400 2x, https:\/\/i0.wp.com\/ismaelcolosi.com.br\/wp-content\/uploads\/2024\/10\/Copia-de-Copia-de-Copia-de-TAMANHO-EXATO-PARA-FOTOS-NO-SISTEMA-NOVO-19_2024-10-15_20-39-11_png_2024-10-15_20-39-11.webp.webp?fit=1200%2C675&ssl=1&resize=1050%2C600 3x"},"classes":[]}],"jetpack_sharing_enabled":true,"jetpack_shortlink":"https:\/\/wp.me\/pfMlyK-eJ8","_links":{"self":[{"href":"https:\/\/ismaelcolosi.com.br\/index.php\/wp-json\/wp\/v2\/posts\/56614","targetHints":{"allow":["GET"]}}],"collection":[{"href":"https:\/\/ismaelcolosi.com.br\/index.php\/wp-json\/wp\/v2\/posts"}],"about":[{"href":"https:\/\/ismaelcolosi.com.br\/index.php\/wp-json\/wp\/v2\/types\/post"}],"author":[{"embeddable":true,"href":"https:\/\/ismaelcolosi.com.br\/index.php\/wp-json\/wp\/v2\/users\/1"}],"replies":[{"embeddable":true,"href":"https:\/\/ismaelcolosi.com.br\/index.php\/wp-json\/wp\/v2\/comments?post=56614"}],"version-history":[{"count":0,"href":"https:\/\/ismaelcolosi.com.br\/index.php\/wp-json\/wp\/v2\/posts\/56614\/revisions"}],"wp:featuredmedia":[{"embeddable":true,"href":"https:\/\/ismaelcolosi.com.br\/index.php\/wp-json\/wp\/v2\/media\/56615"}],"wp:attachment":[{"href":"https:\/\/ismaelcolosi.com.br\/index.php\/wp-json\/wp\/v2\/media?parent=56614"}],"wp:term":[{"taxonomy":"category","embeddable":true,"href":"https:\/\/ismaelcolosi.com.br\/index.php\/wp-json\/wp\/v2\/categories?post=56614"},{"taxonomy":"post_tag","embeddable":true,"href":"https:\/\/ismaelcolosi.com.br\/index.php\/wp-json\/wp\/v2\/tags?post=56614"}],"curies":[{"name":"wp","href":"https:\/\/api.w.org\/{rel}","templated":true}]}}