{"id":56603,"date":"2024-07-12T18:57:51","date_gmt":"2024-07-12T21:57:51","guid":{"rendered":"https:\/\/ismaelcolosi.com.br\/index.php\/2024\/07\/12\/investigados-pelo-caso-abin-paralela-continuam-presos-apos-decisao-do-stf\/"},"modified":"2024-07-12T18:57:51","modified_gmt":"2024-07-12T21:57:51","slug":"investigados-pelo-caso-abin-paralela-continuam-presos-apos-decisao-do-stf","status":"publish","type":"post","link":"https:\/\/ismaelcolosi.com.br\/index.php\/2024\/07\/12\/investigados-pelo-caso-abin-paralela-continuam-presos-apos-decisao-do-stf\/","title":{"rendered":"Investigados pelo caso \u2018Abin paralela\u201d continuam presos ap\u00f3s decis\u00e3o do STF"},"content":{"rendered":"<p> <br \/>\n<\/p>\n<div>\n<p>Os <strong>cinco investigados na quarta fase da Opera\u00e7\u00e3o \u00daltima Milha continuam presos<\/strong>, ap\u00f3s decis\u00e3o do <strong>STF <\/strong>(Supremo Tribunal Federal).\u00a0<strong>Deflagrada <\/strong>nesta quinta-feira (11), a <strong>investiga\u00e7\u00e3o apura o uso irregular da<\/strong> <strong>Abin <\/strong>(Ag\u00eancia Brasileira de Intelig\u00eancia) para <strong>favorecer filhos<\/strong> do ex-presidente <strong>Jair Bolsonaro<\/strong>, monitorar <strong>ministros do STF<\/strong> e <strong>pol\u00edticos opositores<\/strong>.<\/p>\n<p>Com a<strong> decis\u00e3o<\/strong>, <strong>v\u00e3o continuar presos Mateus de Carvalho Sposito<\/strong>, ex-funcion\u00e1rio da <strong>Secretaria de Comunica\u00e7\u00e3o da Presid\u00eancia da Rep\u00fablica<\/strong>, o <strong>empres\u00e1rio Richards Dyer Pozzer<\/strong>, o <strong>influencer digital Rog\u00e9rio Beraldo de Almeida<\/strong>, <strong>Marcelo Ara\u00fajo Bormevet, policial federal<\/strong>, e <strong>Giancarlo Gomes Rodrigues, militar do Ex\u00e9rcito<\/strong>.<\/p>\n<p>As <strong>pris\u00f5es foram mantidas ap\u00f3s audi\u00eancia de cust\u00f3dia<\/strong> realizada por um juiz instrutor do gabinete do ministro Alexandre de Moraes. A <strong>justificativa<\/strong> para <strong>manuten\u00e7\u00e3o das pris\u00f5es ainda n\u00e3o foi divulgada<\/strong>.<\/p>\n<p>Segundo a investiga\u00e7\u00e3o da <strong>Pol\u00edcia Federal<\/strong> (PF),<strong> os cinco acusados participaram do trabalho de monitoramento ilegal<\/strong>, que teria sido realizado com o conhecimento do ex-diretor da Abin e atual deputado federal Alexandre Ramagem (PL-RJ).<\/p>\n<p>Os<strong> investigadores apontam a utiliza\u00e7\u00e3o do programa First Mile <\/strong>para realizar a\u00a0<a href=\"https:\/\/agenciabrasil.ebc.com.br\/geral\/noticia\/2024-07\/abin-espionou-autoridades-do-judiciario-do-legislativo-e-jornalistas\" target=\"_blank\" rel=\"noreferrer noopener\"><strong>espionagem ilegal contra autoridades do Judici\u00e1rio, do Legislativo e da Receita Federal, al\u00e9m de jornalistas.<\/strong><\/a><\/p>\n<h2 class=\"wp-block-heading\"><strong>Defesas<\/strong><\/h2>\n<p>A\u00a0<strong>Ag\u00eancia Brasil\u00a0<\/strong>n\u00e3o conseguiu<strong> localizar as defesas dos cinco acusados<\/strong>. Em nota, Alexandre Ramagem negou ter atuado ilegalmente durante sua gest\u00e3o no \u00f3rg\u00e3o.<\/p>\n<p>Ramagem disse que n\u00e3o houve monitoramento ilegal de autoridades. Segundo ele, os nomes que aparecem na investiga\u00e7\u00e3o foram citados em mensagens de WhatsApp e conversas de outros investigados na opera\u00e7\u00e3o.<\/p>\n<p><em>\u201cTrazem lista de autoridades judiciais e legislativas para criar alvoro\u00e7o. Dizem monitoradas, mas na verdade n\u00e3o. N\u00e3o se encontram em First Mile ou intercepta\u00e7\u00e3o alguma. Est\u00e3o em conversas de WhatsApp, informa\u00e7\u00f5es alheias, impress\u00f5es pessoais de outros investigados, mas nunca em relat\u00f3rio oficial contr\u00e1rio \u00e0 legalidade\u201d<\/em>, afirmou.<\/p>\n<p>O parlamentar tamb\u00e9m negou que tenha favorecido o senador Fl\u00e1vio Bolsonaro (PL-RJ). Segundo a PF, as a\u00e7\u00f5es clandestinas de monitoramento tamb\u00e9m ocorreram contra tr\u00eas auditores da Receita Federal respons\u00e1veis pela investiga\u00e7\u00e3o sobre \u201crachadinha\u201d no gabinete de Fl\u00e1vio quando ele ocupava do cargo de deputado estadual.<\/p>\n<p><em>\u201cN\u00e3o h\u00e1 interfer\u00eancia ou influ\u00eancia em processo vinculado ao senador Fl\u00e1vio Bolsonaro. A demanda se resolveu exclusivamente em inst\u00e2ncia judicial\u201d<\/em>, concluiu.<\/p>\n<p>Ontem (11), o senador negou qualquer favorecimento e disse que a divulga\u00e7\u00e3o do relat\u00f3rio de investiga\u00e7\u00e3o da PF foi feita para prejudicar a candidatura de Ramagem \u00e0 prefeitura do Rio de Janeiro.<\/p>\n<p><em>\u201cSimplesmente n\u00e3o existia nenhuma rela\u00e7\u00e3o minha com Abin. Minha defesa atacava quest\u00f5es processuais, portanto, nenhuma utilidade que a Abin pudesse ter. A divulga\u00e7\u00e3o desse tipo de documento, \u00e0s v\u00e9speras das elei\u00e7\u00f5es, apenas tem o objetivo de prejudicar a candidatura do delegado Ramagem \u00e0 prefeitura do Rio de Janeiro\u201d<\/em>, afirmou.<\/p>\n<p><strong>Jair Bolsonaro<\/strong> n\u00e3o se pronunciou.<\/p>\n<p>SAIBA MAIS <\/p>\n<p>Ribeir\u00e3o-pretano \u00e9 um dos alvos de opera\u00e7\u00e3o da PF contra \u2018Abin Paralela\u2019<\/p>\n<h4 class=\"wp-block-heading\"><strong>FIQUE ON<\/strong><\/h4>\n<p>Fique ligado em tudo que acontece em Ribeir\u00e3o Preto e regi\u00e3o. Siga os perfis do\u00a0<strong>acidade on\u00a0<\/strong>no\u00a0<a href=\"https:\/\/www.instagram.com\/acidadeonribeirao\" target=\"_blank\" rel=\"noreferrer noopener\">Instagram\u00a0<\/a>e no\u00a0<a href=\"https:\/\/www.facebook.com\/acidadeonribeirao\/\" target=\"_blank\" rel=\"noreferrer noopener\">Facebook<\/a>.<\/p>\n<p>Receba not\u00edcias do<strong>\u00a0acidade on\u00a0<\/strong>no WhatsApp.\u00a0<a href=\"https:\/\/chat.whatsapp.com\/CdrZ6xrf7quD44Vw3WlPuZ\" target=\"_blank\" rel=\"noreferrer noopener\">Para entrar no grupo, basta clicar aqui.<\/a><\/p>\n<p>Fa\u00e7a uma den\u00fancia ou sugira uma reportagem sobre Ribeir\u00e3o Preto e regi\u00e3o pelo WhatsApp: 16 99117 7802.<\/p>\n<p>VEJA TAMB\u00c9M<\/p>\n<p>Quem \u00e9 Camila Campos?<\/p>\n<p><!-- AI CONTENT END 1 -->\n<\/div>\n<p><script async src=\"\/\/www.instagram.com\/embed.js\"><\/script><br \/>\n<br \/><br \/>\n<br \/><a href=\"https:\/\/www.acidadeon.com\/ribeiraopreto\/politica\/investigados-pelo-caso-abin-paralela-continuam-presos-apos-decisao-do-stf\/\">Source link <\/a><\/p>\n<div class='code-block code-block-4' style='margin: 8px auto 8px 0; text-align: left; display: block; clear: both;'>\n\ud83d\udce2 Aviso Legal\n\nO site ismaelcolosi.com.br atua apenas como um canal de divulga\u00e7\u00e3o de oportunidades de emprego e n\u00e3o se responsabiliza pelo processo seletivo, contrata\u00e7\u00e3o ou qualquer outra etapa relacionada \u00e0s vagas publicadas. Todas as informa\u00e7\u00f5es s\u00e3o de responsabilidade dos anunciantes.\n\n\u26a0\ufe0f Aten\u00e7\u00e3o! Nunca pague por promessas de emprego nem compre cursos que garantam contrata\u00e7\u00e3o. Desconfie de qualquer cobran\u00e7a para participar de sele\u00e7\u00f5es.\n\n\n\n<\/div>\n<!-- CONTENT END 1 -->\n","protected":false},"excerpt":{"rendered":"<p>Os cinco investigados na quarta fase da Opera\u00e7\u00e3o \u00daltima Milha continuam presos, ap\u00f3s decis\u00e3o do STF (Supremo Tribunal Federal).\u00a0Deflagrada nesta quinta-feira (11), a investiga\u00e7\u00e3o apura&#8230;<\/p>\n","protected":false},"author":1,"featured_media":56604,"comment_status":"open","ping_status":"open","sticky":false,"template":"","format":"standard","meta":{"_uag_custom_page_level_css":"","advanced_seo_description":"","jetpack_seo_html_title":"","jetpack_seo_noindex":false,"jetpack_post_was_ever_published":false,"_jetpack_newsletter_access":"","_jetpack_dont_email_post_to_subs":false,"_jetpack_newsletter_tier_id":0,"_jetpack_memberships_contains_paywalled_content":false,"_jetpack_memberships_contains_paid_content":false,"footnotes":"","jetpack_publicize_message":"","jetpack_publicize_feature_enabled":true,"jetpack_social_post_already_shared":true,"jetpack_social_options":{"image_generator_settings":{"template":"highway","default_image_id":0,"font":"","enabled":false},"version":2}},"categories":[11],"tags":[],"class_list":["post-56603","post","type-post","status-publish","format-standard","has-post-thumbnail","hentry","category-noticias-de-ribeirao-preto-sp-e-regiao-ismael-colosi"],"jetpack_publicize_connections":[],"jetpack_featured_media_url":"https:\/\/i0.wp.com\/ismaelcolosi.com.br\/wp-content\/uploads\/2024\/07\/Copia-de-Copia-de-TAMANHO-EXATO-PARA-FOTOS-NO-SISTEMA-NOVO-11_2024-07-12_21-54-39_jpg_2024-07-12_21-54-39.webp.webp?fit=1200%2C675&ssl=1","uagb_featured_image_src":{"full":["https:\/\/i0.wp.com\/ismaelcolosi.com.br\/wp-content\/uploads\/2024\/07\/Copia-de-Copia-de-TAMANHO-EXATO-PARA-FOTOS-NO-SISTEMA-NOVO-11_2024-07-12_21-54-39_jpg_2024-07-12_21-54-39.webp.webp?fit=1200%2C675&ssl=1",1200,675,false],"thumbnail":["https:\/\/i0.wp.com\/ismaelcolosi.com.br\/wp-content\/uploads\/2024\/07\/Copia-de-Copia-de-TAMANHO-EXATO-PARA-FOTOS-NO-SISTEMA-NOVO-11_2024-07-12_21-54-39_jpg_2024-07-12_21-54-39.webp.webp?resize=150%2C150&ssl=1",150,150,true],"medium":["https:\/\/i0.wp.com\/ismaelcolosi.com.br\/wp-content\/uploads\/2024\/07\/Copia-de-Copia-de-TAMANHO-EXATO-PARA-FOTOS-NO-SISTEMA-NOVO-11_2024-07-12_21-54-39_jpg_2024-07-12_21-54-39.webp.webp?fit=300%2C169&ssl=1",300,169,true],"medium_large":["https:\/\/i0.wp.com\/ismaelcolosi.com.br\/wp-content\/uploads\/2024\/07\/Copia-de-Copia-de-TAMANHO-EXATO-PARA-FOTOS-NO-SISTEMA-NOVO-11_2024-07-12_21-54-39_jpg_2024-07-12_21-54-39.webp.webp?fit=768%2C432&ssl=1",768,432,true],"large":["https:\/\/i0.wp.com\/ismaelcolosi.com.br\/wp-content\/uploads\/2024\/07\/Copia-de-Copia-de-TAMANHO-EXATO-PARA-FOTOS-NO-SISTEMA-NOVO-11_2024-07-12_21-54-39_jpg_2024-07-12_21-54-39.webp.webp?fit=1024%2C576&ssl=1",1024,576,true],"1536x1536":["https:\/\/i0.wp.com\/ismaelcolosi.com.br\/wp-content\/uploads\/2024\/07\/Copia-de-Copia-de-TAMANHO-EXATO-PARA-FOTOS-NO-SISTEMA-NOVO-11_2024-07-12_21-54-39_jpg_2024-07-12_21-54-39.webp.webp?fit=1200%2C675&ssl=1",1200,675,true],"2048x2048":["https:\/\/i0.wp.com\/ismaelcolosi.com.br\/wp-content\/uploads\/2024\/07\/Copia-de-Copia-de-TAMANHO-EXATO-PARA-FOTOS-NO-SISTEMA-NOVO-11_2024-07-12_21-54-39_jpg_2024-07-12_21-54-39.webp.webp?fit=1200%2C675&ssl=1",1200,675,true],"really-simple-thumb":["https:\/\/i0.wp.com\/ismaelcolosi.com.br\/wp-content\/uploads\/2024\/07\/Copia-de-Copia-de-TAMANHO-EXATO-PARA-FOTOS-NO-SISTEMA-NOVO-11_2024-07-12_21-54-39_jpg_2024-07-12_21-54-39.webp.webp?resize=370%2C247&ssl=1",370,247,true]},"uagb_author_info":{"display_name":"ismaelcolosi.com.br","author_link":"https:\/\/ismaelcolosi.com.br\/index.php\/author\/vidareal-online\/"},"uagb_comment_info":0,"uagb_excerpt":"Os cinco investigados na quarta fase da Opera\u00e7\u00e3o \u00daltima Milha continuam presos, ap\u00f3s decis\u00e3o do STF (Supremo Tribunal Federal).\u00a0Deflagrada nesta quinta-feira (11), a investiga\u00e7\u00e3o apura...","jetpack-related-posts":[{"id":56607,"url":"https:\/\/ismaelcolosi.com.br\/index.php\/2024\/07\/12\/investigados-pelo-caso-abin-paralela-continuam-presos-apos-decisao-do-stf-2\/","url_meta":{"origin":56603,"position":0},"title":"Investigados pelo caso \u2018Abin paralela\u201d continuam presos ap\u00f3s decis\u00e3o do STF","author":"ismaelcolosi.com.br","date":"12 de July de 2024","format":false,"excerpt":"Os cinco investigados na quarta fase da Opera\u00e7\u00e3o \u00daltima Milha continuam presos, ap\u00f3s decis\u00e3o do STF (Supremo Tribunal Federal).\u00a0Deflagrada nesta quinta-feira (11), a investiga\u00e7\u00e3o apura o uso irregular da Abin (Ag\u00eancia Brasileira de Intelig\u00eancia) para favorecer filhos do ex-presidente Jair Bolsonaro, monitorar ministros do STF e pol\u00edticos opositores. Com a\u2026","rel":"","context":"In &quot;Not\u00edcias de Ribeir\u00e3o Preto-SP e Regi\u00e3o&quot;","block_context":{"text":"Not\u00edcias de Ribeir\u00e3o Preto-SP e Regi\u00e3o","link":"https:\/\/ismaelcolosi.com.br\/index.php\/category\/noticias-de-ribeirao-preto-sp-e-regiao-ismael-colosi\/"},"img":{"alt_text":"","src":"https:\/\/i0.wp.com\/ismaelcolosi.com.br\/wp-content\/uploads\/2024\/07\/Copia-de-Copia-de-TAMANHO-EXATO-PARA-FOTOS-NO-SISTEMA-NOVO-11_2024-07-12_21-54-39_jpg_2024-07-12_21-54-39.webp.webp?fit=1200%2C675&ssl=1&resize=350%2C200","width":350,"height":200,"srcset":"https:\/\/i0.wp.com\/ismaelcolosi.com.br\/wp-content\/uploads\/2024\/07\/Copia-de-Copia-de-TAMANHO-EXATO-PARA-FOTOS-NO-SISTEMA-NOVO-11_2024-07-12_21-54-39_jpg_2024-07-12_21-54-39.webp.webp?fit=1200%2C675&ssl=1&resize=350%2C200 1x, https:\/\/i0.wp.com\/ismaelcolosi.com.br\/wp-content\/uploads\/2024\/07\/Copia-de-Copia-de-TAMANHO-EXATO-PARA-FOTOS-NO-SISTEMA-NOVO-11_2024-07-12_21-54-39_jpg_2024-07-12_21-54-39.webp.webp?fit=1200%2C675&ssl=1&resize=525%2C300 1.5x, https:\/\/i0.wp.com\/ismaelcolosi.com.br\/wp-content\/uploads\/2024\/07\/Copia-de-Copia-de-TAMANHO-EXATO-PARA-FOTOS-NO-SISTEMA-NOVO-11_2024-07-12_21-54-39_jpg_2024-07-12_21-54-39.webp.webp?fit=1200%2C675&ssl=1&resize=700%2C400 2x, https:\/\/i0.wp.com\/ismaelcolosi.com.br\/wp-content\/uploads\/2024\/07\/Copia-de-Copia-de-TAMANHO-EXATO-PARA-FOTOS-NO-SISTEMA-NOVO-11_2024-07-12_21-54-39_jpg_2024-07-12_21-54-39.webp.webp?fit=1200%2C675&ssl=1&resize=1050%2C600 3x"},"classes":[]},{"id":40376,"url":"https:\/\/ismaelcolosi.com.br\/index.php\/2024\/03\/03\/saiba-se-os-moradores-de-ribeirao-condenados-pelos-atos-de-8-de-janeiro-serao-presos\/","url_meta":{"origin":56603,"position":1},"title":"Saiba se os moradores de Ribeir\u00e3o condenados pelos atos de 8 de janeiro ser\u00e3o presos","author":"ismaelcolosi.com.br","date":"3 de March de 2024","format":false,"excerpt":"O STF (Supremo Tribunal Federal) condenou dois moradores de Ribeir\u00e3o Preto pelos atos de 8 de janeiro de 2023 pelos crimes de tentativa de Golpe de Estado, entre outros. Mas isso n\u00e3o significa que eles v\u00e3o presos imediatamente. Quando ser\u00e3o presos? De acordo com a Corte, os condenados s\u00f3 passam\u2026","rel":"","context":"In &quot;Not\u00edcias de Ribeir\u00e3o Preto-SP e Regi\u00e3o&quot;","block_context":{"text":"Not\u00edcias de Ribeir\u00e3o Preto-SP e Regi\u00e3o","link":"https:\/\/ismaelcolosi.com.br\/index.php\/category\/noticias-de-ribeirao-preto-sp-e-regiao-ismael-colosi\/"},"img":{"alt_text":"","src":"https:\/\/i0.wp.com\/ismaelcolosi.com.br\/wp-content\/uploads\/2024\/03\/AnyConv.com__WhatsApp-Image-2024-03-02-at-10.37.09.webp.webp?fit=1200%2C675&ssl=1&resize=350%2C200","width":350,"height":200,"srcset":"https:\/\/i0.wp.com\/ismaelcolosi.com.br\/wp-content\/uploads\/2024\/03\/AnyConv.com__WhatsApp-Image-2024-03-02-at-10.37.09.webp.webp?fit=1200%2C675&ssl=1&resize=350%2C200 1x, https:\/\/i0.wp.com\/ismaelcolosi.com.br\/wp-content\/uploads\/2024\/03\/AnyConv.com__WhatsApp-Image-2024-03-02-at-10.37.09.webp.webp?fit=1200%2C675&ssl=1&resize=525%2C300 1.5x, https:\/\/i0.wp.com\/ismaelcolosi.com.br\/wp-content\/uploads\/2024\/03\/AnyConv.com__WhatsApp-Image-2024-03-02-at-10.37.09.webp.webp?fit=1200%2C675&ssl=1&resize=700%2C400 2x, https:\/\/i0.wp.com\/ismaelcolosi.com.br\/wp-content\/uploads\/2024\/03\/AnyConv.com__WhatsApp-Image-2024-03-02-at-10.37.09.webp.webp?fit=1200%2C675&ssl=1&resize=1050%2C600 3x"},"classes":[]},{"id":56685,"url":"https:\/\/ismaelcolosi.com.br\/index.php\/2024\/07\/14\/deputado-federal-ramagem-deve-prestar-primeiro-depoimento-sobre-abin-paralela\/","url_meta":{"origin":56603,"position":2},"title":"Deputado federal Ramagem deve prestar primeiro depoimento sobre \u2018Abin Paralela\u2019","author":"ismaelcolosi.com.br","date":"14 de July de 2024","format":false,"excerpt":"Com as descobertas da opera\u00e7\u00e3o \u201c\u00daltima Milha\u201d da PF (Pol\u00edcia Federal), que investiga suposto monitoramento ilegal de opositores do ex-presidente Jair Bolsonaro (PL) pela Abin (Ag\u00eancia Brasileira de Intelig\u00eancia), o deputado federal Alexandre Ramagem (PL-RJ), que dirigiu a Abin, deve ser ouvido pela primeira vez. O depoimento est\u00e1 previsto para\u2026","rel":"","context":"In &quot;Not\u00edcias de Ribeir\u00e3o Preto-SP e Regi\u00e3o&quot;","block_context":{"text":"Not\u00edcias de Ribeir\u00e3o Preto-SP e Regi\u00e3o","link":"https:\/\/ismaelcolosi.com.br\/index.php\/category\/noticias-de-ribeirao-preto-sp-e-regiao-ismael-colosi\/"},"img":{"alt_text":"","src":"https:\/\/i0.wp.com\/ismaelcolosi.com.br\/wp-content\/uploads\/2024\/07\/Copia-de-Copia-de-TAMANHO-EXATO-PARA-FOTOS-NO-SISTEMA-NOVO-15_2024-07-14_16-30-36_jpg_2024-07-14_16-30-36.webp.webp?fit=1200%2C675&ssl=1&resize=350%2C200","width":350,"height":200,"srcset":"https:\/\/i0.wp.com\/ismaelcolosi.com.br\/wp-content\/uploads\/2024\/07\/Copia-de-Copia-de-TAMANHO-EXATO-PARA-FOTOS-NO-SISTEMA-NOVO-15_2024-07-14_16-30-36_jpg_2024-07-14_16-30-36.webp.webp?fit=1200%2C675&ssl=1&resize=350%2C200 1x, https:\/\/i0.wp.com\/ismaelcolosi.com.br\/wp-content\/uploads\/2024\/07\/Copia-de-Copia-de-TAMANHO-EXATO-PARA-FOTOS-NO-SISTEMA-NOVO-15_2024-07-14_16-30-36_jpg_2024-07-14_16-30-36.webp.webp?fit=1200%2C675&ssl=1&resize=525%2C300 1.5x, https:\/\/i0.wp.com\/ismaelcolosi.com.br\/wp-content\/uploads\/2024\/07\/Copia-de-Copia-de-TAMANHO-EXATO-PARA-FOTOS-NO-SISTEMA-NOVO-15_2024-07-14_16-30-36_jpg_2024-07-14_16-30-36.webp.webp?fit=1200%2C675&ssl=1&resize=700%2C400 2x, https:\/\/i0.wp.com\/ismaelcolosi.com.br\/wp-content\/uploads\/2024\/07\/Copia-de-Copia-de-TAMANHO-EXATO-PARA-FOTOS-NO-SISTEMA-NOVO-15_2024-07-14_16-30-36_jpg_2024-07-14_16-30-36.webp.webp?fit=1200%2C675&ssl=1&resize=1050%2C600 3x"},"classes":[]},{"id":25401,"url":"https:\/\/ismaelcolosi.com.br\/index.php\/2024\/01\/07\/veja-a-situacao-dos-moradores-de-ribeirao-preto-presos-nos-atos-de-8-de-janeiro\/","url_meta":{"origin":56603,"position":3},"title":"Veja a situa\u00e7\u00e3o dos moradores de Ribeir\u00e3o Preto presos nos atos de 8 de janeiro","author":"ismaelcolosi.com.br","date":"7 de January de 2024","format":false,"excerpt":"Os dois moradores de Ribeir\u00e3o Preto que foram presos ap\u00f3s os atos antidemocr\u00e1ticos de 8 de janeiro de 2023, em Bras\u00edlia, ainda aguardam para serem julgados pelo STF (Supremo Tribunal Federal). Desde agosto, a advogada Nara Faustino de Menezes e o ex-advogado Barquet Miguel J\u00fanior, respondem o processo em liberdade.\u2026","rel":"","context":"In &quot;Not\u00edcias de Ribeir\u00e3o Preto-SP e Regi\u00e3o&quot;","block_context":{"text":"Not\u00edcias de Ribeir\u00e3o Preto-SP e Regi\u00e3o","link":"https:\/\/ismaelcolosi.com.br\/index.php\/category\/noticias-de-ribeirao-preto-sp-e-regiao-ismael-colosi\/"},"img":{"alt_text":"","src":"https:\/\/i0.wp.com\/ismaelcolosi.com.br\/wp-content\/uploads\/2024\/01\/nara-faustino-e-barquet-miguel.jpeg?fit=1200%2C675&ssl=1&resize=350%2C200","width":350,"height":200,"srcset":"https:\/\/i0.wp.com\/ismaelcolosi.com.br\/wp-content\/uploads\/2024\/01\/nara-faustino-e-barquet-miguel.jpeg?fit=1200%2C675&ssl=1&resize=350%2C200 1x, https:\/\/i0.wp.com\/ismaelcolosi.com.br\/wp-content\/uploads\/2024\/01\/nara-faustino-e-barquet-miguel.jpeg?fit=1200%2C675&ssl=1&resize=525%2C300 1.5x, https:\/\/i0.wp.com\/ismaelcolosi.com.br\/wp-content\/uploads\/2024\/01\/nara-faustino-e-barquet-miguel.jpeg?fit=1200%2C675&ssl=1&resize=700%2C400 2x, https:\/\/i0.wp.com\/ismaelcolosi.com.br\/wp-content\/uploads\/2024\/01\/nara-faustino-e-barquet-miguel.jpeg?fit=1200%2C675&ssl=1&resize=1050%2C600 3x"},"classes":[]},{"id":56584,"url":"https:\/\/ismaelcolosi.com.br\/index.php\/2024\/07\/12\/ribeirao-pretano-e-um-dos-alvos-de-operacao-da-pf-contra-abin-paralela\/","url_meta":{"origin":56603,"position":4},"title":"Ribeir\u00e3o-pretano \u00e9 um dos alvos de opera\u00e7\u00e3o da PF contra \u2018Abin Paralela\u2019","author":"ismaelcolosi.com.br","date":"12 de July de 2024","format":false,"excerpt":"O ribeir\u00e3o-pretano Mateus de Carvalho Sposito \u00e9 um dos alvos da PF (Pol\u00edcia Federal) na opera\u00e7\u00e3o que investiga a \u201cAbin Paralela\u201d. Mateus foi preso preventivamente na \u00faltima quinta-feira (11) durante a opera\u00e7\u00e3o \u00daltima Milha, que investiga o uso indevido da Abin (Ag\u00eancia Brasileira de Intelig\u00eancia) durante o governo de Jair\u2026","rel":"","context":"In &quot;Not\u00edcias de Ribeir\u00e3o Preto-SP e Regi\u00e3o&quot;","block_context":{"text":"Not\u00edcias de Ribeir\u00e3o Preto-SP e Regi\u00e3o","link":"https:\/\/ismaelcolosi.com.br\/index.php\/category\/noticias-de-ribeirao-preto-sp-e-regiao-ismael-colosi\/"},"img":{"alt_text":"","src":"https:\/\/i0.wp.com\/ismaelcolosi.com.br\/wp-content\/uploads\/2024\/07\/Copia-de-Copia-de-TAMANHO-EXATO-PARA-FOTOS-NO-SISTEMA-NOVO-9_2024-07-12_19-13-32_jpg_2024-07-12_19-13-32.webp.webp?fit=1200%2C675&ssl=1&resize=350%2C200","width":350,"height":200,"srcset":"https:\/\/i0.wp.com\/ismaelcolosi.com.br\/wp-content\/uploads\/2024\/07\/Copia-de-Copia-de-TAMANHO-EXATO-PARA-FOTOS-NO-SISTEMA-NOVO-9_2024-07-12_19-13-32_jpg_2024-07-12_19-13-32.webp.webp?fit=1200%2C675&ssl=1&resize=350%2C200 1x, https:\/\/i0.wp.com\/ismaelcolosi.com.br\/wp-content\/uploads\/2024\/07\/Copia-de-Copia-de-TAMANHO-EXATO-PARA-FOTOS-NO-SISTEMA-NOVO-9_2024-07-12_19-13-32_jpg_2024-07-12_19-13-32.webp.webp?fit=1200%2C675&ssl=1&resize=525%2C300 1.5x, https:\/\/i0.wp.com\/ismaelcolosi.com.br\/wp-content\/uploads\/2024\/07\/Copia-de-Copia-de-TAMANHO-EXATO-PARA-FOTOS-NO-SISTEMA-NOVO-9_2024-07-12_19-13-32_jpg_2024-07-12_19-13-32.webp.webp?fit=1200%2C675&ssl=1&resize=700%2C400 2x, https:\/\/i0.wp.com\/ismaelcolosi.com.br\/wp-content\/uploads\/2024\/07\/Copia-de-Copia-de-TAMANHO-EXATO-PARA-FOTOS-NO-SISTEMA-NOVO-9_2024-07-12_19-13-32_jpg_2024-07-12_19-13-32.webp.webp?fit=1200%2C675&ssl=1&resize=1050%2C600 3x"},"classes":[]},{"id":43590,"url":"https:\/\/ismaelcolosi.com.br\/index.php\/2024\/03\/22\/robinho-passa-noite-na-cadeia-e-ficara-uma-semana-em-cela-separada\/","url_meta":{"origin":56603,"position":5},"title":"Robinho passa noite na cadeia e ficar\u00e1 uma semana em cela separada","author":"ismaelcolosi.com.br","date":"22 de March de 2024","format":false,"excerpt":"22 de mar\u00e7o de 2024 | 10:18 0 O ex-jogador Robson de Souza, Robinho, passou a primeira noite na Penitenci\u00e1ria 2 Dr. Jos\u00e9 Augusto Salgado, na cidade de Trememb\u00e9, interior paulista, em uma cela especial. Dever\u00e1 permanecer em isolamento por cerca de uma semana, onde ficar\u00e1 em observa\u00e7\u00e3o. At\u00e9 mesmo\u2026","rel":"","context":"In &quot;Not\u00edcias de Ribeir\u00e3o Preto-SP e Regi\u00e3o&quot;","block_context":{"text":"Not\u00edcias de Ribeir\u00e3o Preto-SP e Regi\u00e3o","link":"https:\/\/ismaelcolosi.com.br\/index.php\/category\/noticias-de-ribeirao-preto-sp-e-regiao-ismael-colosi\/"},"img":{"alt_text":"","src":"https:\/\/i0.wp.com\/ismaelcolosi.com.br\/wp-content\/uploads\/2024\/03\/robinho_divulgacao_santos-noite-site-scaled.jpeg?fit=1000%2C598&ssl=1&resize=350%2C200","width":350,"height":200,"srcset":"https:\/\/i0.wp.com\/ismaelcolosi.com.br\/wp-content\/uploads\/2024\/03\/robinho_divulgacao_santos-noite-site-scaled.jpeg?fit=1000%2C598&ssl=1&resize=350%2C200 1x, https:\/\/i0.wp.com\/ismaelcolosi.com.br\/wp-content\/uploads\/2024\/03\/robinho_divulgacao_santos-noite-site-scaled.jpeg?fit=1000%2C598&ssl=1&resize=525%2C300 1.5x, https:\/\/i0.wp.com\/ismaelcolosi.com.br\/wp-content\/uploads\/2024\/03\/robinho_divulgacao_santos-noite-site-scaled.jpeg?fit=1000%2C598&ssl=1&resize=700%2C400 2x"},"classes":[]}],"jetpack_sharing_enabled":true,"jetpack_shortlink":"https:\/\/wp.me\/pfMlyK-eIX","_links":{"self":[{"href":"https:\/\/ismaelcolosi.com.br\/index.php\/wp-json\/wp\/v2\/posts\/56603","targetHints":{"allow":["GET"]}}],"collection":[{"href":"https:\/\/ismaelcolosi.com.br\/index.php\/wp-json\/wp\/v2\/posts"}],"about":[{"href":"https:\/\/ismaelcolosi.com.br\/index.php\/wp-json\/wp\/v2\/types\/post"}],"author":[{"embeddable":true,"href":"https:\/\/ismaelcolosi.com.br\/index.php\/wp-json\/wp\/v2\/users\/1"}],"replies":[{"embeddable":true,"href":"https:\/\/ismaelcolosi.com.br\/index.php\/wp-json\/wp\/v2\/comments?post=56603"}],"version-history":[{"count":0,"href":"https:\/\/ismaelcolosi.com.br\/index.php\/wp-json\/wp\/v2\/posts\/56603\/revisions"}],"wp:featuredmedia":[{"embeddable":true,"href":"https:\/\/ismaelcolosi.com.br\/index.php\/wp-json\/wp\/v2\/media\/56604"}],"wp:attachment":[{"href":"https:\/\/ismaelcolosi.com.br\/index.php\/wp-json\/wp\/v2\/media?parent=56603"}],"wp:term":[{"taxonomy":"category","embeddable":true,"href":"https:\/\/ismaelcolosi.com.br\/index.php\/wp-json\/wp\/v2\/categories?post=56603"},{"taxonomy":"post_tag","embeddable":true,"href":"https:\/\/ismaelcolosi.com.br\/index.php\/wp-json\/wp\/v2\/tags?post=56603"}],"curies":[{"name":"wp","href":"https:\/\/api.w.org\/{rel}","templated":true}]}}