{"id":56601,"date":"2024-07-12T18:43:49","date_gmt":"2024-07-12T21:43:49","guid":{"rendered":"https:\/\/ismaelcolosi.com.br\/index.php\/2024\/07\/12\/musical-jesus-cristo-superestar-reune-mais-de-150-cantores-no-theatro-pedro-ii-em-ribeirao\/"},"modified":"2024-07-12T18:43:49","modified_gmt":"2024-07-12T21:43:49","slug":"musical-jesus-cristo-superestar-reune-mais-de-150-cantores-no-theatro-pedro-ii-em-ribeirao","status":"publish","type":"post","link":"https:\/\/ismaelcolosi.com.br\/index.php\/2024\/07\/12\/musical-jesus-cristo-superestar-reune-mais-de-150-cantores-no-theatro-pedro-ii-em-ribeirao\/","title":{"rendered":"Musical \u2018Jesus Cristo Superestar\u2019 re\u00fane mais de 150 cantores no Theatro Pedro II em Ribeir\u00e3o"},"content":{"rendered":"<p> <br \/>\n<\/p>\n<div>\n<p>O espet\u00e1culo <strong>\u201cJesus Cristo Superestar\u201d<\/strong>, <strong>famoso musical da Broadway<\/strong>, ter\u00e1 <strong>duas apresenta\u00e7\u00f5es<\/strong> em <strong>Ribeir\u00e3o Preto<\/strong> neste <strong>fim de semana<\/strong>. As <strong>sess\u00f5es<\/strong> ser\u00e3o no<strong> s\u00e1bado<\/strong> (13), \u00e0s 20h, e no <strong>domingo<\/strong> (14), \u00e0s 19h. Ambas no <strong>Theatro Pedro II<\/strong>, no Centro da cidade.<\/p>\n<p>Com <strong>dura\u00e7\u00e3o de 1h30<\/strong>, o <strong>musical<\/strong> reunir\u00e1 <strong>mais de 150 cantores<\/strong> sob <strong>reg\u00eancia<\/strong> do maestro <strong>Abel Rocha<\/strong> e <strong>produ\u00e7\u00e3o da Cia. Minaz<\/strong>. <\/p>\n<p>Participam da apresenta\u00e7\u00e3o <strong>jovens solistas<\/strong> premiados e com experi\u00eancia em musicais, \u00f3peras e concertos no Brasil e no exterior, al\u00e9m de <strong>bailarinos<\/strong> e <strong>banda<\/strong>.<\/p>\n<h2 class=\"wp-block-heading\"><strong>Sobre o musical<\/strong><\/h2>\n<p>O <strong>famoso musical da Broadway<\/strong>, estreado em <strong>1971<\/strong> \u00e9 composto pelo<strong> consagrado Andrew Lloyd Webber e Tim Rice<\/strong>, narra com uma linguagem ainda atual os \u00faltimos dias de Cristo e os impactos pol\u00edticos e sociais provocados por seus ensinamentos e atitudes.\u00a0<\/p>\n<p>A<strong> hist\u00f3ria<\/strong> se passa desde sua <strong>chegada a Jerusal\u00e9m<\/strong> at\u00e9 sua <strong>crucifica\u00e7\u00e3o<\/strong> e enfoca o personagem de Judas, personificando as controv\u00e9rsias das rela\u00e7\u00f5es humanas.<\/p>\n<h2 class=\"wp-block-heading\"><strong>Ingressos<\/strong><\/h2>\n<p>Os <strong>ingressos<\/strong> est\u00e3o sendo vendidos a <strong>R$ 40 (inteira)<\/strong> pelo <strong>site mega bilheteria<\/strong> (<a href=\"https:\/\/www.megabilheteria.com\/evento?id=20240606144742\" target=\"_blank\" rel=\"noreferrer noopener nofollow\">clique aqui<\/a>).<\/p>\n<p><strong>Servi\u00e7o:<\/strong><br \/><strong>Jesus Cristo Superestar<br \/><\/strong>Datas: 13 de julho (s\u00e1bado) e 14 de julho (domingo) <br \/>Hor\u00e1rios: s\u00e1bado, \u00e0s 20h e domingo, \u00e0s 19h<br \/>Local: Theatro Pedro II \u2013 rua \u00c1lvares Cabral, 370, Centro<br \/>Ingressos: R$ 40 inteira<br \/>Venda: site megabilheteria.com<\/p>\n<p>SAIBA MAIS <\/p>\n<p>PL e MDB anunciam apoio \u00e0 pr\u00e9-candidatura de Ricardo Silva em Ribeir\u00e3o; Veja os pr\u00e9-candidatos<\/p>\n<h4 class=\"wp-block-heading\"><strong>FIQUE ON<\/strong><\/h4>\n<p>Fique ligado em tudo que acontece em Ribeir\u00e3o Preto e regi\u00e3o. Siga os perfis do\u00a0<strong>acidade on\u00a0<\/strong>no\u00a0<a href=\"https:\/\/www.instagram.com\/acidadeonribeirao\" target=\"_blank\" rel=\"noreferrer noopener\">Instagram\u00a0<\/a>e no\u00a0<a href=\"https:\/\/www.facebook.com\/acidadeonribeirao\/\" target=\"_blank\" rel=\"noreferrer noopener\">Facebook<\/a>.<\/p>\n<p>Receba not\u00edcias do<strong>\u00a0acidade on\u00a0<\/strong>no WhatsApp.\u00a0<a href=\"https:\/\/chat.whatsapp.com\/CdrZ6xrf7quD44Vw3WlPuZ\" target=\"_blank\" rel=\"noreferrer noopener\">Para entrar no grupo, basta clicar aqui.<\/a><\/p>\n<p>Fa\u00e7a uma den\u00fancia ou sugira uma reportagem sobre Ribeir\u00e3o Preto e regi\u00e3o pelo WhatsApp: 16 99117 7802.<\/p>\n<p>VEJA TAMB\u00c9M<br \/>Como impedir de ser colocado em grupos\u00a0de\u00a0WhatsApp?<\/p>\n<p><!-- AI CONTENT END 1 -->\n<\/div>\n<p><script async src=\"\/\/www.instagram.com\/embed.js\"><\/script><br \/>\n<br \/><br \/>\n<br \/><a href=\"https:\/\/www.acidadeon.com\/ribeiraopreto\/lazer-e-cultura\/musical-jesus-cristo-superestar-reune-mais-de-150-cantores-no-theatro-pedro-ii-em-ribeirao\/\">Source link <\/a><\/p>\n<div class='code-block code-block-4' style='margin: 8px auto 8px 0; text-align: left; display: block; clear: both;'>\n\ud83d\udce2 Aviso Legal\n\nO site ismaelcolosi.com.br atua apenas como um canal de divulga\u00e7\u00e3o de oportunidades de emprego e n\u00e3o se responsabiliza pelo processo seletivo, contrata\u00e7\u00e3o ou qualquer outra etapa relacionada \u00e0s vagas publicadas. Todas as informa\u00e7\u00f5es s\u00e3o de responsabilidade dos anunciantes.\n\n\u26a0\ufe0f Aten\u00e7\u00e3o! Nunca pague por promessas de emprego nem compre cursos que garantam contrata\u00e7\u00e3o. Desconfie de qualquer cobran\u00e7a para participar de sele\u00e7\u00f5es.\n\n\n\n<\/div>\n<!-- CONTENT END 1 -->\n","protected":false},"excerpt":{"rendered":"<p>O espet\u00e1culo \u201cJesus Cristo Superestar\u201d, famoso musical da Broadway, ter\u00e1 duas apresenta\u00e7\u00f5es em Ribeir\u00e3o Preto neste fim de semana. As sess\u00f5es ser\u00e3o no s\u00e1bado (13),&#8230;<\/p>\n","protected":false},"author":1,"featured_media":56602,"comment_status":"open","ping_status":"open","sticky":false,"template":"","format":"standard","meta":{"_uag_custom_page_level_css":"","advanced_seo_description":"","jetpack_seo_html_title":"","jetpack_seo_noindex":false,"jetpack_post_was_ever_published":false,"_jetpack_newsletter_access":"","_jetpack_dont_email_post_to_subs":false,"_jetpack_newsletter_tier_id":0,"_jetpack_memberships_contains_paywalled_content":false,"_jetpack_memberships_contains_paid_content":false,"footnotes":"","jetpack_publicize_message":"","jetpack_publicize_feature_enabled":true,"jetpack_social_post_already_shared":true,"jetpack_social_options":{"image_generator_settings":{"template":"highway","default_image_id":0,"font":"","enabled":false},"version":2}},"categories":[11],"tags":[],"class_list":["post-56601","post","type-post","status-publish","format-standard","has-post-thumbnail","hentry","category-noticias-de-ribeirao-preto-sp-e-regiao-ismael-colosi"],"jetpack_publicize_connections":[],"jetpack_featured_media_url":"https:\/\/i0.wp.com\/ismaelcolosi.com.br\/wp-content\/uploads\/2024\/07\/Copia-de-Copia-de-TAMANHO-EXATO-PARA-FOTOS-NO-SISTEMA-NOVO-10_2024-07-12_21-00-09_jpg_2024-07-12_21-00-10.webp.webp?fit=1200%2C675&ssl=1","uagb_featured_image_src":{"full":["https:\/\/i0.wp.com\/ismaelcolosi.com.br\/wp-content\/uploads\/2024\/07\/Copia-de-Copia-de-TAMANHO-EXATO-PARA-FOTOS-NO-SISTEMA-NOVO-10_2024-07-12_21-00-09_jpg_2024-07-12_21-00-10.webp.webp?fit=1200%2C675&ssl=1",1200,675,false],"thumbnail":["https:\/\/i0.wp.com\/ismaelcolosi.com.br\/wp-content\/uploads\/2024\/07\/Copia-de-Copia-de-TAMANHO-EXATO-PARA-FOTOS-NO-SISTEMA-NOVO-10_2024-07-12_21-00-09_jpg_2024-07-12_21-00-10.webp.webp?resize=150%2C150&ssl=1",150,150,true],"medium":["https:\/\/i0.wp.com\/ismaelcolosi.com.br\/wp-content\/uploads\/2024\/07\/Copia-de-Copia-de-TAMANHO-EXATO-PARA-FOTOS-NO-SISTEMA-NOVO-10_2024-07-12_21-00-09_jpg_2024-07-12_21-00-10.webp.webp?fit=300%2C169&ssl=1",300,169,true],"medium_large":["https:\/\/i0.wp.com\/ismaelcolosi.com.br\/wp-content\/uploads\/2024\/07\/Copia-de-Copia-de-TAMANHO-EXATO-PARA-FOTOS-NO-SISTEMA-NOVO-10_2024-07-12_21-00-09_jpg_2024-07-12_21-00-10.webp.webp?fit=768%2C432&ssl=1",768,432,true],"large":["https:\/\/i0.wp.com\/ismaelcolosi.com.br\/wp-content\/uploads\/2024\/07\/Copia-de-Copia-de-TAMANHO-EXATO-PARA-FOTOS-NO-SISTEMA-NOVO-10_2024-07-12_21-00-09_jpg_2024-07-12_21-00-10.webp.webp?fit=1024%2C576&ssl=1",1024,576,true],"1536x1536":["https:\/\/i0.wp.com\/ismaelcolosi.com.br\/wp-content\/uploads\/2024\/07\/Copia-de-Copia-de-TAMANHO-EXATO-PARA-FOTOS-NO-SISTEMA-NOVO-10_2024-07-12_21-00-09_jpg_2024-07-12_21-00-10.webp.webp?fit=1200%2C675&ssl=1",1200,675,true],"2048x2048":["https:\/\/i0.wp.com\/ismaelcolosi.com.br\/wp-content\/uploads\/2024\/07\/Copia-de-Copia-de-TAMANHO-EXATO-PARA-FOTOS-NO-SISTEMA-NOVO-10_2024-07-12_21-00-09_jpg_2024-07-12_21-00-10.webp.webp?fit=1200%2C675&ssl=1",1200,675,true],"really-simple-thumb":["https:\/\/i0.wp.com\/ismaelcolosi.com.br\/wp-content\/uploads\/2024\/07\/Copia-de-Copia-de-TAMANHO-EXATO-PARA-FOTOS-NO-SISTEMA-NOVO-10_2024-07-12_21-00-09_jpg_2024-07-12_21-00-10.webp.webp?resize=370%2C247&ssl=1",370,247,true]},"uagb_author_info":{"display_name":"ismaelcolosi.com.br","author_link":"https:\/\/ismaelcolosi.com.br\/index.php\/author\/vidareal-online\/"},"uagb_comment_info":0,"uagb_excerpt":"O espet\u00e1culo \u201cJesus Cristo Superestar\u201d, famoso musical da Broadway, ter\u00e1 duas apresenta\u00e7\u00f5es em Ribeir\u00e3o Preto neste fim de semana. As sess\u00f5es ser\u00e3o no s\u00e1bado (13),...","jetpack-related-posts":[{"id":60922,"url":"https:\/\/ismaelcolosi.com.br\/index.php\/2024\/08\/19\/ator-do-musical-o-rei-leao-se-apresenta-no-theatro-pedro-ii-em-ribeirao-preto\/","url_meta":{"origin":56601,"position":0},"title":"Ator do musical \u2018O Rei Le\u00e3o\u2019 se apresenta no Theatro Pedro II em Ribeir\u00e3o Preto","author":"ismaelcolosi.com.br","date":"19 de August de 2024","format":false,"excerpt":"O ator Tiago Barbosa, do musical \u2018O Rei Le\u00e3o\u2019, apresenta o espet\u00e1culo \u201cTiago canta Milton\u201d, no Theatro Pedro II, em Ribeir\u00e3o Preto, neste domingo (25), \u00e0s 19h. No concerto, ele revive e reinventa as can\u00e7\u00f5es apresentadas no musical \u201cClube da Esquina \u2013 Os Sonhos N\u00e3o Envelhecem\u201d.\u00a0 O repert\u00f3rio inclui cerca\u2026","rel":"","context":"In &quot;Not\u00edcias de Ribeir\u00e3o Preto-SP e Regi\u00e3o&quot;","block_context":{"text":"Not\u00edcias de Ribeir\u00e3o Preto-SP e Regi\u00e3o","link":"https:\/\/ismaelcolosi.com.br\/index.php\/category\/noticias-de-ribeirao-preto-sp-e-regiao-ismael-colosi\/"},"img":{"alt_text":"","src":"https:\/\/i0.wp.com\/ismaelcolosi.com.br\/wp-content\/uploads\/2024\/08\/Copia-de-Copia-de-Copia-de-TAMANHO-EXATO-PARA-FOTOS-NO-SISTEMA-NOVO-9_2024-08-19_12-05-44_jpg_2024-08-19_12-05-44.webp.webp?fit=1200%2C675&ssl=1&resize=350%2C200","width":350,"height":200,"srcset":"https:\/\/i0.wp.com\/ismaelcolosi.com.br\/wp-content\/uploads\/2024\/08\/Copia-de-Copia-de-Copia-de-TAMANHO-EXATO-PARA-FOTOS-NO-SISTEMA-NOVO-9_2024-08-19_12-05-44_jpg_2024-08-19_12-05-44.webp.webp?fit=1200%2C675&ssl=1&resize=350%2C200 1x, https:\/\/i0.wp.com\/ismaelcolosi.com.br\/wp-content\/uploads\/2024\/08\/Copia-de-Copia-de-Copia-de-TAMANHO-EXATO-PARA-FOTOS-NO-SISTEMA-NOVO-9_2024-08-19_12-05-44_jpg_2024-08-19_12-05-44.webp.webp?fit=1200%2C675&ssl=1&resize=525%2C300 1.5x, https:\/\/i0.wp.com\/ismaelcolosi.com.br\/wp-content\/uploads\/2024\/08\/Copia-de-Copia-de-Copia-de-TAMANHO-EXATO-PARA-FOTOS-NO-SISTEMA-NOVO-9_2024-08-19_12-05-44_jpg_2024-08-19_12-05-44.webp.webp?fit=1200%2C675&ssl=1&resize=700%2C400 2x, https:\/\/i0.wp.com\/ismaelcolosi.com.br\/wp-content\/uploads\/2024\/08\/Copia-de-Copia-de-Copia-de-TAMANHO-EXATO-PARA-FOTOS-NO-SISTEMA-NOVO-9_2024-08-19_12-05-44_jpg_2024-08-19_12-05-44.webp.webp?fit=1200%2C675&ssl=1&resize=1050%2C600 3x"},"classes":[]},{"id":31313,"url":"https:\/\/ismaelcolosi.com.br\/index.php\/2024\/01\/21\/theatro-pedro-ii-recebe-o-musical-rei-leao-in-concert-veja-como-comprar-ingressos\/","url_meta":{"origin":56601,"position":1},"title":"Theatro Pedro II recebe o musical \u2018Rei Le\u00e3o In Concert\u2019; Veja como comprar ingressos","author":"ismaelcolosi.com.br","date":"21 de January de 2024","format":false,"excerpt":"O Theatro Pedro II, em Ribeir\u00e3o Preto, recebe o musical \u201cRei Le\u00e3o In Concert\u201d, no pr\u00f3ximo dia 10 de mar\u00e7o. Os ingressos para o espet\u00e1culo podem ser comprados pela internet e custam entre R$ 55 e R$ 150. O musical conta com o recurso de proje\u00e7\u00e3o mapeada 3D e os\u2026","rel":"","context":"In &quot;Not\u00edcias de Ribeir\u00e3o Preto-SP e Regi\u00e3o&quot;","block_context":{"text":"Not\u00edcias de Ribeir\u00e3o Preto-SP e Regi\u00e3o","link":"https:\/\/ismaelcolosi.com.br\/index.php\/category\/noticias-de-ribeirao-preto-sp-e-regiao-ismael-colosi\/"},"img":{"alt_text":"","src":"https:\/\/i0.wp.com\/ismaelcolosi.com.br\/wp-content\/uploads\/2024\/01\/reileao.jpg?fit=978%2C613&ssl=1&resize=350%2C200","width":350,"height":200,"srcset":"https:\/\/i0.wp.com\/ismaelcolosi.com.br\/wp-content\/uploads\/2024\/01\/reileao.jpg?fit=978%2C613&ssl=1&resize=350%2C200 1x, https:\/\/i0.wp.com\/ismaelcolosi.com.br\/wp-content\/uploads\/2024\/01\/reileao.jpg?fit=978%2C613&ssl=1&resize=525%2C300 1.5x, https:\/\/i0.wp.com\/ismaelcolosi.com.br\/wp-content\/uploads\/2024\/01\/reileao.jpg?fit=978%2C613&ssl=1&resize=700%2C400 2x"},"classes":[]},{"id":33755,"url":"https:\/\/ismaelcolosi.com.br\/index.php\/2024\/01\/30\/veja-atracoes-do-theatro-pedro-ii-em-ribeirao-renato-albani-esta-confirmado\/","url_meta":{"origin":56601,"position":2},"title":"Veja atra\u00e7\u00f5es do Theatro Pedro II em Ribeir\u00e3o; Renato Albani est\u00e1 confirmado","author":"ismaelcolosi.com.br","date":"30 de January de 2024","format":false,"excerpt":"O Theatro Pedro II, no Centro de Ribeir\u00e3o Preto, retoma a agenda de eventos a partir de mar\u00e7o, com uma programa\u00e7\u00e3o variada para todas as idades e gostos. A agenda conta com apresenta\u00e7\u00f5es de Renato Albani, Danilo Gentili, Biquini e mais. Confira abaixo a programa\u00e7\u00e3o completa para o m\u00eas de\u2026","rel":"","context":"In &quot;Not\u00edcias de Ribeir\u00e3o Preto-SP e Regi\u00e3o&quot;","block_context":{"text":"Not\u00edcias de Ribeir\u00e3o Preto-SP e Regi\u00e3o","link":"https:\/\/ismaelcolosi.com.br\/index.php\/category\/noticias-de-ribeirao-preto-sp-e-regiao-ismael-colosi\/"},"img":{"alt_text":"","src":"https:\/\/i0.wp.com\/ismaelcolosi.com.br\/wp-content\/uploads\/2024\/01\/Copia-de-Copia-de-TAMANHO-EXATO-PARA-FOTOS-NO-SISTEMA-NOVO-24.png?fit=1200%2C675&ssl=1&resize=350%2C200","width":350,"height":200,"srcset":"https:\/\/i0.wp.com\/ismaelcolosi.com.br\/wp-content\/uploads\/2024\/01\/Copia-de-Copia-de-TAMANHO-EXATO-PARA-FOTOS-NO-SISTEMA-NOVO-24.png?fit=1200%2C675&ssl=1&resize=350%2C200 1x, https:\/\/i0.wp.com\/ismaelcolosi.com.br\/wp-content\/uploads\/2024\/01\/Copia-de-Copia-de-TAMANHO-EXATO-PARA-FOTOS-NO-SISTEMA-NOVO-24.png?fit=1200%2C675&ssl=1&resize=525%2C300 1.5x, https:\/\/i0.wp.com\/ismaelcolosi.com.br\/wp-content\/uploads\/2024\/01\/Copia-de-Copia-de-TAMANHO-EXATO-PARA-FOTOS-NO-SISTEMA-NOVO-24.png?fit=1200%2C675&ssl=1&resize=700%2C400 2x, https:\/\/i0.wp.com\/ismaelcolosi.com.br\/wp-content\/uploads\/2024\/01\/Copia-de-Copia-de-TAMANHO-EXATO-PARA-FOTOS-NO-SISTEMA-NOVO-24.png?fit=1200%2C675&ssl=1&resize=1050%2C600 3x"},"classes":[]},{"id":36598,"url":"https:\/\/ismaelcolosi.com.br\/index.php\/2024\/02\/10\/musical-rei-leao-estreia-no-theatro-pedro-ii\/","url_meta":{"origin":56601,"position":3},"title":"Musical Rei Le\u00e3o\u00a0estreia no Theatro Pedro II\u00a0","author":"ismaelcolosi.com.br","date":"10 de February de 2024","format":false,"excerpt":"\u201cRei Le\u00e3o In Concert\u201d \u00e9 um musical encantador, baseado na obra teatral \u201cHamlet\u201d, do famoso dramaturgo ingl\u00eas William Shakespeare (1564-1616), e que ganhou uma nova adapta\u00e7\u00e3o independente criada pela mesma produtora de grandiosos espet\u00e1culos de circula\u00e7\u00e3o nacional e internacional, a BRZ Produ\u00e7\u00f5es, em parceria com a Teatro GT.\u00a0\u00a0\u00a0 \u00a0O espet\u00e1culo\u2026","rel":"","context":"In &quot;Not\u00edcias de Ribeir\u00e3o Preto-SP e Regi\u00e3o&quot;","block_context":{"text":"Not\u00edcias de Ribeir\u00e3o Preto-SP e Regi\u00e3o","link":"https:\/\/ismaelcolosi.com.br\/index.php\/category\/noticias-de-ribeirao-preto-sp-e-regiao-ismael-colosi\/"},"img":{"alt_text":"","src":"https:\/\/i0.wp.com\/ismaelcolosi.com.br\/wp-content\/uploads\/2024\/02\/ReiLeao-Divulgacao-03-scaled.jpg?fit=1000%2C625&ssl=1&resize=350%2C200","width":350,"height":200,"srcset":"https:\/\/i0.wp.com\/ismaelcolosi.com.br\/wp-content\/uploads\/2024\/02\/ReiLeao-Divulgacao-03-scaled.jpg?fit=1000%2C625&ssl=1&resize=350%2C200 1x, https:\/\/i0.wp.com\/ismaelcolosi.com.br\/wp-content\/uploads\/2024\/02\/ReiLeao-Divulgacao-03-scaled.jpg?fit=1000%2C625&ssl=1&resize=525%2C300 1.5x, https:\/\/i0.wp.com\/ismaelcolosi.com.br\/wp-content\/uploads\/2024\/02\/ReiLeao-Divulgacao-03-scaled.jpg?fit=1000%2C625&ssl=1&resize=700%2C400 2x"},"classes":[]},{"id":56937,"url":"https:\/\/ismaelcolosi.com.br\/index.php\/2024\/07\/16\/theatro-pedro-ii-em-ribeirao-preto-recebe-musical-a-bela-e-a-fera-veja-quando\/","url_meta":{"origin":56601,"position":4},"title":"Theatro Pedro II em Ribeir\u00e3o Preto recebe musical \u2018A Bela e a Fera\u2019; Veja quando","author":"ismaelcolosi.com.br","date":"16 de July de 2024","format":false,"excerpt":"O Theatro Pedro II, localizado no Centro de Ribeir\u00e3o Preto, recebe neste s\u00e1bado (20), \u00e0s 16h, apresenta\u00e7\u00e3o \u00fanica de \u201cA Bela e a Fera \u2013 O Espet\u00e1culo Musical\u201d. Considerado um dos maiores cl\u00e1ssicos de anima\u00e7\u00e3o do cinema, a releitura do conto de fadas franc\u00eas ter\u00e1 apresenta\u00e7\u00e3o \u00fanica na cidade. Os\u2026","rel":"","context":"In &quot;Not\u00edcias de Ribeir\u00e3o Preto-SP e Regi\u00e3o&quot;","block_context":{"text":"Not\u00edcias de Ribeir\u00e3o Preto-SP e Regi\u00e3o","link":"https:\/\/ismaelcolosi.com.br\/index.php\/category\/noticias-de-ribeirao-preto-sp-e-regiao-ismael-colosi\/"},"img":{"alt_text":"","src":"https:\/\/i0.wp.com\/ismaelcolosi.com.br\/wp-content\/uploads\/2024\/07\/b754bc4a-3a97-4e0d-a864-cc3d6596c6af_2024-07-16_16-57-53_jpg_2024-07-16_16-57-53.webp.webp?fit=1200%2C699&ssl=1&resize=350%2C200","width":350,"height":200,"srcset":"https:\/\/i0.wp.com\/ismaelcolosi.com.br\/wp-content\/uploads\/2024\/07\/b754bc4a-3a97-4e0d-a864-cc3d6596c6af_2024-07-16_16-57-53_jpg_2024-07-16_16-57-53.webp.webp?fit=1200%2C699&ssl=1&resize=350%2C200 1x, https:\/\/i0.wp.com\/ismaelcolosi.com.br\/wp-content\/uploads\/2024\/07\/b754bc4a-3a97-4e0d-a864-cc3d6596c6af_2024-07-16_16-57-53_jpg_2024-07-16_16-57-53.webp.webp?fit=1200%2C699&ssl=1&resize=525%2C300 1.5x, https:\/\/i0.wp.com\/ismaelcolosi.com.br\/wp-content\/uploads\/2024\/07\/b754bc4a-3a97-4e0d-a864-cc3d6596c6af_2024-07-16_16-57-53_jpg_2024-07-16_16-57-53.webp.webp?fit=1200%2C699&ssl=1&resize=700%2C400 2x, https:\/\/i0.wp.com\/ismaelcolosi.com.br\/wp-content\/uploads\/2024\/07\/b754bc4a-3a97-4e0d-a864-cc3d6596c6af_2024-07-16_16-57-53_jpg_2024-07-16_16-57-53.webp.webp?fit=1200%2C699&ssl=1&resize=1050%2C600 3x"},"classes":[]},{"id":51486,"url":"https:\/\/ismaelcolosi.com.br\/index.php\/2024\/05\/28\/espetaculo-com-classicos-do-tango-argentino-chega-ao-theatro-pedro-ii-em-ribeirao-preto\/","url_meta":{"origin":56601,"position":5},"title":"Espet\u00e1culo com cl\u00e1ssicos do tango argentino chega ao Theatro Pedro II em Ribeir\u00e3o Preto","author":"ismaelcolosi.com.br","date":"28 de May de 2024","format":false,"excerpt":"O espet\u00e1culo \u201cUma Noite de Tango \u2013 O Musical\u201d chega ao Theatro Pedro II, no Centro de Ribeir\u00e3o Preto, neste domingo (2). A apresenta\u00e7\u00e3o, com cl\u00e1ssicos do tango argentino, acontece \u00e0s 18h. \u00a0 O concerto narra hist\u00f3rias de amores, sonhos, prazeres, dores e desencontros. Fazem parte do repert\u00f3rio cl\u00e1ssicos do\u2026","rel":"","context":"In &quot;Not\u00edcias de Ribeir\u00e3o Preto-SP e Regi\u00e3o&quot;","block_context":{"text":"Not\u00edcias de Ribeir\u00e3o Preto-SP e Regi\u00e3o","link":"https:\/\/ismaelcolosi.com.br\/index.php\/category\/noticias-de-ribeirao-preto-sp-e-regiao-ismael-colosi\/"},"img":{"alt_text":"","src":"https:\/\/i0.wp.com\/ismaelcolosi.com.br\/wp-content\/uploads\/2024\/05\/5_2024-05-28_15-37-00_jpeg_2024-05-28_15-37-00.webp.webp?fit=1200%2C675&ssl=1&resize=350%2C200","width":350,"height":200,"srcset":"https:\/\/i0.wp.com\/ismaelcolosi.com.br\/wp-content\/uploads\/2024\/05\/5_2024-05-28_15-37-00_jpeg_2024-05-28_15-37-00.webp.webp?fit=1200%2C675&ssl=1&resize=350%2C200 1x, https:\/\/i0.wp.com\/ismaelcolosi.com.br\/wp-content\/uploads\/2024\/05\/5_2024-05-28_15-37-00_jpeg_2024-05-28_15-37-00.webp.webp?fit=1200%2C675&ssl=1&resize=525%2C300 1.5x, https:\/\/i0.wp.com\/ismaelcolosi.com.br\/wp-content\/uploads\/2024\/05\/5_2024-05-28_15-37-00_jpeg_2024-05-28_15-37-00.webp.webp?fit=1200%2C675&ssl=1&resize=700%2C400 2x, https:\/\/i0.wp.com\/ismaelcolosi.com.br\/wp-content\/uploads\/2024\/05\/5_2024-05-28_15-37-00_jpeg_2024-05-28_15-37-00.webp.webp?fit=1200%2C675&ssl=1&resize=1050%2C600 3x"},"classes":[]}],"jetpack_sharing_enabled":true,"jetpack_shortlink":"https:\/\/wp.me\/pfMlyK-eIV","_links":{"self":[{"href":"https:\/\/ismaelcolosi.com.br\/index.php\/wp-json\/wp\/v2\/posts\/56601","targetHints":{"allow":["GET"]}}],"collection":[{"href":"https:\/\/ismaelcolosi.com.br\/index.php\/wp-json\/wp\/v2\/posts"}],"about":[{"href":"https:\/\/ismaelcolosi.com.br\/index.php\/wp-json\/wp\/v2\/types\/post"}],"author":[{"embeddable":true,"href":"https:\/\/ismaelcolosi.com.br\/index.php\/wp-json\/wp\/v2\/users\/1"}],"replies":[{"embeddable":true,"href":"https:\/\/ismaelcolosi.com.br\/index.php\/wp-json\/wp\/v2\/comments?post=56601"}],"version-history":[{"count":0,"href":"https:\/\/ismaelcolosi.com.br\/index.php\/wp-json\/wp\/v2\/posts\/56601\/revisions"}],"wp:featuredmedia":[{"embeddable":true,"href":"https:\/\/ismaelcolosi.com.br\/index.php\/wp-json\/wp\/v2\/media\/56602"}],"wp:attachment":[{"href":"https:\/\/ismaelcolosi.com.br\/index.php\/wp-json\/wp\/v2\/media?parent=56601"}],"wp:term":[{"taxonomy":"category","embeddable":true,"href":"https:\/\/ismaelcolosi.com.br\/index.php\/wp-json\/wp\/v2\/categories?post=56601"},{"taxonomy":"post_tag","embeddable":true,"href":"https:\/\/ismaelcolosi.com.br\/index.php\/wp-json\/wp\/v2\/tags?post=56601"}],"curies":[{"name":"wp","href":"https:\/\/api.w.org\/{rel}","templated":true}]}}