{"id":56599,"date":"2024-07-12T18:29:20","date_gmt":"2024-07-12T21:29:20","guid":{"rendered":"https:\/\/ismaelcolosi.com.br\/index.php\/2024\/07\/12\/homem-morre-apos-ser-atropelado-por-moto-em-ribeirao-preto\/"},"modified":"2024-07-12T18:29:20","modified_gmt":"2024-07-12T21:29:20","slug":"homem-morre-apos-ser-atropelado-por-moto-em-ribeirao-preto","status":"publish","type":"post","link":"https:\/\/ismaelcolosi.com.br\/index.php\/2024\/07\/12\/homem-morre-apos-ser-atropelado-por-moto-em-ribeirao-preto\/","title":{"rendered":"Homem morre ap\u00f3s ser atropelado por moto em Ribeir\u00e3o Preto"},"content":{"rendered":"<p> <br \/>\n<\/p>\n<div data-td-block-uid=\"tdi_106\">\n<div class=\"tdb-block-inner td-fix-index\">\n<p>Um <strong>homem, de 63 anos, morreu<\/strong> ap\u00f3s ser <strong>atropelado por uma moto<\/strong> no final da tarde desta sexta-feira (12), na avenida F\u00e1bio Barretos, no bairro Campos El\u00edseos, em <strong>Ribeir\u00e3o Preto<\/strong>.<\/p>\n<p><strong>C\u00e2meras de seguran\u00e7a<\/strong> registraram o momento em que <mark style=\"background-color:#fcb900\" class=\"has-inline-color\">o homem estava atravessando na faixa de pedestres da avenida e foi atingido pela motocicleta<\/mark> \u2013 <strong>a imagem pode apresentar conte\u00fado sens\u00edvel<\/strong>.<\/p>\n<p>O<strong> Corpo de Bombeiros (CB) <\/strong>foi acionado, entretanto, <strong>a v\u00edtima morreu no local<\/strong> \u2013 a identidade ainda n\u00e3o foi revelada. <strong>Os ocupantes da motocicleta foram socorridos com ferimentos leves. <\/strong><\/p>\n<p>Equipes da <strong>Pol\u00edcia Militar<\/strong> est\u00e3o no local aguardando a chegada da <strong>per\u00edcia<\/strong>.<\/p>\n<blockquote class=\"twitter-tweet\" data-media-max-width=\"560\">\n<p lang=\"pt\" dir=\"ltr\">Um homem, de 63 anos, morreu ap\u00f3s ser atropelado por uma moto no final da tarde desta sexta-feira, na avenida F\u00e1bio Barretos, no bairro Campos El\u00edseos, em Ribeir\u00e3o Preto.<\/p>\n<p>Saiba mais no site: <a href=\"https:\/\/t.co\/iGynbiHnSr\">https:\/\/t.co\/iGynbiHnSr<\/a><\/p>\n<p>\ud83c\udfa5 C\u00e2mera de seguran\u00e7a <a href=\"https:\/\/t.co\/JAJkgIFGLF\">pic.twitter.com\/JAJkgIFGLF<\/a><\/p>\n<p>\u2014 acidade on Ribeir\u00e3o e Regi\u00e3o (@acidadeonrp) <a href=\"https:\/\/twitter.com\/acidadeonrp\/status\/1811873903347749224?ref_src=twsrc%5Etfw\">July 12, 2024<\/a><\/p><\/blockquote>\n<hr class=\"wp-block-separator has-alpha-channel-opacity\"\/>\n<h4 class=\"wp-block-heading\"><strong>FIQUE ON<\/strong><\/h4>\n<p>Fique ligado em tudo que acontece em Ribeir\u00e3o Preto e regi\u00e3o. Siga os perfis do\u00a0<strong>acidade on\u00a0<\/strong>no\u00a0<a href=\"https:\/\/www.instagram.com\/acidadeonribeirao\" target=\"_blank\" rel=\"noreferrer noopener\">Instagram\u00a0<\/a>e no\u00a0<a href=\"https:\/\/www.facebook.com\/acidadeonribeirao\/\" target=\"_blank\" rel=\"noreferrer noopener\">Facebook<\/a>.<\/p>\n<p>Receba not\u00edcias do<strong>\u00a0acidade on\u00a0<\/strong>no WhatsApp.\u00a0<a href=\"https:\/\/chat.whatsapp.com\/CdrZ6xrf7quD44Vw3WlPuZ\" target=\"_blank\" rel=\"noreferrer noopener\">Para entrar no grupo, basta clicar aqui.<\/a><\/p>\n<p>Fa\u00e7a uma den\u00fancia ou sugira uma reportagem sobre Ribeir\u00e3o Preto e regi\u00e3o pelo WhatsApp: 16 99117 7802.<\/p>\n<p>VEJA TAMB\u00c9M<\/p>\n<p>Quem \u00e9 Camila Campos?<\/p>\n<p><!-- AI CONTENT END 1 -->\n<\/div>\n<\/div>\n<p><script async src=\"\/\/platform.twitter.com\/widgets.js\" charset=\"utf-8\"><\/script><script async src=\"\/\/www.instagram.com\/embed.js\"><\/script><br \/>\n<br \/><br \/>\n<br \/><a href=\"https:\/\/www.acidadeon.com\/ribeiraopreto\/cotidiano\/homem-morre-apos-ser-atropelado-por-moto-em-ribeirao\/\">Source link <\/a><\/p>\n<div class='code-block code-block-4' style='margin: 8px auto 8px 0; text-align: left; display: block; clear: both;'>\n\ud83d\udce2 Aviso Legal\n\nO site ismaelcolosi.com.br atua apenas como um canal de divulga\u00e7\u00e3o de oportunidades de emprego e n\u00e3o se responsabiliza pelo processo seletivo, contrata\u00e7\u00e3o ou qualquer outra etapa relacionada \u00e0s vagas publicadas. Todas as informa\u00e7\u00f5es s\u00e3o de responsabilidade dos anunciantes.\n\n\u26a0\ufe0f Aten\u00e7\u00e3o! Nunca pague por promessas de emprego nem compre cursos que garantam contrata\u00e7\u00e3o. Desconfie de qualquer cobran\u00e7a para participar de sele\u00e7\u00f5es.\n\n\n\n<\/div>\n<!-- CONTENT END 1 -->\n","protected":false},"excerpt":{"rendered":"<p>Um homem, de 63 anos, morreu ap\u00f3s ser atropelado por uma moto no final da tarde desta sexta-feira (12), na avenida F\u00e1bio Barretos, no bairro&#8230;<\/p>\n","protected":false},"author":1,"featured_media":56600,"comment_status":"open","ping_status":"open","sticky":false,"template":"","format":"standard","meta":{"_uag_custom_page_level_css":"","advanced_seo_description":"","jetpack_seo_html_title":"","jetpack_seo_noindex":false,"jetpack_post_was_ever_published":false,"_jetpack_newsletter_access":"","_jetpack_dont_email_post_to_subs":false,"_jetpack_newsletter_tier_id":0,"_jetpack_memberships_contains_paywalled_content":false,"_jetpack_memberships_contains_paid_content":false,"footnotes":"","jetpack_publicize_message":"","jetpack_publicize_feature_enabled":true,"jetpack_social_post_already_shared":true,"jetpack_social_options":{"image_generator_settings":{"template":"highway","default_image_id":0,"font":"","enabled":false},"version":2}},"categories":[11],"tags":[],"class_list":["post-56599","post","type-post","status-publish","format-standard","has-post-thumbnail","hentry","category-noticias-de-ribeirao-preto-sp-e-regiao-ismael-colosi"],"jetpack_publicize_connections":[],"jetpack_featured_media_url":"https:\/\/i0.wp.com\/ismaelcolosi.com.br\/wp-content\/uploads\/2024\/07\/Copia-de-Copia-de-TAMANHO-EXATO-PARA-FOTOS-NO-SISTEMA-NOVO-2024-07-12T180659.153_2024-07-12_21-07-28_png_2024-07-12_21-07-28.webp.webp?fit=1200%2C675&ssl=1","uagb_featured_image_src":{"full":["https:\/\/i0.wp.com\/ismaelcolosi.com.br\/wp-content\/uploads\/2024\/07\/Copia-de-Copia-de-TAMANHO-EXATO-PARA-FOTOS-NO-SISTEMA-NOVO-2024-07-12T180659.153_2024-07-12_21-07-28_png_2024-07-12_21-07-28.webp.webp?fit=1200%2C675&ssl=1",1200,675,false],"thumbnail":["https:\/\/i0.wp.com\/ismaelcolosi.com.br\/wp-content\/uploads\/2024\/07\/Copia-de-Copia-de-TAMANHO-EXATO-PARA-FOTOS-NO-SISTEMA-NOVO-2024-07-12T180659.153_2024-07-12_21-07-28_png_2024-07-12_21-07-28.webp.webp?resize=150%2C150&ssl=1",150,150,true],"medium":["https:\/\/i0.wp.com\/ismaelcolosi.com.br\/wp-content\/uploads\/2024\/07\/Copia-de-Copia-de-TAMANHO-EXATO-PARA-FOTOS-NO-SISTEMA-NOVO-2024-07-12T180659.153_2024-07-12_21-07-28_png_2024-07-12_21-07-28.webp.webp?fit=300%2C169&ssl=1",300,169,true],"medium_large":["https:\/\/i0.wp.com\/ismaelcolosi.com.br\/wp-content\/uploads\/2024\/07\/Copia-de-Copia-de-TAMANHO-EXATO-PARA-FOTOS-NO-SISTEMA-NOVO-2024-07-12T180659.153_2024-07-12_21-07-28_png_2024-07-12_21-07-28.webp.webp?fit=768%2C432&ssl=1",768,432,true],"large":["https:\/\/i0.wp.com\/ismaelcolosi.com.br\/wp-content\/uploads\/2024\/07\/Copia-de-Copia-de-TAMANHO-EXATO-PARA-FOTOS-NO-SISTEMA-NOVO-2024-07-12T180659.153_2024-07-12_21-07-28_png_2024-07-12_21-07-28.webp.webp?fit=1024%2C576&ssl=1",1024,576,true],"1536x1536":["https:\/\/i0.wp.com\/ismaelcolosi.com.br\/wp-content\/uploads\/2024\/07\/Copia-de-Copia-de-TAMANHO-EXATO-PARA-FOTOS-NO-SISTEMA-NOVO-2024-07-12T180659.153_2024-07-12_21-07-28_png_2024-07-12_21-07-28.webp.webp?fit=1200%2C675&ssl=1",1200,675,true],"2048x2048":["https:\/\/i0.wp.com\/ismaelcolosi.com.br\/wp-content\/uploads\/2024\/07\/Copia-de-Copia-de-TAMANHO-EXATO-PARA-FOTOS-NO-SISTEMA-NOVO-2024-07-12T180659.153_2024-07-12_21-07-28_png_2024-07-12_21-07-28.webp.webp?fit=1200%2C675&ssl=1",1200,675,true],"really-simple-thumb":["https:\/\/i0.wp.com\/ismaelcolosi.com.br\/wp-content\/uploads\/2024\/07\/Copia-de-Copia-de-TAMANHO-EXATO-PARA-FOTOS-NO-SISTEMA-NOVO-2024-07-12T180659.153_2024-07-12_21-07-28_png_2024-07-12_21-07-28.webp.webp?resize=370%2C247&ssl=1",370,247,true]},"uagb_author_info":{"display_name":"ismaelcolosi.com.br","author_link":"https:\/\/ismaelcolosi.com.br\/index.php\/author\/vidareal-online\/"},"uagb_comment_info":0,"uagb_excerpt":"Um homem, de 63 anos, morreu ap\u00f3s ser atropelado por uma moto no final da tarde desta sexta-feira (12), na avenida F\u00e1bio Barretos, no bairro...","jetpack-related-posts":[{"id":56627,"url":"https:\/\/ismaelcolosi.com.br\/index.php\/2024\/07\/13\/identificado-homem-morto-apos-atropelamento-em-avenida-de-ribeirao-preto\/","url_meta":{"origin":56599,"position":0},"title":"Identificado homem morto ap\u00f3s atropelamento em avenida de Ribeir\u00e3o Preto","author":"ismaelcolosi.com.br","date":"13 de July de 2024","format":false,"excerpt":"A Pol\u00edcia Civil identificou o homem morto ap\u00f3s ser atropelado por uma moto enquanto atravessava a avenida F\u00e1bio Barreto na faixa de pedestre, na tarde desta sexta-feira (12), em Ribeir\u00e3o Preto. Segundo o boletim de ocorr\u00eancia (BO), a v\u00edtima, Jos\u00e9 Roberto Pereira de Sousa, de 57 anos, foi arremessada ao\u2026","rel":"","context":"In &quot;Not\u00edcias de Ribeir\u00e3o Preto-SP e Regi\u00e3o&quot;","block_context":{"text":"Not\u00edcias de Ribeir\u00e3o Preto-SP e Regi\u00e3o","link":"https:\/\/ismaelcolosi.com.br\/index.php\/category\/noticias-de-ribeirao-preto-sp-e-regiao-ismael-colosi\/"},"img":{"alt_text":"","src":"https:\/\/i0.wp.com\/ismaelcolosi.com.br\/wp-content\/uploads\/2024\/07\/Copia-de-Copia-de-TAMANHO-EXATO-PARA-FOTOS-NO-SISTEMA-NOVO-2024-07-12T180659.153_2024-07-12_21-07-28_png_2024-07-12_21-07-28.webp.webp?fit=1200%2C675&ssl=1&resize=350%2C200","width":350,"height":200,"srcset":"https:\/\/i0.wp.com\/ismaelcolosi.com.br\/wp-content\/uploads\/2024\/07\/Copia-de-Copia-de-TAMANHO-EXATO-PARA-FOTOS-NO-SISTEMA-NOVO-2024-07-12T180659.153_2024-07-12_21-07-28_png_2024-07-12_21-07-28.webp.webp?fit=1200%2C675&ssl=1&resize=350%2C200 1x, https:\/\/i0.wp.com\/ismaelcolosi.com.br\/wp-content\/uploads\/2024\/07\/Copia-de-Copia-de-TAMANHO-EXATO-PARA-FOTOS-NO-SISTEMA-NOVO-2024-07-12T180659.153_2024-07-12_21-07-28_png_2024-07-12_21-07-28.webp.webp?fit=1200%2C675&ssl=1&resize=525%2C300 1.5x, https:\/\/i0.wp.com\/ismaelcolosi.com.br\/wp-content\/uploads\/2024\/07\/Copia-de-Copia-de-TAMANHO-EXATO-PARA-FOTOS-NO-SISTEMA-NOVO-2024-07-12T180659.153_2024-07-12_21-07-28_png_2024-07-12_21-07-28.webp.webp?fit=1200%2C675&ssl=1&resize=700%2C400 2x, https:\/\/i0.wp.com\/ismaelcolosi.com.br\/wp-content\/uploads\/2024\/07\/Copia-de-Copia-de-TAMANHO-EXATO-PARA-FOTOS-NO-SISTEMA-NOVO-2024-07-12T180659.153_2024-07-12_21-07-28_png_2024-07-12_21-07-28.webp.webp?fit=1200%2C675&ssl=1&resize=1050%2C600 3x"},"classes":[]},{"id":14900,"url":"https:\/\/ismaelcolosi.com.br\/index.php\/2023\/12\/12\/motociclista-morre-apos-bater-em-carro-e-ser-atropelado-por-caminhonete-em-ribeirao\/","url_meta":{"origin":56599,"position":1},"title":"Motociclista morre ap\u00f3s bater em carro e ser atropelado por caminhonete em Ribeir\u00e3o","author":"ismaelcolosi.com.br","date":"12 de December de 2023","format":false,"excerpt":"Um motociclista morreu, na tarde desta ter\u00e7a-feira (12), ap\u00f3s se envolver em um acidente na avenida Alfredo Ravaneli, na zona Leste de Ribeir\u00e3o Preto. De acordo com a apura\u00e7\u00e3o da EPTV, o homem, de 35 anos, pilotava a moto quando bateu na traseira de um ve\u00edculo que seguia no mesmo\u2026","rel":"","context":"In &quot;Not\u00edcias de Ribeir\u00e3o Preto-SP e Regi\u00e3o&quot;","block_context":{"text":"Not\u00edcias de Ribeir\u00e3o Preto-SP e Regi\u00e3o","link":"https:\/\/ismaelcolosi.com.br\/index.php\/category\/noticias-de-ribeirao-preto-sp-e-regiao-ismael-colosi\/"},"img":{"alt_text":"","src":"https:\/\/i0.wp.com\/ismaelcolosi.com.br\/wp-content\/uploads\/2023\/12\/Copia-de-Copia-de-TAMANHO-EXATO-PARA-FOTOS-NO-SISTEMA-NOVO-16.png?fit=1200%2C675&ssl=1&resize=350%2C200","width":350,"height":200,"srcset":"https:\/\/i0.wp.com\/ismaelcolosi.com.br\/wp-content\/uploads\/2023\/12\/Copia-de-Copia-de-TAMANHO-EXATO-PARA-FOTOS-NO-SISTEMA-NOVO-16.png?fit=1200%2C675&ssl=1&resize=350%2C200 1x, https:\/\/i0.wp.com\/ismaelcolosi.com.br\/wp-content\/uploads\/2023\/12\/Copia-de-Copia-de-TAMANHO-EXATO-PARA-FOTOS-NO-SISTEMA-NOVO-16.png?fit=1200%2C675&ssl=1&resize=525%2C300 1.5x, https:\/\/i0.wp.com\/ismaelcolosi.com.br\/wp-content\/uploads\/2023\/12\/Copia-de-Copia-de-TAMANHO-EXATO-PARA-FOTOS-NO-SISTEMA-NOVO-16.png?fit=1200%2C675&ssl=1&resize=700%2C400 2x, https:\/\/i0.wp.com\/ismaelcolosi.com.br\/wp-content\/uploads\/2023\/12\/Copia-de-Copia-de-TAMANHO-EXATO-PARA-FOTOS-NO-SISTEMA-NOVO-16.png?fit=1200%2C675&ssl=1&resize=1050%2C600 3x"},"classes":[]},{"id":47468,"url":"https:\/\/ismaelcolosi.com.br\/index.php\/2024\/04\/25\/homem-morre-apos-ser-atropelado-em-frente-a-rodoviaria-de-ribeirao-preto\/","url_meta":{"origin":56599,"position":2},"title":"Homem morre ap\u00f3s ser atropelado em frente a rodovi\u00e1ria de Ribeir\u00e3o Preto","author":"ismaelcolosi.com.br","date":"25 de April de 2024","format":false,"excerpt":"Um homem morreu ap\u00f3s ser atropelado em frente ao Terminal Rodovi\u00e1rio de Ribeir\u00e3o Preto, na tarde desta quinta-feira (25). De acordo com as informa\u00e7\u00f5es do Corpo de Bombeiros (CB), uma equipe foi acionada para atender uma ocorr\u00eancia de atropelamento no cruzamento da avenida Jer\u00f4nimo Gon\u00e7alves com a alameda Botafogo. Segundo\u2026","rel":"","context":"In &quot;Not\u00edcias de Ribeir\u00e3o Preto-SP e Regi\u00e3o&quot;","block_context":{"text":"Not\u00edcias de Ribeir\u00e3o Preto-SP e Regi\u00e3o","link":"https:\/\/ismaelcolosi.com.br\/index.php\/category\/noticias-de-ribeirao-preto-sp-e-regiao-ismael-colosi\/"},"img":{"alt_text":"","src":"https:\/\/i0.wp.com\/ismaelcolosi.com.br\/wp-content\/uploads\/2024\/04\/AnyConv.com__WhatsApp-Image-2024-04-25-at-17.12.10.webp.webp?fit=1200%2C903&ssl=1&resize=350%2C200","width":350,"height":200,"srcset":"https:\/\/i0.wp.com\/ismaelcolosi.com.br\/wp-content\/uploads\/2024\/04\/AnyConv.com__WhatsApp-Image-2024-04-25-at-17.12.10.webp.webp?fit=1200%2C903&ssl=1&resize=350%2C200 1x, https:\/\/i0.wp.com\/ismaelcolosi.com.br\/wp-content\/uploads\/2024\/04\/AnyConv.com__WhatsApp-Image-2024-04-25-at-17.12.10.webp.webp?fit=1200%2C903&ssl=1&resize=525%2C300 1.5x, https:\/\/i0.wp.com\/ismaelcolosi.com.br\/wp-content\/uploads\/2024\/04\/AnyConv.com__WhatsApp-Image-2024-04-25-at-17.12.10.webp.webp?fit=1200%2C903&ssl=1&resize=700%2C400 2x, https:\/\/i0.wp.com\/ismaelcolosi.com.br\/wp-content\/uploads\/2024\/04\/AnyConv.com__WhatsApp-Image-2024-04-25-at-17.12.10.webp.webp?fit=1200%2C903&ssl=1&resize=1050%2C600 3x"},"classes":[]},{"id":63439,"url":"https:\/\/ismaelcolosi.com.br\/index.php\/2024\/09\/02\/idoso-de-71-anos-morre-apos-ser-atropelado-por-moto-em-ribeirao\/","url_meta":{"origin":56599,"position":3},"title":"Idoso de 71 anos morre ap\u00f3s ser atropelado por moto em Ribeir\u00e3o","author":"ismaelcolosi.com.br","date":"2 de September de 2024","format":false,"excerpt":"Um homem de 71 anos morreu no \u00fatimo s\u00e1bado (31), depois de ser atropelado por uma moto no Jardim Paulista, zona Leste de Ribeir\u00e3o Preto. O atropelamento ocorreu no \u00faltimo dia 9 de agosto e a v\u00edtima permaneceu internada no Hospital das Cl\u00ednica \u2013 Unidade de Emerg\u00eancia (HC-UE). Segundo o\u2026","rel":"","context":"In &quot;Not\u00edcias de Ribeir\u00e3o Preto-SP e Regi\u00e3o&quot;","block_context":{"text":"Not\u00edcias de Ribeir\u00e3o Preto-SP e Regi\u00e3o","link":"https:\/\/ismaelcolosi.com.br\/index.php\/category\/noticias-de-ribeirao-preto-sp-e-regiao-ismael-colosi\/"},"img":{"alt_text":"","src":"https:\/\/i0.wp.com\/ismaelcolosi.com.br\/wp-content\/uploads\/2024\/09\/sao_carlos_500x320_03082019163914.jpg?fit=500%2C322&ssl=1&resize=350%2C200","width":350,"height":200},"classes":[]},{"id":62762,"url":"https:\/\/ismaelcolosi.com.br\/index.php\/2024\/08\/29\/motociclista-morre-apos-cair-de-moto-e-ser-atropelado-na-regiao-de-ribeirao\/","url_meta":{"origin":56599,"position":4},"title":"Motociclista morre ap\u00f3s cair de moto e ser atropelado na regi\u00e3o de Ribeir\u00e3o","author":"ismaelcolosi.com.br","date":"29 de August de 2024","format":false,"excerpt":"Um motociclista de 28 anos morreu na noite desta quarta-feira (28), depois de cair da moto e ser atropelado por ao menos tr\u00eas carros na rodovia Engenheiro Ronan Rocha (SP-345), em Franca. A v\u00edtima foi identificada como Ricardo Moreira Borba. Segundo a PMR (Pol\u00edcia Militar Rodovi\u00e1ria), o motociclista morreu ainda\u2026","rel":"","context":"In &quot;Not\u00edcias de Ribeir\u00e3o Preto-SP e Regi\u00e3o&quot;","block_context":{"text":"Not\u00edcias de Ribeir\u00e3o Preto-SP e Regi\u00e3o","link":"https:\/\/ismaelcolosi.com.br\/index.php\/category\/noticias-de-ribeirao-preto-sp-e-regiao-ismael-colosi\/"},"img":{"alt_text":"","src":"https:\/\/i0.wp.com\/ismaelcolosi.com.br\/wp-content\/uploads\/2024\/08\/WhatsApp-Image-2024-08-29-at-08.20.07_2024-08-29_11-42-04_jpeg_2024-08-29_11-42-05.webp.webp?fit=1200%2C675&ssl=1&resize=350%2C200","width":350,"height":200,"srcset":"https:\/\/i0.wp.com\/ismaelcolosi.com.br\/wp-content\/uploads\/2024\/08\/WhatsApp-Image-2024-08-29-at-08.20.07_2024-08-29_11-42-04_jpeg_2024-08-29_11-42-05.webp.webp?fit=1200%2C675&ssl=1&resize=350%2C200 1x, https:\/\/i0.wp.com\/ismaelcolosi.com.br\/wp-content\/uploads\/2024\/08\/WhatsApp-Image-2024-08-29-at-08.20.07_2024-08-29_11-42-04_jpeg_2024-08-29_11-42-05.webp.webp?fit=1200%2C675&ssl=1&resize=525%2C300 1.5x, https:\/\/i0.wp.com\/ismaelcolosi.com.br\/wp-content\/uploads\/2024\/08\/WhatsApp-Image-2024-08-29-at-08.20.07_2024-08-29_11-42-04_jpeg_2024-08-29_11-42-05.webp.webp?fit=1200%2C675&ssl=1&resize=700%2C400 2x, https:\/\/i0.wp.com\/ismaelcolosi.com.br\/wp-content\/uploads\/2024\/08\/WhatsApp-Image-2024-08-29-at-08.20.07_2024-08-29_11-42-04_jpeg_2024-08-29_11-42-05.webp.webp?fit=1200%2C675&ssl=1&resize=1050%2C600 3x"},"classes":[]},{"id":52702,"url":"https:\/\/ismaelcolosi.com.br\/index.php\/2024\/06\/10\/homem-de-46-anos-morre-apos-ser-atropelado-por-carro-em-ribeirao-preto\/","url_meta":{"origin":56599,"position":5},"title":"Homem de 46 anos morre ap\u00f3s ser atropelado por carro em Ribeir\u00e3o Preto","author":"ismaelcolosi.com.br","date":"10 de June de 2024","format":false,"excerpt":"Um homem de 46 anos morreu na noite do \u00faltimo s\u00e1bado (8), depois de ser atropelado por um carro no acesso da rodovia C\u00e2ndido Portinari \u00e0 avenida Marechal Costa e Silva (SPA-318\/330), em Ribeir\u00e3o Preto. Segundo o boletim de ocorr\u00eancia (BO), a v\u00edtima, identificada como Ricardo Ananias Dechechi, tentava atravessar\u2026","rel":"","context":"In &quot;Not\u00edcias de Ribeir\u00e3o Preto-SP e Regi\u00e3o&quot;","block_context":{"text":"Not\u00edcias de Ribeir\u00e3o Preto-SP e Regi\u00e3o","link":"https:\/\/ismaelcolosi.com.br\/index.php\/category\/noticias-de-ribeirao-preto-sp-e-regiao-ismael-colosi\/"},"img":{"alt_text":"","src":"https:\/\/i0.wp.com\/ismaelcolosi.com.br\/wp-content\/uploads\/2024\/06\/pm_qru_1024x576_25052021184558.jpg?fit=1024%2C576&ssl=1&resize=350%2C200","width":350,"height":200,"srcset":"https:\/\/i0.wp.com\/ismaelcolosi.com.br\/wp-content\/uploads\/2024\/06\/pm_qru_1024x576_25052021184558.jpg?fit=1024%2C576&ssl=1&resize=350%2C200 1x, https:\/\/i0.wp.com\/ismaelcolosi.com.br\/wp-content\/uploads\/2024\/06\/pm_qru_1024x576_25052021184558.jpg?fit=1024%2C576&ssl=1&resize=525%2C300 1.5x, https:\/\/i0.wp.com\/ismaelcolosi.com.br\/wp-content\/uploads\/2024\/06\/pm_qru_1024x576_25052021184558.jpg?fit=1024%2C576&ssl=1&resize=700%2C400 2x"},"classes":[]}],"jetpack_sharing_enabled":true,"jetpack_shortlink":"https:\/\/wp.me\/pfMlyK-eIT","_links":{"self":[{"href":"https:\/\/ismaelcolosi.com.br\/index.php\/wp-json\/wp\/v2\/posts\/56599","targetHints":{"allow":["GET"]}}],"collection":[{"href":"https:\/\/ismaelcolosi.com.br\/index.php\/wp-json\/wp\/v2\/posts"}],"about":[{"href":"https:\/\/ismaelcolosi.com.br\/index.php\/wp-json\/wp\/v2\/types\/post"}],"author":[{"embeddable":true,"href":"https:\/\/ismaelcolosi.com.br\/index.php\/wp-json\/wp\/v2\/users\/1"}],"replies":[{"embeddable":true,"href":"https:\/\/ismaelcolosi.com.br\/index.php\/wp-json\/wp\/v2\/comments?post=56599"}],"version-history":[{"count":0,"href":"https:\/\/ismaelcolosi.com.br\/index.php\/wp-json\/wp\/v2\/posts\/56599\/revisions"}],"wp:featuredmedia":[{"embeddable":true,"href":"https:\/\/ismaelcolosi.com.br\/index.php\/wp-json\/wp\/v2\/media\/56600"}],"wp:attachment":[{"href":"https:\/\/ismaelcolosi.com.br\/index.php\/wp-json\/wp\/v2\/media?parent=56599"}],"wp:term":[{"taxonomy":"category","embeddable":true,"href":"https:\/\/ismaelcolosi.com.br\/index.php\/wp-json\/wp\/v2\/categories?post=56599"},{"taxonomy":"post_tag","embeddable":true,"href":"https:\/\/ismaelcolosi.com.br\/index.php\/wp-json\/wp\/v2\/tags?post=56599"}],"curies":[{"name":"wp","href":"https:\/\/api.w.org\/{rel}","templated":true}]}}