{"id":56590,"date":"2024-07-12T17:09:04","date_gmt":"2024-07-12T20:09:04","guid":{"rendered":"https:\/\/ismaelcolosi.com.br\/index.php\/2024\/07\/12\/2-vagas-para-operador-de-producao-pure-vaga-reservada-para-pessoa-com-deficiencia-em-matao-spha-18-minutos\/"},"modified":"2024-07-12T17:09:04","modified_gmt":"2024-07-12T20:09:04","slug":"2-vagas-para-operador-de-producao-pure-vaga-reservada-para-pessoa-com-deficiencia-em-matao-spha-18-minutos","status":"publish","type":"post","link":"https:\/\/ismaelcolosi.com.br\/index.php\/2024\/07\/12\/2-vagas-para-operador-de-producao-pure-vaga-reservada-para-pessoa-com-deficiencia-em-matao-spha-18-minutos\/","title":{"rendered":"2 vagas para Operador de Produ\u00e7\u00e3o Pur\u00ea &#8211; Vaga reservada para Pessoa com Defici\u00eancia em Mat\u00e3o &#8211; SPh\u00e1 18 minutos"},"content":{"rendered":"<div class=\"box\"><span class=\"marker\"><\/span><a href=\"https:\/\/eventosrh.selecty.com.br\/vaga\/2085\/vaga-para-operador-de-producao-oleo-vaga-reservada-para-pessoa-com-deficiencia-em-matao-sp\"><span>1 vaga para <strong>Operador de Produ\u00e7\u00e3o \u00d3leo &#8211; Vaga reservada para Pessoa com Defici\u00eancia<\/strong> em Mat\u00e3o &#8211; SP<\/span><small title=\"12\/07\/2024 17:02:50\">h\u00e1 6 minutos<\/small><\/a><\/div>\n<div class=\"box\"><span class=\"marker\"><\/span><a href=\"https:\/\/eventosrh.selecty.com.br\/vaga\/2084\/vaga-para-operador-de-producao-pure-vaga-reservada-para-pessoa-com-deficiencia-em-matao-sp\"><span>2 vagas para <strong>Operador de Produ\u00e7\u00e3o Pur\u00ea &#8211; Vaga reservada para Pessoa com Defici\u00eancia<\/strong> em Mat\u00e3o &#8211; SP<\/span><small title=\"12\/07\/2024 16:51:03\">h\u00e1 18 minutos<\/small><\/a><\/div>\n<div class=\"box\"><span class=\"marker\"><\/span><a href=\"https:\/\/eventosrh.selecty.com.br\/vaga\/2080\/vaga-para-operador-de-arrecadacao\"><span>Vaga para <strong>Operador de Arrecada\u00e7\u00e3o<\/strong><\/span><\/a><\/div>\n<div class=\"box\"><span class=\"marker\"><\/span><a href=\"https:\/\/eventosrh.selecty.com.br\/vaga\/2081\/vaga-para-inspetor-de-transito\"><span>Vaga para <strong>Inspetor de Tr\u00e2nsito<\/strong><\/span><\/a><\/div>\n<div class=\"box\"><span class=\"marker\"><\/span><a href=\"https:\/\/eventosrh.selecty.com.br\/vaga\/2083\/vaga-para-motorista-entregador-em-ribeirao-preto-sp\"><span>1 vaga para <strong>Motorista Entregador<\/strong> em Ribeir\u00e3o Preto &#8211; SP<\/span><small title=\"12\/07\/2024 09:25:03\">h\u00e1 7 horas<\/small><\/a><\/div>\n<div class=\"box pcd2\"><span class=\"marker\"><\/span><a href=\"https:\/\/eventosrh.selecty.com.br\/vaga\/2082\/vaga-para-auxiliar-de-producao-pcd-em-ribeirao-preto-sp\"><span>Vaga para <strong>Auxiliar de Produ\u00e7\u00e3o &#8211; PCD<\/strong> em Ribeir\u00e3o Preto &#8211; SP<\/span><\/a><\/div>\n<div class=\"box\"><span class=\"marker\"><\/span><a href=\"https:\/\/eventosrh.selecty.com.br\/vaga\/2079\/vaga-para-vendedor-externo-em-ribeirao-preto-sp\"><span>1 vaga para <strong>Vendedor Externo<\/strong> em Ribeir\u00e3o Preto &#8211; SP<\/span><small title=\"08\/07\/2024 17:01:57\">h\u00e1 4 dias<\/small><\/a><\/div>\n<div class='code-block code-block-4' style='margin: 8px auto 8px 0; text-align: left; display: block; clear: both;'>\n\ud83d\udce2 Aviso Legal\n\nO site ismaelcolosi.com.br atua apenas como um canal de divulga\u00e7\u00e3o de oportunidades de emprego e n\u00e3o se responsabiliza pelo processo seletivo, contrata\u00e7\u00e3o ou qualquer outra etapa relacionada \u00e0s vagas publicadas. Todas as informa\u00e7\u00f5es s\u00e3o de responsabilidade dos anunciantes.\n\n\u26a0\ufe0f Aten\u00e7\u00e3o! Nunca pague por promessas de emprego nem compre cursos que garantam contrata\u00e7\u00e3o. Desconfie de qualquer cobran\u00e7a para participar de sele\u00e7\u00f5es.\n\n\n\n<\/div>\n<!-- CONTENT END 1 -->\n","protected":false},"excerpt":{"rendered":"<p>1 vaga para Operador de Produ\u00e7\u00e3o \u00d3leo &#8211; Vaga reservada para Pessoa com Defici\u00eancia em Mat\u00e3o &#8211; SPh\u00e1 6 minutos 2 vagas para Operador de&#8230;<\/p>\n","protected":false},"author":1,"featured_media":0,"comment_status":"open","ping_status":"open","sticky":false,"template":"","format":"standard","meta":{"_uag_custom_page_level_css":"","advanced_seo_description":"","jetpack_seo_html_title":"","jetpack_seo_noindex":false,"jetpack_post_was_ever_published":false,"_jetpack_newsletter_access":"","_jetpack_dont_email_post_to_subs":false,"_jetpack_newsletter_tier_id":0,"_jetpack_memberships_contains_paywalled_content":false,"_jetpack_memberships_contains_paid_content":false,"footnotes":"","jetpack_publicize_message":"","jetpack_publicize_feature_enabled":true,"jetpack_social_post_already_shared":true,"jetpack_social_options":{"image_generator_settings":{"template":"highway","default_image_id":0,"font":"","enabled":false},"version":2}},"categories":[7],"tags":[],"class_list":["post-56590","post","type-post","status-publish","format-standard","hentry","category-vagas-de-empregos-em-ribeirao-preto-regiao-brasil"],"jetpack_publicize_connections":[],"jetpack_featured_media_url":"","uagb_featured_image_src":{"full":false,"thumbnail":false,"medium":false,"medium_large":false,"large":false,"1536x1536":false,"2048x2048":false,"really-simple-thumb":false},"uagb_author_info":{"display_name":"ismaelcolosi.com.br","author_link":"https:\/\/ismaelcolosi.com.br\/index.php\/author\/vidareal-online\/"},"uagb_comment_info":0,"uagb_excerpt":"1 vaga para Operador de Produ\u00e7\u00e3o \u00d3leo &#8211; Vaga reservada para Pessoa com Defici\u00eancia em Mat\u00e3o &#8211; SPh\u00e1 6 minutos 2 vagas para Operador de...","jetpack-related-posts":[{"id":58704,"url":"https:\/\/ismaelcolosi.com.br\/index.php\/2024\/08\/01\/encontre-aqui-a-sua-oportunidade-de-emprego-20\/","url_meta":{"origin":56590,"position":0},"title":"Encontre aqui a sua oportunidade de emprego","author":"ismaelcolosi.com.br","date":"1 de August de 2024","format":false,"excerpt":"Confira mais de 390 vagas dispon\u00edveis.Vagas por cidadeTodas(309)Campo Largo(127)Irati(102)Ribeir\u00e3o Preto(41)Nova Lima(8)Monte Alto(8)Mat\u00e3o(5)Vagas por \u00e1reaTodas(391)Transporte Terrestre(156)Industrial(102)Finan\u00e7as(52)Produ\u00e7\u00e3o\/Fabrica\u00e7\u00e3o(16)Industrial,Produ\u00e7\u00e3o...(10)Atend. a cliente(8)Vagas por cargoTodas(391)Operador de Produ\u00e7\u00e3o(100)Ajudante Geral(95)Operador de Arrecada\u00e7\u00e3o(52)Motorista L\u00edder de...(25)Inspetor de Tr\u00e2nsito(20)Auxiliar de Produ\u00e7\u00e3o...(11) Vagas recentesVaga para Auxiliar AdministrativoVaga para Auxiliar de Montagem em Ribeir\u00e3o PretoVaga para Operador de Produ\u00e7\u00e3o em IratiVaga para Operador\u2026","rel":"","context":"In &quot;Vagas de Emprego em Ribeir\u00e3o Preto-SP&quot;","block_context":{"text":"Vagas de Emprego em Ribeir\u00e3o Preto-SP","link":"https:\/\/ismaelcolosi.com.br\/index.php\/category\/empregos-classificados-vagas-trabalho\/vagas-de-empregos-em-ribeirao-preto-regiao-brasil\/"},"img":{"alt_text":"","src":"https:\/\/i0.wp.com\/ismaelcolosi.com.br\/wp-content\/uploads\/2024\/08\/1722555415_maxresdefault.jpg?fit=1200%2C675&ssl=1&resize=350%2C200","width":350,"height":200,"srcset":"https:\/\/i0.wp.com\/ismaelcolosi.com.br\/wp-content\/uploads\/2024\/08\/1722555415_maxresdefault.jpg?fit=1200%2C675&ssl=1&resize=350%2C200 1x, https:\/\/i0.wp.com\/ismaelcolosi.com.br\/wp-content\/uploads\/2024\/08\/1722555415_maxresdefault.jpg?fit=1200%2C675&ssl=1&resize=525%2C300 1.5x, https:\/\/i0.wp.com\/ismaelcolosi.com.br\/wp-content\/uploads\/2024\/08\/1722555415_maxresdefault.jpg?fit=1200%2C675&ssl=1&resize=700%2C400 2x, https:\/\/i0.wp.com\/ismaelcolosi.com.br\/wp-content\/uploads\/2024\/08\/1722555415_maxresdefault.jpg?fit=1200%2C675&ssl=1&resize=1050%2C600 3x"},"classes":[]},{"id":27900,"url":"https:\/\/ismaelcolosi.com.br\/index.php\/2024\/01\/13\/1-vaga-para-operador-moagem-i-em-matao-spha-1-dia\/","url_meta":{"origin":56590,"position":1},"title":"1 vaga para Operador Moagem I em Mat\u00e3o &#8211; SPh\u00e1 1 dia","author":"ismaelcolosi.com.br","date":"13 de January de 2024","format":false,"excerpt":"1 vaga para Operador Moagem I em Mat\u00e3o - SPh\u00e1 1 dia Vaga para Analista Financeiro - Tesouraria em Ribeir\u00e3o Preto Vaga para Assistente Administrativo PCD em Ribeir\u00e3o Preto Vaga para Ajudante Geral de Produ\u00e7\u00e3o em Monte Alto - SP - Brasil Vaga para Assistente Administrativo de Vendas em Ribeir\u00e3o\u2026","rel":"","context":"In &quot;Vagas de Emprego em Ribeir\u00e3o Preto-SP&quot;","block_context":{"text":"Vagas de Emprego em Ribeir\u00e3o Preto-SP","link":"https:\/\/ismaelcolosi.com.br\/index.php\/category\/empregos-classificados-vagas-trabalho\/vagas-de-empregos-em-ribeirao-preto-regiao-brasil\/"},"img":{"alt_text":"","src":"https:\/\/i0.wp.com\/ismaelcolosi.com.br\/wp-content\/uploads\/2024\/01\/1705184144_8228989.jpg?fit=1200%2C675&ssl=1&resize=350%2C200","width":350,"height":200,"srcset":"https:\/\/i0.wp.com\/ismaelcolosi.com.br\/wp-content\/uploads\/2024\/01\/1705184144_8228989.jpg?fit=1200%2C675&ssl=1&resize=350%2C200 1x, https:\/\/i0.wp.com\/ismaelcolosi.com.br\/wp-content\/uploads\/2024\/01\/1705184144_8228989.jpg?fit=1200%2C675&ssl=1&resize=525%2C300 1.5x, https:\/\/i0.wp.com\/ismaelcolosi.com.br\/wp-content\/uploads\/2024\/01\/1705184144_8228989.jpg?fit=1200%2C675&ssl=1&resize=700%2C400 2x, https:\/\/i0.wp.com\/ismaelcolosi.com.br\/wp-content\/uploads\/2024\/01\/1705184144_8228989.jpg?fit=1200%2C675&ssl=1&resize=1050%2C600 3x"},"classes":[]},{"id":51278,"url":"https:\/\/ismaelcolosi.com.br\/index.php\/2024\/05\/25\/1-vaga-para-tecnico-em-seguranca-do-trabalho-em-matao-spha-1-dia\/","url_meta":{"origin":56590,"position":2},"title":"1 vaga para T\u00e9cnico em Seguran\u00e7a do Trabalho em Mat\u00e3o &#8211; SPh\u00e1 1 dia","author":"ismaelcolosi.com.br","date":"25 de May de 2024","format":false,"excerpt":"Vaga para Atendente de Balc\u00e3o em Ribeir\u00e3o Preto 1 vaga para T\u00e9cnico em Seguran\u00e7a do Trabalho em Mat\u00e3o - SPh\u00e1 1 dia Vaga para Estagi\u00e1rio em Recursos Humanosh\u00e1 1 dia Vaga para Operador de Produ\u00e7\u00e3o em Irati Vaga para Ajudante de Estoque em Monte Azul Paulista - SP Vaga para\u2026","rel":"","context":"In &quot;Vagas de Emprego em Ribeir\u00e3o Preto-SP&quot;","block_context":{"text":"Vagas de Emprego em Ribeir\u00e3o Preto-SP","link":"https:\/\/ismaelcolosi.com.br\/index.php\/category\/empregos-classificados-vagas-trabalho\/vagas-de-empregos-em-ribeirao-preto-regiao-brasil\/"},"img":{"alt_text":"","src":"","width":0,"height":0},"classes":[]},{"id":28823,"url":"https:\/\/ismaelcolosi.com.br\/index.php\/2024\/01\/16\/vaga-para-secretaria-executiva-em-ribeirao-preto-spha-1-dia\/","url_meta":{"origin":56590,"position":3},"title":"Vaga para Secret\u00e1ria Executiva em Ribeir\u00e3o Preto &#8211; SPh\u00e1 1 dia","author":"ismaelcolosi.com.br","date":"16 de January de 2024","format":false,"excerpt":"1 vaga para Polidor Automotivo em Ribeir\u00e3o Preto - SPh\u00e1 3 horas 1 vaga para Vendedor de Servi\u00e7os de Est\u00e9tica Automotiva em Ribeir\u00e3o Preto - SPh\u00e1 9 horas Vaga para Secret\u00e1ria Executiva em Ribeir\u00e3o Preto - SPh\u00e1 1 dia 1 vaga para Operador Moagem I em Mat\u00e3o - SPh\u00e1 4\u2026","rel":"","context":"In &quot;Vagas de Emprego em Ribeir\u00e3o Preto-SP&quot;","block_context":{"text":"Vagas de Emprego em Ribeir\u00e3o Preto-SP","link":"https:\/\/ismaelcolosi.com.br\/index.php\/category\/empregos-classificados-vagas-trabalho\/vagas-de-empregos-em-ribeirao-preto-regiao-brasil\/"},"img":{"alt_text":"","src":"","width":0,"height":0},"classes":[]},{"id":28429,"url":"https:\/\/ismaelcolosi.com.br\/index.php\/2024\/01\/15\/1-vaga-para-vendedor-de-servicos-de-estetica-automotiva-em-ribeirao-preto-spha-4-horas\/","url_meta":{"origin":56590,"position":4},"title":"1 vaga para Vendedor de Servi\u00e7os de Est\u00e9tica Automotiva em Ribeir\u00e3o Preto &#8211; SPh\u00e1 4 horas","author":"ismaelcolosi.com.br","date":"15 de January de 2024","format":false,"excerpt":"1 vaga para Vendedor de Servi\u00e7os de Est\u00e9tica Automotiva em Ribeir\u00e3o Preto - SPh\u00e1 4 horas Vaga para Secret\u00e1ria Executiva em Ribeir\u00e3o Preto - SPh\u00e1 6 horas 1 vaga para Operador Moagem I em Mat\u00e3o - SPh\u00e1 3 dias Vaga para Analista Financeiro - Tesouraria em Ribeir\u00e3o Preto Vaga para\u2026","rel":"","context":"In &quot;Vagas de Emprego em Ribeir\u00e3o Preto-SP&quot;","block_context":{"text":"Vagas de Emprego em Ribeir\u00e3o Preto-SP","link":"https:\/\/ismaelcolosi.com.br\/index.php\/category\/empregos-classificados-vagas-trabalho\/vagas-de-empregos-em-ribeirao-preto-regiao-brasil\/"},"img":{"alt_text":"","src":"https:\/\/i0.wp.com\/ismaelcolosi.com.br\/wp-content\/uploads\/2024\/01\/1705358087_8228989.jpg?fit=1200%2C675&ssl=1&resize=350%2C200","width":350,"height":200,"srcset":"https:\/\/i0.wp.com\/ismaelcolosi.com.br\/wp-content\/uploads\/2024\/01\/1705358087_8228989.jpg?fit=1200%2C675&ssl=1&resize=350%2C200 1x, https:\/\/i0.wp.com\/ismaelcolosi.com.br\/wp-content\/uploads\/2024\/01\/1705358087_8228989.jpg?fit=1200%2C675&ssl=1&resize=525%2C300 1.5x, https:\/\/i0.wp.com\/ismaelcolosi.com.br\/wp-content\/uploads\/2024\/01\/1705358087_8228989.jpg?fit=1200%2C675&ssl=1&resize=700%2C400 2x, https:\/\/i0.wp.com\/ismaelcolosi.com.br\/wp-content\/uploads\/2024\/01\/1705358087_8228989.jpg?fit=1200%2C675&ssl=1&resize=1050%2C600 3x"},"classes":[]},{"id":28834,"url":"https:\/\/ismaelcolosi.com.br\/index.php\/2024\/01\/16\/1-vaga-para-vendedor-de-servicos-de-estetica-automotiva-em-ribeirao-preto-spha-10-horas\/","url_meta":{"origin":56590,"position":5},"title":"1 vaga para Vendedor de Servi\u00e7os de Est\u00e9tica Automotiva em Ribeir\u00e3o Preto &#8211; SPh\u00e1 10 horas","author":"ismaelcolosi.com.br","date":"16 de January de 2024","format":false,"excerpt":"1 vaga para Polidor Automotivo em Ribeir\u00e3o Preto - SPh\u00e1 4 horas 1 vaga para Vendedor de Servi\u00e7os de Est\u00e9tica Automotiva em Ribeir\u00e3o Preto - SPh\u00e1 10 horas Vaga para Secret\u00e1ria Executiva em Ribeir\u00e3o Preto - SPh\u00e1 1 dia 1 vaga para Operador Moagem I em Mat\u00e3o - SPh\u00e1 4\u2026","rel":"","context":"In &quot;Vagas de Emprego em Ribeir\u00e3o Preto-SP&quot;","block_context":{"text":"Vagas de Emprego em Ribeir\u00e3o Preto-SP","link":"https:\/\/ismaelcolosi.com.br\/index.php\/category\/empregos-classificados-vagas-trabalho\/vagas-de-empregos-em-ribeirao-preto-regiao-brasil\/"},"img":{"alt_text":"","src":"","width":0,"height":0},"classes":[]}],"jetpack_sharing_enabled":true,"jetpack_shortlink":"https:\/\/wp.me\/pfMlyK-eIK","_links":{"self":[{"href":"https:\/\/ismaelcolosi.com.br\/index.php\/wp-json\/wp\/v2\/posts\/56590","targetHints":{"allow":["GET"]}}],"collection":[{"href":"https:\/\/ismaelcolosi.com.br\/index.php\/wp-json\/wp\/v2\/posts"}],"about":[{"href":"https:\/\/ismaelcolosi.com.br\/index.php\/wp-json\/wp\/v2\/types\/post"}],"author":[{"embeddable":true,"href":"https:\/\/ismaelcolosi.com.br\/index.php\/wp-json\/wp\/v2\/users\/1"}],"replies":[{"embeddable":true,"href":"https:\/\/ismaelcolosi.com.br\/index.php\/wp-json\/wp\/v2\/comments?post=56590"}],"version-history":[{"count":0,"href":"https:\/\/ismaelcolosi.com.br\/index.php\/wp-json\/wp\/v2\/posts\/56590\/revisions"}],"wp:attachment":[{"href":"https:\/\/ismaelcolosi.com.br\/index.php\/wp-json\/wp\/v2\/media?parent=56590"}],"wp:term":[{"taxonomy":"category","embeddable":true,"href":"https:\/\/ismaelcolosi.com.br\/index.php\/wp-json\/wp\/v2\/categories?post=56590"},{"taxonomy":"post_tag","embeddable":true,"href":"https:\/\/ismaelcolosi.com.br\/index.php\/wp-json\/wp\/v2\/tags?post=56590"}],"curies":[{"name":"wp","href":"https:\/\/api.w.org\/{rel}","templated":true}]}}