{"id":56588,"date":"2024-07-12T17:05:22","date_gmt":"2024-07-12T20:05:22","guid":{"rendered":"https:\/\/ismaelcolosi.com.br\/index.php\/2024\/07\/12\/entregador-de-lanches-fica-sob-mira-de-arma-e-tem-moto-roubada-em-ribeirao-preto\/"},"modified":"2024-07-12T17:05:22","modified_gmt":"2024-07-12T20:05:22","slug":"entregador-de-lanches-fica-sob-mira-de-arma-e-tem-moto-roubada-em-ribeirao-preto","status":"publish","type":"post","link":"https:\/\/ismaelcolosi.com.br\/index.php\/2024\/07\/12\/entregador-de-lanches-fica-sob-mira-de-arma-e-tem-moto-roubada-em-ribeirao-preto\/","title":{"rendered":"Entregador de lanches fica sob mira de arma e tem moto roubada em Ribeir\u00e3o Preto"},"content":{"rendered":"<p> <br \/>\n<\/p>\n<div data-td-block-uid=\"tdi_106\">\n<div class=\"tdb-block-inner td-fix-index\">\n<p><strong>Um entregador de lanches teve a moto roubada durante o trabalho na noite desta quinta-feira (11), no Jardim Jos\u00e9 Sampaio Junior, zona Norte de Ribeir\u00e3o Preto.<\/strong><\/p>\n<p>Segundo ao <strong>boletim de ocorr\u00eancia (BO)<\/strong>, <mark style=\"background-color:#fcb900\" class=\"has-inline-color has-black-color\">a v\u00edtima, de 22 anos, estacionou sua moto Honda CG Titan 160 vermelha na frente da casa de um cliente, na rua Anadir Sampaio Lico, quando foi abordada por dois criminosos, que chegaram em outra moto.<\/mark><\/p>\n<p>A <strong>v\u00edtima <\/strong>relatou \u00e0 pol\u00edcia que um deles subiu em sua <strong>moto<\/strong>, que estava com a <strong>chave <\/strong>no <strong>contato<\/strong>.<\/p>\n<p>O <strong>entregador <\/strong>tamb\u00e9m disse que tentou retirar a <strong>chave <\/strong>do <strong>ve\u00edculo<\/strong>, mas <mark style=\"background-color:#fcb900\" class=\"has-inline-color has-black-color\">o criminoso apontou uma arma em sua dire\u00e7\u00e3o e perguntou se queria que disparasse \u201cum monte de tiro\u201d.<\/mark><\/p>\n<p>Em seguida, os <strong>criminosos fugiram <\/strong>cada um em uma moto. Al\u00e9m do <strong>ve\u00edculo <\/strong>da v\u00edtima, tamb\u00e9m foi <strong>roubado <\/strong>um <strong>celular<\/strong>.<\/p>\n<p>O <strong>BO <\/strong>foi registrado na <strong>CPJ (Central de Pol\u00edcia Judici\u00e1ria) Permanente <\/strong>como <strong>roubo de ve\u00edculo <\/strong>para <strong>investiga\u00e7\u00e3o <\/strong>da <strong>Pol\u00edcia Civil<\/strong>. <mark style=\"background-color:#fcb900\" class=\"has-inline-color has-black-color\">Nenhum suspeito foi preso.<\/mark><\/p>\n<p>SAIBA MAIS<\/p>\n<p>Interior de SP fica em aten\u00e7\u00e3o para chuva nesta sexta-feira; Veja as regi\u00f5es<\/p>\n<p>FIQUE ON<\/p>\n<p>Fique ligado em tudo que acontece em Ribeir\u00e3o Preto e regi\u00e3o. Siga os perfis do\u00a0<strong>acidade on<\/strong>\u00a0no\u00a0<a href=\"https:\/\/www.instagram.com\/acidadeonribeirao\" target=\"_blank\" rel=\"noreferrer noopener\">Instagram<\/a>\u00a0e no\u00a0<a href=\"https:\/\/www.facebook.com\/acidadeonribeirao\/\" target=\"_blank\" rel=\"noreferrer noopener\">Facebook<\/a>.<\/p>\n<p>Receba not\u00edcias do\u00a0<strong>acidade on\u00a0<\/strong>no WhatsApp.\u00a0<a href=\"https:\/\/chat.whatsapp.com\/CdrZ6xrf7quD44Vw3WlPuZ\" target=\"_blank\" rel=\"noreferrer noopener\">Para entrar no grupo, basta clicar aqui.<\/a><\/p>\n<p>Fa\u00e7a uma den\u00fancia ou sugira uma reportagem sobre Ribeir\u00e3o Preto e regi\u00e3o pelo WhatsApp: 16 99117 7802.<\/p>\n<p>VEJA TAMB\u00c9M<\/p>\n<p>Como impedir de ser colocado em grupos\u00a0de\u00a0WhatsApp?<\/p>\n<p><!-- AI CONTENT END 1 -->\n<\/div>\n<\/div>\n<p><script async src=\"\/\/www.instagram.com\/embed.js\"><\/script><br \/>\n<br \/><br \/>\n<br \/><a href=\"https:\/\/www.acidadeon.com\/ribeiraopreto\/cotidiano\/entregador-de-lanches-fica-sob-mira-de-arma-e-tem-moto-roubada-em-ribeirao-preto\/\">Source link <\/a><\/p>\n<div class='code-block code-block-4' style='margin: 8px auto 8px 0; text-align: left; display: block; clear: both;'>\n\ud83d\udce2 Aviso Legal\n\nO site ismaelcolosi.com.br atua apenas como um canal de divulga\u00e7\u00e3o de oportunidades de emprego e n\u00e3o se responsabiliza pelo processo seletivo, contrata\u00e7\u00e3o ou qualquer outra etapa relacionada \u00e0s vagas publicadas. Todas as informa\u00e7\u00f5es s\u00e3o de responsabilidade dos anunciantes.\n\n\u26a0\ufe0f Aten\u00e7\u00e3o! Nunca pague por promessas de emprego nem compre cursos que garantam contrata\u00e7\u00e3o. Desconfie de qualquer cobran\u00e7a para participar de sele\u00e7\u00f5es.\n\n\n\n<\/div>\n<!-- CONTENT END 1 -->\n","protected":false},"excerpt":{"rendered":"<p>Um entregador de lanches teve a moto roubada durante o trabalho na noite desta quinta-feira (11), no Jardim Jos\u00e9 Sampaio Junior, zona Norte de Ribeir\u00e3o&#8230;<\/p>\n","protected":false},"author":1,"featured_media":56589,"comment_status":"open","ping_status":"open","sticky":false,"template":"","format":"standard","meta":{"_uag_custom_page_level_css":"","advanced_seo_description":"","jetpack_seo_html_title":"","jetpack_seo_noindex":false,"jetpack_post_was_ever_published":false,"_jetpack_newsletter_access":"","_jetpack_dont_email_post_to_subs":false,"_jetpack_newsletter_tier_id":0,"_jetpack_memberships_contains_paywalled_content":false,"_jetpack_memberships_contains_paid_content":false,"footnotes":"","jetpack_publicize_message":"","jetpack_publicize_feature_enabled":true,"jetpack_social_post_already_shared":true,"jetpack_social_options":{"image_generator_settings":{"template":"highway","default_image_id":0,"font":"","enabled":false},"version":2}},"categories":[11],"tags":[],"class_list":["post-56588","post","type-post","status-publish","format-standard","has-post-thumbnail","hentry","category-noticias-de-ribeirao-preto-sp-e-regiao-ismael-colosi"],"jetpack_publicize_connections":[],"jetpack_featured_media_url":"https:\/\/i0.wp.com\/ismaelcolosi.com.br\/wp-content\/uploads\/2024\/07\/1720814722_sao_carlos_500x320_03082019163914.jpg?fit=500%2C322&ssl=1","uagb_featured_image_src":{"full":["https:\/\/i0.wp.com\/ismaelcolosi.com.br\/wp-content\/uploads\/2024\/07\/1720814722_sao_carlos_500x320_03082019163914.jpg?fit=500%2C322&ssl=1",500,322,false],"thumbnail":["https:\/\/i0.wp.com\/ismaelcolosi.com.br\/wp-content\/uploads\/2024\/07\/1720814722_sao_carlos_500x320_03082019163914.jpg?resize=150%2C150&ssl=1",150,150,true],"medium":["https:\/\/i0.wp.com\/ismaelcolosi.com.br\/wp-content\/uploads\/2024\/07\/1720814722_sao_carlos_500x320_03082019163914.jpg?fit=300%2C193&ssl=1",300,193,true],"medium_large":["https:\/\/i0.wp.com\/ismaelcolosi.com.br\/wp-content\/uploads\/2024\/07\/1720814722_sao_carlos_500x320_03082019163914.jpg?fit=500%2C322&ssl=1",500,322,true],"large":["https:\/\/i0.wp.com\/ismaelcolosi.com.br\/wp-content\/uploads\/2024\/07\/1720814722_sao_carlos_500x320_03082019163914.jpg?fit=500%2C322&ssl=1",500,322,true],"1536x1536":["https:\/\/i0.wp.com\/ismaelcolosi.com.br\/wp-content\/uploads\/2024\/07\/1720814722_sao_carlos_500x320_03082019163914.jpg?fit=500%2C322&ssl=1",500,322,true],"2048x2048":["https:\/\/i0.wp.com\/ismaelcolosi.com.br\/wp-content\/uploads\/2024\/07\/1720814722_sao_carlos_500x320_03082019163914.jpg?fit=500%2C322&ssl=1",500,322,true],"really-simple-thumb":["https:\/\/i0.wp.com\/ismaelcolosi.com.br\/wp-content\/uploads\/2024\/07\/1720814722_sao_carlos_500x320_03082019163914.jpg?resize=370%2C247&ssl=1",370,247,true]},"uagb_author_info":{"display_name":"ismaelcolosi.com.br","author_link":"https:\/\/ismaelcolosi.com.br\/index.php\/author\/vidareal-online\/"},"uagb_comment_info":0,"uagb_excerpt":"Um entregador de lanches teve a moto roubada durante o trabalho na noite desta quinta-feira (11), no Jardim Jos\u00e9 Sampaio Junior, zona Norte de Ribeir\u00e3o...","jetpack-related-posts":[{"id":69043,"url":"https:\/\/ismaelcolosi.com.br\/index.php\/2024\/10\/03\/vendedor-tem-moto-de-luxo-roubada-no-transito-de-ribeirao-preto\/","url_meta":{"origin":56588,"position":0},"title":"Vendedor tem moto de luxo roubada no tr\u00e2nsito de Ribeir\u00e3o Preto","author":"ismaelcolosi.com.br","date":"3 de October de 2024","format":false,"excerpt":"Um vendedor de 44 anos teve sua moto BMW roubada ao ser abordado por assaltantes enquanto dirigia pela avenida Doutora Nadir \u00c1guiar, no bairro Jardim Paiva, zona Oeste de Ribeir\u00e3o Preto. O crime ocorreu na ter\u00e7a-feira (1\u00ba), por volta das 19h30. De acordo com o boletim de ocorr\u00eancia (BO), a\u2026","rel":"","context":"In &quot;Not\u00edcias de Ribeir\u00e3o Preto-SP e Regi\u00e3o&quot;","block_context":{"text":"Not\u00edcias de Ribeir\u00e3o Preto-SP e Regi\u00e3o","link":"https:\/\/ismaelcolosi.com.br\/index.php\/category\/noticias-de-ribeirao-preto-sp-e-regiao-ismael-colosi\/"},"img":{"alt_text":"","src":"https:\/\/i0.wp.com\/ismaelcolosi.com.br\/wp-content\/uploads\/2024\/10\/WhatsApp-Image-2023-10-16-at-09.34.32.jpeg?fit=1080%2C1080&ssl=1&resize=350%2C200","width":350,"height":200,"srcset":"https:\/\/i0.wp.com\/ismaelcolosi.com.br\/wp-content\/uploads\/2024\/10\/WhatsApp-Image-2023-10-16-at-09.34.32.jpeg?fit=1080%2C1080&ssl=1&resize=350%2C200 1x, https:\/\/i0.wp.com\/ismaelcolosi.com.br\/wp-content\/uploads\/2024\/10\/WhatsApp-Image-2023-10-16-at-09.34.32.jpeg?fit=1080%2C1080&ssl=1&resize=525%2C300 1.5x, https:\/\/i0.wp.com\/ismaelcolosi.com.br\/wp-content\/uploads\/2024\/10\/WhatsApp-Image-2023-10-16-at-09.34.32.jpeg?fit=1080%2C1080&ssl=1&resize=700%2C400 2x, https:\/\/i0.wp.com\/ismaelcolosi.com.br\/wp-content\/uploads\/2024\/10\/WhatsApp-Image-2023-10-16-at-09.34.32.jpeg?fit=1080%2C1080&ssl=1&resize=1050%2C600 3x"},"classes":[]},{"id":57365,"url":"https:\/\/ismaelcolosi.com.br\/index.php\/2024\/07\/19\/preso-segundo-suspeito-de-invadir-casa-e-roubar-arma-de-policial-em-ribeirao-preto\/","url_meta":{"origin":56588,"position":1},"title":"Preso segundo suspeito de invadir casa e roubar arma de policial em Ribeir\u00e3o Preto","author":"ismaelcolosi.com.br","date":"19 de July de 2024","format":false,"excerpt":"A Pol\u00edcia Civil prendeu, no fim desta sexta-feira (19), o segundo suspeito de invadir a casa de um policial e roubar, entre outros objetos, uma arma de fogo de uso pessoal. O assalto ocorreu no \u00faltimo dia 13, no bairro Jardim Recreio, na zona Oeste de Ribeir\u00e3o Preto. Segundo a\u2026","rel":"","context":"In &quot;Not\u00edcias de Ribeir\u00e3o Preto-SP e Regi\u00e3o&quot;","block_context":{"text":"Not\u00edcias de Ribeir\u00e3o Preto-SP e Regi\u00e3o","link":"https:\/\/ismaelcolosi.com.br\/index.php\/category\/noticias-de-ribeirao-preto-sp-e-regiao-ismael-colosi\/"},"img":{"alt_text":"","src":"https:\/\/i0.wp.com\/ismaelcolosi.com.br\/wp-content\/uploads\/2024\/07\/Copia-de-Copia-de-TAMANHO-EXATO-PARA-FOTOS-NO-SISTEMA-NOVO-3_2024-07-19_23-09-30_jpg_2024-07-19_23-09-30.webp.webp?fit=1200%2C675&ssl=1&resize=350%2C200","width":350,"height":200,"srcset":"https:\/\/i0.wp.com\/ismaelcolosi.com.br\/wp-content\/uploads\/2024\/07\/Copia-de-Copia-de-TAMANHO-EXATO-PARA-FOTOS-NO-SISTEMA-NOVO-3_2024-07-19_23-09-30_jpg_2024-07-19_23-09-30.webp.webp?fit=1200%2C675&ssl=1&resize=350%2C200 1x, https:\/\/i0.wp.com\/ismaelcolosi.com.br\/wp-content\/uploads\/2024\/07\/Copia-de-Copia-de-TAMANHO-EXATO-PARA-FOTOS-NO-SISTEMA-NOVO-3_2024-07-19_23-09-30_jpg_2024-07-19_23-09-30.webp.webp?fit=1200%2C675&ssl=1&resize=525%2C300 1.5x, https:\/\/i0.wp.com\/ismaelcolosi.com.br\/wp-content\/uploads\/2024\/07\/Copia-de-Copia-de-TAMANHO-EXATO-PARA-FOTOS-NO-SISTEMA-NOVO-3_2024-07-19_23-09-30_jpg_2024-07-19_23-09-30.webp.webp?fit=1200%2C675&ssl=1&resize=700%2C400 2x, https:\/\/i0.wp.com\/ismaelcolosi.com.br\/wp-content\/uploads\/2024\/07\/Copia-de-Copia-de-TAMANHO-EXATO-PARA-FOTOS-NO-SISTEMA-NOVO-3_2024-07-19_23-09-30_jpg_2024-07-19_23-09-30.webp.webp?fit=1200%2C675&ssl=1&resize=1050%2C600 3x"},"classes":[]},{"id":35461,"url":"https:\/\/ismaelcolosi.com.br\/index.php\/2024\/02\/06\/suspeito-de-roubo-de-moto-esquece-rg-ao-fugir-da-policia-em-ribeirao-preto\/","url_meta":{"origin":56588,"position":2},"title":"Suspeito de roubo de moto esquece RG ao fugir da pol\u00edcia em Ribeir\u00e3o Preto","author":"ismaelcolosi.com.br","date":"6 de February de 2024","format":false,"excerpt":"Um homem suspeito de roubo de moto esqueceu o documento de identidade em uma casa ao fugir da PM (Pol\u00edcia Militar) nesta segunda-feira (5), no Jardim Paiva, zona Oeste de Ribeir\u00e3o Preto. Segundo o boletim de ocorr\u00eancia (BO), a pol\u00edcia conseguiu rastrear o ve\u00edculo no im\u00f3vel onde o suspeito estava,\u2026","rel":"","context":"In &quot;Not\u00edcias de Ribeir\u00e3o Preto-SP e Regi\u00e3o&quot;","block_context":{"text":"Not\u00edcias de Ribeir\u00e3o Preto-SP e Regi\u00e3o","link":"https:\/\/ismaelcolosi.com.br\/index.php\/category\/noticias-de-ribeirao-preto-sp-e-regiao-ismael-colosi\/"},"img":{"alt_text":"","src":"https:\/\/i0.wp.com\/ismaelcolosi.com.br\/wp-content\/uploads\/2024\/02\/policia_qru_1024x576_05012021161940.jpg?fit=1024%2C576&ssl=1&resize=350%2C200","width":350,"height":200,"srcset":"https:\/\/i0.wp.com\/ismaelcolosi.com.br\/wp-content\/uploads\/2024\/02\/policia_qru_1024x576_05012021161940.jpg?fit=1024%2C576&ssl=1&resize=350%2C200 1x, https:\/\/i0.wp.com\/ismaelcolosi.com.br\/wp-content\/uploads\/2024\/02\/policia_qru_1024x576_05012021161940.jpg?fit=1024%2C576&ssl=1&resize=525%2C300 1.5x, https:\/\/i0.wp.com\/ismaelcolosi.com.br\/wp-content\/uploads\/2024\/02\/policia_qru_1024x576_05012021161940.jpg?fit=1024%2C576&ssl=1&resize=700%2C400 2x"},"classes":[]},{"id":65916,"url":"https:\/\/ismaelcolosi.com.br\/index.php\/2024\/09\/14\/entregador-fica-ferido-apos-batida-entre-moto-e-carro-em-ribeirao-preto-video\/","url_meta":{"origin":56588,"position":3},"title":"Entregador fica ferido ap\u00f3s batida entre moto e carro em Ribeir\u00e3o Preto; V\u00eddeo","author":"ismaelcolosi.com.br","date":"14 de September de 2024","format":false,"excerpt":"Um entregador de comida ficou ferido na noite desta sexta-feira (13), ap\u00f3s uma batida entre a moto que conduzia e um carro no bairro Monte Alegre, zona Oeste de Ribeir\u00e3o Preto. Assista ao v\u00eddeo abaixo. Ap\u00f3s a colis\u00e3o, o motorista do carro teria deixado o local sem prestar socorro \u00e0\u2026","rel":"","context":"In &quot;Not\u00edcias de Ribeir\u00e3o Preto-SP e Regi\u00e3o&quot;","block_context":{"text":"Not\u00edcias de Ribeir\u00e3o Preto-SP e Regi\u00e3o","link":"https:\/\/ismaelcolosi.com.br\/index.php\/category\/noticias-de-ribeirao-preto-sp-e-regiao-ismael-colosi\/"},"img":{"alt_text":"","src":"https:\/\/i0.wp.com\/ismaelcolosi.com.br\/wp-content\/uploads\/2024\/09\/WhatsApp-Image-2024-09-14-at-18.06.44_2024-09-14_21-07-27_jpeg_2024-09-14_21-07-28.webp.webp?fit=1200%2C927&ssl=1&resize=350%2C200","width":350,"height":200,"srcset":"https:\/\/i0.wp.com\/ismaelcolosi.com.br\/wp-content\/uploads\/2024\/09\/WhatsApp-Image-2024-09-14-at-18.06.44_2024-09-14_21-07-27_jpeg_2024-09-14_21-07-28.webp.webp?fit=1200%2C927&ssl=1&resize=350%2C200 1x, https:\/\/i0.wp.com\/ismaelcolosi.com.br\/wp-content\/uploads\/2024\/09\/WhatsApp-Image-2024-09-14-at-18.06.44_2024-09-14_21-07-27_jpeg_2024-09-14_21-07-28.webp.webp?fit=1200%2C927&ssl=1&resize=525%2C300 1.5x, https:\/\/i0.wp.com\/ismaelcolosi.com.br\/wp-content\/uploads\/2024\/09\/WhatsApp-Image-2024-09-14-at-18.06.44_2024-09-14_21-07-27_jpeg_2024-09-14_21-07-28.webp.webp?fit=1200%2C927&ssl=1&resize=700%2C400 2x, https:\/\/i0.wp.com\/ismaelcolosi.com.br\/wp-content\/uploads\/2024\/09\/WhatsApp-Image-2024-09-14-at-18.06.44_2024-09-14_21-07-27_jpeg_2024-09-14_21-07-28.webp.webp?fit=1200%2C927&ssl=1&resize=1050%2C600 3x"},"classes":[]},{"id":49906,"url":"https:\/\/ismaelcolosi.com.br\/index.php\/2024\/05\/13\/jovem-e-agredida-durante-assalto-na-regiao-de-ribeirao-preto\/","url_meta":{"origin":56588,"position":4},"title":"Jovem \u00e9 agredida durante assalto na regi\u00e3o de Ribeir\u00e3o Preto","author":"ismaelcolosi.com.br","date":"13 de May de 2024","format":false,"excerpt":"Uma jovem de 24 anos foi agredida e teve a moto roubada nesta segunda-feira (13), em Franca, cidade na regi\u00e3o de Ribeir\u00e3o Preto. O caso aconteceu no bairro Vila Santa Terezinha, enquanto a jovem sa\u00eda de casa para buscar o irm\u00e3o. C\u00e2meras de seguran\u00e7a flagraram toda a a\u00e7\u00e3o \u2013 veja\u2026","rel":"","context":"In &quot;Not\u00edcias de Ribeir\u00e3o Preto-SP e Regi\u00e3o&quot;","block_context":{"text":"Not\u00edcias de Ribeir\u00e3o Preto-SP e Regi\u00e3o","link":"https:\/\/ismaelcolosi.com.br\/index.php\/category\/noticias-de-ribeirao-preto-sp-e-regiao-ismael-colosi\/"},"img":{"alt_text":"","src":"https:\/\/i0.wp.com\/ismaelcolosi.com.br\/wp-content\/uploads\/2024\/05\/Copia-de-Copia-de-TAMANHO-EXATO-PARA-FOTOS-NO-SISTEMA-NOVO-39_2024-05-14_00-53-49_png_2024-05-14_00-53-49.webp.webp?fit=1200%2C675&ssl=1&resize=350%2C200","width":350,"height":200,"srcset":"https:\/\/i0.wp.com\/ismaelcolosi.com.br\/wp-content\/uploads\/2024\/05\/Copia-de-Copia-de-TAMANHO-EXATO-PARA-FOTOS-NO-SISTEMA-NOVO-39_2024-05-14_00-53-49_png_2024-05-14_00-53-49.webp.webp?fit=1200%2C675&ssl=1&resize=350%2C200 1x, https:\/\/i0.wp.com\/ismaelcolosi.com.br\/wp-content\/uploads\/2024\/05\/Copia-de-Copia-de-TAMANHO-EXATO-PARA-FOTOS-NO-SISTEMA-NOVO-39_2024-05-14_00-53-49_png_2024-05-14_00-53-49.webp.webp?fit=1200%2C675&ssl=1&resize=525%2C300 1.5x, https:\/\/i0.wp.com\/ismaelcolosi.com.br\/wp-content\/uploads\/2024\/05\/Copia-de-Copia-de-TAMANHO-EXATO-PARA-FOTOS-NO-SISTEMA-NOVO-39_2024-05-14_00-53-49_png_2024-05-14_00-53-49.webp.webp?fit=1200%2C675&ssl=1&resize=700%2C400 2x, https:\/\/i0.wp.com\/ismaelcolosi.com.br\/wp-content\/uploads\/2024\/05\/Copia-de-Copia-de-TAMANHO-EXATO-PARA-FOTOS-NO-SISTEMA-NOVO-39_2024-05-14_00-53-49_png_2024-05-14_00-53-49.webp.webp?fit=1200%2C675&ssl=1&resize=1050%2C600 3x"},"classes":[]},{"id":64025,"url":"https:\/\/ismaelcolosi.com.br\/index.php\/2024\/09\/05\/assaltantes-fazem-casal-refem-agridem-vitima-e-roubam-cofre-vazio-em-ribeirao\/","url_meta":{"origin":56588,"position":5},"title":"Assaltantes fazem casal ref\u00e9m, agridem v\u00edtima e roubam cofre vazio em Ribeir\u00e3o","author":"ismaelcolosi.com.br","date":"5 de September de 2024","format":false,"excerpt":"Dois criminosos, um dos quais com uma arma de fogo, fizeram um casal ref\u00e9m e agrediram uma das v\u00edtimas durante um assalto no in\u00edcio da noite desta quarta-feira (4), no bairro Campos El\u00edseos, zona Norte de Ribeir\u00e3o Preto. Segundo o boletim de ocorr\u00eancia (BO), a v\u00edtima \u2013 um homem de\u2026","rel":"","context":"In &quot;Not\u00edcias de Ribeir\u00e3o Preto-SP e Regi\u00e3o&quot;","block_context":{"text":"Not\u00edcias de Ribeir\u00e3o Preto-SP e Regi\u00e3o","link":"https:\/\/ismaelcolosi.com.br\/index.php\/category\/noticias-de-ribeirao-preto-sp-e-regiao-ismael-colosi\/"},"img":{"alt_text":"","src":"https:\/\/i0.wp.com\/ismaelcolosi.com.br\/wp-content\/uploads\/2024\/09\/pm_qru_1024x576_25052021184558.jpg?fit=1024%2C576&ssl=1&resize=350%2C200","width":350,"height":200,"srcset":"https:\/\/i0.wp.com\/ismaelcolosi.com.br\/wp-content\/uploads\/2024\/09\/pm_qru_1024x576_25052021184558.jpg?fit=1024%2C576&ssl=1&resize=350%2C200 1x, https:\/\/i0.wp.com\/ismaelcolosi.com.br\/wp-content\/uploads\/2024\/09\/pm_qru_1024x576_25052021184558.jpg?fit=1024%2C576&ssl=1&resize=525%2C300 1.5x, https:\/\/i0.wp.com\/ismaelcolosi.com.br\/wp-content\/uploads\/2024\/09\/pm_qru_1024x576_25052021184558.jpg?fit=1024%2C576&ssl=1&resize=700%2C400 2x"},"classes":[]}],"jetpack_sharing_enabled":true,"jetpack_shortlink":"https:\/\/wp.me\/pfMlyK-eII","_links":{"self":[{"href":"https:\/\/ismaelcolosi.com.br\/index.php\/wp-json\/wp\/v2\/posts\/56588","targetHints":{"allow":["GET"]}}],"collection":[{"href":"https:\/\/ismaelcolosi.com.br\/index.php\/wp-json\/wp\/v2\/posts"}],"about":[{"href":"https:\/\/ismaelcolosi.com.br\/index.php\/wp-json\/wp\/v2\/types\/post"}],"author":[{"embeddable":true,"href":"https:\/\/ismaelcolosi.com.br\/index.php\/wp-json\/wp\/v2\/users\/1"}],"replies":[{"embeddable":true,"href":"https:\/\/ismaelcolosi.com.br\/index.php\/wp-json\/wp\/v2\/comments?post=56588"}],"version-history":[{"count":0,"href":"https:\/\/ismaelcolosi.com.br\/index.php\/wp-json\/wp\/v2\/posts\/56588\/revisions"}],"wp:featuredmedia":[{"embeddable":true,"href":"https:\/\/ismaelcolosi.com.br\/index.php\/wp-json\/wp\/v2\/media\/56589"}],"wp:attachment":[{"href":"https:\/\/ismaelcolosi.com.br\/index.php\/wp-json\/wp\/v2\/media?parent=56588"}],"wp:term":[{"taxonomy":"category","embeddable":true,"href":"https:\/\/ismaelcolosi.com.br\/index.php\/wp-json\/wp\/v2\/categories?post=56588"},{"taxonomy":"post_tag","embeddable":true,"href":"https:\/\/ismaelcolosi.com.br\/index.php\/wp-json\/wp\/v2\/tags?post=56588"}],"curies":[{"name":"wp","href":"https:\/\/api.w.org\/{rel}","templated":true}]}}