{"id":56584,"date":"2024-07-12T16:51:20","date_gmt":"2024-07-12T19:51:20","guid":{"rendered":"https:\/\/ismaelcolosi.com.br\/index.php\/2024\/07\/12\/ribeirao-pretano-e-um-dos-alvos-de-operacao-da-pf-contra-abin-paralela\/"},"modified":"2024-07-12T16:51:20","modified_gmt":"2024-07-12T19:51:20","slug":"ribeirao-pretano-e-um-dos-alvos-de-operacao-da-pf-contra-abin-paralela","status":"publish","type":"post","link":"https:\/\/ismaelcolosi.com.br\/index.php\/2024\/07\/12\/ribeirao-pretano-e-um-dos-alvos-de-operacao-da-pf-contra-abin-paralela\/","title":{"rendered":"Ribeir\u00e3o-pretano \u00e9 um dos alvos de opera\u00e7\u00e3o da PF contra \u2018Abin Paralela\u2019"},"content":{"rendered":"<p> <br \/>\n<\/p>\n<div>\n<p>O <strong>ribeir\u00e3o-pretano<\/strong> Mateus de Carvalho Sposito \u00e9 um dos alvos da PF (Pol\u00edcia Federal) na opera\u00e7\u00e3o que investiga a \u201cAbin Paralela\u201d. <\/p>\n<p>Mateus foi <strong>preso preventivamente<\/strong> na \u00faltima<strong> quinta-feira<\/strong> (11) durante a <strong>opera\u00e7\u00e3o \u00daltima Milha,<\/strong> que<strong> investiga<\/strong> o <strong>uso indevido da Abin<\/strong> (Ag\u00eancia Brasileira de Intelig\u00eancia) durante o <strong>governo de Jair Bolsonaro<\/strong>, entre os anos de <strong>2019 e 2022<\/strong>.<\/p>\n<p>Segundo documento do <strong>Minist\u00e9rio P\u00fablico Federal <\/strong>enviado ao <strong>STF<\/strong> (Supremo Tribunal Federal), <strong>Mateus e outros investigados eram respons\u00e1veis por \u201cataques sist\u00eamicos aos advers\u00e1rios, ao sistema eleitoral e \u00e0s institui\u00e7\u00f5es p\u00fablicas\u201d usando dados obtidos de forma clandestina para dissemina\u00e7\u00e3o de not\u00edcias falsas.<\/strong><\/p>\n<p>Ainda, de acordo com o documento, <strong>Mateus era um \u201cimportante elo da organiza\u00e7\u00e3o criminosa, que realizava a conex\u00e3o entre a Presid\u00eancia da Rep\u00fablica e os n\u00facleos de estrutura paralela e mil\u00edcias digitais na divulga\u00e7\u00e3o dos conte\u00fados gravosos\u201d.<\/strong><\/p>\n<h2 class=\"wp-block-heading\"><strong>Veja quem s\u00e3o os investigados:<\/strong><\/h2>\n<ul>\n<li><strong>Mateus de Carvalho Sposito<\/strong><\/li>\n<li>Richards Dyer Pozzer<\/li>\n<li>Rog\u00e9rio Beraldo de Almeida<\/li>\n<li>Marcelo Ara\u00fajo Bormevet<\/li>\n<li>Giancarlo Gomes Rodrigues<\/li>\n<\/ul>\n<h2 class=\"wp-block-heading\"><strong>CPI das Fake News<\/strong><\/h2>\n<p>Mateus tamb\u00e9m foi <strong>citado como o respons\u00e1vel por ataques contra advers\u00e1rios<\/strong>, durante a <strong>CPI das Fake News<\/strong>, instalada em <strong>setembro de 2019<\/strong> para<strong> \u201cinvestigar a cria\u00e7\u00e3o de perfis falsos e ataques cibern\u00e9ticos nas diversas redes sociais, com poss\u00edvel influ\u00eancia no processo eleitoral e debate p\u00fablico\u201d<\/strong>, segundo publica\u00e7\u00e3o do Senado.<\/p>\n<h2 class=\"wp-block-heading\"><strong>Sobre Mateus<\/strong><\/h2>\n<p>Mateus trabalhou como <strong>assessor na Coordena\u00e7\u00e3o-Geral de V\u00eddeo<\/strong>, na <strong>Presid\u00eancia da Rep\u00fablica<\/strong>, de <strong>2019 a 2022<\/strong>, de acordo com o perfil do ribeir\u00e3o-pretano em uma rede social profissional. Consta, ainda, que ele foi <strong>morar em Bras\u00edlia<\/strong> em <strong>2014<\/strong>.<\/p>\n<h2 class=\"wp-block-heading\"><strong>Defesa <\/strong><\/h2>\n<p>O <strong>acidadeon<\/strong> Ribeir\u00e3o est\u00e1 tentando localizar a <strong>defesa de Mateus<\/strong>, mas at\u00e9 a publica\u00e7\u00e3o da reportagem <strong>n\u00e3o foi localizada<\/strong>. <\/p>\n<p>SAIBA MAIS <\/p>\n<p>Empreiteira de Ribeir\u00e3o Preto conta com vagas de emprego; Veja como concorrer<\/p>\n<h4 class=\"wp-block-heading\"><strong>FIQUE ON<\/strong><\/h4>\n<p>Fique ligado em tudo que acontece em Ribeir\u00e3o Preto e regi\u00e3o. Siga os perfis do\u00a0<strong>acidade on\u00a0<\/strong>no<a href=\"https:\/\/www.instagram.com\/acidadeonribeirao\" target=\"_blank\" rel=\"noreferrer noopener\">\u00a0Instagram<\/a>\u00a0e no\u00a0<a href=\"https:\/\/www.facebook.com\/acidadeonribeirao\/\" target=\"_blank\" rel=\"noreferrer noopener\">Facebook<\/a>.<\/p>\n<p>Receba not\u00edcias do<strong>\u00a0acidade on<\/strong>\u00a0no WhatsApp.\u00a0<a href=\"https:\/\/chat.whatsapp.com\/CdrZ6xrf7quD44Vw3WlPuZ\" target=\"_blank\" rel=\"noreferrer noopener\">Para entrar no grupo, basta clicar aqui.<\/a><\/p>\n<p>Fa\u00e7a uma den\u00fancia ou sugira uma reportagem sobre Ribeir\u00e3o Preto e regi\u00e3o pelo WhatsApp: 16 99117 7802.<\/p>\n<p>VEJA TAMB\u00c9M<br \/>Como impedir de ser colocado em grupos\u00a0de\u00a0WhatsApp?<\/p>\n<p><!-- AI CONTENT END 1 -->\n<\/div>\n<p><script async src=\"\/\/www.instagram.com\/embed.js\"><\/script><br \/>\n<br \/><br \/>\n<br \/><a href=\"https:\/\/www.acidadeon.com\/ribeiraopreto\/politica\/ribeirao-pretano-e-um-dos-alvos-de-operacao-da-pf-contra-abin-paralela\/\">Source link <\/a><\/p>\n<div class='code-block code-block-4' style='margin: 8px auto 8px 0; text-align: left; display: block; clear: both;'>\n\ud83d\udce2 Aviso Legal\n\nO site ismaelcolosi.com.br atua apenas como um canal de divulga\u00e7\u00e3o de oportunidades de emprego e n\u00e3o se responsabiliza pelo processo seletivo, contrata\u00e7\u00e3o ou qualquer outra etapa relacionada \u00e0s vagas publicadas. Todas as informa\u00e7\u00f5es s\u00e3o de responsabilidade dos anunciantes.\n\n\u26a0\ufe0f Aten\u00e7\u00e3o! Nunca pague por promessas de emprego nem compre cursos que garantam contrata\u00e7\u00e3o. Desconfie de qualquer cobran\u00e7a para participar de sele\u00e7\u00f5es.\n\n\n\n<\/div>\n<!-- CONTENT END 1 -->\n","protected":false},"excerpt":{"rendered":"<p>O ribeir\u00e3o-pretano Mateus de Carvalho Sposito \u00e9 um dos alvos da PF (Pol\u00edcia Federal) na opera\u00e7\u00e3o que investiga a \u201cAbin Paralela\u201d. Mateus foi preso preventivamente&#8230;<\/p>\n","protected":false},"author":1,"featured_media":56585,"comment_status":"open","ping_status":"open","sticky":false,"template":"","format":"standard","meta":{"_uag_custom_page_level_css":"","advanced_seo_description":"","jetpack_seo_html_title":"","jetpack_seo_noindex":false,"jetpack_post_was_ever_published":false,"_jetpack_newsletter_access":"","_jetpack_dont_email_post_to_subs":false,"_jetpack_newsletter_tier_id":0,"_jetpack_memberships_contains_paywalled_content":false,"_jetpack_memberships_contains_paid_content":false,"footnotes":"","jetpack_publicize_message":"","jetpack_publicize_feature_enabled":true,"jetpack_social_post_already_shared":true,"jetpack_social_options":{"image_generator_settings":{"template":"highway","default_image_id":0,"font":"","enabled":false},"version":2}},"categories":[11],"tags":[],"class_list":["post-56584","post","type-post","status-publish","format-standard","has-post-thumbnail","hentry","category-noticias-de-ribeirao-preto-sp-e-regiao-ismael-colosi"],"jetpack_publicize_connections":[],"jetpack_featured_media_url":"https:\/\/i0.wp.com\/ismaelcolosi.com.br\/wp-content\/uploads\/2024\/07\/Copia-de-Copia-de-TAMANHO-EXATO-PARA-FOTOS-NO-SISTEMA-NOVO-9_2024-07-12_19-13-32_jpg_2024-07-12_19-13-32.webp.webp?fit=1200%2C675&ssl=1","uagb_featured_image_src":{"full":["https:\/\/i0.wp.com\/ismaelcolosi.com.br\/wp-content\/uploads\/2024\/07\/Copia-de-Copia-de-TAMANHO-EXATO-PARA-FOTOS-NO-SISTEMA-NOVO-9_2024-07-12_19-13-32_jpg_2024-07-12_19-13-32.webp.webp?fit=1200%2C675&ssl=1",1200,675,false],"thumbnail":["https:\/\/i0.wp.com\/ismaelcolosi.com.br\/wp-content\/uploads\/2024\/07\/Copia-de-Copia-de-TAMANHO-EXATO-PARA-FOTOS-NO-SISTEMA-NOVO-9_2024-07-12_19-13-32_jpg_2024-07-12_19-13-32.webp.webp?resize=150%2C150&ssl=1",150,150,true],"medium":["https:\/\/i0.wp.com\/ismaelcolosi.com.br\/wp-content\/uploads\/2024\/07\/Copia-de-Copia-de-TAMANHO-EXATO-PARA-FOTOS-NO-SISTEMA-NOVO-9_2024-07-12_19-13-32_jpg_2024-07-12_19-13-32.webp.webp?fit=300%2C169&ssl=1",300,169,true],"medium_large":["https:\/\/i0.wp.com\/ismaelcolosi.com.br\/wp-content\/uploads\/2024\/07\/Copia-de-Copia-de-TAMANHO-EXATO-PARA-FOTOS-NO-SISTEMA-NOVO-9_2024-07-12_19-13-32_jpg_2024-07-12_19-13-32.webp.webp?fit=768%2C432&ssl=1",768,432,true],"large":["https:\/\/i0.wp.com\/ismaelcolosi.com.br\/wp-content\/uploads\/2024\/07\/Copia-de-Copia-de-TAMANHO-EXATO-PARA-FOTOS-NO-SISTEMA-NOVO-9_2024-07-12_19-13-32_jpg_2024-07-12_19-13-32.webp.webp?fit=1024%2C576&ssl=1",1024,576,true],"1536x1536":["https:\/\/i0.wp.com\/ismaelcolosi.com.br\/wp-content\/uploads\/2024\/07\/Copia-de-Copia-de-TAMANHO-EXATO-PARA-FOTOS-NO-SISTEMA-NOVO-9_2024-07-12_19-13-32_jpg_2024-07-12_19-13-32.webp.webp?fit=1200%2C675&ssl=1",1200,675,true],"2048x2048":["https:\/\/i0.wp.com\/ismaelcolosi.com.br\/wp-content\/uploads\/2024\/07\/Copia-de-Copia-de-TAMANHO-EXATO-PARA-FOTOS-NO-SISTEMA-NOVO-9_2024-07-12_19-13-32_jpg_2024-07-12_19-13-32.webp.webp?fit=1200%2C675&ssl=1",1200,675,true],"really-simple-thumb":["https:\/\/i0.wp.com\/ismaelcolosi.com.br\/wp-content\/uploads\/2024\/07\/Copia-de-Copia-de-TAMANHO-EXATO-PARA-FOTOS-NO-SISTEMA-NOVO-9_2024-07-12_19-13-32_jpg_2024-07-12_19-13-32.webp.webp?resize=370%2C247&ssl=1",370,247,true]},"uagb_author_info":{"display_name":"ismaelcolosi.com.br","author_link":"https:\/\/ismaelcolosi.com.br\/index.php\/author\/vidareal-online\/"},"uagb_comment_info":0,"uagb_excerpt":"O ribeir\u00e3o-pretano Mateus de Carvalho Sposito \u00e9 um dos alvos da PF (Pol\u00edcia Federal) na opera\u00e7\u00e3o que investiga a \u201cAbin Paralela\u201d. Mateus foi preso preventivamente...","jetpack-related-posts":[{"id":56685,"url":"https:\/\/ismaelcolosi.com.br\/index.php\/2024\/07\/14\/deputado-federal-ramagem-deve-prestar-primeiro-depoimento-sobre-abin-paralela\/","url_meta":{"origin":56584,"position":0},"title":"Deputado federal Ramagem deve prestar primeiro depoimento sobre \u2018Abin Paralela\u2019","author":"ismaelcolosi.com.br","date":"14 de July de 2024","format":false,"excerpt":"Com as descobertas da opera\u00e7\u00e3o \u201c\u00daltima Milha\u201d da PF (Pol\u00edcia Federal), que investiga suposto monitoramento ilegal de opositores do ex-presidente Jair Bolsonaro (PL) pela Abin (Ag\u00eancia Brasileira de Intelig\u00eancia), o deputado federal Alexandre Ramagem (PL-RJ), que dirigiu a Abin, deve ser ouvido pela primeira vez. O depoimento est\u00e1 previsto para\u2026","rel":"","context":"In &quot;Not\u00edcias de Ribeir\u00e3o Preto-SP e Regi\u00e3o&quot;","block_context":{"text":"Not\u00edcias de Ribeir\u00e3o Preto-SP e Regi\u00e3o","link":"https:\/\/ismaelcolosi.com.br\/index.php\/category\/noticias-de-ribeirao-preto-sp-e-regiao-ismael-colosi\/"},"img":{"alt_text":"","src":"https:\/\/i0.wp.com\/ismaelcolosi.com.br\/wp-content\/uploads\/2024\/07\/Copia-de-Copia-de-TAMANHO-EXATO-PARA-FOTOS-NO-SISTEMA-NOVO-15_2024-07-14_16-30-36_jpg_2024-07-14_16-30-36.webp.webp?fit=1200%2C675&ssl=1&resize=350%2C200","width":350,"height":200,"srcset":"https:\/\/i0.wp.com\/ismaelcolosi.com.br\/wp-content\/uploads\/2024\/07\/Copia-de-Copia-de-TAMANHO-EXATO-PARA-FOTOS-NO-SISTEMA-NOVO-15_2024-07-14_16-30-36_jpg_2024-07-14_16-30-36.webp.webp?fit=1200%2C675&ssl=1&resize=350%2C200 1x, https:\/\/i0.wp.com\/ismaelcolosi.com.br\/wp-content\/uploads\/2024\/07\/Copia-de-Copia-de-TAMANHO-EXATO-PARA-FOTOS-NO-SISTEMA-NOVO-15_2024-07-14_16-30-36_jpg_2024-07-14_16-30-36.webp.webp?fit=1200%2C675&ssl=1&resize=525%2C300 1.5x, https:\/\/i0.wp.com\/ismaelcolosi.com.br\/wp-content\/uploads\/2024\/07\/Copia-de-Copia-de-TAMANHO-EXATO-PARA-FOTOS-NO-SISTEMA-NOVO-15_2024-07-14_16-30-36_jpg_2024-07-14_16-30-36.webp.webp?fit=1200%2C675&ssl=1&resize=700%2C400 2x, https:\/\/i0.wp.com\/ismaelcolosi.com.br\/wp-content\/uploads\/2024\/07\/Copia-de-Copia-de-TAMANHO-EXATO-PARA-FOTOS-NO-SISTEMA-NOVO-15_2024-07-14_16-30-36_jpg_2024-07-14_16-30-36.webp.webp?fit=1200%2C675&ssl=1&resize=1050%2C600 3x"},"classes":[]},{"id":56603,"url":"https:\/\/ismaelcolosi.com.br\/index.php\/2024\/07\/12\/investigados-pelo-caso-abin-paralela-continuam-presos-apos-decisao-do-stf\/","url_meta":{"origin":56584,"position":1},"title":"Investigados pelo caso \u2018Abin paralela\u201d continuam presos ap\u00f3s decis\u00e3o do STF","author":"ismaelcolosi.com.br","date":"12 de July de 2024","format":false,"excerpt":"Os cinco investigados na quarta fase da Opera\u00e7\u00e3o \u00daltima Milha continuam presos, ap\u00f3s decis\u00e3o do STF (Supremo Tribunal Federal).\u00a0Deflagrada nesta quinta-feira (11), a investiga\u00e7\u00e3o apura o uso irregular da Abin (Ag\u00eancia Brasileira de Intelig\u00eancia) para favorecer filhos do ex-presidente Jair Bolsonaro, monitorar ministros do STF e pol\u00edticos opositores. Com a\u2026","rel":"","context":"In &quot;Not\u00edcias de Ribeir\u00e3o Preto-SP e Regi\u00e3o&quot;","block_context":{"text":"Not\u00edcias de Ribeir\u00e3o Preto-SP e Regi\u00e3o","link":"https:\/\/ismaelcolosi.com.br\/index.php\/category\/noticias-de-ribeirao-preto-sp-e-regiao-ismael-colosi\/"},"img":{"alt_text":"","src":"https:\/\/i0.wp.com\/ismaelcolosi.com.br\/wp-content\/uploads\/2024\/07\/Copia-de-Copia-de-TAMANHO-EXATO-PARA-FOTOS-NO-SISTEMA-NOVO-11_2024-07-12_21-54-39_jpg_2024-07-12_21-54-39.webp.webp?fit=1200%2C675&ssl=1&resize=350%2C200","width":350,"height":200,"srcset":"https:\/\/i0.wp.com\/ismaelcolosi.com.br\/wp-content\/uploads\/2024\/07\/Copia-de-Copia-de-TAMANHO-EXATO-PARA-FOTOS-NO-SISTEMA-NOVO-11_2024-07-12_21-54-39_jpg_2024-07-12_21-54-39.webp.webp?fit=1200%2C675&ssl=1&resize=350%2C200 1x, https:\/\/i0.wp.com\/ismaelcolosi.com.br\/wp-content\/uploads\/2024\/07\/Copia-de-Copia-de-TAMANHO-EXATO-PARA-FOTOS-NO-SISTEMA-NOVO-11_2024-07-12_21-54-39_jpg_2024-07-12_21-54-39.webp.webp?fit=1200%2C675&ssl=1&resize=525%2C300 1.5x, https:\/\/i0.wp.com\/ismaelcolosi.com.br\/wp-content\/uploads\/2024\/07\/Copia-de-Copia-de-TAMANHO-EXATO-PARA-FOTOS-NO-SISTEMA-NOVO-11_2024-07-12_21-54-39_jpg_2024-07-12_21-54-39.webp.webp?fit=1200%2C675&ssl=1&resize=700%2C400 2x, https:\/\/i0.wp.com\/ismaelcolosi.com.br\/wp-content\/uploads\/2024\/07\/Copia-de-Copia-de-TAMANHO-EXATO-PARA-FOTOS-NO-SISTEMA-NOVO-11_2024-07-12_21-54-39_jpg_2024-07-12_21-54-39.webp.webp?fit=1200%2C675&ssl=1&resize=1050%2C600 3x"},"classes":[]},{"id":56607,"url":"https:\/\/ismaelcolosi.com.br\/index.php\/2024\/07\/12\/investigados-pelo-caso-abin-paralela-continuam-presos-apos-decisao-do-stf-2\/","url_meta":{"origin":56584,"position":2},"title":"Investigados pelo caso \u2018Abin paralela\u201d continuam presos ap\u00f3s decis\u00e3o do STF","author":"ismaelcolosi.com.br","date":"12 de July de 2024","format":false,"excerpt":"Os cinco investigados na quarta fase da Opera\u00e7\u00e3o \u00daltima Milha continuam presos, ap\u00f3s decis\u00e3o do STF (Supremo Tribunal Federal).\u00a0Deflagrada nesta quinta-feira (11), a investiga\u00e7\u00e3o apura o uso irregular da Abin (Ag\u00eancia Brasileira de Intelig\u00eancia) para favorecer filhos do ex-presidente Jair Bolsonaro, monitorar ministros do STF e pol\u00edticos opositores. Com a\u2026","rel":"","context":"In &quot;Not\u00edcias de Ribeir\u00e3o Preto-SP e Regi\u00e3o&quot;","block_context":{"text":"Not\u00edcias de Ribeir\u00e3o Preto-SP e Regi\u00e3o","link":"https:\/\/ismaelcolosi.com.br\/index.php\/category\/noticias-de-ribeirao-preto-sp-e-regiao-ismael-colosi\/"},"img":{"alt_text":"","src":"https:\/\/i0.wp.com\/ismaelcolosi.com.br\/wp-content\/uploads\/2024\/07\/Copia-de-Copia-de-TAMANHO-EXATO-PARA-FOTOS-NO-SISTEMA-NOVO-11_2024-07-12_21-54-39_jpg_2024-07-12_21-54-39.webp.webp?fit=1200%2C675&ssl=1&resize=350%2C200","width":350,"height":200,"srcset":"https:\/\/i0.wp.com\/ismaelcolosi.com.br\/wp-content\/uploads\/2024\/07\/Copia-de-Copia-de-TAMANHO-EXATO-PARA-FOTOS-NO-SISTEMA-NOVO-11_2024-07-12_21-54-39_jpg_2024-07-12_21-54-39.webp.webp?fit=1200%2C675&ssl=1&resize=350%2C200 1x, https:\/\/i0.wp.com\/ismaelcolosi.com.br\/wp-content\/uploads\/2024\/07\/Copia-de-Copia-de-TAMANHO-EXATO-PARA-FOTOS-NO-SISTEMA-NOVO-11_2024-07-12_21-54-39_jpg_2024-07-12_21-54-39.webp.webp?fit=1200%2C675&ssl=1&resize=525%2C300 1.5x, https:\/\/i0.wp.com\/ismaelcolosi.com.br\/wp-content\/uploads\/2024\/07\/Copia-de-Copia-de-TAMANHO-EXATO-PARA-FOTOS-NO-SISTEMA-NOVO-11_2024-07-12_21-54-39_jpg_2024-07-12_21-54-39.webp.webp?fit=1200%2C675&ssl=1&resize=700%2C400 2x, https:\/\/i0.wp.com\/ismaelcolosi.com.br\/wp-content\/uploads\/2024\/07\/Copia-de-Copia-de-TAMANHO-EXATO-PARA-FOTOS-NO-SISTEMA-NOVO-11_2024-07-12_21-54-39_jpg_2024-07-12_21-54-39.webp.webp?fit=1200%2C675&ssl=1&resize=1050%2C600 3x"},"classes":[]},{"id":32725,"url":"https:\/\/ismaelcolosi.com.br\/index.php\/2024\/01\/26\/deputado-do-pl-e-alvo-de-operacao\/","url_meta":{"origin":56584,"position":3},"title":"Deputado do PL \u00e9 alvo de opera\u00e7\u00e3o \u00a0","author":"ismaelcolosi.com.br","date":"26 de January de 2024","format":false,"excerpt":"Rayssa Motta e Fausto Macedo (AE)O ex-diretor da Ag\u00eancia Brasileira de Intelig\u00eancia (Abin) e deputado federal Alexandre Ramagem (PL-RJ) est\u00e1 entre os alvos da Opera\u00e7\u00e3o Vigil\u00e2ncia Aproximada, deflagrada nesta quinta-feira, 25 de janeiro, pela Pol\u00edcia Federal, para investigar organiza\u00e7\u00e3o criminosa que teria se instalado na Abin para monitorar ilegalmente autoridades,\u2026","rel":"","context":"In &quot;Not\u00edcias de Ribeir\u00e3o Preto-SP e Regi\u00e3o&quot;","block_context":{"text":"Not\u00edcias de Ribeir\u00e3o Preto-SP e Regi\u00e3o","link":"https:\/\/ismaelcolosi.com.br\/index.php\/category\/noticias-de-ribeirao-preto-sp-e-regiao-ismael-colosi\/"},"img":{"alt_text":"","src":"https:\/\/i0.wp.com\/ismaelcolosi.com.br\/wp-content\/uploads\/2024\/01\/Abin-Tomaz-Silva-Ag.Br_-scaled.jpg?fit=1000%2C603&ssl=1&resize=350%2C200","width":350,"height":200,"srcset":"https:\/\/i0.wp.com\/ismaelcolosi.com.br\/wp-content\/uploads\/2024\/01\/Abin-Tomaz-Silva-Ag.Br_-scaled.jpg?fit=1000%2C603&ssl=1&resize=350%2C200 1x, https:\/\/i0.wp.com\/ismaelcolosi.com.br\/wp-content\/uploads\/2024\/01\/Abin-Tomaz-Silva-Ag.Br_-scaled.jpg?fit=1000%2C603&ssl=1&resize=525%2C300 1.5x, https:\/\/i0.wp.com\/ismaelcolosi.com.br\/wp-content\/uploads\/2024\/01\/Abin-Tomaz-Silva-Ag.Br_-scaled.jpg?fit=1000%2C603&ssl=1&resize=700%2C400 2x"},"classes":[]},{"id":33525,"url":"https:\/\/ismaelcolosi.com.br\/index.php\/2024\/01\/29\/carlos-bolsonaro-e-alvo-da-pf-em-operacao-sobre-uso-irregular-da-abin\/","url_meta":{"origin":56584,"position":4},"title":"Carlos Bolsonaro \u00e9 alvo da PF em opera\u00e7\u00e3o sobre uso irregular da Abin","author":"ismaelcolosi.com.br","date":"29 de January de 2024","format":false,"excerpt":"29 de janeiro de 2024 | 15:0029 de janeiro de 2024 | 14:23 0Carlos Bolsonaro,\u00a0filho do ex-presidente Jair Bolsonaro, est\u00e1 entre os alvos da Opera\u00e7\u00e3o Vigil\u00e2ncia Aproximada, deflagrada nesta segunda-feira (29). A C\u00e2mara Municipal do Rio de Janeiro informou que policiais federais estiveram no gabinete do vereador para cumprir mandado\u2026","rel":"","context":"In &quot;Not\u00edcias de Ribeir\u00e3o Preto-SP e Regi\u00e3o&quot;","block_context":{"text":"Not\u00edcias de Ribeir\u00e3o Preto-SP e Regi\u00e3o","link":"https:\/\/ismaelcolosi.com.br\/index.php\/category\/noticias-de-ribeirao-preto-sp-e-regiao-ismael-colosi\/"},"img":{"alt_text":"","src":"https:\/\/i0.wp.com\/ismaelcolosi.com.br\/wp-content\/uploads\/2024\/01\/81b535a4-9511-4512-b72d-33a5077a2a35-scaled.jpg?fit=1000%2C598&ssl=1&resize=350%2C200","width":350,"height":200,"srcset":"https:\/\/i0.wp.com\/ismaelcolosi.com.br\/wp-content\/uploads\/2024\/01\/81b535a4-9511-4512-b72d-33a5077a2a35-scaled.jpg?fit=1000%2C598&ssl=1&resize=350%2C200 1x, https:\/\/i0.wp.com\/ismaelcolosi.com.br\/wp-content\/uploads\/2024\/01\/81b535a4-9511-4512-b72d-33a5077a2a35-scaled.jpg?fit=1000%2C598&ssl=1&resize=525%2C300 1.5x, https:\/\/i0.wp.com\/ismaelcolosi.com.br\/wp-content\/uploads\/2024\/01\/81b535a4-9511-4512-b72d-33a5077a2a35-scaled.jpg?fit=1000%2C598&ssl=1&resize=700%2C400 2x"},"classes":[]},{"id":56595,"url":"https:\/\/ismaelcolosi.com.br\/index.php\/2024\/07\/12\/pl-e-mdb-anunciam-apoio-a-pre-candidatura-de-ricardo-silva-em-ribeirao-veja-os-pre-candidatos\/","url_meta":{"origin":56584,"position":5},"title":"PL e MDB anunciam apoio \u00e0 pr\u00e9-candidatura de Ricardo Silva em Ribeir\u00e3o; Veja os pr\u00e9-candidatos","author":"ismaelcolosi.com.br","date":"12 de July de 2024","format":false,"excerpt":"O PL e o MDB anunciaram nesta sexta-feira (12), ap\u00f3s reuni\u00e3o no Pal\u00e1cio dos Bandeirantes, em S\u00e3o Paulo, apoio \u00e0 pr\u00e9-candidatura do deputado federal Ricardo Silva (PSD) para Prefeitura de Ribeir\u00e3o Preto. Com isso, o vereador Isaac Antunes (PL), tamb\u00e9m sai da disputa pelo Executivo ribeir\u00e3o-pretano. Segundo o apurado pelo\u2026","rel":"","context":"In &quot;Not\u00edcias de Ribeir\u00e3o Preto-SP e Regi\u00e3o&quot;","block_context":{"text":"Not\u00edcias de Ribeir\u00e3o Preto-SP e Regi\u00e3o","link":"https:\/\/ismaelcolosi.com.br\/index.php\/category\/noticias-de-ribeirao-preto-sp-e-regiao-ismael-colosi\/"},"img":{"alt_text":"","src":"https:\/\/i0.wp.com\/ismaelcolosi.com.br\/wp-content\/uploads\/2024\/07\/Copia-de-Copia-de-TAMANHO-EXATO-PARA-FOTOS-NO-SISTEMA-NOVO-2024-07-12T174124.317_2024-07-12_20-41-33_png_2024-07-12_20-41-33.webp.webp?fit=1200%2C675&ssl=1&resize=350%2C200","width":350,"height":200,"srcset":"https:\/\/i0.wp.com\/ismaelcolosi.com.br\/wp-content\/uploads\/2024\/07\/Copia-de-Copia-de-TAMANHO-EXATO-PARA-FOTOS-NO-SISTEMA-NOVO-2024-07-12T174124.317_2024-07-12_20-41-33_png_2024-07-12_20-41-33.webp.webp?fit=1200%2C675&ssl=1&resize=350%2C200 1x, https:\/\/i0.wp.com\/ismaelcolosi.com.br\/wp-content\/uploads\/2024\/07\/Copia-de-Copia-de-TAMANHO-EXATO-PARA-FOTOS-NO-SISTEMA-NOVO-2024-07-12T174124.317_2024-07-12_20-41-33_png_2024-07-12_20-41-33.webp.webp?fit=1200%2C675&ssl=1&resize=525%2C300 1.5x, https:\/\/i0.wp.com\/ismaelcolosi.com.br\/wp-content\/uploads\/2024\/07\/Copia-de-Copia-de-TAMANHO-EXATO-PARA-FOTOS-NO-SISTEMA-NOVO-2024-07-12T174124.317_2024-07-12_20-41-33_png_2024-07-12_20-41-33.webp.webp?fit=1200%2C675&ssl=1&resize=700%2C400 2x, https:\/\/i0.wp.com\/ismaelcolosi.com.br\/wp-content\/uploads\/2024\/07\/Copia-de-Copia-de-TAMANHO-EXATO-PARA-FOTOS-NO-SISTEMA-NOVO-2024-07-12T174124.317_2024-07-12_20-41-33_png_2024-07-12_20-41-33.webp.webp?fit=1200%2C675&ssl=1&resize=1050%2C600 3x"},"classes":[]}],"jetpack_sharing_enabled":true,"jetpack_shortlink":"https:\/\/wp.me\/pfMlyK-eIE","_links":{"self":[{"href":"https:\/\/ismaelcolosi.com.br\/index.php\/wp-json\/wp\/v2\/posts\/56584","targetHints":{"allow":["GET"]}}],"collection":[{"href":"https:\/\/ismaelcolosi.com.br\/index.php\/wp-json\/wp\/v2\/posts"}],"about":[{"href":"https:\/\/ismaelcolosi.com.br\/index.php\/wp-json\/wp\/v2\/types\/post"}],"author":[{"embeddable":true,"href":"https:\/\/ismaelcolosi.com.br\/index.php\/wp-json\/wp\/v2\/users\/1"}],"replies":[{"embeddable":true,"href":"https:\/\/ismaelcolosi.com.br\/index.php\/wp-json\/wp\/v2\/comments?post=56584"}],"version-history":[{"count":0,"href":"https:\/\/ismaelcolosi.com.br\/index.php\/wp-json\/wp\/v2\/posts\/56584\/revisions"}],"wp:featuredmedia":[{"embeddable":true,"href":"https:\/\/ismaelcolosi.com.br\/index.php\/wp-json\/wp\/v2\/media\/56585"}],"wp:attachment":[{"href":"https:\/\/ismaelcolosi.com.br\/index.php\/wp-json\/wp\/v2\/media?parent=56584"}],"wp:term":[{"taxonomy":"category","embeddable":true,"href":"https:\/\/ismaelcolosi.com.br\/index.php\/wp-json\/wp\/v2\/categories?post=56584"},{"taxonomy":"post_tag","embeddable":true,"href":"https:\/\/ismaelcolosi.com.br\/index.php\/wp-json\/wp\/v2\/tags?post=56584"}],"curies":[{"name":"wp","href":"https:\/\/api.w.org\/{rel}","templated":true}]}}