{"id":56580,"date":"2024-07-12T16:40:32","date_gmt":"2024-07-12T19:40:32","guid":{"rendered":"https:\/\/ismaelcolosi.com.br\/index.php\/2024\/07\/12\/as-pessoas-sao-mais-produtivas-na-parte-da-manha-ou-a-noite-estudo-tenta-responder\/"},"modified":"2024-07-12T16:40:32","modified_gmt":"2024-07-12T19:40:32","slug":"as-pessoas-sao-mais-produtivas-na-parte-da-manha-ou-a-noite-estudo-tenta-responder","status":"publish","type":"post","link":"https:\/\/ismaelcolosi.com.br\/index.php\/2024\/07\/12\/as-pessoas-sao-mais-produtivas-na-parte-da-manha-ou-a-noite-estudo-tenta-responder\/","title":{"rendered":"As pessoas s\u00e3o mais produtivas na parte da manh\u00e3 ou \u00e0 noite? Estudo tenta responder"},"content":{"rendered":"<p> <br \/>\n<\/p>\n<div id=\"\">\n<div class=\"content-infos\">\n<div class=\"texts\">\n<p class=\"author tooltip-comp\"> Estad\u00e3o Conte\u00fado<span class=\"icon-i\">i<\/span><span class=\"tooltiptext\"> <span class=\"author\"><span>Estad\u00e3o Conte\u00fado<\/span> <\/span><span class=\"desc\"\/> <\/span><\/p>\n<p>12\/07\/2024 &#8211; 16:09<\/p>\n<\/div>\n<div id=\"share-modal\" class=\"share-modal\"> <button class=\"box-close btn-share\"> <img decoding=\"async\" src=\"https:\/\/istoedinheiro.com.br\/wp-content\/themes\/dinheiro-wp-theme\/assets\/img\/svg\/closeIcon.svg?x46096\" alt=\"Close icon\" class=\"close-btn lazy\"\/> <\/button><\/div>\n<\/p><\/div>\n<p>A cren\u00e7a de que as pessoas s\u00e3o mais produtivas na parte da manh\u00e3 \u00e9 quase um senso comum em alguns c\u00edrculos. Mas, um grupo de pesquisadores colocou em xeque essa m\u00e1xima. O estudo, publicado na revista cient\u00edfica <i>BMJ Public Health<\/i>, indica que pessoas com h\u00e1bitos noturnos t\u00eam uma atividade cognitiva mais elevada do que pessoas matutinas.<\/p>\n<p>O grupo analisou dados de mais de quase 27 mil pessoas de 53 a 86 anos para investigar a rela\u00e7\u00e3o entre sono e habilidades cognitivas. Os dados foram extra\u00eddos do UK Biobank, um reposit\u00f3rio biom\u00e9dico de dados an\u00f4nimos de milhares de pacientes do Reino Unido.<\/p>\n<p>Os pesquisadores cruzaram dados de testes cognitivos com as prefer\u00eancias de hor\u00e1rios de cada pessoa. Os \u201cvolunt\u00e1rios\u201d foram divididos em dois grupos e, dentro dessa separa\u00e7\u00e3o, foram classificados entre noturnos (aquelas pessoas que dizem preferir realizar atividades na parte da tarde e noite) e os diurnos (que preferem realizar as atividades na parte da manh\u00e3).<\/p>\n<blockquote>\n<p style=\"text-align: center\"><span style=\"color: #993300\"><strong>\u201cNosso estudo descobriu que adultos que s\u00e3o naturalmente mais ativos \u00e0 noite tendem a ter um desempenho melhor nos testes cognitivos do que aqueles que s\u00e3o pessoas matutinas\u201d, disse Raha West ao Imperial College London, uma das institui\u00e7\u00f5es envolvidas no estudo.<\/strong><\/span><\/p>\n<\/blockquote>\n<p>Os resultados mostraram que, no primeiro grupo, os noturnos tiveram um desempenho 13,5% superior aos diurnos. No segundo grupo, a diferen\u00e7a ficou em 7,5%. West, no entanto, disse que os resultados mostram uma tend\u00eancia e n\u00e3o podem ser aplicados de forma indiscriminada para definir todas as pessoas.<\/p>\n<p>\u201c\u00c9 importante ressaltar que isso n\u00e3o significa que todas as pessoas matutinas t\u00eam pior desempenho cognitivo. As descobertas refletem uma tend\u00eancia geral em que a maioria pode inclinar-se para uma melhor cogni\u00e7\u00e3o nos tipos noturnos\u201d, disse.<\/p>\n<p>Os pesquisadores ainda fazem uma outra ressalva. Mais do que a prefer\u00eancia de hor\u00e1rios, a dura\u00e7\u00e3o do sono \u00e9, tamb\u00e9m, bastante importante. O estudo diz que dormir menos de 7 horas, ou mais de 9 horas por noite pode prejudicar a fun\u00e7\u00e3o cerebral.<\/p>\n<p><a href=\"https:\/\/bmjpublichealth.bmj.com\/content\/2\/1\/e001000#xref-ref-25-1\" target=\"_blank\" rel=\"noopener\"><u>Leia aqui o estudo completo<\/u><\/a>.<\/p>\n<div id=\"share-modal\" class=\"share-modal\"> <button class=\"box-close btn-share\"> <img decoding=\"async\" src=\"https:\/\/istoedinheiro.com.br\/wp-content\/themes\/dinheiro-wp-theme\/assets\/img\/svg\/closeIcon.svg?x46096\" alt=\"Close icon\" class=\"close-btn lazy\"\/> <\/button><\/div>\n<\/p><\/div>\n<p><script>!function(f,b,e,v,n,t,s){if(f.fbq)return;n=f.fbq=function(){n.callMethod?n.callMethod.apply(n,arguments):n.queue.push(arguments)};if(!f._fbq)f._fbq=n;n.push=n;n.loaded=!0;n.version='2.0';n.queue=[];t=b.createElement(e);t.async=!0;t.src=v;s=b.getElementsByTagName(e)[0];s.parentNode.insertBefore(t,s)}(window,document,'script','<\/script><br \/>\n<br \/><br \/>\n<br \/><a href=\"https:\/\/istoedinheiro.com.br\/as-pessoas-sao-mais-produtivas-na-parte-da-manha-pesquisadores-foram-atras-da-resposta\/\">Source link <\/a><\/p>\n<div class='code-block code-block-4' style='margin: 8px auto 8px 0; text-align: left; display: block; clear: both;'>\n\ud83d\udce2 Aviso Legal\n\nO site ismaelcolosi.com.br atua apenas como um canal de divulga\u00e7\u00e3o de oportunidades de emprego e n\u00e3o se responsabiliza pelo processo seletivo, contrata\u00e7\u00e3o ou qualquer outra etapa relacionada \u00e0s vagas publicadas. Todas as informa\u00e7\u00f5es s\u00e3o de responsabilidade dos anunciantes.\n\n\u26a0\ufe0f Aten\u00e7\u00e3o! Nunca pague por promessas de emprego nem compre cursos que garantam contrata\u00e7\u00e3o. Desconfie de qualquer cobran\u00e7a para participar de sele\u00e7\u00f5es.\n\n\n\n<\/div>\n<!-- CONTENT END 1 -->\n","protected":false},"excerpt":{"rendered":"<p>Estad\u00e3o Conte\u00fadoi Estad\u00e3o Conte\u00fado 12\/07\/2024 &#8211; 16:09 A cren\u00e7a de que as pessoas s\u00e3o mais produtivas na parte da manh\u00e3 \u00e9 quase um senso comum&#8230;<\/p>\n","protected":false},"author":1,"featured_media":56581,"comment_status":"open","ping_status":"open","sticky":false,"template":"","format":"standard","meta":{"_uag_custom_page_level_css":"","advanced_seo_description":"","jetpack_seo_html_title":"","jetpack_seo_noindex":false,"jetpack_post_was_ever_published":false,"_jetpack_newsletter_access":"","_jetpack_dont_email_post_to_subs":false,"_jetpack_newsletter_tier_id":0,"_jetpack_memberships_contains_paywalled_content":false,"_jetpack_memberships_contains_paid_content":false,"footnotes":"","jetpack_publicize_message":"","jetpack_publicize_feature_enabled":true,"jetpack_social_post_already_shared":true,"jetpack_social_options":{"image_generator_settings":{"template":"highway","default_image_id":0,"font":"","enabled":false},"version":2}},"categories":[3598],"tags":[],"class_list":["post-56580","post","type-post","status-publish","format-standard","has-post-thumbnail","hentry","category-empregos-classificados-vagas-trabalho"],"jetpack_publicize_connections":[],"jetpack_featured_media_url":"https:\/\/i0.wp.com\/ismaelcolosi.com.br\/wp-content\/uploads\/2024\/07\/home-office.jpg?fit=1003%2C664&ssl=1","uagb_featured_image_src":{"full":["https:\/\/i0.wp.com\/ismaelcolosi.com.br\/wp-content\/uploads\/2024\/07\/home-office.jpg?fit=1003%2C664&ssl=1",1003,664,false],"thumbnail":["https:\/\/i0.wp.com\/ismaelcolosi.com.br\/wp-content\/uploads\/2024\/07\/home-office.jpg?resize=150%2C150&ssl=1",150,150,true],"medium":["https:\/\/i0.wp.com\/ismaelcolosi.com.br\/wp-content\/uploads\/2024\/07\/home-office.jpg?fit=300%2C199&ssl=1",300,199,true],"medium_large":["https:\/\/i0.wp.com\/ismaelcolosi.com.br\/wp-content\/uploads\/2024\/07\/home-office.jpg?fit=768%2C508&ssl=1",768,508,true],"large":["https:\/\/i0.wp.com\/ismaelcolosi.com.br\/wp-content\/uploads\/2024\/07\/home-office.jpg?fit=1003%2C664&ssl=1",1003,664,true],"1536x1536":["https:\/\/i0.wp.com\/ismaelcolosi.com.br\/wp-content\/uploads\/2024\/07\/home-office.jpg?fit=1003%2C664&ssl=1",1003,664,true],"2048x2048":["https:\/\/i0.wp.com\/ismaelcolosi.com.br\/wp-content\/uploads\/2024\/07\/home-office.jpg?fit=1003%2C664&ssl=1",1003,664,true],"really-simple-thumb":["https:\/\/i0.wp.com\/ismaelcolosi.com.br\/wp-content\/uploads\/2024\/07\/home-office.jpg?resize=370%2C247&ssl=1",370,247,true]},"uagb_author_info":{"display_name":"ismaelcolosi.com.br","author_link":"https:\/\/ismaelcolosi.com.br\/index.php\/author\/vidareal-online\/"},"uagb_comment_info":0,"uagb_excerpt":"Estad\u00e3o Conte\u00fadoi Estad\u00e3o Conte\u00fado 12\/07\/2024 &#8211; 16:09 A cren\u00e7a de que as pessoas s\u00e3o mais produtivas na parte da manh\u00e3 \u00e9 quase um senso comum...","jetpack-related-posts":[{"id":72988,"url":"https:\/\/ismaelcolosi.com.br\/index.php\/2024\/10\/24\/cinco-pessoas-morrem-em-queda-de-aviao-no-interior-de-sp\/","url_meta":{"origin":56580,"position":0},"title":"Cinco pessoas morrem em queda de avi\u00e3o no interior de SP","author":"ismaelcolosi.com.br","date":"24 de October de 2024","format":false,"excerpt":"Cinco pessoas morreram na queda de um avi\u00e3o de pequeno porte na noite da \u00faltima quarta-feira (23), em Paraibuna, no interior de S\u00e3o Paulo. Segundo o Corpo de Bombeiros, a aeronave sobrevoava a regi\u00e3o em um per\u00edodo de forte tempestade e teria se chocado contra um morro e pegado fogo\u2026","rel":"","context":"In &quot;Not\u00edcias de Ribeir\u00e3o Preto-SP e Regi\u00e3o&quot;","block_context":{"text":"Not\u00edcias de Ribeir\u00e3o Preto-SP e Regi\u00e3o","link":"https:\/\/ismaelcolosi.com.br\/index.php\/category\/noticias-de-ribeirao-preto-sp-e-regiao-ismael-colosi\/"},"img":{"alt_text":"","src":"https:\/\/i0.wp.com\/ismaelcolosi.com.br\/wp-content\/uploads\/2024\/10\/represa-paraibuna.jpeg?fit=1200%2C539&ssl=1&resize=350%2C200","width":350,"height":200,"srcset":"https:\/\/i0.wp.com\/ismaelcolosi.com.br\/wp-content\/uploads\/2024\/10\/represa-paraibuna.jpeg?fit=1200%2C539&ssl=1&resize=350%2C200 1x, https:\/\/i0.wp.com\/ismaelcolosi.com.br\/wp-content\/uploads\/2024\/10\/represa-paraibuna.jpeg?fit=1200%2C539&ssl=1&resize=525%2C300 1.5x, https:\/\/i0.wp.com\/ismaelcolosi.com.br\/wp-content\/uploads\/2024\/10\/represa-paraibuna.jpeg?fit=1200%2C539&ssl=1&resize=700%2C400 2x, https:\/\/i0.wp.com\/ismaelcolosi.com.br\/wp-content\/uploads\/2024\/10\/represa-paraibuna.jpeg?fit=1200%2C539&ssl=1&resize=1050%2C600 3x"},"classes":[]},{"id":88734,"url":"https:\/\/ismaelcolosi.com.br\/index.php\/2026\/01\/05\/4-tendencias-de-bem-estar-que-devem-moldar-o-trabalho-em-2026\/","url_meta":{"origin":56580,"position":1},"title":"4 Tend\u00eancias de Bem-Estar Que Devem Moldar o Trabalho em 2026","author":"ismaelcolosi.com.br","date":"5 de January de 2026","format":false,"excerpt":"\r Getty Images\r Em 2026, empresas mais produtivas ser\u00e3o aquelas que entenderem que desempenho sustent\u00e1vel depende menos da tecnologia \u2014 e mais de como cuidam das pessoas que fazem o trabalho acontecer\r Acessibilidade \r L\r L\r A-\r A+\r \r \u25d0\r \r Grandes empresas est\u00e3o sempre buscando formas de melhorar a\u2026","rel":"","context":"In &quot;Carreira e Sucesso&quot;","block_context":{"text":"Carreira e Sucesso","link":"https:\/\/ismaelcolosi.com.br\/index.php\/category\/carreira-e-sucesso-dicas-para-carreira\/"},"img":{"alt_text":"","src":"https:\/\/i0.wp.com\/ismaelcolosi.com.br\/wp-content\/uploads\/2026\/01\/tendencias-de-bem-estar-no-trabalho-1200x675.jpg?fit=1200%2C675&ssl=1&resize=350%2C200","width":350,"height":200,"srcset":"https:\/\/i0.wp.com\/ismaelcolosi.com.br\/wp-content\/uploads\/2026\/01\/tendencias-de-bem-estar-no-trabalho-1200x675.jpg?fit=1200%2C675&ssl=1&resize=350%2C200 1x, https:\/\/i0.wp.com\/ismaelcolosi.com.br\/wp-content\/uploads\/2026\/01\/tendencias-de-bem-estar-no-trabalho-1200x675.jpg?fit=1200%2C675&ssl=1&resize=525%2C300 1.5x, https:\/\/i0.wp.com\/ismaelcolosi.com.br\/wp-content\/uploads\/2026\/01\/tendencias-de-bem-estar-no-trabalho-1200x675.jpg?fit=1200%2C675&ssl=1&resize=700%2C400 2x, https:\/\/i0.wp.com\/ismaelcolosi.com.br\/wp-content\/uploads\/2026\/01\/tendencias-de-bem-estar-no-trabalho-1200x675.jpg?fit=1200%2C675&ssl=1&resize=1050%2C600 3x"},"classes":[]},{"id":25256,"url":"https:\/\/ismaelcolosi.com.br\/index.php\/2024\/01\/06\/veja-a-lista-de-cidades-com-mais-pessoas-em-situacao-de-rua-no-brasil-ribeirao-tem-mais-de-500-1\/","url_meta":{"origin":56580,"position":2},"title":"Veja a lista de cidades com mais pessoas em situa\u00e7\u00e3o de rua no Brasil; Ribeir\u00e3o tem mais de 500","author":"ismaelcolosi.com.br","date":"6 de January de 2024","format":false,"excerpt":"Um levantamento realizado pelo Observat\u00f3rio Nacional dos Direitos Humanos mostrou que, entre 2018 e julho de 2023, o n\u00famero de pessoas em situa\u00e7\u00e3o de rua (PSR) cadastradas no Cadastro \u00danico quase dobrou. Em 2018, o registro aponta que existiam 116 mil pessoas nessa situa\u00e7\u00e3o. J\u00e1 em 2023, s\u00e3o mais de\u2026","rel":"","context":"In &quot;Not\u00edcias de Ribeir\u00e3o Preto-SP e Regi\u00e3o&quot;","block_context":{"text":"Not\u00edcias de Ribeir\u00e3o Preto-SP e Regi\u00e3o","link":"https:\/\/ismaelcolosi.com.br\/index.php\/category\/noticias-de-ribeirao-preto-sp-e-regiao-ismael-colosi\/"},"img":{"alt_text":"","src":"https:\/\/i0.wp.com\/ismaelcolosi.com.br\/wp-content\/uploads\/2024\/01\/morador_de_1200x675_14042022205812.jpg?fit=1200%2C675&ssl=1&resize=350%2C200","width":350,"height":200,"srcset":"https:\/\/i0.wp.com\/ismaelcolosi.com.br\/wp-content\/uploads\/2024\/01\/morador_de_1200x675_14042022205812.jpg?fit=1200%2C675&ssl=1&resize=350%2C200 1x, https:\/\/i0.wp.com\/ismaelcolosi.com.br\/wp-content\/uploads\/2024\/01\/morador_de_1200x675_14042022205812.jpg?fit=1200%2C675&ssl=1&resize=525%2C300 1.5x, https:\/\/i0.wp.com\/ismaelcolosi.com.br\/wp-content\/uploads\/2024\/01\/morador_de_1200x675_14042022205812.jpg?fit=1200%2C675&ssl=1&resize=700%2C400 2x, https:\/\/i0.wp.com\/ismaelcolosi.com.br\/wp-content\/uploads\/2024\/01\/morador_de_1200x675_14042022205812.jpg?fit=1200%2C675&ssl=1&resize=1050%2C600 3x"},"classes":[]},{"id":50682,"url":"https:\/\/ismaelcolosi.com.br\/index.php\/2024\/05\/17\/ibge-revela-indice-de-alfabetizacao-em-ribeirao-preto-veja-os-dados\/","url_meta":{"origin":56580,"position":3},"title":"IBGE revela \u00edndice de alfabetiza\u00e7\u00e3o em Ribeir\u00e3o Preto; Veja os dados","author":"ismaelcolosi.com.br","date":"17 de May de 2024","format":false,"excerpt":"Ribeir\u00e3o Preto tem uma taxa de alfabetiza\u00e7\u00e3o de 97,9%, de acordo com o Censo Demogr\u00e1fico 2022, realizado pelo Instituto Brasileiro de Geografia e Estat\u00edstica (IBGE). A pesquisa aponta que a taxa de analfabetismo no munic\u00edpio \u00e9 de 2,1% para popula\u00e7\u00e3o de 15 anos ou mais. Nesse cen\u00e1rio, de acordo com\u2026","rel":"","context":"In &quot;Not\u00edcias de Ribeir\u00e3o Preto-SP e Regi\u00e3o&quot;","block_context":{"text":"Not\u00edcias de Ribeir\u00e3o Preto-SP e Regi\u00e3o","link":"https:\/\/ismaelcolosi.com.br\/index.php\/category\/noticias-de-ribeirao-preto-sp-e-regiao-ismael-colosi\/"},"img":{"alt_text":"","src":"https:\/\/i0.wp.com\/ismaelcolosi.com.br\/wp-content\/uploads\/2024\/05\/AnyConv.com__fnp_ribeirao_-_foto_guilherme_sircili.webp.webp?fit=1200%2C900&ssl=1&resize=350%2C200","width":350,"height":200,"srcset":"https:\/\/i0.wp.com\/ismaelcolosi.com.br\/wp-content\/uploads\/2024\/05\/AnyConv.com__fnp_ribeirao_-_foto_guilherme_sircili.webp.webp?fit=1200%2C900&ssl=1&resize=350%2C200 1x, https:\/\/i0.wp.com\/ismaelcolosi.com.br\/wp-content\/uploads\/2024\/05\/AnyConv.com__fnp_ribeirao_-_foto_guilherme_sircili.webp.webp?fit=1200%2C900&ssl=1&resize=525%2C300 1.5x, https:\/\/i0.wp.com\/ismaelcolosi.com.br\/wp-content\/uploads\/2024\/05\/AnyConv.com__fnp_ribeirao_-_foto_guilherme_sircili.webp.webp?fit=1200%2C900&ssl=1&resize=700%2C400 2x, https:\/\/i0.wp.com\/ismaelcolosi.com.br\/wp-content\/uploads\/2024\/05\/AnyConv.com__fnp_ribeirao_-_foto_guilherme_sircili.webp.webp?fit=1200%2C900&ssl=1&resize=1050%2C600 3x"},"classes":[]},{"id":23422,"url":"https:\/\/ismaelcolosi.com.br\/index.php\/2024\/01\/02\/imposto-de-renda-10-dos-contribuintes-concentram-51-da-renda-no-pais\/","url_meta":{"origin":56580,"position":4},"title":"Imposto de Renda: 10% dos contribuintes concentram 51% da renda no pa\u00eds","author":"ismaelcolosi.com.br","date":"2 de January de 2024","format":false,"excerpt":"2 de janeiro de 2024 | 10:002 de janeiro de 2024 | 8:42 0Um relat\u00f3rio publicado pelo Minist\u00e9rio da Fazenda, no \u00faltimo dia 29 de dezembro, detalha a desigualdade na distribui\u00e7\u00e3o da renda e da riqueza da popula\u00e7\u00e3o brasileira. O estudo analisou dados do Imposto de Renda da Pessoa F\u00edsica\u2026","rel":"","context":"In &quot;Not\u00edcias de Ribeir\u00e3o Preto-SP e Regi\u00e3o&quot;","block_context":{"text":"Not\u00edcias de Ribeir\u00e3o Preto-SP e Regi\u00e3o","link":"https:\/\/ismaelcolosi.com.br\/index.php\/category\/noticias-de-ribeirao-preto-sp-e-regiao-ismael-colosi\/"},"img":{"alt_text":"","src":"https:\/\/i0.wp.com\/ismaelcolosi.com.br\/wp-content\/uploads\/2024\/01\/imposto-de-renda-715x390.jpg?fit=715%2C390&ssl=1&resize=350%2C200","width":350,"height":200,"srcset":"https:\/\/i0.wp.com\/ismaelcolosi.com.br\/wp-content\/uploads\/2024\/01\/imposto-de-renda-715x390.jpg?fit=715%2C390&ssl=1&resize=350%2C200 1x, https:\/\/i0.wp.com\/ismaelcolosi.com.br\/wp-content\/uploads\/2024\/01\/imposto-de-renda-715x390.jpg?fit=715%2C390&ssl=1&resize=525%2C300 1.5x, https:\/\/i0.wp.com\/ismaelcolosi.com.br\/wp-content\/uploads\/2024\/01\/imposto-de-renda-715x390.jpg?fit=715%2C390&ssl=1&resize=700%2C400 2x"},"classes":[]},{"id":14121,"url":"https:\/\/ismaelcolosi.com.br\/index.php\/2023\/12\/11\/trabalhar-depois-do-expediente-prejudica-a-produtividade\/","url_meta":{"origin":56580,"position":5},"title":"Trabalhar depois do expediente prejudica a produtividade","author":"ismaelcolosi.com.br","date":"11 de December de 2023","format":false,"excerpt":"Getty ImagesO trabalho para al\u00e9m do expediente mostra a dificuldade dos gestores de orientar sua equipe a priorizar as suas tarefas e responsabilidades do trabalho A conectividade proporcionada pelo Slack, aplicativo de comunica\u00e7\u00e3o corporativa, pode acabar pressionando funcion\u00e1rios a responder mensagens de trabalho depois do expediente. Mas, em um novo\u2026","rel":"","context":"In &quot;Carreira e Sucesso&quot;","block_context":{"text":"Carreira e Sucesso","link":"https:\/\/ismaelcolosi.com.br\/index.php\/category\/carreira-e-sucesso-dicas-para-carreira\/"},"img":{"alt_text":"","src":"https:\/\/i0.wp.com\/ismaelcolosi.com.br\/wp-content\/uploads\/2023\/12\/carreira-trabalho-expediente-horas-1024x683.jpg?fit=1024%2C683&ssl=1&resize=350%2C200","width":350,"height":200,"srcset":"https:\/\/i0.wp.com\/ismaelcolosi.com.br\/wp-content\/uploads\/2023\/12\/carreira-trabalho-expediente-horas-1024x683.jpg?fit=1024%2C683&ssl=1&resize=350%2C200 1x, https:\/\/i0.wp.com\/ismaelcolosi.com.br\/wp-content\/uploads\/2023\/12\/carreira-trabalho-expediente-horas-1024x683.jpg?fit=1024%2C683&ssl=1&resize=525%2C300 1.5x, https:\/\/i0.wp.com\/ismaelcolosi.com.br\/wp-content\/uploads\/2023\/12\/carreira-trabalho-expediente-horas-1024x683.jpg?fit=1024%2C683&ssl=1&resize=700%2C400 2x"},"classes":[]}],"jetpack_sharing_enabled":true,"jetpack_shortlink":"https:\/\/wp.me\/pfMlyK-eIA","_links":{"self":[{"href":"https:\/\/ismaelcolosi.com.br\/index.php\/wp-json\/wp\/v2\/posts\/56580","targetHints":{"allow":["GET"]}}],"collection":[{"href":"https:\/\/ismaelcolosi.com.br\/index.php\/wp-json\/wp\/v2\/posts"}],"about":[{"href":"https:\/\/ismaelcolosi.com.br\/index.php\/wp-json\/wp\/v2\/types\/post"}],"author":[{"embeddable":true,"href":"https:\/\/ismaelcolosi.com.br\/index.php\/wp-json\/wp\/v2\/users\/1"}],"replies":[{"embeddable":true,"href":"https:\/\/ismaelcolosi.com.br\/index.php\/wp-json\/wp\/v2\/comments?post=56580"}],"version-history":[{"count":0,"href":"https:\/\/ismaelcolosi.com.br\/index.php\/wp-json\/wp\/v2\/posts\/56580\/revisions"}],"wp:featuredmedia":[{"embeddable":true,"href":"https:\/\/ismaelcolosi.com.br\/index.php\/wp-json\/wp\/v2\/media\/56581"}],"wp:attachment":[{"href":"https:\/\/ismaelcolosi.com.br\/index.php\/wp-json\/wp\/v2\/media?parent=56580"}],"wp:term":[{"taxonomy":"category","embeddable":true,"href":"https:\/\/ismaelcolosi.com.br\/index.php\/wp-json\/wp\/v2\/categories?post=56580"},{"taxonomy":"post_tag","embeddable":true,"href":"https:\/\/ismaelcolosi.com.br\/index.php\/wp-json\/wp\/v2\/tags?post=56580"}],"curies":[{"name":"wp","href":"https:\/\/api.w.org\/{rel}","templated":true}]}}