{"id":56579,"date":"2024-07-12T16:39:07","date_gmt":"2024-07-12T19:39:07","guid":{"rendered":"https:\/\/ismaelcolosi.com.br\/index.php\/2024\/07\/12\/empreiteira-de-ribeirao-preto-conta-com-vagas-de-emprego-veja-como-concorrer\/"},"modified":"2024-07-12T16:39:07","modified_gmt":"2024-07-12T19:39:07","slug":"empreiteira-de-ribeirao-preto-conta-com-vagas-de-emprego-veja-como-concorrer","status":"publish","type":"post","link":"https:\/\/ismaelcolosi.com.br\/index.php\/2024\/07\/12\/empreiteira-de-ribeirao-preto-conta-com-vagas-de-emprego-veja-como-concorrer\/","title":{"rendered":"Empreiteira de Ribeir\u00e3o Preto conta com vagas de emprego; Veja como concorrer"},"content":{"rendered":"<p> <br \/>\n<\/p>\n<div data-td-block-uid=\"tdi_106\">\n<div class=\"tdb-block-inner td-fix-index\">\n<p>A empreiteira de <strong>Ribeir\u00e3o Preto Autem<\/strong> est\u00e1 com 16 vagas abertas para os cargos de <strong>pedreiro<\/strong> e <strong>auxiliar operacional.<\/strong> Os sal\u00e1rios variam entre R$ 1.919,89 e R$ 2.335,53.<\/p>\n<p><mark style=\"background-color:#fcb900\" class=\"has-inline-color has-black-color\">Os interessados podem se candidatar mandando o curr\u00edculo para o<strong> WhatsApp: <\/strong>(16) 99205-5487<\/mark>. Segundo a empresa, o requisito para vaga \u00e9 ter disponibilidade para viagens.<\/p>\n<p>Ao todo, s\u00e3o nove vagas para pedreiro e sete para auxiliar operacional.<\/p>\n<p>Al\u00e9m dos sal\u00e1rios, os contratados ter\u00e3o plano Odontol\u00f3gico, convenio farm\u00e1cia, plano de sa\u00fade, alimenta\u00e7\u00e3o, transporte\/fretado, seguro de vida e incentivo educa\u00e7\u00e3o.<\/p>\n<p>SAIBA MAIS<br \/>Liga\u00e7\u00e3o entre as regi\u00f5es Leste e Sul de Ribeir\u00e3o Preto pode ganhar ponte<\/p>\n<h4 class=\"wp-block-heading\"><strong>FIQUE ON<\/strong><\/h4>\n<p>Fique ligado em tudo que acontece em Ribeir\u00e3o Preto e regi\u00e3o. Siga os perfis do <strong>acidade on <\/strong>no<a href=\"https:\/\/www.instagram.com\/acidadeonribeirao\" target=\"_blank\" rel=\"noreferrer noopener nofollow\"> Instagram<\/a> e no <a href=\"https:\/\/www.facebook.com\/acidadeonribeirao\/\" target=\"_blank\" rel=\"noreferrer noopener nofollow\">Facebook<\/a>.<\/p>\n<p>Receba not\u00edcias do<strong> acidade on<\/strong> no WhatsApp. <a href=\"https:\/\/chat.whatsapp.com\/CdrZ6xrf7quD44Vw3WlPuZ\" target=\"_blank\" rel=\"noreferrer noopener nofollow\">Para entrar no grupo, basta clicar aqui.<\/a><\/p>\n<p>Fa\u00e7a uma den\u00fancia ou sugira uma reportagem sobre Ribeir\u00e3o Preto e regi\u00e3o pelo WhatsApp: 16 99117 7802.<\/p>\n<p>VEJA TAMB\u00c9M<br \/>Como impedir de ser colocado em grupos\u00a0de\u00a0WhatsApp?<\/p>\n<p><!-- AI CONTENT END 1 -->\n<\/div>\n<\/div>\n<p><script async src=\"\/\/www.instagram.com\/embed.js\"><\/script><br \/>\n<br \/><br \/>\n<br \/><a href=\"https:\/\/www.acidadeon.com\/ribeiraopreto\/economia\/empreiteira-ribeirao-preto-conta-com-vagas-de-emprego-veja-como-concorrer\/\">Source link <\/a><\/p>\n<div class='code-block code-block-4' style='margin: 8px auto 8px 0; text-align: left; display: block; clear: both;'>\n\ud83d\udce2 Aviso Legal\n\nO site ismaelcolosi.com.br atua apenas como um canal de divulga\u00e7\u00e3o de oportunidades de emprego e n\u00e3o se responsabiliza pelo processo seletivo, contrata\u00e7\u00e3o ou qualquer outra etapa relacionada \u00e0s vagas publicadas. Todas as informa\u00e7\u00f5es s\u00e3o de responsabilidade dos anunciantes.\n\n\u26a0\ufe0f Aten\u00e7\u00e3o! Nunca pague por promessas de emprego nem compre cursos que garantam contrata\u00e7\u00e3o. Desconfie de qualquer cobran\u00e7a para participar de sele\u00e7\u00f5es.\n\n\n\n<\/div>\n<!-- CONTENT END 1 -->\n","protected":false},"excerpt":{"rendered":"<p>A empreiteira de Ribeir\u00e3o Preto Autem est\u00e1 com 16 vagas abertas para os cargos de pedreiro e auxiliar operacional. Os sal\u00e1rios variam entre R$ 1.919,89&#8230;<\/p>\n","protected":false},"author":1,"featured_media":54430,"comment_status":"open","ping_status":"open","sticky":false,"template":"","format":"standard","meta":{"_uag_custom_page_level_css":"","advanced_seo_description":"","jetpack_seo_html_title":"","jetpack_seo_noindex":false,"jetpack_post_was_ever_published":false,"_jetpack_newsletter_access":"","_jetpack_dont_email_post_to_subs":false,"_jetpack_newsletter_tier_id":0,"_jetpack_memberships_contains_paywalled_content":false,"_jetpack_memberships_contains_paid_content":false,"footnotes":"","jetpack_publicize_message":"","jetpack_publicize_feature_enabled":true,"jetpack_social_post_already_shared":true,"jetpack_social_options":{"image_generator_settings":{"template":"highway","default_image_id":0,"font":"","enabled":false},"version":2}},"categories":[11],"tags":[],"class_list":["post-56579","post","type-post","status-publish","format-standard","has-post-thumbnail","hentry","category-noticias-de-ribeirao-preto-sp-e-regiao-ismael-colosi"],"jetpack_publicize_connections":[],"jetpack_featured_media_url":"https:\/\/i0.wp.com\/ismaelcolosi.com.br\/wp-content\/uploads\/2024\/06\/AnyConv.com__construtora_2024-06-25_14-33-19.webp.webp?fit=2000%2C2000&ssl=1","uagb_featured_image_src":{"full":["https:\/\/i0.wp.com\/ismaelcolosi.com.br\/wp-content\/uploads\/2024\/06\/AnyConv.com__construtora_2024-06-25_14-33-19.webp.webp?fit=2000%2C2000&ssl=1",2000,2000,false],"thumbnail":["https:\/\/i0.wp.com\/ismaelcolosi.com.br\/wp-content\/uploads\/2024\/06\/AnyConv.com__construtora_2024-06-25_14-33-19.webp.webp?resize=150%2C150&ssl=1",150,150,true],"medium":["https:\/\/i0.wp.com\/ismaelcolosi.com.br\/wp-content\/uploads\/2024\/06\/AnyConv.com__construtora_2024-06-25_14-33-19.webp.webp?fit=300%2C300&ssl=1",300,300,true],"medium_large":["https:\/\/i0.wp.com\/ismaelcolosi.com.br\/wp-content\/uploads\/2024\/06\/AnyConv.com__construtora_2024-06-25_14-33-19.webp.webp?fit=768%2C768&ssl=1",768,768,true],"large":["https:\/\/i0.wp.com\/ismaelcolosi.com.br\/wp-content\/uploads\/2024\/06\/AnyConv.com__construtora_2024-06-25_14-33-19.webp.webp?fit=1024%2C1024&ssl=1",1024,1024,true],"1536x1536":["https:\/\/i0.wp.com\/ismaelcolosi.com.br\/wp-content\/uploads\/2024\/06\/AnyConv.com__construtora_2024-06-25_14-33-19.webp.webp?fit=1536%2C1536&ssl=1",1536,1536,true],"2048x2048":["https:\/\/i0.wp.com\/ismaelcolosi.com.br\/wp-content\/uploads\/2024\/06\/AnyConv.com__construtora_2024-06-25_14-33-19.webp.webp?fit=2000%2C2000&ssl=1",2000,2000,true],"really-simple-thumb":["https:\/\/i0.wp.com\/ismaelcolosi.com.br\/wp-content\/uploads\/2024\/06\/AnyConv.com__construtora_2024-06-25_14-33-19.webp.webp?resize=370%2C247&ssl=1",370,247,true]},"uagb_author_info":{"display_name":"ismaelcolosi.com.br","author_link":"https:\/\/ismaelcolosi.com.br\/index.php\/author\/vidareal-online\/"},"uagb_comment_info":0,"uagb_excerpt":"A empreiteira de Ribeir\u00e3o Preto Autem est\u00e1 com 16 vagas abertas para os cargos de pedreiro e auxiliar operacional. Os sal\u00e1rios variam entre R$ 1.919,89...","jetpack-related-posts":[{"id":22600,"url":"https:\/\/ismaelcolosi.com.br\/index.php\/2023\/12\/30\/prefeitura-de-ribeirao-preto-abre-concurso-com-16-vagas-e-salarios-de-r-5-mil\/","url_meta":{"origin":56579,"position":0},"title":"Prefeitura de Ribeir\u00e3o Preto abre concurso com 16 vagas e sal\u00e1rios de R$ 5 mil","author":"ismaelcolosi.com.br","date":"30 de December de 2023","format":false,"excerpt":"A Prefeitura de Ribeir\u00e3o Preto publicou edital de concurso p\u00fablico com 16 vagas de n\u00edvel fundamental, m\u00e9dio, t\u00e9cnico e superior. Os sal\u00e1rios variam entre R$ 2,6 mil e R$ 5,6 mil, conforme a especialidade. As inscri\u00e7\u00f5es devem ser realizadas no site da RBO Concursos (clique aqui) no per\u00edodo entre 8\u2026","rel":"","context":"In &quot;Not\u00edcias de Ribeir\u00e3o Preto-SP e Regi\u00e3o&quot;","block_context":{"text":"Not\u00edcias de Ribeir\u00e3o Preto-SP e Regi\u00e3o","link":"https:\/\/ismaelcolosi.com.br\/index.php\/category\/noticias-de-ribeirao-preto-sp-e-regiao-ismael-colosi\/"},"img":{"alt_text":"","src":"https:\/\/i0.wp.com\/ismaelcolosi.com.br\/wp-content\/uploads\/2023\/12\/ribeirao-preto-prefeitura.jpg?fit=1200%2C900&ssl=1&resize=350%2C200","width":350,"height":200,"srcset":"https:\/\/i0.wp.com\/ismaelcolosi.com.br\/wp-content\/uploads\/2023\/12\/ribeirao-preto-prefeitura.jpg?fit=1200%2C900&ssl=1&resize=350%2C200 1x, https:\/\/i0.wp.com\/ismaelcolosi.com.br\/wp-content\/uploads\/2023\/12\/ribeirao-preto-prefeitura.jpg?fit=1200%2C900&ssl=1&resize=525%2C300 1.5x, https:\/\/i0.wp.com\/ismaelcolosi.com.br\/wp-content\/uploads\/2023\/12\/ribeirao-preto-prefeitura.jpg?fit=1200%2C900&ssl=1&resize=700%2C400 2x, https:\/\/i0.wp.com\/ismaelcolosi.com.br\/wp-content\/uploads\/2023\/12\/ribeirao-preto-prefeitura.jpg?fit=1200%2C900&ssl=1&resize=1050%2C600 3x"},"classes":[]},{"id":23428,"url":"https:\/\/ismaelcolosi.com.br\/index.php\/2024\/01\/02\/veja-os-concursos-publicos-de-ribeirao-preto-em-2024-salarios-chegam-a-r-5-mil\/","url_meta":{"origin":56579,"position":1},"title":"Veja os concursos p\u00fablicos de Ribeir\u00e3o Preto em 2024; Sal\u00e1rios chegam a R$ 5 mil","author":"ismaelcolosi.com.br","date":"2 de January de 2024","format":false,"excerpt":"A Prefeitura de Ribeir\u00e3o Preto conta com dois concursos abertos em 2024. Ao todo, s\u00e3o 28 vagas e os sal\u00e1rios que variam entre R$ 2,5 mil e R$ 5,6 mil. Os cargos s\u00e3o de n\u00edvel fundamental, m\u00e9dio, t\u00e9cnico e superior. As inscri\u00e7\u00f5es para as vagas do edital 06\/2023 come\u00e7am nesta\u2026","rel":"","context":"In &quot;Not\u00edcias de Ribeir\u00e3o Preto-SP e Regi\u00e3o&quot;","block_context":{"text":"Not\u00edcias de Ribeir\u00e3o Preto-SP e Regi\u00e3o","link":"https:\/\/ismaelcolosi.com.br\/index.php\/category\/noticias-de-ribeirao-preto-sp-e-regiao-ismael-colosi\/"},"img":{"alt_text":"","src":"https:\/\/i0.wp.com\/ismaelcolosi.com.br\/wp-content\/uploads\/2024\/01\/concurso-publico-12.jpg?fit=1200%2C800&ssl=1&resize=350%2C200","width":350,"height":200,"srcset":"https:\/\/i0.wp.com\/ismaelcolosi.com.br\/wp-content\/uploads\/2024\/01\/concurso-publico-12.jpg?fit=1200%2C800&ssl=1&resize=350%2C200 1x, https:\/\/i0.wp.com\/ismaelcolosi.com.br\/wp-content\/uploads\/2024\/01\/concurso-publico-12.jpg?fit=1200%2C800&ssl=1&resize=525%2C300 1.5x, https:\/\/i0.wp.com\/ismaelcolosi.com.br\/wp-content\/uploads\/2024\/01\/concurso-publico-12.jpg?fit=1200%2C800&ssl=1&resize=700%2C400 2x, https:\/\/i0.wp.com\/ismaelcolosi.com.br\/wp-content\/uploads\/2024\/01\/concurso-publico-12.jpg?fit=1200%2C800&ssl=1&resize=1050%2C600 3x"},"classes":[]},{"id":31203,"url":"https:\/\/ismaelcolosi.com.br\/index.php\/2024\/01\/21\/ribeirao-preto-tem-38-vagas-em-concursos-publicos-com-salarios-de-ate-r-8-mil\/","url_meta":{"origin":56579,"position":2},"title":"Ribeir\u00e3o Preto tem 38 vagas em concursos p\u00fablicos com sal\u00e1rios de at\u00e9 R$ 8 mil","author":"ismaelcolosi.com.br","date":"21 de January de 2024","format":false,"excerpt":"A Prefeitura de Ribeir\u00e3o Preto conta com tr\u00eas concursos p\u00fablicos com 38 vagas dispon\u00edveis de n\u00edvel fundamental, m\u00e9dio, t\u00e9cnico e superior. Os sal\u00e1rios variam entre R$ 2,4 mil e R$ 8,8 mil. Veja as vagas A Prefeitura de Ribeir\u00e3o Preto conta com 10 vagas para o cargo de fiscal fazend\u00e1rio.\u2026","rel":"","context":"In &quot;Not\u00edcias de Ribeir\u00e3o Preto-SP e Regi\u00e3o&quot;","block_context":{"text":"Not\u00edcias de Ribeir\u00e3o Preto-SP e Regi\u00e3o","link":"https:\/\/ismaelcolosi.com.br\/index.php\/category\/noticias-de-ribeirao-preto-sp-e-regiao-ismael-colosi\/"},"img":{"alt_text":"","src":"https:\/\/i0.wp.com\/ismaelcolosi.com.br\/wp-content\/uploads\/2024\/01\/concurso-publico-5.jpg?fit=1200%2C800&ssl=1&resize=350%2C200","width":350,"height":200,"srcset":"https:\/\/i0.wp.com\/ismaelcolosi.com.br\/wp-content\/uploads\/2024\/01\/concurso-publico-5.jpg?fit=1200%2C800&ssl=1&resize=350%2C200 1x, https:\/\/i0.wp.com\/ismaelcolosi.com.br\/wp-content\/uploads\/2024\/01\/concurso-publico-5.jpg?fit=1200%2C800&ssl=1&resize=525%2C300 1.5x, https:\/\/i0.wp.com\/ismaelcolosi.com.br\/wp-content\/uploads\/2024\/01\/concurso-publico-5.jpg?fit=1200%2C800&ssl=1&resize=700%2C400 2x, https:\/\/i0.wp.com\/ismaelcolosi.com.br\/wp-content\/uploads\/2024\/01\/concurso-publico-5.jpg?fit=1200%2C800&ssl=1&resize=1050%2C600 3x"},"classes":[]},{"id":25818,"url":"https:\/\/ismaelcolosi.com.br\/index.php\/2024\/01\/08\/veja-como-fazer-inscricao-nos-concursos-publicos-da-prefeitura-de-ribeirao-preto\/","url_meta":{"origin":56579,"position":3},"title":"Veja como fazer a inscri\u00e7\u00e3o nos concursos p\u00fablicos da Prefeitura de Ribeir\u00e3o Preto","author":"ismaelcolosi.com.br","date":"8 de January de 2024","format":false,"excerpt":"A Prefeitura de Ribeir\u00e3o Preto est\u00e1 com as inscri\u00e7\u00f5es abertas para dois concursos p\u00fablicos com 28 vagas e sal\u00e1rios entre R$ 2,5 mil e R$ 5,6 mil. Os cargos s\u00e3o de n\u00edvel fundamental, m\u00e9dio, t\u00e9cnico e superior. Para o concurso p\u00fablico do edital 06\/2023 as inscri\u00e7\u00f5es come\u00e7aram na \u00faltima ter\u00e7a-feira\u2026","rel":"","context":"In &quot;Not\u00edcias de Ribeir\u00e3o Preto-SP e Regi\u00e3o&quot;","block_context":{"text":"Not\u00edcias de Ribeir\u00e3o Preto-SP e Regi\u00e3o","link":"https:\/\/ismaelcolosi.com.br\/index.php\/category\/noticias-de-ribeirao-preto-sp-e-regiao-ismael-colosi\/"},"img":{"alt_text":"","src":"https:\/\/i0.wp.com\/ismaelcolosi.com.br\/wp-content\/uploads\/2024\/01\/concurso-publico.jpg?fit=1200%2C800&ssl=1&resize=350%2C200","width":350,"height":200,"srcset":"https:\/\/i0.wp.com\/ismaelcolosi.com.br\/wp-content\/uploads\/2024\/01\/concurso-publico.jpg?fit=1200%2C800&ssl=1&resize=350%2C200 1x, https:\/\/i0.wp.com\/ismaelcolosi.com.br\/wp-content\/uploads\/2024\/01\/concurso-publico.jpg?fit=1200%2C800&ssl=1&resize=525%2C300 1.5x, https:\/\/i0.wp.com\/ismaelcolosi.com.br\/wp-content\/uploads\/2024\/01\/concurso-publico.jpg?fit=1200%2C800&ssl=1&resize=700%2C400 2x, https:\/\/i0.wp.com\/ismaelcolosi.com.br\/wp-content\/uploads\/2024\/01\/concurso-publico.jpg?fit=1200%2C800&ssl=1&resize=1050%2C600 3x"},"classes":[]},{"id":37454,"url":"https:\/\/ismaelcolosi.com.br\/index.php\/2024\/02\/16\/inscricoes-para-concurso-publico-de-ribeirao-preto-terminam-hoje\/","url_meta":{"origin":56579,"position":4},"title":"Inscri\u00e7\u00f5es para concurso p\u00fablico de Ribeir\u00e3o Preto terminam hoje","author":"ismaelcolosi.com.br","date":"16 de February de 2024","format":false,"excerpt":"As inscri\u00e7\u00f5es para o\u00a0concurso p\u00fablico\u00a0da\u00a0Prefeitura de Ribeir\u00e3o Preto\u00a0com 16 vagas de n\u00edvel fundamental, m\u00e9dio, t\u00e9cnico e superior terminam nesta sexta-feira (16). As vagas s\u00e3o para a\u00a0Saerp (Secretaria de \u00c1gua e Esgoto de Ribeir\u00e3o Preto). Os sal\u00e1rios chegam a R$ 5,1 mil. As inscri\u00e7\u00f5es foram realizadas no\u00a0site da\u00a0RBO Concursos\u00a0(clique aqui). O\u2026","rel":"","context":"In &quot;Not\u00edcias de Ribeir\u00e3o Preto-SP e Regi\u00e3o&quot;","block_context":{"text":"Not\u00edcias de Ribeir\u00e3o Preto-SP e Regi\u00e3o","link":"https:\/\/ismaelcolosi.com.br\/index.php\/category\/noticias-de-ribeirao-preto-sp-e-regiao-ismael-colosi\/"},"img":{"alt_text":"","src":"https:\/\/i0.wp.com\/ismaelcolosi.com.br\/wp-content\/uploads\/2024\/02\/concurso-publico-14-1068x713-1.jpg?fit=1068%2C713&ssl=1&resize=350%2C200","width":350,"height":200,"srcset":"https:\/\/i0.wp.com\/ismaelcolosi.com.br\/wp-content\/uploads\/2024\/02\/concurso-publico-14-1068x713-1.jpg?fit=1068%2C713&ssl=1&resize=350%2C200 1x, https:\/\/i0.wp.com\/ismaelcolosi.com.br\/wp-content\/uploads\/2024\/02\/concurso-publico-14-1068x713-1.jpg?fit=1068%2C713&ssl=1&resize=525%2C300 1.5x, https:\/\/i0.wp.com\/ismaelcolosi.com.br\/wp-content\/uploads\/2024\/02\/concurso-publico-14-1068x713-1.jpg?fit=1068%2C713&ssl=1&resize=700%2C400 2x, https:\/\/i0.wp.com\/ismaelcolosi.com.br\/wp-content\/uploads\/2024\/02\/concurso-publico-14-1068x713-1.jpg?fit=1068%2C713&ssl=1&resize=1050%2C600 3x"},"classes":[]},{"id":3071,"url":"https:\/\/ismaelcolosi.com.br\/index.php\/2023\/11\/17\/veja-as-vagas-de-emprego-abertas-para-o-ame-de-ribeirao-preto\/","url_meta":{"origin":56579,"position":5},"title":"Veja as vagas de emprego abertas para o AME de Ribeir\u00e3o Preto","author":"ismaelcolosi.com.br","date":"17 de November de 2023","format":false,"excerpt":"O AME (Ambulat\u00f3rio M\u00e9dico de Especialidades) de Ribeir\u00e3o Preto ainda conta com vagas abertas com sal\u00e1rios que variam entre R$ 1,5 mil e R$ 4,5 mil. Ao todo, s\u00e3o 36 vagas de emprego dispon\u00edveis para 11 fun\u00e7\u00f5es diferentes. Os interessados, devem se cadastrar no site (clique aqui) da Santa Casa\u2026","rel":"","context":"In &quot;Not\u00edcias de Ribeir\u00e3o Preto-SP e Regi\u00e3o&quot;","block_context":{"text":"Not\u00edcias de Ribeir\u00e3o Preto-SP e Regi\u00e3o","link":"https:\/\/ismaelcolosi.com.br\/index.php\/category\/noticias-de-ribeirao-preto-sp-e-regiao-ismael-colosi\/"},"img":{"alt_text":"","src":"https:\/\/i0.wp.com\/ismaelcolosi.com.br\/wp-content\/uploads\/2023\/11\/ame-de-ribeirao-preto.jpg?fit=1200%2C800&ssl=1&resize=350%2C200","width":350,"height":200,"srcset":"https:\/\/i0.wp.com\/ismaelcolosi.com.br\/wp-content\/uploads\/2023\/11\/ame-de-ribeirao-preto.jpg?fit=1200%2C800&ssl=1&resize=350%2C200 1x, https:\/\/i0.wp.com\/ismaelcolosi.com.br\/wp-content\/uploads\/2023\/11\/ame-de-ribeirao-preto.jpg?fit=1200%2C800&ssl=1&resize=525%2C300 1.5x, https:\/\/i0.wp.com\/ismaelcolosi.com.br\/wp-content\/uploads\/2023\/11\/ame-de-ribeirao-preto.jpg?fit=1200%2C800&ssl=1&resize=700%2C400 2x, https:\/\/i0.wp.com\/ismaelcolosi.com.br\/wp-content\/uploads\/2023\/11\/ame-de-ribeirao-preto.jpg?fit=1200%2C800&ssl=1&resize=1050%2C600 3x"},"classes":[]}],"jetpack_sharing_enabled":true,"jetpack_shortlink":"https:\/\/wp.me\/pfMlyK-eIz","_links":{"self":[{"href":"https:\/\/ismaelcolosi.com.br\/index.php\/wp-json\/wp\/v2\/posts\/56579","targetHints":{"allow":["GET"]}}],"collection":[{"href":"https:\/\/ismaelcolosi.com.br\/index.php\/wp-json\/wp\/v2\/posts"}],"about":[{"href":"https:\/\/ismaelcolosi.com.br\/index.php\/wp-json\/wp\/v2\/types\/post"}],"author":[{"embeddable":true,"href":"https:\/\/ismaelcolosi.com.br\/index.php\/wp-json\/wp\/v2\/users\/1"}],"replies":[{"embeddable":true,"href":"https:\/\/ismaelcolosi.com.br\/index.php\/wp-json\/wp\/v2\/comments?post=56579"}],"version-history":[{"count":0,"href":"https:\/\/ismaelcolosi.com.br\/index.php\/wp-json\/wp\/v2\/posts\/56579\/revisions"}],"wp:featuredmedia":[{"embeddable":true,"href":"https:\/\/ismaelcolosi.com.br\/index.php\/wp-json\/wp\/v2\/media\/54430"}],"wp:attachment":[{"href":"https:\/\/ismaelcolosi.com.br\/index.php\/wp-json\/wp\/v2\/media?parent=56579"}],"wp:term":[{"taxonomy":"category","embeddable":true,"href":"https:\/\/ismaelcolosi.com.br\/index.php\/wp-json\/wp\/v2\/categories?post=56579"},{"taxonomy":"post_tag","embeddable":true,"href":"https:\/\/ismaelcolosi.com.br\/index.php\/wp-json\/wp\/v2\/tags?post=56579"}],"curies":[{"name":"wp","href":"https:\/\/api.w.org\/{rel}","templated":true}]}}