{"id":56575,"date":"2024-07-12T16:24:43","date_gmt":"2024-07-12T19:24:43","guid":{"rendered":"https:\/\/ismaelcolosi.com.br\/index.php\/2024\/07\/12\/cidade-no-interior-de-sp-inaugura-o-maior-bar-de-gelo-da-america-latina-veja-como-visitar\/"},"modified":"2024-07-12T16:24:43","modified_gmt":"2024-07-12T19:24:43","slug":"cidade-no-interior-de-sp-inaugura-o-maior-bar-de-gelo-da-america-latina-veja-como-visitar","status":"publish","type":"post","link":"https:\/\/ismaelcolosi.com.br\/index.php\/2024\/07\/12\/cidade-no-interior-de-sp-inaugura-o-maior-bar-de-gelo-da-america-latina-veja-como-visitar\/","title":{"rendered":"Cidade no interior de SP inaugura o maior bar de gelo da Am\u00e9rica Latina; Veja como visitar"},"content":{"rendered":"<p> <br \/>\n<\/p>\n<div>\n<p>Conhecida como <strong>\u201cOrlando Brasileira<\/strong>\u201d, a cidade de <strong>Ol\u00edmpia<\/strong>, no <strong>interior de S\u00e3o Paulo<\/strong>, inaugurou o <strong>maior bar de gelo da Am\u00e9rica Latina<\/strong>, nesta quinta-feira (11).<\/p>\n<p>Com um investimento de<strong> R$ 6 milh\u00f5es<\/strong> e mais de <strong>500 m\u00b2 de \u00e1rea tem\u00e1tica<\/strong>, quem for conferir a atra\u00e7\u00e3o deve se preparar para uma \u2018<strong>experi\u00eancia congelante<\/strong>\u2019. Isso, porque a temperatura no local pode chegar em <strong>-15\u00baC<\/strong>.<\/p>\n<figure class=\"wp-block-pullquote\">\n<blockquote>\n<p>Estamos entusiasmados de poder oferecer aos turistas e aos olimpienses uma nova op\u00e7\u00e3o de entretenimento e divers\u00e3o \u00fanica na Am\u00e9rica Latina, tanto em tamanho quanto na forma de proporcionar uma experi\u00eancia imersiva e que mexe com nossos sentidos<\/p>\n<p><cite>Juan Espeche, respons\u00e1vel pelas opera\u00e7\u00f5es do Grupo Dreams em Ol\u00edmpia<\/cite><\/p><\/blockquote>\n<\/figure>\n<p><mark style=\"background-color:#fcb900\" class=\"has-inline-color\"><strong>As paredes, esculturas, mesas, cadeiras, balc\u00f5es e escorregadores do ambiente s\u00e3o feitos de gelo<\/strong>.<\/mark> O Ice Bar oferece uma<strong> variedade de drinques<\/strong>, com e sem \u00e1lcool, al\u00e9m de <strong>espa\u00e7os instagram\u00e1veis<\/strong>.<\/p>\n<p>Personagens de filmes e desenhos famosos ambientados na era glacial tamb\u00e9m podem ser vistos por todo o bar. \u201cAs crian\u00e7as ainda podem se divertir em um escorregador de gelo\u201d.<\/p>\n<h3 class=\"wp-block-heading\"><strong>Como visitar o bar de gelo?<\/strong><\/h3>\n<p>O bar de gelo funciona <strong>todos os dias<\/strong>, das 14h \u00e0s 22h, na avenida Aurora Forti Neves,116, ao lado do Museu de Cera de Ol\u00edmpia.<\/p>\n<p>Os<strong> valores dos ingressos<\/strong> variam entre <strong>R$ 30 <\/strong>e <strong>R$ 100<\/strong> e podem ser adquiridos de <strong>forma on-line (<a href=\"https:\/\/grupodreams.com.br\/olimpia\/dreams-ice-bar\/\" target=\"_blank\" rel=\"noreferrer noopener\">clique aqui<\/a>)<\/strong>.<\/p>\n<p>Para o conforto dos visitantes, <strong>o bar oferece casacos e luvas especiais<\/strong>. Contudo, <mark style=\"background-color:#fcb900\" class=\"has-inline-color\">\u00e9 recomendado o uso de <strong>cal\u00e7as <\/strong>e <strong>sapatos fechados<\/strong>.<\/mark><\/p>\n<h4 class=\"wp-block-heading\"><strong>Confira fotos do bar<\/strong><\/h4>\n<figure class=\"wp-block-gallery has-nested-images columns-default is-cropped wp-block-gallery-1 is-layout-flex\">\n<figure class=\"wp-block-image size-large\"><img data-recalc-dims=\"1\" loading=\"lazy\" decoding=\"async\" width=\"1024\" height=\"681\" data-id=\"87672\" src=\"https:\/\/i0.wp.com\/www.acidadeon.com\/ribeiraopreto\/wp-content\/uploads\/sites\/3\/2024\/07\/WhatsApp-Image-2024-07-12-at-14.47.57_2024-07-12_18-56-59_jpeg_2024-07-12_18-56-59-1024x681.webp?resize=1024%2C681&#038;ssl=1\" alt=\"\" class=\"wp-image-87672\" srcset=\"https:\/\/www.acidadeon.com\/ribeiraopreto\/wp-content\/uploads\/sites\/3\/2024\/07\/WhatsApp-Image-2024-07-12-at-14.47.57_2024-07-12_18-56-59_jpeg_2024-07-12_18-56-59-1024x681.webp 1024w, https:\/\/www.acidadeon.com\/ribeiraopreto\/wp-content\/uploads\/sites\/3\/2024\/07\/WhatsApp-Image-2024-07-12-at-14.47.57_2024-07-12_18-56-59_jpeg_2024-07-12_18-56-59-300x200.webp 300w, https:\/\/www.acidadeon.com\/ribeiraopreto\/wp-content\/uploads\/sites\/3\/2024\/07\/WhatsApp-Image-2024-07-12-at-14.47.57_2024-07-12_18-56-59_jpeg_2024-07-12_18-56-59-768x511.webp 768w, https:\/\/www.acidadeon.com\/ribeiraopreto\/wp-content\/uploads\/sites\/3\/2024\/07\/WhatsApp-Image-2024-07-12-at-14.47.57_2024-07-12_18-56-59_jpeg_2024-07-12_18-56-59-1536x1021.webp 1536w, https:\/\/www.acidadeon.com\/ribeiraopreto\/wp-content\/uploads\/sites\/3\/2024\/07\/WhatsApp-Image-2024-07-12-at-14.47.57_2024-07-12_18-56-59_jpeg_2024-07-12_18-56-59-696x463.webp 696w, https:\/\/www.acidadeon.com\/ribeiraopreto\/wp-content\/uploads\/sites\/3\/2024\/07\/WhatsApp-Image-2024-07-12-at-14.47.57_2024-07-12_18-56-59_jpeg_2024-07-12_18-56-59-1068x710.webp 1068w, https:\/\/www.acidadeon.com\/ribeiraopreto\/wp-content\/uploads\/sites\/3\/2024\/07\/WhatsApp-Image-2024-07-12-at-14.47.57_2024-07-12_18-56-59_jpeg_2024-07-12_18-56-59.webp 1600w\" sizes=\"auto, (max-width: 1024px) 100vw, 1024px\"\/><figcaption class=\"wp-element-caption\">Bar de gelo \u00e9 inaugurado em Ol\u00edmpia. (Cr\u00e9dito: Leandro da Silva\/Divulga\u00e7\u00e3o<\/figcaption><\/figure>\n<figure class=\"wp-block-image size-large\"><img data-recalc-dims=\"1\" decoding=\"async\" loading=\"lazy\" width=\"1024\" height=\"681\" data-id=\"87673\" src=\"https:\/\/i0.wp.com\/www.acidadeon.com\/ribeiraopreto\/wp-content\/uploads\/sites\/3\/2024\/07\/WhatsApp-Image-2024-07-12-at-14.47.58-1_2024-07-12_18-57-02_jpeg_2024-07-12_18-57-03-1024x681.webp?resize=1024%2C681&#038;ssl=1\" alt=\"\" class=\"wp-image-87673\" srcset=\"https:\/\/www.acidadeon.com\/ribeiraopreto\/wp-content\/uploads\/sites\/3\/2024\/07\/WhatsApp-Image-2024-07-12-at-14.47.58-1_2024-07-12_18-57-02_jpeg_2024-07-12_18-57-03-1024x681.webp 1024w, https:\/\/www.acidadeon.com\/ribeiraopreto\/wp-content\/uploads\/sites\/3\/2024\/07\/WhatsApp-Image-2024-07-12-at-14.47.58-1_2024-07-12_18-57-02_jpeg_2024-07-12_18-57-03-300x200.webp 300w, https:\/\/www.acidadeon.com\/ribeiraopreto\/wp-content\/uploads\/sites\/3\/2024\/07\/WhatsApp-Image-2024-07-12-at-14.47.58-1_2024-07-12_18-57-02_jpeg_2024-07-12_18-57-03-768x511.webp 768w, https:\/\/www.acidadeon.com\/ribeiraopreto\/wp-content\/uploads\/sites\/3\/2024\/07\/WhatsApp-Image-2024-07-12-at-14.47.58-1_2024-07-12_18-57-02_jpeg_2024-07-12_18-57-03-1536x1021.webp 1536w, https:\/\/www.acidadeon.com\/ribeiraopreto\/wp-content\/uploads\/sites\/3\/2024\/07\/WhatsApp-Image-2024-07-12-at-14.47.58-1_2024-07-12_18-57-02_jpeg_2024-07-12_18-57-03-696x463.webp 696w, https:\/\/www.acidadeon.com\/ribeiraopreto\/wp-content\/uploads\/sites\/3\/2024\/07\/WhatsApp-Image-2024-07-12-at-14.47.58-1_2024-07-12_18-57-02_jpeg_2024-07-12_18-57-03-1068x710.webp 1068w, https:\/\/www.acidadeon.com\/ribeiraopreto\/wp-content\/uploads\/sites\/3\/2024\/07\/WhatsApp-Image-2024-07-12-at-14.47.58-1_2024-07-12_18-57-02_jpeg_2024-07-12_18-57-03.webp 1600w\" sizes=\"auto, (max-width: 1024px) 100vw, 1024px\"\/><figcaption class=\"wp-element-caption\">Bar de gelo \u00e9 inaugurado em Ol\u00edmpia. (Cr\u00e9dito: Leandro da Silva\/Divulga\u00e7\u00e3o<\/figcaption><\/figure>\n<figure class=\"wp-block-image size-large\"><img data-recalc-dims=\"1\" decoding=\"async\" loading=\"lazy\" width=\"1024\" height=\"681\" data-id=\"87674\" src=\"https:\/\/i0.wp.com\/www.acidadeon.com\/ribeiraopreto\/wp-content\/uploads\/sites\/3\/2024\/07\/WhatsApp-Image-2024-07-12-at-14.47.58_2024-07-12_18-57-06_jpeg_2024-07-12_18-57-07-1024x681.webp?resize=1024%2C681&#038;ssl=1\" alt=\"\" class=\"wp-image-87674\" srcset=\"https:\/\/www.acidadeon.com\/ribeiraopreto\/wp-content\/uploads\/sites\/3\/2024\/07\/WhatsApp-Image-2024-07-12-at-14.47.58_2024-07-12_18-57-06_jpeg_2024-07-12_18-57-07-1024x681.webp 1024w, https:\/\/www.acidadeon.com\/ribeiraopreto\/wp-content\/uploads\/sites\/3\/2024\/07\/WhatsApp-Image-2024-07-12-at-14.47.58_2024-07-12_18-57-06_jpeg_2024-07-12_18-57-07-300x200.webp 300w, https:\/\/www.acidadeon.com\/ribeiraopreto\/wp-content\/uploads\/sites\/3\/2024\/07\/WhatsApp-Image-2024-07-12-at-14.47.58_2024-07-12_18-57-06_jpeg_2024-07-12_18-57-07-768x511.webp 768w, https:\/\/www.acidadeon.com\/ribeiraopreto\/wp-content\/uploads\/sites\/3\/2024\/07\/WhatsApp-Image-2024-07-12-at-14.47.58_2024-07-12_18-57-06_jpeg_2024-07-12_18-57-07-1536x1021.webp 1536w, https:\/\/www.acidadeon.com\/ribeiraopreto\/wp-content\/uploads\/sites\/3\/2024\/07\/WhatsApp-Image-2024-07-12-at-14.47.58_2024-07-12_18-57-06_jpeg_2024-07-12_18-57-07-696x463.webp 696w, https:\/\/www.acidadeon.com\/ribeiraopreto\/wp-content\/uploads\/sites\/3\/2024\/07\/WhatsApp-Image-2024-07-12-at-14.47.58_2024-07-12_18-57-06_jpeg_2024-07-12_18-57-07-1068x710.webp 1068w, https:\/\/www.acidadeon.com\/ribeiraopreto\/wp-content\/uploads\/sites\/3\/2024\/07\/WhatsApp-Image-2024-07-12-at-14.47.58_2024-07-12_18-57-06_jpeg_2024-07-12_18-57-07.webp 1600w\" sizes=\"auto, (max-width: 1024px) 100vw, 1024px\"\/><figcaption class=\"wp-element-caption\">Bar de gelo \u00e9 inaugurado em Ol\u00edmpia. (Cr\u00e9dito: Leandro da Silva\/Divulga\u00e7\u00e3o<\/figcaption><\/figure>\n<figure class=\"wp-block-image size-large\"><img data-recalc-dims=\"1\" decoding=\"async\" loading=\"lazy\" width=\"1024\" height=\"768\" data-id=\"87675\" src=\"https:\/\/i0.wp.com\/www.acidadeon.com\/ribeiraopreto\/wp-content\/uploads\/sites\/3\/2024\/07\/WhatsApp-Image-2024-07-12-at-14.47.59-1_2024-07-12_18-57-10_jpeg_2024-07-12_18-57-11-1024x768.webp?resize=1024%2C768&#038;ssl=1\" alt=\"\" class=\"wp-image-87675\" srcset=\"https:\/\/www.acidadeon.com\/ribeiraopreto\/wp-content\/uploads\/sites\/3\/2024\/07\/WhatsApp-Image-2024-07-12-at-14.47.59-1_2024-07-12_18-57-10_jpeg_2024-07-12_18-57-11-1024x768.webp 1024w, https:\/\/www.acidadeon.com\/ribeiraopreto\/wp-content\/uploads\/sites\/3\/2024\/07\/WhatsApp-Image-2024-07-12-at-14.47.59-1_2024-07-12_18-57-10_jpeg_2024-07-12_18-57-11-300x225.webp 300w, https:\/\/www.acidadeon.com\/ribeiraopreto\/wp-content\/uploads\/sites\/3\/2024\/07\/WhatsApp-Image-2024-07-12-at-14.47.59-1_2024-07-12_18-57-10_jpeg_2024-07-12_18-57-11-768x576.webp 768w, https:\/\/www.acidadeon.com\/ribeiraopreto\/wp-content\/uploads\/sites\/3\/2024\/07\/WhatsApp-Image-2024-07-12-at-14.47.59-1_2024-07-12_18-57-10_jpeg_2024-07-12_18-57-11-1536x1152.webp 1536w, https:\/\/www.acidadeon.com\/ribeiraopreto\/wp-content\/uploads\/sites\/3\/2024\/07\/WhatsApp-Image-2024-07-12-at-14.47.59-1_2024-07-12_18-57-10_jpeg_2024-07-12_18-57-11-696x522.webp 696w, https:\/\/www.acidadeon.com\/ribeiraopreto\/wp-content\/uploads\/sites\/3\/2024\/07\/WhatsApp-Image-2024-07-12-at-14.47.59-1_2024-07-12_18-57-10_jpeg_2024-07-12_18-57-11-1068x801.webp 1068w, https:\/\/www.acidadeon.com\/ribeiraopreto\/wp-content\/uploads\/sites\/3\/2024\/07\/WhatsApp-Image-2024-07-12-at-14.47.59-1_2024-07-12_18-57-10_jpeg_2024-07-12_18-57-11.webp 1600w\" sizes=\"auto, (max-width: 1024px) 100vw, 1024px\"\/><figcaption class=\"wp-element-caption\">Bar de gelo \u00e9 inaugurado em Ol\u00edmpia. (Cr\u00e9dito: Leandro da Silva\/Divulga\u00e7\u00e3o<\/figcaption><\/figure>\n<figure class=\"wp-block-image size-large\"><img data-recalc-dims=\"1\" decoding=\"async\" loading=\"lazy\" width=\"1024\" height=\"768\" data-id=\"87676\" src=\"https:\/\/i0.wp.com\/www.acidadeon.com\/ribeiraopreto\/wp-content\/uploads\/sites\/3\/2024\/07\/WhatsApp-Image-2024-07-12-at-14.48.00-1_2024-07-12_18-57-15_jpeg_2024-07-12_18-57-16-1024x768.webp?resize=1024%2C768&#038;ssl=1\" alt=\"\" class=\"wp-image-87676\" srcset=\"https:\/\/www.acidadeon.com\/ribeiraopreto\/wp-content\/uploads\/sites\/3\/2024\/07\/WhatsApp-Image-2024-07-12-at-14.48.00-1_2024-07-12_18-57-15_jpeg_2024-07-12_18-57-16-1024x768.webp 1024w, https:\/\/www.acidadeon.com\/ribeiraopreto\/wp-content\/uploads\/sites\/3\/2024\/07\/WhatsApp-Image-2024-07-12-at-14.48.00-1_2024-07-12_18-57-15_jpeg_2024-07-12_18-57-16-300x225.webp 300w, https:\/\/www.acidadeon.com\/ribeiraopreto\/wp-content\/uploads\/sites\/3\/2024\/07\/WhatsApp-Image-2024-07-12-at-14.48.00-1_2024-07-12_18-57-15_jpeg_2024-07-12_18-57-16-768x576.webp 768w, https:\/\/www.acidadeon.com\/ribeiraopreto\/wp-content\/uploads\/sites\/3\/2024\/07\/WhatsApp-Image-2024-07-12-at-14.48.00-1_2024-07-12_18-57-15_jpeg_2024-07-12_18-57-16-1536x1152.webp 1536w, https:\/\/www.acidadeon.com\/ribeiraopreto\/wp-content\/uploads\/sites\/3\/2024\/07\/WhatsApp-Image-2024-07-12-at-14.48.00-1_2024-07-12_18-57-15_jpeg_2024-07-12_18-57-16-696x522.webp 696w, https:\/\/www.acidadeon.com\/ribeiraopreto\/wp-content\/uploads\/sites\/3\/2024\/07\/WhatsApp-Image-2024-07-12-at-14.48.00-1_2024-07-12_18-57-15_jpeg_2024-07-12_18-57-16-1068x801.webp 1068w, https:\/\/www.acidadeon.com\/ribeiraopreto\/wp-content\/uploads\/sites\/3\/2024\/07\/WhatsApp-Image-2024-07-12-at-14.48.00-1_2024-07-12_18-57-15_jpeg_2024-07-12_18-57-16.webp 1600w\" sizes=\"auto, (max-width: 1024px) 100vw, 1024px\"\/><figcaption class=\"wp-element-caption\">Bar de gelo \u00e9 inaugurado em Ol\u00edmpia. (Cr\u00e9dito: Leandro da Silva\/Divulga\u00e7\u00e3o<\/figcaption><\/figure>\n<\/figure>\n<hr class=\"wp-block-separator has-alpha-channel-opacity\"\/>\n<p>SAIBA MAIS<\/p>\n<p>Ribeir\u00e3o Preto recebe festival com line-up 100% feminino; Veja atra\u00e7\u00f5es<\/p>\n<h4 class=\"wp-block-heading\"><strong>FIQUE ON<\/strong><\/h4>\n<p>Fique ligado em tudo que acontece em Ribeir\u00e3o Preto e regi\u00e3o. Siga os perfis do\u00a0<strong>acidade on\u00a0<\/strong>no\u00a0<a href=\"https:\/\/www.instagram.com\/acidadeonribeirao\" target=\"_blank\" rel=\"noreferrer noopener\">Instagram<\/a>\u00a0e no\u00a0<a href=\"https:\/\/www.facebook.com\/acidadeonribeirao\" target=\"_blank\" rel=\"noreferrer noopener\">Facebook<\/a>.<\/p>\n<p>Receba not\u00edcias do\u00a0<strong>acidade on<\/strong>\u00a0no WhatsApp. Para entrar no grupo, basta\u00a0<a href=\"https:\/\/chat.whatsapp.com\/CdrZ6xrf7quD44Vw3WlPuZ\" target=\"_blank\" rel=\"noreferrer noopener\">clicar aqui<\/a>.<\/p>\n<p>Fa\u00e7a uma den\u00fancia ou sugira uma reportagem sobre Ribeir\u00e3o Preto e regi\u00e3o pelo WhatsApp: 16 99117 7802.<\/p>\n<p>VEJA TAMB\u00c9M<\/p>\n<p>Ariana Grande \u00e9 canibal?<\/p>\n<p><!-- AI CONTENT END 1 -->\n<\/div>\n<p><script async src=\"\/\/www.instagram.com\/embed.js\"><\/script><br \/>\n<br \/><br \/>\n<br \/><a href=\"https:\/\/www.acidadeon.com\/ribeiraopreto\/lazer-e-cultura\/cidade-no-interior-de-sp-inaugura-o-maior-bar-de-gelo-da-america-latina-veja-como-visitar\/\">Source link <\/a><\/p>\n<div class='code-block code-block-4' style='margin: 8px auto 8px 0; text-align: left; display: block; clear: both;'>\n\ud83d\udce2 Aviso Legal\n\nO site ismaelcolosi.com.br atua apenas como um canal de divulga\u00e7\u00e3o de oportunidades de emprego e n\u00e3o se responsabiliza pelo processo seletivo, contrata\u00e7\u00e3o ou qualquer outra etapa relacionada \u00e0s vagas publicadas. Todas as informa\u00e7\u00f5es s\u00e3o de responsabilidade dos anunciantes.\n\n\u26a0\ufe0f Aten\u00e7\u00e3o! Nunca pague por promessas de emprego nem compre cursos que garantam contrata\u00e7\u00e3o. Desconfie de qualquer cobran\u00e7a para participar de sele\u00e7\u00f5es.\n\n\n\n<\/div>\n<!-- CONTENT END 1 -->\n","protected":false},"excerpt":{"rendered":"<p>Conhecida como \u201cOrlando Brasileira\u201d, a cidade de Ol\u00edmpia, no interior de S\u00e3o Paulo, inaugurou o maior bar de gelo da Am\u00e9rica Latina, nesta quinta-feira (11)&#8230;.<\/p>\n","protected":false},"author":1,"featured_media":56576,"comment_status":"open","ping_status":"open","sticky":false,"template":"","format":"standard","meta":{"_uag_custom_page_level_css":"","advanced_seo_description":"","jetpack_seo_html_title":"","jetpack_seo_noindex":false,"jetpack_post_was_ever_published":false,"_jetpack_newsletter_access":"","_jetpack_dont_email_post_to_subs":false,"_jetpack_newsletter_tier_id":0,"_jetpack_memberships_contains_paywalled_content":false,"_jetpack_memberships_contains_paid_content":false,"footnotes":"","jetpack_publicize_message":"","jetpack_publicize_feature_enabled":true,"jetpack_social_post_already_shared":true,"jetpack_social_options":{"image_generator_settings":{"template":"highway","default_image_id":0,"font":"","enabled":false},"version":2}},"categories":[11],"tags":[],"class_list":["post-56575","post","type-post","status-publish","format-standard","has-post-thumbnail","hentry","category-noticias-de-ribeirao-preto-sp-e-regiao-ismael-colosi"],"jetpack_publicize_connections":[],"jetpack_featured_media_url":"https:\/\/i0.wp.com\/ismaelcolosi.com.br\/wp-content\/uploads\/2024\/07\/WhatsApp-Image-2024-07-12-at-14.48.00-1_2024-07-12_18-57-15_jpeg_2024-07-12_18-57-16.webp.webp?fit=1600%2C1200&ssl=1","uagb_featured_image_src":{"full":["https:\/\/i0.wp.com\/ismaelcolosi.com.br\/wp-content\/uploads\/2024\/07\/WhatsApp-Image-2024-07-12-at-14.48.00-1_2024-07-12_18-57-15_jpeg_2024-07-12_18-57-16.webp.webp?fit=1600%2C1200&ssl=1",1600,1200,false],"thumbnail":["https:\/\/i0.wp.com\/ismaelcolosi.com.br\/wp-content\/uploads\/2024\/07\/WhatsApp-Image-2024-07-12-at-14.48.00-1_2024-07-12_18-57-15_jpeg_2024-07-12_18-57-16.webp.webp?resize=150%2C150&ssl=1",150,150,true],"medium":["https:\/\/i0.wp.com\/ismaelcolosi.com.br\/wp-content\/uploads\/2024\/07\/WhatsApp-Image-2024-07-12-at-14.48.00-1_2024-07-12_18-57-15_jpeg_2024-07-12_18-57-16.webp.webp?fit=300%2C225&ssl=1",300,225,true],"medium_large":["https:\/\/i0.wp.com\/ismaelcolosi.com.br\/wp-content\/uploads\/2024\/07\/WhatsApp-Image-2024-07-12-at-14.48.00-1_2024-07-12_18-57-15_jpeg_2024-07-12_18-57-16.webp.webp?fit=768%2C576&ssl=1",768,576,true],"large":["https:\/\/i0.wp.com\/ismaelcolosi.com.br\/wp-content\/uploads\/2024\/07\/WhatsApp-Image-2024-07-12-at-14.48.00-1_2024-07-12_18-57-15_jpeg_2024-07-12_18-57-16.webp.webp?fit=1024%2C768&ssl=1",1024,768,true],"1536x1536":["https:\/\/i0.wp.com\/ismaelcolosi.com.br\/wp-content\/uploads\/2024\/07\/WhatsApp-Image-2024-07-12-at-14.48.00-1_2024-07-12_18-57-15_jpeg_2024-07-12_18-57-16.webp.webp?fit=1536%2C1152&ssl=1",1536,1152,true],"2048x2048":["https:\/\/i0.wp.com\/ismaelcolosi.com.br\/wp-content\/uploads\/2024\/07\/WhatsApp-Image-2024-07-12-at-14.48.00-1_2024-07-12_18-57-15_jpeg_2024-07-12_18-57-16.webp.webp?fit=1600%2C1200&ssl=1",1600,1200,true],"really-simple-thumb":["https:\/\/i0.wp.com\/ismaelcolosi.com.br\/wp-content\/uploads\/2024\/07\/WhatsApp-Image-2024-07-12-at-14.48.00-1_2024-07-12_18-57-15_jpeg_2024-07-12_18-57-16.webp.webp?resize=370%2C247&ssl=1",370,247,true]},"uagb_author_info":{"display_name":"ismaelcolosi.com.br","author_link":"https:\/\/ismaelcolosi.com.br\/index.php\/author\/vidareal-online\/"},"uagb_comment_info":0,"uagb_excerpt":"Conhecida como \u201cOrlando Brasileira\u201d, a cidade de Ol\u00edmpia, no interior de S\u00e3o Paulo, inaugurou o maior bar de gelo da Am\u00e9rica Latina, nesta quinta-feira (11)....","jetpack-related-posts":[{"id":13329,"url":"https:\/\/ismaelcolosi.com.br\/index.php\/2023\/12\/09\/bar-de-gelo-promete-refrescar-turistas-em-olimpia-sp\/","url_meta":{"origin":56575,"position":0},"title":"Bar de gelo promete refrescar turistas em Ol\u00edmpia (SP)","author":"ismaelcolosi.com.br","date":"9 de December de 2023","format":false,"excerpt":"Turistas ter\u00e3o mais uma atra\u00e7\u00e3o para visitar em Ol\u00edmpia (SP). A \u201cOrlando brasileira\u201d vai ganhar ainda este m\u00eas um bar de gelo. Com mais de 500 m\u00b2 de \u00e1rea constru\u00edda, o Ice Bar ter\u00e1 sua pr\u00f3pria f\u00e1brica de gelo para produzir blocos das paredes internas, esculturas de gelo e os\u2026","rel":"","context":"In &quot;Variedades&quot;","block_context":{"text":"Variedades","link":"https:\/\/ismaelcolosi.com.br\/index.php\/category\/variedades\/"},"img":{"alt_text":"","src":"https:\/\/i0.wp.com\/ismaelcolosi.com.br\/wp-content\/uploads\/2023\/12\/img-6428.jpg?fit=1200%2C638&ssl=1&resize=350%2C200","width":350,"height":200,"srcset":"https:\/\/i0.wp.com\/ismaelcolosi.com.br\/wp-content\/uploads\/2023\/12\/img-6428.jpg?fit=1200%2C638&ssl=1&resize=350%2C200 1x, https:\/\/i0.wp.com\/ismaelcolosi.com.br\/wp-content\/uploads\/2023\/12\/img-6428.jpg?fit=1200%2C638&ssl=1&resize=525%2C300 1.5x, https:\/\/i0.wp.com\/ismaelcolosi.com.br\/wp-content\/uploads\/2023\/12\/img-6428.jpg?fit=1200%2C638&ssl=1&resize=700%2C400 2x, https:\/\/i0.wp.com\/ismaelcolosi.com.br\/wp-content\/uploads\/2023\/12\/img-6428.jpg?fit=1200%2C638&ssl=1&resize=1050%2C600 3x"},"classes":[]},{"id":33430,"url":"https:\/\/ismaelcolosi.com.br\/index.php\/2024\/01\/29\/com-investimento-de-r-38-milhoes-cidade-no-interior-de-sp-inaugura-parque-de-realidade-virtual\/","url_meta":{"origin":56575,"position":1},"title":"Com investimento de R$ 38 milh\u00f5es, cidade no interior de SP inaugura parque de realidade virtual","author":"ismaelcolosi.com.br","date":"29 de January de 2024","format":false,"excerpt":"O munic\u00edpio de Ol\u00edmpia, a cerca de 130 quil\u00f4metros de Ribeir\u00e3o Preto, inaugura nesta quinta-feira (1\u00ba), \u00e0s 15h, um parque tem\u00e1tico de realidade virtual, atra\u00e7\u00e3o in\u00e9dita na Am\u00e9rica Latina, segundo a organiza\u00e7\u00e3o. Com investimento de R$ 38 milh\u00f5es, a abertura do \u2018Orionverso\u2019 ser\u00e1 em sistema soft opening, per\u00edodo no qual\u2026","rel":"","context":"In &quot;Not\u00edcias de Ribeir\u00e3o Preto-SP e Regi\u00e3o&quot;","block_context":{"text":"Not\u00edcias de Ribeir\u00e3o Preto-SP e Regi\u00e3o","link":"https:\/\/ismaelcolosi.com.br\/index.php\/category\/noticias-de-ribeirao-preto-sp-e-regiao-ismael-colosi\/"},"img":{"alt_text":"","src":"https:\/\/i0.wp.com\/ismaelcolosi.com.br\/wp-content\/uploads\/2024\/01\/parque-tematico-Olimpia.jpg?fit=1200%2C798&ssl=1&resize=350%2C200","width":350,"height":200,"srcset":"https:\/\/i0.wp.com\/ismaelcolosi.com.br\/wp-content\/uploads\/2024\/01\/parque-tematico-Olimpia.jpg?fit=1200%2C798&ssl=1&resize=350%2C200 1x, https:\/\/i0.wp.com\/ismaelcolosi.com.br\/wp-content\/uploads\/2024\/01\/parque-tematico-Olimpia.jpg?fit=1200%2C798&ssl=1&resize=525%2C300 1.5x, https:\/\/i0.wp.com\/ismaelcolosi.com.br\/wp-content\/uploads\/2024\/01\/parque-tematico-Olimpia.jpg?fit=1200%2C798&ssl=1&resize=700%2C400 2x, https:\/\/i0.wp.com\/ismaelcolosi.com.br\/wp-content\/uploads\/2024\/01\/parque-tematico-Olimpia.jpg?fit=1200%2C798&ssl=1&resize=1050%2C600 3x"},"classes":[]},{"id":12504,"url":"https:\/\/ismaelcolosi.com.br\/index.php\/2023\/12\/08\/olimpia-sp-lidera-lista-de-destinos-tendencia-para-2024\/","url_meta":{"origin":56575,"position":2},"title":"Ol\u00edmpia (SP) lidera lista de destinos tend\u00eancia para 2024","author":"ismaelcolosi.com.br","date":"8 de December de 2023","format":false,"excerpt":"Famoso pelas \u00e1guas termais e seus parques aqu\u00e1ticos, a est\u00e2ncia tur\u00edstica de Ol\u00edmpia, interior paulista, \u00e9 um dos destinos preferidos de fam\u00edlias com crian\u00e7as pequenas. A \u201cOrlando brasileira\u201d, como \u00e9 chamada, oferece entretenimento para toda a fam\u00edlia dentro e fora da \u00e1gua. Cr\u00e9ditos: Divulga\u00e7\u00e3oOl\u00edmpia oferece diversa atra\u00e7\u00f5es, al\u00e9m dos parques\u2026","rel":"","context":"In &quot;Variedades&quot;","block_context":{"text":"Variedades","link":"https:\/\/ismaelcolosi.com.br\/index.php\/category\/variedades\/"},"img":{"alt_text":"","src":"https:\/\/i0.wp.com\/ismaelcolosi.com.br\/wp-content\/uploads\/2023\/12\/hot-beach-olimpia.jpg?fit=1200%2C638&ssl=1&resize=350%2C200","width":350,"height":200,"srcset":"https:\/\/i0.wp.com\/ismaelcolosi.com.br\/wp-content\/uploads\/2023\/12\/hot-beach-olimpia.jpg?fit=1200%2C638&ssl=1&resize=350%2C200 1x, https:\/\/i0.wp.com\/ismaelcolosi.com.br\/wp-content\/uploads\/2023\/12\/hot-beach-olimpia.jpg?fit=1200%2C638&ssl=1&resize=525%2C300 1.5x, https:\/\/i0.wp.com\/ismaelcolosi.com.br\/wp-content\/uploads\/2023\/12\/hot-beach-olimpia.jpg?fit=1200%2C638&ssl=1&resize=700%2C400 2x, https:\/\/i0.wp.com\/ismaelcolosi.com.br\/wp-content\/uploads\/2023\/12\/hot-beach-olimpia.jpg?fit=1200%2C638&ssl=1&resize=1050%2C600 3x"},"classes":[]},{"id":72468,"url":"https:\/\/ismaelcolosi.com.br\/index.php\/2024\/10\/21\/gigante-do-interior-de-sp-quer-fusao-para-criar-maior-farmaceutica-da-america-latina\/","url_meta":{"origin":56575,"position":3},"title":"Gigante do interior de SP quer fus\u00e3o para criar maior farmac\u00eautica da Am\u00e9rica Latina","author":"ismaelcolosi.com.br","date":"21 de October de 2024","format":false,"excerpt":"A Hypera Pharma informou, nesta segunda-feira (21), que recebeu uma proposta de oferta p\u00fablica de aquisi\u00e7\u00f5es (OPA) de a\u00e7\u00f5es e de combina\u00e7\u00e3o de neg\u00f3cios da NC Farma, controladora da EMS, l\u00edder de mercado e maior farmac\u00eautica no Brasil \u2013 a empresa possui sede administrativa em Hortol\u00e2ndia, no interior de S\u00e3o\u2026","rel":"","context":"In &quot;Not\u00edcias de Ribeir\u00e3o Preto-SP e Regi\u00e3o&quot;","block_context":{"text":"Not\u00edcias de Ribeir\u00e3o Preto-SP e Regi\u00e3o","link":"https:\/\/ismaelcolosi.com.br\/index.php\/category\/noticias-de-ribeirao-preto-sp-e-regiao-ismael-colosi\/"},"img":{"alt_text":"","src":"https:\/\/i0.wp.com\/ismaelcolosi.com.br\/wp-content\/uploads\/2024\/10\/falta_de_1200x675_12072022193602.jpg?fit=1200%2C675&ssl=1&resize=350%2C200","width":350,"height":200,"srcset":"https:\/\/i0.wp.com\/ismaelcolosi.com.br\/wp-content\/uploads\/2024\/10\/falta_de_1200x675_12072022193602.jpg?fit=1200%2C675&ssl=1&resize=350%2C200 1x, https:\/\/i0.wp.com\/ismaelcolosi.com.br\/wp-content\/uploads\/2024\/10\/falta_de_1200x675_12072022193602.jpg?fit=1200%2C675&ssl=1&resize=525%2C300 1.5x, https:\/\/i0.wp.com\/ismaelcolosi.com.br\/wp-content\/uploads\/2024\/10\/falta_de_1200x675_12072022193602.jpg?fit=1200%2C675&ssl=1&resize=700%2C400 2x, https:\/\/i0.wp.com\/ismaelcolosi.com.br\/wp-content\/uploads\/2024\/10\/falta_de_1200x675_12072022193602.jpg?fit=1200%2C675&ssl=1&resize=1050%2C600 3x"},"classes":[]},{"id":56624,"url":"https:\/\/ismaelcolosi.com.br\/index.php\/2024\/07\/13\/dia-do-rock-baterista-revelacao-de-ribeirao-preto-parte-para-turne-nos-eua\/","url_meta":{"origin":56575,"position":4},"title":"Dia do Rock: Baterista revela\u00e7\u00e3o de Ribeir\u00e3o Preto parte para turn\u00ea nos EUA","author":"ismaelcolosi.com.br","date":"13 de July de 2024","format":false,"excerpt":"Concentra\u00e7\u00e3o e disciplina s\u00e3o elementos fundamentais na vida do jovem baterista Diego Bovo, que parte para os Estados Unidos, na pr\u00f3xima semana, para uma sequ\u00eancia de apresenta\u00e7\u00f5es no pa\u00eds. Aos 15 anos, o adolescente de Ribeir\u00e3o Preto vem se destacando no cen\u00e1rio musical devido \u00e0 habilidade com o instrumento, que\u2026","rel":"","context":"In &quot;Not\u00edcias de Ribeir\u00e3o Preto-SP e Regi\u00e3o&quot;","block_context":{"text":"Not\u00edcias de Ribeir\u00e3o Preto-SP e Regi\u00e3o","link":"https:\/\/ismaelcolosi.com.br\/index.php\/category\/noticias-de-ribeirao-preto-sp-e-regiao-ismael-colosi\/"},"img":{"alt_text":"","src":"https:\/\/i0.wp.com\/ismaelcolosi.com.br\/wp-content\/uploads\/2024\/07\/WhatsApp-Image-2024-07-12-at-19.57.26_2024-07-12_22-58-06_jpeg_2024-07-12_22-58-06.webp.webp?fit=749%2C410&ssl=1&resize=350%2C200","width":350,"height":200,"srcset":"https:\/\/i0.wp.com\/ismaelcolosi.com.br\/wp-content\/uploads\/2024\/07\/WhatsApp-Image-2024-07-12-at-19.57.26_2024-07-12_22-58-06_jpeg_2024-07-12_22-58-06.webp.webp?fit=749%2C410&ssl=1&resize=350%2C200 1x, https:\/\/i0.wp.com\/ismaelcolosi.com.br\/wp-content\/uploads\/2024\/07\/WhatsApp-Image-2024-07-12-at-19.57.26_2024-07-12_22-58-06_jpeg_2024-07-12_22-58-06.webp.webp?fit=749%2C410&ssl=1&resize=525%2C300 1.5x, https:\/\/i0.wp.com\/ismaelcolosi.com.br\/wp-content\/uploads\/2024\/07\/WhatsApp-Image-2024-07-12-at-19.57.26_2024-07-12_22-58-06_jpeg_2024-07-12_22-58-06.webp.webp?fit=749%2C410&ssl=1&resize=700%2C400 2x"},"classes":[]},{"id":3173,"url":"https:\/\/ismaelcolosi.com.br\/index.php\/2022\/04\/25\/agrishow-maior-feira-do-agronegocio-da-america-latina-comeca-nesta-segunda-feira-25\/","url_meta":{"origin":56575,"position":5},"title":"Agrishow, maior feira do agroneg\u00f3cio da Am\u00e9rica Latina, come\u00e7a nesta segunda-feira (25)","author":"ismaelcolosi.com.br","date":"25 de April de 2022","format":false,"excerpt":"Come\u00e7ou nesta segunda-feira (25) a Agrishow, maior feira do agroneg\u00f3cio da Am\u00e9rica Latina. Ao todo, ser\u00e3o cinco dias de exposi\u00e7\u00f5es na cidade de Ribeir\u00e3o Preto, no interior de S\u00e3o Paulo).H\u00e1 grande expectativa para a realiza\u00e7\u00e3o do evento, que teve suas edi\u00e7\u00f5es de 2020 e 2021 suspensas por conta da pandemia\u2026","rel":"","context":"In &quot;Not\u00edcias de Ribeir\u00e3o Preto-SP e Regi\u00e3o&quot;","block_context":{"text":"Not\u00edcias de Ribeir\u00e3o Preto-SP e Regi\u00e3o","link":"https:\/\/ismaelcolosi.com.br\/index.php\/category\/noticias-de-ribeirao-preto-sp-e-regiao-ismael-colosi\/"},"img":{"alt_text":"","src":"https:\/\/i0.wp.com\/ismaelcolosi.com.br\/wp-content\/uploads\/2023\/11\/ED_360_240422_IL_AGRISHOW_frame_496.jpeg?fit=1200%2C675&ssl=1&resize=350%2C200","width":350,"height":200,"srcset":"https:\/\/i0.wp.com\/ismaelcolosi.com.br\/wp-content\/uploads\/2023\/11\/ED_360_240422_IL_AGRISHOW_frame_496.jpeg?fit=1200%2C675&ssl=1&resize=350%2C200 1x, https:\/\/i0.wp.com\/ismaelcolosi.com.br\/wp-content\/uploads\/2023\/11\/ED_360_240422_IL_AGRISHOW_frame_496.jpeg?fit=1200%2C675&ssl=1&resize=525%2C300 1.5x, https:\/\/i0.wp.com\/ismaelcolosi.com.br\/wp-content\/uploads\/2023\/11\/ED_360_240422_IL_AGRISHOW_frame_496.jpeg?fit=1200%2C675&ssl=1&resize=700%2C400 2x, https:\/\/i0.wp.com\/ismaelcolosi.com.br\/wp-content\/uploads\/2023\/11\/ED_360_240422_IL_AGRISHOW_frame_496.jpeg?fit=1200%2C675&ssl=1&resize=1050%2C600 3x"},"classes":[]}],"jetpack_sharing_enabled":true,"jetpack_shortlink":"https:\/\/wp.me\/pfMlyK-eIv","_links":{"self":[{"href":"https:\/\/ismaelcolosi.com.br\/index.php\/wp-json\/wp\/v2\/posts\/56575","targetHints":{"allow":["GET"]}}],"collection":[{"href":"https:\/\/ismaelcolosi.com.br\/index.php\/wp-json\/wp\/v2\/posts"}],"about":[{"href":"https:\/\/ismaelcolosi.com.br\/index.php\/wp-json\/wp\/v2\/types\/post"}],"author":[{"embeddable":true,"href":"https:\/\/ismaelcolosi.com.br\/index.php\/wp-json\/wp\/v2\/users\/1"}],"replies":[{"embeddable":true,"href":"https:\/\/ismaelcolosi.com.br\/index.php\/wp-json\/wp\/v2\/comments?post=56575"}],"version-history":[{"count":0,"href":"https:\/\/ismaelcolosi.com.br\/index.php\/wp-json\/wp\/v2\/posts\/56575\/revisions"}],"wp:featuredmedia":[{"embeddable":true,"href":"https:\/\/ismaelcolosi.com.br\/index.php\/wp-json\/wp\/v2\/media\/56576"}],"wp:attachment":[{"href":"https:\/\/ismaelcolosi.com.br\/index.php\/wp-json\/wp\/v2\/media?parent=56575"}],"wp:term":[{"taxonomy":"category","embeddable":true,"href":"https:\/\/ismaelcolosi.com.br\/index.php\/wp-json\/wp\/v2\/categories?post=56575"},{"taxonomy":"post_tag","embeddable":true,"href":"https:\/\/ismaelcolosi.com.br\/index.php\/wp-json\/wp\/v2\/tags?post=56575"}],"curies":[{"name":"wp","href":"https:\/\/api.w.org\/{rel}","templated":true}]}}