{"id":56570,"date":"2024-07-12T16:11:43","date_gmt":"2024-07-12T19:11:43","guid":{"rendered":"https:\/\/ismaelcolosi.com.br\/index.php\/2024\/07\/12\/1-vaga-para-motorista-entregador-em-ribeirao-preto-spha-6-horas\/"},"modified":"2024-07-12T16:11:43","modified_gmt":"2024-07-12T19:11:43","slug":"1-vaga-para-motorista-entregador-em-ribeirao-preto-spha-6-horas","status":"publish","type":"post","link":"https:\/\/ismaelcolosi.com.br\/index.php\/2024\/07\/12\/1-vaga-para-motorista-entregador-em-ribeirao-preto-spha-6-horas\/","title":{"rendered":"1 vaga para Motorista Entregador em Ribeir\u00e3o Preto &#8211; SPh\u00e1 6 horas"},"content":{"rendered":"<div class=\"box\"><span class=\"marker\"><\/span><a href=\"https:\/\/eventosrh.selecty.com.br\/vaga\/2080\/vaga-para-operador-de-arrecadacao\"><span>Vaga para <strong>Operador de Arrecada\u00e7\u00e3o<\/strong><\/span><\/a><\/div>\n<div class=\"box\"><span class=\"marker\"><\/span><a href=\"https:\/\/eventosrh.selecty.com.br\/vaga\/2081\/vaga-para-inspetor-de-transito\"><span>Vaga para <strong>Inspetor de Tr\u00e2nsito<\/strong><\/span><\/a><\/div>\n<div class=\"box\"><span class=\"marker\"><\/span><a href=\"https:\/\/eventosrh.selecty.com.br\/vaga\/2083\/vaga-para-motorista-entregador-em-ribeirao-preto-sp\"><span>1 vaga para <strong>Motorista Entregador<\/strong> em Ribeir\u00e3o Preto &#8211; SP<\/span><small title=\"12\/07\/2024 09:25:03\">h\u00e1 6 horas<\/small><\/a><\/div>\n<div class=\"box pcd2\"><span class=\"marker\"><\/span><a href=\"https:\/\/eventosrh.selecty.com.br\/vaga\/2082\/vaga-para-auxiliar-de-producao-pcd-em-ribeirao-preto-sp\"><span>Vaga para <strong>Auxiliar de Produ\u00e7\u00e3o &#8211; PCD<\/strong> em Ribeir\u00e3o Preto &#8211; SP<\/span><\/a><\/div>\n<div class=\"box\"><span class=\"marker\"><\/span><a href=\"https:\/\/eventosrh.selecty.com.br\/vaga\/2079\/vaga-para-vendedor-externo-em-ribeirao-preto-sp\"><span>1 vaga para <strong>Vendedor Externo<\/strong> em Ribeir\u00e3o Preto &#8211; SP<\/span><small title=\"08\/07\/2024 17:01:57\">h\u00e1 3 dias<\/small><\/a><\/div>\n<div class=\"box\"><span class=\"marker\"><\/span><a href=\"https:\/\/eventosrh.selecty.com.br\/vaga\/2078\/vaga-para-auxiliar-de-producao-em-ribeirao-preto-sp\"><span>Vaga para <strong>Auxiliar de Produ\u00e7\u00e3o<\/strong> em Ribeir\u00e3o Preto &#8211; SP<\/span><\/a><\/div>\n<div class=\"box\"><span class=\"marker\"><\/span><a href=\"https:\/\/eventosrh.selecty.com.br\/vaga\/2016\/vaga-para-estagio-mecanica-ou-mecatronica-em-ribeirao-preto\"><span>Vaga para <strong>Est\u00e1gio Mec\u00e2nica ou Mecatr\u00f4nica<\/strong> em Ribeir\u00e3o Preto<\/span><\/a><\/div>\n<div class='code-block code-block-4' style='margin: 8px auto 8px 0; text-align: left; display: block; clear: both;'>\n\ud83d\udce2 Aviso Legal\n\nO site ismaelcolosi.com.br atua apenas como um canal de divulga\u00e7\u00e3o de oportunidades de emprego e n\u00e3o se responsabiliza pelo processo seletivo, contrata\u00e7\u00e3o ou qualquer outra etapa relacionada \u00e0s vagas publicadas. Todas as informa\u00e7\u00f5es s\u00e3o de responsabilidade dos anunciantes.\n\n\u26a0\ufe0f Aten\u00e7\u00e3o! Nunca pague por promessas de emprego nem compre cursos que garantam contrata\u00e7\u00e3o. Desconfie de qualquer cobran\u00e7a para participar de sele\u00e7\u00f5es.\n\n\n\n<\/div>\n<!-- CONTENT END 1 -->\n","protected":false},"excerpt":{"rendered":"<p>Vaga para Operador de Arrecada\u00e7\u00e3o Vaga para Inspetor de Tr\u00e2nsito 1 vaga para Motorista Entregador em Ribeir\u00e3o Preto &#8211; SPh\u00e1 6 horas Vaga para Auxiliar&#8230;<\/p>\n","protected":false},"author":1,"featured_media":0,"comment_status":"open","ping_status":"open","sticky":false,"template":"","format":"standard","meta":{"_uag_custom_page_level_css":"","advanced_seo_description":"","jetpack_seo_html_title":"","jetpack_seo_noindex":false,"jetpack_post_was_ever_published":false,"_jetpack_newsletter_access":"","_jetpack_dont_email_post_to_subs":false,"_jetpack_newsletter_tier_id":0,"_jetpack_memberships_contains_paywalled_content":false,"_jetpack_memberships_contains_paid_content":false,"footnotes":"","jetpack_publicize_message":"","jetpack_publicize_feature_enabled":true,"jetpack_social_post_already_shared":true,"jetpack_social_options":{"image_generator_settings":{"template":"highway","default_image_id":0,"font":"","enabled":false},"version":2}},"categories":[7],"tags":[],"class_list":["post-56570","post","type-post","status-publish","format-standard","hentry","category-vagas-de-empregos-em-ribeirao-preto-regiao-brasil"],"jetpack_publicize_connections":[],"jetpack_featured_media_url":"","uagb_featured_image_src":{"full":false,"thumbnail":false,"medium":false,"medium_large":false,"large":false,"1536x1536":false,"2048x2048":false,"really-simple-thumb":false},"uagb_author_info":{"display_name":"ismaelcolosi.com.br","author_link":"https:\/\/ismaelcolosi.com.br\/index.php\/author\/vidareal-online\/"},"uagb_comment_info":0,"uagb_excerpt":"Vaga para Operador de Arrecada\u00e7\u00e3o Vaga para Inspetor de Tr\u00e2nsito 1 vaga para Motorista Entregador em Ribeir\u00e3o Preto &#8211; SPh\u00e1 6 horas Vaga para Auxiliar...","jetpack-related-posts":[{"id":20870,"url":"https:\/\/ismaelcolosi.com.br\/index.php\/2023\/12\/26\/vaga-para-analista-operacional-de-riscos-em-ribeirao-preto-spha-4-dias\/","url_meta":{"origin":56570,"position":0},"title":"Vaga para Analista Operacional de Riscos em Ribeir\u00e3o Preto &#8211; SPh\u00e1 4 dias","author":"ismaelcolosi.com.br","date":"26 de December de 2023","format":false,"excerpt":"1 vaga para Vendedora Externa em Sert\u00e3ozinhoh\u00e1 7 horas Vaga para Assistente de Vendas J\u00fanior em Ribeir\u00e3o Pretoh\u00e1 4 dias Vaga para Analista Operacional de Riscos em Ribeir\u00e3o Preto - SPh\u00e1 4 dias Vaga para Assistente Financeiro PCD em Ribeir\u00e3o Preto Vaga para Recepcionista em Ribeir\u00e3o Preto Vaga para Motorista\u2026","rel":"","context":"In &quot;Vagas de Emprego em Ribeir\u00e3o Preto-SP&quot;","block_context":{"text":"Vagas de Emprego em Ribeir\u00e3o Preto-SP","link":"https:\/\/ismaelcolosi.com.br\/index.php\/category\/empregos-classificados-vagas-trabalho\/vagas-de-empregos-em-ribeirao-preto-regiao-brasil\/"},"img":{"alt_text":"","src":"","width":0,"height":0},"classes":[]},{"id":56590,"url":"https:\/\/ismaelcolosi.com.br\/index.php\/2024\/07\/12\/2-vagas-para-operador-de-producao-pure-vaga-reservada-para-pessoa-com-deficiencia-em-matao-spha-18-minutos\/","url_meta":{"origin":56570,"position":1},"title":"2 vagas para Operador de Produ\u00e7\u00e3o Pur\u00ea &#8211; Vaga reservada para Pessoa com Defici\u00eancia em Mat\u00e3o &#8211; SPh\u00e1 18 minutos","author":"ismaelcolosi.com.br","date":"12 de July de 2024","format":false,"excerpt":"1 vaga para Operador de Produ\u00e7\u00e3o \u00d3leo - Vaga reservada para Pessoa com Defici\u00eancia em Mat\u00e3o - SPh\u00e1 6 minutos 2 vagas para Operador de Produ\u00e7\u00e3o Pur\u00ea - Vaga reservada para Pessoa com Defici\u00eancia em Mat\u00e3o - SPh\u00e1 18 minutos Vaga para Operador de Arrecada\u00e7\u00e3o Vaga para Inspetor de Tr\u00e2nsito\u2026","rel":"","context":"In &quot;Vagas de Emprego em Ribeir\u00e3o Preto-SP&quot;","block_context":{"text":"Vagas de Emprego em Ribeir\u00e3o Preto-SP","link":"https:\/\/ismaelcolosi.com.br\/index.php\/category\/empregos-classificados-vagas-trabalho\/vagas-de-empregos-em-ribeirao-preto-regiao-brasil\/"},"img":{"alt_text":"","src":"","width":0,"height":0},"classes":[]},{"id":38846,"url":"https:\/\/ismaelcolosi.com.br\/index.php\/2024\/02\/21\/vaga-para-motorista-de-caminhao-truck-em-ribeirao-preto-spha-5-horas\/","url_meta":{"origin":56570,"position":2},"title":"Vaga para Motorista de Caminh\u00e3o Truck em Ribeir\u00e3o Preto &#8211; SPh\u00e1 5 horas","author":"ismaelcolosi.com.br","date":"21 de February de 2024","format":false,"excerpt":"Vaga para Motorista de Caminh\u00e3o Truck em Ribeir\u00e3o Preto - SPh\u00e1 5 horas Vaga para Operador de Empilhadeira (tempor\u00e1rio) em Sumar\u00e9 - SP Vaga para Auxiliar de Produ\u00e7\u00e3o (tempor\u00e1rio) em Sumar\u00e9 - SPh\u00e1 10 horas Vaga para Analista Administrativo - Compras em Sumar\u00e9 - SPh\u00e1 10 horas 1 vaga para\u2026","rel":"","context":"In &quot;Vagas de Emprego em Ribeir\u00e3o Preto-SP&quot;","block_context":{"text":"Vagas de Emprego em Ribeir\u00e3o Preto-SP","link":"https:\/\/ismaelcolosi.com.br\/index.php\/category\/empregos-classificados-vagas-trabalho\/vagas-de-empregos-em-ribeirao-preto-regiao-brasil\/"},"img":{"alt_text":"","src":"https:\/\/i0.wp.com\/ismaelcolosi.com.br\/wp-content\/uploads\/2024\/02\/8228989.jpg?fit=1200%2C675&ssl=1&resize=350%2C200","width":350,"height":200,"srcset":"https:\/\/i0.wp.com\/ismaelcolosi.com.br\/wp-content\/uploads\/2024\/02\/8228989.jpg?fit=1200%2C675&ssl=1&resize=350%2C200 1x, https:\/\/i0.wp.com\/ismaelcolosi.com.br\/wp-content\/uploads\/2024\/02\/8228989.jpg?fit=1200%2C675&ssl=1&resize=525%2C300 1.5x, https:\/\/i0.wp.com\/ismaelcolosi.com.br\/wp-content\/uploads\/2024\/02\/8228989.jpg?fit=1200%2C675&ssl=1&resize=700%2C400 2x, https:\/\/i0.wp.com\/ismaelcolosi.com.br\/wp-content\/uploads\/2024\/02\/8228989.jpg?fit=1200%2C675&ssl=1&resize=1050%2C600 3x"},"classes":[]},{"id":53233,"url":"https:\/\/ismaelcolosi.com.br\/index.php\/2024\/06\/14\/vaga-para-vendedor-interno-em-ribeirao-preto-spha-1-dia\/","url_meta":{"origin":56570,"position":3},"title":"Vaga para Vendedor Interno em Ribeir\u00e3o Preto &#8211; SPh\u00e1 1 dia","author":"ismaelcolosi.com.br","date":"14 de June de 2024","format":false,"excerpt":"1 vaga para Motorista Entregador em Ribeir\u00e3o Preto - SPh\u00e1 36 minutos Vaga para Auxiliar Operacional de Log\u00edstica ( Estoque) em Ribeir\u00e3o Preto Vaga para Vendedor Interno em Ribeir\u00e3o Preto - SPh\u00e1 1 dia 5 vagas para Vendedor Interno em Ribeir\u00e3o Preto - SPh\u00e1 1 dia Vaga para Estagi\u00e1rio Financeiro\/Fiscal\u2026","rel":"","context":"In &quot;Vagas de Emprego em Ribeir\u00e3o Preto-SP&quot;","block_context":{"text":"Vagas de Emprego em Ribeir\u00e3o Preto-SP","link":"https:\/\/ismaelcolosi.com.br\/index.php\/category\/empregos-classificados-vagas-trabalho\/vagas-de-empregos-em-ribeirao-preto-regiao-brasil\/"},"img":{"alt_text":"","src":"","width":0,"height":0},"classes":[]},{"id":19922,"url":"https:\/\/ismaelcolosi.com.br\/index.php\/2023\/12\/23\/vaga-para-analista-operacional-de-riscos-em-ribeirao-preto-spha-1-dia\/","url_meta":{"origin":56570,"position":4},"title":"Vaga para Analista Operacional de Riscos em Ribeir\u00e3o Preto &#8211; SPh\u00e1 1 dia","author":"ismaelcolosi.com.br","date":"23 de December de 2023","format":false,"excerpt":"Vaga para Assistente de Vendas J\u00fanior em Ribeir\u00e3o Pretoh\u00e1 1 dia 1 vaga para Vendedora Externa em Sert\u00e3ozinho - SPh\u00e1 1 dia Vaga para Analista Operacional de Riscos em Ribeir\u00e3o Preto - SPh\u00e1 1 dia Vaga para Assistente Financeiro PCD em Ribeir\u00e3o Preto Vaga para Recepcionista em Ribeir\u00e3o Preto Vaga\u2026","rel":"","context":"In &quot;Vagas de Emprego em Ribeir\u00e3o Preto-SP&quot;","block_context":{"text":"Vagas de Emprego em Ribeir\u00e3o Preto-SP","link":"https:\/\/ismaelcolosi.com.br\/index.php\/category\/empregos-classificados-vagas-trabalho\/vagas-de-empregos-em-ribeirao-preto-regiao-brasil\/"},"img":{"alt_text":"","src":"","width":0,"height":0},"classes":[]},{"id":19923,"url":"https:\/\/ismaelcolosi.com.br\/index.php\/2023\/12\/23\/1-vaga-para-vendedora-externa-em-sertaozinho-spha-1-dia\/","url_meta":{"origin":56570,"position":5},"title":"1 vaga para Vendedora Externa em Sert\u00e3ozinho &#8211; SPh\u00e1 1 dia","author":"ismaelcolosi.com.br","date":"23 de December de 2023","format":false,"excerpt":"Vaga para Assistente de Vendas J\u00fanior em Ribeir\u00e3o Pretoh\u00e1 1 dia 1 vaga para Vendedora Externa em Sert\u00e3ozinho - SPh\u00e1 1 dia Vaga para Analista Operacional de Riscos em Ribeir\u00e3o Preto - SPh\u00e1 1 dia Vaga para Assistente Financeiro PCD em Ribeir\u00e3o Preto Vaga para Recepcionista em Ribeir\u00e3o Preto Vaga\u2026","rel":"","context":"In &quot;Vagas de Emprego em Ribeir\u00e3o Preto-SP&quot;","block_context":{"text":"Vagas de Emprego em Ribeir\u00e3o Preto-SP","link":"https:\/\/ismaelcolosi.com.br\/index.php\/category\/empregos-classificados-vagas-trabalho\/vagas-de-empregos-em-ribeirao-preto-regiao-brasil\/"},"img":{"alt_text":"","src":"","width":0,"height":0},"classes":[]}],"jetpack_sharing_enabled":true,"jetpack_shortlink":"https:\/\/wp.me\/pfMlyK-eIq","_links":{"self":[{"href":"https:\/\/ismaelcolosi.com.br\/index.php\/wp-json\/wp\/v2\/posts\/56570","targetHints":{"allow":["GET"]}}],"collection":[{"href":"https:\/\/ismaelcolosi.com.br\/index.php\/wp-json\/wp\/v2\/posts"}],"about":[{"href":"https:\/\/ismaelcolosi.com.br\/index.php\/wp-json\/wp\/v2\/types\/post"}],"author":[{"embeddable":true,"href":"https:\/\/ismaelcolosi.com.br\/index.php\/wp-json\/wp\/v2\/users\/1"}],"replies":[{"embeddable":true,"href":"https:\/\/ismaelcolosi.com.br\/index.php\/wp-json\/wp\/v2\/comments?post=56570"}],"version-history":[{"count":0,"href":"https:\/\/ismaelcolosi.com.br\/index.php\/wp-json\/wp\/v2\/posts\/56570\/revisions"}],"wp:attachment":[{"href":"https:\/\/ismaelcolosi.com.br\/index.php\/wp-json\/wp\/v2\/media?parent=56570"}],"wp:term":[{"taxonomy":"category","embeddable":true,"href":"https:\/\/ismaelcolosi.com.br\/index.php\/wp-json\/wp\/v2\/categories?post=56570"},{"taxonomy":"post_tag","embeddable":true,"href":"https:\/\/ismaelcolosi.com.br\/index.php\/wp-json\/wp\/v2\/tags?post=56570"}],"curies":[{"name":"wp","href":"https:\/\/api.w.org\/{rel}","templated":true}]}}