{"id":56554,"date":"2024-07-12T14:17:20","date_gmt":"2024-07-12T17:17:20","guid":{"rendered":"https:\/\/ismaelcolosi.com.br\/index.php\/2024\/07\/12\/ribeirao-preto-recebe-festival-com-line-up-100-feminino-veja-atracoes\/"},"modified":"2024-07-12T14:17:20","modified_gmt":"2024-07-12T17:17:20","slug":"ribeirao-preto-recebe-festival-com-line-up-100-feminino-veja-atracoes","status":"publish","type":"post","link":"https:\/\/ismaelcolosi.com.br\/index.php\/2024\/07\/12\/ribeirao-preto-recebe-festival-com-line-up-100-feminino-veja-atracoes\/","title":{"rendered":"Ribeir\u00e3o Preto recebe festival com line-up 100% feminino; Veja atra\u00e7\u00f5es"},"content":{"rendered":"<p> <br \/>\n<\/p>\n<div>\n<p>No dia <strong>17 de agosto<\/strong>, <strong>Ribeir\u00e3o Preto<\/strong> recebe a primeira edi\u00e7\u00e3o do <strong>Ar\u00f4 Fest<\/strong>, um festival com<strong><em> line-up<\/em> 100% feminina<\/strong>. O evento ser\u00e1 realizado no <strong>Espa\u00e7o Santa Uzina<\/strong>, das <strong>15h \u00e0s 2h<\/strong>. Veja as atra\u00e7\u00f5es abaixo. <\/p>\n<p>O festival conta com dois palcos, sendo o <strong>Palco Principal<\/strong> e o palco \u201c<strong>Supernova<\/strong>\u201d, para apresenta\u00e7\u00e3o de <strong>DJs<\/strong>.<\/p>\n<blockquote class=\"wp-block-quote\">\n<p>\u201cNossa ideia \u00e9 fazer mesmo esse movimento de trazer artistas mulheres para o palco, mostrar que a vertente feminina da m\u00fasica brasileira tem sua for\u00e7a, \u00e9 independente e \u00e9 incr\u00edvel, com muitos talentos. N\u00e3o \u00e9 uma rixa com o universo masculino, \u00e9 s\u00f3 um espa\u00e7o a mais dedicado apenas a elas\u201d.<\/p>\n<p><cite>Drielly Bispo, produtora e idealizadora do Ar\u00f4 Fest<\/cite><\/p><\/blockquote>\n<h4 class=\"wp-block-heading\"><strong>Atra\u00e7\u00f5es<\/strong><\/h4>\n<p>O <strong>Palco Principal <\/strong>do <strong>Ar\u00f4 Fest<\/strong> ter\u00e1 a presen\u00e7a de <strong>Sambaiana<\/strong> feat <strong>Paula Lima<\/strong>, <strong>Helena Serena<\/strong>, <strong>Clara Lima<\/strong>, <strong>C\u00e9u<\/strong>, <strong>Cynthia Luz <\/strong>e <strong>Catto<\/strong>.<\/p>\n<p>J\u00e1 o <strong>Palco Supernova<\/strong> conta com apresenta\u00e7\u00f5es de <strong>DJ Lys Ventura<\/strong>, <strong>DJ Gab Hebling<\/strong> (ex-BBB), <strong>DJ Tati Laser<\/strong>, <strong>DJ Lia Macedo<\/strong>, <strong>DJ Anaz\u00fa <\/strong>e <strong>DJ Shonda<\/strong>.<\/p>\n<h4 class=\"wp-block-heading\"><strong>Ingressos<\/strong><\/h4>\n<p>Os ingressos para o festival j\u00e1 est\u00e3o dispon\u00edveis e podem ser adquiridos <strong>on-line<\/strong> (<a href=\"https:\/\/www.sympla.com.br\/evento\/aro-festival\/2493951?fbclid=PAZXh0bgNhZW0CMTEAAaZL5zPeMH9hpD4aoesXaNN_f4vSiqNpenoPb58PabnCY6ghKVxLi49Pj2c_aem_AQtruDPVugO6F59r4TO-U7XiVNjGIlu2sjfBfZ0HFEaoPSpXJ3DGoCBtfXFsBVUE_wCPUcsYh_pLipywzE5fXDua&amp;referrer=l.instagram.com\" target=\"_blank\" rel=\"noreferrer noopener\">clique aqui<\/a>). Confira os valores:<\/p>\n<ul>\n<li>R$ 85 (meia-entrada)<\/li>\n<li>R$ 130 (solid\u00e1rio)<\/li>\n<li>R$170 (inteira)<\/li>\n<\/ul>\n<p>Todos podem adquirir o ingresso solid\u00e1rio, mediante a doa\u00e7\u00e3o de <strong>1 quilo de alimento n\u00e3o perec\u00edvel<\/strong>, que ser\u00e1 arrecadado na entrada do evento e, posteriormente, doado a institui\u00e7\u00f5es parceiras.<\/p>\n<h4 class=\"wp-block-heading\"><strong>Servi\u00e7o<\/strong><\/h4>\n<p><strong>Ar\u00f4 Fest<\/strong><\/p>\n<p>Quando: 17 de agosto, s\u00e1bado <br \/>Hor\u00e1rio: Das 15h \u00e0s 2h <br \/>Local: Espa\u00e7o Santa Uzina <br \/>Ingressos: Podem ser adquiridos on-line (<a href=\"https:\/\/www.sympla.com.br\/evento\/aro-festival\/2493951?fbclid=PAZXh0bgNhZW0CMTEAAaZL5zPeMH9hpD4aoesXaNN_f4vSiqNpenoPb58PabnCY6ghKVxLi49Pj2c_aem_AQtruDPVugO6F59r4TO-U7XiVNjGIlu2sjfBfZ0HFEaoPSpXJ3DGoCBtfXFsBVUE_wCPUcsYh_pLipywzE5fXDua&amp;referrer=l.instagram.com,\" target=\"_blank\" rel=\"noreferrer noopener\">clique aqui<\/a>) a partir de R$ 85 <\/p>\n<p>SAIBA MAIS<br \/>Quem \u00e9 Amber Rose? Ex-OnlyFans ser\u00e1 oradora em conven\u00e7\u00e3o de Trump<\/p>\n<h4 class=\"wp-block-heading\"><strong>FIQUE ON<\/strong><\/h4>\n<p>Fique ligado em tudo que acontece em Ribeir\u00e3o Preto e regi\u00e3o. Siga os perfis do <strong>acidade on <\/strong>no <a href=\"https:\/\/www.instagram.com\/acidadeonribeirao\" target=\"_blank\" rel=\"noreferrer noopener\">Instagram<\/a> e no <a href=\"https:\/\/www.facebook.com\/acidadeonribeirao\" target=\"_blank\" rel=\"noreferrer noopener\">Facebook<\/a>.<\/p>\n<p>Receba not\u00edcias do <strong>acidade on<\/strong> no WhatsApp. Para entrar no grupo, basta <a href=\"https:\/\/chat.whatsapp.com\/CdrZ6xrf7quD44Vw3WlPuZ\" target=\"_blank\" rel=\"noreferrer noopener\">clicar aqui<\/a>.<\/p>\n<p>Fa\u00e7a uma den\u00fancia ou sugira uma reportagem sobre Ribeir\u00e3o Preto e regi\u00e3o pelo WhatsApp: 16 99117 7802.<\/p>\n<p>VEJA TAMB\u00c9M<br \/>Gasolina e etanol est\u00e3o R$ 0,20 mais caros nos postos de Araraquara<\/p>\n<p><!-- AI CONTENT END 1 -->\n<\/div>\n<p><script async src=\"\/\/www.instagram.com\/embed.js\"><\/script><br \/>\n<br \/><br \/>\n<br \/><a href=\"https:\/\/www.acidadeon.com\/ribeiraopreto\/lazer-e-cultura\/ribeirao-preto-recebe-festival-com-line-up-100-feminino-veja-atracoes\/\">Source link <\/a><\/p>\n<div class='code-block code-block-4' style='margin: 8px auto 8px 0; text-align: left; display: block; clear: both;'>\n\ud83d\udce2 Aviso Legal\n\nO site ismaelcolosi.com.br atua apenas como um canal de divulga\u00e7\u00e3o de oportunidades de emprego e n\u00e3o se responsabiliza pelo processo seletivo, contrata\u00e7\u00e3o ou qualquer outra etapa relacionada \u00e0s vagas publicadas. Todas as informa\u00e7\u00f5es s\u00e3o de responsabilidade dos anunciantes.\n\n\u26a0\ufe0f Aten\u00e7\u00e3o! Nunca pague por promessas de emprego nem compre cursos que garantam contrata\u00e7\u00e3o. Desconfie de qualquer cobran\u00e7a para participar de sele\u00e7\u00f5es.\n\n\n\n<\/div>\n<!-- CONTENT END 1 -->\n","protected":false},"excerpt":{"rendered":"<p>No dia 17 de agosto, Ribeir\u00e3o Preto recebe a primeira edi\u00e7\u00e3o do Ar\u00f4 Fest, um festival com line-up 100% feminina. O evento ser\u00e1 realizado no&#8230;<\/p>\n","protected":false},"author":1,"featured_media":56555,"comment_status":"open","ping_status":"open","sticky":false,"template":"","format":"standard","meta":{"_uag_custom_page_level_css":"","advanced_seo_description":"","jetpack_seo_html_title":"","jetpack_seo_noindex":false,"jetpack_post_was_ever_published":false,"_jetpack_newsletter_access":"","_jetpack_dont_email_post_to_subs":false,"_jetpack_newsletter_tier_id":0,"_jetpack_memberships_contains_paywalled_content":false,"_jetpack_memberships_contains_paid_content":false,"footnotes":"","jetpack_publicize_message":"","jetpack_publicize_feature_enabled":true,"jetpack_social_post_already_shared":true,"jetpack_social_options":{"image_generator_settings":{"template":"highway","default_image_id":0,"font":"","enabled":false},"version":2}},"categories":[11],"tags":[],"class_list":["post-56554","post","type-post","status-publish","format-standard","has-post-thumbnail","hentry","category-noticias-de-ribeirao-preto-sp-e-regiao-ismael-colosi"],"jetpack_publicize_connections":[],"jetpack_featured_media_url":"https:\/\/i0.wp.com\/ismaelcolosi.com.br\/wp-content\/uploads\/2024\/07\/Sambaiana-estudio_2024-07-12_16-21-08_jpg_2024-07-12_16-21-09-scaled.webp.webp?fit=2560%2C1706&ssl=1","uagb_featured_image_src":{"full":["https:\/\/i0.wp.com\/ismaelcolosi.com.br\/wp-content\/uploads\/2024\/07\/Sambaiana-estudio_2024-07-12_16-21-08_jpg_2024-07-12_16-21-09-scaled.webp.webp?fit=2560%2C1706&ssl=1",2560,1706,false],"thumbnail":["https:\/\/i0.wp.com\/ismaelcolosi.com.br\/wp-content\/uploads\/2024\/07\/Sambaiana-estudio_2024-07-12_16-21-08_jpg_2024-07-12_16-21-09-scaled.webp.webp?resize=150%2C150&ssl=1",150,150,true],"medium":["https:\/\/i0.wp.com\/ismaelcolosi.com.br\/wp-content\/uploads\/2024\/07\/Sambaiana-estudio_2024-07-12_16-21-08_jpg_2024-07-12_16-21-09-scaled.webp.webp?fit=300%2C200&ssl=1",300,200,true],"medium_large":["https:\/\/i0.wp.com\/ismaelcolosi.com.br\/wp-content\/uploads\/2024\/07\/Sambaiana-estudio_2024-07-12_16-21-08_jpg_2024-07-12_16-21-09-scaled.webp.webp?fit=768%2C512&ssl=1",768,512,true],"large":["https:\/\/i0.wp.com\/ismaelcolosi.com.br\/wp-content\/uploads\/2024\/07\/Sambaiana-estudio_2024-07-12_16-21-08_jpg_2024-07-12_16-21-09-scaled.webp.webp?fit=1024%2C682&ssl=1",1024,682,true],"1536x1536":["https:\/\/i0.wp.com\/ismaelcolosi.com.br\/wp-content\/uploads\/2024\/07\/Sambaiana-estudio_2024-07-12_16-21-08_jpg_2024-07-12_16-21-09-scaled.webp.webp?fit=1536%2C1024&ssl=1",1536,1024,true],"2048x2048":["https:\/\/i0.wp.com\/ismaelcolosi.com.br\/wp-content\/uploads\/2024\/07\/Sambaiana-estudio_2024-07-12_16-21-08_jpg_2024-07-12_16-21-09-scaled.webp.webp?fit=2048%2C1365&ssl=1",2048,1365,true],"really-simple-thumb":["https:\/\/i0.wp.com\/ismaelcolosi.com.br\/wp-content\/uploads\/2024\/07\/Sambaiana-estudio_2024-07-12_16-21-08_jpg_2024-07-12_16-21-09-scaled.webp.webp?resize=370%2C247&ssl=1",370,247,true]},"uagb_author_info":{"display_name":"ismaelcolosi.com.br","author_link":"https:\/\/ismaelcolosi.com.br\/index.php\/author\/vidareal-online\/"},"uagb_comment_info":0,"uagb_excerpt":"No dia 17 de agosto, Ribeir\u00e3o Preto recebe a primeira edi\u00e7\u00e3o do Ar\u00f4 Fest, um festival com line-up 100% feminina. O evento ser\u00e1 realizado no...","jetpack-related-posts":[{"id":60491,"url":"https:\/\/ismaelcolosi.com.br\/index.php\/2024\/08\/16\/festa-do-peao-teatro-e-zeca-pagodinho-veja-as-opcoes-para-o-fim-de-semana-em-ribeirao-e-regiao\/","url_meta":{"origin":56554,"position":0},"title":"Festa do Pe\u00e3o, teatro e Zeca Pagodinho: Veja as op\u00e7\u00f5es para o fim de semana em Ribeir\u00e3o e regi\u00e3o","author":"ismaelcolosi.com.br","date":"16 de August de 2024","format":false,"excerpt":"A programa\u00e7\u00e3o deste fim de semana em Ribeir\u00e3o Preto e regi\u00e3o conta com diversas atividades culturais com entrada paga e gratuita para quem n\u00e3o quer ficar parado. Entre as op\u00e7\u00f5es, est\u00e3o pe\u00e7as de teatro com Samuel de Assis, Festa do Pe\u00e3o de Barretos e show do Zeca Pagodinho. Confira: E\u2026","rel":"","context":"In &quot;Not\u00edcias de Ribeir\u00e3o Preto-SP e Regi\u00e3o&quot;","block_context":{"text":"Not\u00edcias de Ribeir\u00e3o Preto-SP e Regi\u00e3o","link":"https:\/\/ismaelcolosi.com.br\/index.php\/category\/noticias-de-ribeirao-preto-sp-e-regiao-ismael-colosi\/"},"img":{"alt_text":"","src":"https:\/\/i0.wp.com\/ismaelcolosi.com.br\/wp-content\/uploads\/2024\/08\/Copia-de-Copia-de-Copia-de-TAMANHO-EXATO-PARA-FOTOS-NO-SISTEMA-NOVO-3_2024-08-16_11-59-49_jpg_2024-08-16_11-59-49.webp.webp?fit=1200%2C675&ssl=1&resize=350%2C200","width":350,"height":200,"srcset":"https:\/\/i0.wp.com\/ismaelcolosi.com.br\/wp-content\/uploads\/2024\/08\/Copia-de-Copia-de-Copia-de-TAMANHO-EXATO-PARA-FOTOS-NO-SISTEMA-NOVO-3_2024-08-16_11-59-49_jpg_2024-08-16_11-59-49.webp.webp?fit=1200%2C675&ssl=1&resize=350%2C200 1x, https:\/\/i0.wp.com\/ismaelcolosi.com.br\/wp-content\/uploads\/2024\/08\/Copia-de-Copia-de-Copia-de-TAMANHO-EXATO-PARA-FOTOS-NO-SISTEMA-NOVO-3_2024-08-16_11-59-49_jpg_2024-08-16_11-59-49.webp.webp?fit=1200%2C675&ssl=1&resize=525%2C300 1.5x, https:\/\/i0.wp.com\/ismaelcolosi.com.br\/wp-content\/uploads\/2024\/08\/Copia-de-Copia-de-Copia-de-TAMANHO-EXATO-PARA-FOTOS-NO-SISTEMA-NOVO-3_2024-08-16_11-59-49_jpg_2024-08-16_11-59-49.webp.webp?fit=1200%2C675&ssl=1&resize=700%2C400 2x, https:\/\/i0.wp.com\/ismaelcolosi.com.br\/wp-content\/uploads\/2024\/08\/Copia-de-Copia-de-Copia-de-TAMANHO-EXATO-PARA-FOTOS-NO-SISTEMA-NOVO-3_2024-08-16_11-59-49_jpg_2024-08-16_11-59-49.webp.webp?fit=1200%2C675&ssl=1&resize=1050%2C600 3x"},"classes":[]},{"id":1665,"url":"https:\/\/ismaelcolosi.com.br\/index.php\/2023\/11\/13\/ribeirao-preto-recebe-festival-de-hip-hop-com-batalha-de-rimas\/","url_meta":{"origin":56554,"position":1},"title":"Ribeir\u00e3o Preto recebe festival de hip hop com batalha de rimas","author":"ismaelcolosi.com.br","date":"13 de November de 2023","format":false,"excerpt":"Ribeir\u00e3o Preto recebe, no dia 18 de novembro, a primeira edi\u00e7\u00e3o do festival de hip hop \u2018Rib Hop\u2019, a partir das 16h, no Espa\u00e7o Santa Uzina. Os ingressos ainda podem ser comprados on-line. \u00a0 A programa\u00e7\u00e3o conta com batalhas de rimas entre MCs locais e da Batalha do Norte, um\u2026","rel":"","context":"In &quot;Not\u00edcias de Ribeir\u00e3o Preto-SP e Regi\u00e3o&quot;","block_context":{"text":"Not\u00edcias de Ribeir\u00e3o Preto-SP e Regi\u00e3o","link":"https:\/\/ismaelcolosi.com.br\/index.php\/category\/noticias-de-ribeirao-preto-sp-e-regiao-ismael-colosi\/"},"img":{"alt_text":"","src":"https:\/\/i0.wp.com\/ismaelcolosi.com.br\/wp-content\/uploads\/2023\/11\/Hip-Hop.jpg?fit=1200%2C616&ssl=1&resize=350%2C200","width":350,"height":200,"srcset":"https:\/\/i0.wp.com\/ismaelcolosi.com.br\/wp-content\/uploads\/2023\/11\/Hip-Hop.jpg?fit=1200%2C616&ssl=1&resize=350%2C200 1x, https:\/\/i0.wp.com\/ismaelcolosi.com.br\/wp-content\/uploads\/2023\/11\/Hip-Hop.jpg?fit=1200%2C616&ssl=1&resize=525%2C300 1.5x, https:\/\/i0.wp.com\/ismaelcolosi.com.br\/wp-content\/uploads\/2023\/11\/Hip-Hop.jpg?fit=1200%2C616&ssl=1&resize=700%2C400 2x, https:\/\/i0.wp.com\/ismaelcolosi.com.br\/wp-content\/uploads\/2023\/11\/Hip-Hop.jpg?fit=1200%2C616&ssl=1&resize=1050%2C600 3x"},"classes":[]},{"id":65525,"url":"https:\/\/ismaelcolosi.com.br\/index.php\/2024\/09\/12\/ribeirao-preto-recebe-festival-de-rock-no-fim-de-semana\/","url_meta":{"origin":56554,"position":2},"title":"Ribeir\u00e3o Preto recebe festival de rock no fim de semana","author":"ismaelcolosi.com.br","date":"12 de September de 2024","format":false,"excerpt":"A primeira edi\u00e7\u00e3o do Tribos Rock Fest, um festival de rock com dois dias, acontece neste fim de semana em Ribeir\u00e3o Preto. A line-up conta com 16 bandas. O evento come\u00e7a neste s\u00e1bado (14), \u00e0s 15h. J\u00e1 no domingo (15), os port\u00f5es abrem \u00e0s 13h e os shows iniciam \u00e0s\u2026","rel":"","context":"In &quot;Not\u00edcias de Ribeir\u00e3o Preto-SP e Regi\u00e3o&quot;","block_context":{"text":"Not\u00edcias de Ribeir\u00e3o Preto-SP e Regi\u00e3o","link":"https:\/\/ismaelcolosi.com.br\/index.php\/category\/noticias-de-ribeirao-preto-sp-e-regiao-ismael-colosi\/"},"img":{"alt_text":"","src":"https:\/\/i0.wp.com\/ismaelcolosi.com.br\/wp-content\/uploads\/2024\/09\/hostile-886029_1280_2024-09-12_13-24-43_jpg_2024-09-12_13-24-43.webp.webp?fit=1200%2C800&ssl=1&resize=350%2C200","width":350,"height":200,"srcset":"https:\/\/i0.wp.com\/ismaelcolosi.com.br\/wp-content\/uploads\/2024\/09\/hostile-886029_1280_2024-09-12_13-24-43_jpg_2024-09-12_13-24-43.webp.webp?fit=1200%2C800&ssl=1&resize=350%2C200 1x, https:\/\/i0.wp.com\/ismaelcolosi.com.br\/wp-content\/uploads\/2024\/09\/hostile-886029_1280_2024-09-12_13-24-43_jpg_2024-09-12_13-24-43.webp.webp?fit=1200%2C800&ssl=1&resize=525%2C300 1.5x, https:\/\/i0.wp.com\/ismaelcolosi.com.br\/wp-content\/uploads\/2024\/09\/hostile-886029_1280_2024-09-12_13-24-43_jpg_2024-09-12_13-24-43.webp.webp?fit=1200%2C800&ssl=1&resize=700%2C400 2x, https:\/\/i0.wp.com\/ismaelcolosi.com.br\/wp-content\/uploads\/2024\/09\/hostile-886029_1280_2024-09-12_13-24-43_jpg_2024-09-12_13-24-43.webp.webp?fit=1200%2C800&ssl=1&resize=1050%2C600 3x"},"classes":[]},{"id":38525,"url":"https:\/\/ismaelcolosi.com.br\/index.php\/2024\/02\/20\/teatro-de-arena-de-ribeirao-preto-recebe-1a-edicao-do-tutu-djs-fest\/","url_meta":{"origin":56554,"position":3},"title":"Teatro de Arena de Ribeir\u00e3o Preto recebe 1\u00aa edi\u00e7\u00e3o do Tutu DJs Fest","author":"ismaelcolosi.com.br","date":"20 de February de 2024","format":false,"excerpt":"O Dia Mundial do DJ \u00e9 comemorado em 09 de mar\u00e7o, data em que o Teatro de Arena de Ribeir\u00e3o Preto ser\u00e1 palco do Tutu DJs Fest, que reunir\u00e1 v\u00e1rios DJs atuantes em um espa\u00e7o hist\u00f3rico da cidade, com m\u00fasica das 15h \u00e0s 22h.Realizado pelo coletivo Tutu DJs e Pantera\u2026","rel":"","context":"In &quot;Not\u00edcias de Ribeir\u00e3o Preto-SP e Regi\u00e3o&quot;","block_context":{"text":"Not\u00edcias de Ribeir\u00e3o Preto-SP e Regi\u00e3o","link":"https:\/\/ismaelcolosi.com.br\/index.php\/category\/noticias-de-ribeirao-preto-sp-e-regiao-ismael-colosi\/"},"img":{"alt_text":"","src":"https:\/\/i0.wp.com\/ismaelcolosi.com.br\/wp-content\/uploads\/2024\/02\/Foto-DJ-Taui-scaled.jpg?fit=968%2C645&ssl=1&resize=350%2C200","width":350,"height":200,"srcset":"https:\/\/i0.wp.com\/ismaelcolosi.com.br\/wp-content\/uploads\/2024\/02\/Foto-DJ-Taui-scaled.jpg?fit=968%2C645&ssl=1&resize=350%2C200 1x, https:\/\/i0.wp.com\/ismaelcolosi.com.br\/wp-content\/uploads\/2024\/02\/Foto-DJ-Taui-scaled.jpg?fit=968%2C645&ssl=1&resize=525%2C300 1.5x, https:\/\/i0.wp.com\/ismaelcolosi.com.br\/wp-content\/uploads\/2024\/02\/Foto-DJ-Taui-scaled.jpg?fit=968%2C645&ssl=1&resize=700%2C400 2x"},"classes":[]},{"id":54108,"url":"https:\/\/ismaelcolosi.com.br\/index.php\/2024\/06\/21\/ribeirao-recebe-festival-de-cerveja-artesanal-com-shows-de-rock-entrada-e-gratuita\/","url_meta":{"origin":56554,"position":4},"title":"Ribeir\u00e3o recebe festival de cerveja artesanal com shows de rock; entrada \u00e9 gratuita","author":"ismaelcolosi.com.br","date":"21 de June de 2024","format":false,"excerpt":"O Palco Orgulho RP, no estacionamento do Teatro Municipal, no Morro do S\u00e3o Bento, recebe neste s\u00e1bado (22), a partir das 14h, o \u201cRibeir\u00e3o Beer Festival\u201d, um festival de cerveja artesanal com shows de rock ao vivo e com entrada gratuita. O evento celebra os 168 anos de Ribeir\u00e3o Preto.\u2026","rel":"","context":"In &quot;Not\u00edcias de Ribeir\u00e3o Preto-SP e Regi\u00e3o&quot;","block_context":{"text":"Not\u00edcias de Ribeir\u00e3o Preto-SP e Regi\u00e3o","link":"https:\/\/ismaelcolosi.com.br\/index.php\/category\/noticias-de-ribeirao-preto-sp-e-regiao-ismael-colosi\/"},"img":{"alt_text":"","src":"https:\/\/i0.wp.com\/ismaelcolosi.com.br\/wp-content\/uploads\/2024\/06\/pexels-elevate-1269043_2024-06-21_14-40-13_jpg_2024-06-21_14-40-16-scaled.webp.webp?fit=1200%2C801&ssl=1&resize=350%2C200","width":350,"height":200,"srcset":"https:\/\/i0.wp.com\/ismaelcolosi.com.br\/wp-content\/uploads\/2024\/06\/pexels-elevate-1269043_2024-06-21_14-40-13_jpg_2024-06-21_14-40-16-scaled.webp.webp?fit=1200%2C801&ssl=1&resize=350%2C200 1x, https:\/\/i0.wp.com\/ismaelcolosi.com.br\/wp-content\/uploads\/2024\/06\/pexels-elevate-1269043_2024-06-21_14-40-13_jpg_2024-06-21_14-40-16-scaled.webp.webp?fit=1200%2C801&ssl=1&resize=525%2C300 1.5x, https:\/\/i0.wp.com\/ismaelcolosi.com.br\/wp-content\/uploads\/2024\/06\/pexels-elevate-1269043_2024-06-21_14-40-13_jpg_2024-06-21_14-40-16-scaled.webp.webp?fit=1200%2C801&ssl=1&resize=700%2C400 2x, https:\/\/i0.wp.com\/ismaelcolosi.com.br\/wp-content\/uploads\/2024\/06\/pexels-elevate-1269043_2024-06-21_14-40-13_jpg_2024-06-21_14-40-16-scaled.webp.webp?fit=1200%2C801&ssl=1&resize=1050%2C600 3x"},"classes":[]},{"id":38539,"url":"https:\/\/ismaelcolosi.com.br\/index.php\/2024\/02\/20\/teatro-de-arena-de-ribeirao-recebe-festival-de-djs-veja-data-e-como-comprar-ingressos\/","url_meta":{"origin":56554,"position":5},"title":"Teatro de Arena de Ribeir\u00e3o recebe festival de DJs; Veja data e como comprar ingressos","author":"ismaelcolosi.com.br","date":"20 de February de 2024","format":false,"excerpt":"A 1\u00aa edi\u00e7\u00e3o do Tutu DJs Fest ser\u00e1 realizada no Teatro de Arena de Ribeir\u00e3o Preto, em mar\u00e7o. Em comemora\u00e7\u00e3o ao Dia Mundial do DJ, em 9 de mar\u00e7o, o festival ir\u00e1 reunir nesta data v\u00e1rios DJs atuantes, com m\u00fasica das 15h \u00e0s 22h. Os ingressos j\u00e1 est\u00e3o dispon\u00edveis por\u2026","rel":"","context":"In &quot;Not\u00edcias de Ribeir\u00e3o Preto-SP e Regi\u00e3o&quot;","block_context":{"text":"Not\u00edcias de Ribeir\u00e3o Preto-SP e Regi\u00e3o","link":"https:\/\/ismaelcolosi.com.br\/index.php\/category\/noticias-de-ribeirao-preto-sp-e-regiao-ismael-colosi\/"},"img":{"alt_text":"","src":"https:\/\/i0.wp.com\/ismaelcolosi.com.br\/wp-content\/uploads\/2024\/02\/Foto-DJ-Taui.jpg?fit=1200%2C800&ssl=1&resize=350%2C200","width":350,"height":200,"srcset":"https:\/\/i0.wp.com\/ismaelcolosi.com.br\/wp-content\/uploads\/2024\/02\/Foto-DJ-Taui.jpg?fit=1200%2C800&ssl=1&resize=350%2C200 1x, https:\/\/i0.wp.com\/ismaelcolosi.com.br\/wp-content\/uploads\/2024\/02\/Foto-DJ-Taui.jpg?fit=1200%2C800&ssl=1&resize=525%2C300 1.5x, https:\/\/i0.wp.com\/ismaelcolosi.com.br\/wp-content\/uploads\/2024\/02\/Foto-DJ-Taui.jpg?fit=1200%2C800&ssl=1&resize=700%2C400 2x, https:\/\/i0.wp.com\/ismaelcolosi.com.br\/wp-content\/uploads\/2024\/02\/Foto-DJ-Taui.jpg?fit=1200%2C800&ssl=1&resize=1050%2C600 3x"},"classes":[]}],"jetpack_sharing_enabled":true,"jetpack_shortlink":"https:\/\/wp.me\/pfMlyK-eIa","_links":{"self":[{"href":"https:\/\/ismaelcolosi.com.br\/index.php\/wp-json\/wp\/v2\/posts\/56554","targetHints":{"allow":["GET"]}}],"collection":[{"href":"https:\/\/ismaelcolosi.com.br\/index.php\/wp-json\/wp\/v2\/posts"}],"about":[{"href":"https:\/\/ismaelcolosi.com.br\/index.php\/wp-json\/wp\/v2\/types\/post"}],"author":[{"embeddable":true,"href":"https:\/\/ismaelcolosi.com.br\/index.php\/wp-json\/wp\/v2\/users\/1"}],"replies":[{"embeddable":true,"href":"https:\/\/ismaelcolosi.com.br\/index.php\/wp-json\/wp\/v2\/comments?post=56554"}],"version-history":[{"count":0,"href":"https:\/\/ismaelcolosi.com.br\/index.php\/wp-json\/wp\/v2\/posts\/56554\/revisions"}],"wp:featuredmedia":[{"embeddable":true,"href":"https:\/\/ismaelcolosi.com.br\/index.php\/wp-json\/wp\/v2\/media\/56555"}],"wp:attachment":[{"href":"https:\/\/ismaelcolosi.com.br\/index.php\/wp-json\/wp\/v2\/media?parent=56554"}],"wp:term":[{"taxonomy":"category","embeddable":true,"href":"https:\/\/ismaelcolosi.com.br\/index.php\/wp-json\/wp\/v2\/categories?post=56554"},{"taxonomy":"post_tag","embeddable":true,"href":"https:\/\/ismaelcolosi.com.br\/index.php\/wp-json\/wp\/v2\/tags?post=56554"}],"curies":[{"name":"wp","href":"https:\/\/api.w.org\/{rel}","templated":true}]}}