{"id":56550,"date":"2024-07-12T13:46:27","date_gmt":"2024-07-12T16:46:27","guid":{"rendered":"https:\/\/ismaelcolosi.com.br\/index.php\/2024\/07\/12\/domingo-e-dia-de-feira-de-artesanato-em-bairro-da-zona-oeste-de-ribeirao-preto\/"},"modified":"2024-07-12T13:46:27","modified_gmt":"2024-07-12T16:46:27","slug":"domingo-e-dia-de-feira-de-artesanato-em-bairro-da-zona-oeste-de-ribeirao-preto","status":"publish","type":"post","link":"https:\/\/ismaelcolosi.com.br\/index.php\/2024\/07\/12\/domingo-e-dia-de-feira-de-artesanato-em-bairro-da-zona-oeste-de-ribeirao-preto\/","title":{"rendered":"Domingo \u00e9 dia de \u2018Feira de Artesanato\u2019 em bairro da zona Oeste de Ribeir\u00e3o Preto"},"content":{"rendered":"<p> <br \/>\n<\/p>\n<div data-td-block-uid=\"tdi_106\">\n<div class=\"tdb-block-inner td-fix-index\">\n<p>A <strong>tradicional \u201cFeira de Artesanato\u201d na pra\u00e7a Jos\u00e9 Mortari<\/strong>, no bairro <strong>Vila Tib\u00e9rio<\/strong>, na zona Oeste de <strong>Ribeir\u00e3o Preto<\/strong>, acontece neste <strong>domingo <\/strong>(14). <strong>Aberta ao p\u00fablico<\/strong>, o evento reunir\u00e1 <strong>cerca de 80 expositores<\/strong> de <strong>diversos segmentos<\/strong>, a partir das <strong>9h<\/strong>.<\/p>\n<p>Durante a feira, os<strong> visitantes<\/strong> poder\u00e3o encontrar <strong>produtos <\/strong>de tric\u00f4, arte em madeira e vidro, esculturas, plantas, entre outras op\u00e7\u00f5es de trabalhos artesanais. Al\u00e9m disso, o evento <strong>ter\u00e1 programa\u00e7\u00e3o para as crian\u00e7as <\/strong>com <strong>conta\u00e7\u00e3o de hist\u00f3rias<\/strong>.<\/p>\n<h2 class=\"wp-block-heading\"><strong>Servi\u00e7o:<\/strong><\/h2>\n<p><strong>Feira de Artesanato<\/strong><br \/>Data: domingo ( 14)<br \/>Hor\u00e1rio: a partir das 9 horas<br \/>Local: Pra\u00e7a Jos\u00e9 Mortari \u2013 cruzamento da Rua 2 de Julho e Rua Monte Alverne \u2013 Vila Tib\u00e9rio<br \/>Aberto ao p\u00fablico<\/p>\n<p>SAIBA MAIS <\/p>\n<p>Prefeitura reabre inscri\u00e7\u00f5es para concurso p\u00fablico com 71 vagas na regi\u00e3o de Ribeir\u00e3o<\/p>\n<h4 class=\"wp-block-heading\"><strong>FIQUE ON<\/strong><\/h4>\n<p>Fique ligado em tudo que acontece em Ribeir\u00e3o Preto e regi\u00e3o. Siga os perfis do\u00a0<strong>acidade on\u00a0<\/strong>no\u00a0<a href=\"https:\/\/www.instagram.com\/acidadeonribeirao\" target=\"_blank\" rel=\"noreferrer noopener\">Instagram<\/a>\u00a0e no\u00a0<a href=\"https:\/\/www.facebook.com\/acidadeonribeirao\" target=\"_blank\" rel=\"noreferrer noopener\">Facebook<\/a>.<\/p>\n<p>Receba not\u00edcias do acidade on no WhatsApp. Para entrar no grupo, basta\u00a0<a href=\"https:\/\/chat.whatsapp.com\/CdrZ6xrf7quD44Vw3WlPuZ\" target=\"_blank\" rel=\"noreferrer noopener\">clicar aqui<\/a>.<\/p>\n<p>Fa\u00e7a uma den\u00fancia ou sugira uma reportagem sobre Ribeir\u00e3o Preto e regi\u00e3o pelo WhatsApp: 16 99117 7802.<\/p>\n<p>VEJA TAMB\u00c9M<\/p>\n<p>Quem \u00e9 Amber Rose? Ex-OnlyFans ser\u00e1 oradora em conven\u00e7\u00e3o de Trump<\/p>\n<p><!-- AI CONTENT END 1 -->\n<\/div>\n<\/div>\n<p><script async src=\"\/\/www.instagram.com\/embed.js\"><\/script><br \/>\n<br \/><br \/>\n<br \/><a href=\"https:\/\/www.acidadeon.com\/ribeiraopreto\/lazer-e-cultura\/domingo-e-dia-de-feira-de-artesanato-em-bairro-da-zona-oeste-de-ribeirao-preto\/\">Source link <\/a><\/p>\n<div class='code-block code-block-4' style='margin: 8px auto 8px 0; text-align: left; display: block; clear: both;'>\n\ud83d\udce2 Aviso Legal\n\nO site ismaelcolosi.com.br atua apenas como um canal de divulga\u00e7\u00e3o de oportunidades de emprego e n\u00e3o se responsabiliza pelo processo seletivo, contrata\u00e7\u00e3o ou qualquer outra etapa relacionada \u00e0s vagas publicadas. Todas as informa\u00e7\u00f5es s\u00e3o de responsabilidade dos anunciantes.\n\n\u26a0\ufe0f Aten\u00e7\u00e3o! Nunca pague por promessas de emprego nem compre cursos que garantam contrata\u00e7\u00e3o. Desconfie de qualquer cobran\u00e7a para participar de sele\u00e7\u00f5es.\n\n\n\n<\/div>\n<!-- CONTENT END 1 -->\n","protected":false},"excerpt":{"rendered":"<p>A tradicional \u201cFeira de Artesanato\u201d na pra\u00e7a Jos\u00e9 Mortari, no bairro Vila Tib\u00e9rio, na zona Oeste de Ribeir\u00e3o Preto, acontece neste domingo (14). Aberta ao&#8230;<\/p>\n","protected":false},"author":1,"featured_media":56551,"comment_status":"open","ping_status":"open","sticky":false,"template":"","format":"standard","meta":{"_uag_custom_page_level_css":"","advanced_seo_description":"","jetpack_seo_html_title":"","jetpack_seo_noindex":false,"jetpack_post_was_ever_published":false,"_jetpack_newsletter_access":"","_jetpack_dont_email_post_to_subs":false,"_jetpack_newsletter_tier_id":0,"_jetpack_memberships_contains_paywalled_content":false,"_jetpack_memberships_contains_paid_content":false,"footnotes":"","jetpack_publicize_message":"","jetpack_publicize_feature_enabled":true,"jetpack_social_post_already_shared":true,"jetpack_social_options":{"image_generator_settings":{"template":"highway","default_image_id":0,"font":"","enabled":false},"version":2}},"categories":[11],"tags":[],"class_list":["post-56550","post","type-post","status-publish","format-standard","has-post-thumbnail","hentry","category-noticias-de-ribeirao-preto-sp-e-regiao-ismael-colosi"],"jetpack_publicize_connections":[],"jetpack_featured_media_url":"https:\/\/i0.wp.com\/ismaelcolosi.com.br\/wp-content\/uploads\/2024\/07\/img_6093-1068x801-1_2024-07-12_16-06-20_jpg_2024-07-12_16-06-20.webp.webp?fit=1068%2C801&ssl=1","uagb_featured_image_src":{"full":["https:\/\/i0.wp.com\/ismaelcolosi.com.br\/wp-content\/uploads\/2024\/07\/img_6093-1068x801-1_2024-07-12_16-06-20_jpg_2024-07-12_16-06-20.webp.webp?fit=1068%2C801&ssl=1",1068,801,false],"thumbnail":["https:\/\/i0.wp.com\/ismaelcolosi.com.br\/wp-content\/uploads\/2024\/07\/img_6093-1068x801-1_2024-07-12_16-06-20_jpg_2024-07-12_16-06-20.webp.webp?resize=150%2C150&ssl=1",150,150,true],"medium":["https:\/\/i0.wp.com\/ismaelcolosi.com.br\/wp-content\/uploads\/2024\/07\/img_6093-1068x801-1_2024-07-12_16-06-20_jpg_2024-07-12_16-06-20.webp.webp?fit=300%2C225&ssl=1",300,225,true],"medium_large":["https:\/\/i0.wp.com\/ismaelcolosi.com.br\/wp-content\/uploads\/2024\/07\/img_6093-1068x801-1_2024-07-12_16-06-20_jpg_2024-07-12_16-06-20.webp.webp?fit=768%2C576&ssl=1",768,576,true],"large":["https:\/\/i0.wp.com\/ismaelcolosi.com.br\/wp-content\/uploads\/2024\/07\/img_6093-1068x801-1_2024-07-12_16-06-20_jpg_2024-07-12_16-06-20.webp.webp?fit=1024%2C768&ssl=1",1024,768,true],"1536x1536":["https:\/\/i0.wp.com\/ismaelcolosi.com.br\/wp-content\/uploads\/2024\/07\/img_6093-1068x801-1_2024-07-12_16-06-20_jpg_2024-07-12_16-06-20.webp.webp?fit=1068%2C801&ssl=1",1068,801,true],"2048x2048":["https:\/\/i0.wp.com\/ismaelcolosi.com.br\/wp-content\/uploads\/2024\/07\/img_6093-1068x801-1_2024-07-12_16-06-20_jpg_2024-07-12_16-06-20.webp.webp?fit=1068%2C801&ssl=1",1068,801,true],"really-simple-thumb":["https:\/\/i0.wp.com\/ismaelcolosi.com.br\/wp-content\/uploads\/2024\/07\/img_6093-1068x801-1_2024-07-12_16-06-20_jpg_2024-07-12_16-06-20.webp.webp?resize=370%2C247&ssl=1",370,247,true]},"uagb_author_info":{"display_name":"ismaelcolosi.com.br","author_link":"https:\/\/ismaelcolosi.com.br\/index.php\/author\/vidareal-online\/"},"uagb_comment_info":0,"uagb_excerpt":"A tradicional \u201cFeira de Artesanato\u201d na pra\u00e7a Jos\u00e9 Mortari, no bairro Vila Tib\u00e9rio, na zona Oeste de Ribeir\u00e3o Preto, acontece neste domingo (14). Aberta ao...","jetpack-related-posts":[{"id":48593,"url":"https:\/\/ismaelcolosi.com.br\/index.php\/2024\/05\/03\/praca-na-zona-oeste-de-ribeirao-preto-tem-feira-de-artesanato-com-mais-de-80-expositores\/","url_meta":{"origin":56550,"position":0},"title":"Pra\u00e7a na zona Oeste de Ribeir\u00e3o Preto tem feira de artesanato com mais de 80 expositores","author":"ismaelcolosi.com.br","date":"3 de May de 2024","format":false,"excerpt":"Mais de 80 expositores participam de uma feira de artesanato na pra\u00e7a Jos\u00e9 Mortari, no bairro Vila Tib\u00e9rio, na zona Oeste de Ribeir\u00e3o Preto, neste domingo (5). A edi\u00e7\u00e3o especial \u201cDia das M\u00e3es\u201d oferecer\u00e1 aos visitantes op\u00e7\u00f5es de presentes criativos como pe\u00e7as em tric\u00f4, artes em madeira e vidro, esculturas,\u2026","rel":"","context":"In &quot;Not\u00edcias de Ribeir\u00e3o Preto-SP e Regi\u00e3o&quot;","block_context":{"text":"Not\u00edcias de Ribeir\u00e3o Preto-SP e Regi\u00e3o","link":"https:\/\/ismaelcolosi.com.br\/index.php\/category\/noticias-de-ribeirao-preto-sp-e-regiao-ismael-colosi\/"},"img":{"alt_text":"","src":"https:\/\/i0.wp.com\/ismaelcolosi.com.br\/wp-content\/uploads\/2024\/05\/Copia-de-Copia-de-TAMANHO-EXATO-PARA-FOTOS-NO-SISTEMA-NOVO-37_2024-05-04_00-04-15_jpg_2024-05-04_00-04-15.webp.webp?fit=1200%2C675&ssl=1&resize=350%2C200","width":350,"height":200,"srcset":"https:\/\/i0.wp.com\/ismaelcolosi.com.br\/wp-content\/uploads\/2024\/05\/Copia-de-Copia-de-TAMANHO-EXATO-PARA-FOTOS-NO-SISTEMA-NOVO-37_2024-05-04_00-04-15_jpg_2024-05-04_00-04-15.webp.webp?fit=1200%2C675&ssl=1&resize=350%2C200 1x, https:\/\/i0.wp.com\/ismaelcolosi.com.br\/wp-content\/uploads\/2024\/05\/Copia-de-Copia-de-TAMANHO-EXATO-PARA-FOTOS-NO-SISTEMA-NOVO-37_2024-05-04_00-04-15_jpg_2024-05-04_00-04-15.webp.webp?fit=1200%2C675&ssl=1&resize=525%2C300 1.5x, https:\/\/i0.wp.com\/ismaelcolosi.com.br\/wp-content\/uploads\/2024\/05\/Copia-de-Copia-de-TAMANHO-EXATO-PARA-FOTOS-NO-SISTEMA-NOVO-37_2024-05-04_00-04-15_jpg_2024-05-04_00-04-15.webp.webp?fit=1200%2C675&ssl=1&resize=700%2C400 2x, https:\/\/i0.wp.com\/ismaelcolosi.com.br\/wp-content\/uploads\/2024\/05\/Copia-de-Copia-de-TAMANHO-EXATO-PARA-FOTOS-NO-SISTEMA-NOVO-37_2024-05-04_00-04-15_jpg_2024-05-04_00-04-15.webp.webp?fit=1200%2C675&ssl=1&resize=1050%2C600 3x"},"classes":[]},{"id":1340,"url":"https:\/\/ismaelcolosi.com.br\/index.php\/2023\/11\/11\/praca-de-ribeirao-preto-tem-feira-com-artesanato-musica-e-danca\/","url_meta":{"origin":56550,"position":1},"title":"Pra\u00e7a de Ribeir\u00e3o Preto tem feira com artesanato, m\u00fasica e dan\u00e7a","author":"ismaelcolosi.com.br","date":"11 de November de 2023","format":false,"excerpt":"Neste domingo (12), a partir das 9h, a pra\u00e7a Jos\u00e9 Mortari (entre as ruas Padre Anchieta, Dois de Julho, 21 de abril e Monte Alverne), na Vila Tib\u00e9rio, zona Oeste de Ribeir\u00e3o Preto, ser\u00e1 palco da Feira de Artesanato com cerca de 70 expositores. \u201cPara estimular a economia criativa na\u2026","rel":"","context":"In &quot;Not\u00edcias de Ribeir\u00e3o Preto-SP e Regi\u00e3o&quot;","block_context":{"text":"Not\u00edcias de Ribeir\u00e3o Preto-SP e Regi\u00e3o","link":"https:\/\/ismaelcolosi.com.br\/index.php\/category\/noticias-de-ribeirao-preto-sp-e-regiao-ismael-colosi\/"},"img":{"alt_text":"","src":"https:\/\/i0.wp.com\/ismaelcolosi.com.br\/wp-content\/uploads\/2023\/11\/feira_jose_mortari_1.jpeg?fit=900%2C637&ssl=1&resize=350%2C200","width":350,"height":200,"srcset":"https:\/\/i0.wp.com\/ismaelcolosi.com.br\/wp-content\/uploads\/2023\/11\/feira_jose_mortari_1.jpeg?fit=900%2C637&ssl=1&resize=350%2C200 1x, https:\/\/i0.wp.com\/ismaelcolosi.com.br\/wp-content\/uploads\/2023\/11\/feira_jose_mortari_1.jpeg?fit=900%2C637&ssl=1&resize=525%2C300 1.5x, https:\/\/i0.wp.com\/ismaelcolosi.com.br\/wp-content\/uploads\/2023\/11\/feira_jose_mortari_1.jpeg?fit=900%2C637&ssl=1&resize=700%2C400 2x"},"classes":[]},{"id":52495,"url":"https:\/\/ismaelcolosi.com.br\/index.php\/2024\/06\/07\/bairro-tradicional-de-ribeirao-recebe-evento-cultural-em-comemoracao-ao-aniversario\/","url_meta":{"origin":56550,"position":2},"title":"Bairro tradicional de Ribeir\u00e3o recebe evento cultural em comemora\u00e7\u00e3o ao anivers\u00e1rio","author":"ismaelcolosi.com.br","date":"7 de June de 2024","format":false,"excerpt":"O projeto \u201cCultura em Todo Lugar\u201d ser\u00e1 realizado neste s\u00e1bado (8) e domingo (9), nas pra\u00e7as Cora\u00e7\u00e3o de Maria e Jos\u00e9 Mortari, respectivamente, em comemora\u00e7\u00e3o aos 131 anos da Vila Tib\u00e9rio, tradicional bairro na zona Oeste de Ribeir\u00e3o Preto. Todas as atra\u00e7\u00f5es s\u00e3o gratuitas e ser\u00e3o realizadas das 9h \u00e0s\u2026","rel":"","context":"In &quot;Not\u00edcias de Ribeir\u00e3o Preto-SP e Regi\u00e3o&quot;","block_context":{"text":"Not\u00edcias de Ribeir\u00e3o Preto-SP e Regi\u00e3o","link":"https:\/\/ismaelcolosi.com.br\/index.php\/category\/noticias-de-ribeirao-preto-sp-e-regiao-ismael-colosi\/"},"img":{"alt_text":"","src":"https:\/\/i0.wp.com\/ismaelcolosi.com.br\/wp-content\/uploads\/2024\/06\/cultura_em_todo_lugar_3.jpg?fit=1200%2C882&ssl=1&resize=350%2C200","width":350,"height":200,"srcset":"https:\/\/i0.wp.com\/ismaelcolosi.com.br\/wp-content\/uploads\/2024\/06\/cultura_em_todo_lugar_3.jpg?fit=1200%2C882&ssl=1&resize=350%2C200 1x, https:\/\/i0.wp.com\/ismaelcolosi.com.br\/wp-content\/uploads\/2024\/06\/cultura_em_todo_lugar_3.jpg?fit=1200%2C882&ssl=1&resize=525%2C300 1.5x, https:\/\/i0.wp.com\/ismaelcolosi.com.br\/wp-content\/uploads\/2024\/06\/cultura_em_todo_lugar_3.jpg?fit=1200%2C882&ssl=1&resize=700%2C400 2x, https:\/\/i0.wp.com\/ismaelcolosi.com.br\/wp-content\/uploads\/2024\/06\/cultura_em_todo_lugar_3.jpg?fit=1200%2C882&ssl=1&resize=1050%2C600 3x"},"classes":[]},{"id":71895,"url":"https:\/\/ismaelcolosi.com.br\/index.php\/2024\/10\/18\/praca-de-ribeirao-preto-recebe-feira-de-artesanato-no-fim-de-semana\/","url_meta":{"origin":56550,"position":3},"title":"Pra\u00e7a de Ribeir\u00e3o Preto recebe feira de artesanato no fim de semana","author":"ismaelcolosi.com.br","date":"18 de October de 2024","format":false,"excerpt":"A pra\u00e7a Jos\u00e9 Mortari, na Vila Tib\u00e9rio, zona Oeste de Ribeir\u00e3o Preto, recebe no domingo (20) uma Feira de Artesanato com 70 expositores. O evento acontece a partir das 9h, no cruzamento das ruas 21 de Abril com a Monte Alverne. A entrada \u00e9 gratuita. A nova edi\u00e7\u00e3o da tradicional\u2026","rel":"","context":"In &quot;Not\u00edcias de Ribeir\u00e3o Preto-SP e Regi\u00e3o&quot;","block_context":{"text":"Not\u00edcias de Ribeir\u00e3o Preto-SP e Regi\u00e3o","link":"https:\/\/ismaelcolosi.com.br\/index.php\/category\/noticias-de-ribeirao-preto-sp-e-regiao-ismael-colosi\/"},"img":{"alt_text":"","src":"https:\/\/i0.wp.com\/ismaelcolosi.com.br\/wp-content\/uploads\/2024\/10\/Copia-de-Copia-de-Copia-de-TAMANHO-EXATO-PARA-FOTOS-NO-SISTEMA-NOVO-21_2024-10-18_15-00-14_jpg_2024-10-18_15-00-14.webp.webp?fit=1200%2C675&ssl=1&resize=350%2C200","width":350,"height":200,"srcset":"https:\/\/i0.wp.com\/ismaelcolosi.com.br\/wp-content\/uploads\/2024\/10\/Copia-de-Copia-de-Copia-de-TAMANHO-EXATO-PARA-FOTOS-NO-SISTEMA-NOVO-21_2024-10-18_15-00-14_jpg_2024-10-18_15-00-14.webp.webp?fit=1200%2C675&ssl=1&resize=350%2C200 1x, https:\/\/i0.wp.com\/ismaelcolosi.com.br\/wp-content\/uploads\/2024\/10\/Copia-de-Copia-de-Copia-de-TAMANHO-EXATO-PARA-FOTOS-NO-SISTEMA-NOVO-21_2024-10-18_15-00-14_jpg_2024-10-18_15-00-14.webp.webp?fit=1200%2C675&ssl=1&resize=525%2C300 1.5x, https:\/\/i0.wp.com\/ismaelcolosi.com.br\/wp-content\/uploads\/2024\/10\/Copia-de-Copia-de-Copia-de-TAMANHO-EXATO-PARA-FOTOS-NO-SISTEMA-NOVO-21_2024-10-18_15-00-14_jpg_2024-10-18_15-00-14.webp.webp?fit=1200%2C675&ssl=1&resize=700%2C400 2x, https:\/\/i0.wp.com\/ismaelcolosi.com.br\/wp-content\/uploads\/2024\/10\/Copia-de-Copia-de-Copia-de-TAMANHO-EXATO-PARA-FOTOS-NO-SISTEMA-NOVO-21_2024-10-18_15-00-14_jpg_2024-10-18_15-00-14.webp.webp?fit=1200%2C675&ssl=1&resize=1050%2C600 3x"},"classes":[]},{"id":37583,"url":"https:\/\/ismaelcolosi.com.br\/index.php\/2024\/02\/16\/praca-de-ribeirao-preto-tem-feira-com-artesanato-e-exposicao-de-carros-antigos\/","url_meta":{"origin":56550,"position":4},"title":"Pra\u00e7a de Ribeir\u00e3o Preto tem feira com artesanato e exposi\u00e7\u00e3o de carros antigos","author":"ismaelcolosi.com.br","date":"16 de February de 2024","format":false,"excerpt":"Ribeir\u00e3o Preto recebe, neste domingo (18), mais uma Feira de Artesanato na pra\u00e7a Jos\u00e9 Mortari, entre as ruas Padre Anchieta, Dois de Julho, 21 de Abril e Monte Alverne, na Vila Tib\u00e9rio. O evento gratuito come\u00e7a \u00e0s 9h e vai reunir cerca de 70 artes\u00e3os. Al\u00e9m dos trabalhos manuais, a\u2026","rel":"","context":"In &quot;Not\u00edcias de Ribeir\u00e3o Preto-SP e Regi\u00e3o&quot;","block_context":{"text":"Not\u00edcias de Ribeir\u00e3o Preto-SP e Regi\u00e3o","link":"https:\/\/ismaelcolosi.com.br\/index.php\/category\/noticias-de-ribeirao-preto-sp-e-regiao-ismael-colosi\/"},"img":{"alt_text":"","src":"https:\/\/i0.wp.com\/ismaelcolosi.com.br\/wp-content\/uploads\/2024\/02\/WhatsApp-Image-2024-01-17-at-17.46.28.jpeg?fit=1200%2C675&ssl=1&resize=350%2C200","width":350,"height":200,"srcset":"https:\/\/i0.wp.com\/ismaelcolosi.com.br\/wp-content\/uploads\/2024\/02\/WhatsApp-Image-2024-01-17-at-17.46.28.jpeg?fit=1200%2C675&ssl=1&resize=350%2C200 1x, https:\/\/i0.wp.com\/ismaelcolosi.com.br\/wp-content\/uploads\/2024\/02\/WhatsApp-Image-2024-01-17-at-17.46.28.jpeg?fit=1200%2C675&ssl=1&resize=525%2C300 1.5x, https:\/\/i0.wp.com\/ismaelcolosi.com.br\/wp-content\/uploads\/2024\/02\/WhatsApp-Image-2024-01-17-at-17.46.28.jpeg?fit=1200%2C675&ssl=1&resize=700%2C400 2x, https:\/\/i0.wp.com\/ismaelcolosi.com.br\/wp-content\/uploads\/2024\/02\/WhatsApp-Image-2024-01-17-at-17.46.28.jpeg?fit=1200%2C675&ssl=1&resize=1050%2C600 3x"},"classes":[]},{"id":41027,"url":"https:\/\/ismaelcolosi.com.br\/index.php\/2024\/03\/06\/ribeirao-preto-e-regiao-recebem-feiras-de-artesanato-em-marco-veja-datas\/","url_meta":{"origin":56550,"position":5},"title":"Ribeir\u00e3o Preto e regi\u00e3o recebem feiras de artesanato em mar\u00e7o; Veja datas","author":"ismaelcolosi.com.br","date":"6 de March de 2024","format":false,"excerpt":"Artes\u00e3os de Ribeir\u00e3o Preto realizam quatro feiras de artesanato durante o m\u00eas de mar\u00e7o na cidade e na regi\u00e3o. O evento tem objetivo de apresentar os trabalhos desenvolvidos por associa\u00e7\u00f5es e celebrar o Dia do Artes\u00e3o e do Artesanato, comemorado em 19 de mar\u00e7o. Aproximadamente 70 artes\u00e3os fazem parte do\u2026","rel":"","context":"In &quot;Not\u00edcias de Ribeir\u00e3o Preto-SP e Regi\u00e3o&quot;","block_context":{"text":"Not\u00edcias de Ribeir\u00e3o Preto-SP e Regi\u00e3o","link":"https:\/\/ismaelcolosi.com.br\/index.php\/category\/noticias-de-ribeirao-preto-sp-e-regiao-ismael-colosi\/"},"img":{"alt_text":"","src":"https:\/\/i0.wp.com\/ismaelcolosi.com.br\/wp-content\/uploads\/2024\/03\/img_6093.jpg?fit=1200%2C900&ssl=1&resize=350%2C200","width":350,"height":200,"srcset":"https:\/\/i0.wp.com\/ismaelcolosi.com.br\/wp-content\/uploads\/2024\/03\/img_6093.jpg?fit=1200%2C900&ssl=1&resize=350%2C200 1x, https:\/\/i0.wp.com\/ismaelcolosi.com.br\/wp-content\/uploads\/2024\/03\/img_6093.jpg?fit=1200%2C900&ssl=1&resize=525%2C300 1.5x, https:\/\/i0.wp.com\/ismaelcolosi.com.br\/wp-content\/uploads\/2024\/03\/img_6093.jpg?fit=1200%2C900&ssl=1&resize=700%2C400 2x, https:\/\/i0.wp.com\/ismaelcolosi.com.br\/wp-content\/uploads\/2024\/03\/img_6093.jpg?fit=1200%2C900&ssl=1&resize=1050%2C600 3x"},"classes":[]}],"jetpack_sharing_enabled":true,"jetpack_shortlink":"https:\/\/wp.me\/pfMlyK-eI6","_links":{"self":[{"href":"https:\/\/ismaelcolosi.com.br\/index.php\/wp-json\/wp\/v2\/posts\/56550","targetHints":{"allow":["GET"]}}],"collection":[{"href":"https:\/\/ismaelcolosi.com.br\/index.php\/wp-json\/wp\/v2\/posts"}],"about":[{"href":"https:\/\/ismaelcolosi.com.br\/index.php\/wp-json\/wp\/v2\/types\/post"}],"author":[{"embeddable":true,"href":"https:\/\/ismaelcolosi.com.br\/index.php\/wp-json\/wp\/v2\/users\/1"}],"replies":[{"embeddable":true,"href":"https:\/\/ismaelcolosi.com.br\/index.php\/wp-json\/wp\/v2\/comments?post=56550"}],"version-history":[{"count":0,"href":"https:\/\/ismaelcolosi.com.br\/index.php\/wp-json\/wp\/v2\/posts\/56550\/revisions"}],"wp:featuredmedia":[{"embeddable":true,"href":"https:\/\/ismaelcolosi.com.br\/index.php\/wp-json\/wp\/v2\/media\/56551"}],"wp:attachment":[{"href":"https:\/\/ismaelcolosi.com.br\/index.php\/wp-json\/wp\/v2\/media?parent=56550"}],"wp:term":[{"taxonomy":"category","embeddable":true,"href":"https:\/\/ismaelcolosi.com.br\/index.php\/wp-json\/wp\/v2\/categories?post=56550"},{"taxonomy":"post_tag","embeddable":true,"href":"https:\/\/ismaelcolosi.com.br\/index.php\/wp-json\/wp\/v2\/tags?post=56550"}],"curies":[{"name":"wp","href":"https:\/\/api.w.org\/{rel}","templated":true}]}}