{"id":56540,"date":"2024-07-12T13:05:06","date_gmt":"2024-07-12T16:05:06","guid":{"rendered":"https:\/\/ismaelcolosi.com.br\/index.php\/2024\/07\/12\/guilherme-catarino-e-novo-presidente-da-wella-company-no-brasil\/"},"modified":"2024-07-12T13:05:06","modified_gmt":"2024-07-12T16:05:06","slug":"guilherme-catarino-e-novo-presidente-da-wella-company-no-brasil","status":"publish","type":"post","link":"https:\/\/ismaelcolosi.com.br\/index.php\/2024\/07\/12\/guilherme-catarino-e-novo-presidente-da-wella-company-no-brasil\/","title":{"rendered":"Guilherme Catarino \u00e9 novo presidente da Wella Company no Brasil"},"content":{"rendered":"<p> <br \/>\n<\/p>\n<div>\n<div id=\"attachment_621877\" class=\"wp-caption alignnone style=\" max-width:=\"\"><img data-recalc-dims=\"1\" fetchpriority=\"high\" decoding=\"async\" class=\"alignnone wp-image-621877 size-medium\" src=\"https:\/\/i0.wp.com\/forbes.com.br\/wp-content\/uploads\/2024\/07\/carreira-wella-company-guilherme-catarino-768x512.jpg?resize=678%2C452&#038;ssl=1\" http:=\"\" alt=\"\" width=\"678\" height=\"452\" data-lazy-src=\"https:\/\/forbes.com.br\/wp-content\/uploads\/2024\/07\/carreira-wella-company-guilherme-catarino-768x512.jpg\"\/><img data-recalc-dims=\"1\" fetchpriority=\"high\" decoding=\"async\" class=\"alignnone wp-image-621877 size-medium\" src=\"https:\/\/i0.wp.com\/forbes.com.br\/wp-content\/uploads\/2024\/07\/carreira-wella-company-guilherme-catarino-768x512.jpg?resize=678%2C452&#038;ssl=1\" alt=\"\" width=\"678\" height=\"452\"\/><\/p>\n<p class=\"wp-caption-text\">Antes da Wella, Guilherme Catarino liderou equipes na Coty e P&amp;G em diferentes pa\u00edses<\/p>\n<\/div>\n<div class=\"accessibility\">\n<p>Acessibilidade<\/p>\n<p>\n<button onclick=\"alterFont1()\" id=\"btn1\" class=\"btn\">L<\/button><br \/>\n<button onclick=\"alterFont2()\" id=\"btn2\" class=\"btn\" style=\"font-family: Merriweather\">L<\/button><br \/>\n<button onclick=\"alterFontSmallerSize()\" id=\"btn3\" class=\"btn\">A-<\/button><br \/>\n<button onclick=\"alterFontBiggerSize()\" id=\"btn4\" class=\"btn\">A+<\/button><\/p>\n<p><button onclick=\"alterBackground()\" id=\"btn6\" class=\"btn\">\u25d0<\/button><\/p>\n<\/div>\n<p style=\"font-weight: 400;\">Guilherme Catarino \u00e9 o novo presidente da Wella Company, uma das principais empresas de beleza do mundo, no Brasil. O executivo substitui Nathalie De Gouveia, que estava no cargo h\u00e1 quase cinco anos e agora assume o cargo de general manager da companhia nos Estados Unidos.<\/p>\n<p style=\"font-weight: 400;\">\u00a0Catarino tem mais de 20 anos de experi\u00eancia no setor de bens de consumo em multinacionais e liderava a Wella na Am\u00e9rica Central, Caribe e Am\u00e9rica do Sul (exceto Brasil) desde o final de 2020, respons\u00e1vel pelas divis\u00f5es profissional e varejo. Antes disso, liderou equipes na Coty e P&amp;G em diferentes pa\u00edses.<\/p>\n<h2>Leia tamb\u00e9m<\/h2>\n<p style=\"font-weight: 400;\">Na Wella, o executivo tamb\u00e9m \u00e9 membro ativo da Equipe de Lideran\u00e7a das Am\u00e9ricas, desenvolvendo estrat\u00e9gias de curto e longo prazo para a empresa na regi\u00e3o. Ao longo da carreira, destacou-se por habilidades em gest\u00e3o de crises, constru\u00e7\u00e3o de equipes de alto desempenho e desenvolvimento de talentos.<\/p>\n<ul>\n<li>\n<h4>Siga a <a href=\"https:\/\/whatsapp.com\/channel\/0029Va9gQKwBFLgM96cJnu0u\" target=\"_blank\" rel=\"noopener\">Forbes<\/a> no WhatsApp e receba as principais not\u00edcias sobre neg\u00f3cios, carreira, tecnologia e estilo de vida<\/h4>\n<\/li>\n<\/ul>\n<\/div>\n<p><script type=\"rocketlazyloadscript\">\n\t\t\t\t(function(d, s, id){\n\t\t\t\t\tvar js, fjs = d.getElementsByTagName(s)[0];\n\t\t\t\t\tif (d.getElementById(id)) return;\n\t\t\t\t\tjs = d.createElement(s); js.id = id;\n\t\t\t\t\tjs.src = \"\/\/connect.facebook.net\/pt_BR\/sdk.js#xfbml=1&version=v2.9\";\n\t\t\t\t\tfjs.parentNode.insertBefore(js, fjs);\n\t\t\t\t}(document, 'script', 'facebook-jssdk'));\n\t\t\t<\/script><br \/>\n<br \/><br \/>\n<br \/><a href=\"https:\/\/forbes.com.br\/carreira\/2024\/07\/guilherme-catarino-e-novo-presidente-da-wella-company-no-brasil\/\">Source link <\/a><\/p>\n<div class='code-block code-block-4' style='margin: 8px auto 8px 0; text-align: left; display: block; clear: both;'>\n\ud83d\udce2 Aviso Legal\n\nO site ismaelcolosi.com.br atua apenas como um canal de divulga\u00e7\u00e3o de oportunidades de emprego e n\u00e3o se responsabiliza pelo processo seletivo, contrata\u00e7\u00e3o ou qualquer outra etapa relacionada \u00e0s vagas publicadas. Todas as informa\u00e7\u00f5es s\u00e3o de responsabilidade dos anunciantes.\n\n\u26a0\ufe0f Aten\u00e7\u00e3o! Nunca pague por promessas de emprego nem compre cursos que garantam contrata\u00e7\u00e3o. Desconfie de qualquer cobran\u00e7a para participar de sele\u00e7\u00f5es.\n\n\n\n<\/div>\n<!-- CONTENT END 1 -->\n","protected":false},"excerpt":{"rendered":"<p>Antes da Wella, Guilherme Catarino liderou equipes na Coty e P&amp;G em diferentes pa\u00edses Acessibilidade L L A- A+ \u25d0 Guilherme Catarino \u00e9 o novo&#8230;<\/p>\n","protected":false},"author":1,"featured_media":56541,"comment_status":"open","ping_status":"open","sticky":false,"template":"","format":"standard","meta":{"_uag_custom_page_level_css":"","advanced_seo_description":"","jetpack_seo_html_title":"","jetpack_seo_noindex":false,"jetpack_post_was_ever_published":false,"_jetpack_newsletter_access":"","_jetpack_dont_email_post_to_subs":false,"_jetpack_newsletter_tier_id":0,"_jetpack_memberships_contains_paywalled_content":false,"_jetpack_memberships_contains_paid_content":false,"footnotes":"","jetpack_publicize_message":"","jetpack_publicize_feature_enabled":true,"jetpack_social_post_already_shared":true,"jetpack_social_options":{"image_generator_settings":{"template":"highway","default_image_id":0,"font":"","enabled":false},"version":2}},"categories":[1964],"tags":[],"class_list":["post-56540","post","type-post","status-publish","format-standard","has-post-thumbnail","hentry","category-carreira-e-sucesso-dicas-para-carreira"],"jetpack_publicize_connections":[],"jetpack_featured_media_url":"https:\/\/i0.wp.com\/ismaelcolosi.com.br\/wp-content\/uploads\/2024\/07\/carreira-wella-company-guilherme-catarino-1024x683.jpg?fit=1024%2C683&ssl=1","uagb_featured_image_src":{"full":["https:\/\/i0.wp.com\/ismaelcolosi.com.br\/wp-content\/uploads\/2024\/07\/carreira-wella-company-guilherme-catarino-1024x683.jpg?fit=1024%2C683&ssl=1",1024,683,false],"thumbnail":["https:\/\/i0.wp.com\/ismaelcolosi.com.br\/wp-content\/uploads\/2024\/07\/carreira-wella-company-guilherme-catarino-1024x683.jpg?resize=150%2C150&ssl=1",150,150,true],"medium":["https:\/\/i0.wp.com\/ismaelcolosi.com.br\/wp-content\/uploads\/2024\/07\/carreira-wella-company-guilherme-catarino-1024x683.jpg?fit=300%2C200&ssl=1",300,200,true],"medium_large":["https:\/\/i0.wp.com\/ismaelcolosi.com.br\/wp-content\/uploads\/2024\/07\/carreira-wella-company-guilherme-catarino-1024x683.jpg?fit=768%2C512&ssl=1",768,512,true],"large":["https:\/\/i0.wp.com\/ismaelcolosi.com.br\/wp-content\/uploads\/2024\/07\/carreira-wella-company-guilherme-catarino-1024x683.jpg?fit=1024%2C683&ssl=1",1024,683,true],"1536x1536":["https:\/\/i0.wp.com\/ismaelcolosi.com.br\/wp-content\/uploads\/2024\/07\/carreira-wella-company-guilherme-catarino-1024x683.jpg?fit=1024%2C683&ssl=1",1024,683,true],"2048x2048":["https:\/\/i0.wp.com\/ismaelcolosi.com.br\/wp-content\/uploads\/2024\/07\/carreira-wella-company-guilherme-catarino-1024x683.jpg?fit=1024%2C683&ssl=1",1024,683,true],"really-simple-thumb":["https:\/\/i0.wp.com\/ismaelcolosi.com.br\/wp-content\/uploads\/2024\/07\/carreira-wella-company-guilherme-catarino-1024x683.jpg?resize=370%2C247&ssl=1",370,247,true]},"uagb_author_info":{"display_name":"ismaelcolosi.com.br","author_link":"https:\/\/ismaelcolosi.com.br\/index.php\/author\/vidareal-online\/"},"uagb_comment_info":0,"uagb_excerpt":"Antes da Wella, Guilherme Catarino liderou equipes na Coty e P&amp;G em diferentes pa\u00edses Acessibilidade L L A- A+ \u25d0 Guilherme Catarino \u00e9 o novo...","jetpack-related-posts":[{"id":54635,"url":"https:\/\/ismaelcolosi.com.br\/index.php\/2024\/06\/26\/conheca-as-candidatas-a-rainha-da-festa-do-peao-de-barretos-2024\/","url_meta":{"origin":56540,"position":0},"title":"Conhe\u00e7a as candidatas \u00e0 rainha da Festa do Pe\u00e3o de Barretos 2024","author":"ismaelcolosi.com.br","date":"26 de June de 2024","format":false,"excerpt":"Foram selecionadas as dez candidatas que v\u00e3o participar do concurso que ir\u00e1 eleger a rainha da Festa do Pe\u00e3o de Barretos de 2024. A escolha ser\u00e1 durante evento no dia 12 de julho, no North Shopping Barretos, a partir das 20h. V\u00e3o participar da disputa: Ana Laura Coqueiro, 19 anos,\u2026","rel":"","context":"In &quot;Not\u00edcias de Ribeir\u00e3o Preto-SP e Regi\u00e3o&quot;","block_context":{"text":"Not\u00edcias de Ribeir\u00e3o Preto-SP e Regi\u00e3o","link":"https:\/\/ismaelcolosi.com.br\/index.php\/category\/noticias-de-ribeirao-preto-sp-e-regiao-ismael-colosi\/"},"img":{"alt_text":"","src":"https:\/\/i0.wp.com\/ismaelcolosi.com.br\/wp-content\/uploads\/2024\/06\/AnyConv.com__festa-do-peao-barretos_2024-06-26_18-39-01.webp.webp?fit=1200%2C800&ssl=1&resize=350%2C200","width":350,"height":200,"srcset":"https:\/\/i0.wp.com\/ismaelcolosi.com.br\/wp-content\/uploads\/2024\/06\/AnyConv.com__festa-do-peao-barretos_2024-06-26_18-39-01.webp.webp?fit=1200%2C800&ssl=1&resize=350%2C200 1x, https:\/\/i0.wp.com\/ismaelcolosi.com.br\/wp-content\/uploads\/2024\/06\/AnyConv.com__festa-do-peao-barretos_2024-06-26_18-39-01.webp.webp?fit=1200%2C800&ssl=1&resize=525%2C300 1.5x, https:\/\/i0.wp.com\/ismaelcolosi.com.br\/wp-content\/uploads\/2024\/06\/AnyConv.com__festa-do-peao-barretos_2024-06-26_18-39-01.webp.webp?fit=1200%2C800&ssl=1&resize=700%2C400 2x, https:\/\/i0.wp.com\/ismaelcolosi.com.br\/wp-content\/uploads\/2024\/06\/AnyConv.com__festa-do-peao-barretos_2024-06-26_18-39-01.webp.webp?fit=1200%2C800&ssl=1&resize=1050%2C600 3x"},"classes":[]},{"id":28514,"url":"https:\/\/ismaelcolosi.com.br\/index.php\/2024\/01\/16\/guilherme-madruga-ex-botafogo-vence-premio-puskas-por-golaco-de-bicicleta\/","url_meta":{"origin":56540,"position":1},"title":"Guilherme Madruga, ex-Botafogo, vence Pr\u00eamio Pusk\u00e1s por gola\u00e7o de bicicleta","author":"ismaelcolosi.com.br","date":"16 de January de 2024","format":false,"excerpt":"15 de janeiro de 2024 | 17:4715 de janeiro de 2024 | 17:49 3Guilherme Madruga, ex-Botafogo-SP e hoje do Cuiab\u00e1, ganhou o Pr\u00eamio Pusk\u00e1s, que elege o gol mais bonito do ano no planeta.O meio-campista de 23 anos superou Julio Enciso e Nuno Santos. Os atletas de Brighton e Sporting,\u2026","rel":"","context":"In &quot;Not\u00edcias de Ribeir\u00e3o Preto-SP e Regi\u00e3o&quot;","block_context":{"text":"Not\u00edcias de Ribeir\u00e3o Preto-SP e Regi\u00e3o","link":"https:\/\/ismaelcolosi.com.br\/index.php\/category\/noticias-de-ribeirao-preto-sp-e-regiao-ismael-colosi\/"},"img":{"alt_text":"","src":"https:\/\/i0.wp.com\/ismaelcolosi.com.br\/wp-content\/uploads\/2024\/01\/a2e12573-2659-4e3c-8127-8a8c7c0893a5.jpg?fit=450%2C450&ssl=1&resize=350%2C200","width":350,"height":200},"classes":[]},{"id":27186,"url":"https:\/\/ismaelcolosi.com.br\/index.php\/2024\/01\/11\/guilherme-arantes-passa-por-cirurgia-em-hospital-da-regiao-de-ribeirao-entenda\/","url_meta":{"origin":56540,"position":2},"title":"Guilherme Arantes passa por cirurgia em hospital da regi\u00e3o de Ribeir\u00e3o; Entenda","author":"ismaelcolosi.com.br","date":"11 de January de 2024","format":false,"excerpt":"O cantor e compositor Guilherme Arantes, de 70 anos, realizou uma cirurgia no quadril e permanece internado na Santa casa de Batatais, cidade a 42 quil\u00f4metros de Ribeir\u00e3o Preto. A informa\u00e7\u00e3o foi confirmada pelo empres\u00e1rio do cantor ao portal acidade on, nesta quinta-feira (11). De acordo com o homem, a\u2026","rel":"","context":"In &quot;Not\u00edcias de Ribeir\u00e3o Preto-SP e Regi\u00e3o&quot;","block_context":{"text":"Not\u00edcias de Ribeir\u00e3o Preto-SP e Regi\u00e3o","link":"https:\/\/ismaelcolosi.com.br\/index.php\/category\/noticias-de-ribeirao-preto-sp-e-regiao-ismael-colosi\/"},"img":{"alt_text":"","src":"https:\/\/i0.wp.com\/ismaelcolosi.com.br\/wp-content\/uploads\/2024\/01\/236888485_372172644269665_5078006427887263608_n_version1660685860599.jpg?fit=1200%2C675&ssl=1&resize=350%2C200","width":350,"height":200,"srcset":"https:\/\/i0.wp.com\/ismaelcolosi.com.br\/wp-content\/uploads\/2024\/01\/236888485_372172644269665_5078006427887263608_n_version1660685860599.jpg?fit=1200%2C675&ssl=1&resize=350%2C200 1x, https:\/\/i0.wp.com\/ismaelcolosi.com.br\/wp-content\/uploads\/2024\/01\/236888485_372172644269665_5078006427887263608_n_version1660685860599.jpg?fit=1200%2C675&ssl=1&resize=525%2C300 1.5x, https:\/\/i0.wp.com\/ismaelcolosi.com.br\/wp-content\/uploads\/2024\/01\/236888485_372172644269665_5078006427887263608_n_version1660685860599.jpg?fit=1200%2C675&ssl=1&resize=700%2C400 2x, https:\/\/i0.wp.com\/ismaelcolosi.com.br\/wp-content\/uploads\/2024\/01\/236888485_372172644269665_5078006427887263608_n_version1660685860599.jpg?fit=1200%2C675&ssl=1&resize=1050%2C600 3x"},"classes":[]},{"id":26261,"url":"https:\/\/ismaelcolosi.com.br\/index.php\/2024\/01\/09\/joao-guilherme-rompe-relacoes-familiares-com-leonardo-virginia-e-felipe-e-motivo-e-exposto-segundo-colunista\/","url_meta":{"origin":56540,"position":3},"title":"Jo\u00e3o Guilherme rompe rela\u00e7\u00f5es familiares com Leonardo, Virg\u00ednia e Felipe e motivo \u00e9 exposto, segundo colunista","author":"ismaelcolosi.com.br","date":"9 de January de 2024","format":false,"excerpt":"Segundo canais de comunica\u00e7\u00e3o, a fam\u00edlia de Leonardo estaria enfrentando uma nova pol\u00eamica ap\u00f3s ter sido noticiado que Jo\u00e3o Guilherme, o filho ca\u00e7ula do cantor sertanejo, teria rompido rela\u00e7\u00f5es com o irm\u00e3o Z\u00e9 Felipe e a famosa cunhada Virg\u00ednia Fonseca.E a motiva\u00e7\u00e3o para a situa\u00e7\u00e3o teria sido devido a frequentes\u2026","rel":"","context":"In &quot;Blog&quot;","block_context":{"text":"Blog","link":"https:\/\/ismaelcolosi.com.br\/index.php\/category\/blog\/"},"img":{"alt_text":"","src":"https:\/\/i0.wp.com\/ismaelcolosi.com.br\/wp-content\/uploads\/2024\/01\/postimg-659d7c7eaaf7a9588.jpg?fit=1200%2C628&ssl=1&resize=350%2C200","width":350,"height":200,"srcset":"https:\/\/i0.wp.com\/ismaelcolosi.com.br\/wp-content\/uploads\/2024\/01\/postimg-659d7c7eaaf7a9588.jpg?fit=1200%2C628&ssl=1&resize=350%2C200 1x, https:\/\/i0.wp.com\/ismaelcolosi.com.br\/wp-content\/uploads\/2024\/01\/postimg-659d7c7eaaf7a9588.jpg?fit=1200%2C628&ssl=1&resize=525%2C300 1.5x, https:\/\/i0.wp.com\/ismaelcolosi.com.br\/wp-content\/uploads\/2024\/01\/postimg-659d7c7eaaf7a9588.jpg?fit=1200%2C628&ssl=1&resize=700%2C400 2x, https:\/\/i0.wp.com\/ismaelcolosi.com.br\/wp-content\/uploads\/2024\/01\/postimg-659d7c7eaaf7a9588.jpg?fit=1200%2C628&ssl=1&resize=1050%2C600 3x"},"classes":[]},{"id":64990,"url":"https:\/\/ismaelcolosi.com.br\/index.php\/2024\/09\/10\/guilherme-cortez-participa-nesta-terca-da-serie-de-entrevistas-com-candidatos-a-prefeitura-de-franca\/","url_meta":{"origin":56540,"position":4},"title":"Guilherme Cortez participa nesta ter\u00e7a da s\u00e9rie de entrevistas com candidatos \u00e0 Prefeitura de Franca","author":"ismaelcolosi.com.br","date":"10 de September de 2024","format":false,"excerpt":"O acidade on Ribeir\u00e3o realiza nesta semana uma s\u00e9rie de entrevistas com os candidatos \u00e0 Prefeitura de Franca nas elei\u00e7\u00f5es 2024. Nesta ter\u00e7a-feira (10) \u00e9 a vez da sabatina do deputado estadual Guilherme Cortez (PSOL) \u2013 veja o player acima. A entrevista vai ao ar, ao vivo, logo ap\u00f3s a\u2026","rel":"","context":"In &quot;Not\u00edcias de Ribeir\u00e3o Preto-SP e Regi\u00e3o&quot;","block_context":{"text":"Not\u00edcias de Ribeir\u00e3o Preto-SP e Regi\u00e3o","link":"https:\/\/ismaelcolosi.com.br\/index.php\/category\/noticias-de-ribeirao-preto-sp-e-regiao-ismael-colosi\/"},"img":{"alt_text":"","src":"https:\/\/i0.wp.com\/ismaelcolosi.com.br\/wp-content\/uploads\/2024\/09\/Guilherme-Cortez_2024-09-10_13-28-56_jpeg_2024-09-10_13-28-56.webp.webp?fit=1200%2C675&ssl=1&resize=350%2C200","width":350,"height":200,"srcset":"https:\/\/i0.wp.com\/ismaelcolosi.com.br\/wp-content\/uploads\/2024\/09\/Guilherme-Cortez_2024-09-10_13-28-56_jpeg_2024-09-10_13-28-56.webp.webp?fit=1200%2C675&ssl=1&resize=350%2C200 1x, https:\/\/i0.wp.com\/ismaelcolosi.com.br\/wp-content\/uploads\/2024\/09\/Guilherme-Cortez_2024-09-10_13-28-56_jpeg_2024-09-10_13-28-56.webp.webp?fit=1200%2C675&ssl=1&resize=525%2C300 1.5x, https:\/\/i0.wp.com\/ismaelcolosi.com.br\/wp-content\/uploads\/2024\/09\/Guilherme-Cortez_2024-09-10_13-28-56_jpeg_2024-09-10_13-28-56.webp.webp?fit=1200%2C675&ssl=1&resize=700%2C400 2x, https:\/\/i0.wp.com\/ismaelcolosi.com.br\/wp-content\/uploads\/2024\/09\/Guilherme-Cortez_2024-09-10_13-28-56_jpeg_2024-09-10_13-28-56.webp.webp?fit=1200%2C675&ssl=1&resize=1050%2C600 3x"},"classes":[]},{"id":2873,"url":"https:\/\/ismaelcolosi.com.br\/index.php\/2023\/11\/16\/cantor-guilherme-de-sa-se-apresenta-no-theatro-pedro-ii-em-ribeirao-preto\/","url_meta":{"origin":56540,"position":5},"title":"Cantor Guilherme de S\u00e1 se apresenta no Theatro Pedro II em Ribeir\u00e3o Preto","author":"ismaelcolosi.com.br","date":"16 de November de 2023","format":false,"excerpt":"O cantor Guilherme de S\u00e1 se apresenta em Ribeir\u00e3o Preto, nesta sexta-feira (17), no Theatro Pedro II, a partir das 20h, com o show \u2018Minimalista Tour\u2019. Os ingressos ainda est\u00e3o dispon\u00edveis. Cantor, compositor, escritor, produtor musical e arranjador brasileiro, Guilherme foi vocalista da banda Rosa de Saron de 2001 a\u2026","rel":"","context":"In &quot;Not\u00edcias de Ribeir\u00e3o Preto-SP e Regi\u00e3o&quot;","block_context":{"text":"Not\u00edcias de Ribeir\u00e3o Preto-SP e Regi\u00e3o","link":"https:\/\/ismaelcolosi.com.br\/index.php\/category\/noticias-de-ribeirao-preto-sp-e-regiao-ismael-colosi\/"},"img":{"alt_text":"","src":"https:\/\/i0.wp.com\/ismaelcolosi.com.br\/wp-content\/uploads\/2023\/11\/WhatsApp-Image-2023-09-01-at-15.04.23-1-1.jpeg?fit=1200%2C675&ssl=1&resize=350%2C200","width":350,"height":200,"srcset":"https:\/\/i0.wp.com\/ismaelcolosi.com.br\/wp-content\/uploads\/2023\/11\/WhatsApp-Image-2023-09-01-at-15.04.23-1-1.jpeg?fit=1200%2C675&ssl=1&resize=350%2C200 1x, https:\/\/i0.wp.com\/ismaelcolosi.com.br\/wp-content\/uploads\/2023\/11\/WhatsApp-Image-2023-09-01-at-15.04.23-1-1.jpeg?fit=1200%2C675&ssl=1&resize=525%2C300 1.5x, https:\/\/i0.wp.com\/ismaelcolosi.com.br\/wp-content\/uploads\/2023\/11\/WhatsApp-Image-2023-09-01-at-15.04.23-1-1.jpeg?fit=1200%2C675&ssl=1&resize=700%2C400 2x, https:\/\/i0.wp.com\/ismaelcolosi.com.br\/wp-content\/uploads\/2023\/11\/WhatsApp-Image-2023-09-01-at-15.04.23-1-1.jpeg?fit=1200%2C675&ssl=1&resize=1050%2C600 3x"},"classes":[]}],"jetpack_sharing_enabled":true,"jetpack_shortlink":"https:\/\/wp.me\/pfMlyK-eHW","_links":{"self":[{"href":"https:\/\/ismaelcolosi.com.br\/index.php\/wp-json\/wp\/v2\/posts\/56540","targetHints":{"allow":["GET"]}}],"collection":[{"href":"https:\/\/ismaelcolosi.com.br\/index.php\/wp-json\/wp\/v2\/posts"}],"about":[{"href":"https:\/\/ismaelcolosi.com.br\/index.php\/wp-json\/wp\/v2\/types\/post"}],"author":[{"embeddable":true,"href":"https:\/\/ismaelcolosi.com.br\/index.php\/wp-json\/wp\/v2\/users\/1"}],"replies":[{"embeddable":true,"href":"https:\/\/ismaelcolosi.com.br\/index.php\/wp-json\/wp\/v2\/comments?post=56540"}],"version-history":[{"count":0,"href":"https:\/\/ismaelcolosi.com.br\/index.php\/wp-json\/wp\/v2\/posts\/56540\/revisions"}],"wp:featuredmedia":[{"embeddable":true,"href":"https:\/\/ismaelcolosi.com.br\/index.php\/wp-json\/wp\/v2\/media\/56541"}],"wp:attachment":[{"href":"https:\/\/ismaelcolosi.com.br\/index.php\/wp-json\/wp\/v2\/media?parent=56540"}],"wp:term":[{"taxonomy":"category","embeddable":true,"href":"https:\/\/ismaelcolosi.com.br\/index.php\/wp-json\/wp\/v2\/categories?post=56540"},{"taxonomy":"post_tag","embeddable":true,"href":"https:\/\/ismaelcolosi.com.br\/index.php\/wp-json\/wp\/v2\/tags?post=56540"}],"curies":[{"name":"wp","href":"https:\/\/api.w.org\/{rel}","templated":true}]}}