{"id":56538,"date":"2024-07-12T13:02:50","date_gmt":"2024-07-12T16:02:50","guid":{"rendered":"https:\/\/ismaelcolosi.com.br\/index.php\/2024\/07\/12\/prefeitura-reabre-inscricoes-para-concurso-publico-com-71-vagas-na-regiao-de-ribeirao\/"},"modified":"2024-07-12T13:02:50","modified_gmt":"2024-07-12T16:02:50","slug":"prefeitura-reabre-inscricoes-para-concurso-publico-com-71-vagas-na-regiao-de-ribeirao","status":"publish","type":"post","link":"https:\/\/ismaelcolosi.com.br\/index.php\/2024\/07\/12\/prefeitura-reabre-inscricoes-para-concurso-publico-com-71-vagas-na-regiao-de-ribeirao\/","title":{"rendered":"Prefeitura reabre inscri\u00e7\u00f5es para concurso p\u00fablico com 71 vagas na regi\u00e3o de Ribeir\u00e3o"},"content":{"rendered":"<p> <br \/>\n<\/p>\n<div data-td-block-uid=\"tdi_106\">\n<div class=\"tdb-block-inner td-fix-index\">\n<p>A <strong>Prefeitura de Vista Alegre do Alto<\/strong>, na regi\u00e3o de<strong> Ribeir\u00e3o Preto<\/strong>, <strong>reabriu nesta sexta-feira<\/strong> (12), as <strong>inscri\u00e7\u00f5es<\/strong> para o <strong>concurso p\u00fablico com 71 vagas<\/strong>. Os <strong>sal\u00e1rios variam de R$ 2.436 a R$ 6.405<\/strong>, para jornadas de trabalho de 20h, 24h, 30h, 40h e 44h.<\/p>\n<p>Os <strong>interessados<\/strong> devem se inscrever pelo <strong>site da Vunesp <\/strong>(<strong><a href=\"https:\/\/www.vunesp.com.br\/PMVA2302\" target=\"_blank\" rel=\"noreferrer noopener nofollow\">clique aqui<\/a><\/strong>) at\u00e9 o dia <strong>13 de agosto<\/strong>. A <strong>taxa de inscri\u00e7\u00e3o<\/strong> varia de <strong>R$ 120 a R$ 150<\/strong>, dependendo do <strong>n\u00edvel de escolaridade<\/strong>.<\/p>\n<h2 class=\"wp-block-heading\"><strong>Confira as vagas por escolaridade:<\/strong><\/h2>\n<p><strong>Ensino M\u00e9dio Completo e ou curso t\u00e9cnico<\/strong><\/p>\n<ul>\n<li>agente de combate \u00e0s endemias (5 vagas)<\/li>\n<li>agente de saneamento (1 vaga)<\/li>\n<li>fiscal de obras e posturas (1 vaga)<\/li>\n<li>leiturista de hidr\u00f4metro (1 vaga)<\/li>\n<li>motorista CNH categoria \u201cD\u201d (2 vagas)<\/li>\n<li>motorista de ambul\u00e2ncia (1 vaga)<\/li>\n<li>operador de m\u00e1quinas (2 vagas)<\/li>\n<li>t\u00e9cnico em enfermagem (2 vagas)<\/li>\n<li>tratorista (1 vaga)<\/li>\n<\/ul>\n<p><strong>Ensino superior<\/strong><\/p>\n<ul>\n<li>advogado municipal (1 vaga)<\/li>\n<li>agente administrativo (10 vagas)<\/li>\n<li>analista de controle interno (1 vaga)<\/li>\n<li>assistente social (4 vagas)<\/li>\n<li>bibliotec\u00e1rio (1 vaga)<\/li>\n<li>coordenador pedag\u00f3gico (2 vagas)<\/li>\n<li>diretor de escola (2 vagas)<\/li>\n<li>educador social (1 vaga)<\/li>\n<li>enfermeiro (5 vagas)<\/li>\n<li>farmac\u00eautico (1 vaga)<\/li>\n<li>fiscal tribut\u00e1rio (1 vaga)<\/li>\n<li>fisioterapeuta (1 vaga)<\/li>\n<li>fonoaudi\u00f3logo (2 vagas)<\/li>\n<li>nutricionista (1 vaga)<\/li>\n<li>psic\u00f3logo (4 vagas)<\/li>\n<li>professor de educa\u00e7\u00e3o b\u00e1sica I \u2013 PEB I (11 vagas)<\/li>\n<li>professor de educa\u00e7\u00e3o b\u00e1sica II \u2013 PEB II nas \u00e1reas de arte (2 vagas), educa\u00e7\u00e3o especial (2 vagas), educa\u00e7\u00e3o f\u00edsica (2 vagas) e ingl\u00eas (1 vaga)<\/li>\n<\/ul>\n<h2 class=\"wp-block-heading\"><strong>Provas<\/strong><\/h2>\n<p>A data prevista para as provas objetiva e pr\u00e1tico-profissional \u00e9 de <strong>20 de outubro<\/strong>.<\/p>\n<p><strong><a href=\"https:\/\/documento.vunesp.com.br\/documento\/stream\/NTkxMjg1MA%3d%3d\" target=\"_blank\" rel=\"noreferrer noopener nofollow\">Clique aqui <\/a><\/strong>para acessar o <strong>edital completo<\/strong> do concurso. <\/p>\n<p>SAIBA MAIS <\/p>\n<p>F\u00e9rias no Museu: Casa de Portinari promove programa\u00e7\u00e3o gratuita; Confira<\/p>\n<h4 class=\"wp-block-heading\"><strong>FIQUE ON<\/strong><\/h4>\n<p>Fique ligado em tudo que acontece em Ribeir\u00e3o Preto e regi\u00e3o. Siga os perfis do\u00a0<strong>acidade on\u00a0<\/strong>no\u00a0<a href=\"https:\/\/www.instagram.com\/acidadeonribeirao\" target=\"_blank\" rel=\"noreferrer noopener\">Instagram<\/a>\u00a0e no\u00a0<a href=\"https:\/\/www.facebook.com\/acidadeonribeirao\" target=\"_blank\" rel=\"noreferrer noopener\">Facebook<\/a>.<\/p>\n<p>Receba not\u00edcias do acidade on no WhatsApp. Para entrar no grupo, basta\u00a0<a href=\"https:\/\/chat.whatsapp.com\/CdrZ6xrf7quD44Vw3WlPuZ\" target=\"_blank\" rel=\"noreferrer noopener\">clicar aqui<\/a>.<\/p>\n<p>Fa\u00e7a uma den\u00fancia ou sugira uma reportagem sobre Ribeir\u00e3o Preto e regi\u00e3o pelo WhatsApp: 16 99117 7802.<\/p>\n<p>VEJA TAMB\u00c9M<br \/>Por que a filha de Sandra morre em \u2018Renascer\u2019?<\/p>\n<p><!-- AI CONTENT END 1 -->\n<\/div>\n<\/div>\n<p><script async src=\"\/\/www.instagram.com\/embed.js\"><\/script><br \/>\n<br \/><br \/>\n<br \/><a href=\"https:\/\/www.acidadeon.com\/ribeiraopreto\/economia\/prefeitura-reabre-inscricoes-para-concurso-publico-com-71-vagas-na-regiao-de-ribeirao\/\">Source link <\/a><\/p>\n<div class='code-block code-block-4' style='margin: 8px auto 8px 0; text-align: left; display: block; clear: both;'>\n\ud83d\udce2 Aviso Legal\n\nO site ismaelcolosi.com.br atua apenas como um canal de divulga\u00e7\u00e3o de oportunidades de emprego e n\u00e3o se responsabiliza pelo processo seletivo, contrata\u00e7\u00e3o ou qualquer outra etapa relacionada \u00e0s vagas publicadas. Todas as informa\u00e7\u00f5es s\u00e3o de responsabilidade dos anunciantes.\n\n\u26a0\ufe0f Aten\u00e7\u00e3o! Nunca pague por promessas de emprego nem compre cursos que garantam contrata\u00e7\u00e3o. Desconfie de qualquer cobran\u00e7a para participar de sele\u00e7\u00f5es.\n\n\n\n<\/div>\n<!-- CONTENT END 1 -->\n","protected":false},"excerpt":{"rendered":"<p>A Prefeitura de Vista Alegre do Alto, na regi\u00e3o de Ribeir\u00e3o Preto, reabriu nesta sexta-feira (12), as inscri\u00e7\u00f5es para o concurso p\u00fablico com 71 vagas&#8230;.<\/p>\n","protected":false},"author":1,"featured_media":56539,"comment_status":"open","ping_status":"open","sticky":false,"template":"","format":"standard","meta":{"_uag_custom_page_level_css":"","advanced_seo_description":"","jetpack_seo_html_title":"","jetpack_seo_noindex":false,"jetpack_post_was_ever_published":false,"_jetpack_newsletter_access":"","_jetpack_dont_email_post_to_subs":false,"_jetpack_newsletter_tier_id":0,"_jetpack_memberships_contains_paywalled_content":false,"_jetpack_memberships_contains_paid_content":false,"footnotes":"","jetpack_publicize_message":"","jetpack_publicize_feature_enabled":true,"jetpack_social_post_already_shared":true,"jetpack_social_options":{"image_generator_settings":{"template":"highway","default_image_id":0,"font":"","enabled":false},"version":2}},"categories":[11],"tags":[],"class_list":["post-56538","post","type-post","status-publish","format-standard","has-post-thumbnail","hentry","category-noticias-de-ribeirao-preto-sp-e-regiao-ismael-colosi"],"jetpack_publicize_connections":[],"jetpack_featured_media_url":"https:\/\/i0.wp.com\/ismaelcolosi.com.br\/wp-content\/uploads\/2024\/07\/Copia-de-Copia-de-TAMANHO-EXATO-PARA-FOTOS-NO-SISTEMA-NOVO-8_2024-07-12_15-32-35_jpg_2024-07-12_15-32-35.webp.webp?fit=1200%2C675&ssl=1","uagb_featured_image_src":{"full":["https:\/\/i0.wp.com\/ismaelcolosi.com.br\/wp-content\/uploads\/2024\/07\/Copia-de-Copia-de-TAMANHO-EXATO-PARA-FOTOS-NO-SISTEMA-NOVO-8_2024-07-12_15-32-35_jpg_2024-07-12_15-32-35.webp.webp?fit=1200%2C675&ssl=1",1200,675,false],"thumbnail":["https:\/\/i0.wp.com\/ismaelcolosi.com.br\/wp-content\/uploads\/2024\/07\/Copia-de-Copia-de-TAMANHO-EXATO-PARA-FOTOS-NO-SISTEMA-NOVO-8_2024-07-12_15-32-35_jpg_2024-07-12_15-32-35.webp.webp?resize=150%2C150&ssl=1",150,150,true],"medium":["https:\/\/i0.wp.com\/ismaelcolosi.com.br\/wp-content\/uploads\/2024\/07\/Copia-de-Copia-de-TAMANHO-EXATO-PARA-FOTOS-NO-SISTEMA-NOVO-8_2024-07-12_15-32-35_jpg_2024-07-12_15-32-35.webp.webp?fit=300%2C169&ssl=1",300,169,true],"medium_large":["https:\/\/i0.wp.com\/ismaelcolosi.com.br\/wp-content\/uploads\/2024\/07\/Copia-de-Copia-de-TAMANHO-EXATO-PARA-FOTOS-NO-SISTEMA-NOVO-8_2024-07-12_15-32-35_jpg_2024-07-12_15-32-35.webp.webp?fit=768%2C432&ssl=1",768,432,true],"large":["https:\/\/i0.wp.com\/ismaelcolosi.com.br\/wp-content\/uploads\/2024\/07\/Copia-de-Copia-de-TAMANHO-EXATO-PARA-FOTOS-NO-SISTEMA-NOVO-8_2024-07-12_15-32-35_jpg_2024-07-12_15-32-35.webp.webp?fit=1024%2C576&ssl=1",1024,576,true],"1536x1536":["https:\/\/i0.wp.com\/ismaelcolosi.com.br\/wp-content\/uploads\/2024\/07\/Copia-de-Copia-de-TAMANHO-EXATO-PARA-FOTOS-NO-SISTEMA-NOVO-8_2024-07-12_15-32-35_jpg_2024-07-12_15-32-35.webp.webp?fit=1200%2C675&ssl=1",1200,675,true],"2048x2048":["https:\/\/i0.wp.com\/ismaelcolosi.com.br\/wp-content\/uploads\/2024\/07\/Copia-de-Copia-de-TAMANHO-EXATO-PARA-FOTOS-NO-SISTEMA-NOVO-8_2024-07-12_15-32-35_jpg_2024-07-12_15-32-35.webp.webp?fit=1200%2C675&ssl=1",1200,675,true],"really-simple-thumb":["https:\/\/i0.wp.com\/ismaelcolosi.com.br\/wp-content\/uploads\/2024\/07\/Copia-de-Copia-de-TAMANHO-EXATO-PARA-FOTOS-NO-SISTEMA-NOVO-8_2024-07-12_15-32-35_jpg_2024-07-12_15-32-35.webp.webp?resize=370%2C247&ssl=1",370,247,true]},"uagb_author_info":{"display_name":"ismaelcolosi.com.br","author_link":"https:\/\/ismaelcolosi.com.br\/index.php\/author\/vidareal-online\/"},"uagb_comment_info":0,"uagb_excerpt":"A Prefeitura de Vista Alegre do Alto, na regi\u00e3o de Ribeir\u00e3o Preto, reabriu nesta sexta-feira (12), as inscri\u00e7\u00f5es para o concurso p\u00fablico com 71 vagas....","jetpack-related-posts":[{"id":39632,"url":"https:\/\/ismaelcolosi.com.br\/index.php\/2024\/02\/27\/veja-cinco-concursos-publicos-com-vagas-abertas-em-ribeirao-preto-e-regiao\/","url_meta":{"origin":56538,"position":0},"title":"Veja cinco concursos p\u00fablicos com vagas abertas em Ribeir\u00e3o Preto e regi\u00e3o","author":"ismaelcolosi.com.br","date":"27 de February de 2024","format":false,"excerpt":"Os interessados em concorrer a uma vaga de concurso p\u00fablico contam com cinco processos seletivos dispon\u00edveis em Ribeir\u00e3o Preto e regi\u00e3o. Ao todo, s\u00e3o 87 vagas com sal\u00e1rios que podem chegar a R$ 10,2 mil. Confira os concursos p\u00fablicos: USP de Ribeir\u00e3o Preto A USP (Universidade de S\u00e3o Paulo) abriu\u2026","rel":"","context":"In &quot;Not\u00edcias de Ribeir\u00e3o Preto-SP e Regi\u00e3o&quot;","block_context":{"text":"Not\u00edcias de Ribeir\u00e3o Preto-SP e Regi\u00e3o","link":"https:\/\/ismaelcolosi.com.br\/index.php\/category\/noticias-de-ribeirao-preto-sp-e-regiao-ismael-colosi\/"},"img":{"alt_text":"","src":"https:\/\/i0.wp.com\/ismaelcolosi.com.br\/wp-content\/uploads\/2024\/02\/1709045486_concurso-publico-nacional-unificado-cesgranrio.jpg?fit=1200%2C798&ssl=1&resize=350%2C200","width":350,"height":200,"srcset":"https:\/\/i0.wp.com\/ismaelcolosi.com.br\/wp-content\/uploads\/2024\/02\/1709045486_concurso-publico-nacional-unificado-cesgranrio.jpg?fit=1200%2C798&ssl=1&resize=350%2C200 1x, https:\/\/i0.wp.com\/ismaelcolosi.com.br\/wp-content\/uploads\/2024\/02\/1709045486_concurso-publico-nacional-unificado-cesgranrio.jpg?fit=1200%2C798&ssl=1&resize=525%2C300 1.5x, https:\/\/i0.wp.com\/ismaelcolosi.com.br\/wp-content\/uploads\/2024\/02\/1709045486_concurso-publico-nacional-unificado-cesgranrio.jpg?fit=1200%2C798&ssl=1&resize=700%2C400 2x, https:\/\/i0.wp.com\/ismaelcolosi.com.br\/wp-content\/uploads\/2024\/02\/1709045486_concurso-publico-nacional-unificado-cesgranrio.jpg?fit=1200%2C798&ssl=1&resize=1050%2C600 3x"},"classes":[]},{"id":45782,"url":"https:\/\/ismaelcolosi.com.br\/index.php\/2024\/04\/07\/veja-quatro-concursos-publicos-com-as-inscricoes-abertas-no-interior-de-sp\/","url_meta":{"origin":56538,"position":1},"title":"Veja quatro concursos p\u00fablicos com as inscri\u00e7\u00f5es abertas no interior de SP","author":"ismaelcolosi.com.br","date":"7 de April de 2024","format":false,"excerpt":"Para quem est\u00e1 em busca de uma oportunidade de emprego no servi\u00e7o p\u00fablico, o acidade on Ribeir\u00e3o separou quatro concursos p\u00fablicos com as inscri\u00e7\u00f5es abertas no interior de S\u00e3o Paulo. S\u00e3o mais de 400 vagas e sal\u00e1rios de at\u00e9 R$ 8 mil. Prefeitura de Ribeir\u00e3o Preto A Prefeitura de Ribeir\u00e3o\u2026","rel":"","context":"In &quot;Not\u00edcias de Ribeir\u00e3o Preto-SP e Regi\u00e3o&quot;","block_context":{"text":"Not\u00edcias de Ribeir\u00e3o Preto-SP e Regi\u00e3o","link":"https:\/\/ismaelcolosi.com.br\/index.php\/category\/noticias-de-ribeirao-preto-sp-e-regiao-ismael-colosi\/"},"img":{"alt_text":"","src":"https:\/\/i0.wp.com\/ismaelcolosi.com.br\/wp-content\/uploads\/2024\/04\/prova-concurso-publico-2.jpg?fit=1200%2C801&ssl=1&resize=350%2C200","width":350,"height":200,"srcset":"https:\/\/i0.wp.com\/ismaelcolosi.com.br\/wp-content\/uploads\/2024\/04\/prova-concurso-publico-2.jpg?fit=1200%2C801&ssl=1&resize=350%2C200 1x, https:\/\/i0.wp.com\/ismaelcolosi.com.br\/wp-content\/uploads\/2024\/04\/prova-concurso-publico-2.jpg?fit=1200%2C801&ssl=1&resize=525%2C300 1.5x, https:\/\/i0.wp.com\/ismaelcolosi.com.br\/wp-content\/uploads\/2024\/04\/prova-concurso-publico-2.jpg?fit=1200%2C801&ssl=1&resize=700%2C400 2x, https:\/\/i0.wp.com\/ismaelcolosi.com.br\/wp-content\/uploads\/2024\/04\/prova-concurso-publico-2.jpg?fit=1200%2C801&ssl=1&resize=1050%2C600 3x"},"classes":[]},{"id":5300,"url":"https:\/\/ismaelcolosi.com.br\/index.php\/2023\/11\/23\/ribeirao-preto-prorroga-inscricoes-de-concurso-publico-com-39-vagas\/","url_meta":{"origin":56538,"position":2},"title":"Ribeir\u00e3o Preto prorroga inscri\u00e7\u00f5es de concurso p\u00fablico com 39 vagas","author":"ismaelcolosi.com.br","date":"23 de November de 2023","format":false,"excerpt":"A Prefeitura de Ribeir\u00e3o Preto prorrogou o prazo de inscri\u00e7\u00f5es de dois concursos p\u00fablicos com 39 vagas na \u00e1rea da sa\u00fade. O prazo terminaria nesta sexta-feira (24), mas foi prorrogado at\u00e9 as 16h de segunda-feira (27). De acordo com a RBO Concursos, organizadora da prova, a medida foi necess\u00e1ria por\u2026","rel":"","context":"In &quot;Not\u00edcias de Ribeir\u00e3o Preto-SP e Regi\u00e3o&quot;","block_context":{"text":"Not\u00edcias de Ribeir\u00e3o Preto-SP e Regi\u00e3o","link":"https:\/\/ismaelcolosi.com.br\/index.php\/category\/noticias-de-ribeirao-preto-sp-e-regiao-ismael-colosi\/"},"img":{"alt_text":"","src":"https:\/\/i0.wp.com\/ismaelcolosi.com.br\/wp-content\/uploads\/2023\/11\/medica.jpg?fit=1200%2C800&ssl=1&resize=350%2C200","width":350,"height":200,"srcset":"https:\/\/i0.wp.com\/ismaelcolosi.com.br\/wp-content\/uploads\/2023\/11\/medica.jpg?fit=1200%2C800&ssl=1&resize=350%2C200 1x, https:\/\/i0.wp.com\/ismaelcolosi.com.br\/wp-content\/uploads\/2023\/11\/medica.jpg?fit=1200%2C800&ssl=1&resize=525%2C300 1.5x, https:\/\/i0.wp.com\/ismaelcolosi.com.br\/wp-content\/uploads\/2023\/11\/medica.jpg?fit=1200%2C800&ssl=1&resize=700%2C400 2x, https:\/\/i0.wp.com\/ismaelcolosi.com.br\/wp-content\/uploads\/2023\/11\/medica.jpg?fit=1200%2C800&ssl=1&resize=1050%2C600 3x"},"classes":[]},{"id":792,"url":"https:\/\/ismaelcolosi.com.br\/index.php\/2023\/11\/09\/prefeitura-de-ribeirao-preto-abre-concurso-publico-com-9-vagas-e-salarios-de-r-5-mil\/","url_meta":{"origin":56538,"position":3},"title":"Prefeitura de Ribeir\u00e3o Preto abre concurso p\u00fablico com 9 vagas e sal\u00e1rios de R$ 5 mil","author":"ismaelcolosi.com.br","date":"9 de November de 2023","format":false,"excerpt":"A Prefeitura de Ribeir\u00e3o Preto publicou nesta quarta-feira (8) edital de concurso p\u00fablico com 9 vagas e sal\u00e1rios que variam entre R$ 5.144,66 e R$ 5.930,64. As vagas s\u00e3o de n\u00edvel superior e os aprovados ser\u00e3o lotados na Secretaria de Administra\u00e7\u00e3o. As inscri\u00e7\u00f5es dever\u00e3o ser realizadas no per\u00edodo entre 13\u2026","rel":"","context":"In &quot;Not\u00edcias de Ribeir\u00e3o Preto-SP e Regi\u00e3o&quot;","block_context":{"text":"Not\u00edcias de Ribeir\u00e3o Preto-SP e Regi\u00e3o","link":"https:\/\/ismaelcolosi.com.br\/index.php\/category\/noticias-de-ribeirao-preto-sp-e-regiao-ismael-colosi\/"},"img":{"alt_text":"","src":"https:\/\/i0.wp.com\/ismaelcolosi.com.br\/wp-content\/uploads\/2023\/11\/concurso-publico-16.jpg?fit=1200%2C801&ssl=1&resize=350%2C200","width":350,"height":200,"srcset":"https:\/\/i0.wp.com\/ismaelcolosi.com.br\/wp-content\/uploads\/2023\/11\/concurso-publico-16.jpg?fit=1200%2C801&ssl=1&resize=350%2C200 1x, https:\/\/i0.wp.com\/ismaelcolosi.com.br\/wp-content\/uploads\/2023\/11\/concurso-publico-16.jpg?fit=1200%2C801&ssl=1&resize=525%2C300 1.5x, https:\/\/i0.wp.com\/ismaelcolosi.com.br\/wp-content\/uploads\/2023\/11\/concurso-publico-16.jpg?fit=1200%2C801&ssl=1&resize=700%2C400 2x, https:\/\/i0.wp.com\/ismaelcolosi.com.br\/wp-content\/uploads\/2023\/11\/concurso-publico-16.jpg?fit=1200%2C801&ssl=1&resize=1050%2C600 3x"},"classes":[]},{"id":25513,"url":"https:\/\/ismaelcolosi.com.br\/index.php\/2024\/01\/07\/prefeitura-de-ribeirao-preto-abre-inscricoes-para-concurso-publico-nesta-segunda\/","url_meta":{"origin":56538,"position":4},"title":"Prefeitura de Ribeir\u00e3o Preto abre inscri\u00e7\u00f5es para concurso p\u00fablico nesta segunda","author":"ismaelcolosi.com.br","date":"7 de January de 2024","format":false,"excerpt":"A Prefeitura de Ribeir\u00e3o Preto abre nesta segunda-feira (8) as inscri\u00e7\u00f5es do concurso p\u00fablico com vagas na Secretaria Municipal de \u00c1gua e Esgoto (Saerp). S\u00e3o 16 vagas abertas com cargos para n\u00edveis fundamental, m\u00e9dio, t\u00e9cnico e superior, com sal\u00e1rios iniciais variando entre R$ 2.250 e R$ 5.645. O edital foi\u2026","rel":"","context":"In &quot;Not\u00edcias de Ribeir\u00e3o Preto-SP e Regi\u00e3o&quot;","block_context":{"text":"Not\u00edcias de Ribeir\u00e3o Preto-SP e Regi\u00e3o","link":"https:\/\/ismaelcolosi.com.br\/index.php\/category\/noticias-de-ribeirao-preto-sp-e-regiao-ismael-colosi\/"},"img":{"alt_text":"","src":"https:\/\/i0.wp.com\/ismaelcolosi.com.br\/wp-content\/uploads\/2024\/01\/man-5710164_1280.jpg?fit=1200%2C800&ssl=1&resize=350%2C200","width":350,"height":200,"srcset":"https:\/\/i0.wp.com\/ismaelcolosi.com.br\/wp-content\/uploads\/2024\/01\/man-5710164_1280.jpg?fit=1200%2C800&ssl=1&resize=350%2C200 1x, https:\/\/i0.wp.com\/ismaelcolosi.com.br\/wp-content\/uploads\/2024\/01\/man-5710164_1280.jpg?fit=1200%2C800&ssl=1&resize=525%2C300 1.5x, https:\/\/i0.wp.com\/ismaelcolosi.com.br\/wp-content\/uploads\/2024\/01\/man-5710164_1280.jpg?fit=1200%2C800&ssl=1&resize=700%2C400 2x, https:\/\/i0.wp.com\/ismaelcolosi.com.br\/wp-content\/uploads\/2024\/01\/man-5710164_1280.jpg?fit=1200%2C800&ssl=1&resize=1050%2C600 3x"},"classes":[]},{"id":70828,"url":"https:\/\/ismaelcolosi.com.br\/index.php\/2024\/10\/13\/veja-cinco-concursos-publicos-com-mais-de-110-vagas-no-interior-de-sp\/","url_meta":{"origin":56538,"position":5},"title":"Veja cinco concursos p\u00fablicos com mais de 110 vagas no interior de SP","author":"ismaelcolosi.com.br","date":"13 de October de 2024","format":false,"excerpt":"Os interessados em concorrer a uma vaga em concurso p\u00fablico contam com mais de 110 oportunidades em cinco editais dispon\u00edveis no interior de S\u00e3o Paulo. As oportunidades s\u00e3o para cargos de n\u00edvel m\u00e9dio, t\u00e9cnico e superior. Os sal\u00e1rios variam entre R$ 2,1 mil e R$ 12,6 mil. Confira a lista\u2026","rel":"","context":"In &quot;Not\u00edcias de Ribeir\u00e3o Preto-SP e Regi\u00e3o&quot;","block_context":{"text":"Not\u00edcias de Ribeir\u00e3o Preto-SP e Regi\u00e3o","link":"https:\/\/ismaelcolosi.com.br\/index.php\/category\/noticias-de-ribeirao-preto-sp-e-regiao-ismael-colosi\/"},"img":{"alt_text":"","src":"https:\/\/i0.wp.com\/ismaelcolosi.com.br\/wp-content\/uploads\/2024\/07\/Copia-de-Copia-de-TAMANHO-EXATO-PARA-FOTOS-NO-SISTEMA-NOVO-22_2024-07-24_20-00-55_jpg_2024-07-24_20-00-55.webp.webp?fit=1200%2C675&ssl=1&resize=350%2C200","width":350,"height":200,"srcset":"https:\/\/i0.wp.com\/ismaelcolosi.com.br\/wp-content\/uploads\/2024\/07\/Copia-de-Copia-de-TAMANHO-EXATO-PARA-FOTOS-NO-SISTEMA-NOVO-22_2024-07-24_20-00-55_jpg_2024-07-24_20-00-55.webp.webp?fit=1200%2C675&ssl=1&resize=350%2C200 1x, https:\/\/i0.wp.com\/ismaelcolosi.com.br\/wp-content\/uploads\/2024\/07\/Copia-de-Copia-de-TAMANHO-EXATO-PARA-FOTOS-NO-SISTEMA-NOVO-22_2024-07-24_20-00-55_jpg_2024-07-24_20-00-55.webp.webp?fit=1200%2C675&ssl=1&resize=525%2C300 1.5x, https:\/\/i0.wp.com\/ismaelcolosi.com.br\/wp-content\/uploads\/2024\/07\/Copia-de-Copia-de-TAMANHO-EXATO-PARA-FOTOS-NO-SISTEMA-NOVO-22_2024-07-24_20-00-55_jpg_2024-07-24_20-00-55.webp.webp?fit=1200%2C675&ssl=1&resize=700%2C400 2x, https:\/\/i0.wp.com\/ismaelcolosi.com.br\/wp-content\/uploads\/2024\/07\/Copia-de-Copia-de-TAMANHO-EXATO-PARA-FOTOS-NO-SISTEMA-NOVO-22_2024-07-24_20-00-55_jpg_2024-07-24_20-00-55.webp.webp?fit=1200%2C675&ssl=1&resize=1050%2C600 3x"},"classes":[]}],"jetpack_sharing_enabled":true,"jetpack_shortlink":"https:\/\/wp.me\/pfMlyK-eHU","_links":{"self":[{"href":"https:\/\/ismaelcolosi.com.br\/index.php\/wp-json\/wp\/v2\/posts\/56538","targetHints":{"allow":["GET"]}}],"collection":[{"href":"https:\/\/ismaelcolosi.com.br\/index.php\/wp-json\/wp\/v2\/posts"}],"about":[{"href":"https:\/\/ismaelcolosi.com.br\/index.php\/wp-json\/wp\/v2\/types\/post"}],"author":[{"embeddable":true,"href":"https:\/\/ismaelcolosi.com.br\/index.php\/wp-json\/wp\/v2\/users\/1"}],"replies":[{"embeddable":true,"href":"https:\/\/ismaelcolosi.com.br\/index.php\/wp-json\/wp\/v2\/comments?post=56538"}],"version-history":[{"count":0,"href":"https:\/\/ismaelcolosi.com.br\/index.php\/wp-json\/wp\/v2\/posts\/56538\/revisions"}],"wp:featuredmedia":[{"embeddable":true,"href":"https:\/\/ismaelcolosi.com.br\/index.php\/wp-json\/wp\/v2\/media\/56539"}],"wp:attachment":[{"href":"https:\/\/ismaelcolosi.com.br\/index.php\/wp-json\/wp\/v2\/media?parent=56538"}],"wp:term":[{"taxonomy":"category","embeddable":true,"href":"https:\/\/ismaelcolosi.com.br\/index.php\/wp-json\/wp\/v2\/categories?post=56538"},{"taxonomy":"post_tag","embeddable":true,"href":"https:\/\/ismaelcolosi.com.br\/index.php\/wp-json\/wp\/v2\/tags?post=56538"}],"curies":[{"name":"wp","href":"https:\/\/api.w.org\/{rel}","templated":true}]}}