{"id":56532,"date":"2024-07-12T12:34:30","date_gmt":"2024-07-12T15:34:30","guid":{"rendered":"https:\/\/ismaelcolosi.com.br\/index.php\/2024\/07\/12\/ferias-no-museu-casa-de-portinari-promove-programacao-gratuita-confira\/"},"modified":"2024-07-12T12:34:30","modified_gmt":"2024-07-12T15:34:30","slug":"ferias-no-museu-casa-de-portinari-promove-programacao-gratuita-confira","status":"publish","type":"post","link":"https:\/\/ismaelcolosi.com.br\/index.php\/2024\/07\/12\/ferias-no-museu-casa-de-portinari-promove-programacao-gratuita-confira\/","title":{"rendered":"F\u00e9rias no Museu: Casa de Portinari promove programa\u00e7\u00e3o gratuita; Confira"},"content":{"rendered":"<p> <br \/>\n<\/p>\n<div>\n<p>O <strong>Museu Casa de Portinari<\/strong> promove uma <strong>programa\u00e7\u00e3o gratuita<\/strong> para o projeto \u201c<strong>F\u00e9rias no Museu<\/strong>\u201d que acontece at\u00e9 o dia <strong>31 de julho<\/strong>. Entre as principais atividades est\u00e3o: oficinas, ateli\u00ea ao vivo, palestra e brincadeiras . <mark style=\"background-color:#fcb900\" class=\"has-inline-color has-black-color\">Confira a agenda completa:<\/mark><\/p>\n<h4 class=\"wp-block-heading\"><strong>Oficina de fantoche<\/strong><\/h4>\n<p>A oficina \u201c<strong>Menina de Fita e Palaninho<\/strong>\u201d \u00e9 ministrada por <strong>Rita Luciano<\/strong> e tem o intuito de ensinar a constru\u00e7\u00e3o dos bonecos e t\u00e9cnicas de manipula\u00e7\u00e3o e encena\u00e7\u00e3o. A oficina tem in\u00edcio neste <strong>s\u00e1bado (13)<\/strong> e acontece das <strong>10h<\/strong> <strong>\u00e0s 12h<\/strong> e das <strong>14h \u00e0s 16h<\/strong>. <\/p>\n<h4 class=\"wp-block-heading\"><strong>\u201cPra Te Contar\u201d<\/strong><\/h4>\n<p><strong>Tino Nascimento<\/strong> traz a arte de contar hist\u00f3rias por meio de personagens criados a partir de materiais recicl\u00e1veis. A atividade acontece no <strong>domingo (14)<\/strong>, das <strong>10h \u00e0s 12h <\/strong>e das <strong>14h \u00e0s 16h<\/strong>.<\/p>\n<h4 class=\"wp-block-heading\"><strong>Domingo com Arte \u2013 ateli\u00ea ao vivo e virtual<\/strong><\/h4>\n<p>O projeto acontece no segundo domingo de cada m\u00eas e tem o objetivo de proporcionar ao p\u00fablico o contato em tempo real com o fazer art\u00edstico. Nesta edi\u00e7\u00e3o, <strong>Antonio Ailton Rufato<\/strong> realiza o <strong>Ateli\u00ea ao Vivo<\/strong>. O artesanato local tamb\u00e9m estar\u00e1 presente. O evento acontece \u00e0s <strong>10h<\/strong>, no <strong>domingo (14)<\/strong>.<\/p>\n<p>A edi\u00e7\u00e3o virtual do \u201c<strong>Domingo com Arte<\/strong>\u201d traz <strong>Elenice<\/strong>, que utiliza a t\u00e9cnica de pintura em gesso. O evento acontece atrav\u00e9s das redes sociais <a href=\"https:\/\/www.instagram.com\/museucasadeportinari\/\" target=\"_blank\" rel=\"noreferrer noopener\">@museucasadeportinari<\/a>, \u00e0s<strong> 14h<\/strong>.<\/p>\n<h4 class=\"wp-block-heading\"><strong>Palestra \u201cCasa de Portinari: 54 anos de preserva\u00e7\u00e3o\u201d<\/strong><\/h4>\n<p>Dentro das a\u00e7\u00f5es do programa <strong>Conex\u00f5es Museus SP<\/strong>, em parceria com o <strong>SISEM<\/strong>, acontece a palestra \u201c<strong>Casa de Portinari: 54 anos de preserva\u00e7\u00e3o<\/strong>\u201d, em parceria com <strong>Julio Moraes<\/strong>, consultor de conserva\u00e7\u00e3o e restauro do Museu.<\/p>\n<p>O objetivo \u00e9 conscientizar equipes museol\u00f3gicas sobre a import\u00e2ncia de a\u00e7\u00f5es de preserva\u00e7\u00e3o do acervo e da edifica\u00e7\u00e3o, demonstrando tamb\u00e9m elementos do \u00faltimo restauro da institui\u00e7\u00e3o.<\/p>\n<p>O evento acontece na<strong> ter\u00e7a-feira (16)<\/strong>, no <strong>Museu Casa da Mem\u00f3ria Italiana<\/strong>, \u00e0s <strong>9h<\/strong>. \u00c9 necess\u00e1rio realizar a inscri\u00e7\u00e3o <strong>on-line<\/strong> (<a href=\"https:\/\/docs.google.com\/forms\/d\/e\/1FAIpQLSeA53oSz6czp54pJke19aN70_DkH6vLRRJR04OVFlPzuuqRFQ\/viewform\" target=\"_blank\" rel=\"noreferrer noopener\">clique aqui<\/a>).<\/p>\n<h4 class=\"wp-block-heading\"><strong>Oficina de customiza\u00e7\u00e3o de barcos de papel<\/strong><\/h4>\n<p>A atividade \u00e9 inspirada na canoagem e conta com t\u00e9cnicas de dobradura e customiza\u00e7\u00e3o da pe\u00e7a atrav\u00e9s de desenhos e colagens. A oficina \u00e9 realizada na <strong>quarta-feira (17)<\/strong>, das <strong>10h \u00e0s 12h<\/strong> e das <strong>14h \u00e0s 16h<\/strong>.<\/p>\n<h4 class=\"wp-block-heading\"><strong>F\u00e9rias no Museu \u2013 Brincandinho<\/strong><\/h4>\n<p>Al\u00e9m das oficinas, s\u00e3o propostas brincadeiras tradicionais, como pular corda, quebra-cabe\u00e7as, amarelinha, queimada, desenho, brincadeiras de roda e mais.<\/p>\n<p>Nesta edi\u00e7\u00e3o acontecem brincadeiras tem\u00e1ticas dos <strong>Jogos Ol\u00edmpicos<\/strong>, que acontecem entre <strong>26 de julho<\/strong> e <strong>11 de<\/strong> <strong>agosto<\/strong>, na <strong>Fran\u00e7a<\/strong>, como: futebol, v\u00f4lei, gin\u00e1stica r\u00edtmica e pingue-pongue. As atividades acontecem de <strong>ter\u00e7a-feira a domingo<\/strong> at\u00e9 o dia <strong>31 de julho<\/strong>, das <strong>9h \u00e0s 17h<\/strong>.<\/p>\n<h4 class=\"wp-block-heading\"><strong>Outras atividades do m\u00eas de julho<\/strong><\/h4>\n<ul>\n<li>Fam\u00edlia no Museu \u2013 Oficinas Art\u00edsticas<\/li>\n<\/ul>\n<p><strong>Data:<\/strong>\u00a020 e 21 de julho, das 10h \u00e0s 12h e das 14h \u00e0s 16h.<\/p>\n<ul>\n<li>Recrea\u00e7\u00e3o com o Tio Pita<\/li>\n<\/ul>\n<p><strong>Data:<\/strong>\u00a020 de julho, das 15h \u00e0s 17h.<\/p>\n<ul>\n<li>Oficina de Slime \u2013 Formas e Cores<\/li>\n<\/ul>\n<p><strong>Data:<\/strong>\u00a021 de julho, das 10h \u00e0s 12h e das 14h \u00e0s 16h.<\/p>\n<ul>\n<li>Oficina de Futebol de Bot\u00e3o<\/li>\n<\/ul>\n<p><strong>Data:<\/strong>\u00a024 de julho, das 10h \u00e0s 12h e das 14h \u00e0s 16h.<\/p>\n<p><strong>Data:<\/strong>\u00a026 de julho, \u00e0s 15h.<\/p>\n<ul>\n<li>Oficina Temperos de V\u00f3 \u201cMinha pequena horta na garrafa PET\u201d<\/li>\n<\/ul>\n<p><strong>Data:<\/strong>\u00a027 de julho, das 10h \u00e0s 12h e das 14h \u00e0s 16h.<\/p>\n<p><strong>Data:<\/strong>\u00a027 de julho, \u00e0s 10h.<\/p>\n<ul>\n<li>Pintura Artesanal \u2013 Oficina de Porta-Chaves do Museu<\/li>\n<\/ul>\n<p><strong>Data:<\/strong>\u00a028 de julho, das 10h \u00e0s 12h e das 14h \u00e0s 16h.<\/p>\n<p><strong>Data:<\/strong>\u00a028 de julho, \u00e0s 10h.<\/p>\n<p><strong>Data:<\/strong>\u00a031 de julho, das 10h \u00e0s 12h e das 14h \u00e0s 16h.<\/p>\n<p>Para maiores informa\u00e7\u00f5es, entre em contato atrav\u00e9s do telefone <strong>(16) 3664-4284<\/strong>. Ou ent\u00e3o, pelo e-mail contato@museucasadeportinari.org.br.<\/p>\n<p>SAIBA MAIS<br \/>Tributo ao Bee Gees e encontro de carros antigos: Veja o que fazer no fim de semana em Ribeir\u00e3o Preto<\/p>\n<h4 class=\"wp-block-heading\"><strong>FIQUE ON<\/strong><\/h4>\n<p>Fique ligado em tudo que acontece em Ribeir\u00e3o Preto e regi\u00e3o. Siga os perfis do <strong>acidade on <\/strong>no <a href=\"https:\/\/www.instagram.com\/acidadeonribeirao\" target=\"_blank\" rel=\"noreferrer noopener\">Instagram<\/a> e no <a href=\"https:\/\/www.facebook.com\/acidadeonribeirao\" target=\"_blank\" rel=\"noreferrer noopener\">Facebook<\/a>.<\/p>\n<p>Receba not\u00edcias do acidade on no WhatsApp. Para entrar no grupo, basta <a href=\"https:\/\/chat.whatsapp.com\/CdrZ6xrf7quD44Vw3WlPuZ\" target=\"_blank\" rel=\"noreferrer noopener\">clicar aqui<\/a>.<\/p>\n<p>Fa\u00e7a uma den\u00fancia ou sugira uma reportagem sobre Ribeir\u00e3o Preto e regi\u00e3o pelo WhatsApp: 16 99117 7802.<\/p>\n<p>VEJA TAMB\u00c9M<br \/>Por que a filha de Sandra morre em \u2018Renascer\u2019?<\/p>\n<p><!-- AI CONTENT END 1 -->\n<\/div>\n<p><script async src=\"\/\/www.instagram.com\/embed.js\"><\/script><br \/>\n<br \/><br \/>\n<br \/><a href=\"https:\/\/www.acidadeon.com\/ribeiraopreto\/lazer-e-cultura\/ferias-no-museu-casa-de-portinari-promove-programacao-gratuita-confira\/\">Source link <\/a><\/p>\n<div class='code-block code-block-4' style='margin: 8px auto 8px 0; text-align: left; display: block; clear: both;'>\n\ud83d\udce2 Aviso Legal\n\nO site ismaelcolosi.com.br atua apenas como um canal de divulga\u00e7\u00e3o de oportunidades de emprego e n\u00e3o se responsabiliza pelo processo seletivo, contrata\u00e7\u00e3o ou qualquer outra etapa relacionada \u00e0s vagas publicadas. Todas as informa\u00e7\u00f5es s\u00e3o de responsabilidade dos anunciantes.\n\n\u26a0\ufe0f Aten\u00e7\u00e3o! Nunca pague por promessas de emprego nem compre cursos que garantam contrata\u00e7\u00e3o. Desconfie de qualquer cobran\u00e7a para participar de sele\u00e7\u00f5es.\n\n\n\n<\/div>\n<!-- CONTENT END 1 -->\n","protected":false},"excerpt":{"rendered":"<p>O Museu Casa de Portinari promove uma programa\u00e7\u00e3o gratuita para o projeto \u201cF\u00e9rias no Museu\u201d que acontece at\u00e9 o dia 31 de julho. Entre as&#8230;<\/p>\n","protected":false},"author":1,"featured_media":56533,"comment_status":"open","ping_status":"open","sticky":false,"template":"","format":"standard","meta":{"_uag_custom_page_level_css":"","advanced_seo_description":"","jetpack_seo_html_title":"","jetpack_seo_noindex":false,"jetpack_post_was_ever_published":false,"_jetpack_newsletter_access":"","_jetpack_dont_email_post_to_subs":false,"_jetpack_newsletter_tier_id":0,"_jetpack_memberships_contains_paywalled_content":false,"_jetpack_memberships_contains_paid_content":false,"footnotes":"","jetpack_publicize_message":"","jetpack_publicize_feature_enabled":true,"jetpack_social_post_already_shared":true,"jetpack_social_options":{"image_generator_settings":{"template":"highway","default_image_id":0,"font":"","enabled":false},"version":2}},"categories":[11],"tags":[],"class_list":["post-56532","post","type-post","status-publish","format-standard","has-post-thumbnail","hentry","category-noticias-de-ribeirao-preto-sp-e-regiao-ismael-colosi"],"jetpack_publicize_connections":[],"jetpack_featured_media_url":"https:\/\/i0.wp.com\/ismaelcolosi.com.br\/wp-content\/uploads\/2024\/07\/e592a339-3e52-4970-943d-2d20643e9b7b_2024-07-12_14-30-44_jpeg_2024-07-12_14-30-45.webp.webp?fit=1525%2C1525&ssl=1","uagb_featured_image_src":{"full":["https:\/\/i0.wp.com\/ismaelcolosi.com.br\/wp-content\/uploads\/2024\/07\/e592a339-3e52-4970-943d-2d20643e9b7b_2024-07-12_14-30-44_jpeg_2024-07-12_14-30-45.webp.webp?fit=1525%2C1525&ssl=1",1525,1525,false],"thumbnail":["https:\/\/i0.wp.com\/ismaelcolosi.com.br\/wp-content\/uploads\/2024\/07\/e592a339-3e52-4970-943d-2d20643e9b7b_2024-07-12_14-30-44_jpeg_2024-07-12_14-30-45.webp.webp?resize=150%2C150&ssl=1",150,150,true],"medium":["https:\/\/i0.wp.com\/ismaelcolosi.com.br\/wp-content\/uploads\/2024\/07\/e592a339-3e52-4970-943d-2d20643e9b7b_2024-07-12_14-30-44_jpeg_2024-07-12_14-30-45.webp.webp?fit=300%2C300&ssl=1",300,300,true],"medium_large":["https:\/\/i0.wp.com\/ismaelcolosi.com.br\/wp-content\/uploads\/2024\/07\/e592a339-3e52-4970-943d-2d20643e9b7b_2024-07-12_14-30-44_jpeg_2024-07-12_14-30-45.webp.webp?fit=768%2C768&ssl=1",768,768,true],"large":["https:\/\/i0.wp.com\/ismaelcolosi.com.br\/wp-content\/uploads\/2024\/07\/e592a339-3e52-4970-943d-2d20643e9b7b_2024-07-12_14-30-44_jpeg_2024-07-12_14-30-45.webp.webp?fit=1024%2C1024&ssl=1",1024,1024,true],"1536x1536":["https:\/\/i0.wp.com\/ismaelcolosi.com.br\/wp-content\/uploads\/2024\/07\/e592a339-3e52-4970-943d-2d20643e9b7b_2024-07-12_14-30-44_jpeg_2024-07-12_14-30-45.webp.webp?fit=1525%2C1525&ssl=1",1525,1525,true],"2048x2048":["https:\/\/i0.wp.com\/ismaelcolosi.com.br\/wp-content\/uploads\/2024\/07\/e592a339-3e52-4970-943d-2d20643e9b7b_2024-07-12_14-30-44_jpeg_2024-07-12_14-30-45.webp.webp?fit=1525%2C1525&ssl=1",1525,1525,true],"really-simple-thumb":["https:\/\/i0.wp.com\/ismaelcolosi.com.br\/wp-content\/uploads\/2024\/07\/e592a339-3e52-4970-943d-2d20643e9b7b_2024-07-12_14-30-44_jpeg_2024-07-12_14-30-45.webp.webp?resize=370%2C247&ssl=1",370,247,true]},"uagb_author_info":{"display_name":"ismaelcolosi.com.br","author_link":"https:\/\/ismaelcolosi.com.br\/index.php\/author\/vidareal-online\/"},"uagb_comment_info":0,"uagb_excerpt":"O Museu Casa de Portinari promove uma programa\u00e7\u00e3o gratuita para o projeto \u201cF\u00e9rias no Museu\u201d que acontece at\u00e9 o dia 31 de julho. Entre as...","jetpack-related-posts":[{"id":27577,"url":"https:\/\/ismaelcolosi.com.br\/index.php\/2024\/01\/12\/confira-as-atividades-do-museu-casa-de-portinari-para-os-proximos-dias\/","url_meta":{"origin":56532,"position":0},"title":"Confira as atividades do Museu Casa de Portinari para os pr\u00f3ximos dias","author":"ismaelcolosi.com.br","date":"12 de January de 2024","format":false,"excerpt":"Os destaques s\u00e3o uma pe\u00e7a de teatro que conta de forma l\u00fadica a inf\u00e2ncia de Candido Portinari e a 11\u00aa edi\u00e7\u00e3o do #MuseumSelfieDay, que convida visitantes de museus do mundo inteiro a compartilharem suas impress\u00f5es sobre as mostras visitadas.Al\u00e9m disso, o projeto \u201cF\u00e9rias no Museu\u201d continua a todo o vapor,\u2026","rel":"","context":"In &quot;Not\u00edcias de Ribeir\u00e3o Preto-SP e Regi\u00e3o&quot;","block_context":{"text":"Not\u00edcias de Ribeir\u00e3o Preto-SP e Regi\u00e3o","link":"https:\/\/ismaelcolosi.com.br\/index.php\/category\/noticias-de-ribeirao-preto-sp-e-regiao-ismael-colosi\/"},"img":{"alt_text":"","src":"https:\/\/i0.wp.com\/ismaelcolosi.com.br\/wp-content\/uploads\/2024\/01\/download.png?fit=524%2C295&ssl=1&resize=350%2C200","width":350,"height":200},"classes":[]},{"id":36433,"url":"https:\/\/ismaelcolosi.com.br\/index.php\/2024\/02\/09\/casa-de-portinari-tem-programacao-gratuita-de-carnaval-na-regiao-de-ribeirao-preto\/","url_meta":{"origin":56532,"position":1},"title":"Casa de Portinari tem programa\u00e7\u00e3o gratuita de Carnaval na regi\u00e3o de Ribeir\u00e3o Preto","author":"ismaelcolosi.com.br","date":"9 de February de 2024","format":false,"excerpt":"O Museu Casa de Portinari, em Brodowski, na regi\u00e3o de Ribeir\u00e3o Preto, promove uma programa\u00e7\u00e3o especial e gratuita para o Carnaval. A programa\u00e7\u00e3o iniciou nesta sexta-feira (9) e vai at\u00e9 o dia 13. Entre as atividades est\u00e3o: conta\u00e7\u00e3o de hist\u00f3ria, instala\u00e7\u00e3o interativa, apresenta\u00e7\u00e3o de mestre-sala e porta-bandeira de Batatais e\u2026","rel":"","context":"In &quot;Not\u00edcias de Ribeir\u00e3o Preto-SP e Regi\u00e3o&quot;","block_context":{"text":"Not\u00edcias de Ribeir\u00e3o Preto-SP e Regi\u00e3o","link":"https:\/\/ismaelcolosi.com.br\/index.php\/category\/noticias-de-ribeirao-preto-sp-e-regiao-ismael-colosi\/"},"img":{"alt_text":"","src":"https:\/\/i0.wp.com\/ismaelcolosi.com.br\/wp-content\/uploads\/2024\/02\/museu_casa_1024x576_15072020113515.jpg?fit=1024%2C576&ssl=1&resize=350%2C200","width":350,"height":200,"srcset":"https:\/\/i0.wp.com\/ismaelcolosi.com.br\/wp-content\/uploads\/2024\/02\/museu_casa_1024x576_15072020113515.jpg?fit=1024%2C576&ssl=1&resize=350%2C200 1x, https:\/\/i0.wp.com\/ismaelcolosi.com.br\/wp-content\/uploads\/2024\/02\/museu_casa_1024x576_15072020113515.jpg?fit=1024%2C576&ssl=1&resize=525%2C300 1.5x, https:\/\/i0.wp.com\/ismaelcolosi.com.br\/wp-content\/uploads\/2024\/02\/museu_casa_1024x576_15072020113515.jpg?fit=1024%2C576&ssl=1&resize=700%2C400 2x"},"classes":[]},{"id":49391,"url":"https:\/\/ismaelcolosi.com.br\/index.php\/2024\/05\/10\/confira-a-programacao-do-dia-das-maes-no-museu-casa-de-portinari-na-regiao-de-ribeirao\/","url_meta":{"origin":56532,"position":2},"title":"Confira a programa\u00e7\u00e3o do \u2018Dia das M\u00e3es\u2019 no Museu Casa de Portinari na regi\u00e3o de Ribeir\u00e3o","author":"ismaelcolosi.com.br","date":"10 de May de 2024","format":false,"excerpt":"O Museu Casa de Portinari, que fica em Brodowski, na regi\u00e3o de Ribeir\u00e3o Preto, tem programa\u00e7\u00e3o especial para o \u201cDia das M\u00e3es\u201d neste domingo (12) (veja abaixo). Al\u00e9m da tradicional Feira de Artesanato, que re\u00fane artistas locais e da regi\u00e3o, no s\u00e1bado (11) e no domingo, haver\u00e1 uma apresenta\u00e7\u00e3o de\u2026","rel":"","context":"In &quot;Not\u00edcias de Ribeir\u00e3o Preto-SP e Regi\u00e3o&quot;","block_context":{"text":"Not\u00edcias de Ribeir\u00e3o Preto-SP e Regi\u00e3o","link":"https:\/\/ismaelcolosi.com.br\/index.php\/category\/noticias-de-ribeirao-preto-sp-e-regiao-ismael-colosi\/"},"img":{"alt_text":"","src":"https:\/\/i0.wp.com\/ismaelcolosi.com.br\/wp-content\/uploads\/2024\/05\/1f896dfc-dc2c-4b5d-8fe4-2042e6d380b8_2024-05-10_15-45-03_jpg_2024-05-10_15-45-05-scaled.webp.webp?fit=1200%2C900&ssl=1&resize=350%2C200","width":350,"height":200,"srcset":"https:\/\/i0.wp.com\/ismaelcolosi.com.br\/wp-content\/uploads\/2024\/05\/1f896dfc-dc2c-4b5d-8fe4-2042e6d380b8_2024-05-10_15-45-03_jpg_2024-05-10_15-45-05-scaled.webp.webp?fit=1200%2C900&ssl=1&resize=350%2C200 1x, https:\/\/i0.wp.com\/ismaelcolosi.com.br\/wp-content\/uploads\/2024\/05\/1f896dfc-dc2c-4b5d-8fe4-2042e6d380b8_2024-05-10_15-45-03_jpg_2024-05-10_15-45-05-scaled.webp.webp?fit=1200%2C900&ssl=1&resize=525%2C300 1.5x, https:\/\/i0.wp.com\/ismaelcolosi.com.br\/wp-content\/uploads\/2024\/05\/1f896dfc-dc2c-4b5d-8fe4-2042e6d380b8_2024-05-10_15-45-03_jpg_2024-05-10_15-45-05-scaled.webp.webp?fit=1200%2C900&ssl=1&resize=700%2C400 2x, https:\/\/i0.wp.com\/ismaelcolosi.com.br\/wp-content\/uploads\/2024\/05\/1f896dfc-dc2c-4b5d-8fe4-2042e6d380b8_2024-05-10_15-45-03_jpg_2024-05-10_15-45-05-scaled.webp.webp?fit=1200%2C900&ssl=1&resize=1050%2C600 3x"},"classes":[]},{"id":28066,"url":"https:\/\/ismaelcolosi.com.br\/index.php\/2024\/01\/14\/casa-da-memoria-italiana-tem-programacao-gratuita-para-as-ferias-em-ribeirao-preto\/","url_meta":{"origin":56532,"position":3},"title":"Casa da Mem\u00f3ria Italiana tem programa\u00e7\u00e3o gratuita para as f\u00e9rias em Ribeir\u00e3o Preto","author":"ismaelcolosi.com.br","date":"14 de January de 2024","format":false,"excerpt":"O Museu Casa da Mem\u00f3ria Italiana, em Ribeir\u00e3o Preto, anunciou uma programa\u00e7\u00e3o especial de f\u00e9rias nos dias 20 e 27 de janeiro. A a\u00e7\u00e3o faz parte do in\u00edcio da celebra\u00e7\u00e3o dos 150 anos da imigra\u00e7\u00e3o italiana no Brasil. Voltada para crian\u00e7as de 6 a 12 anos, o museu pretende unir\u2026","rel":"","context":"In &quot;Not\u00edcias de Ribeir\u00e3o Preto-SP e Regi\u00e3o&quot;","block_context":{"text":"Not\u00edcias de Ribeir\u00e3o Preto-SP e Regi\u00e3o","link":"https:\/\/ismaelcolosi.com.br\/index.php\/category\/noticias-de-ribeirao-preto-sp-e-regiao-ismael-colosi\/"},"img":{"alt_text":"","src":"https:\/\/i0.wp.com\/ismaelcolosi.com.br\/wp-content\/uploads\/2024\/01\/WhatsApp-Image-2024-01-12-at-15.11.37.jpeg?fit=1200%2C675&ssl=1&resize=350%2C200","width":350,"height":200,"srcset":"https:\/\/i0.wp.com\/ismaelcolosi.com.br\/wp-content\/uploads\/2024\/01\/WhatsApp-Image-2024-01-12-at-15.11.37.jpeg?fit=1200%2C675&ssl=1&resize=350%2C200 1x, https:\/\/i0.wp.com\/ismaelcolosi.com.br\/wp-content\/uploads\/2024\/01\/WhatsApp-Image-2024-01-12-at-15.11.37.jpeg?fit=1200%2C675&ssl=1&resize=525%2C300 1.5x, https:\/\/i0.wp.com\/ismaelcolosi.com.br\/wp-content\/uploads\/2024\/01\/WhatsApp-Image-2024-01-12-at-15.11.37.jpeg?fit=1200%2C675&ssl=1&resize=700%2C400 2x, https:\/\/i0.wp.com\/ismaelcolosi.com.br\/wp-content\/uploads\/2024\/01\/WhatsApp-Image-2024-01-12-at-15.11.37.jpeg?fit=1200%2C675&ssl=1&resize=1050%2C600 3x"},"classes":[]},{"id":37955,"url":"https:\/\/ismaelcolosi.com.br\/index.php\/2024\/02\/19\/casa-da-memoria-italiana-tem-programacao-especial-em-ribeirao\/","url_meta":{"origin":56532,"position":4},"title":"Casa da Mem\u00f3ria Italiana tem programa\u00e7\u00e3o especial em Ribeir\u00e3o","author":"ismaelcolosi.com.br","date":"19 de February de 2024","format":false,"excerpt":"O Museu Casa da Mem\u00f3ria Italiana de Ribeir\u00e3o Preto promove uma programa\u00e7\u00e3o especial para comemorar os 150 anos da imigra\u00e7\u00e3o italiana, entre os dias 21 e 24 de fevereiro. A entrada \u00e9 gratuita. Confira a programa\u00e7\u00e3o: 19h:\u00a0abertura da\u00a0exposi\u00e7\u00e3o \u201dFor\u00e7a Italiana. Hist\u00f3rias de Fam\u00edlia\u201d, e relan\u00e7amento do livro de mesmo nome,\u2026","rel":"","context":"In &quot;Not\u00edcias de Ribeir\u00e3o Preto-SP e Regi\u00e3o&quot;","block_context":{"text":"Not\u00edcias de Ribeir\u00e3o Preto-SP e Regi\u00e3o","link":"https:\/\/ismaelcolosi.com.br\/index.php\/category\/noticias-de-ribeirao-preto-sp-e-regiao-ismael-colosi\/"},"img":{"alt_text":"","src":"https:\/\/i0.wp.com\/ismaelcolosi.com.br\/wp-content\/uploads\/2024\/02\/museu-da-memoria-italiana.jpg?fit=499%2C316&ssl=1&resize=350%2C200","width":350,"height":200},"classes":[]},{"id":55007,"url":"https:\/\/ismaelcolosi.com.br\/index.php\/2024\/06\/29\/ferias-de-julho-sete-locais-em-ribeirao-preto-e-regiao-para-curtir-em-familia\/","url_meta":{"origin":56532,"position":5},"title":"F\u00e9rias de julho: Sete locais em Ribeir\u00e3o Preto e regi\u00e3o para curtir em fam\u00edlia","author":"ismaelcolosi.com.br","date":"29 de June de 2024","format":false,"excerpt":"Julho \u00e9 o m\u00eas em que os pais buscam op\u00e7\u00f5es de lazer para sair da rotina com os filhos durante as f\u00e9rias escolares. Pensando nisso, o acidade on preparou uma lista com sete locais para curtir em fam\u00edlia, que ficam em Ribeir\u00e3o Preto, Brodowski e Sert\u00e3ozinho. Todos com entrada gratuita.\u2026","rel":"","context":"In &quot;Not\u00edcias de Ribeir\u00e3o Preto-SP e Regi\u00e3o&quot;","block_context":{"text":"Not\u00edcias de Ribeir\u00e3o Preto-SP e Regi\u00e3o","link":"https:\/\/ismaelcolosi.com.br\/index.php\/category\/noticias-de-ribeirao-preto-sp-e-regiao-ismael-colosi\/"},"img":{"alt_text":"","src":"https:\/\/i0.wp.com\/ismaelcolosi.com.br\/wp-content\/uploads\/2024\/06\/bb822011-2f61-4abe-9370-40ddfa249447_2024-06-28_18-46-04_jpeg_2024-06-28_18-46-05.webp.webp?fit=1200%2C900&ssl=1&resize=350%2C200","width":350,"height":200,"srcset":"https:\/\/i0.wp.com\/ismaelcolosi.com.br\/wp-content\/uploads\/2024\/06\/bb822011-2f61-4abe-9370-40ddfa249447_2024-06-28_18-46-04_jpeg_2024-06-28_18-46-05.webp.webp?fit=1200%2C900&ssl=1&resize=350%2C200 1x, https:\/\/i0.wp.com\/ismaelcolosi.com.br\/wp-content\/uploads\/2024\/06\/bb822011-2f61-4abe-9370-40ddfa249447_2024-06-28_18-46-04_jpeg_2024-06-28_18-46-05.webp.webp?fit=1200%2C900&ssl=1&resize=525%2C300 1.5x, https:\/\/i0.wp.com\/ismaelcolosi.com.br\/wp-content\/uploads\/2024\/06\/bb822011-2f61-4abe-9370-40ddfa249447_2024-06-28_18-46-04_jpeg_2024-06-28_18-46-05.webp.webp?fit=1200%2C900&ssl=1&resize=700%2C400 2x, https:\/\/i0.wp.com\/ismaelcolosi.com.br\/wp-content\/uploads\/2024\/06\/bb822011-2f61-4abe-9370-40ddfa249447_2024-06-28_18-46-04_jpeg_2024-06-28_18-46-05.webp.webp?fit=1200%2C900&ssl=1&resize=1050%2C600 3x"},"classes":[]}],"jetpack_sharing_enabled":true,"jetpack_shortlink":"https:\/\/wp.me\/pfMlyK-eHO","_links":{"self":[{"href":"https:\/\/ismaelcolosi.com.br\/index.php\/wp-json\/wp\/v2\/posts\/56532","targetHints":{"allow":["GET"]}}],"collection":[{"href":"https:\/\/ismaelcolosi.com.br\/index.php\/wp-json\/wp\/v2\/posts"}],"about":[{"href":"https:\/\/ismaelcolosi.com.br\/index.php\/wp-json\/wp\/v2\/types\/post"}],"author":[{"embeddable":true,"href":"https:\/\/ismaelcolosi.com.br\/index.php\/wp-json\/wp\/v2\/users\/1"}],"replies":[{"embeddable":true,"href":"https:\/\/ismaelcolosi.com.br\/index.php\/wp-json\/wp\/v2\/comments?post=56532"}],"version-history":[{"count":0,"href":"https:\/\/ismaelcolosi.com.br\/index.php\/wp-json\/wp\/v2\/posts\/56532\/revisions"}],"wp:featuredmedia":[{"embeddable":true,"href":"https:\/\/ismaelcolosi.com.br\/index.php\/wp-json\/wp\/v2\/media\/56533"}],"wp:attachment":[{"href":"https:\/\/ismaelcolosi.com.br\/index.php\/wp-json\/wp\/v2\/media?parent=56532"}],"wp:term":[{"taxonomy":"category","embeddable":true,"href":"https:\/\/ismaelcolosi.com.br\/index.php\/wp-json\/wp\/v2\/categories?post=56532"},{"taxonomy":"post_tag","embeddable":true,"href":"https:\/\/ismaelcolosi.com.br\/index.php\/wp-json\/wp\/v2\/tags?post=56532"}],"curies":[{"name":"wp","href":"https:\/\/api.w.org\/{rel}","templated":true}]}}