{"id":56528,"date":"2024-07-12T12:22:00","date_gmt":"2024-07-12T15:22:00","guid":{"rendered":"https:\/\/ismaelcolosi.com.br\/index.php\/2024\/07\/12\/consumidores-do-interior-de-sp-levam-r-500-mil-na-nota-fiscal-paulista\/"},"modified":"2024-07-12T12:22:00","modified_gmt":"2024-07-12T15:22:00","slug":"consumidores-do-interior-de-sp-levam-r-500-mil-na-nota-fiscal-paulista","status":"publish","type":"post","link":"https:\/\/ismaelcolosi.com.br\/index.php\/2024\/07\/12\/consumidores-do-interior-de-sp-levam-r-500-mil-na-nota-fiscal-paulista\/","title":{"rendered":"Consumidores do interior de SP levam R$ 500 mil na Nota Fiscal Paulista"},"content":{"rendered":"<p> <br \/>\n<\/p>\n<div>\n<p>Um morador de <strong>Mau\u00e1<\/strong>, na Grande S\u00e3o Paulo, foi o vencedor do <mark style=\"background-color:#fcb900\" class=\"has-inline-color has-black-color\">pr\u00eamio de R$ 1 milh\u00e3o da<strong> Nota Fiscal Paulista <\/strong>no m\u00eas de julho.<\/mark> Al\u00e9m disso, quatro consumidores do <strong>interior de S\u00e3o Paulo <\/strong>v\u00e3o levar o pr\u00eamio de R$ 500 mil, cada um \u2013 dois desses sortudos moram em <strong>Campinas<\/strong>, j\u00e1 os outros em <strong>Ara\u00e7oiaba da Serra<\/strong> e <strong>Catanduva<\/strong>.<\/p>\n<p>O vencedor do pr\u00eamio principal concorreu com tr\u00eas bilhetes eletr\u00f4nicos, segundo a <strong><a href=\"https:\/\/portal.fazenda.sp.gov.br\/\" target=\"_blank\" rel=\"noreferrer noopener nofollow\">Secretaria da Fazenda e Planejamento de S\u00e3o Paulo<\/a><\/strong>. Ele fez suas compras no com\u00e9rcio paulista em mar\u00e7o deste ano e colocou o CPF das notas fiscais.<\/p>\n<p>A 188\u00aa extra\u00e7\u00e3o da <strong>Nota Fiscal Paulista<\/strong> tamb\u00e9m vai premiar 10 consumidores \u2013 sendo tr\u00eas do interior de S\u00e3o Paulo \u2013 com R$ 100 mil.<\/p>\n<h4 class=\"wp-block-heading\"><strong>Entidades<\/strong><\/h4>\n<p>A Nota Fiscal Paulista tamb\u00e9m premiar\u00e1 cinco entidades do estado. Em julho, quem leva os R$ 100 mil s\u00e3o:<\/p>\n<ul>\n<li>Grupo de Prote\u00e7\u00e3o aos Animais Carentes (Gpac), de Limeira;<\/li>\n<\/ul>\n<ul>\n<li>Associa\u00e7\u00e3o de Reinser\u00e7\u00e3o Social de Crian\u00e7as e Adolescentes (Arca), de Ara\u00e7atuba;<\/li>\n<\/ul>\n<ul>\n<li>Instituto Verdescola, de S\u00e3o Sebasti\u00e3o;<\/li>\n<\/ul>\n<ul>\n<li>Instituto Prof, de S\u00e3o Paulo<\/li>\n<\/ul>\n<ul>\n<li>Associa\u00e7\u00e3o Filantr\u00f3pica Cat\u00f3lica Ortodoxa, de Santos.<\/li>\n<\/ul>\n<p>As institui\u00e7\u00f5es filantr\u00f3picas concorreram ainda a outros 50 pr\u00eamios de R$ 10 mil. Outras pessoas f\u00edsicas e condom\u00ednios foram sorteados com 10 pr\u00eamios de R$ 100 mil, 15 de R$ 50 mil, 20 de R$ 10 mil, 50 de R$ 5 mil e 500 pr\u00eamios de R$ 1 mil.<\/p>\n<p><mark style=\"background-color:#fcb900\" class=\"has-inline-color has-black-color\">No total foram sorteados 655 pr\u00eamios que somam R$ 6,7 milh\u00f5es.<\/mark> Consumidores de todo o Pa\u00eds podem participar do programa, basta indicar seu CPF nos documentos fiscais emitidos por com\u00e9rcios paulistas participantes da Nota Fiscal Paulista. Para concorrer aos sorteios e ter acesso aos cr\u00e9ditos \u00e9 s\u00f3 se cadastrar no programa, saiba como.\u00a0<\/p>\n<h4 class=\"wp-block-heading\"><strong>Resultado\u200b\u200b\u200b<\/strong><\/h4>\n<p>\u200bO resultado est\u00e1 dispon\u00edvel no<strong><a href=\"https:\/\/portal.fazenda.sp.gov.br\/\" target=\"_blank\" rel=\"noreferrer noopener nofollow\"> site da Sefaz-SP<\/a><\/strong>. Para verificar, basta acessar o sistema com o CPF e senha cadastrada e clicar na aba Sorteios &gt; Visualizar Sorteios &gt; Sorteio n\u00ba 188.\u00a0<\/p>\n<p>SAIBA MAIS<br \/>Interior de SP fica em aten\u00e7\u00e3o para chuva nesta sexta-feira; Veja as regi\u00f5es<\/p>\n<h4 class=\"wp-block-heading\"><strong>FIQUE ON<\/strong><\/h4>\n<p>Fique ligado em tudo que acontece em Ribeir\u00e3o Preto e regi\u00e3o. Siga os perfis do <strong>acidade on<\/strong> no<a href=\"https:\/\/www.instagram.com\/acidadeonribeirao\" target=\"_blank\" rel=\"noreferrer noopener nofollow\"> Instagram<\/a> e no <a href=\"https:\/\/www.facebook.com\/acidadeonribeirao\/\" target=\"_blank\" rel=\"noreferrer noopener nofollow\">Facebook<\/a>.<\/p>\n<p>Receba not\u00edcias do <strong>acidade on <\/strong>no WhatsApp.<a href=\"https:\/\/chat.whatsapp.com\/CdrZ6xrf7quD44Vw3WlPuZ\" target=\"_blank\" rel=\"noreferrer noopener nofollow\"> Para entrar no grupo, basta clicar aqui.<\/a><\/p>\n<p>Fa\u00e7a uma den\u00fancia ou sugira uma reportagem sobre Ribeir\u00e3o Preto e regi\u00e3o pelo WhatsApp: 16 99117 7802.<\/p>\n<p>VEJA TAMB\u00c9M<br \/>Como impedir de ser colocado em grupos\u00a0de\u00a0WhatsApp?<\/p>\n<p><!-- AI CONTENT END 1 -->\n<\/div>\n<p><script async src=\"\/\/www.instagram.com\/embed.js\"><\/script><br \/>\n<br \/><br \/>\n<br \/><a href=\"https:\/\/www.acidadeon.com\/ribeiraopreto\/economia\/consumidores-do-interior-de-sp-levam-r-500-mil-na-nota-fiscal-paulista\/\">Source link <\/a><\/p>\n<div class='code-block code-block-4' style='margin: 8px auto 8px 0; text-align: left; display: block; clear: both;'>\n\ud83d\udce2 Aviso Legal\n\nO site ismaelcolosi.com.br atua apenas como um canal de divulga\u00e7\u00e3o de oportunidades de emprego e n\u00e3o se responsabiliza pelo processo seletivo, contrata\u00e7\u00e3o ou qualquer outra etapa relacionada \u00e0s vagas publicadas. Todas as informa\u00e7\u00f5es s\u00e3o de responsabilidade dos anunciantes.\n\n\u26a0\ufe0f Aten\u00e7\u00e3o! Nunca pague por promessas de emprego nem compre cursos que garantam contrata\u00e7\u00e3o. Desconfie de qualquer cobran\u00e7a para participar de sele\u00e7\u00f5es.\n\n\n\n<\/div>\n<!-- CONTENT END 1 -->\n","protected":false},"excerpt":{"rendered":"<p>Um morador de Mau\u00e1, na Grande S\u00e3o Paulo, foi o vencedor do pr\u00eamio de R$ 1 milh\u00e3o da Nota Fiscal Paulista no m\u00eas de julho&#8230;.<\/p>\n","protected":false},"author":1,"featured_media":56529,"comment_status":"open","ping_status":"open","sticky":false,"template":"","format":"standard","meta":{"_uag_custom_page_level_css":"","advanced_seo_description":"","jetpack_seo_html_title":"","jetpack_seo_noindex":false,"jetpack_post_was_ever_published":false,"_jetpack_newsletter_access":"","_jetpack_dont_email_post_to_subs":false,"_jetpack_newsletter_tier_id":0,"_jetpack_memberships_contains_paywalled_content":false,"_jetpack_memberships_contains_paid_content":false,"footnotes":"","jetpack_publicize_message":"","jetpack_publicize_feature_enabled":true,"jetpack_social_post_already_shared":true,"jetpack_social_options":{"image_generator_settings":{"template":"highway","default_image_id":0,"font":"","enabled":false},"version":2}},"categories":[11],"tags":[],"class_list":["post-56528","post","type-post","status-publish","format-standard","has-post-thumbnail","hentry","category-noticias-de-ribeirao-preto-sp-e-regiao-ismael-colosi"],"jetpack_publicize_connections":[],"jetpack_featured_media_url":"https:\/\/i0.wp.com\/ismaelcolosi.com.br\/wp-content\/uploads\/2024\/07\/1720797720_WhatsApp-Image-2023-12-20-at-16.26.15.jpeg?fit=1551%2C914&ssl=1","uagb_featured_image_src":{"full":["https:\/\/i0.wp.com\/ismaelcolosi.com.br\/wp-content\/uploads\/2024\/07\/1720797720_WhatsApp-Image-2023-12-20-at-16.26.15.jpeg?fit=1551%2C914&ssl=1",1551,914,false],"thumbnail":["https:\/\/i0.wp.com\/ismaelcolosi.com.br\/wp-content\/uploads\/2024\/07\/1720797720_WhatsApp-Image-2023-12-20-at-16.26.15.jpeg?resize=150%2C150&ssl=1",150,150,true],"medium":["https:\/\/i0.wp.com\/ismaelcolosi.com.br\/wp-content\/uploads\/2024\/07\/1720797720_WhatsApp-Image-2023-12-20-at-16.26.15.jpeg?fit=300%2C177&ssl=1",300,177,true],"medium_large":["https:\/\/i0.wp.com\/ismaelcolosi.com.br\/wp-content\/uploads\/2024\/07\/1720797720_WhatsApp-Image-2023-12-20-at-16.26.15.jpeg?fit=768%2C453&ssl=1",768,453,true],"large":["https:\/\/i0.wp.com\/ismaelcolosi.com.br\/wp-content\/uploads\/2024\/07\/1720797720_WhatsApp-Image-2023-12-20-at-16.26.15.jpeg?fit=1024%2C603&ssl=1",1024,603,true],"1536x1536":["https:\/\/i0.wp.com\/ismaelcolosi.com.br\/wp-content\/uploads\/2024\/07\/1720797720_WhatsApp-Image-2023-12-20-at-16.26.15.jpeg?fit=1536%2C905&ssl=1",1536,905,true],"2048x2048":["https:\/\/i0.wp.com\/ismaelcolosi.com.br\/wp-content\/uploads\/2024\/07\/1720797720_WhatsApp-Image-2023-12-20-at-16.26.15.jpeg?fit=1551%2C914&ssl=1",1551,914,true],"really-simple-thumb":["https:\/\/i0.wp.com\/ismaelcolosi.com.br\/wp-content\/uploads\/2024\/07\/1720797720_WhatsApp-Image-2023-12-20-at-16.26.15.jpeg?resize=370%2C247&ssl=1",370,247,true]},"uagb_author_info":{"display_name":"ismaelcolosi.com.br","author_link":"https:\/\/ismaelcolosi.com.br\/index.php\/author\/vidareal-online\/"},"uagb_comment_info":0,"uagb_excerpt":"Um morador de Mau\u00e1, na Grande S\u00e3o Paulo, foi o vencedor do pr\u00eamio de R$ 1 milh\u00e3o da Nota Fiscal Paulista no m\u00eas de julho....","jetpack-related-posts":[{"id":56514,"url":"https:\/\/ismaelcolosi.com.br\/index.php\/2024\/07\/12\/apostadores-do-interior-de-sp-levam-r-500-mil-na-nota-fiscal-paulista\/","url_meta":{"origin":56528,"position":0},"title":"Apostadores do interior de SP levam R$ 500 mil na Nota Fiscal Paulista","author":"ismaelcolosi.com.br","date":"12 de July de 2024","format":false,"excerpt":"Um morador de Mau\u00e1, na Grande S\u00e3o Paulo, foi o vencedor do pr\u00eamio de R$ 1 milh\u00e3o da Nota Fiscal Paulista no m\u00eas de julho. Al\u00e9m disso, quatro consumidores do interior de S\u00e3o Paulo v\u00e3o levar o pr\u00eamio de R$ 500 mil, cada um \u2013 dois desses sortudos moram em\u2026","rel":"","context":"In &quot;Not\u00edcias de Ribeir\u00e3o Preto-SP e Regi\u00e3o&quot;","block_context":{"text":"Not\u00edcias de Ribeir\u00e3o Preto-SP e Regi\u00e3o","link":"https:\/\/ismaelcolosi.com.br\/index.php\/category\/noticias-de-ribeirao-preto-sp-e-regiao-ismael-colosi\/"},"img":{"alt_text":"","src":"https:\/\/i0.wp.com\/ismaelcolosi.com.br\/wp-content\/uploads\/2024\/07\/WhatsApp-Image-2023-12-20-at-16.26.15.jpeg?fit=1200%2C707&ssl=1&resize=350%2C200","width":350,"height":200,"srcset":"https:\/\/i0.wp.com\/ismaelcolosi.com.br\/wp-content\/uploads\/2024\/07\/WhatsApp-Image-2023-12-20-at-16.26.15.jpeg?fit=1200%2C707&ssl=1&resize=350%2C200 1x, https:\/\/i0.wp.com\/ismaelcolosi.com.br\/wp-content\/uploads\/2024\/07\/WhatsApp-Image-2023-12-20-at-16.26.15.jpeg?fit=1200%2C707&ssl=1&resize=525%2C300 1.5x, https:\/\/i0.wp.com\/ismaelcolosi.com.br\/wp-content\/uploads\/2024\/07\/WhatsApp-Image-2023-12-20-at-16.26.15.jpeg?fit=1200%2C707&ssl=1&resize=700%2C400 2x, https:\/\/i0.wp.com\/ismaelcolosi.com.br\/wp-content\/uploads\/2024\/07\/WhatsApp-Image-2023-12-20-at-16.26.15.jpeg?fit=1200%2C707&ssl=1&resize=1050%2C600 3x"},"classes":[]},{"id":65772,"url":"https:\/\/ismaelcolosi.com.br\/index.php\/2024\/09\/13\/consumidores-do-interior-de-sp-faturam-na-nota-fiscal-paulista-veja-cidades-sorteadas\/","url_meta":{"origin":56528,"position":1},"title":"Consumidores do interior de SP faturam na Nota Fiscal Paulista; Veja cidades sorteadas","author":"ismaelcolosi.com.br","date":"13 de September de 2024","format":false,"excerpt":"A Nota Fiscal Paulista premiou, nesta sexta-feira (13), sete consumidores do interior de S\u00e3o Paulo. Um dos sortudos vai receber R$ 500 mil, o segundo maior pr\u00eamio do sorteio, e os outros v\u00e3o receber R$ 100 mil cada um. O pr\u00eamio principal de R$ 1 milh\u00e3o, no entanto, saiu para\u2026","rel":"","context":"In &quot;Not\u00edcias de Ribeir\u00e3o Preto-SP e Regi\u00e3o&quot;","block_context":{"text":"Not\u00edcias de Ribeir\u00e3o Preto-SP e Regi\u00e3o","link":"https:\/\/ismaelcolosi.com.br\/index.php\/category\/noticias-de-ribeirao-preto-sp-e-regiao-ismael-colosi\/"},"img":{"alt_text":"","src":"https:\/\/i0.wp.com\/ismaelcolosi.com.br\/wp-content\/uploads\/2024\/09\/WhatsApp-Image-2023-12-20-at-16.26.15.jpeg?fit=1200%2C707&ssl=1&resize=350%2C200","width":350,"height":200,"srcset":"https:\/\/i0.wp.com\/ismaelcolosi.com.br\/wp-content\/uploads\/2024\/09\/WhatsApp-Image-2023-12-20-at-16.26.15.jpeg?fit=1200%2C707&ssl=1&resize=350%2C200 1x, https:\/\/i0.wp.com\/ismaelcolosi.com.br\/wp-content\/uploads\/2024\/09\/WhatsApp-Image-2023-12-20-at-16.26.15.jpeg?fit=1200%2C707&ssl=1&resize=525%2C300 1.5x, https:\/\/i0.wp.com\/ismaelcolosi.com.br\/wp-content\/uploads\/2024\/09\/WhatsApp-Image-2023-12-20-at-16.26.15.jpeg?fit=1200%2C707&ssl=1&resize=700%2C400 2x, https:\/\/i0.wp.com\/ismaelcolosi.com.br\/wp-content\/uploads\/2024\/09\/WhatsApp-Image-2023-12-20-at-16.26.15.jpeg?fit=1200%2C707&ssl=1&resize=1050%2C600 3x"},"classes":[]},{"id":60155,"url":"https:\/\/ismaelcolosi.com.br\/index.php\/2024\/08\/14\/nota-fiscal-paulista-premia-moradores-do-interior-de-sp-veja-cidades-sorteadas\/","url_meta":{"origin":56528,"position":2},"title":"Nota Fiscal Paulista premia moradores do interior de SP; Veja cidades sorteadas","author":"ismaelcolosi.com.br","date":"14 de August de 2024","format":false,"excerpt":"A Nota Fiscal Paulista premiou, nesta quarta-fria (14), cinco consumidores do interior de S\u00e3o Paulo. Um deles vai receber R$ 500 mil, o segundo maior pr\u00eamio do sorteio. Os outros quatro v\u00e3o receber R$ 100 mil cada um. O grande pr\u00eamio de R$ 1 milh\u00e3o, no entanto, saiu para uma\u2026","rel":"","context":"In &quot;Not\u00edcias de Ribeir\u00e3o Preto-SP e Regi\u00e3o&quot;","block_context":{"text":"Not\u00edcias de Ribeir\u00e3o Preto-SP e Regi\u00e3o","link":"https:\/\/ismaelcolosi.com.br\/index.php\/category\/noticias-de-ribeirao-preto-sp-e-regiao-ismael-colosi\/"},"img":{"alt_text":"","src":"https:\/\/i0.wp.com\/ismaelcolosi.com.br\/wp-content\/uploads\/2024\/08\/img_20230719_122253523.jpg_888881121.png?fit=600%2C381&ssl=1&resize=350%2C200","width":350,"height":200,"srcset":"https:\/\/i0.wp.com\/ismaelcolosi.com.br\/wp-content\/uploads\/2024\/08\/img_20230719_122253523.jpg_888881121.png?fit=600%2C381&ssl=1&resize=350%2C200 1x, https:\/\/i0.wp.com\/ismaelcolosi.com.br\/wp-content\/uploads\/2024\/08\/img_20230719_122253523.jpg_888881121.png?fit=600%2C381&ssl=1&resize=525%2C300 1.5x"},"classes":[]},{"id":53242,"url":"https:\/\/ismaelcolosi.com.br\/index.php\/2024\/06\/14\/nota-fiscal-paulista-premia-consumidora-com-r-1-milhao-veja-cidades-sorteadas\/","url_meta":{"origin":56528,"position":3},"title":"Nota Fiscal Paulista premia consumidora com R$ 1 milh\u00e3o; Veja cidades sorteadas","author":"ismaelcolosi.com.br","date":"14 de June de 2024","format":false,"excerpt":"Uma moradora da Vila Albertina, zona Norte da capital paulista, faturou R$ 1 milh\u00e3o no sorteio de junho da Nota Fiscal Paulista. Outros quatro moradores do estado, inclusive do interior paulista, v\u00e3o receber pr\u00eamios de R$ 500 mil cada um. O sorteio foi realizado nesta sexta-feira (14), pela Secretaria da\u2026","rel":"","context":"In &quot;Not\u00edcias de Ribeir\u00e3o Preto-SP e Regi\u00e3o&quot;","block_context":{"text":"Not\u00edcias de Ribeir\u00e3o Preto-SP e Regi\u00e3o","link":"https:\/\/ismaelcolosi.com.br\/index.php\/category\/noticias-de-ribeirao-preto-sp-e-regiao-ismael-colosi\/"},"img":{"alt_text":"","src":"https:\/\/i0.wp.com\/ismaelcolosi.com.br\/wp-content\/uploads\/2024\/06\/money-2387280_1280.jpg?fit=1200%2C677&ssl=1&resize=350%2C200","width":350,"height":200,"srcset":"https:\/\/i0.wp.com\/ismaelcolosi.com.br\/wp-content\/uploads\/2024\/06\/money-2387280_1280.jpg?fit=1200%2C677&ssl=1&resize=350%2C200 1x, https:\/\/i0.wp.com\/ismaelcolosi.com.br\/wp-content\/uploads\/2024\/06\/money-2387280_1280.jpg?fit=1200%2C677&ssl=1&resize=525%2C300 1.5x, https:\/\/i0.wp.com\/ismaelcolosi.com.br\/wp-content\/uploads\/2024\/06\/money-2387280_1280.jpg?fit=1200%2C677&ssl=1&resize=700%2C400 2x, https:\/\/i0.wp.com\/ismaelcolosi.com.br\/wp-content\/uploads\/2024\/06\/money-2387280_1280.jpg?fit=1200%2C677&ssl=1&resize=1050%2C600 3x"},"classes":[]},{"id":50036,"url":"https:\/\/ismaelcolosi.com.br\/index.php\/2024\/05\/14\/morador-do-interior-de-sp-ganha-r-1-milhao-no-sorteio-da-nota-fiscal-paulista\/","url_meta":{"origin":56528,"position":4},"title":"Morador do interior de SP ganha R$ 1 milh\u00e3o no sorteio da Nota Fiscal Paulista","author":"ismaelcolosi.com.br","date":"14 de May de 2024","format":false,"excerpt":"Um morador de Buri, no interior de S\u00e3o Paulo, ganhou o pr\u00eamio de R$ 1 milh\u00e3o da Nota Fiscal Paulista sorteado nesta ter\u00e7a-feira (14). O novo milion\u00e1rio foi premiado no 186\u00ba sorteio do programa da Secretaria da Fazenda e Planejamento de S\u00e3o Paulo e concorreu com apenas 6 bilhetes. Al\u00e9m\u2026","rel":"","context":"In &quot;Not\u00edcias de Ribeir\u00e3o Preto-SP e Regi\u00e3o&quot;","block_context":{"text":"Not\u00edcias de Ribeir\u00e3o Preto-SP e Regi\u00e3o","link":"https:\/\/ismaelcolosi.com.br\/index.php\/category\/noticias-de-ribeirao-preto-sp-e-regiao-ismael-colosi\/"},"img":{"alt_text":"","src":"https:\/\/i0.wp.com\/ismaelcolosi.com.br\/wp-content\/uploads\/2024\/05\/WhatsApp-Image-2023-12-20-at-16.26.15.jpeg?fit=1200%2C707&ssl=1&resize=350%2C200","width":350,"height":200,"srcset":"https:\/\/i0.wp.com\/ismaelcolosi.com.br\/wp-content\/uploads\/2024\/05\/WhatsApp-Image-2023-12-20-at-16.26.15.jpeg?fit=1200%2C707&ssl=1&resize=350%2C200 1x, https:\/\/i0.wp.com\/ismaelcolosi.com.br\/wp-content\/uploads\/2024\/05\/WhatsApp-Image-2023-12-20-at-16.26.15.jpeg?fit=1200%2C707&ssl=1&resize=525%2C300 1.5x, https:\/\/i0.wp.com\/ismaelcolosi.com.br\/wp-content\/uploads\/2024\/05\/WhatsApp-Image-2023-12-20-at-16.26.15.jpeg?fit=1200%2C707&ssl=1&resize=700%2C400 2x, https:\/\/i0.wp.com\/ismaelcolosi.com.br\/wp-content\/uploads\/2024\/05\/WhatsApp-Image-2023-12-20-at-16.26.15.jpeg?fit=1200%2C707&ssl=1&resize=1050%2C600 3x"},"classes":[]},{"id":15373,"url":"https:\/\/ismaelcolosi.com.br\/index.php\/2023\/12\/13\/moradora-do-interior-de-sp-ganha-premio-de-r-2-milhoes-na-nota-fiscal-paulista-veja-as-cidade-sorteadas\/","url_meta":{"origin":56528,"position":5},"title":"Moradora do interior de SP ganha pr\u00eamio de R$ 2 milh\u00f5es na Nota Fiscal Paulista; Veja as cidade sorteadas","author":"ismaelcolosi.com.br","date":"13 de December de 2023","format":false,"excerpt":"Uma moradora de Ribeir\u00e3o Preto, no interior de S\u00e3o Paulo, ganhou o pr\u00eamio principal no sorteio do m\u00eas de dezembro da Nota Fiscal Paulista, programa da Secretaria da Fazenda e Planejamento do Estado de S\u00e3o Paulo (Sefaz-SP), realizado nesta quarta-feira (13). O pr\u00eamio de R$ 2 milh\u00f5es saiu para uma\u2026","rel":"","context":"In &quot;Not\u00edcias de Ribeir\u00e3o Preto-SP e Regi\u00e3o&quot;","block_context":{"text":"Not\u00edcias de Ribeir\u00e3o Preto-SP e Regi\u00e3o","link":"https:\/\/ismaelcolosi.com.br\/index.php\/category\/noticias-de-ribeirao-preto-sp-e-regiao-ismael-colosi\/"},"img":{"alt_text":"","src":"https:\/\/i0.wp.com\/ismaelcolosi.com.br\/wp-content\/uploads\/2023\/12\/money-2387280_1280.jpg?fit=1200%2C677&ssl=1&resize=350%2C200","width":350,"height":200,"srcset":"https:\/\/i0.wp.com\/ismaelcolosi.com.br\/wp-content\/uploads\/2023\/12\/money-2387280_1280.jpg?fit=1200%2C677&ssl=1&resize=350%2C200 1x, https:\/\/i0.wp.com\/ismaelcolosi.com.br\/wp-content\/uploads\/2023\/12\/money-2387280_1280.jpg?fit=1200%2C677&ssl=1&resize=525%2C300 1.5x, https:\/\/i0.wp.com\/ismaelcolosi.com.br\/wp-content\/uploads\/2023\/12\/money-2387280_1280.jpg?fit=1200%2C677&ssl=1&resize=700%2C400 2x, https:\/\/i0.wp.com\/ismaelcolosi.com.br\/wp-content\/uploads\/2023\/12\/money-2387280_1280.jpg?fit=1200%2C677&ssl=1&resize=1050%2C600 3x"},"classes":[]}],"jetpack_sharing_enabled":true,"jetpack_shortlink":"https:\/\/wp.me\/pfMlyK-eHK","_links":{"self":[{"href":"https:\/\/ismaelcolosi.com.br\/index.php\/wp-json\/wp\/v2\/posts\/56528","targetHints":{"allow":["GET"]}}],"collection":[{"href":"https:\/\/ismaelcolosi.com.br\/index.php\/wp-json\/wp\/v2\/posts"}],"about":[{"href":"https:\/\/ismaelcolosi.com.br\/index.php\/wp-json\/wp\/v2\/types\/post"}],"author":[{"embeddable":true,"href":"https:\/\/ismaelcolosi.com.br\/index.php\/wp-json\/wp\/v2\/users\/1"}],"replies":[{"embeddable":true,"href":"https:\/\/ismaelcolosi.com.br\/index.php\/wp-json\/wp\/v2\/comments?post=56528"}],"version-history":[{"count":0,"href":"https:\/\/ismaelcolosi.com.br\/index.php\/wp-json\/wp\/v2\/posts\/56528\/revisions"}],"wp:featuredmedia":[{"embeddable":true,"href":"https:\/\/ismaelcolosi.com.br\/index.php\/wp-json\/wp\/v2\/media\/56529"}],"wp:attachment":[{"href":"https:\/\/ismaelcolosi.com.br\/index.php\/wp-json\/wp\/v2\/media?parent=56528"}],"wp:term":[{"taxonomy":"category","embeddable":true,"href":"https:\/\/ismaelcolosi.com.br\/index.php\/wp-json\/wp\/v2\/categories?post=56528"},{"taxonomy":"post_tag","embeddable":true,"href":"https:\/\/ismaelcolosi.com.br\/index.php\/wp-json\/wp\/v2\/tags?post=56528"}],"curies":[{"name":"wp","href":"https:\/\/api.w.org\/{rel}","templated":true}]}}