{"id":56526,"date":"2024-07-12T12:07:09","date_gmt":"2024-07-12T15:07:09","guid":{"rendered":"https:\/\/ismaelcolosi.com.br\/index.php\/2024\/07\/12\/saiba-quais-paes-de-forma-tem-presenca-de-alcool-segundo-pesquisa\/"},"modified":"2024-07-12T12:07:09","modified_gmt":"2024-07-12T15:07:09","slug":"saiba-quais-paes-de-forma-tem-presenca-de-alcool-segundo-pesquisa","status":"publish","type":"post","link":"https:\/\/ismaelcolosi.com.br\/index.php\/2024\/07\/12\/saiba-quais-paes-de-forma-tem-presenca-de-alcool-segundo-pesquisa\/","title":{"rendered":"Saiba quais p\u00e3es de forma t\u00eam presen\u00e7a de \u00e1lcool, segundo pesquisa"},"content":{"rendered":"<p> <br \/>\n<\/p>\n<div>\n<p>Uma <strong>pesquisa<\/strong> realizada pela Proteste (<strong>Associa\u00e7\u00e3o Brasileira de Defesa do Consumidor<\/strong>) apontou que <strong>h\u00e1 presen\u00e7a de \u00e1lcool<\/strong> em <strong>p\u00e3es de forma<\/strong> de diversas <strong>marcas populares<\/strong>. A divulga\u00e7\u00e3o da informa\u00e7\u00e3o foi feita nesta quinta-feira (11).<\/p>\n<p>Segundo o levantamento, se <strong>comparado os p\u00e3es \u00e0 bebidas<\/strong> <strong>alc\u00f3olicas<\/strong>, os produtos de <strong>cinco marcas<\/strong> seriam considerados <strong>alc\u00f3olicos<\/strong>, com <strong>teor superior a 0,5%<\/strong>, veja quais:<\/p>\n<ul>\n<li>Visconti (teor alco\u00f3lico de 3,37%)<\/li>\n<li>Bauducco (1,17%)<\/li>\n<li>Wickbold 5 Zeros (0,89%)<\/li>\n<li>Wickbold Sem Gl\u00faten (0,66%)<\/li>\n<li>Wick Leve (0,52%)<\/li>\n<li>Panco (0,51%)<\/li>\n<\/ul>\n<h2 class=\"wp-block-heading\"><strong>Passaria no teste do Baf\u00f4metro?<\/strong><\/h2>\n<p>Algumas <strong>marcas de p\u00e3es<\/strong> tamb\u00e9m poderiam <strong>n\u00e3o passar no teste do baf\u00f4metro<\/strong>, dependendo da <strong>quantidade ingerida pelo consumidor<\/strong>. Considerando os<strong> \u00edndices do Departamento Estadual de Tr\u00e2nsito<\/strong> (Detran), a <strong>quantidade segura de \u00e1lcool no organismo<\/strong> (circulando no sangue) <strong>seria abaixo de 3,3 gramas (g) de \u00e1lcool<\/strong>. De acordo com a pesquisa, <strong>duas fatias do p\u00e3o de forma da marca Visconti<\/strong> teriam o equivalente a <strong>1,69 g de \u00e1lcool<\/strong>; da <strong>Bauducco, a 0,59 g<\/strong>; e da <strong>Wickbold 5 Zeros, a 0,45 g<\/strong>.<\/p>\n<p><em>\u201cPara gr\u00e1vidas e lactantes, a ingest\u00e3o recorrente de \u00e1lcool, mesmo que em baixas doses, pode afetar o aprendizado e ocasionar problemas de mem\u00f3ria. A s\u00edndrome alco\u00f3lica fetal (SAF), ocasionada pela ingest\u00e3o de \u00e1lcool, \u00e9 caracterizada por anormalidades no neurodesenvolvimento do sistema nervoso central, retardo de crescimento e problemas de sa\u00fade mental, como depress\u00e3o e ansiedade\u201d<\/em>, diz o texto da pesquisa.<\/p>\n<p>O estudo mostra ainda que, <strong>caso os p\u00e3es fossem medicamentos fitoter\u00e1picos<\/strong>, seria necess\u00e1rio haver <strong>advert\u00eancias nas embalagens de oito marcas brasileiras<\/strong>. De acordo com as <strong>diretrizes pedi\u00e1tricas<\/strong> europeias, o <strong>valor lim\u00edtrofe<\/strong> de advert\u00eancia para a presen\u00e7a de \u00e1lcool em medicamentos fitoter\u00e1picos \u00e9 de 6 miligrama por quilo (mg\/kg) de peso corporal para crian\u00e7as. Considerando uma crian\u00e7a de 12,5 kg, a taxa limite seria de 75 mg.<\/p>\n<p>Essa <strong>quantidade \u00e9 superada, em uma \u00fanica fatia de p\u00e3o<\/strong>, nas marcas Visconti (843 mg de etanol), Bauducco (293 mg), Wickbold 5 Zeros (233 mg), Wickbold Sem Gl\u00faten (165 mg), Wickbold Leve (130 mg), Panco (128 mg), Seven Boys (125 mg), Wickbold (88 mg).<\/p>\n<p>De acordo com o levantamento, a <strong>contamina\u00e7\u00e3o dos p\u00e3es com o \u00e1lcool pode ocorrer no momento de a ind\u00fastria acrescentar conservantes nos produtos<\/strong>. <em>\u201cO \u00e1lcool usado para dilui\u00e7\u00e3o do conservante [colocado ap\u00f3s o p\u00e3o passar pelo forno] deve ser evaporado at\u00e9 o consumo em si do p\u00e3o, mas se houver um abuso na quantidade do antimofo ou em sua dilui\u00e7\u00e3o, isso pode n\u00e3o ocorrer e ocasionar em um p\u00e3o com um teor de etanol muito elevado\u201d<\/em>, diz o texto da pesquisa.<\/p>\n<p>Em nota, a <strong>Pandurata Alimentos<\/strong>, respons\u00e1vel pela fabrica\u00e7\u00e3o dos produtos <strong>Bauducco e Visconti<\/strong>, disse que que adota rigorosos padr\u00f5es de seguran\u00e7a alimentar em todo seu processo produtivo e na cadeia de fornecimento. <em>\u201cA empresa possui a certifica\u00e7\u00e3o BRCGS (British Retail Consortium Global Standard), reconhecida como refer\u00eancia global em boas pr\u00e1ticas na ind\u00fastria aliment\u00edcia, e segue toda a legisla\u00e7\u00e3o e regulamenta\u00e7\u00f5es vigentes.\u201d<\/em><\/p>\n<p>A\u00a0<strong>Ag\u00eancia Brasil\u00a0<\/strong>tenta contato com os demais fabricantes citados na pesquisa e est\u00e1 aberta para incluir seu posicionamento no texto.<\/p>\n<p>SAIBA MAIS <\/p>\n<p>Consumidores do interior de SP levam R$ 500 mil na Nota Fiscal Paulista<\/p>\n<h4 class=\"wp-block-heading\"><strong>FIQUE ON<\/strong><\/h4>\n<p>Fique ligado em tudo que acontece em Ribeir\u00e3o Preto e regi\u00e3o. Siga os perfis do\u00a0<strong>acidade on<\/strong>\u00a0no<a href=\"https:\/\/www.instagram.com\/acidadeonribeirao\" target=\"_blank\" rel=\"noreferrer noopener\">\u00a0Instagram<\/a>\u00a0e no\u00a0<a href=\"https:\/\/www.facebook.com\/acidadeonribeirao\/\" target=\"_blank\" rel=\"noreferrer noopener\">Facebook<\/a>.<\/p>\n<p>Receba not\u00edcias do\u00a0<strong>acidade on\u00a0<\/strong>no WhatsApp.<a href=\"https:\/\/chat.whatsapp.com\/CdrZ6xrf7quD44Vw3WlPuZ\" target=\"_blank\" rel=\"noreferrer noopener\">\u00a0Para entrar no grupo, basta clicar aqui.<\/a><\/p>\n<p>Fa\u00e7a uma den\u00fancia ou sugira uma reportagem sobre Ribeir\u00e3o Preto e regi\u00e3o pelo WhatsApp: 16 99117 7802.<\/p>\n<p>VEJA TAMB\u00c9M<br \/>Como impedir de ser colocado em grupos\u00a0de\u00a0WhatsApp?<\/p>\n<p><!-- AI CONTENT END 1 -->\n<\/div>\n<p><script async src=\"\/\/www.instagram.com\/embed.js\"><\/script><br \/>\n<br \/><br \/>\n<br \/><a href=\"https:\/\/www.acidadeon.com\/ribeiraopreto\/cotidiano\/saiba-quais-paes-de-forma-tem-presenca-de-alcool-segundo-pesquisa\/\">Source link <\/a><\/p>\n<div class='code-block code-block-4' style='margin: 8px auto 8px 0; text-align: left; display: block; clear: both;'>\n\ud83d\udce2 Aviso Legal\n\nO site ismaelcolosi.com.br atua apenas como um canal de divulga\u00e7\u00e3o de oportunidades de emprego e n\u00e3o se responsabiliza pelo processo seletivo, contrata\u00e7\u00e3o ou qualquer outra etapa relacionada \u00e0s vagas publicadas. Todas as informa\u00e7\u00f5es s\u00e3o de responsabilidade dos anunciantes.\n\n\u26a0\ufe0f Aten\u00e7\u00e3o! Nunca pague por promessas de emprego nem compre cursos que garantam contrata\u00e7\u00e3o. Desconfie de qualquer cobran\u00e7a para participar de sele\u00e7\u00f5es.\n\n\n\n<\/div>\n<!-- CONTENT END 1 -->\n","protected":false},"excerpt":{"rendered":"<p>Uma pesquisa realizada pela Proteste (Associa\u00e7\u00e3o Brasileira de Defesa do Consumidor) apontou que h\u00e1 presen\u00e7a de \u00e1lcool em p\u00e3es de forma de diversas marcas populares&#8230;.<\/p>\n","protected":false},"author":1,"featured_media":56527,"comment_status":"open","ping_status":"open","sticky":false,"template":"","format":"standard","meta":{"_uag_custom_page_level_css":"","advanced_seo_description":"","jetpack_seo_html_title":"","jetpack_seo_noindex":false,"jetpack_post_was_ever_published":false,"_jetpack_newsletter_access":"","_jetpack_dont_email_post_to_subs":false,"_jetpack_newsletter_tier_id":0,"_jetpack_memberships_contains_paywalled_content":false,"_jetpack_memberships_contains_paid_content":false,"footnotes":"","jetpack_publicize_message":"","jetpack_publicize_feature_enabled":true,"jetpack_social_post_already_shared":true,"jetpack_social_options":{"image_generator_settings":{"template":"highway","default_image_id":0,"font":"","enabled":false},"version":2}},"categories":[11],"tags":[],"class_list":["post-56526","post","type-post","status-publish","format-standard","has-post-thumbnail","hentry","category-noticias-de-ribeirao-preto-sp-e-regiao-ismael-colosi"],"jetpack_publicize_connections":[],"jetpack_featured_media_url":"https:\/\/i0.wp.com\/ismaelcolosi.com.br\/wp-content\/uploads\/2024\/07\/Copia-de-Copia-de-TAMANHO-EXATO-PARA-FOTOS-NO-SISTEMA-NOVO-7_2024-07-12_14-43-27_jpg_2024-07-12_14-43-27.webp.webp?fit=1200%2C675&ssl=1","uagb_featured_image_src":{"full":["https:\/\/i0.wp.com\/ismaelcolosi.com.br\/wp-content\/uploads\/2024\/07\/Copia-de-Copia-de-TAMANHO-EXATO-PARA-FOTOS-NO-SISTEMA-NOVO-7_2024-07-12_14-43-27_jpg_2024-07-12_14-43-27.webp.webp?fit=1200%2C675&ssl=1",1200,675,false],"thumbnail":["https:\/\/i0.wp.com\/ismaelcolosi.com.br\/wp-content\/uploads\/2024\/07\/Copia-de-Copia-de-TAMANHO-EXATO-PARA-FOTOS-NO-SISTEMA-NOVO-7_2024-07-12_14-43-27_jpg_2024-07-12_14-43-27.webp.webp?resize=150%2C150&ssl=1",150,150,true],"medium":["https:\/\/i0.wp.com\/ismaelcolosi.com.br\/wp-content\/uploads\/2024\/07\/Copia-de-Copia-de-TAMANHO-EXATO-PARA-FOTOS-NO-SISTEMA-NOVO-7_2024-07-12_14-43-27_jpg_2024-07-12_14-43-27.webp.webp?fit=300%2C169&ssl=1",300,169,true],"medium_large":["https:\/\/i0.wp.com\/ismaelcolosi.com.br\/wp-content\/uploads\/2024\/07\/Copia-de-Copia-de-TAMANHO-EXATO-PARA-FOTOS-NO-SISTEMA-NOVO-7_2024-07-12_14-43-27_jpg_2024-07-12_14-43-27.webp.webp?fit=768%2C432&ssl=1",768,432,true],"large":["https:\/\/i0.wp.com\/ismaelcolosi.com.br\/wp-content\/uploads\/2024\/07\/Copia-de-Copia-de-TAMANHO-EXATO-PARA-FOTOS-NO-SISTEMA-NOVO-7_2024-07-12_14-43-27_jpg_2024-07-12_14-43-27.webp.webp?fit=1024%2C576&ssl=1",1024,576,true],"1536x1536":["https:\/\/i0.wp.com\/ismaelcolosi.com.br\/wp-content\/uploads\/2024\/07\/Copia-de-Copia-de-TAMANHO-EXATO-PARA-FOTOS-NO-SISTEMA-NOVO-7_2024-07-12_14-43-27_jpg_2024-07-12_14-43-27.webp.webp?fit=1200%2C675&ssl=1",1200,675,true],"2048x2048":["https:\/\/i0.wp.com\/ismaelcolosi.com.br\/wp-content\/uploads\/2024\/07\/Copia-de-Copia-de-TAMANHO-EXATO-PARA-FOTOS-NO-SISTEMA-NOVO-7_2024-07-12_14-43-27_jpg_2024-07-12_14-43-27.webp.webp?fit=1200%2C675&ssl=1",1200,675,true],"really-simple-thumb":["https:\/\/i0.wp.com\/ismaelcolosi.com.br\/wp-content\/uploads\/2024\/07\/Copia-de-Copia-de-TAMANHO-EXATO-PARA-FOTOS-NO-SISTEMA-NOVO-7_2024-07-12_14-43-27_jpg_2024-07-12_14-43-27.webp.webp?resize=370%2C247&ssl=1",370,247,true]},"uagb_author_info":{"display_name":"ismaelcolosi.com.br","author_link":"https:\/\/ismaelcolosi.com.br\/index.php\/author\/vidareal-online\/"},"uagb_comment_info":0,"uagb_excerpt":"Uma pesquisa realizada pela Proteste (Associa\u00e7\u00e3o Brasileira de Defesa do Consumidor) apontou que h\u00e1 presen\u00e7a de \u00e1lcool em p\u00e3es de forma de diversas marcas populares....","jetpack-related-posts":[{"id":19566,"url":"https:\/\/ismaelcolosi.com.br\/index.php\/2023\/12\/22\/operacao-da-lei-seca-autua-17-por-recusa-de-bafometro-em-ribeirao-preto\/","url_meta":{"origin":56526,"position":0},"title":"Opera\u00e7\u00e3o da Lei Seca autua 17 por recusa de baf\u00f4metro em Ribeir\u00e3o Preto","author":"ismaelcolosi.com.br","date":"22 de December de 2023","format":false,"excerpt":"Uma Opera\u00e7\u00e3o da Dire\u00e7\u00e3o Segura Integrada (ODSI) \u2013 que fiscaliza a Lei Seca, em Ribeir\u00e3o Preto, autuou 17 motoristas por recusas ao teste de baf\u00f4metro. As informa\u00e7\u00f5es s\u00e3o do Detran-SP. \u201cA fiscaliza\u00e7\u00e3o tem o objetivo de reduzir e prevenir os sinistros causados pelo consumo de bebida alco\u00f3lica combinado com dire\u00e7\u00e3o\u201d,\u2026","rel":"","context":"In &quot;Not\u00edcias de Ribeir\u00e3o Preto-SP e Regi\u00e3o&quot;","block_context":{"text":"Not\u00edcias de Ribeir\u00e3o Preto-SP e Regi\u00e3o","link":"https:\/\/ismaelcolosi.com.br\/index.php\/category\/noticias-de-ribeirao-preto-sp-e-regiao-ismael-colosi\/"},"img":{"alt_text":"","src":"https:\/\/i0.wp.com\/ismaelcolosi.com.br\/wp-content\/uploads\/2023\/12\/lei-seca.jpeg?fit=1200%2C900&ssl=1&resize=350%2C200","width":350,"height":200,"srcset":"https:\/\/i0.wp.com\/ismaelcolosi.com.br\/wp-content\/uploads\/2023\/12\/lei-seca.jpeg?fit=1200%2C900&ssl=1&resize=350%2C200 1x, https:\/\/i0.wp.com\/ismaelcolosi.com.br\/wp-content\/uploads\/2023\/12\/lei-seca.jpeg?fit=1200%2C900&ssl=1&resize=525%2C300 1.5x, https:\/\/i0.wp.com\/ismaelcolosi.com.br\/wp-content\/uploads\/2023\/12\/lei-seca.jpeg?fit=1200%2C900&ssl=1&resize=700%2C400 2x, https:\/\/i0.wp.com\/ismaelcolosi.com.br\/wp-content\/uploads\/2023\/12\/lei-seca.jpeg?fit=1200%2C900&ssl=1&resize=1050%2C600 3x"},"classes":[]},{"id":23625,"url":"https:\/\/ismaelcolosi.com.br\/index.php\/2024\/01\/02\/um-morto-e-13-feridos-nas-estradas-da-regiao-durante-feriado\/","url_meta":{"origin":56526,"position":1},"title":"Um morto e 13 feridos nas estradas da regi\u00e3o durante feriado","author":"ismaelcolosi.com.br","date":"2 de January de 2024","format":false,"excerpt":"Uma pessoa foi presa em flagrante por dirigir embriagada e outras 80 recusaram fazer o teste do baf\u00f4metro e foram autuadas 2 de janeiro de 2024 | 18:11 0Por: Adalberto LuqueA Pol\u00edcia Militar Rodovi\u00e1ria (PMRv) divulgou, na manh\u00e3 desta ter\u00e7a-feira (02), o balan\u00e7o da Opera\u00e7\u00e3o Feriado Ano Novo 2023\/2024 nas\u2026","rel":"","context":"In &quot;Not\u00edcias de Ribeir\u00e3o Preto-SP e Regi\u00e3o&quot;","block_context":{"text":"Not\u00edcias de Ribeir\u00e3o Preto-SP e Regi\u00e3o","link":"https:\/\/ismaelcolosi.com.br\/index.php\/category\/noticias-de-ribeirao-preto-sp-e-regiao-ismael-colosi\/"},"img":{"alt_text":"","src":"https:\/\/i0.wp.com\/ismaelcolosi.com.br\/wp-content\/uploads\/2024\/01\/00-20-dez-2023-natal-nas-estradas-00-Foto-Divulgacao-scaled.jpg?fit=938%2C645&ssl=1&resize=350%2C200","width":350,"height":200,"srcset":"https:\/\/i0.wp.com\/ismaelcolosi.com.br\/wp-content\/uploads\/2024\/01\/00-20-dez-2023-natal-nas-estradas-00-Foto-Divulgacao-scaled.jpg?fit=938%2C645&ssl=1&resize=350%2C200 1x, https:\/\/i0.wp.com\/ismaelcolosi.com.br\/wp-content\/uploads\/2024\/01\/00-20-dez-2023-natal-nas-estradas-00-Foto-Divulgacao-scaled.jpg?fit=938%2C645&ssl=1&resize=525%2C300 1.5x, https:\/\/i0.wp.com\/ismaelcolosi.com.br\/wp-content\/uploads\/2024\/01\/00-20-dez-2023-natal-nas-estradas-00-Foto-Divulgacao-scaled.jpg?fit=938%2C645&ssl=1&resize=700%2C400 2x"},"classes":[]},{"id":68216,"url":"https:\/\/ismaelcolosi.com.br\/index.php\/2024\/09\/27\/blitz-da-lei-seca-autua-48-motoristas-em-ribeirao-preto-e-regiao\/","url_meta":{"origin":56526,"position":2},"title":"Blitz da Lei Seca autua 48 motoristas em Ribeir\u00e3o Preto e regi\u00e3o","author":"ismaelcolosi.com.br","date":"27 de September de 2024","format":false,"excerpt":"A blitz da Lei Seca autuou 48 motoristas na regi\u00e3o de Ribeir\u00e3o Preto durante a Semana Nacional de Tr\u00e2nsito, que aconteceu entre os dias 18 a 25 de setembro. Conforme o Detran-SP, 42 condutores se recusaram a realizar o teste do baf\u00f4metro e seis foram flagrados dirigindo sob a influ\u00eancia\u2026","rel":"","context":"In &quot;Not\u00edcias de Ribeir\u00e3o Preto-SP e Regi\u00e3o&quot;","block_context":{"text":"Not\u00edcias de Ribeir\u00e3o Preto-SP e Regi\u00e3o","link":"https:\/\/ismaelcolosi.com.br\/index.php\/category\/noticias-de-ribeirao-preto-sp-e-regiao-ismael-colosi\/"},"img":{"alt_text":"","src":"https:\/\/i0.wp.com\/ismaelcolosi.com.br\/wp-content\/uploads\/2024\/09\/3cf89c7b-4c5f-45d7-90e0-ea9535eb180f_2024-09-27_21-17-46_jpeg_2024-09-27_21-17-46.webp.webp?fit=1200%2C900&ssl=1&resize=350%2C200","width":350,"height":200,"srcset":"https:\/\/i0.wp.com\/ismaelcolosi.com.br\/wp-content\/uploads\/2024\/09\/3cf89c7b-4c5f-45d7-90e0-ea9535eb180f_2024-09-27_21-17-46_jpeg_2024-09-27_21-17-46.webp.webp?fit=1200%2C900&ssl=1&resize=350%2C200 1x, https:\/\/i0.wp.com\/ismaelcolosi.com.br\/wp-content\/uploads\/2024\/09\/3cf89c7b-4c5f-45d7-90e0-ea9535eb180f_2024-09-27_21-17-46_jpeg_2024-09-27_21-17-46.webp.webp?fit=1200%2C900&ssl=1&resize=525%2C300 1.5x, https:\/\/i0.wp.com\/ismaelcolosi.com.br\/wp-content\/uploads\/2024\/09\/3cf89c7b-4c5f-45d7-90e0-ea9535eb180f_2024-09-27_21-17-46_jpeg_2024-09-27_21-17-46.webp.webp?fit=1200%2C900&ssl=1&resize=700%2C400 2x, https:\/\/i0.wp.com\/ismaelcolosi.com.br\/wp-content\/uploads\/2024\/09\/3cf89c7b-4c5f-45d7-90e0-ea9535eb180f_2024-09-27_21-17-46_jpeg_2024-09-27_21-17-46.webp.webp?fit=1200%2C900&ssl=1&resize=1050%2C600 3x"},"classes":[]},{"id":26351,"url":"https:\/\/ismaelcolosi.com.br\/index.php\/2024\/01\/09\/mais-de-30-motoristas-sao-multados-em-blitz-da-lei-seca-em-ribeirao-preto\/","url_meta":{"origin":56526,"position":3},"title":"Mais de 30 motoristas s\u00e3o multados em blitz da Lei Seca em Ribeir\u00e3o Preto","author":"ismaelcolosi.com.br","date":"9 de January de 2024","format":false,"excerpt":"Uma a\u00e7\u00e3o da Opera\u00e7\u00e3o Dire\u00e7\u00e3o Segura Integrada (ODSI), que fiscaliza a Lei Seca, em Ribeir\u00e3o Preto, autuou 33 motoristas por recusas ao teste de baf\u00f4metro, no \u00faltimo s\u00e1bado (6). De acordo com o Detran-SP, cerca de 663 ve\u00edculos foram abordados na avenida Lu\u00eds Galv\u00e3o C\u00e9sar, na zona Oeste da cidade.\u2026","rel":"","context":"In &quot;Not\u00edcias de Ribeir\u00e3o Preto-SP e Regi\u00e3o&quot;","block_context":{"text":"Not\u00edcias de Ribeir\u00e3o Preto-SP e Regi\u00e3o","link":"https:\/\/ismaelcolosi.com.br\/index.php\/category\/noticias-de-ribeirao-preto-sp-e-regiao-ismael-colosi\/"},"img":{"alt_text":"","src":"https:\/\/i0.wp.com\/ismaelcolosi.com.br\/wp-content\/uploads\/2024\/01\/motorista-alcoolizado.jpg?fit=1200%2C900&ssl=1&resize=350%2C200","width":350,"height":200,"srcset":"https:\/\/i0.wp.com\/ismaelcolosi.com.br\/wp-content\/uploads\/2024\/01\/motorista-alcoolizado.jpg?fit=1200%2C900&ssl=1&resize=350%2C200 1x, https:\/\/i0.wp.com\/ismaelcolosi.com.br\/wp-content\/uploads\/2024\/01\/motorista-alcoolizado.jpg?fit=1200%2C900&ssl=1&resize=525%2C300 1.5x, https:\/\/i0.wp.com\/ismaelcolosi.com.br\/wp-content\/uploads\/2024\/01\/motorista-alcoolizado.jpg?fit=1200%2C900&ssl=1&resize=700%2C400 2x, https:\/\/i0.wp.com\/ismaelcolosi.com.br\/wp-content\/uploads\/2024\/01\/motorista-alcoolizado.jpg?fit=1200%2C900&ssl=1&resize=1050%2C600 3x"},"classes":[]},{"id":66490,"url":"https:\/\/ismaelcolosi.com.br\/index.php\/2024\/09\/17\/blitz-da-lei-seca-autua-39-motoristas-na-regiao-de-ribeirao-preto\/","url_meta":{"origin":56526,"position":4},"title":"Blitz da Lei Seca autua 39 motoristas na regi\u00e3o de Ribeir\u00e3o Preto","author":"ismaelcolosi.com.br","date":"17 de September de 2024","format":false,"excerpt":"A blitz da Lei Seca autuou 39 motoristas na avenida Affonso Trigo, em Sert\u00e3ozinho, cidade na regi\u00e3o de Ribeir\u00e3o Preto, no \u00faltimo final de semana. Conforme o Detran-SP, 38 condutores se recusaram a realizar o teste do baf\u00f4metro e um foi pego dirigindo sob a influ\u00eancia de \u00e1lcool. A Opera\u00e7\u00e3o\u2026","rel":"","context":"In &quot;Not\u00edcias de Ribeir\u00e3o Preto-SP e Regi\u00e3o&quot;","block_context":{"text":"Not\u00edcias de Ribeir\u00e3o Preto-SP e Regi\u00e3o","link":"https:\/\/ismaelcolosi.com.br\/index.php\/category\/noticias-de-ribeirao-preto-sp-e-regiao-ismael-colosi\/"},"img":{"alt_text":"","src":"https:\/\/i0.wp.com\/ismaelcolosi.com.br\/wp-content\/uploads\/2024\/07\/lei-seca_2024-07-23_15-55-31_jpg_2024-07-23_15-55-31.webp.webp?fit=1200%2C800&ssl=1&resize=350%2C200","width":350,"height":200,"srcset":"https:\/\/i0.wp.com\/ismaelcolosi.com.br\/wp-content\/uploads\/2024\/07\/lei-seca_2024-07-23_15-55-31_jpg_2024-07-23_15-55-31.webp.webp?fit=1200%2C800&ssl=1&resize=350%2C200 1x, https:\/\/i0.wp.com\/ismaelcolosi.com.br\/wp-content\/uploads\/2024\/07\/lei-seca_2024-07-23_15-55-31_jpg_2024-07-23_15-55-31.webp.webp?fit=1200%2C800&ssl=1&resize=525%2C300 1.5x, https:\/\/i0.wp.com\/ismaelcolosi.com.br\/wp-content\/uploads\/2024\/07\/lei-seca_2024-07-23_15-55-31_jpg_2024-07-23_15-55-31.webp.webp?fit=1200%2C800&ssl=1&resize=700%2C400 2x, https:\/\/i0.wp.com\/ismaelcolosi.com.br\/wp-content\/uploads\/2024\/07\/lei-seca_2024-07-23_15-55-31_jpg_2024-07-23_15-55-31.webp.webp?fit=1200%2C800&ssl=1&resize=1050%2C600 3x"},"classes":[]},{"id":63715,"url":"https:\/\/ismaelcolosi.com.br\/index.php\/2024\/09\/03\/blitz-da-lei-seca-multa-38-motoristas-em-pedagio-entre-sertaozinho-e-ribeirao\/","url_meta":{"origin":56526,"position":5},"title":"Blitz da Lei Seca multa 38 motoristas em ped\u00e1gio entre Sert\u00e3ozinho e Ribeir\u00e3o","author":"ismaelcolosi.com.br","date":"3 de September de 2024","format":false,"excerpt":"Uma a\u00e7\u00e3o da Opera\u00e7\u00e3o Dire\u00e7\u00e3o Segura Integrada (ODSI), que fiscaliza a Lei Seca, multou 35 motoristas que se recusaram a realizar o teste do baf\u00f4metro e autuou outros tr\u00eas por dirigir sob influ\u00eancia de \u00e1lcool, no \u00faltimo s\u00e1bado (31). Conforme o Detran, 2.120 ve\u00edculos foram abordados no ped\u00e1gio da rodovia\u2026","rel":"","context":"In &quot;Not\u00edcias de Ribeir\u00e3o Preto-SP e Regi\u00e3o&quot;","block_context":{"text":"Not\u00edcias de Ribeir\u00e3o Preto-SP e Regi\u00e3o","link":"https:\/\/ismaelcolosi.com.br\/index.php\/category\/noticias-de-ribeirao-preto-sp-e-regiao-ismael-colosi\/"},"img":{"alt_text":"","src":"https:\/\/i0.wp.com\/ismaelcolosi.com.br\/wp-content\/uploads\/2024\/09\/Copia-de-Copia-de-Copia-de-TAMANHO-EXATO-PARA-FOTOS-NO-SISTEMA-NOVO-26_2024-09-03_18-21-18_png_2024-09-03_18-21-19.webp.webp?fit=1200%2C675&ssl=1&resize=350%2C200","width":350,"height":200,"srcset":"https:\/\/i0.wp.com\/ismaelcolosi.com.br\/wp-content\/uploads\/2024\/09\/Copia-de-Copia-de-Copia-de-TAMANHO-EXATO-PARA-FOTOS-NO-SISTEMA-NOVO-26_2024-09-03_18-21-18_png_2024-09-03_18-21-19.webp.webp?fit=1200%2C675&ssl=1&resize=350%2C200 1x, https:\/\/i0.wp.com\/ismaelcolosi.com.br\/wp-content\/uploads\/2024\/09\/Copia-de-Copia-de-Copia-de-TAMANHO-EXATO-PARA-FOTOS-NO-SISTEMA-NOVO-26_2024-09-03_18-21-18_png_2024-09-03_18-21-19.webp.webp?fit=1200%2C675&ssl=1&resize=525%2C300 1.5x, https:\/\/i0.wp.com\/ismaelcolosi.com.br\/wp-content\/uploads\/2024\/09\/Copia-de-Copia-de-Copia-de-TAMANHO-EXATO-PARA-FOTOS-NO-SISTEMA-NOVO-26_2024-09-03_18-21-18_png_2024-09-03_18-21-19.webp.webp?fit=1200%2C675&ssl=1&resize=700%2C400 2x, https:\/\/i0.wp.com\/ismaelcolosi.com.br\/wp-content\/uploads\/2024\/09\/Copia-de-Copia-de-Copia-de-TAMANHO-EXATO-PARA-FOTOS-NO-SISTEMA-NOVO-26_2024-09-03_18-21-18_png_2024-09-03_18-21-19.webp.webp?fit=1200%2C675&ssl=1&resize=1050%2C600 3x"},"classes":[]}],"jetpack_sharing_enabled":true,"jetpack_shortlink":"https:\/\/wp.me\/pfMlyK-eHI","_links":{"self":[{"href":"https:\/\/ismaelcolosi.com.br\/index.php\/wp-json\/wp\/v2\/posts\/56526","targetHints":{"allow":["GET"]}}],"collection":[{"href":"https:\/\/ismaelcolosi.com.br\/index.php\/wp-json\/wp\/v2\/posts"}],"about":[{"href":"https:\/\/ismaelcolosi.com.br\/index.php\/wp-json\/wp\/v2\/types\/post"}],"author":[{"embeddable":true,"href":"https:\/\/ismaelcolosi.com.br\/index.php\/wp-json\/wp\/v2\/users\/1"}],"replies":[{"embeddable":true,"href":"https:\/\/ismaelcolosi.com.br\/index.php\/wp-json\/wp\/v2\/comments?post=56526"}],"version-history":[{"count":0,"href":"https:\/\/ismaelcolosi.com.br\/index.php\/wp-json\/wp\/v2\/posts\/56526\/revisions"}],"wp:featuredmedia":[{"embeddable":true,"href":"https:\/\/ismaelcolosi.com.br\/index.php\/wp-json\/wp\/v2\/media\/56527"}],"wp:attachment":[{"href":"https:\/\/ismaelcolosi.com.br\/index.php\/wp-json\/wp\/v2\/media?parent=56526"}],"wp:term":[{"taxonomy":"category","embeddable":true,"href":"https:\/\/ismaelcolosi.com.br\/index.php\/wp-json\/wp\/v2\/categories?post=56526"},{"taxonomy":"post_tag","embeddable":true,"href":"https:\/\/ismaelcolosi.com.br\/index.php\/wp-json\/wp\/v2\/tags?post=56526"}],"curies":[{"name":"wp","href":"https:\/\/api.w.org\/{rel}","templated":true}]}}