{"id":56520,"date":"2024-07-12T11:42:09","date_gmt":"2024-07-12T14:42:09","guid":{"rendered":"https:\/\/ismaelcolosi.com.br\/index.php\/2024\/07\/12\/casal-e-seguido-em-carro-e-assaltado-na-zona-sul-de-ribeirao-preto\/"},"modified":"2024-07-12T11:42:09","modified_gmt":"2024-07-12T14:42:09","slug":"casal-e-seguido-em-carro-e-assaltado-na-zona-sul-de-ribeirao-preto","status":"publish","type":"post","link":"https:\/\/ismaelcolosi.com.br\/index.php\/2024\/07\/12\/casal-e-seguido-em-carro-e-assaltado-na-zona-sul-de-ribeirao-preto\/","title":{"rendered":"Casal \u00e9 seguido em carro e assaltado na zona Sul de Ribeir\u00e3o Preto"},"content":{"rendered":"<p> <br \/>\n<\/p>\n<div data-td-block-uid=\"tdi_106\">\n<div class=\"tdb-block-inner td-fix-index\">\n<p><strong>Um casal em um carro foi seguido e assaltado ao chegar de S\u00e3o Paulo a Ribeir\u00e3o Preto na madrugada desta quinta-feira (11). As v\u00edtimas estavam indo para a casa de uma filha e foram abordadas na zona Sul da cidade.<\/strong><\/p>\n<p>Segundo o relato das v\u00edtimas no <strong>boletim de ocorr\u00eancia (BO)<\/strong>, o <strong>casal <\/strong>passava pela <strong>City Ribeir\u00e3o<\/strong>, quando percebeu que um <strong>autom\u00f3vel <\/strong>come\u00e7ou a <strong>seguir <\/strong>o <strong>ve\u00edculo<\/strong>.<\/p>\n<p><mark style=\"background-color:#fcb900\" class=\"has-inline-color has-black-color\">Ao chegar \u00e0 avenida Norma Val\u00e9rio Corr\u00eaa, no Jardim Bot\u00e2nico, o casal teve o carro fechado pelo ve\u00edculo dos criminosos.<\/mark><\/p>\n<p>Na sequ\u00eancia, conforme o <strong>BO<\/strong>, dois <strong>assaltantes<\/strong>, um dos quais <strong>armado<\/strong>, desceram e <strong>anunciaram <\/strong>o <strong>roubo<\/strong>.<\/p>\n<p><mark style=\"background-color:#fcb900\" class=\"has-inline-color has-black-color\">Foram levados um celular e uma bolsa com aproximadamente R$ 1,5 mil em dinheiro, al\u00e9m de cart\u00f5es banc\u00e1rios e documentos.<\/mark><\/p>\n<p>Em seguida, os <strong>criminosos fugiram <\/strong>no <strong>carro <\/strong>utilizado no <strong>crime<\/strong>. <mark style=\"background-color:#fcb900\" class=\"has-inline-color\">Nenhum suspeito foi preso.<\/mark><\/p>\n<p>O <strong>BO <\/strong>foi registrado na <strong>CPJ (Central de Pol\u00edcia Judici\u00e1ria) Permanente<\/strong> como <strong>roubo <\/strong>para <strong>investiga\u00e7\u00e3o <\/strong>da <strong>Pol\u00edcia Civil<\/strong>.<\/p>\n<p>SAIBA MAIS<\/p>\n<p>Busto em bronze de ex-prefeito de Ribeir\u00e3o Preto \u00e9 furtado em pra\u00e7a no Centro<\/p>\n<p>FIQUE ON<\/p>\n<p>Fique ligado em tudo que acontece em Ribeir\u00e3o Preto e regi\u00e3o. Siga os perfis do\u00a0<strong>acidade on<\/strong>\u00a0no\u00a0<a href=\"https:\/\/www.instagram.com\/acidadeonribeirao\" target=\"_blank\" rel=\"noreferrer noopener\">Instagram<\/a>\u00a0e no\u00a0<a href=\"https:\/\/www.facebook.com\/acidadeonribeirao\/\" target=\"_blank\" rel=\"noreferrer noopener\">Facebook<\/a>.<\/p>\n<p>Receba not\u00edcias do\u00a0<strong>acidade on\u00a0<\/strong>no WhatsApp.\u00a0<a href=\"https:\/\/chat.whatsapp.com\/CdrZ6xrf7quD44Vw3WlPuZ\" target=\"_blank\" rel=\"noreferrer noopener\">Para entrar no grupo, basta clicar aqui.<\/a><\/p>\n<p>Fa\u00e7a uma den\u00fancia ou sugira uma reportagem sobre Ribeir\u00e3o Preto e regi\u00e3o pelo WhatsApp: 16 99117 7802.<\/p>\n<p>VEJA TAMB\u00c9M<\/p>\n<p>Como impedir de ser colocado em grupos\u00a0de\u00a0WhatsApp?<\/p>\n<p><!-- AI CONTENT END 1 -->\n<\/div>\n<\/div>\n<p><script async src=\"\/\/www.instagram.com\/embed.js\"><\/script><br \/>\n<br \/><br \/>\n<br \/><a href=\"https:\/\/www.acidadeon.com\/ribeiraopreto\/cotidiano\/casal-e-seguido-em-carro-e-assaltado-na-zona-sul-de-ribeirao-preto\/\">Source link <\/a><\/p>\n<div class='code-block code-block-4' style='margin: 8px auto 8px 0; text-align: left; display: block; clear: both;'>\n\ud83d\udce2 Aviso Legal\n\nO site ismaelcolosi.com.br atua apenas como um canal de divulga\u00e7\u00e3o de oportunidades de emprego e n\u00e3o se responsabiliza pelo processo seletivo, contrata\u00e7\u00e3o ou qualquer outra etapa relacionada \u00e0s vagas publicadas. Todas as informa\u00e7\u00f5es s\u00e3o de responsabilidade dos anunciantes.\n\n\u26a0\ufe0f Aten\u00e7\u00e3o! Nunca pague por promessas de emprego nem compre cursos que garantam contrata\u00e7\u00e3o. Desconfie de qualquer cobran\u00e7a para participar de sele\u00e7\u00f5es.\n\n\n\n<\/div>\n<!-- CONTENT END 1 -->\n","protected":false},"excerpt":{"rendered":"<p>Um casal em um carro foi seguido e assaltado ao chegar de S\u00e3o Paulo a Ribeir\u00e3o Preto na madrugada desta quinta-feira (11). As v\u00edtimas estavam&#8230;<\/p>\n","protected":false},"author":1,"featured_media":56521,"comment_status":"open","ping_status":"open","sticky":false,"template":"","format":"standard","meta":{"_uag_custom_page_level_css":"","advanced_seo_description":"","jetpack_seo_html_title":"","jetpack_seo_noindex":false,"jetpack_post_was_ever_published":false,"_jetpack_newsletter_access":"","_jetpack_dont_email_post_to_subs":false,"_jetpack_newsletter_tier_id":0,"_jetpack_memberships_contains_paywalled_content":false,"_jetpack_memberships_contains_paid_content":false,"footnotes":"","jetpack_publicize_message":"","jetpack_publicize_feature_enabled":true,"jetpack_social_post_already_shared":true,"jetpack_social_options":{"image_generator_settings":{"template":"highway","default_image_id":0,"font":"","enabled":false},"version":2}},"categories":[11],"tags":[],"class_list":["post-56520","post","type-post","status-publish","format-standard","has-post-thumbnail","hentry","category-noticias-de-ribeirao-preto-sp-e-regiao-ismael-colosi"],"jetpack_publicize_connections":[],"jetpack_featured_media_url":"https:\/\/i0.wp.com\/ismaelcolosi.com.br\/wp-content\/uploads\/2024\/07\/cpj_policia_1024x576_21012021082231.jpg?fit=1024%2C576&ssl=1","uagb_featured_image_src":{"full":["https:\/\/i0.wp.com\/ismaelcolosi.com.br\/wp-content\/uploads\/2024\/07\/cpj_policia_1024x576_21012021082231.jpg?fit=1024%2C576&ssl=1",1024,576,false],"thumbnail":["https:\/\/i0.wp.com\/ismaelcolosi.com.br\/wp-content\/uploads\/2024\/07\/cpj_policia_1024x576_21012021082231.jpg?resize=150%2C150&ssl=1",150,150,true],"medium":["https:\/\/i0.wp.com\/ismaelcolosi.com.br\/wp-content\/uploads\/2024\/07\/cpj_policia_1024x576_21012021082231.jpg?fit=300%2C169&ssl=1",300,169,true],"medium_large":["https:\/\/i0.wp.com\/ismaelcolosi.com.br\/wp-content\/uploads\/2024\/07\/cpj_policia_1024x576_21012021082231.jpg?fit=768%2C432&ssl=1",768,432,true],"large":["https:\/\/i0.wp.com\/ismaelcolosi.com.br\/wp-content\/uploads\/2024\/07\/cpj_policia_1024x576_21012021082231.jpg?fit=1024%2C576&ssl=1",1024,576,true],"1536x1536":["https:\/\/i0.wp.com\/ismaelcolosi.com.br\/wp-content\/uploads\/2024\/07\/cpj_policia_1024x576_21012021082231.jpg?fit=1024%2C576&ssl=1",1024,576,true],"2048x2048":["https:\/\/i0.wp.com\/ismaelcolosi.com.br\/wp-content\/uploads\/2024\/07\/cpj_policia_1024x576_21012021082231.jpg?fit=1024%2C576&ssl=1",1024,576,true],"really-simple-thumb":["https:\/\/i0.wp.com\/ismaelcolosi.com.br\/wp-content\/uploads\/2024\/07\/cpj_policia_1024x576_21012021082231.jpg?resize=370%2C247&ssl=1",370,247,true]},"uagb_author_info":{"display_name":"ismaelcolosi.com.br","author_link":"https:\/\/ismaelcolosi.com.br\/index.php\/author\/vidareal-online\/"},"uagb_comment_info":0,"uagb_excerpt":"Um casal em um carro foi seguido e assaltado ao chegar de S\u00e3o Paulo a Ribeir\u00e3o Preto na madrugada desta quinta-feira (11). As v\u00edtimas estavam...","jetpack-related-posts":[{"id":61006,"url":"https:\/\/ismaelcolosi.com.br\/index.php\/2024\/08\/19\/casal-e-vitima-de-sequestro-relampago-em-ribeirao-preto\/","url_meta":{"origin":56520,"position":0},"title":"Casal \u00e9 v\u00edtima de sequestro rel\u00e2mpago em Ribeir\u00e3o Preto","author":"ismaelcolosi.com.br","date":"19 de August de 2024","format":false,"excerpt":"Um casal foi v\u00edtima de sequestro rel\u00e2mpago em Ribeir\u00e3o Preto no \u00faltimo s\u00e1bado (17). Os criminosos levaram o carro em que as v\u00edtimas estavam, R$ 70 em dinheiro, cart\u00f5es, celulares, \u00f3culos de sol e um rel\u00f3gio. De acordo com as informa\u00e7\u00f5es do boletim de ocorr\u00eancia (BO), as v\u00edtimas foram abordadas\u2026","rel":"","context":"In &quot;Not\u00edcias de Ribeir\u00e3o Preto-SP e Regi\u00e3o&quot;","block_context":{"text":"Not\u00edcias de Ribeir\u00e3o Preto-SP e Regi\u00e3o","link":"https:\/\/ismaelcolosi.com.br\/index.php\/category\/noticias-de-ribeirao-preto-sp-e-regiao-ismael-colosi\/"},"img":{"alt_text":"","src":"https:\/\/ismaelcolosi.com.br\/wp-content\/uploads\/2024\/02\/whatsapp_image_2022-08-14_at_12_10_03.jpe","width":350,"height":200,"srcset":"https:\/\/ismaelcolosi.com.br\/wp-content\/uploads\/2024\/02\/whatsapp_image_2022-08-14_at_12_10_03.jpe 1x, https:\/\/ismaelcolosi.com.br\/wp-content\/uploads\/2024\/02\/whatsapp_image_2022-08-14_at_12_10_03.jpe 1.5x, https:\/\/ismaelcolosi.com.br\/wp-content\/uploads\/2024\/02\/whatsapp_image_2022-08-14_at_12_10_03.jpe 2x, https:\/\/ismaelcolosi.com.br\/wp-content\/uploads\/2024\/02\/whatsapp_image_2022-08-14_at_12_10_03.jpe 3x"},"classes":[]},{"id":39976,"url":"https:\/\/ismaelcolosi.com.br\/index.php\/2024\/02\/29\/presos-por-trafico-sao-reconhecidos-por-vitimas-de-assalto-em-rp\/","url_meta":{"origin":56520,"position":1},"title":"Presos por tr\u00e1fico s\u00e3o reconhecidos por v\u00edtimas de assalto em RP","author":"ismaelcolosi.com.br","date":"29 de February de 2024","format":false,"excerpt":"Casos ocorreram em setembro de 2023, todos na zona Sul da cidade 29 de fevereiro de 2024 | 11:2529 de fevereiro de 2024 | 11:26 1Por: Adalberto LuqueV\u00edtimas de assaltos ocorridos em 2023 reconheceram, nesta quarta-feira (28), dois homens como sendo autores de assaltos ocorridos em Ribeir\u00e3o Preto em setembro\u2026","rel":"","context":"In &quot;Not\u00edcias de Ribeir\u00e3o Preto-SP e Regi\u00e3o&quot;","block_context":{"text":"Not\u00edcias de Ribeir\u00e3o Preto-SP e Regi\u00e3o","link":"https:\/\/ismaelcolosi.com.br\/index.php\/category\/noticias-de-ribeirao-preto-sp-e-regiao-ismael-colosi\/"},"img":{"alt_text":"","src":"https:\/\/i0.wp.com\/ismaelcolosi.com.br\/wp-content\/uploads\/2024\/02\/00-29-fev-2024-reconhecimento-assaltantes-foto-reproducao.jpg?fit=814%2C645&ssl=1&resize=350%2C200","width":350,"height":200,"srcset":"https:\/\/i0.wp.com\/ismaelcolosi.com.br\/wp-content\/uploads\/2024\/02\/00-29-fev-2024-reconhecimento-assaltantes-foto-reproducao.jpg?fit=814%2C645&ssl=1&resize=350%2C200 1x, https:\/\/i0.wp.com\/ismaelcolosi.com.br\/wp-content\/uploads\/2024\/02\/00-29-fev-2024-reconhecimento-assaltantes-foto-reproducao.jpg?fit=814%2C645&ssl=1&resize=525%2C300 1.5x, https:\/\/i0.wp.com\/ismaelcolosi.com.br\/wp-content\/uploads\/2024\/02\/00-29-fev-2024-reconhecimento-assaltantes-foto-reproducao.jpg?fit=814%2C645&ssl=1&resize=700%2C400 2x"},"classes":[]},{"id":36445,"url":"https:\/\/ismaelcolosi.com.br\/index.php\/2024\/02\/09\/casal-que-morreu-em-rodovia-da-regiao-de-ribeirao-preto-voltava-dos-eua\/","url_meta":{"origin":56520,"position":2},"title":"Casal que morreu em rodovia da regi\u00e3o de Ribeir\u00e3o Preto voltava dos EUA","author":"ismaelcolosi.com.br","date":"9 de February de 2024","format":false,"excerpt":"O casal Pedro Lima Souza, de 35 anos, e Helena Titoto Figueiredo, de 40 anos, estava voltando de uma viagem a Las Vegas, nos Estados Unidos, quando se envolveram em um acidente na rodovia Ciro Albuquerque, em Pirassununga, na noite de quinta-feira (8). Segundo o amigo do casal, Felipe Lubianchi,\u2026","rel":"","context":"In &quot;Not\u00edcias de Ribeir\u00e3o Preto-SP e Regi\u00e3o&quot;","block_context":{"text":"Not\u00edcias de Ribeir\u00e3o Preto-SP e Regi\u00e3o","link":"https:\/\/ismaelcolosi.com.br\/index.php\/category\/noticias-de-ribeirao-preto-sp-e-regiao-ismael-colosi\/"},"img":{"alt_text":"","src":"https:\/\/i0.wp.com\/ismaelcolosi.com.br\/wp-content\/uploads\/2024\/02\/CASAL-RIBEIRAO.jpg?fit=1200%2C806&ssl=1&resize=350%2C200","width":350,"height":200,"srcset":"https:\/\/i0.wp.com\/ismaelcolosi.com.br\/wp-content\/uploads\/2024\/02\/CASAL-RIBEIRAO.jpg?fit=1200%2C806&ssl=1&resize=350%2C200 1x, https:\/\/i0.wp.com\/ismaelcolosi.com.br\/wp-content\/uploads\/2024\/02\/CASAL-RIBEIRAO.jpg?fit=1200%2C806&ssl=1&resize=525%2C300 1.5x, https:\/\/i0.wp.com\/ismaelcolosi.com.br\/wp-content\/uploads\/2024\/02\/CASAL-RIBEIRAO.jpg?fit=1200%2C806&ssl=1&resize=700%2C400 2x, https:\/\/i0.wp.com\/ismaelcolosi.com.br\/wp-content\/uploads\/2024\/02\/CASAL-RIBEIRAO.jpg?fit=1200%2C806&ssl=1&resize=1050%2C600 3x"},"classes":[]},{"id":64025,"url":"https:\/\/ismaelcolosi.com.br\/index.php\/2024\/09\/05\/assaltantes-fazem-casal-refem-agridem-vitima-e-roubam-cofre-vazio-em-ribeirao\/","url_meta":{"origin":56520,"position":3},"title":"Assaltantes fazem casal ref\u00e9m, agridem v\u00edtima e roubam cofre vazio em Ribeir\u00e3o","author":"ismaelcolosi.com.br","date":"5 de September de 2024","format":false,"excerpt":"Dois criminosos, um dos quais com uma arma de fogo, fizeram um casal ref\u00e9m e agrediram uma das v\u00edtimas durante um assalto no in\u00edcio da noite desta quarta-feira (4), no bairro Campos El\u00edseos, zona Norte de Ribeir\u00e3o Preto. Segundo o boletim de ocorr\u00eancia (BO), a v\u00edtima \u2013 um homem de\u2026","rel":"","context":"In &quot;Not\u00edcias de Ribeir\u00e3o Preto-SP e Regi\u00e3o&quot;","block_context":{"text":"Not\u00edcias de Ribeir\u00e3o Preto-SP e Regi\u00e3o","link":"https:\/\/ismaelcolosi.com.br\/index.php\/category\/noticias-de-ribeirao-preto-sp-e-regiao-ismael-colosi\/"},"img":{"alt_text":"","src":"https:\/\/i0.wp.com\/ismaelcolosi.com.br\/wp-content\/uploads\/2024\/09\/pm_qru_1024x576_25052021184558.jpg?fit=1024%2C576&ssl=1&resize=350%2C200","width":350,"height":200,"srcset":"https:\/\/i0.wp.com\/ismaelcolosi.com.br\/wp-content\/uploads\/2024\/09\/pm_qru_1024x576_25052021184558.jpg?fit=1024%2C576&ssl=1&resize=350%2C200 1x, https:\/\/i0.wp.com\/ismaelcolosi.com.br\/wp-content\/uploads\/2024\/09\/pm_qru_1024x576_25052021184558.jpg?fit=1024%2C576&ssl=1&resize=525%2C300 1.5x, https:\/\/i0.wp.com\/ismaelcolosi.com.br\/wp-content\/uploads\/2024\/09\/pm_qru_1024x576_25052021184558.jpg?fit=1024%2C576&ssl=1&resize=700%2C400 2x"},"classes":[]},{"id":47864,"url":"https:\/\/ismaelcolosi.com.br\/index.php\/2024\/04\/29\/casal-e-preso-com-grande-quantidade-de-maconha-em-carro-na-regiao-de-ribeirao\/","url_meta":{"origin":56520,"position":4},"title":"Casal \u00e9 preso com grande quantidade de maconha em carro na regi\u00e3o de Ribeir\u00e3o","author":"ismaelcolosi.com.br","date":"29 de April de 2024","format":false,"excerpt":"Um casal foi preso por tr\u00e1fico de drogas ap\u00f3s a pol\u00edcia encontrar 90 quilos de maconha dentro de um carro na tarde deste domingo (29), na rodovia Carlos Tonani (SP-333), em Sert\u00e3ozinho. Um homem conduzia o ve\u00edculo \u2013 um Ford Ka branco \u2013 e uma mulher seguia como passageira, quando\u2026","rel":"","context":"In &quot;Not\u00edcias de Ribeir\u00e3o Preto-SP e Regi\u00e3o&quot;","block_context":{"text":"Not\u00edcias de Ribeir\u00e3o Preto-SP e Regi\u00e3o","link":"https:\/\/ismaelcolosi.com.br\/index.php\/category\/noticias-de-ribeirao-preto-sp-e-regiao-ismael-colosi\/"},"img":{"alt_text":"","src":"https:\/\/i0.wp.com\/ismaelcolosi.com.br\/wp-content\/uploads\/2024\/04\/WhatsApp-Image-2024-04-29-at-10.06.15-1_2024-04-29_13-50-36_jpeg.webp.webp?fit=1200%2C675&ssl=1&resize=350%2C200","width":350,"height":200,"srcset":"https:\/\/i0.wp.com\/ismaelcolosi.com.br\/wp-content\/uploads\/2024\/04\/WhatsApp-Image-2024-04-29-at-10.06.15-1_2024-04-29_13-50-36_jpeg.webp.webp?fit=1200%2C675&ssl=1&resize=350%2C200 1x, https:\/\/i0.wp.com\/ismaelcolosi.com.br\/wp-content\/uploads\/2024\/04\/WhatsApp-Image-2024-04-29-at-10.06.15-1_2024-04-29_13-50-36_jpeg.webp.webp?fit=1200%2C675&ssl=1&resize=525%2C300 1.5x, https:\/\/i0.wp.com\/ismaelcolosi.com.br\/wp-content\/uploads\/2024\/04\/WhatsApp-Image-2024-04-29-at-10.06.15-1_2024-04-29_13-50-36_jpeg.webp.webp?fit=1200%2C675&ssl=1&resize=700%2C400 2x, https:\/\/i0.wp.com\/ismaelcolosi.com.br\/wp-content\/uploads\/2024\/04\/WhatsApp-Image-2024-04-29-at-10.06.15-1_2024-04-29_13-50-36_jpeg.webp.webp?fit=1200%2C675&ssl=1&resize=1050%2C600 3x"},"classes":[]},{"id":56636,"url":"https:\/\/ismaelcolosi.com.br\/index.php\/2024\/07\/13\/empresario-e-socio-sofrem-sequestro-relampago-na-zona-sul-de-ribeirao-preto\/","url_meta":{"origin":56520,"position":5},"title":"Empres\u00e1rio e s\u00f3cio sofrem sequestro-rel\u00e2mpago na zona Sul de Ribeir\u00e3o Preto","author":"ismaelcolosi.com.br","date":"13 de July de 2024","format":false,"excerpt":"Um empres\u00e1rio de 47 anos e seu s\u00f3cio foram v\u00edtimas de um sequestro rel\u00e2mpago na zona Sul de Ribeir\u00e3o Preto, na madrugada de sexta-feira (12). O empres\u00e1rio estima que os criminosos roubaram aproximadamente 20 mil por meio de transa\u00e7\u00f5es via Pix. A v\u00edtima informou \u00e0 pol\u00edcia no boletim de ocorr\u00eancia\u2026","rel":"","context":"In &quot;Not\u00edcias de Ribeir\u00e3o Preto-SP e Regi\u00e3o&quot;","block_context":{"text":"Not\u00edcias de Ribeir\u00e3o Preto-SP e Regi\u00e3o","link":"https:\/\/ismaelcolosi.com.br\/index.php\/category\/noticias-de-ribeirao-preto-sp-e-regiao-ismael-colosi\/"},"img":{"alt_text":"","src":"https:\/\/i0.wp.com\/ismaelcolosi.com.br\/wp-content\/uploads\/2024\/07\/1720894891_cpj_1024x576_21012021092745.jpg?fit=1024%2C575&ssl=1&resize=350%2C200","width":350,"height":200,"srcset":"https:\/\/i0.wp.com\/ismaelcolosi.com.br\/wp-content\/uploads\/2024\/07\/1720894891_cpj_1024x576_21012021092745.jpg?fit=1024%2C575&ssl=1&resize=350%2C200 1x, https:\/\/i0.wp.com\/ismaelcolosi.com.br\/wp-content\/uploads\/2024\/07\/1720894891_cpj_1024x576_21012021092745.jpg?fit=1024%2C575&ssl=1&resize=525%2C300 1.5x, https:\/\/i0.wp.com\/ismaelcolosi.com.br\/wp-content\/uploads\/2024\/07\/1720894891_cpj_1024x576_21012021092745.jpg?fit=1024%2C575&ssl=1&resize=700%2C400 2x"},"classes":[]}],"jetpack_sharing_enabled":true,"jetpack_shortlink":"https:\/\/wp.me\/pfMlyK-eHC","_links":{"self":[{"href":"https:\/\/ismaelcolosi.com.br\/index.php\/wp-json\/wp\/v2\/posts\/56520","targetHints":{"allow":["GET"]}}],"collection":[{"href":"https:\/\/ismaelcolosi.com.br\/index.php\/wp-json\/wp\/v2\/posts"}],"about":[{"href":"https:\/\/ismaelcolosi.com.br\/index.php\/wp-json\/wp\/v2\/types\/post"}],"author":[{"embeddable":true,"href":"https:\/\/ismaelcolosi.com.br\/index.php\/wp-json\/wp\/v2\/users\/1"}],"replies":[{"embeddable":true,"href":"https:\/\/ismaelcolosi.com.br\/index.php\/wp-json\/wp\/v2\/comments?post=56520"}],"version-history":[{"count":0,"href":"https:\/\/ismaelcolosi.com.br\/index.php\/wp-json\/wp\/v2\/posts\/56520\/revisions"}],"wp:featuredmedia":[{"embeddable":true,"href":"https:\/\/ismaelcolosi.com.br\/index.php\/wp-json\/wp\/v2\/media\/56521"}],"wp:attachment":[{"href":"https:\/\/ismaelcolosi.com.br\/index.php\/wp-json\/wp\/v2\/media?parent=56520"}],"wp:term":[{"taxonomy":"category","embeddable":true,"href":"https:\/\/ismaelcolosi.com.br\/index.php\/wp-json\/wp\/v2\/categories?post=56520"},{"taxonomy":"post_tag","embeddable":true,"href":"https:\/\/ismaelcolosi.com.br\/index.php\/wp-json\/wp\/v2\/tags?post=56520"}],"curies":[{"name":"wp","href":"https:\/\/api.w.org\/{rel}","templated":true}]}}