{"id":56510,"date":"2024-07-12T11:14:32","date_gmt":"2024-07-12T14:14:32","guid":{"rendered":"https:\/\/ismaelcolosi.com.br\/index.php\/2024\/07\/12\/tributo-ao-bee-gees-e-encontro-de-carros-antigos-veja-o-que-fazer-no-fim-de-semana-em-ribeirao-preto\/"},"modified":"2024-07-12T11:14:32","modified_gmt":"2024-07-12T14:14:32","slug":"tributo-ao-bee-gees-e-encontro-de-carros-antigos-veja-o-que-fazer-no-fim-de-semana-em-ribeirao-preto","status":"publish","type":"post","link":"https:\/\/ismaelcolosi.com.br\/index.php\/2024\/07\/12\/tributo-ao-bee-gees-e-encontro-de-carros-antigos-veja-o-que-fazer-no-fim-de-semana-em-ribeirao-preto\/","title":{"rendered":"Tributo ao Bee Gees e encontro de carros antigos: Veja o que fazer no fim de semana em Ribeir\u00e3o Preto"},"content":{"rendered":"<p> <br \/>\n<\/p>\n<div>\n<p>A <strong>agenda cultural<\/strong> deste fim de semana em <strong>Ribeir\u00e3o Preto<\/strong> est\u00e1 repleta de atividades para todas as idades, com eventos <strong>pagos e gratuitos<\/strong>. O <strong>Tributo ao Bee Gees<\/strong> e o encontro de carros antigos <strong>Calif\u00f3rnia Volks Brothers<\/strong> s\u00e3o destaque.<\/p>\n<h4 class=\"wp-block-heading\"><strong>Tributo ao Bee Gees<\/strong><\/h4>\n<p>O maior tributo ao <strong>Bee Gees<\/strong> do mundo est\u00e1 de volta ao <strong>Brasil<\/strong>. O <strong>Geminis Tribute Band<\/strong> se apresentam nesta <strong>sexta-feira (12)<\/strong>, no<strong> Multiplan Hall<\/strong> do <strong>Ribeir\u00e3o Shoping<\/strong>, a partir das <strong>21h<\/strong>. Ainda h\u00e1 <strong>ingressos dispon\u00edveis<\/strong> no site (<a href=\"https:\/\/www.ticketmaster.com.br\/event\/bee-gees-ribeiraopreto\" target=\"_blank\" rel=\"noreferrer noopener\">clique aqui<\/a>) a partir de <strong>R$ 144<\/strong>.<\/p><div class='code-block code-block-8' style='margin: 8px auto; text-align: center; display: block; clear: both;'>\n<script>\n  atOptions = {\n    'key' : '66e2e2111ca34da796271819fc334058',\n    'format' : 'iframe',\n    'height' : 250,\n    'width' : 300,\n    'params' : {}\n  };\n<\/script>\n<script src=\"https:\/\/www.highperformanceformat.com\/66e2e2111ca34da796271819fc334058\/invoke.js\"><\/script>\n<\/div>\n\n<h4 class=\"wp-block-heading\"><strong>Calif\u00f3rnia Volks Brothers \u00a0<\/strong><strong\/><\/h4>\n<p>O <strong>Campus Universit\u00e1rio Moura Lacerda<\/strong>, das <strong>8h \u00e0s 17h, <\/strong>recebe a <strong>12\u00aa edi\u00e7\u00e3o do <\/strong>encontro de carros antigos\u00a0<strong>\u201cCalif\u00f3rnia Volks Brothers<\/strong>\u201d. A exposi\u00e7\u00e3o contar\u00e1 com <em>food trucks<\/em>, espa\u00e7o<em>\u00a0kids<\/em>, mercado de pulgas (pe\u00e7as usadas), sorteios e m\u00fasica ao vivo. Os ingressos podem ser adquiridos <strong>on-line<\/strong>\u00a0(<a href=\"https:\/\/acessoingressos.com.br\/Evento\/Detalhes\" target=\"_blank\" rel=\"noreferrer noopener\">clique aqui<\/a>) a partir de <strong>R$ 5<\/strong>.<\/p>\n<h4 class=\"wp-block-heading\"><strong>Festa Manga Rosa<\/strong><\/h4>\n<p>No <strong>s\u00e1bado (13)<\/strong>, acontece outra edi\u00e7\u00e3o da <strong>Festa Manga Rosa<\/strong>, no <strong>Teatro de Arena \u201cJaime Zeiger\u201d<\/strong>, a partir das <strong>14h<\/strong>. O evento contar\u00e1 com apresenta\u00e7\u00f5es dos DJs Kizo e Gofrit, Al\u00e1fia, T\u00e1ssia Reis e Di Melo. Os <strong>ingressos <\/strong>podem ser adquiridos pelo site (<a href=\"https:\/\/www.sympla.com.br\/evento\/festa-manga-rosa-no-arena-di-melo-tassia-reis-alafia-djs-kizo-e-goforit\/2510932?referrer=l.instagram.com\" target=\"_blank\" rel=\"noreferrer noopener\">clique aqui<\/a>), a partir de <strong>R$ 40<\/strong>.<\/p>\n<h4 class=\"wp-block-heading\"><strong>Arrai\u00e1 do Lar Padre Euclides<\/strong><\/h4>\n<p>Uma boa op\u00e7\u00e3o do que fazer neste fim de semana em <strong>Ribeir\u00e3o Preto<\/strong> \u00e9 o <strong>Arrai\u00e1 do Lar Padre Euclides<\/strong>, que contar\u00e1 com barracas de comidas e bebidas t\u00edpicas, m\u00fasica ao vivo, apresenta\u00e7\u00e3o de dan\u00e7a, bingo e espa\u00e7o <em>kids<\/em>. A <strong>entrada \u00e9 gratuita<\/strong> e acontece a partir das <strong>17h<\/strong>, na <strong>sexta-feira (12)<\/strong> e no <strong>s\u00e1bado (13)<\/strong>.<\/p>\n<p>As duplas <strong>Neto &amp; Vinicius<\/strong> e <strong>Wanessa e Gabriel<\/strong> far\u00e3o <strong>shows <\/strong>durante a festa, a partir das <strong>19h<\/strong>.<\/p>\n<h4 class=\"wp-block-heading\"><strong>Festa Universit\u00e1ria<\/strong><\/h4>\n<p>O <strong>CHF Espa\u00e7o Cultural<\/strong>, na<strong> avenida Thomaz Alberto Whately<\/strong>, abre espa\u00e7o para uma noite de muita m\u00fasica. A partir das <strong>19h<\/strong>, no <strong>s\u00e1bado (13)<\/strong>, nomes do <em>funk<\/em> e da m\u00fasica eletr\u00f4nica agitam <strong>Ribeir\u00e3o Preto<\/strong>, entre as atra\u00e7\u00f5es est\u00e3o: DJ GBR, DJ Mu540, DJ Arana, Thales Lima e mais. O evento \u00e9 <strong>open bar<\/strong> e os ingressos podem ser adquiridos <strong>on-line<\/strong> (<a href=\"https:\/\/www.oticket.com.br\/event\/3451?commissioner=3399\" target=\"_blank\" rel=\"noreferrer noopener\">clique aqui<\/a>) a partir de <strong>R$ 148<\/strong>.<\/p>\n<h4 class=\"wp-block-heading\"><strong>Baile do Balaco<\/strong><\/h4>\n<p>A <strong>Banda Balaco<\/strong> realiza o \u201c<strong>Baile do Balaco<\/strong>\u201d na <strong>F\u00e1brica de Extintores<\/strong> neste <strong>s\u00e1bado (13)<\/strong>. O evento come\u00e7a \u00e0s <strong>22h<\/strong>, e o show est\u00e1 marcado para iniciar \u00e0s <strong>23h30<\/strong>. Os <strong>ingressos<\/strong> est\u00e3o sendo vendidos <strong>on-line<\/strong> (<a href=\"https:\/\/www.sympla.com.br\/evento\/baile-do-balaco-13-07\/2539258\" target=\"_blank\" rel=\"noreferrer noopener\">clique aqui<\/a>) a partir de <strong>R$ 30<\/strong>, com valor sujeito \u00e0 altera\u00e7\u00e3o.<\/p>\n<h4 class=\"wp-block-heading\"><strong>Encanto \u2013 O Musical <\/strong><\/h4>\n<p>A <strong>LR Cia de Teatro<\/strong> apresenta no <strong>Teatro Marista <\/strong>a pe\u00e7a <strong>\u201cEncanto \u2013 O Musical\u201d<\/strong> sobre a anima\u00e7\u00e3o da <strong>Walt<\/strong> <strong>Disney<\/strong>, em que uma menina colombiana pode ser a \u00faltima esperan\u00e7a de sua fam\u00edlia quando descobrem que a magia que envolve o <strong>Encanto dos Madrigal<\/strong> est\u00e1 em perigo.<\/p>\n<p>A <mark style=\"background-color:#ffffff\" class=\"has-inline-color has-black-color\"><strong>classifica\u00e7\u00e3o indicativa \u00e9 livre <\/strong><\/mark>e ter\u00e1 tradutores de <strong>Libras<\/strong>. As <strong>entradas<\/strong> podem ser garantidas <strong>on-line<\/strong> (<a href=\"https:\/\/www.sympla.com.br\/evento\/encanto-o-musical\/2510207\" target=\"_blank\" rel=\"noreferrer noopener\">clique aqui<\/a>), com valores a partir de <strong>R$ 25<\/strong>. Vale ressaltar que, <mark style=\"background-color:#fcb900\" class=\"has-inline-color has-black-color\">crian\u00e7as at\u00e9 2 anos n\u00e3o pagam<\/mark>.<\/p>\n<h4 class=\"wp-block-heading\"><strong>Somos t\u00e3o Jovens<\/strong><\/h4>\n<p>O<strong> \u201cSomos T\u00e3o Jovens \u2013 Tributo Legi\u00e3o\u201d<\/strong> se apresenta no <strong>Hard Rock Caf\u00e9 Ribeir\u00e3o<\/strong> no pr\u00f3ximo s\u00e1bado (13), <strong>Dia Mundial do Rock<\/strong>, \u00e0s 21h. Os ingressos custam a partir de R$ 50.<\/p>\n<p><strong>SERVI\u00c7O \u2013 Show \u201cSomos T\u00e3o Jovens \u2013 Tributo Legi\u00e3o\u201d<\/strong><br \/>Quando: 13\/7, \u00e0s 21h \u2013 Abertura da casa: \u00e0s 19h<br \/>Onde: Hard Rock Caf\u00e9 \u2013 Est\u00e1dio Santa Cruz \u2013 Arena NicNet \/ Eurobike<br \/>Ingressos: <a href=\"https:\/\/www.bilheto.com.br\/comprar\/2437\/somos-tao-jovens-tributo-legiao\" target=\"_blank\" rel=\"noreferrer noopener nofollow\">site Bilheto (clique aqui)<\/a><br \/>Classifica\u00e7\u00e3o: Livre<\/p>\n<h4 class=\"wp-block-heading\"><strong>A Lebre e a Tartaruga<\/strong><\/h4>\n<p>O <strong>musical infantil<\/strong> \u00e9 uma adapta\u00e7\u00e3o do cl\u00e1ssico de <strong>Esopo<\/strong> e a apresenta\u00e7\u00e3o acontece neste <strong>domingo (14)<\/strong>, a partir das <strong>17h<\/strong>, no <strong>Hard Rock Caf\u00e9<\/strong>. Os ingressos podem ser adquiridos a partir de <strong>R$ 30<\/strong> no site (<a href=\"https:\/\/www.sympla.com.br\/evento\/a-lebre-e-a-tartaruga\/2530338\" target=\"_blank\" rel=\"noreferrer noopener\">clique aqui<\/a>). <mark style=\"background-color:#fcb900\" class=\"has-inline-color has-black-color\">Crian\u00e7as at\u00e9 2 anos n\u00e3o pagam.<\/mark><\/p>\n<h4 class=\"wp-block-heading\"><strong>Frozen \u2013 Uma Aventura Congelante<\/strong><\/h4>\n<p>Uma boa op\u00e7\u00e3o do que fazer com toda a fam\u00edlia neste fim de semana \u00e9 assistir ao musical \u201c<strong>Frozen \u2013 Uma Aventura Congelante<\/strong>\u201d, da <strong>LR Cia de Teatro<\/strong>. A princesa <strong>Anna<\/strong> parte em uma jornada pelo gelo \u00e0 procura de sua irm\u00e3, a rainha <strong>Elsa<\/strong>, na esperan\u00e7a de acabar com a maldi\u00e7\u00e3o do inverno eterno, que est\u00e1 provocando o congelamento do reino.<\/p>\n<p>A apresenta\u00e7\u00e3o acontece \u00e0s <strong>16h<\/strong>, neste <strong>domingo (14)<\/strong>, no <strong>Teatro Marista<\/strong>. Os<strong> ingressos<\/strong> est\u00e3o sendo vendidos a partir de <strong>R$ 25<\/strong> pelo site (<a href=\"https:\/\/www.sympla.com.br\/evento\/frozen-uma-aventura-congelante-no-teatro\/2510276\" target=\"_blank\" rel=\"noreferrer noopener\">clique aqui<\/a>).<\/p>\n<p>SAIBA MAIS<br \/>Busto em bronze de ex-prefeito de Ribeir\u00e3o Preto \u00e9 furtado em pra\u00e7a no Centro<\/p>\n<h4 class=\"wp-block-heading\"><strong>FIQUE ON<\/strong><\/h4>\n<p>Fique ligado em tudo que acontece em Ribeir\u00e3o Preto e regi\u00e3o. Siga os perfis do <strong>acidade on <\/strong>no <a href=\"https:\/\/www.instagram.com\/acidadeonribeirao\" target=\"_blank\" rel=\"noreferrer noopener\">Instagram<\/a> e no <a href=\"https:\/\/www.facebook.com\/acidadeonribeirao\" target=\"_blank\" rel=\"noreferrer noopener\">Facebook<\/a>.<\/p>\n<p>Receba not\u00edcias do acidade on no WhatsApp. Para entrar no grupo, basta <a href=\"https:\/\/chat.whatsapp.com\/CdrZ6xrf7quD44Vw3WlPuZ\" target=\"_blank\" rel=\"noreferrer noopener\">clicar aqui<\/a>.<\/p>\n<p>Fa\u00e7a uma den\u00fancia ou sugira uma reportagem sobre Ribeir\u00e3o Preto e regi\u00e3o pelo WhatsApp: 16 99117 7802.<\/p>\n<p>VEJA TAMB\u00c9M<br \/>O que aconteceu com Benji Gregory de \u2018Alf: O ETeimoso\u2019?<\/p>\n<p><!-- AI CONTENT END 1 -->\n<\/div>\n<p><script async src=\"\/\/www.instagram.com\/embed.js\"><\/script><br \/>\n<br \/><br \/>\n<br \/><a href=\"https:\/\/www.acidadeon.com\/ribeiraopreto\/lazer-e-cultura\/tributo-ao-bee-gees-e-encontro-de-carros-antigos-veja-o-que-fazer-no-fim-de-semana-em-ribeirao-preto\/\">Source link <\/a><\/p>\n<div class='code-block code-block-4' style='margin: 8px auto 8px 0; text-align: left; display: block; clear: both;'>\n\ud83d\udce2 Aviso Legal\n\nO site ismaelcolosi.com.br atua apenas como um canal de divulga\u00e7\u00e3o de oportunidades de emprego e n\u00e3o se responsabiliza pelo processo seletivo, contrata\u00e7\u00e3o ou qualquer outra etapa relacionada \u00e0s vagas publicadas. Todas as informa\u00e7\u00f5es s\u00e3o de responsabilidade dos anunciantes.\n\n\u26a0\ufe0f Aten\u00e7\u00e3o! Nunca pague por promessas de emprego nem compre cursos que garantam contrata\u00e7\u00e3o. Desconfie de qualquer cobran\u00e7a para participar de sele\u00e7\u00f5es.\n\n\n<div data-type=\"_mgwidget\" data-widget-id=\"2000896\">\n<\/div>\n<script>(function(w,q){w[q]=w[q]||[];w[q].push([\"_mgc.load\"])})(window,\"_mgq\");\n<\/script>\n<\/div>\n<!-- CONTENT END 1 -->\n","protected":false},"excerpt":{"rendered":"<p>A agenda cultural deste fim de semana em Ribeir\u00e3o Preto est\u00e1 repleta de atividades para todas as idades, com eventos pagos e gratuitos. O Tributo&#8230;<\/p>\n","protected":false},"author":1,"featured_media":56511,"comment_status":"open","ping_status":"open","sticky":false,"template":"","format":"standard","meta":{"_uag_custom_page_level_css":"","jetpack_post_was_ever_published":false,"_jetpack_newsletter_access":"","_jetpack_dont_email_post_to_subs":false,"_jetpack_newsletter_tier_id":0,"_jetpack_memberships_contains_paywalled_content":false,"_jetpack_memberships_contains_paid_content":false,"footnotes":"","jetpack_publicize_message":"","jetpack_publicize_feature_enabled":true,"jetpack_social_post_already_shared":true,"jetpack_social_options":{"image_generator_settings":{"template":"highway","default_image_id":0,"font":"","enabled":false},"version":2}},"categories":[11],"tags":[],"class_list":["post-56510","post","type-post","status-publish","format-standard","has-post-thumbnail","hentry","category-noticias-de-ribeirao-preto-sp-e-regiao-ismael-colosi"],"aioseo_notices":[],"jetpack_publicize_connections":[],"jetpack_featured_media_url":"https:\/\/i0.wp.com\/ismaelcolosi.com.br\/wp-content\/uploads\/2024\/07\/Copia-de-Copia-de-TAMANHO-EXATO-PARA-FOTOS-NO-SISTEMA-NOVO-18_2024-07-12_13-06-04_jpg_2024-07-12_13-06-04.webp.webp?fit=1200%2C675&ssl=1","uagb_featured_image_src":{"full":["https:\/\/i0.wp.com\/ismaelcolosi.com.br\/wp-content\/uploads\/2024\/07\/Copia-de-Copia-de-TAMANHO-EXATO-PARA-FOTOS-NO-SISTEMA-NOVO-18_2024-07-12_13-06-04_jpg_2024-07-12_13-06-04.webp.webp?fit=1200%2C675&ssl=1",1200,675,false],"thumbnail":["https:\/\/i0.wp.com\/ismaelcolosi.com.br\/wp-content\/uploads\/2024\/07\/Copia-de-Copia-de-TAMANHO-EXATO-PARA-FOTOS-NO-SISTEMA-NOVO-18_2024-07-12_13-06-04_jpg_2024-07-12_13-06-04.webp.webp?resize=150%2C150&ssl=1",150,150,true],"medium":["https:\/\/i0.wp.com\/ismaelcolosi.com.br\/wp-content\/uploads\/2024\/07\/Copia-de-Copia-de-TAMANHO-EXATO-PARA-FOTOS-NO-SISTEMA-NOVO-18_2024-07-12_13-06-04_jpg_2024-07-12_13-06-04.webp.webp?fit=300%2C169&ssl=1",300,169,true],"medium_large":["https:\/\/i0.wp.com\/ismaelcolosi.com.br\/wp-content\/uploads\/2024\/07\/Copia-de-Copia-de-TAMANHO-EXATO-PARA-FOTOS-NO-SISTEMA-NOVO-18_2024-07-12_13-06-04_jpg_2024-07-12_13-06-04.webp.webp?fit=768%2C432&ssl=1",768,432,true],"large":["https:\/\/i0.wp.com\/ismaelcolosi.com.br\/wp-content\/uploads\/2024\/07\/Copia-de-Copia-de-TAMANHO-EXATO-PARA-FOTOS-NO-SISTEMA-NOVO-18_2024-07-12_13-06-04_jpg_2024-07-12_13-06-04.webp.webp?fit=1024%2C576&ssl=1",1024,576,true],"1536x1536":["https:\/\/i0.wp.com\/ismaelcolosi.com.br\/wp-content\/uploads\/2024\/07\/Copia-de-Copia-de-TAMANHO-EXATO-PARA-FOTOS-NO-SISTEMA-NOVO-18_2024-07-12_13-06-04_jpg_2024-07-12_13-06-04.webp.webp?fit=1200%2C675&ssl=1",1200,675,true],"2048x2048":["https:\/\/i0.wp.com\/ismaelcolosi.com.br\/wp-content\/uploads\/2024\/07\/Copia-de-Copia-de-TAMANHO-EXATO-PARA-FOTOS-NO-SISTEMA-NOVO-18_2024-07-12_13-06-04_jpg_2024-07-12_13-06-04.webp.webp?fit=1200%2C675&ssl=1",1200,675,true],"really-simple-thumb":["https:\/\/i0.wp.com\/ismaelcolosi.com.br\/wp-content\/uploads\/2024\/07\/Copia-de-Copia-de-TAMANHO-EXATO-PARA-FOTOS-NO-SISTEMA-NOVO-18_2024-07-12_13-06-04_jpg_2024-07-12_13-06-04.webp.webp?resize=370%2C247&ssl=1",370,247,true]},"uagb_author_info":{"display_name":"ismaelcolosi.com.br","author_link":"https:\/\/ismaelcolosi.com.br\/index.php\/author\/vidareal-online\/"},"uagb_comment_info":0,"uagb_excerpt":"A agenda cultural deste fim de semana em Ribeir\u00e3o Preto est\u00e1 repleta de atividades para todas as idades, com eventos pagos e gratuitos. O Tributo...","jetpack-related-posts":[{"id":56206,"url":"https:\/\/ismaelcolosi.com.br\/index.php\/2024\/07\/10\/encontro-de-carros-antigos-no-fim-de-semana-tem-food-trucks-e-musica-em-ribeirao-preto\/","url_meta":{"origin":56510,"position":0},"title":"Encontro de carros antigos no fim de semana tem food trucks e m\u00fasica em Ribeir\u00e3o Preto","author":"ismaelcolosi.com.br","date":"10 de July de 2024","format":false,"excerpt":"O encontro de carros antigos \u201cCalif\u00f3rnia Volks Brothers\u201d realiza a sua 12\u00aa edi\u00e7\u00e3o neste domingo (14), no Campus Universit\u00e1rio Moura Lacerda, das 8h \u00e0s 17h. Al\u00e9m da exposi\u00e7\u00e3o de carros cl\u00e1ssicos e e aircooleds \u2013 carros em que o sistema usa o pr\u00f3prio ar para refrigerar o motor -, o\u2026","rel":"","context":"In &quot;Not\u00edcias de Ribeir\u00e3o Preto-SP e Regi\u00e3o&quot;","block_context":{"text":"Not\u00edcias de Ribeir\u00e3o Preto-SP e Regi\u00e3o","link":"https:\/\/ismaelcolosi.com.br\/index.php\/category\/noticias-de-ribeirao-preto-sp-e-regiao-ismael-colosi\/"},"img":{"alt_text":"","src":"https:\/\/i0.wp.com\/ismaelcolosi.com.br\/wp-content\/uploads\/2024\/07\/IMG-8262_2024-07-10_13-03-13_jpg_2024-07-10_13-03-15-scaled.webp.webp?fit=1200%2C800&ssl=1&resize=350%2C200","width":350,"height":200,"srcset":"https:\/\/i0.wp.com\/ismaelcolosi.com.br\/wp-content\/uploads\/2024\/07\/IMG-8262_2024-07-10_13-03-13_jpg_2024-07-10_13-03-15-scaled.webp.webp?fit=1200%2C800&ssl=1&resize=350%2C200 1x, https:\/\/i0.wp.com\/ismaelcolosi.com.br\/wp-content\/uploads\/2024\/07\/IMG-8262_2024-07-10_13-03-13_jpg_2024-07-10_13-03-15-scaled.webp.webp?fit=1200%2C800&ssl=1&resize=525%2C300 1.5x, https:\/\/i0.wp.com\/ismaelcolosi.com.br\/wp-content\/uploads\/2024\/07\/IMG-8262_2024-07-10_13-03-13_jpg_2024-07-10_13-03-15-scaled.webp.webp?fit=1200%2C800&ssl=1&resize=700%2C400 2x, https:\/\/i0.wp.com\/ismaelcolosi.com.br\/wp-content\/uploads\/2024\/07\/IMG-8262_2024-07-10_13-03-13_jpg_2024-07-10_13-03-15-scaled.webp.webp?fit=1200%2C800&ssl=1&resize=1050%2C600 3x"},"classes":[]},{"id":51921,"url":"https:\/\/ismaelcolosi.com.br\/index.php\/2024\/06\/01\/encontro-com-mais-de-mil-carros-antigos-acontece-em-ribeirao-preto-veja-quando\/","url_meta":{"origin":56510,"position":1},"title":"Encontro com mais de mil carros antigos acontece em Ribeir\u00e3o Preto; Veja quando\u00a0","author":"ismaelcolosi.com.br","date":"1 de June de 2024","format":false,"excerpt":"A 12\u00aa edi\u00e7\u00e3o do \u201cCalifornia Volks Brothers\u201d, evento que vai reunir cerca de mil autom\u00f3veis cl\u00e1ssicos, especialmente o Fusca, acontece no dia 14 de julho, em Ribeir\u00e3o Preto. O encontro vai ser realizado no campus do Centro Universit\u00e1rio Moura Lacerda, das 8h \u00e0s 17h, e vai receber diversas pessoas de\u2026","rel":"","context":"In &quot;Not\u00edcias de Ribeir\u00e3o Preto-SP e Regi\u00e3o&quot;","block_context":{"text":"Not\u00edcias de Ribeir\u00e3o Preto-SP e Regi\u00e3o","link":"https:\/\/ismaelcolosi.com.br\/index.php\/category\/noticias-de-ribeirao-preto-sp-e-regiao-ismael-colosi\/"},"img":{"alt_text":"","src":"https:\/\/i0.wp.com\/ismaelcolosi.com.br\/wp-content\/uploads\/2024\/06\/IMG-8261_2024-06-01_20-40-39_jpg_2024-06-01_20-40-40-scaled.webp.webp?fit=1200%2C580&ssl=1&resize=350%2C200","width":350,"height":200,"srcset":"https:\/\/i0.wp.com\/ismaelcolosi.com.br\/wp-content\/uploads\/2024\/06\/IMG-8261_2024-06-01_20-40-39_jpg_2024-06-01_20-40-40-scaled.webp.webp?fit=1200%2C580&ssl=1&resize=350%2C200 1x, https:\/\/i0.wp.com\/ismaelcolosi.com.br\/wp-content\/uploads\/2024\/06\/IMG-8261_2024-06-01_20-40-39_jpg_2024-06-01_20-40-40-scaled.webp.webp?fit=1200%2C580&ssl=1&resize=525%2C300 1.5x, https:\/\/i0.wp.com\/ismaelcolosi.com.br\/wp-content\/uploads\/2024\/06\/IMG-8261_2024-06-01_20-40-39_jpg_2024-06-01_20-40-40-scaled.webp.webp?fit=1200%2C580&ssl=1&resize=700%2C400 2x, https:\/\/i0.wp.com\/ismaelcolosi.com.br\/wp-content\/uploads\/2024\/06\/IMG-8261_2024-06-01_20-40-39_jpg_2024-06-01_20-40-40-scaled.webp.webp?fit=1200%2C580&ssl=1&resize=1050%2C600 3x"},"classes":[]},{"id":46579,"url":"https:\/\/ismaelcolosi.com.br\/index.php\/2024\/04\/12\/ribeirao-preto-recebe-encontro-com-mais-de-mil-carros-antigos-veja-quando\/","url_meta":{"origin":56510,"position":2},"title":"Ribeir\u00e3o Preto recebe encontro com mais de mil carros antigos; Veja quando","author":"ismaelcolosi.com.br","date":"12 de April de 2024","format":false,"excerpt":"Ribeir\u00e3o Preto recebe a 12\u00aa edi\u00e7\u00e3o do \u201cCalifornia Volks Brothers\u201d, evento que vai reunir cerca de mil autom\u00f3veis cl\u00e1ssicos, especialmente o Fusca. O encontro acontece no dia 14 de julho, no campus do Centro Universit\u00e1rio Moura Lacerda, das 8h \u00e0s 17h, e vai receber diversas pessoas de todo o Brasil.\u2026","rel":"","context":"In &quot;Not\u00edcias de Ribeir\u00e3o Preto-SP e Regi\u00e3o&quot;","block_context":{"text":"Not\u00edcias de Ribeir\u00e3o Preto-SP e Regi\u00e3o","link":"https:\/\/ismaelcolosi.com.br\/index.php\/category\/noticias-de-ribeirao-preto-sp-e-regiao-ismael-colosi\/"},"img":{"alt_text":"","src":"https:\/\/i0.wp.com\/ismaelcolosi.com.br\/wp-content\/uploads\/2024\/04\/AnyConv.com__IMG-8265-scaled.webp.webp?fit=1200%2C623&ssl=1&resize=350%2C200","width":350,"height":200,"srcset":"https:\/\/i0.wp.com\/ismaelcolosi.com.br\/wp-content\/uploads\/2024\/04\/AnyConv.com__IMG-8265-scaled.webp.webp?fit=1200%2C623&ssl=1&resize=350%2C200 1x, https:\/\/i0.wp.com\/ismaelcolosi.com.br\/wp-content\/uploads\/2024\/04\/AnyConv.com__IMG-8265-scaled.webp.webp?fit=1200%2C623&ssl=1&resize=525%2C300 1.5x, https:\/\/i0.wp.com\/ismaelcolosi.com.br\/wp-content\/uploads\/2024\/04\/AnyConv.com__IMG-8265-scaled.webp.webp?fit=1200%2C623&ssl=1&resize=700%2C400 2x, https:\/\/i0.wp.com\/ismaelcolosi.com.br\/wp-content\/uploads\/2024\/04\/AnyConv.com__IMG-8265-scaled.webp.webp?fit=1200%2C623&ssl=1&resize=1050%2C600 3x"},"classes":[]},{"id":53012,"url":"https:\/\/ismaelcolosi.com.br\/index.php\/2024\/06\/12\/encontro-de-carros-antigos-tem-musica-ao-vivo-e-brindes-na-regiao-de-ribeirao-veja-quando\/","url_meta":{"origin":56510,"position":3},"title":"Encontro de carros antigos tem m\u00fasica ao vivo e brindes na regi\u00e3o de Ribeir\u00e3o; Veja quando","author":"ismaelcolosi.com.br","date":"12 de June de 2024","format":false,"excerpt":"O \u201c3\u00ba Encontro Anual de Carros Antigos Sert\u00e3o Volks\u201d acontece neste domingo (16), na pra\u00e7a 21 de Abril, em Sert\u00e3ozinho, cidade na regi\u00e3o de Ribeir\u00e3o Preto, a partir das 9h. O evento \u00e9 aberto ao p\u00fablico. Al\u00e9m da exposi\u00e7\u00e3o de ve\u00edculos, o evento tamb\u00e9m contar\u00e1 com DJ e m\u00fasica ao\u2026","rel":"","context":"In &quot;Not\u00edcias de Ribeir\u00e3o Preto-SP e Regi\u00e3o&quot;","block_context":{"text":"Not\u00edcias de Ribeir\u00e3o Preto-SP e Regi\u00e3o","link":"https:\/\/ismaelcolosi.com.br\/index.php\/category\/noticias-de-ribeirao-preto-sp-e-regiao-ismael-colosi\/"},"img":{"alt_text":"","src":"https:\/\/i0.wp.com\/ismaelcolosi.com.br\/wp-content\/uploads\/2024\/06\/Copia-de-Copia-de-TAMANHO-EXATO-PARA-FOTOS-NO-SISTEMA-NOVO-10_2024-06-10_12-20-58_jpg_2024-06-10_12-20-58.webp.webp?fit=1200%2C675&ssl=1&resize=350%2C200","width":350,"height":200,"srcset":"https:\/\/i0.wp.com\/ismaelcolosi.com.br\/wp-content\/uploads\/2024\/06\/Copia-de-Copia-de-TAMANHO-EXATO-PARA-FOTOS-NO-SISTEMA-NOVO-10_2024-06-10_12-20-58_jpg_2024-06-10_12-20-58.webp.webp?fit=1200%2C675&ssl=1&resize=350%2C200 1x, https:\/\/i0.wp.com\/ismaelcolosi.com.br\/wp-content\/uploads\/2024\/06\/Copia-de-Copia-de-TAMANHO-EXATO-PARA-FOTOS-NO-SISTEMA-NOVO-10_2024-06-10_12-20-58_jpg_2024-06-10_12-20-58.webp.webp?fit=1200%2C675&ssl=1&resize=525%2C300 1.5x, https:\/\/i0.wp.com\/ismaelcolosi.com.br\/wp-content\/uploads\/2024\/06\/Copia-de-Copia-de-TAMANHO-EXATO-PARA-FOTOS-NO-SISTEMA-NOVO-10_2024-06-10_12-20-58_jpg_2024-06-10_12-20-58.webp.webp?fit=1200%2C675&ssl=1&resize=700%2C400 2x, https:\/\/i0.wp.com\/ismaelcolosi.com.br\/wp-content\/uploads\/2024\/06\/Copia-de-Copia-de-TAMANHO-EXATO-PARA-FOTOS-NO-SISTEMA-NOVO-10_2024-06-10_12-20-58_jpg_2024-06-10_12-20-58.webp.webp?fit=1200%2C675&ssl=1&resize=1050%2C600 3x"},"classes":[]},{"id":50056,"url":"https:\/\/ismaelcolosi.com.br\/index.php\/2024\/05\/14\/ribeirao-preto-tem-encontro-de-carros-antigos-com-chopp-e-area-gourmet\/","url_meta":{"origin":56510,"position":4},"title":"Ribeir\u00e3o Preto tem encontro de carros antigos com chopp e \u00e1rea gourmet","author":"ismaelcolosi.com.br","date":"14 de May de 2024","format":false,"excerpt":"O encontro mensal de carros antigos \u201cCalif\u00f3rnia Volks\u201d acontece neste s\u00e1bado (18) em Ribeir\u00e3o Preto. Esta edi\u00e7\u00e3o ser\u00e1 na rua Goi\u00e1s, 1.490, no bairro Campos El\u00edseos, a partir das 13h. Durante o evento, que tem entrada gratuita, ter\u00e1 venda de chopp e \u00e1rea gourmet com diversas op\u00e7\u00f5es de petiscos. Al\u00e9m\u2026","rel":"","context":"In &quot;Not\u00edcias de Ribeir\u00e3o Preto-SP e Regi\u00e3o&quot;","block_context":{"text":"Not\u00edcias de Ribeir\u00e3o Preto-SP e Regi\u00e3o","link":"https:\/\/ismaelcolosi.com.br\/index.php\/category\/noticias-de-ribeirao-preto-sp-e-regiao-ismael-colosi\/"},"img":{"alt_text":"","src":"https:\/\/i0.wp.com\/ismaelcolosi.com.br\/wp-content\/uploads\/2024\/05\/AnyConv.com__25395045_2017989705104517_9108011890481911885_o_2024-05-14_17-51-59.webp.webp?fit=1200%2C675&ssl=1&resize=350%2C200","width":350,"height":200,"srcset":"https:\/\/i0.wp.com\/ismaelcolosi.com.br\/wp-content\/uploads\/2024\/05\/AnyConv.com__25395045_2017989705104517_9108011890481911885_o_2024-05-14_17-51-59.webp.webp?fit=1200%2C675&ssl=1&resize=350%2C200 1x, https:\/\/i0.wp.com\/ismaelcolosi.com.br\/wp-content\/uploads\/2024\/05\/AnyConv.com__25395045_2017989705104517_9108011890481911885_o_2024-05-14_17-51-59.webp.webp?fit=1200%2C675&ssl=1&resize=525%2C300 1.5x, https:\/\/i0.wp.com\/ismaelcolosi.com.br\/wp-content\/uploads\/2024\/05\/AnyConv.com__25395045_2017989705104517_9108011890481911885_o_2024-05-14_17-51-59.webp.webp?fit=1200%2C675&ssl=1&resize=700%2C400 2x, https:\/\/i0.wp.com\/ismaelcolosi.com.br\/wp-content\/uploads\/2024\/05\/AnyConv.com__25395045_2017989705104517_9108011890481911885_o_2024-05-14_17-51-59.webp.webp?fit=1200%2C675&ssl=1&resize=1050%2C600 3x"},"classes":[]},{"id":31716,"url":"https:\/\/ismaelcolosi.com.br\/index.php\/2024\/01\/23\/ribeirao-recebe-novo-evento-de-carros-antigos-com-chope-e-food-trucks-veja-quando\/","url_meta":{"origin":56510,"position":5},"title":"Ribeir\u00e3o recebe novo evento de carros antigos com chope e food trucks; Veja quando","author":"ismaelcolosi.com.br","date":"23 de January de 2024","format":false,"excerpt":"Neste domingo (28), Ribeir\u00e3o Preto recebe mais um evento para quem \u00e9 apaixonado por carros antigos. A primeira edi\u00e7\u00e3o do \u201cSunday Volks Day\u201d acontece a partir das 9h, no Espa\u00e7o Pantanal, na zona Sul da cidade. Os interessados em participar do evento, ou at\u00e9 mesmo expor o seu ve\u00edculo cl\u00e1ssico,\u2026","rel":"","context":"In &quot;Not\u00edcias de Ribeir\u00e3o Preto-SP e Regi\u00e3o&quot;","block_context":{"text":"Not\u00edcias de Ribeir\u00e3o Preto-SP e Regi\u00e3o","link":"https:\/\/ismaelcolosi.com.br\/index.php\/category\/noticias-de-ribeirao-preto-sp-e-regiao-ismael-colosi\/"},"img":{"alt_text":"","src":"https:\/\/i0.wp.com\/ismaelcolosi.com.br\/wp-content\/uploads\/2024\/01\/Copia-de-Copia-de-TAMANHO-EXATO-PARA-FOTOS-NO-SISTEMA-NOVO-2-1.jpg?fit=1200%2C675&ssl=1&resize=350%2C200","width":350,"height":200,"srcset":"https:\/\/i0.wp.com\/ismaelcolosi.com.br\/wp-content\/uploads\/2024\/01\/Copia-de-Copia-de-TAMANHO-EXATO-PARA-FOTOS-NO-SISTEMA-NOVO-2-1.jpg?fit=1200%2C675&ssl=1&resize=350%2C200 1x, https:\/\/i0.wp.com\/ismaelcolosi.com.br\/wp-content\/uploads\/2024\/01\/Copia-de-Copia-de-TAMANHO-EXATO-PARA-FOTOS-NO-SISTEMA-NOVO-2-1.jpg?fit=1200%2C675&ssl=1&resize=525%2C300 1.5x, https:\/\/i0.wp.com\/ismaelcolosi.com.br\/wp-content\/uploads\/2024\/01\/Copia-de-Copia-de-TAMANHO-EXATO-PARA-FOTOS-NO-SISTEMA-NOVO-2-1.jpg?fit=1200%2C675&ssl=1&resize=700%2C400 2x, https:\/\/i0.wp.com\/ismaelcolosi.com.br\/wp-content\/uploads\/2024\/01\/Copia-de-Copia-de-TAMANHO-EXATO-PARA-FOTOS-NO-SISTEMA-NOVO-2-1.jpg?fit=1200%2C675&ssl=1&resize=1050%2C600 3x"},"classes":[]}],"jetpack_sharing_enabled":true,"jetpack_shortlink":"https:\/\/wp.me\/pfMlyK-eHs","_links":{"self":[{"href":"https:\/\/ismaelcolosi.com.br\/index.php\/wp-json\/wp\/v2\/posts\/56510","targetHints":{"allow":["GET"]}}],"collection":[{"href":"https:\/\/ismaelcolosi.com.br\/index.php\/wp-json\/wp\/v2\/posts"}],"about":[{"href":"https:\/\/ismaelcolosi.com.br\/index.php\/wp-json\/wp\/v2\/types\/post"}],"author":[{"embeddable":true,"href":"https:\/\/ismaelcolosi.com.br\/index.php\/wp-json\/wp\/v2\/users\/1"}],"replies":[{"embeddable":true,"href":"https:\/\/ismaelcolosi.com.br\/index.php\/wp-json\/wp\/v2\/comments?post=56510"}],"version-history":[{"count":0,"href":"https:\/\/ismaelcolosi.com.br\/index.php\/wp-json\/wp\/v2\/posts\/56510\/revisions"}],"wp:featuredmedia":[{"embeddable":true,"href":"https:\/\/ismaelcolosi.com.br\/index.php\/wp-json\/wp\/v2\/media\/56511"}],"wp:attachment":[{"href":"https:\/\/ismaelcolosi.com.br\/index.php\/wp-json\/wp\/v2\/media?parent=56510"}],"wp:term":[{"taxonomy":"category","embeddable":true,"href":"https:\/\/ismaelcolosi.com.br\/index.php\/wp-json\/wp\/v2\/categories?post=56510"},{"taxonomy":"post_tag","embeddable":true,"href":"https:\/\/ismaelcolosi.com.br\/index.php\/wp-json\/wp\/v2\/tags?post=56510"}],"curies":[{"name":"wp","href":"https:\/\/api.w.org\/{rel}","templated":true}]}}