{"id":56027,"date":"2024-07-08T16:40:32","date_gmt":"2024-07-08T19:40:32","guid":{"rendered":"https:\/\/ismaelcolosi.com.br\/index.php\/2024\/07\/08\/shopping-de-ribeirao-preto-realiza-festa-julina-com-cordeis-musica-ao-vivo-e-comidas-tipicas\/"},"modified":"2024-07-08T16:40:32","modified_gmt":"2024-07-08T19:40:32","slug":"shopping-de-ribeirao-preto-realiza-festa-julina-com-cordeis-musica-ao-vivo-e-comidas-tipicas","status":"publish","type":"post","link":"https:\/\/ismaelcolosi.com.br\/index.php\/2024\/07\/08\/shopping-de-ribeirao-preto-realiza-festa-julina-com-cordeis-musica-ao-vivo-e-comidas-tipicas\/","title":{"rendered":"Shopping de Ribeir\u00e3o Preto realiza festa julina com cord\u00e9is, m\u00fasica ao vivo e comidas t\u00edpicas"},"content":{"rendered":"<p> <br \/>\n<\/p>\n<div>\n<p><strong>Ribeir\u00e3o Preto<\/strong> recebe entre os dias 11 e 14 de julho, a <strong>Villa S\u00e3o Jo\u00e3o<\/strong>, uma festa julina que vai celebrar a <strong>cultura popular nordestina e sertaneja<\/strong> por meio de xilogravuras, cord\u00e9is e m\u00fasicas.<\/p>\n<p>Com uma programa\u00e7\u00e3o que<strong> valoriza as tradi\u00e7\u00f5es juninas<\/strong>, a festa acontece no estacionamento do Ribeir\u00e3o Shopping, localizado na zona Sul do munic\u00edpio, das 15h \u00e0s 23h. <strong>A entrada \u00e9 gratuita.<\/strong><\/p><div class='code-block code-block-8' style='margin: 8px auto; text-align: center; display: block; clear: both;'>\n<script>\n  atOptions = {\n    'key' : '66e2e2111ca34da796271819fc334058',\n    'format' : 'iframe',\n    'height' : 250,\n    'width' : 300,\n    'params' : {}\n  };\n<\/script>\n<script src=\"https:\/\/www.highperformanceformat.com\/66e2e2111ca34da796271819fc334058\/invoke.js\"><\/script>\n<\/div>\n\n<p><mark style=\"background-color:#fcb900\" class=\"has-inline-color\">Quem for at\u00e9 a<strong> Villa S\u00e3o Jo\u00e3o<\/strong> encontrar\u00e1 <mark style=\"background-color:#fcb900\" class=\"has-inline-color\">uma decora\u00e7\u00e3o t\u00edpica e r\u00fastica<\/mark> e barracas de brincadeiras tradicionais, como <strong>tiro ao alvo<\/strong>,<strong> pescaria<\/strong>,<strong> argola <\/strong>e <strong>boliche americano<\/strong>.<\/mark><\/p>\n<p>Al\u00e9m disso, a festa tamb\u00e9m ter\u00e1 <strong>barracas de gastronomia t\u00edpicas<\/strong> e <strong>produtos artesanais<\/strong>, sendo que <strong>parte da renda arrecadada ser\u00e1 destinada \u00e0s causas sociais.<\/strong><\/p>\n<h3 class=\"wp-block-heading\"><strong>Programa\u00e7\u00e3o musical<\/strong><\/h3>\n<p>De acordo com a organiza\u00e7\u00e3o, a festa ter\u00e1 <strong>apresenta\u00e7\u00f5es musicais ao vivo<\/strong> \u201cque prometem animar o p\u00fablico com os diversos estilos tradicionais\u201d.<\/p>\n<p>A <strong>programa\u00e7\u00e3o musical<\/strong> da festa com <strong>xote<\/strong>, <strong>bai\u00e3o<\/strong>, <strong>xaxado<\/strong>, <strong>fado <\/strong>e <strong>m\u00fasica sertaneja<\/strong>. Al\u00e9m disso, o apresentador da <strong>Villa S\u00e3o Jo\u00e3o<\/strong> vir\u00e1 direto de <strong>Pernambuco <\/strong>e far\u00e1 um <strong>correio elegante \u201cdeclamado\u201d<\/strong> de um jeito descontra\u00eddo e animado.<\/p>\n<p>O <strong>arrai\u00e1 <\/strong>tamb\u00e9m vai reunir um espa\u00e7o instagram\u00e1vel, um <strong>lounge inspirado na m\u00fasica de Luiz Gonzaga<\/strong>, e cen\u00e1rio com cercas, rodas de carro\u00e7a e feno para fotos e intera\u00e7\u00e3o.<\/p>\n<figure class=\"wp-block-pullquote\">\n<blockquote>\n<p>Uma das atra\u00e7\u00f5es especiais ser\u00e1 a declama\u00e7\u00e3o de cordel ao vivo, que vai retratar a hist\u00f3ria e as tradi\u00e7\u00f5es das festividades juninas, proporcionando uma experi\u00eancia cultural e educativa<\/p>\n<\/blockquote>\n<\/figure>\n<h4 class=\"wp-block-heading\"><strong>Servi\u00e7o<\/strong><\/h4>\n<p><em>Villa S\u00e3o Jo\u00e3o \u2013 Festa Julina do Ribeir\u00e3o Shopping <\/em><\/p>\n<p>Quando: entre os dias 11 e 14 de julho<\/p>\n<p>Hor\u00e1rio: das 15h \u00e0s 23h<\/p>\n<p>Onde: estacionamento do Ribeir\u00e3o Shopping, pr\u00f3ximo ao Carrefour<\/p>\n<p>Endere\u00e7o: avenida Cel. Fernando Ferreira Leite, 1540 \u2013 Jardim Calif\u00f3rnia, Ribeir\u00e3o Preto<\/p>\n<p>Evento com entrada gratuita<\/p>\n<hr class=\"wp-block-separator has-alpha-channel-opacity\"\/>\n<p>SAIBA MAIS<\/p>\n<p>Pr\u00e9dios hist\u00f3ricos: Oito locais para voc\u00ea visitar no Centro de Ribeir\u00e3o Preto<\/p>\n<h4 class=\"wp-block-heading\"><strong>FIQUE ON<\/strong><\/h4>\n<p>Fique ligado em tudo que acontece em Ribeir\u00e3o Preto e regi\u00e3o. Siga os perfis do\u00a0<strong>acidade on\u00a0<\/strong>no\u00a0<a href=\"https:\/\/www.instagram.com\/acidadeonribeirao\" target=\"_blank\" rel=\"noreferrer noopener\">Instagram<\/a>\u00a0e no\u00a0<a href=\"https:\/\/www.facebook.com\/acidadeonribeirao\" target=\"_blank\" rel=\"noreferrer noopener\">Facebook<\/a>.<\/p>\n<p>Receba not\u00edcias do<strong>\u00a0acidade on<\/strong>\u00a0no WhatsApp. Para entrar no grupo, basta\u00a0<a href=\"https:\/\/chat.whatsapp.com\/CdrZ6xrf7quD44Vw3WlPuZ\" target=\"_blank\" rel=\"noreferrer noopener\">clicar aqui<\/a>.<\/p>\n<p>Fa\u00e7a uma den\u00fancia ou sugira uma reportagem sobre Ribeir\u00e3o Preto e regi\u00e3o pelo WhatsApp: 16 99117 7802.<\/p>\n<p>VEJA TAMB\u00c9M<\/p>\n<p>Qual foi a dancinha de Tati Machado que viralizou?<\/p>\n<p><!-- AI CONTENT END 1 -->\n<\/div>\n<p><script async src=\"\/\/www.instagram.com\/embed.js\"><\/script><br \/>\n<br \/><br \/>\n<br \/><a href=\"https:\/\/www.acidadeon.com\/ribeiraopreto\/lazer-e-cultura\/shopping-de-ribeirao-preto-realiza-festa-julina-com-cordeis-musica-ao-vivo-e-comidas-tipicas\/\">Source link <\/a><\/p>\n<div class='code-block code-block-4' style='margin: 8px auto 8px 0; text-align: left; display: block; clear: both;'>\n\ud83d\udce2 Aviso Legal\n\nO site ismaelcolosi.com.br atua apenas como um canal de divulga\u00e7\u00e3o de oportunidades de emprego e n\u00e3o se responsabiliza pelo processo seletivo, contrata\u00e7\u00e3o ou qualquer outra etapa relacionada \u00e0s vagas publicadas. Todas as informa\u00e7\u00f5es s\u00e3o de responsabilidade dos anunciantes.\n\n\u26a0\ufe0f Aten\u00e7\u00e3o! Nunca pague por promessas de emprego nem compre cursos que garantam contrata\u00e7\u00e3o. Desconfie de qualquer cobran\u00e7a para participar de sele\u00e7\u00f5es.\n\n\n<div data-type=\"_mgwidget\" data-widget-id=\"2000896\">\n<\/div>\n<script>(function(w,q){w[q]=w[q]||[];w[q].push([\"_mgc.load\"])})(window,\"_mgq\");\n<\/script>\n<\/div>\n<!-- CONTENT END 1 -->\n","protected":false},"excerpt":{"rendered":"<p>Ribeir\u00e3o Preto recebe entre os dias 11 e 14 de julho, a Villa S\u00e3o Jo\u00e3o, uma festa julina que vai celebrar a cultura popular nordestina&#8230;<\/p>\n","protected":false},"author":1,"featured_media":56028,"comment_status":"open","ping_status":"open","sticky":false,"template":"","format":"standard","meta":{"_uag_custom_page_level_css":"","jetpack_post_was_ever_published":false,"_jetpack_newsletter_access":"","_jetpack_dont_email_post_to_subs":false,"_jetpack_newsletter_tier_id":0,"_jetpack_memberships_contains_paywalled_content":false,"_jetpack_memberships_contains_paid_content":false,"footnotes":"","jetpack_publicize_message":"","jetpack_publicize_feature_enabled":true,"jetpack_social_post_already_shared":true,"jetpack_social_options":{"image_generator_settings":{"template":"highway","default_image_id":0,"font":"","enabled":false},"version":2}},"categories":[11],"tags":[],"class_list":["post-56027","post","type-post","status-publish","format-standard","has-post-thumbnail","hentry","category-noticias-de-ribeirao-preto-sp-e-regiao-ismael-colosi"],"aioseo_notices":[],"jetpack_publicize_connections":[],"jetpack_featured_media_url":"https:\/\/i0.wp.com\/ismaelcolosi.com.br\/wp-content\/uploads\/2024\/07\/edit_mca_abr_060620194963_2024-07-08_19-21-45_jpg_2024-07-08_19-21-47-scaled.webp.webp?fit=2560%2C1707&ssl=1","uagb_featured_image_src":{"full":["https:\/\/i0.wp.com\/ismaelcolosi.com.br\/wp-content\/uploads\/2024\/07\/edit_mca_abr_060620194963_2024-07-08_19-21-45_jpg_2024-07-08_19-21-47-scaled.webp.webp?fit=2560%2C1707&ssl=1",2560,1707,false],"thumbnail":["https:\/\/i0.wp.com\/ismaelcolosi.com.br\/wp-content\/uploads\/2024\/07\/edit_mca_abr_060620194963_2024-07-08_19-21-45_jpg_2024-07-08_19-21-47-scaled.webp.webp?resize=150%2C150&ssl=1",150,150,true],"medium":["https:\/\/i0.wp.com\/ismaelcolosi.com.br\/wp-content\/uploads\/2024\/07\/edit_mca_abr_060620194963_2024-07-08_19-21-45_jpg_2024-07-08_19-21-47-scaled.webp.webp?fit=300%2C200&ssl=1",300,200,true],"medium_large":["https:\/\/i0.wp.com\/ismaelcolosi.com.br\/wp-content\/uploads\/2024\/07\/edit_mca_abr_060620194963_2024-07-08_19-21-45_jpg_2024-07-08_19-21-47-scaled.webp.webp?fit=768%2C512&ssl=1",768,512,true],"large":["https:\/\/i0.wp.com\/ismaelcolosi.com.br\/wp-content\/uploads\/2024\/07\/edit_mca_abr_060620194963_2024-07-08_19-21-45_jpg_2024-07-08_19-21-47-scaled.webp.webp?fit=1024%2C683&ssl=1",1024,683,true],"1536x1536":["https:\/\/i0.wp.com\/ismaelcolosi.com.br\/wp-content\/uploads\/2024\/07\/edit_mca_abr_060620194963_2024-07-08_19-21-45_jpg_2024-07-08_19-21-47-scaled.webp.webp?fit=1536%2C1024&ssl=1",1536,1024,true],"2048x2048":["https:\/\/i0.wp.com\/ismaelcolosi.com.br\/wp-content\/uploads\/2024\/07\/edit_mca_abr_060620194963_2024-07-08_19-21-45_jpg_2024-07-08_19-21-47-scaled.webp.webp?fit=2048%2C1366&ssl=1",2048,1366,true],"really-simple-thumb":["https:\/\/i0.wp.com\/ismaelcolosi.com.br\/wp-content\/uploads\/2024\/07\/edit_mca_abr_060620194963_2024-07-08_19-21-45_jpg_2024-07-08_19-21-47-scaled.webp.webp?resize=370%2C247&ssl=1",370,247,true]},"uagb_author_info":{"display_name":"ismaelcolosi.com.br","author_link":"https:\/\/ismaelcolosi.com.br\/index.php\/author\/vidareal-online\/"},"uagb_comment_info":0,"uagb_excerpt":"Ribeir\u00e3o Preto recebe entre os dias 11 e 14 de julho, a Villa S\u00e3o Jo\u00e3o, uma festa julina que vai celebrar a cultura popular nordestina...","jetpack-related-posts":[{"id":56040,"url":"https:\/\/ismaelcolosi.com.br\/index.php\/2024\/07\/08\/ferias-veja-onde-receber-orientacoes-em-sp-sobre-doencas-e-imunizacoes-antes-de-viajar\/","url_meta":{"origin":56027,"position":0},"title":"F\u00e9rias: Veja onde receber orienta\u00e7\u00f5es em SP sobre doen\u00e7as e imuniza\u00e7\u00f5es antes de viajar","author":"ismaelcolosi.com.br","date":"8 de July de 2024","format":false,"excerpt":"O Estado de S\u00e3o Paulo, por meio da Secretaria de Estado da Sa\u00fade, oferece \u00e0 popula\u00e7\u00e3o um servi\u00e7o gratuito com orienta\u00e7\u00f5es sobre doen\u00e7as e imuniza\u00e7\u00f5es para pessoas que v\u00e3o viajar, principalmente, neste per\u00edodo de f\u00e9rias escolares. O atendimento deve ser agendado. Ao todo, s\u00e3o quatro \u201cAmbulat\u00f3rios dos Viajantes\u201d, entre eles,\u2026","rel":"","context":"In &quot;Not\u00edcias de Ribeir\u00e3o Preto-SP e Regi\u00e3o&quot;","block_context":{"text":"Not\u00edcias de Ribeir\u00e3o Preto-SP e Regi\u00e3o","link":"https:\/\/ismaelcolosi.com.br\/index.php\/category\/noticias-de-ribeirao-preto-sp-e-regiao-ismael-colosi\/"},"img":{"alt_text":"","src":"https:\/\/i0.wp.com\/ismaelcolosi.com.br\/wp-content\/uploads\/2024\/07\/hc-ribeirao-preto.jpg?fit=1200%2C675&ssl=1&resize=350%2C200","width":350,"height":200,"srcset":"https:\/\/i0.wp.com\/ismaelcolosi.com.br\/wp-content\/uploads\/2024\/07\/hc-ribeirao-preto.jpg?fit=1200%2C675&ssl=1&resize=350%2C200 1x, https:\/\/i0.wp.com\/ismaelcolosi.com.br\/wp-content\/uploads\/2024\/07\/hc-ribeirao-preto.jpg?fit=1200%2C675&ssl=1&resize=525%2C300 1.5x, https:\/\/i0.wp.com\/ismaelcolosi.com.br\/wp-content\/uploads\/2024\/07\/hc-ribeirao-preto.jpg?fit=1200%2C675&ssl=1&resize=700%2C400 2x, https:\/\/i0.wp.com\/ismaelcolosi.com.br\/wp-content\/uploads\/2024\/07\/hc-ribeirao-preto.jpg?fit=1200%2C675&ssl=1&resize=1050%2C600 3x"},"classes":[]},{"id":51395,"url":"https:\/\/ismaelcolosi.com.br\/index.php\/2024\/05\/27\/festa-junina-em-estacionamento-de-shopping-comeca-esta-semana-em-ribeirao-preto\/","url_meta":{"origin":56027,"position":1},"title":"Festa junina em estacionamento de shopping come\u00e7a esta semana em Ribeir\u00e3o Preto","author":"ismaelcolosi.com.br","date":"27 de May de 2024","format":false,"excerpt":"A segunda edi\u00e7\u00e3o da festa junina \u201cArrai\u00e1 Mio di B\u00e3o Ribeir\u00e3o\u201d, que re\u00fane durante 17 dias, barracas com comidas e bebidas t\u00edpicas, shows musicais e a\u00e7\u00f5es solid\u00e1rias, come\u00e7a nesta quinta-feira (30). O evento, com entrada e estacionamento gratuitos, acontece no estacionamento do Novo Shopping, na zona Leste de Ribeir\u00e3o Preto.\u2026","rel":"","context":"In &quot;Not\u00edcias de Ribeir\u00e3o Preto-SP e Regi\u00e3o&quot;","block_context":{"text":"Not\u00edcias de Ribeir\u00e3o Preto-SP e Regi\u00e3o","link":"https:\/\/ismaelcolosi.com.br\/index.php\/category\/noticias-de-ribeirao-preto-sp-e-regiao-ismael-colosi\/"},"img":{"alt_text":"","src":"https:\/\/i0.wp.com\/ismaelcolosi.com.br\/wp-content\/uploads\/2024\/05\/Copia-de-Copia-de-TAMANHO-EXATO-PARA-FOTOS-NO-SISTEMA-NOVO-50_2024-05-27_15-37-26_jpg_2024-05-27_15-37-26.webp.webp?fit=1200%2C675&ssl=1&resize=350%2C200","width":350,"height":200,"srcset":"https:\/\/i0.wp.com\/ismaelcolosi.com.br\/wp-content\/uploads\/2024\/05\/Copia-de-Copia-de-TAMANHO-EXATO-PARA-FOTOS-NO-SISTEMA-NOVO-50_2024-05-27_15-37-26_jpg_2024-05-27_15-37-26.webp.webp?fit=1200%2C675&ssl=1&resize=350%2C200 1x, https:\/\/i0.wp.com\/ismaelcolosi.com.br\/wp-content\/uploads\/2024\/05\/Copia-de-Copia-de-TAMANHO-EXATO-PARA-FOTOS-NO-SISTEMA-NOVO-50_2024-05-27_15-37-26_jpg_2024-05-27_15-37-26.webp.webp?fit=1200%2C675&ssl=1&resize=525%2C300 1.5x, https:\/\/i0.wp.com\/ismaelcolosi.com.br\/wp-content\/uploads\/2024\/05\/Copia-de-Copia-de-TAMANHO-EXATO-PARA-FOTOS-NO-SISTEMA-NOVO-50_2024-05-27_15-37-26_jpg_2024-05-27_15-37-26.webp.webp?fit=1200%2C675&ssl=1&resize=700%2C400 2x, https:\/\/i0.wp.com\/ismaelcolosi.com.br\/wp-content\/uploads\/2024\/05\/Copia-de-Copia-de-TAMANHO-EXATO-PARA-FOTOS-NO-SISTEMA-NOVO-50_2024-05-27_15-37-26_jpg_2024-05-27_15-37-26.webp.webp?fit=1200%2C675&ssl=1&resize=1050%2C600 3x"},"classes":[]},{"id":49148,"url":"https:\/\/ismaelcolosi.com.br\/index.php\/2024\/05\/08\/festa-junina-em-estacionamento-de-shopping-de-ribeirao-preto-tem-entrada-gratuita\/","url_meta":{"origin":56027,"position":2},"title":"Festa Junina em estacionamento de shopping de Ribeir\u00e3o Preto tem entrada gratuita","author":"ismaelcolosi.com.br","date":"8 de May de 2024","format":false,"excerpt":"O segundo \u201cArrai\u00e1 Mio Di B\u00e3o \u2013 Ribeir\u00e3o!\u201d, que re\u00fane shows, comidas t\u00edpicas e a\u00e7\u00f5es solid\u00e1rias, no estacionamento do Novo Shopping, na zona Leste da cidade, acontece de 30 de maio a 30 e junho. Com entrada e estacionamento gratuitos, o evento contar\u00e1 com diversas barracas com comidas e bebidas\u2026","rel":"","context":"In &quot;Not\u00edcias de Ribeir\u00e3o Preto-SP e Regi\u00e3o&quot;","block_context":{"text":"Not\u00edcias de Ribeir\u00e3o Preto-SP e Regi\u00e3o","link":"https:\/\/ismaelcolosi.com.br\/index.php\/category\/noticias-de-ribeirao-preto-sp-e-regiao-ismael-colosi\/"},"img":{"alt_text":"","src":"https:\/\/i0.wp.com\/ismaelcolosi.com.br\/wp-content\/uploads\/2024\/05\/Capturar_2024-05-08_22-00-18_jpg_2024-05-08_22-00-18.webp.webp?fit=774%2C518&ssl=1&resize=350%2C200","width":350,"height":200,"srcset":"https:\/\/i0.wp.com\/ismaelcolosi.com.br\/wp-content\/uploads\/2024\/05\/Capturar_2024-05-08_22-00-18_jpg_2024-05-08_22-00-18.webp.webp?fit=774%2C518&ssl=1&resize=350%2C200 1x, https:\/\/i0.wp.com\/ismaelcolosi.com.br\/wp-content\/uploads\/2024\/05\/Capturar_2024-05-08_22-00-18_jpg_2024-05-08_22-00-18.webp.webp?fit=774%2C518&ssl=1&resize=525%2C300 1.5x, https:\/\/i0.wp.com\/ismaelcolosi.com.br\/wp-content\/uploads\/2024\/05\/Capturar_2024-05-08_22-00-18_jpg_2024-05-08_22-00-18.webp.webp?fit=774%2C518&ssl=1&resize=700%2C400 2x"},"classes":[]},{"id":51869,"url":"https:\/\/ismaelcolosi.com.br\/index.php\/2024\/05\/31\/festa-junina-em-shopping-de-ribeirao-preto-tem-comidas-tipicas-shows-e-espaco-kids\/","url_meta":{"origin":56027,"position":3},"title":"Festa junina em shopping de Ribeir\u00e3o Preto tem comidas t\u00edpicas, shows e espa\u00e7o kids","author":"ismaelcolosi.com.br","date":"31 de May de 2024","format":false,"excerpt":"A segunda edi\u00e7\u00e3o do Arrai\u00e1 Mio di B\u00e3o come\u00e7ou nesta quinta-feira (30), no estacionamento do Novo Shopping, zona Leste de Ribeir\u00e3o Preto. O evento acontece at\u00e9 o dia 30 de junho. Com entrada e estacionamento gratuitos, a festa junina possui diversas barracas com comidas e bebidas t\u00edpicas, espa\u00e7o kids, shows\u2026","rel":"","context":"In &quot;Not\u00edcias de Ribeir\u00e3o Preto-SP e Regi\u00e3o&quot;","block_context":{"text":"Not\u00edcias de Ribeir\u00e3o Preto-SP e Regi\u00e3o","link":"https:\/\/ismaelcolosi.com.br\/index.php\/category\/noticias-de-ribeirao-preto-sp-e-regiao-ismael-colosi\/"},"img":{"alt_text":"","src":"https:\/\/i0.wp.com\/ismaelcolosi.com.br\/wp-content\/uploads\/2024\/05\/arraia_mio_di_bao_01_2024-05-31_23-08-24_jpeg_2024-05-31_23-08-24.webp.webp?fit=1200%2C776&ssl=1&resize=350%2C200","width":350,"height":200,"srcset":"https:\/\/i0.wp.com\/ismaelcolosi.com.br\/wp-content\/uploads\/2024\/05\/arraia_mio_di_bao_01_2024-05-31_23-08-24_jpeg_2024-05-31_23-08-24.webp.webp?fit=1200%2C776&ssl=1&resize=350%2C200 1x, https:\/\/i0.wp.com\/ismaelcolosi.com.br\/wp-content\/uploads\/2024\/05\/arraia_mio_di_bao_01_2024-05-31_23-08-24_jpeg_2024-05-31_23-08-24.webp.webp?fit=1200%2C776&ssl=1&resize=525%2C300 1.5x, https:\/\/i0.wp.com\/ismaelcolosi.com.br\/wp-content\/uploads\/2024\/05\/arraia_mio_di_bao_01_2024-05-31_23-08-24_jpeg_2024-05-31_23-08-24.webp.webp?fit=1200%2C776&ssl=1&resize=700%2C400 2x, https:\/\/i0.wp.com\/ismaelcolosi.com.br\/wp-content\/uploads\/2024\/05\/arraia_mio_di_bao_01_2024-05-31_23-08-24_jpeg_2024-05-31_23-08-24.webp.webp?fit=1200%2C776&ssl=1&resize=1050%2C600 3x"},"classes":[]},{"id":55470,"url":"https:\/\/ismaelcolosi.com.br\/index.php\/2024\/07\/03\/ainda-tem-muita-festa-junina-em-ribeirao-preto-final-de-semana-tem-quermesse-no-centro\/","url_meta":{"origin":56027,"position":4},"title":"Ainda tem muita festa &#8216;junina&#8217; em Ribeir\u00e3o Preto; Final de semana tem quermesse no Centro","author":"ismaelcolosi.com.br","date":"3 de July de 2024","format":false,"excerpt":"Julho come\u00e7ou e ainda tem muita festa \u201cjunina\u201d, ou \u2018julina\u2019, como preferir, em Ribeir\u00e3o Preto. Entre as op\u00e7\u00f5es, est\u00e1 o Arrai\u00e1 da Acirp, no Centro. O acidade on preparou uma lista com as comemora\u00e7\u00f5es que ainda acontecem neste m\u00eas. Confira as festas: Quermesses em Ribeir\u00e3o Preto Arrai\u00e1 da ACIRP Quando:\u2026","rel":"","context":"In &quot;Not\u00edcias de Ribeir\u00e3o Preto-SP e Regi\u00e3o&quot;","block_context":{"text":"Not\u00edcias de Ribeir\u00e3o Preto-SP e Regi\u00e3o","link":"https:\/\/ismaelcolosi.com.br\/index.php\/category\/noticias-de-ribeirao-preto-sp-e-regiao-ismael-colosi\/"},"img":{"alt_text":"","src":"https:\/\/i0.wp.com\/ismaelcolosi.com.br\/wp-content\/uploads\/2024\/07\/baloes_2024-07-03_13-53-33_jpg_2024-07-03_13-53-33.webp.webp?fit=1024%2C678&ssl=1&resize=350%2C200","width":350,"height":200,"srcset":"https:\/\/i0.wp.com\/ismaelcolosi.com.br\/wp-content\/uploads\/2024\/07\/baloes_2024-07-03_13-53-33_jpg_2024-07-03_13-53-33.webp.webp?fit=1024%2C678&ssl=1&resize=350%2C200 1x, https:\/\/i0.wp.com\/ismaelcolosi.com.br\/wp-content\/uploads\/2024\/07\/baloes_2024-07-03_13-53-33_jpg_2024-07-03_13-53-33.webp.webp?fit=1024%2C678&ssl=1&resize=525%2C300 1.5x, https:\/\/i0.wp.com\/ismaelcolosi.com.br\/wp-content\/uploads\/2024\/07\/baloes_2024-07-03_13-53-33_jpg_2024-07-03_13-53-33.webp.webp?fit=1024%2C678&ssl=1&resize=700%2C400 2x"},"classes":[]},{"id":53846,"url":"https:\/\/ismaelcolosi.com.br\/index.php\/2024\/06\/19\/biblioteca-de-ribeirao-preto-realiza-festa-junina-gratuita-veja-quando\/","url_meta":{"origin":56027,"position":5},"title":"Biblioteca de Ribeir\u00e3o Preto realiza festa junina gratuita; Veja quando","author":"ismaelcolosi.com.br","date":"19 de June de 2024","format":false,"excerpt":"A Biblioteca Sinh\u00e1 Junqueira, no Centro de Ribeir\u00e3o Preto, realiza no pr\u00f3ximo s\u00e1bado (22), a primeira \u201cFesta Junina da BSJ\u201d, das 15h at\u00e9 \u00e0s 20h. A festa \u00e9 aberta ao p\u00fablico e tem entrada gratuita. O evento ter\u00e1 programa\u00e7\u00e3o cultural com m\u00fasicas t\u00edpicas e ao vivo, forr\u00f3 e maquiagem junina\u2026","rel":"","context":"In &quot;Not\u00edcias de Ribeir\u00e3o Preto-SP e Regi\u00e3o&quot;","block_context":{"text":"Not\u00edcias de Ribeir\u00e3o Preto-SP e Regi\u00e3o","link":"https:\/\/ismaelcolosi.com.br\/index.php\/category\/noticias-de-ribeirao-preto-sp-e-regiao-ismael-colosi\/"},"img":{"alt_text":"","src":"https:\/\/i0.wp.com\/ismaelcolosi.com.br\/wp-content\/uploads\/2024\/06\/img-20230615-wa0016.jpg?fit=1200%2C800&ssl=1&resize=350%2C200","width":350,"height":200,"srcset":"https:\/\/i0.wp.com\/ismaelcolosi.com.br\/wp-content\/uploads\/2024\/06\/img-20230615-wa0016.jpg?fit=1200%2C800&ssl=1&resize=350%2C200 1x, https:\/\/i0.wp.com\/ismaelcolosi.com.br\/wp-content\/uploads\/2024\/06\/img-20230615-wa0016.jpg?fit=1200%2C800&ssl=1&resize=525%2C300 1.5x, https:\/\/i0.wp.com\/ismaelcolosi.com.br\/wp-content\/uploads\/2024\/06\/img-20230615-wa0016.jpg?fit=1200%2C800&ssl=1&resize=700%2C400 2x, https:\/\/i0.wp.com\/ismaelcolosi.com.br\/wp-content\/uploads\/2024\/06\/img-20230615-wa0016.jpg?fit=1200%2C800&ssl=1&resize=1050%2C600 3x"},"classes":[]}],"jetpack_sharing_enabled":true,"jetpack_shortlink":"https:\/\/wp.me\/pfMlyK-ezF","_links":{"self":[{"href":"https:\/\/ismaelcolosi.com.br\/index.php\/wp-json\/wp\/v2\/posts\/56027","targetHints":{"allow":["GET"]}}],"collection":[{"href":"https:\/\/ismaelcolosi.com.br\/index.php\/wp-json\/wp\/v2\/posts"}],"about":[{"href":"https:\/\/ismaelcolosi.com.br\/index.php\/wp-json\/wp\/v2\/types\/post"}],"author":[{"embeddable":true,"href":"https:\/\/ismaelcolosi.com.br\/index.php\/wp-json\/wp\/v2\/users\/1"}],"replies":[{"embeddable":true,"href":"https:\/\/ismaelcolosi.com.br\/index.php\/wp-json\/wp\/v2\/comments?post=56027"}],"version-history":[{"count":0,"href":"https:\/\/ismaelcolosi.com.br\/index.php\/wp-json\/wp\/v2\/posts\/56027\/revisions"}],"wp:featuredmedia":[{"embeddable":true,"href":"https:\/\/ismaelcolosi.com.br\/index.php\/wp-json\/wp\/v2\/media\/56028"}],"wp:attachment":[{"href":"https:\/\/ismaelcolosi.com.br\/index.php\/wp-json\/wp\/v2\/media?parent=56027"}],"wp:term":[{"taxonomy":"category","embeddable":true,"href":"https:\/\/ismaelcolosi.com.br\/index.php\/wp-json\/wp\/v2\/categories?post=56027"},{"taxonomy":"post_tag","embeddable":true,"href":"https:\/\/ismaelcolosi.com.br\/index.php\/wp-json\/wp\/v2\/tags?post=56027"}],"curies":[{"name":"wp","href":"https:\/\/api.w.org\/{rel}","templated":true}]}}