{"id":56016,"date":"2024-07-08T16:02:30","date_gmt":"2024-07-08T19:02:30","guid":{"rendered":"https:\/\/ismaelcolosi.com.br\/index.php\/2024\/07\/08\/saiba-qual-e-o-indice-de-qualidade-de-vida-de-ribeirao-preto\/"},"modified":"2024-07-08T16:02:30","modified_gmt":"2024-07-08T19:02:30","slug":"saiba-qual-e-o-indice-de-qualidade-de-vida-de-ribeirao-preto","status":"publish","type":"post","link":"https:\/\/ismaelcolosi.com.br\/index.php\/2024\/07\/08\/saiba-qual-e-o-indice-de-qualidade-de-vida-de-ribeirao-preto\/","title":{"rendered":"Saiba qual \u00e9 o \u00edndice de qualidade de vida de Ribeir\u00e3o Preto"},"content":{"rendered":"<p> <br \/>\n<\/p>\n<div>\n<p><span style=\"background-color:#f7cc62\" class=\"td_text_highlight_marker\"><mark style=\"background-color:rgba(0, 0, 0, 0)\" class=\"has-inline-color has-black-color\">O <strong>\u00edndice de qualidade de vida<\/strong> avaliado pelo <strong>IPS<\/strong> (\u00cdndice Progresso Social do Brasil) apontou que <strong>Ribeir\u00e3o Preto <\/strong>alcan\u00e7ou <strong>68,03 pontos<\/strong>, de <strong>100<\/strong> poss\u00edveis<\/mark><\/span>, na avalia\u00e7\u00e3o de<strong> tr\u00eas temas, como: necessidades humanas b\u00e1sicas<\/strong>, <strong>fundamentos do bem-estar<\/strong> e <strong>oportunidades<\/strong> (<strong>veja abaixo<\/strong>).<\/p>\n<p>A <strong>pontua\u00e7\u00e3o geral<\/strong> do <strong>IPS Brasil 2024<\/strong>  foi de <strong>61,83<\/strong>. Com os pontos conquistados, <strong>Ribeir\u00e3o Preto ficou em 81\u00ba lugar no ranking nacional<\/strong>. <\/p>\n<p>Divulgado na <strong>\u00faltima quarta-feira <\/strong>(3), o <strong>crit\u00e9rio de avalia\u00e7\u00e3o<\/strong> para o<strong> resultado do IPS <\/strong>foi baseado em itens sobre <strong>progresso social <\/strong>e <strong>ambiental<\/strong> e<strong> se as pessoas t\u00eam o necess\u00e1rio para prosperar<\/strong>.<\/p>\n<h2 class=\"wp-block-heading\"><strong>Confira as notas de Ribeir\u00e3o Preto<\/strong>:<\/h2>\n<p><strong><span style=\"background-color:#f7cc62\" class=\"td_text_highlight_marker\"><mark style=\"background-color:rgba(0, 0, 0, 0)\" class=\"has-inline-color has-black-color\">Necessidades humanas b\u00e1sicas \u2013 80,78 pontos com classifica\u00e7\u00e3o em 645<\/mark><\/span><\/strong>(nutri\u00e7\u00e3o e cuidados m\u00e9dicos b\u00e1sicos, \u00e1gua e saneamento, moradia e seguran\u00e7a pessoal).<\/p>\n<p><strong><span style=\"background-color:#f7cc62\" class=\"td_text_highlight_marker\"><mark style=\"background-color:rgba(0, 0, 0, 0)\" class=\"has-inline-color has-black-color\">Fundamentos do Bem-estar \u2013 72,67 pontos com classifica\u00e7\u00e3o em 117<\/mark><\/span> <\/strong>(acesso ao conhecimento b\u00e1sico, acesso \u00e0 informa\u00e7\u00e3o e comunica\u00e7\u00e3o, sa\u00fade e bem-estar e qualidade do meio ambiente).<\/p>\n<p><strong><span style=\"background-color:#f7cc62\" class=\"td_text_highlight_marker\"><mark style=\"background-color:rgba(0, 0, 0, 0)\" class=\"has-inline-color has-black-color\">Oportunidades \u2013 50,64 pontos com classifica\u00e7\u00e3o em 187<\/mark><\/span> <\/strong>(direitos individuais, liberdades individuais e de escolhas, inclus\u00e3o social e acesso \u00e0 educa\u00e7\u00e3o superior).<\/p>\n<p>Para esses temas, o <span style=\"background-color:#f7cc62\" class=\"td_text_highlight_marker\"><mark style=\"background-color:rgba(0, 0, 0, 0)\" class=\"has-inline-color has-black-color\"><strong>IPS Brasil <\/strong>atingiu as notas de<strong> 73,58 <\/strong>para <strong>necessidades humanas b\u00e1sicas, 67,10 <\/strong>para<strong> fundamentos do bem-estar<\/strong> e <strong>44,83<\/strong> para <strong>oportunidades<\/strong><\/mark><\/span>. <\/p>\n<h2 class=\"wp-block-heading\"><strong>20 melhores cidades<\/strong><\/h2>\n<p>A an\u00e1lise dos\u00a0<strong>5.570 munic\u00edpios do Brasil<\/strong>\u00a0com\u00a0<strong>os melhores \u00edndices de qualidade de vida<\/strong>, de acordo com o\u00a0<strong>IPS (\u00cdndice Progresso Social do Brasil)<\/strong>, apontou que\u00a0<strong>13 cidades do interior de S\u00e3o Paulo<\/strong>\u00a0ficaram no\u00a0<strong>ranking<\/strong>\u00a0das\u00a0<strong>20 melhores<\/strong>. Entre elas,\u00a0<strong>Nuporanga<\/strong><strong>, na regi\u00e3o de Ribeir\u00e3o Preto.<\/strong><\/p>\n<p>Para ter\u00a0<strong>acesso ao documento desenvolvido<\/strong>\u00a0pelo\u00a0<strong>Imazon<\/strong>\u00a0(Instituto do Homem e Meio Ambiente da Amaz\u00f4nia),\u00a0<strong>na \u00edntegra<\/strong>, basta clicar no\u00a0<strong>site do IPS<\/strong>\u00a0(<strong><a href=\"https:\/\/ipsbrasil.org.br\/\" target=\"_blank\" rel=\"noreferrer noopener\">clique aqui<\/a><\/strong>)<\/p>\n<p>SAIBA MAIS <\/p>\n<p>Oito locais para voc\u00ea visitar no Centro de Ribeir\u00e3o Preto<\/p>\n<h4 class=\"wp-block-heading\"><strong>FIQUE ON<\/strong><\/h4>\n<p>Fique ligado em tudo que acontece em Ribeir\u00e3o Preto e regi\u00e3o. Siga os perfis do\u00a0<strong>acidade on\u00a0<\/strong>no\u00a0<a href=\"https:\/\/www.instagram.com\/acidadeonribeirao\" target=\"_blank\" rel=\"noreferrer noopener\">Instagram<\/a>\u00a0e no\u00a0<a href=\"https:\/\/www.facebook.com\/acidadeonribeirao\" target=\"_blank\" rel=\"noreferrer noopener\">Facebook<\/a>.<\/p>\n<p>Receba not\u00edcias do<strong>\u00a0acidade on<\/strong>\u00a0no WhatsApp. Para entrar no grupo, basta\u00a0<a href=\"https:\/\/chat.whatsapp.com\/CdrZ6xrf7quD44Vw3WlPuZ\" target=\"_blank\" rel=\"noreferrer noopener\">clicar aqui<\/a>.<\/p>\n<p>Fa\u00e7a uma den\u00fancia ou sugira uma reportagem sobre Ribeir\u00e3o Preto e regi\u00e3o pelo WhatsApp: 16 99117 7802.<\/p>\n<p>VEJA TAMB\u00c9M<br \/>O que aconteceu com Poliana Abritta?<\/p>\n<p><!-- AI CONTENT END 1 -->\n<\/div>\n<p><script async src=\"\/\/www.instagram.com\/embed.js\"><\/script><br \/>\n<br \/><br \/>\n<br \/><a href=\"https:\/\/www.acidadeon.com\/ribeiraopreto\/cotidiano\/saiba-qual-e-o-indice-de-qualidade-de-vida-de-ribeirao-preto\/\">Source link <\/a><\/p>\n<div class='code-block code-block-4' style='margin: 8px auto 8px 0; text-align: left; display: block; clear: both;'>\n\ud83d\udce2 Aviso Legal\n\nO site ismaelcolosi.com.br atua apenas como um canal de divulga\u00e7\u00e3o de oportunidades de emprego e n\u00e3o se responsabiliza pelo processo seletivo, contrata\u00e7\u00e3o ou qualquer outra etapa relacionada \u00e0s vagas publicadas. Todas as informa\u00e7\u00f5es s\u00e3o de responsabilidade dos anunciantes.\n\n\u26a0\ufe0f Aten\u00e7\u00e3o! Nunca pague por promessas de emprego nem compre cursos que garantam contrata\u00e7\u00e3o. Desconfie de qualquer cobran\u00e7a para participar de sele\u00e7\u00f5es.\n\n\n\n<\/div>\n<!-- CONTENT END 1 -->\n","protected":false},"excerpt":{"rendered":"<p>O \u00edndice de qualidade de vida avaliado pelo IPS (\u00cdndice Progresso Social do Brasil) apontou que Ribeir\u00e3o Preto alcan\u00e7ou 68,03 pontos, de 100 poss\u00edveis, na&#8230;<\/p>\n","protected":false},"author":1,"featured_media":56017,"comment_status":"open","ping_status":"open","sticky":false,"template":"","format":"standard","meta":{"_uag_custom_page_level_css":"","advanced_seo_description":"","jetpack_seo_html_title":"","jetpack_seo_noindex":false,"jetpack_post_was_ever_published":false,"_jetpack_newsletter_access":"","_jetpack_dont_email_post_to_subs":false,"_jetpack_newsletter_tier_id":0,"_jetpack_memberships_contains_paywalled_content":false,"_jetpack_memberships_contains_paid_content":false,"footnotes":"","jetpack_publicize_message":"","jetpack_publicize_feature_enabled":true,"jetpack_social_post_already_shared":true,"jetpack_social_options":{"image_generator_settings":{"template":"highway","default_image_id":0,"font":"","enabled":false},"version":2}},"categories":[11],"tags":[],"class_list":["post-56016","post","type-post","status-publish","format-standard","has-post-thumbnail","hentry","category-noticias-de-ribeirao-preto-sp-e-regiao-ismael-colosi"],"jetpack_publicize_connections":[],"jetpack_featured_media_url":"https:\/\/i0.wp.com\/ismaelcolosi.com.br\/wp-content\/uploads\/2024\/07\/CENTRO-RIBEIRAO-PRETO-DRONE-Foto-Guilherme-Sircili-3_2024-07-08_18-03-23_jpg_2024-07-08_18-03-25-scaled.webp.webp?fit=2560%2C1920&ssl=1","uagb_featured_image_src":{"full":["https:\/\/i0.wp.com\/ismaelcolosi.com.br\/wp-content\/uploads\/2024\/07\/CENTRO-RIBEIRAO-PRETO-DRONE-Foto-Guilherme-Sircili-3_2024-07-08_18-03-23_jpg_2024-07-08_18-03-25-scaled.webp.webp?fit=2560%2C1920&ssl=1",2560,1920,false],"thumbnail":["https:\/\/i0.wp.com\/ismaelcolosi.com.br\/wp-content\/uploads\/2024\/07\/CENTRO-RIBEIRAO-PRETO-DRONE-Foto-Guilherme-Sircili-3_2024-07-08_18-03-23_jpg_2024-07-08_18-03-25-scaled.webp.webp?resize=150%2C150&ssl=1",150,150,true],"medium":["https:\/\/i0.wp.com\/ismaelcolosi.com.br\/wp-content\/uploads\/2024\/07\/CENTRO-RIBEIRAO-PRETO-DRONE-Foto-Guilherme-Sircili-3_2024-07-08_18-03-23_jpg_2024-07-08_18-03-25-scaled.webp.webp?fit=300%2C225&ssl=1",300,225,true],"medium_large":["https:\/\/i0.wp.com\/ismaelcolosi.com.br\/wp-content\/uploads\/2024\/07\/CENTRO-RIBEIRAO-PRETO-DRONE-Foto-Guilherme-Sircili-3_2024-07-08_18-03-23_jpg_2024-07-08_18-03-25-scaled.webp.webp?fit=768%2C576&ssl=1",768,576,true],"large":["https:\/\/i0.wp.com\/ismaelcolosi.com.br\/wp-content\/uploads\/2024\/07\/CENTRO-RIBEIRAO-PRETO-DRONE-Foto-Guilherme-Sircili-3_2024-07-08_18-03-23_jpg_2024-07-08_18-03-25-scaled.webp.webp?fit=1024%2C768&ssl=1",1024,768,true],"1536x1536":["https:\/\/i0.wp.com\/ismaelcolosi.com.br\/wp-content\/uploads\/2024\/07\/CENTRO-RIBEIRAO-PRETO-DRONE-Foto-Guilherme-Sircili-3_2024-07-08_18-03-23_jpg_2024-07-08_18-03-25-scaled.webp.webp?fit=1536%2C1152&ssl=1",1536,1152,true],"2048x2048":["https:\/\/i0.wp.com\/ismaelcolosi.com.br\/wp-content\/uploads\/2024\/07\/CENTRO-RIBEIRAO-PRETO-DRONE-Foto-Guilherme-Sircili-3_2024-07-08_18-03-23_jpg_2024-07-08_18-03-25-scaled.webp.webp?fit=2048%2C1536&ssl=1",2048,1536,true],"really-simple-thumb":["https:\/\/i0.wp.com\/ismaelcolosi.com.br\/wp-content\/uploads\/2024\/07\/CENTRO-RIBEIRAO-PRETO-DRONE-Foto-Guilherme-Sircili-3_2024-07-08_18-03-23_jpg_2024-07-08_18-03-25-scaled.webp.webp?resize=370%2C247&ssl=1",370,247,true]},"uagb_author_info":{"display_name":"ismaelcolosi.com.br","author_link":"https:\/\/ismaelcolosi.com.br\/index.php\/author\/vidareal-online\/"},"uagb_comment_info":0,"uagb_excerpt":"O \u00edndice de qualidade de vida avaliado pelo IPS (\u00cdndice Progresso Social do Brasil) apontou que Ribeir\u00e3o Preto alcan\u00e7ou 68,03 pontos, de 100 poss\u00edveis, na...","jetpack-related-posts":[{"id":55532,"url":"https:\/\/ismaelcolosi.com.br\/index.php\/2024\/07\/03\/veja-quais-sao-as-cidades-do-interior-de-sp-com-melhor-qualidade-de-vida\/","url_meta":{"origin":56016,"position":0},"title":"Veja quais s\u00e3o as cidades do interior de SP com melhor qualidade de vida","author":"ismaelcolosi.com.br","date":"3 de July de 2024","format":false,"excerpt":"Uma an\u00e1lise dos 5.570 munic\u00edpios do Brasil com os melhores \u00edndices de qualidade de vida, de acordo com o IPS (\u00cdndice Progresso Social do Brasil), apontou que 13 cidades do interior de S\u00e3o Paulo ficaram no ranking das 20 melhores. Entre elas, Nuporanga, na regi\u00e3o de Ribeir\u00e3o Preto. Nuporanga \u2013\u2026","rel":"","context":"In &quot;Not\u00edcias de Ribeir\u00e3o Preto-SP e Regi\u00e3o&quot;","block_context":{"text":"Not\u00edcias de Ribeir\u00e3o Preto-SP e Regi\u00e3o","link":"https:\/\/ismaelcolosi.com.br\/index.php\/category\/noticias-de-ribeirao-preto-sp-e-regiao-ismael-colosi\/"},"img":{"alt_text":"","src":"https:\/\/i0.wp.com\/ismaelcolosi.com.br\/wp-content\/uploads\/2024\/07\/Capturar_2024-07-03_20-13-25_jpg_2024-07-03_20-13-25.webp.webp?fit=1200%2C542&ssl=1&resize=350%2C200","width":350,"height":200,"srcset":"https:\/\/i0.wp.com\/ismaelcolosi.com.br\/wp-content\/uploads\/2024\/07\/Capturar_2024-07-03_20-13-25_jpg_2024-07-03_20-13-25.webp.webp?fit=1200%2C542&ssl=1&resize=350%2C200 1x, https:\/\/i0.wp.com\/ismaelcolosi.com.br\/wp-content\/uploads\/2024\/07\/Capturar_2024-07-03_20-13-25_jpg_2024-07-03_20-13-25.webp.webp?fit=1200%2C542&ssl=1&resize=525%2C300 1.5x, https:\/\/i0.wp.com\/ismaelcolosi.com.br\/wp-content\/uploads\/2024\/07\/Capturar_2024-07-03_20-13-25_jpg_2024-07-03_20-13-25.webp.webp?fit=1200%2C542&ssl=1&resize=700%2C400 2x, https:\/\/i0.wp.com\/ismaelcolosi.com.br\/wp-content\/uploads\/2024\/07\/Capturar_2024-07-03_20-13-25_jpg_2024-07-03_20-13-25.webp.webp?fit=1200%2C542&ssl=1&resize=1050%2C600 3x"},"classes":[]},{"id":72853,"url":"https:\/\/ismaelcolosi.com.br\/index.php\/2024\/10\/23\/ribeirao-preto-esta-em-47o-lugar-de-melhor-acesso-a-internet-no-brasil-veja-ranking\/","url_meta":{"origin":56016,"position":1},"title":"Ribeir\u00e3o Preto est\u00e1 em 47\u00ba lugar de melhor acesso \u00e0 internet no Brasil; Veja ranking","author":"ismaelcolosi.com.br","date":"23 de October de 2024","format":false,"excerpt":"Ribeir\u00e3o Preto est\u00e1 em 47\u00ba lugar de melhor acesso \u00e0 internet do Brasil, com 81,60 pontos (em uma escala de 0 a 100), de acordo recorte do IPS Brasil (\u00cdndice de Progresso Social do Brasil). O levantamento foi publicado pelo Estad\u00e3o, nesta quarta-feira (23). Entre as cidades da regi\u00e3o, Serra\u2026","rel":"","context":"In &quot;Not\u00edcias de Ribeir\u00e3o Preto-SP e Regi\u00e3o&quot;","block_context":{"text":"Not\u00edcias de Ribeir\u00e3o Preto-SP e Regi\u00e3o","link":"https:\/\/ismaelcolosi.com.br\/index.php\/category\/noticias-de-ribeirao-preto-sp-e-regiao-ismael-colosi\/"},"img":{"alt_text":"","src":"https:\/\/i0.wp.com\/ismaelcolosi.com.br\/wp-content\/uploads\/2024\/10\/cursos_funtec_-_foto_guilherme_sircili_4.jpg?fit=1200%2C799&ssl=1&resize=350%2C200","width":350,"height":200,"srcset":"https:\/\/i0.wp.com\/ismaelcolosi.com.br\/wp-content\/uploads\/2024\/10\/cursos_funtec_-_foto_guilherme_sircili_4.jpg?fit=1200%2C799&ssl=1&resize=350%2C200 1x, https:\/\/i0.wp.com\/ismaelcolosi.com.br\/wp-content\/uploads\/2024\/10\/cursos_funtec_-_foto_guilherme_sircili_4.jpg?fit=1200%2C799&ssl=1&resize=525%2C300 1.5x, https:\/\/i0.wp.com\/ismaelcolosi.com.br\/wp-content\/uploads\/2024\/10\/cursos_funtec_-_foto_guilherme_sircili_4.jpg?fit=1200%2C799&ssl=1&resize=700%2C400 2x, https:\/\/i0.wp.com\/ismaelcolosi.com.br\/wp-content\/uploads\/2024\/10\/cursos_funtec_-_foto_guilherme_sircili_4.jpg?fit=1200%2C799&ssl=1&resize=1050%2C600 3x"},"classes":[]},{"id":72871,"url":"https:\/\/ismaelcolosi.com.br\/index.php\/2024\/10\/23\/ribeirao-esta-em-47o-lugar-em-ranking-de-melhor-acesso-a-internet-no-brasil-veja-lista\/","url_meta":{"origin":56016,"position":2},"title":"Ribeir\u00e3o est\u00e1 em 47\u00ba lugar em ranking de melhor acesso \u00e0 internet no Brasil; Veja lista","author":"ismaelcolosi.com.br","date":"23 de October de 2024","format":false,"excerpt":"Ribeir\u00e3o Preto est\u00e1 em 47\u00ba lugar de melhor acesso \u00e0 internet do Brasil, com 81,60 pontos (em uma escala de 0 a 100), de acordo recorte do IPS Brasil (\u00cdndice de Progresso Social do Brasil). O levantamento foi publicado pelo Estad\u00e3o, nesta quarta-feira (23). Entre as cidades da regi\u00e3o, Serra\u2026","rel":"","context":"In &quot;Not\u00edcias de Ribeir\u00e3o Preto-SP e Regi\u00e3o&quot;","block_context":{"text":"Not\u00edcias de Ribeir\u00e3o Preto-SP e Regi\u00e3o","link":"https:\/\/ismaelcolosi.com.br\/index.php\/category\/noticias-de-ribeirao-preto-sp-e-regiao-ismael-colosi\/"},"img":{"alt_text":"","src":"https:\/\/i0.wp.com\/ismaelcolosi.com.br\/wp-content\/uploads\/2024\/10\/1729718435_cursos_funtec_-_foto_guilherme_sircili_4.jpg?fit=1200%2C799&ssl=1&resize=350%2C200","width":350,"height":200,"srcset":"https:\/\/i0.wp.com\/ismaelcolosi.com.br\/wp-content\/uploads\/2024\/10\/1729718435_cursos_funtec_-_foto_guilherme_sircili_4.jpg?fit=1200%2C799&ssl=1&resize=350%2C200 1x, https:\/\/i0.wp.com\/ismaelcolosi.com.br\/wp-content\/uploads\/2024\/10\/1729718435_cursos_funtec_-_foto_guilherme_sircili_4.jpg?fit=1200%2C799&ssl=1&resize=525%2C300 1.5x, https:\/\/i0.wp.com\/ismaelcolosi.com.br\/wp-content\/uploads\/2024\/10\/1729718435_cursos_funtec_-_foto_guilherme_sircili_4.jpg?fit=1200%2C799&ssl=1&resize=700%2C400 2x, https:\/\/i0.wp.com\/ismaelcolosi.com.br\/wp-content\/uploads\/2024\/10\/1729718435_cursos_funtec_-_foto_guilherme_sircili_4.jpg?fit=1200%2C799&ssl=1&resize=1050%2C600 3x"},"classes":[]},{"id":60363,"url":"https:\/\/ismaelcolosi.com.br\/index.php\/2024\/08\/15\/confira-o-desempenho-das-escolas-de-ribeirao-preto-no-ideb-2023\/","url_meta":{"origin":56016,"position":3},"title":"Confira o desempenho das escolas de Ribeir\u00e3o Preto no Ideb 2023","author":"ismaelcolosi.com.br","date":"15 de August de 2024","format":false,"excerpt":"O Minist\u00e9rio da Educa\u00e7\u00e3o divulgou nesta quarta-feira (14), os n\u00fameros do \u00cdndice de Desenvolvimento da Educa\u00e7\u00e3o B\u00e1sica (Ideb) 2023, principal indicador de qualidade das escolas do Brasil. Realizado a cada dois anos, o levantamento avalia escolas estaduais e municipais nos anos iniciais do ensino fundamental (1\u00ba ao 5\u00ba), anos finais\u2026","rel":"","context":"In &quot;Not\u00edcias de Ribeir\u00e3o Preto-SP e Regi\u00e3o&quot;","block_context":{"text":"Not\u00edcias de Ribeir\u00e3o Preto-SP e Regi\u00e3o","link":"https:\/\/ismaelcolosi.com.br\/index.php\/category\/noticias-de-ribeirao-preto-sp-e-regiao-ismael-colosi\/"},"img":{"alt_text":"","src":"https:\/\/i0.wp.com\/ismaelcolosi.com.br\/wp-content\/uploads\/2024\/08\/escola_educacao_1024x576_04022021151910.jpg?fit=1024%2C576&ssl=1&resize=350%2C200","width":350,"height":200,"srcset":"https:\/\/i0.wp.com\/ismaelcolosi.com.br\/wp-content\/uploads\/2024\/08\/escola_educacao_1024x576_04022021151910.jpg?fit=1024%2C576&ssl=1&resize=350%2C200 1x, https:\/\/i0.wp.com\/ismaelcolosi.com.br\/wp-content\/uploads\/2024\/08\/escola_educacao_1024x576_04022021151910.jpg?fit=1024%2C576&ssl=1&resize=525%2C300 1.5x, https:\/\/i0.wp.com\/ismaelcolosi.com.br\/wp-content\/uploads\/2024\/08\/escola_educacao_1024x576_04022021151910.jpg?fit=1024%2C576&ssl=1&resize=700%2C400 2x"},"classes":[]},{"id":57755,"url":"https:\/\/ismaelcolosi.com.br\/index.php\/2024\/07\/24\/ribeirao-preto-registra-pior-indice-de-qualidade-do-ar-do-interior-de-sp\/","url_meta":{"origin":56016,"position":4},"title":"Ribeir\u00e3o Preto registra pior \u00edndice de qualidade do ar do interior de SP","author":"ismaelcolosi.com.br","date":"24 de July de 2024","format":false,"excerpt":"Ribeir\u00e3o Preto registrou o pior \u00edndice de qualidade do ar entre as cidades do interior de S\u00e3o Pauo, segundo a Cestesb (Companhia Ambiental do Estado de S\u00e3o Paulo), em boletim desta ter\u00e7a-feira (23). Guarulhos, na Grande S\u00e3o Paulo, tamb\u00e9m apresentou \u00edndice ruim e Cubat\u00e3o, na Baixada Santista, anotou \u00edndice muito\u2026","rel":"","context":"In &quot;Not\u00edcias de Ribeir\u00e3o Preto-SP e Regi\u00e3o&quot;","block_context":{"text":"Not\u00edcias de Ribeir\u00e3o Preto-SP e Regi\u00e3o","link":"https:\/\/ismaelcolosi.com.br\/index.php\/category\/noticias-de-ribeirao-preto-sp-e-regiao-ismael-colosi\/"},"img":{"alt_text":"","src":"https:\/\/i0.wp.com\/ismaelcolosi.com.br\/wp-content\/uploads\/2024\/07\/CENTRO-RIBEIRAO-PRETO-DRONE-Foto-Guilherme-Sircili-3_2024-07-08_18-03-23_jpg_2024-07-08_18-03-25-scaled.webp.webp?fit=1200%2C900&ssl=1&resize=350%2C200","width":350,"height":200,"srcset":"https:\/\/i0.wp.com\/ismaelcolosi.com.br\/wp-content\/uploads\/2024\/07\/CENTRO-RIBEIRAO-PRETO-DRONE-Foto-Guilherme-Sircili-3_2024-07-08_18-03-23_jpg_2024-07-08_18-03-25-scaled.webp.webp?fit=1200%2C900&ssl=1&resize=350%2C200 1x, https:\/\/i0.wp.com\/ismaelcolosi.com.br\/wp-content\/uploads\/2024\/07\/CENTRO-RIBEIRAO-PRETO-DRONE-Foto-Guilherme-Sircili-3_2024-07-08_18-03-23_jpg_2024-07-08_18-03-25-scaled.webp.webp?fit=1200%2C900&ssl=1&resize=525%2C300 1.5x, https:\/\/i0.wp.com\/ismaelcolosi.com.br\/wp-content\/uploads\/2024\/07\/CENTRO-RIBEIRAO-PRETO-DRONE-Foto-Guilherme-Sircili-3_2024-07-08_18-03-23_jpg_2024-07-08_18-03-25-scaled.webp.webp?fit=1200%2C900&ssl=1&resize=700%2C400 2x, https:\/\/i0.wp.com\/ismaelcolosi.com.br\/wp-content\/uploads\/2024\/07\/CENTRO-RIBEIRAO-PRETO-DRONE-Foto-Guilherme-Sircili-3_2024-07-08_18-03-23_jpg_2024-07-08_18-03-25-scaled.webp.webp?fit=1200%2C900&ssl=1&resize=1050%2C600 3x"},"classes":[]},{"id":61170,"url":"https:\/\/ismaelcolosi.com.br\/index.php\/2024\/08\/20\/ribeirao-preto-registra-a-pior-qualidade-do-ar-do-interior-de-sp-segundo-cetesb\/","url_meta":{"origin":56016,"position":5},"title":"Ribeir\u00e3o Preto registra a pior qualidade do ar do interior de SP, segundo Cetesb","author":"ismaelcolosi.com.br","date":"20 de August de 2024","format":false,"excerpt":"Nesta ter\u00e7a-feira (20), a Cetesb (Companhia Ambiental do Estado de S\u00e3o Paulo) divulgou o boletim que indica que a qualidade do ar em Ribeir\u00e3o Preto \u00e9 a pior do interior de S\u00e3o Paulo. O \u00edndice de qualidade mede a quantidade de diferentes poluentes no ambiente, como gases t\u00f3xicos, g\u00e1s carb\u00f4nico\u2026","rel":"","context":"In &quot;Not\u00edcias de Ribeir\u00e3o Preto-SP e Regi\u00e3o&quot;","block_context":{"text":"Not\u00edcias de Ribeir\u00e3o Preto-SP e Regi\u00e3o","link":"https:\/\/ismaelcolosi.com.br\/index.php\/category\/noticias-de-ribeirao-preto-sp-e-regiao-ismael-colosi\/"},"img":{"alt_text":"","src":"https:\/\/i0.wp.com\/ismaelcolosi.com.br\/wp-content\/uploads\/2024\/08\/aerea-ribeirao-preto.jpg?fit=1200%2C800&ssl=1&resize=350%2C200","width":350,"height":200,"srcset":"https:\/\/i0.wp.com\/ismaelcolosi.com.br\/wp-content\/uploads\/2024\/08\/aerea-ribeirao-preto.jpg?fit=1200%2C800&ssl=1&resize=350%2C200 1x, https:\/\/i0.wp.com\/ismaelcolosi.com.br\/wp-content\/uploads\/2024\/08\/aerea-ribeirao-preto.jpg?fit=1200%2C800&ssl=1&resize=525%2C300 1.5x, https:\/\/i0.wp.com\/ismaelcolosi.com.br\/wp-content\/uploads\/2024\/08\/aerea-ribeirao-preto.jpg?fit=1200%2C800&ssl=1&resize=700%2C400 2x, https:\/\/i0.wp.com\/ismaelcolosi.com.br\/wp-content\/uploads\/2024\/08\/aerea-ribeirao-preto.jpg?fit=1200%2C800&ssl=1&resize=1050%2C600 3x"},"classes":[]}],"jetpack_sharing_enabled":true,"jetpack_shortlink":"https:\/\/wp.me\/pfMlyK-ezu","_links":{"self":[{"href":"https:\/\/ismaelcolosi.com.br\/index.php\/wp-json\/wp\/v2\/posts\/56016","targetHints":{"allow":["GET"]}}],"collection":[{"href":"https:\/\/ismaelcolosi.com.br\/index.php\/wp-json\/wp\/v2\/posts"}],"about":[{"href":"https:\/\/ismaelcolosi.com.br\/index.php\/wp-json\/wp\/v2\/types\/post"}],"author":[{"embeddable":true,"href":"https:\/\/ismaelcolosi.com.br\/index.php\/wp-json\/wp\/v2\/users\/1"}],"replies":[{"embeddable":true,"href":"https:\/\/ismaelcolosi.com.br\/index.php\/wp-json\/wp\/v2\/comments?post=56016"}],"version-history":[{"count":0,"href":"https:\/\/ismaelcolosi.com.br\/index.php\/wp-json\/wp\/v2\/posts\/56016\/revisions"}],"wp:featuredmedia":[{"embeddable":true,"href":"https:\/\/ismaelcolosi.com.br\/index.php\/wp-json\/wp\/v2\/media\/56017"}],"wp:attachment":[{"href":"https:\/\/ismaelcolosi.com.br\/index.php\/wp-json\/wp\/v2\/media?parent=56016"}],"wp:term":[{"taxonomy":"category","embeddable":true,"href":"https:\/\/ismaelcolosi.com.br\/index.php\/wp-json\/wp\/v2\/categories?post=56016"},{"taxonomy":"post_tag","embeddable":true,"href":"https:\/\/ismaelcolosi.com.br\/index.php\/wp-json\/wp\/v2\/tags?post=56016"}],"curies":[{"name":"wp","href":"https:\/\/api.w.org\/{rel}","templated":true}]}}