{"id":56006,"date":"2024-07-08T15:30:42","date_gmt":"2024-07-08T18:30:42","guid":{"rendered":"https:\/\/ismaelcolosi.com.br\/index.php\/2024\/07\/08\/predios-historicos-oito-locais-para-voce-visitar-no-centro-de-ribeirao-preto\/"},"modified":"2024-07-08T15:30:42","modified_gmt":"2024-07-08T18:30:42","slug":"predios-historicos-oito-locais-para-voce-visitar-no-centro-de-ribeirao-preto","status":"publish","type":"post","link":"https:\/\/ismaelcolosi.com.br\/index.php\/2024\/07\/08\/predios-historicos-oito-locais-para-voce-visitar-no-centro-de-ribeirao-preto\/","title":{"rendered":"Pr\u00e9dios hist\u00f3ricos: Oito locais para voc\u00ea visitar no Centro de Ribeir\u00e3o Preto"},"content":{"rendered":"<p> <br \/>\n<\/p>\n<div>\n<p>O <strong>Centro<\/strong> de <strong>Ribeir\u00e3o Preto<\/strong> conta com locais para momentos de <strong>lazer<\/strong> e <strong>cultura<\/strong>, oferecendo uma variedade de atra\u00e7\u00f5es que encantam tanto turistas quanto moradores. As op\u00e7\u00f5es v\u00e3o desde teatro, palacete e museus. <strong>Veja a lista:<\/strong><\/p>\n<h4 class=\"wp-block-heading\"><strong>Biblioteca Sinh\u00e1 Junqueira<\/strong><\/h4>\n<p>Ap\u00f3s a revitaliza\u00e7\u00e3o, a antiga <strong>Biblioteca Altino Arantes<\/strong> foi reinaugurada em <strong>2020<\/strong> como <strong>Biblioteca Sinh\u00e1 Junqueira<\/strong>. O espa\u00e7o conta com sala de obras raras, salas com computadores, audit\u00f3rio, espa\u00e7o para estudos, wi-fi gratuito e cafeteira. Al\u00e9m de brinquedos, jogos, shows, oficinas e rodas de conversa.<\/p>\n<p><strong>Endere\u00e7o:<\/strong> rua Duque de Caxias, 547 \u2013 Centro. O hor\u00e1rio de funcionamento \u00e9 de ter\u00e7a-feira a s\u00e1bado, das 9h \u00e0s 18h. Para conferir a programa\u00e7\u00e3o completa da biblioteca, basta <a href=\"https:\/\/www.bsj.org.br\/agenda\/\">clicar aqui<\/a>.<\/p>\n<figure class=\"wp-block-image size-large\"><img data-recalc-dims=\"1\" loading=\"lazy\" decoding=\"async\" width=\"1024\" height=\"768\" src=\"https:\/\/i0.wp.com\/www.acidadeon.com\/ribeiraopreto\/wp-content\/uploads\/sites\/3\/2023\/11\/20220203-130306-1-1024x768.jpg?resize=1024%2C768&#038;ssl=1\" alt=\"Biblioteca Sinh\u00e1 Junqueira - Foto: Divulga\u00e7\u00e3o\" class=\"wp-image-62226\" srcset=\"https:\/\/www.acidadeon.com\/ribeiraopreto\/wp-content\/uploads\/sites\/3\/2023\/11\/20220203-130306-1-1024x768.jpg 1024w, https:\/\/www.acidadeon.com\/ribeiraopreto\/wp-content\/uploads\/sites\/3\/2023\/11\/20220203-130306-1-300x225.jpg 300w, https:\/\/www.acidadeon.com\/ribeiraopreto\/wp-content\/uploads\/sites\/3\/2023\/11\/20220203-130306-1-768x576.jpg 768w, https:\/\/www.acidadeon.com\/ribeiraopreto\/wp-content\/uploads\/sites\/3\/2023\/11\/20220203-130306-1-1536x1152.jpg 1536w, https:\/\/www.acidadeon.com\/ribeiraopreto\/wp-content\/uploads\/sites\/3\/2023\/11\/20220203-130306-1-2048x1536.jpg 2048w, https:\/\/www.acidadeon.com\/ribeiraopreto\/wp-content\/uploads\/sites\/3\/2023\/11\/20220203-130306-1-696x522.jpg 696w, https:\/\/www.acidadeon.com\/ribeiraopreto\/wp-content\/uploads\/sites\/3\/2023\/11\/20220203-130306-1-1068x801.jpg 1068w, https:\/\/www.acidadeon.com\/ribeiraopreto\/wp-content\/uploads\/sites\/3\/2023\/11\/20220203-130306-1-1920x1440.jpg 1920w\" sizes=\"auto, (max-width: 1024px) 100vw, 1024px\"\/><figcaption class=\"wp-element-caption\">Biblioteca Sinh\u00e1 Junqueira de Ribeir\u00e3o Preto \u2013 Foto: Divulga\u00e7\u00e3o <\/figcaption><\/figure>\n<h4 class=\"wp-block-heading\"><strong>Centro Cultural Palace<\/strong><\/h4>\n<p>O <strong>Centro Cultural Palace<\/strong> comp\u00f5e o <strong>Quarteir\u00e3o Paulista de Ribeir\u00e3o Preto<\/strong>. O local oferece aulas gratuitas de artes pl\u00e1sticas, m\u00fasica, teatro, canto, dan\u00e7a, choro e circo. O edif\u00edcio tem tr\u00eas andares, sal\u00f5es para exposi\u00e7\u00f5es, anfiteatro, galeria, audit\u00f3rio e o Caf\u00e9 Pagliorini.<\/p>\n<p><strong>Endere\u00e7o:<\/strong> rua \u00c1lvares Cabral, 322\u00a0 \u2013 Centro. O local funciona de segunda a sexta-feira, das 8h \u00e0s 21h, e, aos s\u00e1bados, das 9h \u00e0s 12h. O Palace est\u00e1 aberto para visitas pr\u00e9-agendadas (<a href=\"https:\/\/www.ribeiraopreto.sp.gov.br\/portal\/centro-cultural-palace\/agendamento-de-visita-monitorada\">clique aqui para agendar<\/a>).<\/p>\n<figure class=\"wp-block-image size-full\"><img data-recalc-dims=\"1\" decoding=\"async\" src=\"https:\/\/i0.wp.com\/www.acidadeon.com\/ribeiraopreto\/wp-content\/uploads\/sites\/3\/2023\/08\/centro_cultural_1024x576_14022020200647.jpg?ssl=1\" alt=\"\" class=\"wp-image-33652\"\/><figcaption class=\"wp-element-caption\">Centro Cultural Palace, em Ribeir\u00e3o Preto (Foto: divulga\u00e7\u00e3o\/CCS Ribeir\u00e3o Preto)<\/figcaption><\/figure>\n<h4 class=\"wp-block-heading\"><strong>Theatro Pedro II<\/strong><\/h4>\n<p>O<strong> Theatro Pedro II <\/strong>tamb\u00e9m se encontra no <strong>Quarteir\u00e3o Paulista <\/strong>e se tornou o cart\u00e3o postal de Ribeir\u00e3o Preto. O teatro recebe apresenta\u00e7\u00f5es de shows de variados ritmos musicais, pe\u00e7as de teatro, <em>stand-up <\/em>e orquestra sinf\u00f4nica.<\/p>\n<p><strong>Endere\u00e7o:<\/strong> Rua \u00c1lvares Cabral, 370 \u2013 Centro. <a href=\"https:\/\/www.theatropedro2.com.br\/agenda.php\">Veja agenda de apresenta\u00e7\u00f5es completa aqui<\/a>.<\/p>\n<figure class=\"wp-block-image size-large\"><img data-recalc-dims=\"1\" decoding=\"async\" loading=\"lazy\" width=\"1024\" height=\"489\" src=\"https:\/\/i0.wp.com\/www.acidadeon.com\/ribeiraopreto\/wp-content\/uploads\/sites\/3\/2023\/10\/theatro-pedro-ii-guilherme-sircili-2-1-1-1024x489.png?resize=1024%2C489&#038;ssl=1\" alt=\"theatro pedro ii\" class=\"wp-image-57607\" srcset=\"https:\/\/www.acidadeon.com\/ribeiraopreto\/wp-content\/uploads\/sites\/3\/2023\/10\/theatro-pedro-ii-guilherme-sircili-2-1-1-1024x489.png 1024w, https:\/\/www.acidadeon.com\/ribeiraopreto\/wp-content\/uploads\/sites\/3\/2023\/10\/theatro-pedro-ii-guilherme-sircili-2-1-1-300x143.png 300w, https:\/\/www.acidadeon.com\/ribeiraopreto\/wp-content\/uploads\/sites\/3\/2023\/10\/theatro-pedro-ii-guilherme-sircili-2-1-1-768x367.png 768w, https:\/\/www.acidadeon.com\/ribeiraopreto\/wp-content\/uploads\/sites\/3\/2023\/10\/theatro-pedro-ii-guilherme-sircili-2-1-1-1536x733.png 1536w, https:\/\/www.acidadeon.com\/ribeiraopreto\/wp-content\/uploads\/sites\/3\/2023\/10\/theatro-pedro-ii-guilherme-sircili-2-1-1-696x332.png 696w, https:\/\/www.acidadeon.com\/ribeiraopreto\/wp-content\/uploads\/sites\/3\/2023\/10\/theatro-pedro-ii-guilherme-sircili-2-1-1-1068x510.png 1068w, https:\/\/www.acidadeon.com\/ribeiraopreto\/wp-content\/uploads\/sites\/3\/2023\/10\/theatro-pedro-ii-guilherme-sircili-2-1-1.png 1623w\" sizes=\"auto, (max-width: 1024px) 100vw, 1024px\"\/><figcaption class=\"wp-element-caption\">Theatro Pedro II, em Ribeir\u00e3o Preto. \u2013 Foto: Guilherme Sircili <\/figcaption><\/figure>\n<h4 class=\"wp-block-heading\"><strong>Choperia Pinguim<\/strong><\/h4>\n<p>\u00c9 um dos cart\u00f5es postais de Ribeir\u00e3o Preto e est\u00e1 situada no <strong>Quarteir\u00e3o Paulista<\/strong>. A <strong>Choperia Pinguim<\/strong> tem a fama de ser um dos melhores do pa\u00eds. Al\u00e9m da bebida, o local tamb\u00e9m conta com pratos com op\u00e7\u00e3o kids, salada, comida de boteco e mais.<\/p>\n<p><strong>Endere\u00e7o:<\/strong> Rua General Os\u00f3rio, 389 \u2013 Centro. A Choperia funciona diariamente, a partir das 11 horas. Para mais informa\u00e7\u00f5es,\u00a0<strong><a href=\"https:\/\/pinguimochopp.com.br\/\" target=\"_blank\" rel=\"noreferrer noopener\">clique aqui.<\/a><\/strong><\/p>\n<figure class=\"wp-block-image size-full\"><img data-recalc-dims=\"1\" decoding=\"async\" src=\"https:\/\/i0.wp.com\/www.acidadeon.com\/ribeiraopreto\/wp-content\/uploads\/sites\/3\/2023\/08\/eu_ano_1200x675_19102021131728.jpg?ssl=1\" alt=\"\" class=\"wp-image-39852\"\/><figcaption class=\"wp-element-caption\">Pinguim e o Theatro Pedro II (Foto: Marcelo Fontes)<\/figcaption><\/figure>\n<h4 class=\"wp-block-heading\"><strong>Palacete 1922<\/strong><\/h4>\n<p>Casar\u00e3o hist\u00f3rico de Ribeir\u00e3o Preto, o <strong>Palacete Jorge Lobato<\/strong> foi restaurado ap\u00f3s 24 anos fechado e se tornou o caf\u00e9 e restaurante <strong>Palacete 1922<\/strong>. O card\u00e1pio do local passa por entradas, saladas, pratos principais e sobremesas, al\u00e9m de ter <em>couvert <\/em>com p\u00e3o de ervas e manteiga feitos na casa.<\/p>\n<p><strong>Endere\u00e7o:<\/strong> Rua \u00c1lvares Cabral, 716 \u2013 Centro. O local abre para o almo\u00e7o, de ter\u00e7a a domingo, e jantar, sexta e s\u00e1bado e caf\u00e9 da manh\u00e3 aos finais de semana. Para mais informa\u00e7\u00f5es,\u00a0<strong><a href=\"https:\/\/www.instagram.com\/palacete1922oficial\/\" target=\"_blank\" rel=\"noreferrer noopener\">clique aqui<\/a>. <\/strong><\/p>\n<figure class=\"wp-block-image size-full\"><img data-recalc-dims=\"1\" decoding=\"async\" src=\"https:\/\/i0.wp.com\/www.acidadeon.com\/ribeiraopreto\/wp-content\/uploads\/sites\/3\/2023\/08\/palacete__1200x675_19102021130537.jpg?ssl=1\" alt=\"\" class=\"wp-image-39942\"\/><figcaption class=\"wp-element-caption\">Palacete 1922 \u00e9 op\u00e7\u00e3o para almo\u00e7ar e jantar (Foto: Marcelo Fontes)<\/figcaption><\/figure>\n<h4 class=\"wp-block-heading\"><strong>Marp<\/strong><\/h4>\n<p>O pr\u00e9dio que abriga o <strong>Marp (Museu de Arte de Ribeir\u00e3o Preto) <\/strong>j\u00e1 foi sede da <strong>Sociedade Recreativa<\/strong>, em 1908, e da <strong>C\u00e2mara de Vereadores de Ribeir\u00e3o Preto<\/strong>, at\u00e9 se tornar o Marp, em 1992.<\/p>\n<p><strong>Endere\u00e7o: <\/strong>Rua Bar\u00e3o do Amazonas, 323 \u2013 Centro. O hor\u00e1rio de funcionamento \u00e9 de ter\u00e7a-feira a sexta-feira, das 9h30 \u00e0s 12h e das 13h \u00e0s 17h30, e, aos s\u00e1bados, das 9h \u00e0s 15h. Confira a programa\u00e7\u00e3o e o hor\u00e1rio de visita\u00e7\u00e3o no\u00a0<strong><a href=\"https:\/\/www.ribeiraopreto.sp.gov.br\/portal\/marp\" target=\"_blank\" rel=\"noreferrer noopener\">site (clique aqui).<\/a><\/strong><\/p>\n<figure class=\"wp-block-image size-full\"><img data-recalc-dims=\"1\" decoding=\"async\" src=\"https:\/\/i0.wp.com\/www.acidadeon.com\/ribeiraopreto\/wp-content\/uploads\/sites\/3\/2023\/08\/marp_1200x675_12012022084626.jpg?ssl=1\" alt=\"\" class=\"wp-image-35521\"\/><figcaption class=\"wp-element-caption\">Marp, no Centro de Ribeir\u00e3o Preto (Foto: Prefeitura \/ CCS)<\/figcaption><\/figure>\n<h4 class=\"wp-block-heading\"><strong>Casa da Mem\u00f3ria Italiana<\/strong><\/h4>\n<p>O museu <strong>Casa da Mem\u00f3ria Italiana<\/strong> foi resid\u00eancia do casal de imigrantes italianos Pedro Biagi e Eugenia Viel Biagi e seus filhos entre 1923 e 1925. O local conta com um centro para pesquisa da documenta\u00e7\u00e3o reunida pelo museu.<\/p>\n<p><strong>Endere\u00e7o:<\/strong> Rua Tibir\u00e7\u00e1, 776 \u2013 Centro. A casa conta com agendamento para visita\u00e7\u00e3o, <a href=\"https:\/\/www.casadamemoriaitaliana.com.br\/\" target=\"_blank\" rel=\"noreferrer noopener nofollow\">clique aqui e saiba mais<\/a>.<\/p>\n<figure class=\"wp-block-image size-large\"><img data-recalc-dims=\"1\" decoding=\"async\" loading=\"lazy\" width=\"1024\" height=\"683\" src=\"https:\/\/i0.wp.com\/www.acidadeon.com\/ribeiraopreto\/wp-content\/uploads\/sites\/3\/2024\/07\/casa-da-memoria-italiana-1_2024-07-08_18-00-26_jpg_2024-07-08_18-00-26-1024x683.webp?resize=1024%2C683&#038;ssl=1\" alt=\"\" class=\"wp-image-87261\" srcset=\"https:\/\/www.acidadeon.com\/ribeiraopreto\/wp-content\/uploads\/sites\/3\/2024\/07\/casa-da-memoria-italiana-1_2024-07-08_18-00-26_jpg_2024-07-08_18-00-26-1024x683.webp 1024w, https:\/\/www.acidadeon.com\/ribeiraopreto\/wp-content\/uploads\/sites\/3\/2024\/07\/casa-da-memoria-italiana-1_2024-07-08_18-00-26_jpg_2024-07-08_18-00-26-300x200.webp 300w, https:\/\/www.acidadeon.com\/ribeiraopreto\/wp-content\/uploads\/sites\/3\/2024\/07\/casa-da-memoria-italiana-1_2024-07-08_18-00-26_jpg_2024-07-08_18-00-26-768x512.webp 768w, https:\/\/www.acidadeon.com\/ribeiraopreto\/wp-content\/uploads\/sites\/3\/2024\/07\/casa-da-memoria-italiana-1_2024-07-08_18-00-26_jpg_2024-07-08_18-00-26-696x464.webp 696w, https:\/\/www.acidadeon.com\/ribeiraopreto\/wp-content\/uploads\/sites\/3\/2024\/07\/casa-da-memoria-italiana-1_2024-07-08_18-00-26_jpg_2024-07-08_18-00-26-1068x712.webp 1068w, https:\/\/www.acidadeon.com\/ribeiraopreto\/wp-content\/uploads\/sites\/3\/2024\/07\/casa-da-memoria-italiana-1_2024-07-08_18-00-26_jpg_2024-07-08_18-00-26.webp 1200w\" sizes=\"auto, (max-width: 1024px) 100vw, 1024px\"\/><figcaption class=\"wp-element-caption\">Casa da Mem\u00f3ria Italiana de Ribeir\u00e3o Preto (Foto: divulga\u00e7\u00e3o)<\/figcaption><\/figure>\n<h4 class=\"wp-block-heading\"><strong>Catedral Metropolitana de S\u00e3o Sebasti\u00e3o<\/strong><\/h4>\n<p>A <strong>Catedral Metropolitana de S\u00e3o Sebasti\u00e3o <\/strong>foi constru\u00edda no inicio do s\u00e9culo XX, em estilo arquitet\u00f4nico neog\u00f3tico, muito utilizado no Brasil para as edifica\u00e7\u00f5es religiosas daquela fase. <\/p>\n<p>Foi o terceiro templo religioso em louvor a S\u00e3o Sebasti\u00e3o (padroeiro da cidade) em Ribeir\u00e3o Preto. Confira os hor\u00e1rios de missas e mais informa\u00e7\u00f5es <a href=\"https:\/\/catedralrp.com.br\/\" target=\"_blank\" rel=\"noreferrer noopener\">aqui<\/a>. <\/p>\n<figure class=\"wp-block-image size-large\"><img data-recalc-dims=\"1\" decoding=\"async\" loading=\"lazy\" width=\"1024\" height=\"576\" src=\"https:\/\/i0.wp.com\/www.acidadeon.com\/ribeiraopreto\/wp-content\/uploads\/sites\/3\/2023\/12\/20220618_024226476_catedral_sao_1200x675_17062022004910-1-1024x576.jpg?resize=1024%2C576&#038;ssl=1\" alt=\"Catedral Metropolitana de Ribeir\u00e3o Preto - Foto: arquivo acidadeon\" class=\"wp-image-63297\" srcset=\"https:\/\/www.acidadeon.com\/ribeiraopreto\/wp-content\/uploads\/sites\/3\/2023\/12\/20220618_024226476_catedral_sao_1200x675_17062022004910-1-1024x576.jpg 1024w, https:\/\/www.acidadeon.com\/ribeiraopreto\/wp-content\/uploads\/sites\/3\/2023\/12\/20220618_024226476_catedral_sao_1200x675_17062022004910-1-300x169.jpg 300w, https:\/\/www.acidadeon.com\/ribeiraopreto\/wp-content\/uploads\/sites\/3\/2023\/12\/20220618_024226476_catedral_sao_1200x675_17062022004910-1-768x432.jpg 768w, https:\/\/www.acidadeon.com\/ribeiraopreto\/wp-content\/uploads\/sites\/3\/2023\/12\/20220618_024226476_catedral_sao_1200x675_17062022004910-1-696x392.jpg 696w, https:\/\/www.acidadeon.com\/ribeiraopreto\/wp-content\/uploads\/sites\/3\/2023\/12\/20220618_024226476_catedral_sao_1200x675_17062022004910-1-1068x601.jpg 1068w, https:\/\/www.acidadeon.com\/ribeiraopreto\/wp-content\/uploads\/sites\/3\/2023\/12\/20220618_024226476_catedral_sao_1200x675_17062022004910-1.jpg 1200w\" sizes=\"auto, (max-width: 1024px) 100vw, 1024px\"\/><figcaption class=\"wp-element-caption\">A Catedral Metropolitana de Ribeir\u00e3o Preto \u2013 Foto: arquivo acidadeon<\/figcaption><\/figure>\n<p>SAIBA MAIS<br \/>Saiba como comprar ingressos para o cl\u00e1ssico Come-Fogo em Ribeir\u00e3o Preto<\/p>\n<h4 class=\"wp-block-heading\"><strong>FIQUE ON<\/strong><\/h4>\n<p>Fique ligado em tudo que acontece em Ribeir\u00e3o Preto e regi\u00e3o. Siga os perfis do <strong>acidade on <\/strong>no <a href=\"https:\/\/www.instagram.com\/acidadeonribeirao\" target=\"_blank\" rel=\"noreferrer noopener\">Instagram<\/a> e no <a href=\"https:\/\/www.facebook.com\/acidadeonribeirao\" target=\"_blank\" rel=\"noreferrer noopener\">Facebook<\/a>.<\/p>\n<p>Receba not\u00edcias do<strong> acidade on<\/strong> no WhatsApp. Para entrar no grupo, basta <a href=\"https:\/\/chat.whatsapp.com\/CdrZ6xrf7quD44Vw3WlPuZ\" target=\"_blank\" rel=\"noreferrer noopener\">clicar aqui<\/a>.<\/p>\n<p>Fa\u00e7a uma den\u00fancia ou sugira uma reportagem sobre Ribeir\u00e3o Preto e regi\u00e3o pelo WhatsApp: 16 99117 7802.<\/p>\n<p>VEJA TAMB\u00c9M<br \/>O que aconteceu com Poliana Abritta?<\/p>\n<p><!-- AI CONTENT END 1 -->\n<\/div>\n<p><script async src=\"\/\/www.instagram.com\/embed.js\"><\/script><br \/>\n<br \/><br \/>\n<br \/><a href=\"https:\/\/www.acidadeon.com\/ribeiraopreto\/lazer-e-cultura\/oito-locais-para-voce-visitar-centro-de-ribeirao-preto\/\">Source link <\/a><\/p>\n<div class='code-block code-block-4' style='margin: 8px auto 8px 0; text-align: left; display: block; clear: both;'>\n\ud83d\udce2 Aviso Legal\n\nO site ismaelcolosi.com.br atua apenas como um canal de divulga\u00e7\u00e3o de oportunidades de emprego e n\u00e3o se responsabiliza pelo processo seletivo, contrata\u00e7\u00e3o ou qualquer outra etapa relacionada \u00e0s vagas publicadas. Todas as informa\u00e7\u00f5es s\u00e3o de responsabilidade dos anunciantes.\n\n\u26a0\ufe0f Aten\u00e7\u00e3o! Nunca pague por promessas de emprego nem compre cursos que garantam contrata\u00e7\u00e3o. Desconfie de qualquer cobran\u00e7a para participar de sele\u00e7\u00f5es.\n\n\n\n<\/div>\n<!-- CONTENT END 1 -->\n","protected":false},"excerpt":{"rendered":"<p>O Centro de Ribeir\u00e3o Preto conta com locais para momentos de lazer e cultura, oferecendo uma variedade de atra\u00e7\u00f5es que encantam tanto turistas quanto moradores&#8230;.<\/p>\n","protected":false},"author":1,"featured_media":56007,"comment_status":"open","ping_status":"open","sticky":false,"template":"","format":"standard","meta":{"_uag_custom_page_level_css":"","advanced_seo_description":"","jetpack_seo_html_title":"","jetpack_seo_noindex":false,"jetpack_post_was_ever_published":false,"_jetpack_newsletter_access":"","_jetpack_dont_email_post_to_subs":false,"_jetpack_newsletter_tier_id":0,"_jetpack_memberships_contains_paywalled_content":false,"_jetpack_memberships_contains_paid_content":false,"footnotes":"","jetpack_publicize_message":"","jetpack_publicize_feature_enabled":true,"jetpack_social_post_already_shared":true,"jetpack_social_options":{"image_generator_settings":{"template":"highway","default_image_id":0,"font":"","enabled":false},"version":2}},"categories":[11],"tags":[],"class_list":["post-56006","post","type-post","status-publish","format-standard","has-post-thumbnail","hentry","category-noticias-de-ribeirao-preto-sp-e-regiao-ismael-colosi"],"jetpack_publicize_connections":[],"jetpack_featured_media_url":"https:\/\/i0.wp.com\/ismaelcolosi.com.br\/wp-content\/uploads\/2024\/07\/PORTICO-FERNANDO-GONZAGA_2024-07-05_14-45-59_jpeg_2024-07-05_14-45-59.webp.webp?fit=1200%2C800&ssl=1","uagb_featured_image_src":{"full":["https:\/\/i0.wp.com\/ismaelcolosi.com.br\/wp-content\/uploads\/2024\/07\/PORTICO-FERNANDO-GONZAGA_2024-07-05_14-45-59_jpeg_2024-07-05_14-45-59.webp.webp?fit=1200%2C800&ssl=1",1200,800,false],"thumbnail":["https:\/\/i0.wp.com\/ismaelcolosi.com.br\/wp-content\/uploads\/2024\/07\/PORTICO-FERNANDO-GONZAGA_2024-07-05_14-45-59_jpeg_2024-07-05_14-45-59.webp.webp?resize=150%2C150&ssl=1",150,150,true],"medium":["https:\/\/i0.wp.com\/ismaelcolosi.com.br\/wp-content\/uploads\/2024\/07\/PORTICO-FERNANDO-GONZAGA_2024-07-05_14-45-59_jpeg_2024-07-05_14-45-59.webp.webp?fit=300%2C200&ssl=1",300,200,true],"medium_large":["https:\/\/i0.wp.com\/ismaelcolosi.com.br\/wp-content\/uploads\/2024\/07\/PORTICO-FERNANDO-GONZAGA_2024-07-05_14-45-59_jpeg_2024-07-05_14-45-59.webp.webp?fit=768%2C512&ssl=1",768,512,true],"large":["https:\/\/i0.wp.com\/ismaelcolosi.com.br\/wp-content\/uploads\/2024\/07\/PORTICO-FERNANDO-GONZAGA_2024-07-05_14-45-59_jpeg_2024-07-05_14-45-59.webp.webp?fit=1024%2C683&ssl=1",1024,683,true],"1536x1536":["https:\/\/i0.wp.com\/ismaelcolosi.com.br\/wp-content\/uploads\/2024\/07\/PORTICO-FERNANDO-GONZAGA_2024-07-05_14-45-59_jpeg_2024-07-05_14-45-59.webp.webp?fit=1200%2C800&ssl=1",1200,800,true],"2048x2048":["https:\/\/i0.wp.com\/ismaelcolosi.com.br\/wp-content\/uploads\/2024\/07\/PORTICO-FERNANDO-GONZAGA_2024-07-05_14-45-59_jpeg_2024-07-05_14-45-59.webp.webp?fit=1200%2C800&ssl=1",1200,800,true],"really-simple-thumb":["https:\/\/i0.wp.com\/ismaelcolosi.com.br\/wp-content\/uploads\/2024\/07\/PORTICO-FERNANDO-GONZAGA_2024-07-05_14-45-59_jpeg_2024-07-05_14-45-59.webp.webp?resize=370%2C247&ssl=1",370,247,true]},"uagb_author_info":{"display_name":"ismaelcolosi.com.br","author_link":"https:\/\/ismaelcolosi.com.br\/index.php\/author\/vidareal-online\/"},"uagb_comment_info":0,"uagb_excerpt":"O Centro de Ribeir\u00e3o Preto conta com locais para momentos de lazer e cultura, oferecendo uma variedade de atra\u00e7\u00f5es que encantam tanto turistas quanto moradores....","jetpack-related-posts":[{"id":59365,"url":"https:\/\/ismaelcolosi.com.br\/index.php\/2024\/08\/08\/biblioteca-sinha-junqueira-conheca-a-historia-de-um-dos-pilares-culturais-de-ribeirao-preto\/","url_meta":{"origin":56006,"position":0},"title":"Biblioteca Sinh\u00e1 Junqueira: Conhe\u00e7a a hist\u00f3ria de um dos pilares culturais de Ribeir\u00e3o Preto","author":"ismaelcolosi.com.br","date":"8 de August de 2024","format":false,"excerpt":"A Biblioteca Sinh\u00e1 Junqueira (BSJ), um dos pilares culturais de Ribeir\u00e3o Preto, \u00e9 mais do que uma biblioteca, a institui\u00e7\u00e3o tamb\u00e9m promove eventos, exposi\u00e7\u00f5es e atividades culturais. Pensada pela Sinh\u00e1 Junqueira, que deixou sua vontade expressa, assim como os recursos, em seu testamento, a institui\u00e7\u00e3o foi fundada em 15 de\u2026","rel":"","context":"In &quot;Not\u00edcias de Ribeir\u00e3o Preto-SP e Regi\u00e3o&quot;","block_context":{"text":"Not\u00edcias de Ribeir\u00e3o Preto-SP e Regi\u00e3o","link":"https:\/\/ismaelcolosi.com.br\/index.php\/category\/noticias-de-ribeirao-preto-sp-e-regiao-ismael-colosi\/"},"img":{"alt_text":"","src":"https:\/\/i0.wp.com\/ismaelcolosi.com.br\/wp-content\/uploads\/2024\/08\/20220203-130306-1-1-scaled.jpg?fit=1200%2C900&ssl=1&resize=350%2C200","width":350,"height":200,"srcset":"https:\/\/i0.wp.com\/ismaelcolosi.com.br\/wp-content\/uploads\/2024\/08\/20220203-130306-1-1-scaled.jpg?fit=1200%2C900&ssl=1&resize=350%2C200 1x, https:\/\/i0.wp.com\/ismaelcolosi.com.br\/wp-content\/uploads\/2024\/08\/20220203-130306-1-1-scaled.jpg?fit=1200%2C900&ssl=1&resize=525%2C300 1.5x, https:\/\/i0.wp.com\/ismaelcolosi.com.br\/wp-content\/uploads\/2024\/08\/20220203-130306-1-1-scaled.jpg?fit=1200%2C900&ssl=1&resize=700%2C400 2x, https:\/\/i0.wp.com\/ismaelcolosi.com.br\/wp-content\/uploads\/2024\/08\/20220203-130306-1-1-scaled.jpg?fit=1200%2C900&ssl=1&resize=1050%2C600 3x"},"classes":[]},{"id":53846,"url":"https:\/\/ismaelcolosi.com.br\/index.php\/2024\/06\/19\/biblioteca-de-ribeirao-preto-realiza-festa-junina-gratuita-veja-quando\/","url_meta":{"origin":56006,"position":1},"title":"Biblioteca de Ribeir\u00e3o Preto realiza festa junina gratuita; Veja quando","author":"ismaelcolosi.com.br","date":"19 de June de 2024","format":false,"excerpt":"A Biblioteca Sinh\u00e1 Junqueira, no Centro de Ribeir\u00e3o Preto, realiza no pr\u00f3ximo s\u00e1bado (22), a primeira \u201cFesta Junina da BSJ\u201d, das 15h at\u00e9 \u00e0s 20h. A festa \u00e9 aberta ao p\u00fablico e tem entrada gratuita. O evento ter\u00e1 programa\u00e7\u00e3o cultural com m\u00fasicas t\u00edpicas e ao vivo, forr\u00f3 e maquiagem junina\u2026","rel":"","context":"In &quot;Not\u00edcias de Ribeir\u00e3o Preto-SP e Regi\u00e3o&quot;","block_context":{"text":"Not\u00edcias de Ribeir\u00e3o Preto-SP e Regi\u00e3o","link":"https:\/\/ismaelcolosi.com.br\/index.php\/category\/noticias-de-ribeirao-preto-sp-e-regiao-ismael-colosi\/"},"img":{"alt_text":"","src":"https:\/\/i0.wp.com\/ismaelcolosi.com.br\/wp-content\/uploads\/2024\/06\/img-20230615-wa0016.jpg?fit=1200%2C800&ssl=1&resize=350%2C200","width":350,"height":200,"srcset":"https:\/\/i0.wp.com\/ismaelcolosi.com.br\/wp-content\/uploads\/2024\/06\/img-20230615-wa0016.jpg?fit=1200%2C800&ssl=1&resize=350%2C200 1x, https:\/\/i0.wp.com\/ismaelcolosi.com.br\/wp-content\/uploads\/2024\/06\/img-20230615-wa0016.jpg?fit=1200%2C800&ssl=1&resize=525%2C300 1.5x, https:\/\/i0.wp.com\/ismaelcolosi.com.br\/wp-content\/uploads\/2024\/06\/img-20230615-wa0016.jpg?fit=1200%2C800&ssl=1&resize=700%2C400 2x, https:\/\/i0.wp.com\/ismaelcolosi.com.br\/wp-content\/uploads\/2024\/06\/img-20230615-wa0016.jpg?fit=1200%2C800&ssl=1&resize=1050%2C600 3x"},"classes":[]},{"id":70394,"url":"https:\/\/ismaelcolosi.com.br\/index.php\/2024\/10\/10\/ribeirao-preto-recebe-festival-de-musica-e-arte-veja-a-programacao\/","url_meta":{"origin":56006,"position":2},"title":"Ribeir\u00e3o Preto recebe festival de m\u00fasica e arte; Veja a programa\u00e7\u00e3o","author":"ismaelcolosi.com.br","date":"10 de October de 2024","format":false,"excerpt":"Ribeir\u00e3o Preto recebe pela terceira vez o FestMAO, um festival de m\u00fasica e arte, que acontece entre os dias 16 e 19 de outubro em diferentes espa\u00e7os culturais da cidade. O evento re\u00fane artistas e talentos emergentes, al\u00e9m de proporcionar debates e experi\u00eancias. A abertura acontece \u00e0s 19h no deck\u2026","rel":"","context":"In &quot;Not\u00edcias de Ribeir\u00e3o Preto-SP e Regi\u00e3o&quot;","block_context":{"text":"Not\u00edcias de Ribeir\u00e3o Preto-SP e Regi\u00e3o","link":"https:\/\/ismaelcolosi.com.br\/index.php\/category\/noticias-de-ribeirao-preto-sp-e-regiao-ismael-colosi\/"},"img":{"alt_text":"","src":"https:\/\/i0.wp.com\/ismaelcolosi.com.br\/wp-content\/uploads\/2024\/10\/1ec65f67-3a36-4d9f-8c68-2764147adf3d_2024-10-10_16-25-29_jpg_2024-10-10_16-25-30.webp.webp?fit=1200%2C600&ssl=1&resize=350%2C200","width":350,"height":200,"srcset":"https:\/\/i0.wp.com\/ismaelcolosi.com.br\/wp-content\/uploads\/2024\/10\/1ec65f67-3a36-4d9f-8c68-2764147adf3d_2024-10-10_16-25-29_jpg_2024-10-10_16-25-30.webp.webp?fit=1200%2C600&ssl=1&resize=350%2C200 1x, https:\/\/i0.wp.com\/ismaelcolosi.com.br\/wp-content\/uploads\/2024\/10\/1ec65f67-3a36-4d9f-8c68-2764147adf3d_2024-10-10_16-25-29_jpg_2024-10-10_16-25-30.webp.webp?fit=1200%2C600&ssl=1&resize=525%2C300 1.5x, https:\/\/i0.wp.com\/ismaelcolosi.com.br\/wp-content\/uploads\/2024\/10\/1ec65f67-3a36-4d9f-8c68-2764147adf3d_2024-10-10_16-25-29_jpg_2024-10-10_16-25-30.webp.webp?fit=1200%2C600&ssl=1&resize=700%2C400 2x, https:\/\/i0.wp.com\/ismaelcolosi.com.br\/wp-content\/uploads\/2024\/10\/1ec65f67-3a36-4d9f-8c68-2764147adf3d_2024-10-10_16-25-29_jpg_2024-10-10_16-25-30.webp.webp?fit=1200%2C600&ssl=1&resize=1050%2C600 3x"},"classes":[]},{"id":5710,"url":"https:\/\/ismaelcolosi.com.br\/index.php\/2023\/11\/24\/biblioteca-do-centro-de-ribeirao-preto-realiza-festival-potencias-pretas-2\/","url_meta":{"origin":56006,"position":3},"title":"Biblioteca do Centro de Ribeir\u00e3o Preto realiza Festival Pot\u00eancias Pretas\u00a0","author":"ismaelcolosi.com.br","date":"24 de November de 2023","format":false,"excerpt":"A Biblioteca Sinh\u00e1 Junqueira, localizada no Centro de Ribeir\u00e3o Preto, realiza a segunda edi\u00e7\u00e3o do Festival Pot\u00eancias Pretas, nesta sexta-feira (24) e no s\u00e1bado (25), com programa\u00e7\u00e3o que inclui artes, literatura, m\u00fasica e ancestralidade.\u00a0 O festival \u00e9 gratuito e aberto ao p\u00fablico. A biblioteca funciona de ter\u00e7a a s\u00e1bado, das\u2026","rel":"","context":"In &quot;Not\u00edcias de Ribeir\u00e3o Preto-SP e Regi\u00e3o&quot;","block_context":{"text":"Not\u00edcias de Ribeir\u00e3o Preto-SP e Regi\u00e3o","link":"https:\/\/ismaelcolosi.com.br\/index.php\/category\/noticias-de-ribeirao-preto-sp-e-regiao-ismael-colosi\/"},"img":{"alt_text":"","src":"https:\/\/i0.wp.com\/ismaelcolosi.com.br\/wp-content\/uploads\/2023\/11\/WhatsApp-Image-2023-10-01-at-12.14.33-1068x601-1.jpeg?fit=1068%2C601&ssl=1&resize=350%2C200","width":350,"height":200,"srcset":"https:\/\/i0.wp.com\/ismaelcolosi.com.br\/wp-content\/uploads\/2023\/11\/WhatsApp-Image-2023-10-01-at-12.14.33-1068x601-1.jpeg?fit=1068%2C601&ssl=1&resize=350%2C200 1x, https:\/\/i0.wp.com\/ismaelcolosi.com.br\/wp-content\/uploads\/2023\/11\/WhatsApp-Image-2023-10-01-at-12.14.33-1068x601-1.jpeg?fit=1068%2C601&ssl=1&resize=525%2C300 1.5x, https:\/\/i0.wp.com\/ismaelcolosi.com.br\/wp-content\/uploads\/2023\/11\/WhatsApp-Image-2023-10-01-at-12.14.33-1068x601-1.jpeg?fit=1068%2C601&ssl=1&resize=700%2C400 2x, https:\/\/i0.wp.com\/ismaelcolosi.com.br\/wp-content\/uploads\/2023\/11\/WhatsApp-Image-2023-10-01-at-12.14.33-1068x601-1.jpeg?fit=1068%2C601&ssl=1&resize=1050%2C600 3x"},"classes":[]},{"id":66854,"url":"https:\/\/ismaelcolosi.com.br\/index.php\/2024\/09\/19\/ribeirao-preto-recebe-pre-estreia-de-madre-documentario-sobre-freira-presa-na-ditadura\/","url_meta":{"origin":56006,"position":4},"title":"Ribeir\u00e3o Preto recebe pr\u00e9-estreia de &#8216;Madre&#8217;, document\u00e1rio sobre freira presa na ditadura","author":"ismaelcolosi.com.br","date":"19 de September de 2024","format":false,"excerpt":"A Biblioteca Sinh\u00e1 Junqueira, em Ribeir\u00e3o Preto, segue com a Mostra Liter\u00e1ria: escrita, cinema & gastronomia. A programa\u00e7\u00e3o inclui a pr\u00e9-estreia do document\u00e1rio \u201cMadre\u201c, que conta a hist\u00f3ria de Maurina Borges, uma freira que foi presa em Ribeir\u00e3o Preto, torturada e banida do Brasil durante a ditadura militar. No marco\u2026","rel":"","context":"In &quot;Not\u00edcias de Ribeir\u00e3o Preto-SP e Regi\u00e3o&quot;","block_context":{"text":"Not\u00edcias de Ribeir\u00e3o Preto-SP e Regi\u00e3o","link":"https:\/\/ismaelcolosi.com.br\/index.php\/category\/noticias-de-ribeirao-preto-sp-e-regiao-ismael-colosi\/"},"img":{"alt_text":"","src":"https:\/\/i0.wp.com\/ismaelcolosi.com.br\/wp-content\/uploads\/2024\/09\/madre-maurina-1_2024-09-19_19-06-20_jpg_2024-09-19_19-06-20.webp.webp?fit=1200%2C653&ssl=1&resize=350%2C200","width":350,"height":200,"srcset":"https:\/\/i0.wp.com\/ismaelcolosi.com.br\/wp-content\/uploads\/2024\/09\/madre-maurina-1_2024-09-19_19-06-20_jpg_2024-09-19_19-06-20.webp.webp?fit=1200%2C653&ssl=1&resize=350%2C200 1x, https:\/\/i0.wp.com\/ismaelcolosi.com.br\/wp-content\/uploads\/2024\/09\/madre-maurina-1_2024-09-19_19-06-20_jpg_2024-09-19_19-06-20.webp.webp?fit=1200%2C653&ssl=1&resize=525%2C300 1.5x, https:\/\/i0.wp.com\/ismaelcolosi.com.br\/wp-content\/uploads\/2024\/09\/madre-maurina-1_2024-09-19_19-06-20_jpg_2024-09-19_19-06-20.webp.webp?fit=1200%2C653&ssl=1&resize=700%2C400 2x, https:\/\/i0.wp.com\/ismaelcolosi.com.br\/wp-content\/uploads\/2024\/09\/madre-maurina-1_2024-09-19_19-06-20_jpg_2024-09-19_19-06-20.webp.webp?fit=1200%2C653&ssl=1&resize=1050%2C600 3x"},"classes":[]},{"id":73089,"url":"https:\/\/ismaelcolosi.com.br\/index.php\/2024\/10\/24\/biblioteca-de-ribeirao-preto-recebe-daniela-arbex-no-fim-de-semana\/","url_meta":{"origin":56006,"position":5},"title":"Biblioteca de Ribeir\u00e3o Preto recebe Daniela Arbex no fim de semana","author":"ismaelcolosi.com.br","date":"24 de October de 2024","format":false,"excerpt":"A Mostra Liter\u00e1ria: escrita, cinema e gastronomia, da Biblioteca Sinh\u00e1 Junqueira, em Ribeir\u00e3o Preto, recebe neste s\u00e1bado (26), \u00e0s 16h, a jornalista Daniela Arbex, para um bate-papo sobre seus livros e document\u00e1rios. A entrada \u00e9 gratuita. Daniela \u00e9 autora do livro que inspirou o document\u00e1rio Holocausto Brasileiro, que tamb\u00e9m ser\u00e1\u2026","rel":"","context":"In &quot;Not\u00edcias de Ribeir\u00e3o Preto-SP e Regi\u00e3o&quot;","block_context":{"text":"Not\u00edcias de Ribeir\u00e3o Preto-SP e Regi\u00e3o","link":"https:\/\/ismaelcolosi.com.br\/index.php\/category\/noticias-de-ribeirao-preto-sp-e-regiao-ismael-colosi\/"},"img":{"alt_text":"","src":"https:\/\/i0.wp.com\/ismaelcolosi.com.br\/wp-content\/uploads\/2024\/10\/Daniela-Arbex_2024-10-22_16-30-24.webp.webp?fit=1200%2C675&ssl=1&resize=350%2C200","width":350,"height":200,"srcset":"https:\/\/i0.wp.com\/ismaelcolosi.com.br\/wp-content\/uploads\/2024\/10\/Daniela-Arbex_2024-10-22_16-30-24.webp.webp?fit=1200%2C675&ssl=1&resize=350%2C200 1x, https:\/\/i0.wp.com\/ismaelcolosi.com.br\/wp-content\/uploads\/2024\/10\/Daniela-Arbex_2024-10-22_16-30-24.webp.webp?fit=1200%2C675&ssl=1&resize=525%2C300 1.5x, https:\/\/i0.wp.com\/ismaelcolosi.com.br\/wp-content\/uploads\/2024\/10\/Daniela-Arbex_2024-10-22_16-30-24.webp.webp?fit=1200%2C675&ssl=1&resize=700%2C400 2x, https:\/\/i0.wp.com\/ismaelcolosi.com.br\/wp-content\/uploads\/2024\/10\/Daniela-Arbex_2024-10-22_16-30-24.webp.webp?fit=1200%2C675&ssl=1&resize=1050%2C600 3x"},"classes":[]}],"jetpack_sharing_enabled":true,"jetpack_shortlink":"https:\/\/wp.me\/pfMlyK-ezk","_links":{"self":[{"href":"https:\/\/ismaelcolosi.com.br\/index.php\/wp-json\/wp\/v2\/posts\/56006","targetHints":{"allow":["GET"]}}],"collection":[{"href":"https:\/\/ismaelcolosi.com.br\/index.php\/wp-json\/wp\/v2\/posts"}],"about":[{"href":"https:\/\/ismaelcolosi.com.br\/index.php\/wp-json\/wp\/v2\/types\/post"}],"author":[{"embeddable":true,"href":"https:\/\/ismaelcolosi.com.br\/index.php\/wp-json\/wp\/v2\/users\/1"}],"replies":[{"embeddable":true,"href":"https:\/\/ismaelcolosi.com.br\/index.php\/wp-json\/wp\/v2\/comments?post=56006"}],"version-history":[{"count":0,"href":"https:\/\/ismaelcolosi.com.br\/index.php\/wp-json\/wp\/v2\/posts\/56006\/revisions"}],"wp:featuredmedia":[{"embeddable":true,"href":"https:\/\/ismaelcolosi.com.br\/index.php\/wp-json\/wp\/v2\/media\/56007"}],"wp:attachment":[{"href":"https:\/\/ismaelcolosi.com.br\/index.php\/wp-json\/wp\/v2\/media?parent=56006"}],"wp:term":[{"taxonomy":"category","embeddable":true,"href":"https:\/\/ismaelcolosi.com.br\/index.php\/wp-json\/wp\/v2\/categories?post=56006"},{"taxonomy":"post_tag","embeddable":true,"href":"https:\/\/ismaelcolosi.com.br\/index.php\/wp-json\/wp\/v2\/tags?post=56006"}],"curies":[{"name":"wp","href":"https:\/\/api.w.org\/{rel}","templated":true}]}}